{"id":6960042,"date":"2023-03-15T21:17:56","date_gmt":"2023-03-15T20:17:56","guid":{"rendered":"https:\/\/kapitalis.com\/tunisie\/?p=6960042"},"modified":"2023-03-15T21:24:00","modified_gmt":"2023-03-15T20:24:00","slug":"le-fsn-appelle-a-participer-a-son-rassemblement-pour-reclamer-la-liberation-des-prisonniers-politiques","status":"publish","type":"post","link":"https:\/\/kapitalis.com\/tunisie\/2023\/03\/15\/le-fsn-appelle-a-participer-a-son-rassemblement-pour-reclamer-la-liberation-des-prisonniers-politiques\/","title":{"rendered":"Le FSN appelle \u00e0 participer \u00e0 son rassemblement \u00abpour r\u00e9clamer la lib\u00e9ration des prisonniers politiques\u00bb"},"content":{"rendered":"\n<p><em><strong>Le Front du Salut national (FSN) organise un rassemblement vendredi 17 mars 2023 \u00e0 16h, \u00e0 l&rsquo;Av. Bourguiba devant le th\u00e9\u00e2tre municipal de Tunis afin de \u00abr\u00e9clamer la lib\u00e9ration des prisonniers politiques\u00bb.<\/strong><\/em><\/p>\n\n\n\n<!--more-->\n\n\n\n<p>Le FSN rappelle que ce rassemblement hebdomadaire vise aussi \u00e0 exprimer sa solidarit\u00e9 avec les d\u00e9tenus politiques et \u00e0 leurs familles et \u00e0 appeler, \u00e9galement, \u00e0 mettre fin aux proc\u00e8s politiques en Tunisie.<\/p>\n\n\n\n<p>\u00ab<em>Nous appelons toutes les personnes libres en Tunisie \u00e0 participer \u00e0 cette manifestation hebdomadaire de solidarit\u00e9\u00bb, <\/em>ajoute encore le FSN.<\/p>\n\n\n\n<p class=\"has-text-align-right\"><strong>Y. N.<\/strong><\/p>\n","protected":false},"excerpt":{"rendered":"<p>Le FSN appelle \u00e0 participer \u00e0 son rassemblement \u00abpour r\u00e9clamer la lib\u00e9ration des prisonniers politiques\u00bb<\/p>\n","protected":false},"author":6,"featured_media":6960273,"comment_status":"open","ping_status":"open","sticky":false,"template":"","format":"standard","meta":{"footnotes":""},"categories":[997,2433],"tags":[102922,1053,107253,107373,1139,62643],"class_list":["post-6960042","post","type-post","status-publish","format-standard","has-post-thumbnail","hentry","category-politique","category-tunisie","tag-fsn","tag-liberation","tag-prisonniers-politiques","tag-proces-politiques","tag-solidarite","tag-tunisie"],"yoast_head":"<!-- This site is optimized with the Yoast SEO plugin v26.6 - https:\/\/yoast.com\/wordpress\/plugins\/seo\/ -->\n<title>Le FSN appelle \u00e0 participer \u00e0 son rassemblement \u00abpour r\u00e9clamer la lib\u00e9ration des prisonniers politiques\u00bb - Kapitalis<\/title>\n<meta name=\"description\" content=\"Le Front du Salut national (FSN) organise un rassemblement vendredi 17 mars 2023 \u00e0 16h, \u00e0 l&#039;Av. Bourguiba devant le th\u00e9\u00e2tre municipal de Tunis afin de \u00abr\u00e9clamer la lib\u00e9ration des prisonniers politiques\u00bb.\" \/>\n<meta name=\"robots\" content=\"index, follow, max-snippet:-1, max-image-preview:large, max-video-preview:-1\" \/>\n<link rel=\"canonical\" href=\"https:\/\/kapitalis.com\/tunisie\/2023\/03\/15\/le-fsn-appelle-a-participer-a-son-rassemblement-pour-reclamer-la-liberation-des-prisonniers-politiques\/\" \/>\n<meta property=\"og:locale\" content=\"fr_FR\" \/>\n<meta property=\"og:type\" content=\"article\" \/>\n<meta property=\"og:title\" content=\"Le FSN appelle \u00e0 participer \u00e0 son rassemblement \u00abpour r\u00e9clamer la lib\u00e9ration des prisonniers politiques\u00bb - Kapitalis\" \/>\n<meta property=\"og:description\" content=\"Le Front du Salut national (FSN) organise un rassemblement vendredi 17 mars 2023 \u00e0 16h, \u00e0 l&#039;Av. Bourguiba devant le th\u00e9\u00e2tre municipal de Tunis afin de \u00abr\u00e9clamer la lib\u00e9ration des prisonniers politiques\u00bb.\" \/>\n<meta property=\"og:url\" content=\"https:\/\/kapitalis.com\/tunisie\/2023\/03\/15\/le-fsn-appelle-a-participer-a-son-rassemblement-pour-reclamer-la-liberation-des-prisonniers-politiques\/\" \/>\n<meta property=\"og:site_name\" content=\"Kapitalis\" \/>\n<meta property=\"article:publisher\" content=\"https:\/\/www.facebook.com\/KapitalisInfo\/\" \/>\n<meta property=\"article:published_time\" content=\"2023-03-15T20:17:56+00:00\" \/>\n<meta property=\"article:modified_time\" content=\"2023-03-15T20:24:00+00:00\" \/>\n<meta property=\"og:image\" content=\"https:\/\/kapitalis.com\/tunisie\/wp-content\/uploads\/2023\/03\/FSN-rassemblement-Tunis.jpg\" \/>\n\t<meta property=\"og:image:width\" content=\"1200\" \/>\n\t<meta property=\"og:image:height\" content=\"630\" \/>\n\t<meta property=\"og:image:type\" content=\"image\/jpeg\" \/>\n<meta name=\"author\" content=\"Yusra NY\" \/>\n<meta name=\"twitter:card\" content=\"summary_large_image\" \/>\n<meta name=\"twitter:creator\" content=\"@KapitalisInfo\" \/>\n<meta name=\"twitter:site\" content=\"@KapitalisInfo\" \/>\n<meta name=\"twitter:label1\" content=\"\u00c9crit par\" \/>\n\t<meta name=\"twitter:data1\" content=\"Yusra NY\" \/>\n\t<meta name=\"twitter:label2\" content=\"Dur\u00e9e de lecture estim\u00e9e\" \/>\n\t<meta name=\"twitter:data2\" content=\"1 minute\" \/>\n<script type=\"application\/ld+json\" class=\"yoast-schema-graph\">{\"@context\":\"https:\/\/schema.org\",\"@graph\":[{\"@type\":\"Article\",\"@id\":\"https:\/\/kapitalis.com\/tunisie\/2023\/03\/15\/le-fsn-appelle-a-participer-a-son-rassemblement-pour-reclamer-la-liberation-des-prisonniers-politiques\/#article\",\"isPartOf\":{\"@id\":\"https:\/\/kapitalis.com\/tunisie\/2023\/03\/15\/le-fsn-appelle-a-participer-a-son-rassemblement-pour-reclamer-la-liberation-des-prisonniers-politiques\/\"},\"author\":{\"name\":\"Yusra NY\",\"@id\":\"https:\/\/kapitalis.com\/tunisie\/#\/schema\/person\/74bbde0154d49d790a92aaeac5bc01d5\"},\"headline\":\"Le FSN appelle \u00e0 participer \u00e0 son rassemblement \u00abpour r\u00e9clamer la lib\u00e9ration des prisonniers politiques\u00bb\",\"datePublished\":\"2023-03-15T20:17:56+00:00\",\"dateModified\":\"2023-03-15T20:24:00+00:00\",\"mainEntityOfPage\":{\"@id\":\"https:\/\/kapitalis.com\/tunisie\/2023\/03\/15\/le-fsn-appelle-a-participer-a-son-rassemblement-pour-reclamer-la-liberation-des-prisonniers-politiques\/\"},\"wordCount\":97,\"commentCount\":2,\"publisher\":{\"@id\":\"https:\/\/kapitalis.com\/tunisie\/#organization\"},\"image\":{\"@id\":\"https:\/\/kapitalis.com\/tunisie\/2023\/03\/15\/le-fsn-appelle-a-participer-a-son-rassemblement-pour-reclamer-la-liberation-des-prisonniers-politiques\/#primaryimage\"},\"thumbnailUrl\":\"https:\/\/kapitalis.com\/tunisie\/wp-content\/uploads\/2023\/03\/FSN-rassemblement-Tunis.jpg\",\"keywords\":[\"FSN\",\"lib\u00e9ration\",\"prisonniers politiques\",\"proc\u00e8s politiques\",\"solidarit\u00e9\",\"Tunisie\"],\"articleSection\":[\"POLITIQUE\",\"Tunisie\"],\"inLanguage\":\"fr-FR\",\"potentialAction\":[{\"@type\":\"CommentAction\",\"name\":\"Comment\",\"target\":[\"https:\/\/kapitalis.com\/tunisie\/2023\/03\/15\/le-fsn-appelle-a-participer-a-son-rassemblement-pour-reclamer-la-liberation-des-prisonniers-politiques\/#respond\"]}]},{\"@type\":\"WebPage\",\"@id\":\"https:\/\/kapitalis.com\/tunisie\/2023\/03\/15\/le-fsn-appelle-a-participer-a-son-rassemblement-pour-reclamer-la-liberation-des-prisonniers-politiques\/\",\"url\":\"https:\/\/kapitalis.com\/tunisie\/2023\/03\/15\/le-fsn-appelle-a-participer-a-son-rassemblement-pour-reclamer-la-liberation-des-prisonniers-politiques\/\",\"name\":\"Le FSN appelle \u00e0 participer \u00e0 son rassemblement \u00abpour r\u00e9clamer la lib\u00e9ration des prisonniers politiques\u00bb - Kapitalis\",\"isPartOf\":{\"@id\":\"https:\/\/kapitalis.com\/tunisie\/#website\"},\"primaryImageOfPage\":{\"@id\":\"https:\/\/kapitalis.com\/tunisie\/2023\/03\/15\/le-fsn-appelle-a-participer-a-son-rassemblement-pour-reclamer-la-liberation-des-prisonniers-politiques\/#primaryimage\"},\"image\":{\"@id\":\"https:\/\/kapitalis.com\/tunisie\/2023\/03\/15\/le-fsn-appelle-a-participer-a-son-rassemblement-pour-reclamer-la-liberation-des-prisonniers-politiques\/#primaryimage\"},\"thumbnailUrl\":\"https:\/\/kapitalis.com\/tunisie\/wp-content\/uploads\/2023\/03\/FSN-rassemblement-Tunis.jpg\",\"datePublished\":\"2023-03-15T20:17:56+00:00\",\"dateModified\":\"2023-03-15T20:24:00+00:00\",\"description\":\"Le Front du Salut national (FSN) organise un rassemblement vendredi 17 mars 2023 \u00e0 16h, \u00e0 l'Av. Bourguiba devant le th\u00e9\u00e2tre municipal de Tunis afin de \u00abr\u00e9clamer la lib\u00e9ration des prisonniers politiques\u00bb.\",\"breadcrumb\":{\"@id\":\"https:\/\/kapitalis.com\/tunisie\/2023\/03\/15\/le-fsn-appelle-a-participer-a-son-rassemblement-pour-reclamer-la-liberation-des-prisonniers-politiques\/#breadcrumb\"},\"inLanguage\":\"fr-FR\",\"potentialAction\":[{\"@type\":\"ReadAction\",\"target\":[\"https:\/\/kapitalis.com\/tunisie\/2023\/03\/15\/le-fsn-appelle-a-participer-a-son-rassemblement-pour-reclamer-la-liberation-des-prisonniers-politiques\/\"]}]},{\"@type\":\"ImageObject\",\"inLanguage\":\"fr-FR\",\"@id\":\"https:\/\/kapitalis.com\/tunisie\/2023\/03\/15\/le-fsn-appelle-a-participer-a-son-rassemblement-pour-reclamer-la-liberation-des-prisonniers-politiques\/#primaryimage\",\"url\":\"https:\/\/kapitalis.com\/tunisie\/wp-content\/uploads\/2023\/03\/FSN-rassemblement-Tunis.jpg\",\"contentUrl\":\"https:\/\/kapitalis.com\/tunisie\/wp-content\/uploads\/2023\/03\/FSN-rassemblement-Tunis.jpg\",\"width\":1200,\"height\":630},{\"@type\":\"BreadcrumbList\",\"@id\":\"https:\/\/kapitalis.com\/tunisie\/2023\/03\/15\/le-fsn-appelle-a-participer-a-son-rassemblement-pour-reclamer-la-liberation-des-prisonniers-politiques\/#breadcrumb\",\"itemListElement\":[{\"@type\":\"ListItem\",\"position\":1,\"name\":\"Accueil\",\"item\":\"https:\/\/kapitalis.com\/tunisie\/\"},{\"@type\":\"ListItem\",\"position\":2,\"name\":\"Le FSN appelle \u00e0 participer \u00e0 son rassemblement \u00abpour r\u00e9clamer la lib\u00e9ration des prisonniers politiques\u00bb\"}]},{\"@type\":\"WebSite\",\"@id\":\"https:\/\/kapitalis.com\/tunisie\/#website\",\"url\":\"https:\/\/kapitalis.com\/tunisie\/\",\"name\":\"Kapitalis\",\"description\":\"L&#039;actualit\u00e9 en Tunisie et dans le monde\",\"publisher\":{\"@id\":\"https:\/\/kapitalis.com\/tunisie\/#organization\"},\"potentialAction\":[{\"@type\":\"SearchAction\",\"target\":{\"@type\":\"EntryPoint\",\"urlTemplate\":\"https:\/\/kapitalis.com\/tunisie\/?s={search_term_string}\"},\"query-input\":{\"@type\":\"PropertyValueSpecification\",\"valueRequired\":true,\"valueName\":\"search_term_string\"}}],\"inLanguage\":\"fr-FR\"},{\"@type\":\"Organization\",\"@id\":\"https:\/\/kapitalis.com\/tunisie\/#organization\",\"name\":\"Kapitalis\",\"url\":\"https:\/\/kapitalis.com\/tunisie\/\",\"logo\":{\"@type\":\"ImageObject\",\"inLanguage\":\"fr-FR\",\"@id\":\"https:\/\/kapitalis.com\/tunisie\/#\/schema\/logo\/image\/\",\"url\":\"https:\/\/kapitalis.com\/tunisie\/wp-content\/uploads\/2022\/05\/Kapitalis-big-size.png\",\"contentUrl\":\"https:\/\/kapitalis.com\/tunisie\/wp-content\/uploads\/2022\/05\/Kapitalis-big-size.png\",\"width\":5000,\"height\":1500,\"caption\":\"Kapitalis\"},\"image\":{\"@id\":\"https:\/\/kapitalis.com\/tunisie\/#\/schema\/logo\/image\/\"},\"sameAs\":[\"https:\/\/www.facebook.com\/KapitalisInfo\/\",\"https:\/\/x.com\/KapitalisInfo\",\"https:\/\/www.youtube.com\/channel\/UC-yDYrHyfFBWWZaOw3FPg9Q\"]},{\"@type\":\"Person\",\"@id\":\"https:\/\/kapitalis.com\/tunisie\/#\/schema\/person\/74bbde0154d49d790a92aaeac5bc01d5\",\"name\":\"Yusra NY\",\"url\":\"https:\/\/kapitalis.com\/tunisie\/author\/yuza_adam\/\"}]}<\/script>\n<!-- \/ Yoast SEO plugin. -->","yoast_head_json":{"title":"Le FSN appelle \u00e0 participer \u00e0 son rassemblement \u00abpour r\u00e9clamer la lib\u00e9ration des prisonniers politiques\u00bb - Kapitalis","description":"Le Front du Salut national (FSN) organise un rassemblement vendredi 17 mars 2023 \u00e0 16h, \u00e0 l'Av. Bourguiba devant le th\u00e9\u00e2tre municipal de Tunis afin de \u00abr\u00e9clamer la lib\u00e9ration des prisonniers politiques\u00bb.","robots":{"index":"index","follow":"follow","max-snippet":"max-snippet:-1","max-image-preview":"max-image-preview:large","max-video-preview":"max-video-preview:-1"},"canonical":"https:\/\/kapitalis.com\/tunisie\/2023\/03\/15\/le-fsn-appelle-a-participer-a-son-rassemblement-pour-reclamer-la-liberation-des-prisonniers-politiques\/","og_locale":"fr_FR","og_type":"article","og_title":"Le FSN appelle \u00e0 participer \u00e0 son rassemblement \u00abpour r\u00e9clamer la lib\u00e9ration des prisonniers politiques\u00bb - Kapitalis","og_description":"Le Front du Salut national (FSN) organise un rassemblement vendredi 17 mars 2023 \u00e0 16h, \u00e0 l'Av. Bourguiba devant le th\u00e9\u00e2tre municipal de Tunis afin de \u00abr\u00e9clamer la lib\u00e9ration des prisonniers politiques\u00bb.","og_url":"https:\/\/kapitalis.com\/tunisie\/2023\/03\/15\/le-fsn-appelle-a-participer-a-son-rassemblement-pour-reclamer-la-liberation-des-prisonniers-politiques\/","og_site_name":"Kapitalis","article_publisher":"https:\/\/www.facebook.com\/KapitalisInfo\/","article_published_time":"2023-03-15T20:17:56+00:00","article_modified_time":"2023-03-15T20:24:00+00:00","og_image":[{"width":1200,"height":630,"url":"https:\/\/kapitalis.com\/tunisie\/wp-content\/uploads\/2023\/03\/FSN-rassemblement-Tunis.jpg","type":"image\/jpeg"}],"author":"Yusra NY","twitter_card":"summary_large_image","twitter_creator":"@KapitalisInfo","twitter_site":"@KapitalisInfo","twitter_misc":{"\u00c9crit par":"Yusra NY","Dur\u00e9e de lecture estim\u00e9e":"1 minute"},"schema":{"@context":"https:\/\/schema.org","@graph":[{"@type":"Article","@id":"https:\/\/kapitalis.com\/tunisie\/2023\/03\/15\/le-fsn-appelle-a-participer-a-son-rassemblement-pour-reclamer-la-liberation-des-prisonniers-politiques\/#article","isPartOf":{"@id":"https:\/\/kapitalis.com\/tunisie\/2023\/03\/15\/le-fsn-appelle-a-participer-a-son-rassemblement-pour-reclamer-la-liberation-des-prisonniers-politiques\/"},"author":{"name":"Yusra NY","@id":"https:\/\/kapitalis.com\/tunisie\/#\/schema\/person\/74bbde0154d49d790a92aaeac5bc01d5"},"headline":"Le FSN appelle \u00e0 participer \u00e0 son rassemblement \u00abpour r\u00e9clamer la lib\u00e9ration des prisonniers politiques\u00bb","datePublished":"2023-03-15T20:17:56+00:00","dateModified":"2023-03-15T20:24:00+00:00","mainEntityOfPage":{"@id":"https:\/\/kapitalis.com\/tunisie\/2023\/03\/15\/le-fsn-appelle-a-participer-a-son-rassemblement-pour-reclamer-la-liberation-des-prisonniers-politiques\/"},"wordCount":97,"commentCount":2,"publisher":{"@id":"https:\/\/kapitalis.com\/tunisie\/#organization"},"image":{"@id":"https:\/\/kapitalis.com\/tunisie\/2023\/03\/15\/le-fsn-appelle-a-participer-a-son-rassemblement-pour-reclamer-la-liberation-des-prisonniers-politiques\/#primaryimage"},"thumbnailUrl":"https:\/\/kapitalis.com\/tunisie\/wp-content\/uploads\/2023\/03\/FSN-rassemblement-Tunis.jpg","keywords":["FSN","lib\u00e9ration","prisonniers politiques","proc\u00e8s politiques","solidarit\u00e9","Tunisie"],"articleSection":["POLITIQUE","Tunisie"],"inLanguage":"fr-FR","potentialAction":[{"@type":"CommentAction","name":"Comment","target":["https:\/\/kapitalis.com\/tunisie\/2023\/03\/15\/le-fsn-appelle-a-participer-a-son-rassemblement-pour-reclamer-la-liberation-des-prisonniers-politiques\/#respond"]}]},{"@type":"WebPage","@id":"https:\/\/kapitalis.com\/tunisie\/2023\/03\/15\/le-fsn-appelle-a-participer-a-son-rassemblement-pour-reclamer-la-liberation-des-prisonniers-politiques\/","url":"https:\/\/kapitalis.com\/tunisie\/2023\/03\/15\/le-fsn-appelle-a-participer-a-son-rassemblement-pour-reclamer-la-liberation-des-prisonniers-politiques\/","name":"Le FSN appelle \u00e0 participer \u00e0 son rassemblement \u00abpour r\u00e9clamer la lib\u00e9ration des prisonniers politiques\u00bb - Kapitalis","isPartOf":{"@id":"https:\/\/kapitalis.com\/tunisie\/#website"},"primaryImageOfPage":{"@id":"https:\/\/kapitalis.com\/tunisie\/2023\/03\/15\/le-fsn-appelle-a-participer-a-son-rassemblement-pour-reclamer-la-liberation-des-prisonniers-politiques\/#primaryimage"},"image":{"@id":"https:\/\/kapitalis.com\/tunisie\/2023\/03\/15\/le-fsn-appelle-a-participer-a-son-rassemblement-pour-reclamer-la-liberation-des-prisonniers-politiques\/#primaryimage"},"thumbnailUrl":"https:\/\/kapitalis.com\/tunisie\/wp-content\/uploads\/2023\/03\/FSN-rassemblement-Tunis.jpg","datePublished":"2023-03-15T20:17:56+00:00","dateModified":"2023-03-15T20:24:00+00:00","description":"Le Front du Salut national (FSN) organise un rassemblement vendredi 17 mars 2023 \u00e0 16h, \u00e0 l'Av. Bourguiba devant le th\u00e9\u00e2tre municipal de Tunis afin de \u00abr\u00e9clamer la lib\u00e9ration des prisonniers politiques\u00bb.","breadcrumb":{"@id":"https:\/\/kapitalis.com\/tunisie\/2023\/03\/15\/le-fsn-appelle-a-participer-a-son-rassemblement-pour-reclamer-la-liberation-des-prisonniers-politiques\/#breadcrumb"},"inLanguage":"fr-FR","potentialAction":[{"@type":"ReadAction","target":["https:\/\/kapitalis.com\/tunisie\/2023\/03\/15\/le-fsn-appelle-a-participer-a-son-rassemblement-pour-reclamer-la-liberation-des-prisonniers-politiques\/"]}]},{"@type":"ImageObject","inLanguage":"fr-FR","@id":"https:\/\/kapitalis.com\/tunisie\/2023\/03\/15\/le-fsn-appelle-a-participer-a-son-rassemblement-pour-reclamer-la-liberation-des-prisonniers-politiques\/#primaryimage","url":"https:\/\/kapitalis.com\/tunisie\/wp-content\/uploads\/2023\/03\/FSN-rassemblement-Tunis.jpg","contentUrl":"https:\/\/kapitalis.com\/tunisie\/wp-content\/uploads\/2023\/03\/FSN-rassemblement-Tunis.jpg","width":1200,"height":630},{"@type":"BreadcrumbList","@id":"https:\/\/kapitalis.com\/tunisie\/2023\/03\/15\/le-fsn-appelle-a-participer-a-son-rassemblement-pour-reclamer-la-liberation-des-prisonniers-politiques\/#breadcrumb","itemListElement":[{"@type":"ListItem","position":1,"name":"Accueil","item":"https:\/\/kapitalis.com\/tunisie\/"},{"@type":"ListItem","position":2,"name":"Le FSN appelle \u00e0 participer \u00e0 son rassemblement \u00abpour r\u00e9clamer la lib\u00e9ration des prisonniers politiques\u00bb"}]},{"@type":"WebSite","@id":"https:\/\/kapitalis.com\/tunisie\/#website","url":"https:\/\/kapitalis.com\/tunisie\/","name":"Kapitalis","description":"L&#039;actualit\u00e9 en Tunisie et dans le monde","publisher":{"@id":"https:\/\/kapitalis.com\/tunisie\/#organization"},"potentialAction":[{"@type":"SearchAction","target":{"@type":"EntryPoint","urlTemplate":"https:\/\/kapitalis.com\/tunisie\/?s={search_term_string}"},"query-input":{"@type":"PropertyValueSpecification","valueRequired":true,"valueName":"search_term_string"}}],"inLanguage":"fr-FR"},{"@type":"Organization","@id":"https:\/\/kapitalis.com\/tunisie\/#organization","name":"Kapitalis","url":"https:\/\/kapitalis.com\/tunisie\/","logo":{"@type":"ImageObject","inLanguage":"fr-FR","@id":"https:\/\/kapitalis.com\/tunisie\/#\/schema\/logo\/image\/","url":"https:\/\/kapitalis.com\/tunisie\/wp-content\/uploads\/2022\/05\/Kapitalis-big-size.png","contentUrl":"https:\/\/kapitalis.com\/tunisie\/wp-content\/uploads\/2022\/05\/Kapitalis-big-size.png","width":5000,"height":1500,"caption":"Kapitalis"},"image":{"@id":"https:\/\/kapitalis.com\/tunisie\/#\/schema\/logo\/image\/"},"sameAs":["https:\/\/www.facebook.com\/KapitalisInfo\/","https:\/\/x.com\/KapitalisInfo","https:\/\/www.youtube.com\/channel\/UC-yDYrHyfFBWWZaOw3FPg9Q"]},{"@type":"Person","@id":"https:\/\/kapitalis.com\/tunisie\/#\/schema\/person\/74bbde0154d49d790a92aaeac5bc01d5","name":"Yusra NY","url":"https:\/\/kapitalis.com\/tunisie\/author\/yuza_adam\/"}]}},"_links":{"self":[{"href":"https:\/\/kapitalis.com\/tunisie\/wp-json\/wp\/v2\/posts\/6960042","targetHints":{"allow":["GET"]}}],"collection":[{"href":"https:\/\/kapitalis.com\/tunisie\/wp-json\/wp\/v2\/posts"}],"about":[{"href":"https:\/\/kapitalis.com\/tunisie\/wp-json\/wp\/v2\/types\/post"}],"author":[{"embeddable":true,"href":"https:\/\/kapitalis.com\/tunisie\/wp-json\/wp\/v2\/users\/6"}],"replies":[{"embeddable":true,"href":"https:\/\/kapitalis.com\/tunisie\/wp-json\/wp\/v2\/comments?post=6960042"}],"version-history":[{"count":1,"href":"https:\/\/kapitalis.com\/tunisie\/wp-json\/wp\/v2\/posts\/6960042\/revisions"}],"predecessor-version":[{"id":6960143,"href":"https:\/\/kapitalis.com\/tunisie\/wp-json\/wp\/v2\/posts\/6960042\/revisions\/6960143"}],"wp:featuredmedia":[{"embeddable":true,"href":"https:\/\/kapitalis.com\/tunisie\/wp-json\/wp\/v2\/media\/6960273"}],"wp:attachment":[{"href":"https:\/\/kapitalis.com\/tunisie\/wp-json\/wp\/v2\/media?parent=6960042"}],"wp:term":[{"taxonomy":"category","embeddable":true,"href":"https:\/\/kapitalis.com\/tunisie\/wp-json\/wp\/v2\/categories?post=6960042"},{"taxonomy":"post_tag","embeddable":true,"href":"https:\/\/kapitalis.com\/tunisie\/wp-json\/wp\/v2\/tags?post=6960042"}],"curies":[{"name":"wp","href":"https:\/\/api.w.org\/{rel}","templated":true}]}}