{"id":6961009,"date":"2023-03-15T21:55:41","date_gmt":"2023-03-15T20:55:41","guid":{"rendered":"https:\/\/kapitalis.com\/tunisie\/?p=6961009"},"modified":"2023-03-15T21:58:25","modified_gmt":"2023-03-15T20:58:25","slug":"affaire-ain-skhouna-peine-capitale-contre-6-accuses-ayant-pris-part-aux-affrontements-entre-deux-clans-en-2020","status":"publish","type":"post","link":"https:\/\/kapitalis.com\/tunisie\/2023\/03\/15\/affaire-ain-skhouna-peine-capitale-contre-6-accuses-ayant-pris-part-aux-affrontements-entre-deux-clans-en-2020\/","title":{"rendered":"Affaire A\u00efn Skhouna : Peine capitale contre 6 accus\u00e9s ayant pris part aux affrontements entre deux clans en 2020"},"content":{"rendered":"\n<p><strong><em>La chambre criminelle du tribunal de premi\u00e8re instance de Gab\u00e8s a prononc\u00e9, ce mercredi 15 mars 2023, des condamnations \u00e0 la peine de mort contre 6 accus\u00e9s dans l\u2019affaire de A\u00efn Skhouna, ayant oppos\u00e9 en d\u00e9cembre 2020 deux clans de B\u00e9ni Khedache (M\u00e9denine), et de Douz (K\u00e9bili), et ayant fait 3 morts et une cinquantaine de bless\u00e9s.<\/em><\/strong><\/p>\n\n\n\n<!--more-->\n\n\n\n<p>C&rsquo;est ce qu&rsquo;a indiqu\u00e9 le porte-parole du tribunal de premi\u00e8re instance de Gab\u00e8s Mounir Aroum, dans une d\u00e9claration \u00e0 l\u2019agence Tap, en pr\u00e9cisant que l&rsquo;un des accus\u00e9s concern\u00e9s par la peine capitale, a \u00e9t\u00e9 condamn\u00e9 par contumace.<\/p>\n\n\n\n<p>La m\u00eame source a ajout\u00e9 qu&rsquo;un 7e accus\u00e9 a \u00e9t\u00e9 condamn\u00e9 \u00e0 perp\u00e9tuit\u00e9 et que les autres ont \u00e9cop\u00e9 de peines allant d\u2019un \u00e0 huit ans de prison ferme, tandis qu&rsquo;une seule personne a b\u00e9n\u00e9fici\u00e9 d&rsquo;un non-lieu dans cette affaire.<\/p>\n\n\n<div class=\"wp-block-image\">\n<figure class=\"aligncenter size-full is-resized\"><img decoding=\"async\" src=\"https:\/\/kapitalis.com\/tunisie\/wp-content\/uploads\/2023\/03\/11.jpg\" alt=\"\" class=\"wp-image-6961655\" width=\"500\" srcset=\"https:\/\/kapitalis.com\/tunisie\/wp-content\/uploads\/2023\/03\/11.jpg 626w, https:\/\/kapitalis.com\/tunisie\/wp-content\/uploads\/2023\/03\/11-300x182.jpg 300w, https:\/\/kapitalis.com\/tunisie\/wp-content\/uploads\/2023\/03\/11-580x352.jpg 580w\" sizes=\"(max-width: 626px) 100vw, 626px\" \/><\/figure>\n<\/div>\n\n\n<p>Rappelons que 12 et 13 d\u00e9cembre 2020, et que les deux clans (au moins 1.000 personnes selon la direction g\u00e9n\u00e9rale de la garde nationale) s\u2019\u00e9taient bagarr\u00e9s \u00e0 coups de b\u00e2tons, de pierres ainsi qu\u2019avec des fusils de chasse en raison d&rsquo;une zone commune \u00e0 A\u00efn Skhouna qu&rsquo;ils se disputaient\u2026<\/p>\n\n\n\n<p class=\"has-text-align-right\"><strong>Y. N.<\/strong><\/p>\n\n\n\n<figure class=\"wp-block-embed is-type-wp-embed is-provider-kapitalis wp-block-embed-kapitalis\"><div class=\"wp-block-embed__wrapper\">\n<blockquote class=\"wp-embedded-content\" data-secret=\"4SKwPKvYjG\"><a href=\"https:\/\/kapitalis.com\/tunisie\/2021\/01\/01\/affrontements-entre-deux-clans-a-ain-skhouna-cinq-mandats-de-depot-pour-homicide-volontaire\/\">Affrontements entre deux clans \u00e0 A\u00efn Skhouna : Cinq mandats de d\u00e9p\u00f4t pour homicide volontaire<\/a><\/blockquote><iframe loading=\"lazy\" class=\"wp-embedded-content\" sandbox=\"allow-scripts\" security=\"restricted\" style=\"position: absolute; clip: rect(1px, 1px, 1px, 1px);\" title=\"\u00ab\u00a0Affrontements entre deux clans \u00e0 A\u00efn Skhouna : Cinq mandats de d\u00e9p\u00f4t pour homicide volontaire\u00a0\u00bb &#8212; Kapitalis\" src=\"https:\/\/kapitalis.com\/tunisie\/2021\/01\/01\/affrontements-entre-deux-clans-a-ain-skhouna-cinq-mandats-de-depot-pour-homicide-volontaire\/embed\/#?secret=gKToAEOe8n#?secret=4SKwPKvYjG\" data-secret=\"4SKwPKvYjG\" width=\"600\" height=\"338\" frameborder=\"0\" marginwidth=\"0\" marginheight=\"0\" scrolling=\"no\"><\/iframe>\n<\/div><\/figure>\n","protected":false},"excerpt":{"rendered":"<p>Affaire A\u00efn Skhouna : Peine capitale contre 6 accus\u00e9s ayant pris part aux affrontements entre deux clans en 2020<\/p>\n","protected":false},"author":6,"featured_media":2969525,"comment_status":"open","ping_status":"open","sticky":false,"template":"","format":"standard","meta":{"footnotes":""},"categories":[998,2433],"tags":[36,85601,406,1343,62643],"class_list":["post-6961009","post","type-post","status-publish","format-standard","has-post-thumbnail","hentry","category-societe","category-tunisie","tag-affrontements","tag-ain-skhouna","tag-gabes","tag-peine-capitale","tag-tunisie"],"yoast_head":"<!-- This site is optimized with the Yoast SEO plugin v26.6 - https:\/\/yoast.com\/wordpress\/plugins\/seo\/ -->\n<title>Affaire A\u00efn Skhouna : Peine capitale contre 6 accus\u00e9s ayant pris part aux affrontements entre deux clans en 2020 - Kapitalis<\/title>\n<meta name=\"description\" content=\"La chambre criminelle du tribunal de premi\u00e8re instance de Gab\u00e8s a prononc\u00e9, ce mercredi 15 mars 2023, des condamnations \u00e0 la peine de mort contre 6 accus\u00e9s dans l\u2019affaire de A\u00efn Skhouna, ayant oppos\u00e9 en d\u00e9cembre 2020 deux clans de B\u00e9ni Khedache (M\u00e9denine), et de Douz (K\u00e9bili), et ayant fait 3 morts et une cinquantaine de bless\u00e9s.\" \/>\n<meta name=\"robots\" content=\"index, follow, max-snippet:-1, max-image-preview:large, max-video-preview:-1\" \/>\n<link rel=\"canonical\" href=\"https:\/\/kapitalis.com\/tunisie\/2023\/03\/15\/affaire-ain-skhouna-peine-capitale-contre-6-accuses-ayant-pris-part-aux-affrontements-entre-deux-clans-en-2020\/\" \/>\n<meta property=\"og:locale\" content=\"fr_FR\" \/>\n<meta property=\"og:type\" content=\"article\" \/>\n<meta property=\"og:title\" content=\"Affaire A\u00efn Skhouna : Peine capitale contre 6 accus\u00e9s ayant pris part aux affrontements entre deux clans en 2020 - Kapitalis\" \/>\n<meta property=\"og:description\" content=\"La chambre criminelle du tribunal de premi\u00e8re instance de Gab\u00e8s a prononc\u00e9, ce mercredi 15 mars 2023, des condamnations \u00e0 la peine de mort contre 6 accus\u00e9s dans l\u2019affaire de A\u00efn Skhouna, ayant oppos\u00e9 en d\u00e9cembre 2020 deux clans de B\u00e9ni Khedache (M\u00e9denine), et de Douz (K\u00e9bili), et ayant fait 3 morts et une cinquantaine de bless\u00e9s.\" \/>\n<meta property=\"og:url\" content=\"https:\/\/kapitalis.com\/tunisie\/2023\/03\/15\/affaire-ain-skhouna-peine-capitale-contre-6-accuses-ayant-pris-part-aux-affrontements-entre-deux-clans-en-2020\/\" \/>\n<meta property=\"og:site_name\" content=\"Kapitalis\" \/>\n<meta property=\"article:publisher\" content=\"https:\/\/www.facebook.com\/KapitalisInfo\/\" \/>\n<meta property=\"article:published_time\" content=\"2023-03-15T20:55:41+00:00\" \/>\n<meta property=\"article:modified_time\" content=\"2023-03-15T20:58:25+00:00\" \/>\n<meta property=\"og:image\" content=\"https:\/\/kapitalis.com\/tunisie\/wp-content\/uploads\/2022\/08\/justice-juge.jpg\" \/>\n\t<meta property=\"og:image:width\" content=\"1200\" \/>\n\t<meta property=\"og:image:height\" content=\"630\" \/>\n\t<meta property=\"og:image:type\" content=\"image\/jpeg\" \/>\n<meta name=\"author\" content=\"Yusra NY\" \/>\n<meta name=\"twitter:card\" content=\"summary_large_image\" \/>\n<meta name=\"twitter:creator\" content=\"@KapitalisInfo\" \/>\n<meta name=\"twitter:site\" content=\"@KapitalisInfo\" \/>\n<meta name=\"twitter:label1\" content=\"\u00c9crit par\" \/>\n\t<meta name=\"twitter:data1\" content=\"Yusra NY\" \/>\n\t<meta name=\"twitter:label2\" content=\"Dur\u00e9e de lecture estim\u00e9e\" \/>\n\t<meta name=\"twitter:data2\" content=\"2 minutes\" \/>\n<script type=\"application\/ld+json\" class=\"yoast-schema-graph\">{\"@context\":\"https:\/\/schema.org\",\"@graph\":[{\"@type\":\"Article\",\"@id\":\"https:\/\/kapitalis.com\/tunisie\/2023\/03\/15\/affaire-ain-skhouna-peine-capitale-contre-6-accuses-ayant-pris-part-aux-affrontements-entre-deux-clans-en-2020\/#article\",\"isPartOf\":{\"@id\":\"https:\/\/kapitalis.com\/tunisie\/2023\/03\/15\/affaire-ain-skhouna-peine-capitale-contre-6-accuses-ayant-pris-part-aux-affrontements-entre-deux-clans-en-2020\/\"},\"author\":{\"name\":\"Yusra NY\",\"@id\":\"https:\/\/kapitalis.com\/tunisie\/#\/schema\/person\/74bbde0154d49d790a92aaeac5bc01d5\"},\"headline\":\"Affaire A\u00efn Skhouna : Peine capitale contre 6 accus\u00e9s ayant pris part aux affrontements entre deux clans en 2020\",\"datePublished\":\"2023-03-15T20:55:41+00:00\",\"dateModified\":\"2023-03-15T20:58:25+00:00\",\"mainEntityOfPage\":{\"@id\":\"https:\/\/kapitalis.com\/tunisie\/2023\/03\/15\/affaire-ain-skhouna-peine-capitale-contre-6-accuses-ayant-pris-part-aux-affrontements-entre-deux-clans-en-2020\/\"},\"wordCount\":223,\"commentCount\":1,\"publisher\":{\"@id\":\"https:\/\/kapitalis.com\/tunisie\/#organization\"},\"image\":{\"@id\":\"https:\/\/kapitalis.com\/tunisie\/2023\/03\/15\/affaire-ain-skhouna-peine-capitale-contre-6-accuses-ayant-pris-part-aux-affrontements-entre-deux-clans-en-2020\/#primaryimage\"},\"thumbnailUrl\":\"https:\/\/kapitalis.com\/tunisie\/wp-content\/uploads\/2022\/08\/justice-juge.jpg\",\"keywords\":[\"affrontements\",\"A\u00efn Skhouna\",\"Gab\u00e8s\",\"peine capitale\",\"Tunisie\"],\"articleSection\":[\"SOCIETE\",\"Tunisie\"],\"inLanguage\":\"fr-FR\",\"potentialAction\":[{\"@type\":\"CommentAction\",\"name\":\"Comment\",\"target\":[\"https:\/\/kapitalis.com\/tunisie\/2023\/03\/15\/affaire-ain-skhouna-peine-capitale-contre-6-accuses-ayant-pris-part-aux-affrontements-entre-deux-clans-en-2020\/#respond\"]}]},{\"@type\":\"WebPage\",\"@id\":\"https:\/\/kapitalis.com\/tunisie\/2023\/03\/15\/affaire-ain-skhouna-peine-capitale-contre-6-accuses-ayant-pris-part-aux-affrontements-entre-deux-clans-en-2020\/\",\"url\":\"https:\/\/kapitalis.com\/tunisie\/2023\/03\/15\/affaire-ain-skhouna-peine-capitale-contre-6-accuses-ayant-pris-part-aux-affrontements-entre-deux-clans-en-2020\/\",\"name\":\"Affaire A\u00efn Skhouna : Peine capitale contre 6 accus\u00e9s ayant pris part aux affrontements entre deux clans en 2020 - Kapitalis\",\"isPartOf\":{\"@id\":\"https:\/\/kapitalis.com\/tunisie\/#website\"},\"primaryImageOfPage\":{\"@id\":\"https:\/\/kapitalis.com\/tunisie\/2023\/03\/15\/affaire-ain-skhouna-peine-capitale-contre-6-accuses-ayant-pris-part-aux-affrontements-entre-deux-clans-en-2020\/#primaryimage\"},\"image\":{\"@id\":\"https:\/\/kapitalis.com\/tunisie\/2023\/03\/15\/affaire-ain-skhouna-peine-capitale-contre-6-accuses-ayant-pris-part-aux-affrontements-entre-deux-clans-en-2020\/#primaryimage\"},\"thumbnailUrl\":\"https:\/\/kapitalis.com\/tunisie\/wp-content\/uploads\/2022\/08\/justice-juge.jpg\",\"datePublished\":\"2023-03-15T20:55:41+00:00\",\"dateModified\":\"2023-03-15T20:58:25+00:00\",\"description\":\"La chambre criminelle du tribunal de premi\u00e8re instance de Gab\u00e8s a prononc\u00e9, ce mercredi 15 mars 2023, des condamnations \u00e0 la peine de mort contre 6 accus\u00e9s dans l\u2019affaire de A\u00efn Skhouna, ayant oppos\u00e9 en d\u00e9cembre 2020 deux clans de B\u00e9ni Khedache (M\u00e9denine), et de Douz (K\u00e9bili), et ayant fait 3 morts et une cinquantaine de bless\u00e9s.\",\"breadcrumb\":{\"@id\":\"https:\/\/kapitalis.com\/tunisie\/2023\/03\/15\/affaire-ain-skhouna-peine-capitale-contre-6-accuses-ayant-pris-part-aux-affrontements-entre-deux-clans-en-2020\/#breadcrumb\"},\"inLanguage\":\"fr-FR\",\"potentialAction\":[{\"@type\":\"ReadAction\",\"target\":[\"https:\/\/kapitalis.com\/tunisie\/2023\/03\/15\/affaire-ain-skhouna-peine-capitale-contre-6-accuses-ayant-pris-part-aux-affrontements-entre-deux-clans-en-2020\/\"]}]},{\"@type\":\"ImageObject\",\"inLanguage\":\"fr-FR\",\"@id\":\"https:\/\/kapitalis.com\/tunisie\/2023\/03\/15\/affaire-ain-skhouna-peine-capitale-contre-6-accuses-ayant-pris-part-aux-affrontements-entre-deux-clans-en-2020\/#primaryimage\",\"url\":\"https:\/\/kapitalis.com\/tunisie\/wp-content\/uploads\/2022\/08\/justice-juge.jpg\",\"contentUrl\":\"https:\/\/kapitalis.com\/tunisie\/wp-content\/uploads\/2022\/08\/justice-juge.jpg\",\"width\":1200,\"height\":630},{\"@type\":\"BreadcrumbList\",\"@id\":\"https:\/\/kapitalis.com\/tunisie\/2023\/03\/15\/affaire-ain-skhouna-peine-capitale-contre-6-accuses-ayant-pris-part-aux-affrontements-entre-deux-clans-en-2020\/#breadcrumb\",\"itemListElement\":[{\"@type\":\"ListItem\",\"position\":1,\"name\":\"Accueil\",\"item\":\"https:\/\/kapitalis.com\/tunisie\/\"},{\"@type\":\"ListItem\",\"position\":2,\"name\":\"Affaire A\u00efn Skhouna : Peine capitale contre 6 accus\u00e9s ayant pris part aux affrontements entre deux clans en 2020\"}]},{\"@type\":\"WebSite\",\"@id\":\"https:\/\/kapitalis.com\/tunisie\/#website\",\"url\":\"https:\/\/kapitalis.com\/tunisie\/\",\"name\":\"Kapitalis\",\"description\":\"L&#039;actualit\u00e9 en Tunisie et dans le monde\",\"publisher\":{\"@id\":\"https:\/\/kapitalis.com\/tunisie\/#organization\"},\"potentialAction\":[{\"@type\":\"SearchAction\",\"target\":{\"@type\":\"EntryPoint\",\"urlTemplate\":\"https:\/\/kapitalis.com\/tunisie\/?s={search_term_string}\"},\"query-input\":{\"@type\":\"PropertyValueSpecification\",\"valueRequired\":true,\"valueName\":\"search_term_string\"}}],\"inLanguage\":\"fr-FR\"},{\"@type\":\"Organization\",\"@id\":\"https:\/\/kapitalis.com\/tunisie\/#organization\",\"name\":\"Kapitalis\",\"url\":\"https:\/\/kapitalis.com\/tunisie\/\",\"logo\":{\"@type\":\"ImageObject\",\"inLanguage\":\"fr-FR\",\"@id\":\"https:\/\/kapitalis.com\/tunisie\/#\/schema\/logo\/image\/\",\"url\":\"https:\/\/kapitalis.com\/tunisie\/wp-content\/uploads\/2022\/05\/Kapitalis-big-size.png\",\"contentUrl\":\"https:\/\/kapitalis.com\/tunisie\/wp-content\/uploads\/2022\/05\/Kapitalis-big-size.png\",\"width\":5000,\"height\":1500,\"caption\":\"Kapitalis\"},\"image\":{\"@id\":\"https:\/\/kapitalis.com\/tunisie\/#\/schema\/logo\/image\/\"},\"sameAs\":[\"https:\/\/www.facebook.com\/KapitalisInfo\/\",\"https:\/\/x.com\/KapitalisInfo\",\"https:\/\/www.youtube.com\/channel\/UC-yDYrHyfFBWWZaOw3FPg9Q\"]},{\"@type\":\"Person\",\"@id\":\"https:\/\/kapitalis.com\/tunisie\/#\/schema\/person\/74bbde0154d49d790a92aaeac5bc01d5\",\"name\":\"Yusra NY\",\"url\":\"https:\/\/kapitalis.com\/tunisie\/author\/yuza_adam\/\"}]}<\/script>\n<!-- \/ Yoast SEO plugin. -->","yoast_head_json":{"title":"Affaire A\u00efn Skhouna : Peine capitale contre 6 accus\u00e9s ayant pris part aux affrontements entre deux clans en 2020 - Kapitalis","description":"La chambre criminelle du tribunal de premi\u00e8re instance de Gab\u00e8s a prononc\u00e9, ce mercredi 15 mars 2023, des condamnations \u00e0 la peine de mort contre 6 accus\u00e9s dans l\u2019affaire de A\u00efn Skhouna, ayant oppos\u00e9 en d\u00e9cembre 2020 deux clans de B\u00e9ni Khedache (M\u00e9denine), et de Douz (K\u00e9bili), et ayant fait 3 morts et une cinquantaine de bless\u00e9s.","robots":{"index":"index","follow":"follow","max-snippet":"max-snippet:-1","max-image-preview":"max-image-preview:large","max-video-preview":"max-video-preview:-1"},"canonical":"https:\/\/kapitalis.com\/tunisie\/2023\/03\/15\/affaire-ain-skhouna-peine-capitale-contre-6-accuses-ayant-pris-part-aux-affrontements-entre-deux-clans-en-2020\/","og_locale":"fr_FR","og_type":"article","og_title":"Affaire A\u00efn Skhouna : Peine capitale contre 6 accus\u00e9s ayant pris part aux affrontements entre deux clans en 2020 - Kapitalis","og_description":"La chambre criminelle du tribunal de premi\u00e8re instance de Gab\u00e8s a prononc\u00e9, ce mercredi 15 mars 2023, des condamnations \u00e0 la peine de mort contre 6 accus\u00e9s dans l\u2019affaire de A\u00efn Skhouna, ayant oppos\u00e9 en d\u00e9cembre 2020 deux clans de B\u00e9ni Khedache (M\u00e9denine), et de Douz (K\u00e9bili), et ayant fait 3 morts et une cinquantaine de bless\u00e9s.","og_url":"https:\/\/kapitalis.com\/tunisie\/2023\/03\/15\/affaire-ain-skhouna-peine-capitale-contre-6-accuses-ayant-pris-part-aux-affrontements-entre-deux-clans-en-2020\/","og_site_name":"Kapitalis","article_publisher":"https:\/\/www.facebook.com\/KapitalisInfo\/","article_published_time":"2023-03-15T20:55:41+00:00","article_modified_time":"2023-03-15T20:58:25+00:00","og_image":[{"width":1200,"height":630,"url":"https:\/\/kapitalis.com\/tunisie\/wp-content\/uploads\/2022\/08\/justice-juge.jpg","type":"image\/jpeg"}],"author":"Yusra NY","twitter_card":"summary_large_image","twitter_creator":"@KapitalisInfo","twitter_site":"@KapitalisInfo","twitter_misc":{"\u00c9crit par":"Yusra NY","Dur\u00e9e de lecture estim\u00e9e":"2 minutes"},"schema":{"@context":"https:\/\/schema.org","@graph":[{"@type":"Article","@id":"https:\/\/kapitalis.com\/tunisie\/2023\/03\/15\/affaire-ain-skhouna-peine-capitale-contre-6-accuses-ayant-pris-part-aux-affrontements-entre-deux-clans-en-2020\/#article","isPartOf":{"@id":"https:\/\/kapitalis.com\/tunisie\/2023\/03\/15\/affaire-ain-skhouna-peine-capitale-contre-6-accuses-ayant-pris-part-aux-affrontements-entre-deux-clans-en-2020\/"},"author":{"name":"Yusra NY","@id":"https:\/\/kapitalis.com\/tunisie\/#\/schema\/person\/74bbde0154d49d790a92aaeac5bc01d5"},"headline":"Affaire A\u00efn Skhouna : Peine capitale contre 6 accus\u00e9s ayant pris part aux affrontements entre deux clans en 2020","datePublished":"2023-03-15T20:55:41+00:00","dateModified":"2023-03-15T20:58:25+00:00","mainEntityOfPage":{"@id":"https:\/\/kapitalis.com\/tunisie\/2023\/03\/15\/affaire-ain-skhouna-peine-capitale-contre-6-accuses-ayant-pris-part-aux-affrontements-entre-deux-clans-en-2020\/"},"wordCount":223,"commentCount":1,"publisher":{"@id":"https:\/\/kapitalis.com\/tunisie\/#organization"},"image":{"@id":"https:\/\/kapitalis.com\/tunisie\/2023\/03\/15\/affaire-ain-skhouna-peine-capitale-contre-6-accuses-ayant-pris-part-aux-affrontements-entre-deux-clans-en-2020\/#primaryimage"},"thumbnailUrl":"https:\/\/kapitalis.com\/tunisie\/wp-content\/uploads\/2022\/08\/justice-juge.jpg","keywords":["affrontements","A\u00efn Skhouna","Gab\u00e8s","peine capitale","Tunisie"],"articleSection":["SOCIETE","Tunisie"],"inLanguage":"fr-FR","potentialAction":[{"@type":"CommentAction","name":"Comment","target":["https:\/\/kapitalis.com\/tunisie\/2023\/03\/15\/affaire-ain-skhouna-peine-capitale-contre-6-accuses-ayant-pris-part-aux-affrontements-entre-deux-clans-en-2020\/#respond"]}]},{"@type":"WebPage","@id":"https:\/\/kapitalis.com\/tunisie\/2023\/03\/15\/affaire-ain-skhouna-peine-capitale-contre-6-accuses-ayant-pris-part-aux-affrontements-entre-deux-clans-en-2020\/","url":"https:\/\/kapitalis.com\/tunisie\/2023\/03\/15\/affaire-ain-skhouna-peine-capitale-contre-6-accuses-ayant-pris-part-aux-affrontements-entre-deux-clans-en-2020\/","name":"Affaire A\u00efn Skhouna : Peine capitale contre 6 accus\u00e9s ayant pris part aux affrontements entre deux clans en 2020 - Kapitalis","isPartOf":{"@id":"https:\/\/kapitalis.com\/tunisie\/#website"},"primaryImageOfPage":{"@id":"https:\/\/kapitalis.com\/tunisie\/2023\/03\/15\/affaire-ain-skhouna-peine-capitale-contre-6-accuses-ayant-pris-part-aux-affrontements-entre-deux-clans-en-2020\/#primaryimage"},"image":{"@id":"https:\/\/kapitalis.com\/tunisie\/2023\/03\/15\/affaire-ain-skhouna-peine-capitale-contre-6-accuses-ayant-pris-part-aux-affrontements-entre-deux-clans-en-2020\/#primaryimage"},"thumbnailUrl":"https:\/\/kapitalis.com\/tunisie\/wp-content\/uploads\/2022\/08\/justice-juge.jpg","datePublished":"2023-03-15T20:55:41+00:00","dateModified":"2023-03-15T20:58:25+00:00","description":"La chambre criminelle du tribunal de premi\u00e8re instance de Gab\u00e8s a prononc\u00e9, ce mercredi 15 mars 2023, des condamnations \u00e0 la peine de mort contre 6 accus\u00e9s dans l\u2019affaire de A\u00efn Skhouna, ayant oppos\u00e9 en d\u00e9cembre 2020 deux clans de B\u00e9ni Khedache (M\u00e9denine), et de Douz (K\u00e9bili), et ayant fait 3 morts et une cinquantaine de bless\u00e9s.","breadcrumb":{"@id":"https:\/\/kapitalis.com\/tunisie\/2023\/03\/15\/affaire-ain-skhouna-peine-capitale-contre-6-accuses-ayant-pris-part-aux-affrontements-entre-deux-clans-en-2020\/#breadcrumb"},"inLanguage":"fr-FR","potentialAction":[{"@type":"ReadAction","target":["https:\/\/kapitalis.com\/tunisie\/2023\/03\/15\/affaire-ain-skhouna-peine-capitale-contre-6-accuses-ayant-pris-part-aux-affrontements-entre-deux-clans-en-2020\/"]}]},{"@type":"ImageObject","inLanguage":"fr-FR","@id":"https:\/\/kapitalis.com\/tunisie\/2023\/03\/15\/affaire-ain-skhouna-peine-capitale-contre-6-accuses-ayant-pris-part-aux-affrontements-entre-deux-clans-en-2020\/#primaryimage","url":"https:\/\/kapitalis.com\/tunisie\/wp-content\/uploads\/2022\/08\/justice-juge.jpg","contentUrl":"https:\/\/kapitalis.com\/tunisie\/wp-content\/uploads\/2022\/08\/justice-juge.jpg","width":1200,"height":630},{"@type":"BreadcrumbList","@id":"https:\/\/kapitalis.com\/tunisie\/2023\/03\/15\/affaire-ain-skhouna-peine-capitale-contre-6-accuses-ayant-pris-part-aux-affrontements-entre-deux-clans-en-2020\/#breadcrumb","itemListElement":[{"@type":"ListItem","position":1,"name":"Accueil","item":"https:\/\/kapitalis.com\/tunisie\/"},{"@type":"ListItem","position":2,"name":"Affaire A\u00efn Skhouna : Peine capitale contre 6 accus\u00e9s ayant pris part aux affrontements entre deux clans en 2020"}]},{"@type":"WebSite","@id":"https:\/\/kapitalis.com\/tunisie\/#website","url":"https:\/\/kapitalis.com\/tunisie\/","name":"Kapitalis","description":"L&#039;actualit\u00e9 en Tunisie et dans le monde","publisher":{"@id":"https:\/\/kapitalis.com\/tunisie\/#organization"},"potentialAction":[{"@type":"SearchAction","target":{"@type":"EntryPoint","urlTemplate":"https:\/\/kapitalis.com\/tunisie\/?s={search_term_string}"},"query-input":{"@type":"PropertyValueSpecification","valueRequired":true,"valueName":"search_term_string"}}],"inLanguage":"fr-FR"},{"@type":"Organization","@id":"https:\/\/kapitalis.com\/tunisie\/#organization","name":"Kapitalis","url":"https:\/\/kapitalis.com\/tunisie\/","logo":{"@type":"ImageObject","inLanguage":"fr-FR","@id":"https:\/\/kapitalis.com\/tunisie\/#\/schema\/logo\/image\/","url":"https:\/\/kapitalis.com\/tunisie\/wp-content\/uploads\/2022\/05\/Kapitalis-big-size.png","contentUrl":"https:\/\/kapitalis.com\/tunisie\/wp-content\/uploads\/2022\/05\/Kapitalis-big-size.png","width":5000,"height":1500,"caption":"Kapitalis"},"image":{"@id":"https:\/\/kapitalis.com\/tunisie\/#\/schema\/logo\/image\/"},"sameAs":["https:\/\/www.facebook.com\/KapitalisInfo\/","https:\/\/x.com\/KapitalisInfo","https:\/\/www.youtube.com\/channel\/UC-yDYrHyfFBWWZaOw3FPg9Q"]},{"@type":"Person","@id":"https:\/\/kapitalis.com\/tunisie\/#\/schema\/person\/74bbde0154d49d790a92aaeac5bc01d5","name":"Yusra NY","url":"https:\/\/kapitalis.com\/tunisie\/author\/yuza_adam\/"}]}},"_links":{"self":[{"href":"https:\/\/kapitalis.com\/tunisie\/wp-json\/wp\/v2\/posts\/6961009","targetHints":{"allow":["GET"]}}],"collection":[{"href":"https:\/\/kapitalis.com\/tunisie\/wp-json\/wp\/v2\/posts"}],"about":[{"href":"https:\/\/kapitalis.com\/tunisie\/wp-json\/wp\/v2\/types\/post"}],"author":[{"embeddable":true,"href":"https:\/\/kapitalis.com\/tunisie\/wp-json\/wp\/v2\/users\/6"}],"replies":[{"embeddable":true,"href":"https:\/\/kapitalis.com\/tunisie\/wp-json\/wp\/v2\/comments?post=6961009"}],"version-history":[{"count":4,"href":"https:\/\/kapitalis.com\/tunisie\/wp-json\/wp\/v2\/posts\/6961009\/revisions"}],"predecessor-version":[{"id":6961665,"href":"https:\/\/kapitalis.com\/tunisie\/wp-json\/wp\/v2\/posts\/6961009\/revisions\/6961665"}],"wp:featuredmedia":[{"embeddable":true,"href":"https:\/\/kapitalis.com\/tunisie\/wp-json\/wp\/v2\/media\/2969525"}],"wp:attachment":[{"href":"https:\/\/kapitalis.com\/tunisie\/wp-json\/wp\/v2\/media?parent=6961009"}],"wp:term":[{"taxonomy":"category","embeddable":true,"href":"https:\/\/kapitalis.com\/tunisie\/wp-json\/wp\/v2\/categories?post=6961009"},{"taxonomy":"post_tag","embeddable":true,"href":"https:\/\/kapitalis.com\/tunisie\/wp-json\/wp\/v2\/tags?post=6961009"}],"curies":[{"name":"wp","href":"https:\/\/api.w.org\/{rel}","templated":true}]}}