{"id":69622,"date":"2016-10-25T09:35:39","date_gmt":"2016-10-25T08:35:39","guid":{"rendered":"http:\/\/kapitalis.com\/tunisie\/?p=69622"},"modified":"2016-10-25T09:52:36","modified_gmt":"2016-10-25T08:52:36","slug":"reouverture-de-lambassade-de-suede-loreen-et-belayouni-chantent-au-bardo","status":"publish","type":"post","link":"https:\/\/kapitalis.com\/tunisie\/2016\/10\/25\/reouverture-de-lambassade-de-suede-loreen-et-belayouni-chantent-au-bardo\/","title":{"rendered":"R\u00e9ouverture de l\u2019ambassade de Su\u00e8de\u00a0: Loreen et Belayouni chantent au Bardo"},"content":{"rendered":"<p style=\"text-align: center;\"><img loading=\"lazy\" decoding=\"async\" class=\"alignnone size-full wp-image-69633\" src=\"http:\/\/kapitalis.com\/tunisie\/wp-content\/uploads\/2016\/10\/Ines-Belayouni-et-Loreen.jpg\" alt=\"ines-belayouni-et-loreen\" width=\"626\" height=\"380\" \/><\/p>\n<p style=\"text-align: center;\"><em> Ines Belayouni et Loreen.<\/em><\/p>\n<p><em><strong>Loreen et Ines Belayouni chanteront ce soir au Mus\u00e9e du Bardo, lors de la soir\u00e9e organis\u00e9e\u00a0\u00e0\u00a0l\u2019occasion de la r\u00e9ouverture de l\u2019ambassade de Su\u00e8de \u00e0 Tunis, ferm\u00e9e depuis 2002.<\/strong><\/em><\/p>\n<p><!--more--><\/p>\n<p>Il y aura, donc, ce soir, au Mus\u00e9e du Bardo, du jazz, du blues et des chants patriotiques, avec la tunisienne Ines Belayouni et la chanteuse, danseuse et pianiste su\u00e9doise d&rsquo;origine marocaine Loreen, qui interpr\u00e9tera notamment son succ\u00e8s <em>\u00ab\u00a0Euphoria\u00a0\u00bb<\/em> ainsi que son nouveau single <em>\u00ab\u00a0Paper Light (Higher)\u00a0\u00bb<\/em>.<\/p>\n<p>Lors de cette soir\u00e9e d\u00e9di\u00e9e aux relations d\u2019amiti\u00e9 unissant\u00a0la Tunisie et de la Su\u00e8de,\u00a0les deux chanteuses interpr\u00e9teront \u00e9galement les hymnes nationaux des\u00a02 pays. Ce sera en pr\u00e9sence du chef du gouvernement Youssef Chahed, de plusieurs membres du gouvernement,\u00a0notamment le ministre des Affaires \u00e9trang\u00e8res Khemaies Jhinaoui, et son homologue su\u00e9doise\u00a0Margot Wallstr\u00f6m, en visite de travail de 2 jours \u00e0 Tunis, ainsi que\u00a0le staff de la repr\u00e9sentation diplomatique su\u00e9doise conduit par l\u2019ambassadeur Fredrik Flor\u00e9n.<\/p>\n<p>Il est \u00e0 souligner que Margot Wallstr\u00f6m assistera demain \u00e0 une rencontre-d\u00e9bat sur \u00ab<em>la politique \u00e9trang\u00e8re f\u00e9ministe : qu\u2019est-ce et pourquoi est-ce important?<\/em>\u00bb, qui aura lieu \u00e0 l&rsquo;Institut des hautes \u00e9tudes commerciales de Carthage,\u00a0en pr\u00e9sence de Naziha Labidi, ministre de la Femme, de la Famille, et de l\u2019Enfance.<\/p>\n<p style=\"text-align: right;\"><strong>Z. A.<\/strong><\/p>\n","protected":false},"excerpt":{"rendered":"<p>Ines Belayouni et Loreen. Loreen et Ines Belayouni chanteront ce soir au Mus\u00e9e du Bardo, lors de la soir\u00e9e organis\u00e9e\u00a0\u00e0\u00a0l\u2019occasion de la r\u00e9ouverture de l\u2019ambassade de Su\u00e8de \u00e0 Tunis, ferm\u00e9e depuis 2002.<\/p>\n","protected":false},"author":7,"featured_media":69633,"comment_status":"open","ping_status":"open","sticky":false,"template":"","format":"standard","meta":{"footnotes":""},"categories":[994,2433],"tags":[66,132,7325,12471,7323],"class_list":["post-69622","post","type-post","status-publish","format-standard","has-post-thumbnail","hentry","category-culture","category-tunisie","tag-ambassade","tag-bardo","tag-fredrik-floren","tag-khemaies-jhinaoui","tag-suede"],"yoast_head":"<!-- This site is optimized with the Yoast SEO plugin v26.6 - https:\/\/yoast.com\/wordpress\/plugins\/seo\/ -->\n<title>R\u00e9ouverture de l\u2019ambassade de Su\u00e8de\u00a0: Loreen et Belayouni chantent au Bardo - Kapitalis<\/title>\n<meta name=\"robots\" content=\"index, follow, max-snippet:-1, max-image-preview:large, max-video-preview:-1\" \/>\n<link rel=\"canonical\" href=\"https:\/\/kapitalis.com\/tunisie\/2016\/10\/25\/reouverture-de-lambassade-de-suede-loreen-et-belayouni-chantent-au-bardo\/\" \/>\n<meta property=\"og:locale\" content=\"fr_FR\" \/>\n<meta property=\"og:type\" content=\"article\" \/>\n<meta property=\"og:title\" content=\"R\u00e9ouverture de l\u2019ambassade de Su\u00e8de\u00a0: Loreen et Belayouni chantent au Bardo - Kapitalis\" \/>\n<meta property=\"og:description\" content=\"Ines Belayouni et Loreen. Loreen et Ines Belayouni chanteront ce soir au Mus\u00e9e du Bardo, lors de la soir\u00e9e organis\u00e9e\u00a0\u00e0\u00a0l\u2019occasion de la r\u00e9ouverture de l\u2019ambassade de Su\u00e8de \u00e0 Tunis, ferm\u00e9e depuis 2002.\" \/>\n<meta property=\"og:url\" content=\"https:\/\/kapitalis.com\/tunisie\/2016\/10\/25\/reouverture-de-lambassade-de-suede-loreen-et-belayouni-chantent-au-bardo\/\" \/>\n<meta property=\"og:site_name\" content=\"Kapitalis\" \/>\n<meta property=\"article:publisher\" content=\"https:\/\/www.facebook.com\/KapitalisInfo\/\" \/>\n<meta property=\"article:published_time\" content=\"2016-10-25T08:35:39+00:00\" \/>\n<meta property=\"article:modified_time\" content=\"2016-10-25T08:52:36+00:00\" \/>\n<meta property=\"og:image\" content=\"https:\/\/kapitalis.com\/tunisie\/wp-content\/uploads\/2022\/05\/kapitalis-logo-fb.png\" \/>\n\t<meta property=\"og:image:width\" content=\"1200\" \/>\n\t<meta property=\"og:image:height\" content=\"630\" \/>\n\t<meta property=\"og:image:type\" content=\"image\/png\" \/>\n<meta name=\"author\" content=\"zohra abid\" \/>\n<meta name=\"twitter:card\" content=\"summary_large_image\" \/>\n<meta name=\"twitter:creator\" content=\"@KapitalisInfo\" \/>\n<meta name=\"twitter:site\" content=\"@KapitalisInfo\" \/>\n<meta name=\"twitter:label1\" content=\"\u00c9crit par\" \/>\n\t<meta name=\"twitter:data1\" content=\"zohra abid\" \/>\n\t<meta name=\"twitter:label2\" content=\"Dur\u00e9e de lecture estim\u00e9e\" \/>\n\t<meta name=\"twitter:data2\" content=\"1 minute\" \/>\n<script type=\"application\/ld+json\" class=\"yoast-schema-graph\">{\"@context\":\"https:\/\/schema.org\",\"@graph\":[{\"@type\":\"Article\",\"@id\":\"https:\/\/kapitalis.com\/tunisie\/2016\/10\/25\/reouverture-de-lambassade-de-suede-loreen-et-belayouni-chantent-au-bardo\/#article\",\"isPartOf\":{\"@id\":\"https:\/\/kapitalis.com\/tunisie\/2016\/10\/25\/reouverture-de-lambassade-de-suede-loreen-et-belayouni-chantent-au-bardo\/\"},\"author\":{\"name\":\"zohra abid\",\"@id\":\"https:\/\/kapitalis.com\/tunisie\/#\/schema\/person\/6fc2988ceb6eacf6836db1d8360b4912\"},\"headline\":\"R\u00e9ouverture de l\u2019ambassade de Su\u00e8de\u00a0: Loreen et Belayouni chantent au Bardo\",\"datePublished\":\"2016-10-25T08:35:39+00:00\",\"dateModified\":\"2016-10-25T08:52:36+00:00\",\"mainEntityOfPage\":{\"@id\":\"https:\/\/kapitalis.com\/tunisie\/2016\/10\/25\/reouverture-de-lambassade-de-suede-loreen-et-belayouni-chantent-au-bardo\/\"},\"wordCount\":247,\"commentCount\":1,\"publisher\":{\"@id\":\"https:\/\/kapitalis.com\/tunisie\/#organization\"},\"image\":{\"@id\":\"https:\/\/kapitalis.com\/tunisie\/2016\/10\/25\/reouverture-de-lambassade-de-suede-loreen-et-belayouni-chantent-au-bardo\/#primaryimage\"},\"thumbnailUrl\":\"\",\"keywords\":[\"ambassade\",\"Bardo\",\"Fredrik Flor\u00e9n\",\"Khemaies Jhinaoui\",\"Su\u00e8de\"],\"articleSection\":[\"CULTURE\",\"Tunisie\"],\"inLanguage\":\"fr-FR\",\"potentialAction\":[{\"@type\":\"CommentAction\",\"name\":\"Comment\",\"target\":[\"https:\/\/kapitalis.com\/tunisie\/2016\/10\/25\/reouverture-de-lambassade-de-suede-loreen-et-belayouni-chantent-au-bardo\/#respond\"]}]},{\"@type\":\"WebPage\",\"@id\":\"https:\/\/kapitalis.com\/tunisie\/2016\/10\/25\/reouverture-de-lambassade-de-suede-loreen-et-belayouni-chantent-au-bardo\/\",\"url\":\"https:\/\/kapitalis.com\/tunisie\/2016\/10\/25\/reouverture-de-lambassade-de-suede-loreen-et-belayouni-chantent-au-bardo\/\",\"name\":\"R\u00e9ouverture de l\u2019ambassade de Su\u00e8de\u00a0: Loreen et Belayouni chantent au Bardo - Kapitalis\",\"isPartOf\":{\"@id\":\"https:\/\/kapitalis.com\/tunisie\/#website\"},\"primaryImageOfPage\":{\"@id\":\"https:\/\/kapitalis.com\/tunisie\/2016\/10\/25\/reouverture-de-lambassade-de-suede-loreen-et-belayouni-chantent-au-bardo\/#primaryimage\"},\"image\":{\"@id\":\"https:\/\/kapitalis.com\/tunisie\/2016\/10\/25\/reouverture-de-lambassade-de-suede-loreen-et-belayouni-chantent-au-bardo\/#primaryimage\"},\"thumbnailUrl\":\"\",\"datePublished\":\"2016-10-25T08:35:39+00:00\",\"dateModified\":\"2016-10-25T08:52:36+00:00\",\"breadcrumb\":{\"@id\":\"https:\/\/kapitalis.com\/tunisie\/2016\/10\/25\/reouverture-de-lambassade-de-suede-loreen-et-belayouni-chantent-au-bardo\/#breadcrumb\"},\"inLanguage\":\"fr-FR\",\"potentialAction\":[{\"@type\":\"ReadAction\",\"target\":[\"https:\/\/kapitalis.com\/tunisie\/2016\/10\/25\/reouverture-de-lambassade-de-suede-loreen-et-belayouni-chantent-au-bardo\/\"]}]},{\"@type\":\"ImageObject\",\"inLanguage\":\"fr-FR\",\"@id\":\"https:\/\/kapitalis.com\/tunisie\/2016\/10\/25\/reouverture-de-lambassade-de-suede-loreen-et-belayouni-chantent-au-bardo\/#primaryimage\",\"url\":\"\",\"contentUrl\":\"\"},{\"@type\":\"BreadcrumbList\",\"@id\":\"https:\/\/kapitalis.com\/tunisie\/2016\/10\/25\/reouverture-de-lambassade-de-suede-loreen-et-belayouni-chantent-au-bardo\/#breadcrumb\",\"itemListElement\":[{\"@type\":\"ListItem\",\"position\":1,\"name\":\"Accueil\",\"item\":\"https:\/\/kapitalis.com\/tunisie\/\"},{\"@type\":\"ListItem\",\"position\":2,\"name\":\"R\u00e9ouverture de l\u2019ambassade de Su\u00e8de\u00a0: Loreen et Belayouni chantent au Bardo\"}]},{\"@type\":\"WebSite\",\"@id\":\"https:\/\/kapitalis.com\/tunisie\/#website\",\"url\":\"https:\/\/kapitalis.com\/tunisie\/\",\"name\":\"Kapitalis\",\"description\":\"L&#039;actualit\u00e9 en Tunisie et dans le monde\",\"publisher\":{\"@id\":\"https:\/\/kapitalis.com\/tunisie\/#organization\"},\"potentialAction\":[{\"@type\":\"SearchAction\",\"target\":{\"@type\":\"EntryPoint\",\"urlTemplate\":\"https:\/\/kapitalis.com\/tunisie\/?s={search_term_string}\"},\"query-input\":{\"@type\":\"PropertyValueSpecification\",\"valueRequired\":true,\"valueName\":\"search_term_string\"}}],\"inLanguage\":\"fr-FR\"},{\"@type\":\"Organization\",\"@id\":\"https:\/\/kapitalis.com\/tunisie\/#organization\",\"name\":\"Kapitalis\",\"url\":\"https:\/\/kapitalis.com\/tunisie\/\",\"logo\":{\"@type\":\"ImageObject\",\"inLanguage\":\"fr-FR\",\"@id\":\"https:\/\/kapitalis.com\/tunisie\/#\/schema\/logo\/image\/\",\"url\":\"https:\/\/kapitalis.com\/tunisie\/wp-content\/uploads\/2022\/05\/Kapitalis-big-size.png\",\"contentUrl\":\"https:\/\/kapitalis.com\/tunisie\/wp-content\/uploads\/2022\/05\/Kapitalis-big-size.png\",\"width\":5000,\"height\":1500,\"caption\":\"Kapitalis\"},\"image\":{\"@id\":\"https:\/\/kapitalis.com\/tunisie\/#\/schema\/logo\/image\/\"},\"sameAs\":[\"https:\/\/www.facebook.com\/KapitalisInfo\/\",\"https:\/\/x.com\/KapitalisInfo\",\"https:\/\/www.youtube.com\/channel\/UC-yDYrHyfFBWWZaOw3FPg9Q\"]},{\"@type\":\"Person\",\"@id\":\"https:\/\/kapitalis.com\/tunisie\/#\/schema\/person\/6fc2988ceb6eacf6836db1d8360b4912\",\"name\":\"zohra abid\",\"url\":\"https:\/\/kapitalis.com\/tunisie\/author\/zohra-abid-2015\/\"}]}<\/script>\n<!-- \/ Yoast SEO plugin. -->","yoast_head_json":{"title":"R\u00e9ouverture de l\u2019ambassade de Su\u00e8de\u00a0: Loreen et Belayouni chantent au Bardo - Kapitalis","robots":{"index":"index","follow":"follow","max-snippet":"max-snippet:-1","max-image-preview":"max-image-preview:large","max-video-preview":"max-video-preview:-1"},"canonical":"https:\/\/kapitalis.com\/tunisie\/2016\/10\/25\/reouverture-de-lambassade-de-suede-loreen-et-belayouni-chantent-au-bardo\/","og_locale":"fr_FR","og_type":"article","og_title":"R\u00e9ouverture de l\u2019ambassade de Su\u00e8de\u00a0: Loreen et Belayouni chantent au Bardo - Kapitalis","og_description":"Ines Belayouni et Loreen. Loreen et Ines Belayouni chanteront ce soir au Mus\u00e9e du Bardo, lors de la soir\u00e9e organis\u00e9e\u00a0\u00e0\u00a0l\u2019occasion de la r\u00e9ouverture de l\u2019ambassade de Su\u00e8de \u00e0 Tunis, ferm\u00e9e depuis 2002.","og_url":"https:\/\/kapitalis.com\/tunisie\/2016\/10\/25\/reouverture-de-lambassade-de-suede-loreen-et-belayouni-chantent-au-bardo\/","og_site_name":"Kapitalis","article_publisher":"https:\/\/www.facebook.com\/KapitalisInfo\/","article_published_time":"2016-10-25T08:35:39+00:00","article_modified_time":"2016-10-25T08:52:36+00:00","og_image":[{"width":1200,"height":630,"url":"https:\/\/kapitalis.com\/tunisie\/wp-content\/uploads\/2022\/05\/kapitalis-logo-fb.png","type":"image\/png"}],"author":"zohra abid","twitter_card":"summary_large_image","twitter_creator":"@KapitalisInfo","twitter_site":"@KapitalisInfo","twitter_misc":{"\u00c9crit par":"zohra abid","Dur\u00e9e de lecture estim\u00e9e":"1 minute"},"schema":{"@context":"https:\/\/schema.org","@graph":[{"@type":"Article","@id":"https:\/\/kapitalis.com\/tunisie\/2016\/10\/25\/reouverture-de-lambassade-de-suede-loreen-et-belayouni-chantent-au-bardo\/#article","isPartOf":{"@id":"https:\/\/kapitalis.com\/tunisie\/2016\/10\/25\/reouverture-de-lambassade-de-suede-loreen-et-belayouni-chantent-au-bardo\/"},"author":{"name":"zohra abid","@id":"https:\/\/kapitalis.com\/tunisie\/#\/schema\/person\/6fc2988ceb6eacf6836db1d8360b4912"},"headline":"R\u00e9ouverture de l\u2019ambassade de Su\u00e8de\u00a0: Loreen et Belayouni chantent au Bardo","datePublished":"2016-10-25T08:35:39+00:00","dateModified":"2016-10-25T08:52:36+00:00","mainEntityOfPage":{"@id":"https:\/\/kapitalis.com\/tunisie\/2016\/10\/25\/reouverture-de-lambassade-de-suede-loreen-et-belayouni-chantent-au-bardo\/"},"wordCount":247,"commentCount":1,"publisher":{"@id":"https:\/\/kapitalis.com\/tunisie\/#organization"},"image":{"@id":"https:\/\/kapitalis.com\/tunisie\/2016\/10\/25\/reouverture-de-lambassade-de-suede-loreen-et-belayouni-chantent-au-bardo\/#primaryimage"},"thumbnailUrl":"","keywords":["ambassade","Bardo","Fredrik Flor\u00e9n","Khemaies Jhinaoui","Su\u00e8de"],"articleSection":["CULTURE","Tunisie"],"inLanguage":"fr-FR","potentialAction":[{"@type":"CommentAction","name":"Comment","target":["https:\/\/kapitalis.com\/tunisie\/2016\/10\/25\/reouverture-de-lambassade-de-suede-loreen-et-belayouni-chantent-au-bardo\/#respond"]}]},{"@type":"WebPage","@id":"https:\/\/kapitalis.com\/tunisie\/2016\/10\/25\/reouverture-de-lambassade-de-suede-loreen-et-belayouni-chantent-au-bardo\/","url":"https:\/\/kapitalis.com\/tunisie\/2016\/10\/25\/reouverture-de-lambassade-de-suede-loreen-et-belayouni-chantent-au-bardo\/","name":"R\u00e9ouverture de l\u2019ambassade de Su\u00e8de\u00a0: Loreen et Belayouni chantent au Bardo - Kapitalis","isPartOf":{"@id":"https:\/\/kapitalis.com\/tunisie\/#website"},"primaryImageOfPage":{"@id":"https:\/\/kapitalis.com\/tunisie\/2016\/10\/25\/reouverture-de-lambassade-de-suede-loreen-et-belayouni-chantent-au-bardo\/#primaryimage"},"image":{"@id":"https:\/\/kapitalis.com\/tunisie\/2016\/10\/25\/reouverture-de-lambassade-de-suede-loreen-et-belayouni-chantent-au-bardo\/#primaryimage"},"thumbnailUrl":"","datePublished":"2016-10-25T08:35:39+00:00","dateModified":"2016-10-25T08:52:36+00:00","breadcrumb":{"@id":"https:\/\/kapitalis.com\/tunisie\/2016\/10\/25\/reouverture-de-lambassade-de-suede-loreen-et-belayouni-chantent-au-bardo\/#breadcrumb"},"inLanguage":"fr-FR","potentialAction":[{"@type":"ReadAction","target":["https:\/\/kapitalis.com\/tunisie\/2016\/10\/25\/reouverture-de-lambassade-de-suede-loreen-et-belayouni-chantent-au-bardo\/"]}]},{"@type":"ImageObject","inLanguage":"fr-FR","@id":"https:\/\/kapitalis.com\/tunisie\/2016\/10\/25\/reouverture-de-lambassade-de-suede-loreen-et-belayouni-chantent-au-bardo\/#primaryimage","url":"","contentUrl":""},{"@type":"BreadcrumbList","@id":"https:\/\/kapitalis.com\/tunisie\/2016\/10\/25\/reouverture-de-lambassade-de-suede-loreen-et-belayouni-chantent-au-bardo\/#breadcrumb","itemListElement":[{"@type":"ListItem","position":1,"name":"Accueil","item":"https:\/\/kapitalis.com\/tunisie\/"},{"@type":"ListItem","position":2,"name":"R\u00e9ouverture de l\u2019ambassade de Su\u00e8de\u00a0: Loreen et Belayouni chantent au Bardo"}]},{"@type":"WebSite","@id":"https:\/\/kapitalis.com\/tunisie\/#website","url":"https:\/\/kapitalis.com\/tunisie\/","name":"Kapitalis","description":"L&#039;actualit\u00e9 en Tunisie et dans le monde","publisher":{"@id":"https:\/\/kapitalis.com\/tunisie\/#organization"},"potentialAction":[{"@type":"SearchAction","target":{"@type":"EntryPoint","urlTemplate":"https:\/\/kapitalis.com\/tunisie\/?s={search_term_string}"},"query-input":{"@type":"PropertyValueSpecification","valueRequired":true,"valueName":"search_term_string"}}],"inLanguage":"fr-FR"},{"@type":"Organization","@id":"https:\/\/kapitalis.com\/tunisie\/#organization","name":"Kapitalis","url":"https:\/\/kapitalis.com\/tunisie\/","logo":{"@type":"ImageObject","inLanguage":"fr-FR","@id":"https:\/\/kapitalis.com\/tunisie\/#\/schema\/logo\/image\/","url":"https:\/\/kapitalis.com\/tunisie\/wp-content\/uploads\/2022\/05\/Kapitalis-big-size.png","contentUrl":"https:\/\/kapitalis.com\/tunisie\/wp-content\/uploads\/2022\/05\/Kapitalis-big-size.png","width":5000,"height":1500,"caption":"Kapitalis"},"image":{"@id":"https:\/\/kapitalis.com\/tunisie\/#\/schema\/logo\/image\/"},"sameAs":["https:\/\/www.facebook.com\/KapitalisInfo\/","https:\/\/x.com\/KapitalisInfo","https:\/\/www.youtube.com\/channel\/UC-yDYrHyfFBWWZaOw3FPg9Q"]},{"@type":"Person","@id":"https:\/\/kapitalis.com\/tunisie\/#\/schema\/person\/6fc2988ceb6eacf6836db1d8360b4912","name":"zohra abid","url":"https:\/\/kapitalis.com\/tunisie\/author\/zohra-abid-2015\/"}]}},"_links":{"self":[{"href":"https:\/\/kapitalis.com\/tunisie\/wp-json\/wp\/v2\/posts\/69622","targetHints":{"allow":["GET"]}}],"collection":[{"href":"https:\/\/kapitalis.com\/tunisie\/wp-json\/wp\/v2\/posts"}],"about":[{"href":"https:\/\/kapitalis.com\/tunisie\/wp-json\/wp\/v2\/types\/post"}],"author":[{"embeddable":true,"href":"https:\/\/kapitalis.com\/tunisie\/wp-json\/wp\/v2\/users\/7"}],"replies":[{"embeddable":true,"href":"https:\/\/kapitalis.com\/tunisie\/wp-json\/wp\/v2\/comments?post=69622"}],"version-history":[{"count":0,"href":"https:\/\/kapitalis.com\/tunisie\/wp-json\/wp\/v2\/posts\/69622\/revisions"}],"wp:featuredmedia":[{"embeddable":true,"href":"https:\/\/kapitalis.com\/tunisie\/wp-json\/wp\/v2\/media\/69633"}],"wp:attachment":[{"href":"https:\/\/kapitalis.com\/tunisie\/wp-json\/wp\/v2\/media?parent=69622"}],"wp:term":[{"taxonomy":"category","embeddable":true,"href":"https:\/\/kapitalis.com\/tunisie\/wp-json\/wp\/v2\/categories?post=69622"},{"taxonomy":"post_tag","embeddable":true,"href":"https:\/\/kapitalis.com\/tunisie\/wp-json\/wp\/v2\/tags?post=69622"}],"curies":[{"name":"wp","href":"https:\/\/api.w.org\/{rel}","templated":true}]}}