{"id":6976503,"date":"2023-03-17T08:01:55","date_gmt":"2023-03-17T07:01:55","guid":{"rendered":"https:\/\/kapitalis.com\/tunisie\/?p=6976503"},"modified":"2023-03-17T08:01:56","modified_gmt":"2023-03-17T07:01:56","slug":"tunis-accueille-le-festival-international-des-technologies-emergentes","status":"publish","type":"post","link":"https:\/\/kapitalis.com\/tunisie\/2023\/03\/17\/tunis-accueille-le-festival-international-des-technologies-emergentes\/","title":{"rendered":"Tunis accueille le Festival international des technologies \u00e9mergentes"},"content":{"rendered":"\n<p><strong><em>StartupGatex organise, le 18 mars 2023, le Festival international des technologies \u00e9mergentes, en collaboration avec l\u2019Agence pour la promotion de l\u2019industrie et de l\u2019innovation (APII).<\/em><\/strong><\/p>\n\n\n\n<!--more-->\n\n\n\n<p>Le festival est organis\u00e9 en partenariat avec Organisation du monde islamique pour l&rsquo;\u00e9ducation, les sciences et la culture (Icesco). Il r\u00e9unira plus de 200 entrepreneurs de 50 pays membres dans le but de mettre en r\u00e9seau les petites et moyennes entreprises (PME) et les startups en Tunisie avec des entreprises internationales.<\/p>\n\n\n\n<p>Le festival, qui verra la participation de 10 pays arabes et de 30 experts en entrepreneuriat, vise \u00e0 trouver des financements et \u00e0 promouvoir les avanc\u00e9es technologiques des startups tunisiennes en vue de construire des partenariats gagnant-gagnant.<\/p>\n\n\n\n<p>Il est \u00e9galement con\u00e7u pour favoriser la communication entre les jeunes entrepreneurs et les PME op\u00e9rant dans le commerce \u00e9lectronique, le tourisme, les solutions financi\u00e8res, le d\u00e9veloppement durable et la sant\u00e9.<\/p>\n\n\n\n<p>Des sessions de formation pour renforcer les capacit\u00e9s des jeunes entrepreneurs tunisiens sont au programme, ainsi que des rencontres B2B pour 100 entrepreneurs tunisiens.<\/p>\n","protected":false},"excerpt":{"rendered":"<p>Le Festival international des technologies \u00e9mergentes se tiendra le 18 mars 2023 \u00e0 Tunis. <\/p>\n","protected":false},"author":8,"featured_media":6976526,"comment_status":"open","ping_status":"open","sticky":false,"template":"","format":"standard","meta":{"footnotes":""},"categories":[995,2433],"tags":[3415,4849,107408,96033,62643],"class_list":["post-6976503","post","type-post","status-publish","format-standard","has-post-thumbnail","hentry","category-economie","category-tunisie","tag-apii","tag-entrepreneuriat","tag-icesco","tag-startupgatex","tag-tunisie"],"yoast_head":"<!-- This site is optimized with the Yoast SEO plugin v26.6 - https:\/\/yoast.com\/wordpress\/plugins\/seo\/ -->\n<title>Tunis accueille le Festival international des technologies \u00e9mergentes - Kapitalis<\/title>\n<meta name=\"robots\" content=\"index, follow, max-snippet:-1, max-image-preview:large, max-video-preview:-1\" \/>\n<link rel=\"canonical\" href=\"https:\/\/kapitalis.com\/tunisie\/2023\/03\/17\/tunis-accueille-le-festival-international-des-technologies-emergentes\/\" \/>\n<meta property=\"og:locale\" content=\"fr_FR\" \/>\n<meta property=\"og:type\" content=\"article\" \/>\n<meta property=\"og:title\" content=\"Tunis accueille le Festival international des technologies \u00e9mergentes - Kapitalis\" \/>\n<meta property=\"og:description\" content=\"Le Festival international des technologies \u00e9mergentes se tiendra le 18 mars 2023 \u00e0 Tunis.\" \/>\n<meta property=\"og:url\" content=\"https:\/\/kapitalis.com\/tunisie\/2023\/03\/17\/tunis-accueille-le-festival-international-des-technologies-emergentes\/\" \/>\n<meta property=\"og:site_name\" content=\"Kapitalis\" \/>\n<meta property=\"article:publisher\" content=\"https:\/\/www.facebook.com\/KapitalisInfo\/\" \/>\n<meta property=\"article:published_time\" content=\"2023-03-17T07:01:55+00:00\" \/>\n<meta property=\"article:modified_time\" content=\"2023-03-17T07:01:56+00:00\" \/>\n<meta property=\"og:image\" content=\"https:\/\/kapitalis.com\/tunisie\/wp-content\/uploads\/2023\/03\/Startup-Gatex-APII.jpg\" \/>\n\t<meta property=\"og:image:width\" content=\"1200\" \/>\n\t<meta property=\"og:image:height\" content=\"630\" \/>\n\t<meta property=\"og:image:type\" content=\"image\/jpeg\" \/>\n<meta name=\"author\" content=\"webmaster kapitalis\" \/>\n<meta name=\"twitter:card\" content=\"summary_large_image\" \/>\n<meta name=\"twitter:creator\" content=\"@KapitalisInfo\" \/>\n<meta name=\"twitter:site\" content=\"@KapitalisInfo\" \/>\n<meta name=\"twitter:label1\" content=\"\u00c9crit par\" \/>\n\t<meta name=\"twitter:data1\" content=\"webmaster kapitalis\" \/>\n\t<meta name=\"twitter:label2\" content=\"Dur\u00e9e de lecture estim\u00e9e\" \/>\n\t<meta name=\"twitter:data2\" content=\"1 minute\" \/>\n<script type=\"application\/ld+json\" class=\"yoast-schema-graph\">{\"@context\":\"https:\/\/schema.org\",\"@graph\":[{\"@type\":\"Article\",\"@id\":\"https:\/\/kapitalis.com\/tunisie\/2023\/03\/17\/tunis-accueille-le-festival-international-des-technologies-emergentes\/#article\",\"isPartOf\":{\"@id\":\"https:\/\/kapitalis.com\/tunisie\/2023\/03\/17\/tunis-accueille-le-festival-international-des-technologies-emergentes\/\"},\"author\":{\"name\":\"webmaster kapitalis\",\"@id\":\"https:\/\/kapitalis.com\/tunisie\/#\/schema\/person\/d71f33a9ca44f7bad4698210b480c8e9\"},\"headline\":\"Tunis accueille le Festival international des technologies \u00e9mergentes\",\"datePublished\":\"2023-03-17T07:01:55+00:00\",\"dateModified\":\"2023-03-17T07:01:56+00:00\",\"mainEntityOfPage\":{\"@id\":\"https:\/\/kapitalis.com\/tunisie\/2023\/03\/17\/tunis-accueille-le-festival-international-des-technologies-emergentes\/\"},\"wordCount\":180,\"commentCount\":0,\"publisher\":{\"@id\":\"https:\/\/kapitalis.com\/tunisie\/#organization\"},\"image\":{\"@id\":\"https:\/\/kapitalis.com\/tunisie\/2023\/03\/17\/tunis-accueille-le-festival-international-des-technologies-emergentes\/#primaryimage\"},\"thumbnailUrl\":\"https:\/\/kapitalis.com\/tunisie\/wp-content\/uploads\/2023\/03\/Startup-Gatex-APII.jpg\",\"keywords\":[\"APII\",\"entrepreneuriat\",\"Icesco\",\"StartupgateX\",\"Tunisie\"],\"articleSection\":[\"ECONOMIE\",\"Tunisie\"],\"inLanguage\":\"fr-FR\",\"potentialAction\":[{\"@type\":\"CommentAction\",\"name\":\"Comment\",\"target\":[\"https:\/\/kapitalis.com\/tunisie\/2023\/03\/17\/tunis-accueille-le-festival-international-des-technologies-emergentes\/#respond\"]}]},{\"@type\":\"WebPage\",\"@id\":\"https:\/\/kapitalis.com\/tunisie\/2023\/03\/17\/tunis-accueille-le-festival-international-des-technologies-emergentes\/\",\"url\":\"https:\/\/kapitalis.com\/tunisie\/2023\/03\/17\/tunis-accueille-le-festival-international-des-technologies-emergentes\/\",\"name\":\"Tunis accueille le Festival international des technologies \u00e9mergentes - Kapitalis\",\"isPartOf\":{\"@id\":\"https:\/\/kapitalis.com\/tunisie\/#website\"},\"primaryImageOfPage\":{\"@id\":\"https:\/\/kapitalis.com\/tunisie\/2023\/03\/17\/tunis-accueille-le-festival-international-des-technologies-emergentes\/#primaryimage\"},\"image\":{\"@id\":\"https:\/\/kapitalis.com\/tunisie\/2023\/03\/17\/tunis-accueille-le-festival-international-des-technologies-emergentes\/#primaryimage\"},\"thumbnailUrl\":\"https:\/\/kapitalis.com\/tunisie\/wp-content\/uploads\/2023\/03\/Startup-Gatex-APII.jpg\",\"datePublished\":\"2023-03-17T07:01:55+00:00\",\"dateModified\":\"2023-03-17T07:01:56+00:00\",\"breadcrumb\":{\"@id\":\"https:\/\/kapitalis.com\/tunisie\/2023\/03\/17\/tunis-accueille-le-festival-international-des-technologies-emergentes\/#breadcrumb\"},\"inLanguage\":\"fr-FR\",\"potentialAction\":[{\"@type\":\"ReadAction\",\"target\":[\"https:\/\/kapitalis.com\/tunisie\/2023\/03\/17\/tunis-accueille-le-festival-international-des-technologies-emergentes\/\"]}]},{\"@type\":\"ImageObject\",\"inLanguage\":\"fr-FR\",\"@id\":\"https:\/\/kapitalis.com\/tunisie\/2023\/03\/17\/tunis-accueille-le-festival-international-des-technologies-emergentes\/#primaryimage\",\"url\":\"https:\/\/kapitalis.com\/tunisie\/wp-content\/uploads\/2023\/03\/Startup-Gatex-APII.jpg\",\"contentUrl\":\"https:\/\/kapitalis.com\/tunisie\/wp-content\/uploads\/2023\/03\/Startup-Gatex-APII.jpg\",\"width\":1200,\"height\":630},{\"@type\":\"BreadcrumbList\",\"@id\":\"https:\/\/kapitalis.com\/tunisie\/2023\/03\/17\/tunis-accueille-le-festival-international-des-technologies-emergentes\/#breadcrumb\",\"itemListElement\":[{\"@type\":\"ListItem\",\"position\":1,\"name\":\"Accueil\",\"item\":\"https:\/\/kapitalis.com\/tunisie\/\"},{\"@type\":\"ListItem\",\"position\":2,\"name\":\"Tunis accueille le Festival international des technologies \u00e9mergentes\"}]},{\"@type\":\"WebSite\",\"@id\":\"https:\/\/kapitalis.com\/tunisie\/#website\",\"url\":\"https:\/\/kapitalis.com\/tunisie\/\",\"name\":\"Kapitalis\",\"description\":\"L&#039;actualit\u00e9 en Tunisie et dans le monde\",\"publisher\":{\"@id\":\"https:\/\/kapitalis.com\/tunisie\/#organization\"},\"potentialAction\":[{\"@type\":\"SearchAction\",\"target\":{\"@type\":\"EntryPoint\",\"urlTemplate\":\"https:\/\/kapitalis.com\/tunisie\/?s={search_term_string}\"},\"query-input\":{\"@type\":\"PropertyValueSpecification\",\"valueRequired\":true,\"valueName\":\"search_term_string\"}}],\"inLanguage\":\"fr-FR\"},{\"@type\":\"Organization\",\"@id\":\"https:\/\/kapitalis.com\/tunisie\/#organization\",\"name\":\"Kapitalis\",\"url\":\"https:\/\/kapitalis.com\/tunisie\/\",\"logo\":{\"@type\":\"ImageObject\",\"inLanguage\":\"fr-FR\",\"@id\":\"https:\/\/kapitalis.com\/tunisie\/#\/schema\/logo\/image\/\",\"url\":\"https:\/\/kapitalis.com\/tunisie\/wp-content\/uploads\/2022\/05\/Kapitalis-big-size.png\",\"contentUrl\":\"https:\/\/kapitalis.com\/tunisie\/wp-content\/uploads\/2022\/05\/Kapitalis-big-size.png\",\"width\":5000,\"height\":1500,\"caption\":\"Kapitalis\"},\"image\":{\"@id\":\"https:\/\/kapitalis.com\/tunisie\/#\/schema\/logo\/image\/\"},\"sameAs\":[\"https:\/\/www.facebook.com\/KapitalisInfo\/\",\"https:\/\/x.com\/KapitalisInfo\",\"https:\/\/www.youtube.com\/channel\/UC-yDYrHyfFBWWZaOw3FPg9Q\"]},{\"@type\":\"Person\",\"@id\":\"https:\/\/kapitalis.com\/tunisie\/#\/schema\/person\/d71f33a9ca44f7bad4698210b480c8e9\",\"name\":\"webmaster kapitalis\",\"url\":\"https:\/\/kapitalis.com\/tunisie\/author\/webmaster-kapitalis\/\"}]}<\/script>\n<!-- \/ Yoast SEO plugin. -->","yoast_head_json":{"title":"Tunis accueille le Festival international des technologies \u00e9mergentes - Kapitalis","robots":{"index":"index","follow":"follow","max-snippet":"max-snippet:-1","max-image-preview":"max-image-preview:large","max-video-preview":"max-video-preview:-1"},"canonical":"https:\/\/kapitalis.com\/tunisie\/2023\/03\/17\/tunis-accueille-le-festival-international-des-technologies-emergentes\/","og_locale":"fr_FR","og_type":"article","og_title":"Tunis accueille le Festival international des technologies \u00e9mergentes - Kapitalis","og_description":"Le Festival international des technologies \u00e9mergentes se tiendra le 18 mars 2023 \u00e0 Tunis.","og_url":"https:\/\/kapitalis.com\/tunisie\/2023\/03\/17\/tunis-accueille-le-festival-international-des-technologies-emergentes\/","og_site_name":"Kapitalis","article_publisher":"https:\/\/www.facebook.com\/KapitalisInfo\/","article_published_time":"2023-03-17T07:01:55+00:00","article_modified_time":"2023-03-17T07:01:56+00:00","og_image":[{"width":1200,"height":630,"url":"https:\/\/kapitalis.com\/tunisie\/wp-content\/uploads\/2023\/03\/Startup-Gatex-APII.jpg","type":"image\/jpeg"}],"author":"webmaster kapitalis","twitter_card":"summary_large_image","twitter_creator":"@KapitalisInfo","twitter_site":"@KapitalisInfo","twitter_misc":{"\u00c9crit par":"webmaster kapitalis","Dur\u00e9e de lecture estim\u00e9e":"1 minute"},"schema":{"@context":"https:\/\/schema.org","@graph":[{"@type":"Article","@id":"https:\/\/kapitalis.com\/tunisie\/2023\/03\/17\/tunis-accueille-le-festival-international-des-technologies-emergentes\/#article","isPartOf":{"@id":"https:\/\/kapitalis.com\/tunisie\/2023\/03\/17\/tunis-accueille-le-festival-international-des-technologies-emergentes\/"},"author":{"name":"webmaster kapitalis","@id":"https:\/\/kapitalis.com\/tunisie\/#\/schema\/person\/d71f33a9ca44f7bad4698210b480c8e9"},"headline":"Tunis accueille le Festival international des technologies \u00e9mergentes","datePublished":"2023-03-17T07:01:55+00:00","dateModified":"2023-03-17T07:01:56+00:00","mainEntityOfPage":{"@id":"https:\/\/kapitalis.com\/tunisie\/2023\/03\/17\/tunis-accueille-le-festival-international-des-technologies-emergentes\/"},"wordCount":180,"commentCount":0,"publisher":{"@id":"https:\/\/kapitalis.com\/tunisie\/#organization"},"image":{"@id":"https:\/\/kapitalis.com\/tunisie\/2023\/03\/17\/tunis-accueille-le-festival-international-des-technologies-emergentes\/#primaryimage"},"thumbnailUrl":"https:\/\/kapitalis.com\/tunisie\/wp-content\/uploads\/2023\/03\/Startup-Gatex-APII.jpg","keywords":["APII","entrepreneuriat","Icesco","StartupgateX","Tunisie"],"articleSection":["ECONOMIE","Tunisie"],"inLanguage":"fr-FR","potentialAction":[{"@type":"CommentAction","name":"Comment","target":["https:\/\/kapitalis.com\/tunisie\/2023\/03\/17\/tunis-accueille-le-festival-international-des-technologies-emergentes\/#respond"]}]},{"@type":"WebPage","@id":"https:\/\/kapitalis.com\/tunisie\/2023\/03\/17\/tunis-accueille-le-festival-international-des-technologies-emergentes\/","url":"https:\/\/kapitalis.com\/tunisie\/2023\/03\/17\/tunis-accueille-le-festival-international-des-technologies-emergentes\/","name":"Tunis accueille le Festival international des technologies \u00e9mergentes - Kapitalis","isPartOf":{"@id":"https:\/\/kapitalis.com\/tunisie\/#website"},"primaryImageOfPage":{"@id":"https:\/\/kapitalis.com\/tunisie\/2023\/03\/17\/tunis-accueille-le-festival-international-des-technologies-emergentes\/#primaryimage"},"image":{"@id":"https:\/\/kapitalis.com\/tunisie\/2023\/03\/17\/tunis-accueille-le-festival-international-des-technologies-emergentes\/#primaryimage"},"thumbnailUrl":"https:\/\/kapitalis.com\/tunisie\/wp-content\/uploads\/2023\/03\/Startup-Gatex-APII.jpg","datePublished":"2023-03-17T07:01:55+00:00","dateModified":"2023-03-17T07:01:56+00:00","breadcrumb":{"@id":"https:\/\/kapitalis.com\/tunisie\/2023\/03\/17\/tunis-accueille-le-festival-international-des-technologies-emergentes\/#breadcrumb"},"inLanguage":"fr-FR","potentialAction":[{"@type":"ReadAction","target":["https:\/\/kapitalis.com\/tunisie\/2023\/03\/17\/tunis-accueille-le-festival-international-des-technologies-emergentes\/"]}]},{"@type":"ImageObject","inLanguage":"fr-FR","@id":"https:\/\/kapitalis.com\/tunisie\/2023\/03\/17\/tunis-accueille-le-festival-international-des-technologies-emergentes\/#primaryimage","url":"https:\/\/kapitalis.com\/tunisie\/wp-content\/uploads\/2023\/03\/Startup-Gatex-APII.jpg","contentUrl":"https:\/\/kapitalis.com\/tunisie\/wp-content\/uploads\/2023\/03\/Startup-Gatex-APII.jpg","width":1200,"height":630},{"@type":"BreadcrumbList","@id":"https:\/\/kapitalis.com\/tunisie\/2023\/03\/17\/tunis-accueille-le-festival-international-des-technologies-emergentes\/#breadcrumb","itemListElement":[{"@type":"ListItem","position":1,"name":"Accueil","item":"https:\/\/kapitalis.com\/tunisie\/"},{"@type":"ListItem","position":2,"name":"Tunis accueille le Festival international des technologies \u00e9mergentes"}]},{"@type":"WebSite","@id":"https:\/\/kapitalis.com\/tunisie\/#website","url":"https:\/\/kapitalis.com\/tunisie\/","name":"Kapitalis","description":"L&#039;actualit\u00e9 en Tunisie et dans le monde","publisher":{"@id":"https:\/\/kapitalis.com\/tunisie\/#organization"},"potentialAction":[{"@type":"SearchAction","target":{"@type":"EntryPoint","urlTemplate":"https:\/\/kapitalis.com\/tunisie\/?s={search_term_string}"},"query-input":{"@type":"PropertyValueSpecification","valueRequired":true,"valueName":"search_term_string"}}],"inLanguage":"fr-FR"},{"@type":"Organization","@id":"https:\/\/kapitalis.com\/tunisie\/#organization","name":"Kapitalis","url":"https:\/\/kapitalis.com\/tunisie\/","logo":{"@type":"ImageObject","inLanguage":"fr-FR","@id":"https:\/\/kapitalis.com\/tunisie\/#\/schema\/logo\/image\/","url":"https:\/\/kapitalis.com\/tunisie\/wp-content\/uploads\/2022\/05\/Kapitalis-big-size.png","contentUrl":"https:\/\/kapitalis.com\/tunisie\/wp-content\/uploads\/2022\/05\/Kapitalis-big-size.png","width":5000,"height":1500,"caption":"Kapitalis"},"image":{"@id":"https:\/\/kapitalis.com\/tunisie\/#\/schema\/logo\/image\/"},"sameAs":["https:\/\/www.facebook.com\/KapitalisInfo\/","https:\/\/x.com\/KapitalisInfo","https:\/\/www.youtube.com\/channel\/UC-yDYrHyfFBWWZaOw3FPg9Q"]},{"@type":"Person","@id":"https:\/\/kapitalis.com\/tunisie\/#\/schema\/person\/d71f33a9ca44f7bad4698210b480c8e9","name":"webmaster kapitalis","url":"https:\/\/kapitalis.com\/tunisie\/author\/webmaster-kapitalis\/"}]}},"_links":{"self":[{"href":"https:\/\/kapitalis.com\/tunisie\/wp-json\/wp\/v2\/posts\/6976503","targetHints":{"allow":["GET"]}}],"collection":[{"href":"https:\/\/kapitalis.com\/tunisie\/wp-json\/wp\/v2\/posts"}],"about":[{"href":"https:\/\/kapitalis.com\/tunisie\/wp-json\/wp\/v2\/types\/post"}],"author":[{"embeddable":true,"href":"https:\/\/kapitalis.com\/tunisie\/wp-json\/wp\/v2\/users\/8"}],"replies":[{"embeddable":true,"href":"https:\/\/kapitalis.com\/tunisie\/wp-json\/wp\/v2\/comments?post=6976503"}],"version-history":[{"count":1,"href":"https:\/\/kapitalis.com\/tunisie\/wp-json\/wp\/v2\/posts\/6976503\/revisions"}],"predecessor-version":[{"id":6976549,"href":"https:\/\/kapitalis.com\/tunisie\/wp-json\/wp\/v2\/posts\/6976503\/revisions\/6976549"}],"wp:featuredmedia":[{"embeddable":true,"href":"https:\/\/kapitalis.com\/tunisie\/wp-json\/wp\/v2\/media\/6976526"}],"wp:attachment":[{"href":"https:\/\/kapitalis.com\/tunisie\/wp-json\/wp\/v2\/media?parent=6976503"}],"wp:term":[{"taxonomy":"category","embeddable":true,"href":"https:\/\/kapitalis.com\/tunisie\/wp-json\/wp\/v2\/categories?post=6976503"},{"taxonomy":"post_tag","embeddable":true,"href":"https:\/\/kapitalis.com\/tunisie\/wp-json\/wp\/v2\/tags?post=6976503"}],"curies":[{"name":"wp","href":"https:\/\/api.w.org\/{rel}","templated":true}]}}