{"id":69767,"date":"2016-10-25T19:31:35","date_gmt":"2016-10-25T18:31:35","guid":{"rendered":"http:\/\/kapitalis.com\/tunisie\/?p=69767"},"modified":"2016-10-25T19:31:35","modified_gmt":"2016-10-25T18:31:35","slug":"concertation-a-lutica-sur-le-projet-de-loi-de-finances-2017","status":"publish","type":"post","link":"https:\/\/kapitalis.com\/tunisie\/2016\/10\/25\/concertation-a-lutica-sur-le-projet-de-loi-de-finances-2017\/","title":{"rendered":"Concertation \u00e0 l\u2019Utica sur le projet de loi de finances 2017"},"content":{"rendered":"<p style=\"text-align: center;\"><img loading=\"lazy\" decoding=\"async\" class=\"alignnone size-full wp-image-69768\" src=\"http:\/\/kapitalis.com\/tunisie\/wp-content\/uploads\/2016\/10\/Utica-Reunion-secteur-prive.jpg\" alt=\"utica-reunion-secteur-prive\" width=\"626\" height=\"380\" \/><\/p>\n<p style=\"text-align: left;\"><em><strong>L\u2019Utica a abrit\u00e9, aujourd\u2019hui, une r\u00e9union consacr\u00e9e \u00e0 l\u2019examen de la situation \u00e9conomique dans le pays et \u00e0 l\u2019\u00e9tude du projet de loi de finances pour l\u2019ann\u00e9e 2017 (PLF 2017).<\/strong> <\/em><\/p>\n<p style=\"text-align: left;\"><!--more--><\/p>\n<p style=\"text-align: left;\">Ce projet, transmis r\u00e9cemment \u00e0 l\u2019Assembl\u00e9e des repr\u00e9sentants du peuple (ARP) pour discussion et adoption avant fin d\u00e9cembre 2016, a provoqu\u00e9 des r\u00e9actions mitig\u00e9es voire un rejet de la part de nombreuses cat\u00e9gories sociales et corps de m\u00e9tiers, notamment les avocats, les m\u00e9decins et les pharmaciens.<\/p>\n<p style=\"text-align: left;\">Ont pris part \u00e0 cette r\u00e9union, pr\u00e9sid\u00e9e par Ouided Bouchamaoui, pr\u00e9sidente de la centrale patronale, plusieurs membres du bureau ex\u00e9cutif, des repr\u00e9sentants de l\u2019Union tunisienne de l\u2019agriculture et de la p\u00eache (Utap), de l\u2019Institut arabe des chefs d\u2019entreprises (IACE), de l\u2019Association des professionnels de banque et des \u00e9tablissements financiers (APBEF) , de la Bourse des Valeurs Mobili\u00e8res de Tunis, de l\u2019Ordre des experts comptables de Tunisie, des assureurs, des chambres mixtes et des chambres de commerce.<\/p>\n<p style=\"text-align: left;\">Les participants ont tous estim\u00e9 que le pays traverse une phase critique qui, \u00e0 d\u00e9faut de solutions urgentes et courageuses, risque de perdurer. Ils ont soulign\u00e9 leur conviction de la n\u00e9cessit\u00e9 de partager les sacrifices pour surmonter la crise \u00e9conomique et financi\u00e8re, consid\u00e9rant toutefois que la taxe exceptionnelle sur les entreprises de 7,5% pr\u00e9vue par le PLF 2017 est \u00e9lev\u00e9e et aura une incidence sur la comp\u00e9titivit\u00e9 des entreprises et sur l\u2019effort national pour stimuler l\u2019investissement. Il est donc n\u00e9cessaire de chercher d&rsquo;autres solutions pour faire face aux difficult\u00e9s \u00e9conomiques et financi\u00e8res auxquelles fait face la Tunisie.<\/p>\n<p style=\"text-align: left;\">Le pays a besoin de croissance, ont-ils soulign\u00e9 et cette croissance a besoin d\u2019investissement, qui n\u00e9cessite un climat de confiance. Pour ce faire il faut annoncer un changement de cap courageux.<\/p>\n<p style=\"text-align: left;\">Les pr\u00e9sents ont aussi soulign\u00e9 la n\u00e9cessit\u00e9 de lancer les r\u00e9formes majeures requises par l\u2019\u00e9conomie tunisienne dans ces circonstances tr\u00e8s difficiles.<\/p>\n<p style=\"text-align: left;\">La r\u00e9union a permis de d\u00e9gager une s\u00e9rie de propositions qui seront soumises au gouvernement.<\/p>\n<p style=\"text-align: right;\"><strong>I. B.<\/strong> (avec communiqu\u00e9).<\/p>\n<p style=\"text-align: left;\">\n","protected":false},"excerpt":{"rendered":"<p>L\u2019Utica a abrit\u00e9, aujourd\u2019hui, une r\u00e9union consacr\u00e9e \u00e0 l\u2019examen de la situation \u00e9conomique dans le pays et \u00e0 l\u2019\u00e9tude du projet de loi de finances pour l\u2019ann\u00e9e 2017 (PLF 2017).<\/p>\n","protected":false},"author":8,"featured_media":69768,"comment_status":"open","ping_status":"open","sticky":false,"template":"","format":"standard","meta":{"footnotes":""},"categories":[995,2433],"tags":[10871,6614],"class_list":["post-69767","post","type-post","status-publish","format-standard","has-post-thumbnail","hentry","category-economie","category-tunisie","tag-ouided-bouchamaoui","tag-secteur-prive"],"yoast_head":"<!-- This site is optimized with the Yoast SEO plugin v26.6 - https:\/\/yoast.com\/wordpress\/plugins\/seo\/ -->\n<title>Concertation \u00e0 l\u2019Utica sur le projet de loi de finances 2017 - Kapitalis<\/title>\n<meta name=\"robots\" content=\"index, follow, max-snippet:-1, max-image-preview:large, max-video-preview:-1\" \/>\n<link rel=\"canonical\" href=\"https:\/\/kapitalis.com\/tunisie\/2016\/10\/25\/concertation-a-lutica-sur-le-projet-de-loi-de-finances-2017\/\" \/>\n<meta property=\"og:locale\" content=\"fr_FR\" \/>\n<meta property=\"og:type\" content=\"article\" \/>\n<meta property=\"og:title\" content=\"Concertation \u00e0 l\u2019Utica sur le projet de loi de finances 2017 - Kapitalis\" \/>\n<meta property=\"og:description\" content=\"L\u2019Utica a abrit\u00e9, aujourd\u2019hui, une r\u00e9union consacr\u00e9e \u00e0 l\u2019examen de la situation \u00e9conomique dans le pays et \u00e0 l\u2019\u00e9tude du projet de loi de finances pour l\u2019ann\u00e9e 2017 (PLF 2017).\" \/>\n<meta property=\"og:url\" content=\"https:\/\/kapitalis.com\/tunisie\/2016\/10\/25\/concertation-a-lutica-sur-le-projet-de-loi-de-finances-2017\/\" \/>\n<meta property=\"og:site_name\" content=\"Kapitalis\" \/>\n<meta property=\"article:publisher\" content=\"https:\/\/www.facebook.com\/KapitalisInfo\/\" \/>\n<meta property=\"article:published_time\" content=\"2016-10-25T18:31:35+00:00\" \/>\n<meta property=\"og:image\" content=\"https:\/\/kapitalis.com\/tunisie\/wp-content\/uploads\/2022\/05\/kapitalis-logo-fb.png\" \/>\n\t<meta property=\"og:image:width\" content=\"1200\" \/>\n\t<meta property=\"og:image:height\" content=\"630\" \/>\n\t<meta property=\"og:image:type\" content=\"image\/png\" \/>\n<meta name=\"author\" content=\"webmaster kapitalis\" \/>\n<meta name=\"twitter:card\" content=\"summary_large_image\" \/>\n<meta name=\"twitter:creator\" content=\"@KapitalisInfo\" \/>\n<meta name=\"twitter:site\" content=\"@KapitalisInfo\" \/>\n<meta name=\"twitter:label1\" content=\"\u00c9crit par\" \/>\n\t<meta name=\"twitter:data1\" content=\"webmaster kapitalis\" \/>\n\t<meta name=\"twitter:label2\" content=\"Dur\u00e9e de lecture estim\u00e9e\" \/>\n\t<meta name=\"twitter:data2\" content=\"2 minutes\" \/>\n<script type=\"application\/ld+json\" class=\"yoast-schema-graph\">{\"@context\":\"https:\/\/schema.org\",\"@graph\":[{\"@type\":\"Article\",\"@id\":\"https:\/\/kapitalis.com\/tunisie\/2016\/10\/25\/concertation-a-lutica-sur-le-projet-de-loi-de-finances-2017\/#article\",\"isPartOf\":{\"@id\":\"https:\/\/kapitalis.com\/tunisie\/2016\/10\/25\/concertation-a-lutica-sur-le-projet-de-loi-de-finances-2017\/\"},\"author\":{\"name\":\"webmaster kapitalis\",\"@id\":\"https:\/\/kapitalis.com\/tunisie\/#\/schema\/person\/d71f33a9ca44f7bad4698210b480c8e9\"},\"headline\":\"Concertation \u00e0 l\u2019Utica sur le projet de loi de finances 2017\",\"datePublished\":\"2016-10-25T18:31:35+00:00\",\"mainEntityOfPage\":{\"@id\":\"https:\/\/kapitalis.com\/tunisie\/2016\/10\/25\/concertation-a-lutica-sur-le-projet-de-loi-de-finances-2017\/\"},\"wordCount\":373,\"commentCount\":0,\"publisher\":{\"@id\":\"https:\/\/kapitalis.com\/tunisie\/#organization\"},\"image\":{\"@id\":\"https:\/\/kapitalis.com\/tunisie\/2016\/10\/25\/concertation-a-lutica-sur-le-projet-de-loi-de-finances-2017\/#primaryimage\"},\"thumbnailUrl\":\"\",\"keywords\":[\"Ouided Bouchamaoui\",\"secteur priv\u00e9\"],\"articleSection\":[\"ECONOMIE\",\"Tunisie\"],\"inLanguage\":\"fr-FR\",\"potentialAction\":[{\"@type\":\"CommentAction\",\"name\":\"Comment\",\"target\":[\"https:\/\/kapitalis.com\/tunisie\/2016\/10\/25\/concertation-a-lutica-sur-le-projet-de-loi-de-finances-2017\/#respond\"]}]},{\"@type\":\"WebPage\",\"@id\":\"https:\/\/kapitalis.com\/tunisie\/2016\/10\/25\/concertation-a-lutica-sur-le-projet-de-loi-de-finances-2017\/\",\"url\":\"https:\/\/kapitalis.com\/tunisie\/2016\/10\/25\/concertation-a-lutica-sur-le-projet-de-loi-de-finances-2017\/\",\"name\":\"Concertation \u00e0 l\u2019Utica sur le projet de loi de finances 2017 - Kapitalis\",\"isPartOf\":{\"@id\":\"https:\/\/kapitalis.com\/tunisie\/#website\"},\"primaryImageOfPage\":{\"@id\":\"https:\/\/kapitalis.com\/tunisie\/2016\/10\/25\/concertation-a-lutica-sur-le-projet-de-loi-de-finances-2017\/#primaryimage\"},\"image\":{\"@id\":\"https:\/\/kapitalis.com\/tunisie\/2016\/10\/25\/concertation-a-lutica-sur-le-projet-de-loi-de-finances-2017\/#primaryimage\"},\"thumbnailUrl\":\"\",\"datePublished\":\"2016-10-25T18:31:35+00:00\",\"breadcrumb\":{\"@id\":\"https:\/\/kapitalis.com\/tunisie\/2016\/10\/25\/concertation-a-lutica-sur-le-projet-de-loi-de-finances-2017\/#breadcrumb\"},\"inLanguage\":\"fr-FR\",\"potentialAction\":[{\"@type\":\"ReadAction\",\"target\":[\"https:\/\/kapitalis.com\/tunisie\/2016\/10\/25\/concertation-a-lutica-sur-le-projet-de-loi-de-finances-2017\/\"]}]},{\"@type\":\"ImageObject\",\"inLanguage\":\"fr-FR\",\"@id\":\"https:\/\/kapitalis.com\/tunisie\/2016\/10\/25\/concertation-a-lutica-sur-le-projet-de-loi-de-finances-2017\/#primaryimage\",\"url\":\"\",\"contentUrl\":\"\"},{\"@type\":\"BreadcrumbList\",\"@id\":\"https:\/\/kapitalis.com\/tunisie\/2016\/10\/25\/concertation-a-lutica-sur-le-projet-de-loi-de-finances-2017\/#breadcrumb\",\"itemListElement\":[{\"@type\":\"ListItem\",\"position\":1,\"name\":\"Accueil\",\"item\":\"https:\/\/kapitalis.com\/tunisie\/\"},{\"@type\":\"ListItem\",\"position\":2,\"name\":\"Concertation \u00e0 l\u2019Utica sur le projet de loi de finances 2017\"}]},{\"@type\":\"WebSite\",\"@id\":\"https:\/\/kapitalis.com\/tunisie\/#website\",\"url\":\"https:\/\/kapitalis.com\/tunisie\/\",\"name\":\"Kapitalis\",\"description\":\"L&#039;actualit\u00e9 en Tunisie et dans le monde\",\"publisher\":{\"@id\":\"https:\/\/kapitalis.com\/tunisie\/#organization\"},\"potentialAction\":[{\"@type\":\"SearchAction\",\"target\":{\"@type\":\"EntryPoint\",\"urlTemplate\":\"https:\/\/kapitalis.com\/tunisie\/?s={search_term_string}\"},\"query-input\":{\"@type\":\"PropertyValueSpecification\",\"valueRequired\":true,\"valueName\":\"search_term_string\"}}],\"inLanguage\":\"fr-FR\"},{\"@type\":\"Organization\",\"@id\":\"https:\/\/kapitalis.com\/tunisie\/#organization\",\"name\":\"Kapitalis\",\"url\":\"https:\/\/kapitalis.com\/tunisie\/\",\"logo\":{\"@type\":\"ImageObject\",\"inLanguage\":\"fr-FR\",\"@id\":\"https:\/\/kapitalis.com\/tunisie\/#\/schema\/logo\/image\/\",\"url\":\"https:\/\/kapitalis.com\/tunisie\/wp-content\/uploads\/2022\/05\/Kapitalis-big-size.png\",\"contentUrl\":\"https:\/\/kapitalis.com\/tunisie\/wp-content\/uploads\/2022\/05\/Kapitalis-big-size.png\",\"width\":5000,\"height\":1500,\"caption\":\"Kapitalis\"},\"image\":{\"@id\":\"https:\/\/kapitalis.com\/tunisie\/#\/schema\/logo\/image\/\"},\"sameAs\":[\"https:\/\/www.facebook.com\/KapitalisInfo\/\",\"https:\/\/x.com\/KapitalisInfo\",\"https:\/\/www.youtube.com\/channel\/UC-yDYrHyfFBWWZaOw3FPg9Q\"]},{\"@type\":\"Person\",\"@id\":\"https:\/\/kapitalis.com\/tunisie\/#\/schema\/person\/d71f33a9ca44f7bad4698210b480c8e9\",\"name\":\"webmaster kapitalis\",\"url\":\"https:\/\/kapitalis.com\/tunisie\/author\/webmaster-kapitalis\/\"}]}<\/script>\n<!-- \/ Yoast SEO plugin. -->","yoast_head_json":{"title":"Concertation \u00e0 l\u2019Utica sur le projet de loi de finances 2017 - Kapitalis","robots":{"index":"index","follow":"follow","max-snippet":"max-snippet:-1","max-image-preview":"max-image-preview:large","max-video-preview":"max-video-preview:-1"},"canonical":"https:\/\/kapitalis.com\/tunisie\/2016\/10\/25\/concertation-a-lutica-sur-le-projet-de-loi-de-finances-2017\/","og_locale":"fr_FR","og_type":"article","og_title":"Concertation \u00e0 l\u2019Utica sur le projet de loi de finances 2017 - Kapitalis","og_description":"L\u2019Utica a abrit\u00e9, aujourd\u2019hui, une r\u00e9union consacr\u00e9e \u00e0 l\u2019examen de la situation \u00e9conomique dans le pays et \u00e0 l\u2019\u00e9tude du projet de loi de finances pour l\u2019ann\u00e9e 2017 (PLF 2017).","og_url":"https:\/\/kapitalis.com\/tunisie\/2016\/10\/25\/concertation-a-lutica-sur-le-projet-de-loi-de-finances-2017\/","og_site_name":"Kapitalis","article_publisher":"https:\/\/www.facebook.com\/KapitalisInfo\/","article_published_time":"2016-10-25T18:31:35+00:00","og_image":[{"width":1200,"height":630,"url":"https:\/\/kapitalis.com\/tunisie\/wp-content\/uploads\/2022\/05\/kapitalis-logo-fb.png","type":"image\/png"}],"author":"webmaster kapitalis","twitter_card":"summary_large_image","twitter_creator":"@KapitalisInfo","twitter_site":"@KapitalisInfo","twitter_misc":{"\u00c9crit par":"webmaster kapitalis","Dur\u00e9e de lecture estim\u00e9e":"2 minutes"},"schema":{"@context":"https:\/\/schema.org","@graph":[{"@type":"Article","@id":"https:\/\/kapitalis.com\/tunisie\/2016\/10\/25\/concertation-a-lutica-sur-le-projet-de-loi-de-finances-2017\/#article","isPartOf":{"@id":"https:\/\/kapitalis.com\/tunisie\/2016\/10\/25\/concertation-a-lutica-sur-le-projet-de-loi-de-finances-2017\/"},"author":{"name":"webmaster kapitalis","@id":"https:\/\/kapitalis.com\/tunisie\/#\/schema\/person\/d71f33a9ca44f7bad4698210b480c8e9"},"headline":"Concertation \u00e0 l\u2019Utica sur le projet de loi de finances 2017","datePublished":"2016-10-25T18:31:35+00:00","mainEntityOfPage":{"@id":"https:\/\/kapitalis.com\/tunisie\/2016\/10\/25\/concertation-a-lutica-sur-le-projet-de-loi-de-finances-2017\/"},"wordCount":373,"commentCount":0,"publisher":{"@id":"https:\/\/kapitalis.com\/tunisie\/#organization"},"image":{"@id":"https:\/\/kapitalis.com\/tunisie\/2016\/10\/25\/concertation-a-lutica-sur-le-projet-de-loi-de-finances-2017\/#primaryimage"},"thumbnailUrl":"","keywords":["Ouided Bouchamaoui","secteur priv\u00e9"],"articleSection":["ECONOMIE","Tunisie"],"inLanguage":"fr-FR","potentialAction":[{"@type":"CommentAction","name":"Comment","target":["https:\/\/kapitalis.com\/tunisie\/2016\/10\/25\/concertation-a-lutica-sur-le-projet-de-loi-de-finances-2017\/#respond"]}]},{"@type":"WebPage","@id":"https:\/\/kapitalis.com\/tunisie\/2016\/10\/25\/concertation-a-lutica-sur-le-projet-de-loi-de-finances-2017\/","url":"https:\/\/kapitalis.com\/tunisie\/2016\/10\/25\/concertation-a-lutica-sur-le-projet-de-loi-de-finances-2017\/","name":"Concertation \u00e0 l\u2019Utica sur le projet de loi de finances 2017 - Kapitalis","isPartOf":{"@id":"https:\/\/kapitalis.com\/tunisie\/#website"},"primaryImageOfPage":{"@id":"https:\/\/kapitalis.com\/tunisie\/2016\/10\/25\/concertation-a-lutica-sur-le-projet-de-loi-de-finances-2017\/#primaryimage"},"image":{"@id":"https:\/\/kapitalis.com\/tunisie\/2016\/10\/25\/concertation-a-lutica-sur-le-projet-de-loi-de-finances-2017\/#primaryimage"},"thumbnailUrl":"","datePublished":"2016-10-25T18:31:35+00:00","breadcrumb":{"@id":"https:\/\/kapitalis.com\/tunisie\/2016\/10\/25\/concertation-a-lutica-sur-le-projet-de-loi-de-finances-2017\/#breadcrumb"},"inLanguage":"fr-FR","potentialAction":[{"@type":"ReadAction","target":["https:\/\/kapitalis.com\/tunisie\/2016\/10\/25\/concertation-a-lutica-sur-le-projet-de-loi-de-finances-2017\/"]}]},{"@type":"ImageObject","inLanguage":"fr-FR","@id":"https:\/\/kapitalis.com\/tunisie\/2016\/10\/25\/concertation-a-lutica-sur-le-projet-de-loi-de-finances-2017\/#primaryimage","url":"","contentUrl":""},{"@type":"BreadcrumbList","@id":"https:\/\/kapitalis.com\/tunisie\/2016\/10\/25\/concertation-a-lutica-sur-le-projet-de-loi-de-finances-2017\/#breadcrumb","itemListElement":[{"@type":"ListItem","position":1,"name":"Accueil","item":"https:\/\/kapitalis.com\/tunisie\/"},{"@type":"ListItem","position":2,"name":"Concertation \u00e0 l\u2019Utica sur le projet de loi de finances 2017"}]},{"@type":"WebSite","@id":"https:\/\/kapitalis.com\/tunisie\/#website","url":"https:\/\/kapitalis.com\/tunisie\/","name":"Kapitalis","description":"L&#039;actualit\u00e9 en Tunisie et dans le monde","publisher":{"@id":"https:\/\/kapitalis.com\/tunisie\/#organization"},"potentialAction":[{"@type":"SearchAction","target":{"@type":"EntryPoint","urlTemplate":"https:\/\/kapitalis.com\/tunisie\/?s={search_term_string}"},"query-input":{"@type":"PropertyValueSpecification","valueRequired":true,"valueName":"search_term_string"}}],"inLanguage":"fr-FR"},{"@type":"Organization","@id":"https:\/\/kapitalis.com\/tunisie\/#organization","name":"Kapitalis","url":"https:\/\/kapitalis.com\/tunisie\/","logo":{"@type":"ImageObject","inLanguage":"fr-FR","@id":"https:\/\/kapitalis.com\/tunisie\/#\/schema\/logo\/image\/","url":"https:\/\/kapitalis.com\/tunisie\/wp-content\/uploads\/2022\/05\/Kapitalis-big-size.png","contentUrl":"https:\/\/kapitalis.com\/tunisie\/wp-content\/uploads\/2022\/05\/Kapitalis-big-size.png","width":5000,"height":1500,"caption":"Kapitalis"},"image":{"@id":"https:\/\/kapitalis.com\/tunisie\/#\/schema\/logo\/image\/"},"sameAs":["https:\/\/www.facebook.com\/KapitalisInfo\/","https:\/\/x.com\/KapitalisInfo","https:\/\/www.youtube.com\/channel\/UC-yDYrHyfFBWWZaOw3FPg9Q"]},{"@type":"Person","@id":"https:\/\/kapitalis.com\/tunisie\/#\/schema\/person\/d71f33a9ca44f7bad4698210b480c8e9","name":"webmaster kapitalis","url":"https:\/\/kapitalis.com\/tunisie\/author\/webmaster-kapitalis\/"}]}},"_links":{"self":[{"href":"https:\/\/kapitalis.com\/tunisie\/wp-json\/wp\/v2\/posts\/69767","targetHints":{"allow":["GET"]}}],"collection":[{"href":"https:\/\/kapitalis.com\/tunisie\/wp-json\/wp\/v2\/posts"}],"about":[{"href":"https:\/\/kapitalis.com\/tunisie\/wp-json\/wp\/v2\/types\/post"}],"author":[{"embeddable":true,"href":"https:\/\/kapitalis.com\/tunisie\/wp-json\/wp\/v2\/users\/8"}],"replies":[{"embeddable":true,"href":"https:\/\/kapitalis.com\/tunisie\/wp-json\/wp\/v2\/comments?post=69767"}],"version-history":[{"count":0,"href":"https:\/\/kapitalis.com\/tunisie\/wp-json\/wp\/v2\/posts\/69767\/revisions"}],"wp:featuredmedia":[{"embeddable":true,"href":"https:\/\/kapitalis.com\/tunisie\/wp-json\/wp\/v2\/media\/69768"}],"wp:attachment":[{"href":"https:\/\/kapitalis.com\/tunisie\/wp-json\/wp\/v2\/media?parent=69767"}],"wp:term":[{"taxonomy":"category","embeddable":true,"href":"https:\/\/kapitalis.com\/tunisie\/wp-json\/wp\/v2\/categories?post=69767"},{"taxonomy":"post_tag","embeddable":true,"href":"https:\/\/kapitalis.com\/tunisie\/wp-json\/wp\/v2\/tags?post=69767"}],"curies":[{"name":"wp","href":"https:\/\/api.w.org\/{rel}","templated":true}]}}