{"id":6980881,"date":"2023-03-17T17:41:38","date_gmt":"2023-03-17T16:41:38","guid":{"rendered":"https:\/\/kapitalis.com\/tunisie\/?p=6980881"},"modified":"2023-03-17T17:52:55","modified_gmt":"2023-03-17T16:52:55","slug":"tunisie-vague-de-soutien-a-la-journaliste-monia-arfaoui-convoquee-par-la-police-judiciaire-a-el-gorjani","status":"publish","type":"post","link":"https:\/\/kapitalis.com\/tunisie\/2023\/03\/17\/tunisie-vague-de-soutien-a-la-journaliste-monia-arfaoui-convoquee-par-la-police-judiciaire-a-el-gorjani\/","title":{"rendered":"Tunisie : Vague de soutien \u00e0 la journaliste Monia Arfaoui convoqu\u00e9e par la police judiciaire \u00e0 El-Gorjani"},"content":{"rendered":"\n<p><em><strong>Monia Arfaoui journaliste \u00e0 Dar Assabah (Assabah News) a annonc\u00e9, ce vendredi 17 mars 2023, qu&rsquo;elle a \u00e9t\u00e9 convoqu\u00e9e par la police judiciaire pour interrogatoire.<\/strong><\/em><\/p>\n\n\n\n<!--more-->\n\n\n\n<p>Selon la convocation qu&rsquo;elle a re\u00e7ue ce jour au si\u00e8ge du journal, la journaliste devra se pr\u00e9senter le 24 mars \u00e0 10h \u00e0 la sous direction des affaires criminelles relevant de la direction de la police judiciaire d&rsquo;El-Gorjani.<\/p>\n\n\n<div class=\"wp-block-image\">\n<figure class=\"aligncenter size-full is-resized\"><img decoding=\"async\" src=\"https:\/\/kapitalis.com\/tunisie\/wp-content\/uploads\/2023\/03\/convo.jpg\" alt=\"\" class=\"wp-image-6980920\" width=\"500\" srcset=\"https:\/\/kapitalis.com\/tunisie\/wp-content\/uploads\/2023\/03\/convo.jpg 688w, https:\/\/kapitalis.com\/tunisie\/wp-content\/uploads\/2023\/03\/convo-300x252.jpg 300w, https:\/\/kapitalis.com\/tunisie\/wp-content\/uploads\/2023\/03\/convo-580x486.jpg 580w\" sizes=\"(max-width: 688px) 100vw, 688px\" \/><\/figure>\n<\/div>\n\n\n<p>Monia Arfaoui affirme ne pas conna\u00eetre les raisons de cette convocation, d&rsquo;autant qu&rsquo;elles ne sont pas mentionn\u00e9es dans la convocation, o\u00f9 l&rsquo;on indique cependant qu&rsquo;elle devra se pr\u00e9senter suite \u00e0 une plainte dont elle fait l&rsquo;objet.<\/p>\n\n\n\n<p>Notons que plusieurs journalistes, activistes et personnalit\u00e9s ont exprim\u00e9 leur soutien et leur solidarit\u00e9 avec Monia Arfaoui et ont r\u00e9affirm\u00e9 leur engagement pour une presse libre en Tunisie.<\/p>\n\n\n\n<p class=\"has-text-align-right\"><strong>Y. N.<\/strong><\/p>\n","protected":false},"excerpt":{"rendered":"<p>Tunisie : Vague de soutien \u00e0 la journaliste Monia Arfaoui convoqu\u00e9e par la police judiciaire \u00e0 El-Gorjani<\/p>\n","protected":false},"author":6,"featured_media":6980930,"comment_status":"open","ping_status":"open","sticky":false,"template":"","format":"standard","meta":{"footnotes":""},"categories":[996,998,2433],"tags":[92708,13579,8098,1380,107424,729,1139,1953,62643],"class_list":["post-6980881","post","type-post","status-publish","format-standard","has-post-thumbnail","hentry","category-media","category-societe","category-tunisie","tag-convocation","tag-dar-assabah","tag-el-gorjani","tag-journaliste","tag-monia-arfaoui","tag-police-judiciaire","tag-solidarite","tag-soutien","tag-tunisie"],"yoast_head":"<!-- This site is optimized with the Yoast SEO plugin v26.6 - https:\/\/yoast.com\/wordpress\/plugins\/seo\/ -->\n<title>Tunisie : Vague de soutien \u00e0 la journaliste Monia Arfaoui convoqu\u00e9e par la police judiciaire \u00e0 El-Gorjani - Kapitalis<\/title>\n<meta name=\"description\" content=\"Monia Arfaoui journaliste \u00e0 Dar Assabah (Assabah News) a annonc\u00e9, ce vendredi 17 mars 2023, qu&#039;elle a \u00e9t\u00e9 convoqu\u00e9e par la police pour interrogatoire.\" \/>\n<meta name=\"robots\" content=\"index, follow, max-snippet:-1, max-image-preview:large, max-video-preview:-1\" \/>\n<link rel=\"canonical\" href=\"https:\/\/kapitalis.com\/tunisie\/2023\/03\/17\/tunisie-vague-de-soutien-a-la-journaliste-monia-arfaoui-convoquee-par-la-police-judiciaire-a-el-gorjani\/\" \/>\n<meta property=\"og:locale\" content=\"fr_FR\" \/>\n<meta property=\"og:type\" content=\"article\" \/>\n<meta property=\"og:title\" content=\"Tunisie : Vague de soutien \u00e0 la journaliste Monia Arfaoui convoqu\u00e9e par la police judiciaire \u00e0 El-Gorjani - Kapitalis\" \/>\n<meta property=\"og:description\" content=\"Monia Arfaoui journaliste \u00e0 Dar Assabah (Assabah News) a annonc\u00e9, ce vendredi 17 mars 2023, qu&#039;elle a \u00e9t\u00e9 convoqu\u00e9e par la police pour interrogatoire.\" \/>\n<meta property=\"og:url\" content=\"https:\/\/kapitalis.com\/tunisie\/2023\/03\/17\/tunisie-vague-de-soutien-a-la-journaliste-monia-arfaoui-convoquee-par-la-police-judiciaire-a-el-gorjani\/\" \/>\n<meta property=\"og:site_name\" content=\"Kapitalis\" \/>\n<meta property=\"article:publisher\" content=\"https:\/\/www.facebook.com\/KapitalisInfo\/\" \/>\n<meta property=\"article:published_time\" content=\"2023-03-17T16:41:38+00:00\" \/>\n<meta property=\"article:modified_time\" content=\"2023-03-17T16:52:55+00:00\" \/>\n<meta property=\"og:image\" content=\"https:\/\/kapitalis.com\/tunisie\/wp-content\/uploads\/2023\/03\/Monia-Arfaoui.jpg\" \/>\n\t<meta property=\"og:image:width\" content=\"1200\" \/>\n\t<meta property=\"og:image:height\" content=\"630\" \/>\n\t<meta property=\"og:image:type\" content=\"image\/jpeg\" \/>\n<meta name=\"author\" content=\"Yusra NY\" \/>\n<meta name=\"twitter:card\" content=\"summary_large_image\" \/>\n<meta name=\"twitter:creator\" content=\"@KapitalisInfo\" \/>\n<meta name=\"twitter:site\" content=\"@KapitalisInfo\" \/>\n<meta name=\"twitter:label1\" content=\"\u00c9crit par\" \/>\n\t<meta name=\"twitter:data1\" content=\"Yusra NY\" \/>\n\t<meta name=\"twitter:label2\" content=\"Dur\u00e9e de lecture estim\u00e9e\" \/>\n\t<meta name=\"twitter:data2\" content=\"1 minute\" \/>\n<script type=\"application\/ld+json\" class=\"yoast-schema-graph\">{\"@context\":\"https:\/\/schema.org\",\"@graph\":[{\"@type\":\"Article\",\"@id\":\"https:\/\/kapitalis.com\/tunisie\/2023\/03\/17\/tunisie-vague-de-soutien-a-la-journaliste-monia-arfaoui-convoquee-par-la-police-judiciaire-a-el-gorjani\/#article\",\"isPartOf\":{\"@id\":\"https:\/\/kapitalis.com\/tunisie\/2023\/03\/17\/tunisie-vague-de-soutien-a-la-journaliste-monia-arfaoui-convoquee-par-la-police-judiciaire-a-el-gorjani\/\"},\"author\":{\"name\":\"Yusra NY\",\"@id\":\"https:\/\/kapitalis.com\/tunisie\/#\/schema\/person\/74bbde0154d49d790a92aaeac5bc01d5\"},\"headline\":\"Tunisie : Vague de soutien \u00e0 la journaliste Monia Arfaoui convoqu\u00e9e par la police judiciaire \u00e0 El-Gorjani\",\"datePublished\":\"2023-03-17T16:41:38+00:00\",\"dateModified\":\"2023-03-17T16:52:55+00:00\",\"mainEntityOfPage\":{\"@id\":\"https:\/\/kapitalis.com\/tunisie\/2023\/03\/17\/tunisie-vague-de-soutien-a-la-journaliste-monia-arfaoui-convoquee-par-la-police-judiciaire-a-el-gorjani\/\"},\"wordCount\":146,\"commentCount\":0,\"publisher\":{\"@id\":\"https:\/\/kapitalis.com\/tunisie\/#organization\"},\"image\":{\"@id\":\"https:\/\/kapitalis.com\/tunisie\/2023\/03\/17\/tunisie-vague-de-soutien-a-la-journaliste-monia-arfaoui-convoquee-par-la-police-judiciaire-a-el-gorjani\/#primaryimage\"},\"thumbnailUrl\":\"https:\/\/kapitalis.com\/tunisie\/wp-content\/uploads\/2023\/03\/Monia-Arfaoui.jpg\",\"keywords\":[\"convocation\",\"Dar Assabah\",\"El-Gorjani\",\"journaliste\",\"Monia Arfaoui\",\"police judiciaire\",\"solidarit\u00e9\",\"soutien\",\"Tunisie\"],\"articleSection\":[\"MEDIA\",\"SOCIETE\",\"Tunisie\"],\"inLanguage\":\"fr-FR\",\"potentialAction\":[{\"@type\":\"CommentAction\",\"name\":\"Comment\",\"target\":[\"https:\/\/kapitalis.com\/tunisie\/2023\/03\/17\/tunisie-vague-de-soutien-a-la-journaliste-monia-arfaoui-convoquee-par-la-police-judiciaire-a-el-gorjani\/#respond\"]}]},{\"@type\":\"WebPage\",\"@id\":\"https:\/\/kapitalis.com\/tunisie\/2023\/03\/17\/tunisie-vague-de-soutien-a-la-journaliste-monia-arfaoui-convoquee-par-la-police-judiciaire-a-el-gorjani\/\",\"url\":\"https:\/\/kapitalis.com\/tunisie\/2023\/03\/17\/tunisie-vague-de-soutien-a-la-journaliste-monia-arfaoui-convoquee-par-la-police-judiciaire-a-el-gorjani\/\",\"name\":\"Tunisie : Vague de soutien \u00e0 la journaliste Monia Arfaoui convoqu\u00e9e par la police judiciaire \u00e0 El-Gorjani - Kapitalis\",\"isPartOf\":{\"@id\":\"https:\/\/kapitalis.com\/tunisie\/#website\"},\"primaryImageOfPage\":{\"@id\":\"https:\/\/kapitalis.com\/tunisie\/2023\/03\/17\/tunisie-vague-de-soutien-a-la-journaliste-monia-arfaoui-convoquee-par-la-police-judiciaire-a-el-gorjani\/#primaryimage\"},\"image\":{\"@id\":\"https:\/\/kapitalis.com\/tunisie\/2023\/03\/17\/tunisie-vague-de-soutien-a-la-journaliste-monia-arfaoui-convoquee-par-la-police-judiciaire-a-el-gorjani\/#primaryimage\"},\"thumbnailUrl\":\"https:\/\/kapitalis.com\/tunisie\/wp-content\/uploads\/2023\/03\/Monia-Arfaoui.jpg\",\"datePublished\":\"2023-03-17T16:41:38+00:00\",\"dateModified\":\"2023-03-17T16:52:55+00:00\",\"description\":\"Monia Arfaoui journaliste \u00e0 Dar Assabah (Assabah News) a annonc\u00e9, ce vendredi 17 mars 2023, qu'elle a \u00e9t\u00e9 convoqu\u00e9e par la police pour interrogatoire.\",\"breadcrumb\":{\"@id\":\"https:\/\/kapitalis.com\/tunisie\/2023\/03\/17\/tunisie-vague-de-soutien-a-la-journaliste-monia-arfaoui-convoquee-par-la-police-judiciaire-a-el-gorjani\/#breadcrumb\"},\"inLanguage\":\"fr-FR\",\"potentialAction\":[{\"@type\":\"ReadAction\",\"target\":[\"https:\/\/kapitalis.com\/tunisie\/2023\/03\/17\/tunisie-vague-de-soutien-a-la-journaliste-monia-arfaoui-convoquee-par-la-police-judiciaire-a-el-gorjani\/\"]}]},{\"@type\":\"ImageObject\",\"inLanguage\":\"fr-FR\",\"@id\":\"https:\/\/kapitalis.com\/tunisie\/2023\/03\/17\/tunisie-vague-de-soutien-a-la-journaliste-monia-arfaoui-convoquee-par-la-police-judiciaire-a-el-gorjani\/#primaryimage\",\"url\":\"https:\/\/kapitalis.com\/tunisie\/wp-content\/uploads\/2023\/03\/Monia-Arfaoui.jpg\",\"contentUrl\":\"https:\/\/kapitalis.com\/tunisie\/wp-content\/uploads\/2023\/03\/Monia-Arfaoui.jpg\",\"width\":1200,\"height\":630},{\"@type\":\"BreadcrumbList\",\"@id\":\"https:\/\/kapitalis.com\/tunisie\/2023\/03\/17\/tunisie-vague-de-soutien-a-la-journaliste-monia-arfaoui-convoquee-par-la-police-judiciaire-a-el-gorjani\/#breadcrumb\",\"itemListElement\":[{\"@type\":\"ListItem\",\"position\":1,\"name\":\"Accueil\",\"item\":\"https:\/\/kapitalis.com\/tunisie\/\"},{\"@type\":\"ListItem\",\"position\":2,\"name\":\"Tunisie : Vague de soutien \u00e0 la journaliste Monia Arfaoui convoqu\u00e9e par la police judiciaire \u00e0 El-Gorjani\"}]},{\"@type\":\"WebSite\",\"@id\":\"https:\/\/kapitalis.com\/tunisie\/#website\",\"url\":\"https:\/\/kapitalis.com\/tunisie\/\",\"name\":\"Kapitalis\",\"description\":\"L&#039;actualit\u00e9 en Tunisie et dans le monde\",\"publisher\":{\"@id\":\"https:\/\/kapitalis.com\/tunisie\/#organization\"},\"potentialAction\":[{\"@type\":\"SearchAction\",\"target\":{\"@type\":\"EntryPoint\",\"urlTemplate\":\"https:\/\/kapitalis.com\/tunisie\/?s={search_term_string}\"},\"query-input\":{\"@type\":\"PropertyValueSpecification\",\"valueRequired\":true,\"valueName\":\"search_term_string\"}}],\"inLanguage\":\"fr-FR\"},{\"@type\":\"Organization\",\"@id\":\"https:\/\/kapitalis.com\/tunisie\/#organization\",\"name\":\"Kapitalis\",\"url\":\"https:\/\/kapitalis.com\/tunisie\/\",\"logo\":{\"@type\":\"ImageObject\",\"inLanguage\":\"fr-FR\",\"@id\":\"https:\/\/kapitalis.com\/tunisie\/#\/schema\/logo\/image\/\",\"url\":\"https:\/\/kapitalis.com\/tunisie\/wp-content\/uploads\/2022\/05\/Kapitalis-big-size.png\",\"contentUrl\":\"https:\/\/kapitalis.com\/tunisie\/wp-content\/uploads\/2022\/05\/Kapitalis-big-size.png\",\"width\":5000,\"height\":1500,\"caption\":\"Kapitalis\"},\"image\":{\"@id\":\"https:\/\/kapitalis.com\/tunisie\/#\/schema\/logo\/image\/\"},\"sameAs\":[\"https:\/\/www.facebook.com\/KapitalisInfo\/\",\"https:\/\/x.com\/KapitalisInfo\",\"https:\/\/www.youtube.com\/channel\/UC-yDYrHyfFBWWZaOw3FPg9Q\"]},{\"@type\":\"Person\",\"@id\":\"https:\/\/kapitalis.com\/tunisie\/#\/schema\/person\/74bbde0154d49d790a92aaeac5bc01d5\",\"name\":\"Yusra NY\",\"url\":\"https:\/\/kapitalis.com\/tunisie\/author\/yuza_adam\/\"}]}<\/script>\n<!-- \/ Yoast SEO plugin. -->","yoast_head_json":{"title":"Tunisie : Vague de soutien \u00e0 la journaliste Monia Arfaoui convoqu\u00e9e par la police judiciaire \u00e0 El-Gorjani - Kapitalis","description":"Monia Arfaoui journaliste \u00e0 Dar Assabah (Assabah News) a annonc\u00e9, ce vendredi 17 mars 2023, qu'elle a \u00e9t\u00e9 convoqu\u00e9e par la police pour interrogatoire.","robots":{"index":"index","follow":"follow","max-snippet":"max-snippet:-1","max-image-preview":"max-image-preview:large","max-video-preview":"max-video-preview:-1"},"canonical":"https:\/\/kapitalis.com\/tunisie\/2023\/03\/17\/tunisie-vague-de-soutien-a-la-journaliste-monia-arfaoui-convoquee-par-la-police-judiciaire-a-el-gorjani\/","og_locale":"fr_FR","og_type":"article","og_title":"Tunisie : Vague de soutien \u00e0 la journaliste Monia Arfaoui convoqu\u00e9e par la police judiciaire \u00e0 El-Gorjani - Kapitalis","og_description":"Monia Arfaoui journaliste \u00e0 Dar Assabah (Assabah News) a annonc\u00e9, ce vendredi 17 mars 2023, qu'elle a \u00e9t\u00e9 convoqu\u00e9e par la police pour interrogatoire.","og_url":"https:\/\/kapitalis.com\/tunisie\/2023\/03\/17\/tunisie-vague-de-soutien-a-la-journaliste-monia-arfaoui-convoquee-par-la-police-judiciaire-a-el-gorjani\/","og_site_name":"Kapitalis","article_publisher":"https:\/\/www.facebook.com\/KapitalisInfo\/","article_published_time":"2023-03-17T16:41:38+00:00","article_modified_time":"2023-03-17T16:52:55+00:00","og_image":[{"width":1200,"height":630,"url":"https:\/\/kapitalis.com\/tunisie\/wp-content\/uploads\/2023\/03\/Monia-Arfaoui.jpg","type":"image\/jpeg"}],"author":"Yusra NY","twitter_card":"summary_large_image","twitter_creator":"@KapitalisInfo","twitter_site":"@KapitalisInfo","twitter_misc":{"\u00c9crit par":"Yusra NY","Dur\u00e9e de lecture estim\u00e9e":"1 minute"},"schema":{"@context":"https:\/\/schema.org","@graph":[{"@type":"Article","@id":"https:\/\/kapitalis.com\/tunisie\/2023\/03\/17\/tunisie-vague-de-soutien-a-la-journaliste-monia-arfaoui-convoquee-par-la-police-judiciaire-a-el-gorjani\/#article","isPartOf":{"@id":"https:\/\/kapitalis.com\/tunisie\/2023\/03\/17\/tunisie-vague-de-soutien-a-la-journaliste-monia-arfaoui-convoquee-par-la-police-judiciaire-a-el-gorjani\/"},"author":{"name":"Yusra NY","@id":"https:\/\/kapitalis.com\/tunisie\/#\/schema\/person\/74bbde0154d49d790a92aaeac5bc01d5"},"headline":"Tunisie : Vague de soutien \u00e0 la journaliste Monia Arfaoui convoqu\u00e9e par la police judiciaire \u00e0 El-Gorjani","datePublished":"2023-03-17T16:41:38+00:00","dateModified":"2023-03-17T16:52:55+00:00","mainEntityOfPage":{"@id":"https:\/\/kapitalis.com\/tunisie\/2023\/03\/17\/tunisie-vague-de-soutien-a-la-journaliste-monia-arfaoui-convoquee-par-la-police-judiciaire-a-el-gorjani\/"},"wordCount":146,"commentCount":0,"publisher":{"@id":"https:\/\/kapitalis.com\/tunisie\/#organization"},"image":{"@id":"https:\/\/kapitalis.com\/tunisie\/2023\/03\/17\/tunisie-vague-de-soutien-a-la-journaliste-monia-arfaoui-convoquee-par-la-police-judiciaire-a-el-gorjani\/#primaryimage"},"thumbnailUrl":"https:\/\/kapitalis.com\/tunisie\/wp-content\/uploads\/2023\/03\/Monia-Arfaoui.jpg","keywords":["convocation","Dar Assabah","El-Gorjani","journaliste","Monia Arfaoui","police judiciaire","solidarit\u00e9","soutien","Tunisie"],"articleSection":["MEDIA","SOCIETE","Tunisie"],"inLanguage":"fr-FR","potentialAction":[{"@type":"CommentAction","name":"Comment","target":["https:\/\/kapitalis.com\/tunisie\/2023\/03\/17\/tunisie-vague-de-soutien-a-la-journaliste-monia-arfaoui-convoquee-par-la-police-judiciaire-a-el-gorjani\/#respond"]}]},{"@type":"WebPage","@id":"https:\/\/kapitalis.com\/tunisie\/2023\/03\/17\/tunisie-vague-de-soutien-a-la-journaliste-monia-arfaoui-convoquee-par-la-police-judiciaire-a-el-gorjani\/","url":"https:\/\/kapitalis.com\/tunisie\/2023\/03\/17\/tunisie-vague-de-soutien-a-la-journaliste-monia-arfaoui-convoquee-par-la-police-judiciaire-a-el-gorjani\/","name":"Tunisie : Vague de soutien \u00e0 la journaliste Monia Arfaoui convoqu\u00e9e par la police judiciaire \u00e0 El-Gorjani - Kapitalis","isPartOf":{"@id":"https:\/\/kapitalis.com\/tunisie\/#website"},"primaryImageOfPage":{"@id":"https:\/\/kapitalis.com\/tunisie\/2023\/03\/17\/tunisie-vague-de-soutien-a-la-journaliste-monia-arfaoui-convoquee-par-la-police-judiciaire-a-el-gorjani\/#primaryimage"},"image":{"@id":"https:\/\/kapitalis.com\/tunisie\/2023\/03\/17\/tunisie-vague-de-soutien-a-la-journaliste-monia-arfaoui-convoquee-par-la-police-judiciaire-a-el-gorjani\/#primaryimage"},"thumbnailUrl":"https:\/\/kapitalis.com\/tunisie\/wp-content\/uploads\/2023\/03\/Monia-Arfaoui.jpg","datePublished":"2023-03-17T16:41:38+00:00","dateModified":"2023-03-17T16:52:55+00:00","description":"Monia Arfaoui journaliste \u00e0 Dar Assabah (Assabah News) a annonc\u00e9, ce vendredi 17 mars 2023, qu'elle a \u00e9t\u00e9 convoqu\u00e9e par la police pour interrogatoire.","breadcrumb":{"@id":"https:\/\/kapitalis.com\/tunisie\/2023\/03\/17\/tunisie-vague-de-soutien-a-la-journaliste-monia-arfaoui-convoquee-par-la-police-judiciaire-a-el-gorjani\/#breadcrumb"},"inLanguage":"fr-FR","potentialAction":[{"@type":"ReadAction","target":["https:\/\/kapitalis.com\/tunisie\/2023\/03\/17\/tunisie-vague-de-soutien-a-la-journaliste-monia-arfaoui-convoquee-par-la-police-judiciaire-a-el-gorjani\/"]}]},{"@type":"ImageObject","inLanguage":"fr-FR","@id":"https:\/\/kapitalis.com\/tunisie\/2023\/03\/17\/tunisie-vague-de-soutien-a-la-journaliste-monia-arfaoui-convoquee-par-la-police-judiciaire-a-el-gorjani\/#primaryimage","url":"https:\/\/kapitalis.com\/tunisie\/wp-content\/uploads\/2023\/03\/Monia-Arfaoui.jpg","contentUrl":"https:\/\/kapitalis.com\/tunisie\/wp-content\/uploads\/2023\/03\/Monia-Arfaoui.jpg","width":1200,"height":630},{"@type":"BreadcrumbList","@id":"https:\/\/kapitalis.com\/tunisie\/2023\/03\/17\/tunisie-vague-de-soutien-a-la-journaliste-monia-arfaoui-convoquee-par-la-police-judiciaire-a-el-gorjani\/#breadcrumb","itemListElement":[{"@type":"ListItem","position":1,"name":"Accueil","item":"https:\/\/kapitalis.com\/tunisie\/"},{"@type":"ListItem","position":2,"name":"Tunisie : Vague de soutien \u00e0 la journaliste Monia Arfaoui convoqu\u00e9e par la police judiciaire \u00e0 El-Gorjani"}]},{"@type":"WebSite","@id":"https:\/\/kapitalis.com\/tunisie\/#website","url":"https:\/\/kapitalis.com\/tunisie\/","name":"Kapitalis","description":"L&#039;actualit\u00e9 en Tunisie et dans le monde","publisher":{"@id":"https:\/\/kapitalis.com\/tunisie\/#organization"},"potentialAction":[{"@type":"SearchAction","target":{"@type":"EntryPoint","urlTemplate":"https:\/\/kapitalis.com\/tunisie\/?s={search_term_string}"},"query-input":{"@type":"PropertyValueSpecification","valueRequired":true,"valueName":"search_term_string"}}],"inLanguage":"fr-FR"},{"@type":"Organization","@id":"https:\/\/kapitalis.com\/tunisie\/#organization","name":"Kapitalis","url":"https:\/\/kapitalis.com\/tunisie\/","logo":{"@type":"ImageObject","inLanguage":"fr-FR","@id":"https:\/\/kapitalis.com\/tunisie\/#\/schema\/logo\/image\/","url":"https:\/\/kapitalis.com\/tunisie\/wp-content\/uploads\/2022\/05\/Kapitalis-big-size.png","contentUrl":"https:\/\/kapitalis.com\/tunisie\/wp-content\/uploads\/2022\/05\/Kapitalis-big-size.png","width":5000,"height":1500,"caption":"Kapitalis"},"image":{"@id":"https:\/\/kapitalis.com\/tunisie\/#\/schema\/logo\/image\/"},"sameAs":["https:\/\/www.facebook.com\/KapitalisInfo\/","https:\/\/x.com\/KapitalisInfo","https:\/\/www.youtube.com\/channel\/UC-yDYrHyfFBWWZaOw3FPg9Q"]},{"@type":"Person","@id":"https:\/\/kapitalis.com\/tunisie\/#\/schema\/person\/74bbde0154d49d790a92aaeac5bc01d5","name":"Yusra NY","url":"https:\/\/kapitalis.com\/tunisie\/author\/yuza_adam\/"}]}},"_links":{"self":[{"href":"https:\/\/kapitalis.com\/tunisie\/wp-json\/wp\/v2\/posts\/6980881","targetHints":{"allow":["GET"]}}],"collection":[{"href":"https:\/\/kapitalis.com\/tunisie\/wp-json\/wp\/v2\/posts"}],"about":[{"href":"https:\/\/kapitalis.com\/tunisie\/wp-json\/wp\/v2\/types\/post"}],"author":[{"embeddable":true,"href":"https:\/\/kapitalis.com\/tunisie\/wp-json\/wp\/v2\/users\/6"}],"replies":[{"embeddable":true,"href":"https:\/\/kapitalis.com\/tunisie\/wp-json\/wp\/v2\/comments?post=6980881"}],"version-history":[{"count":5,"href":"https:\/\/kapitalis.com\/tunisie\/wp-json\/wp\/v2\/posts\/6980881\/revisions"}],"predecessor-version":[{"id":6980945,"href":"https:\/\/kapitalis.com\/tunisie\/wp-json\/wp\/v2\/posts\/6980881\/revisions\/6980945"}],"wp:featuredmedia":[{"embeddable":true,"href":"https:\/\/kapitalis.com\/tunisie\/wp-json\/wp\/v2\/media\/6980930"}],"wp:attachment":[{"href":"https:\/\/kapitalis.com\/tunisie\/wp-json\/wp\/v2\/media?parent=6980881"}],"wp:term":[{"taxonomy":"category","embeddable":true,"href":"https:\/\/kapitalis.com\/tunisie\/wp-json\/wp\/v2\/categories?post=6980881"},{"taxonomy":"post_tag","embeddable":true,"href":"https:\/\/kapitalis.com\/tunisie\/wp-json\/wp\/v2\/tags?post=6980881"}],"curies":[{"name":"wp","href":"https:\/\/api.w.org\/{rel}","templated":true}]}}