{"id":69923,"date":"2016-10-27T10:08:57","date_gmt":"2016-10-27T09:08:57","guid":{"rendered":"http:\/\/kapitalis.com\/tunisie\/?p=69923"},"modified":"2016-10-27T10:18:06","modified_gmt":"2016-10-27T09:18:06","slug":"terrorisme-laffaire-fathi-dammak-de-nouveau-devant-la-justice","status":"publish","type":"post","link":"https:\/\/kapitalis.com\/tunisie\/2016\/10\/27\/terrorisme-laffaire-fathi-dammak-de-nouveau-devant-la-justice\/","title":{"rendered":"Terrorisme : L&rsquo;affaire Fathi Dammak de nouveau devant la justice"},"content":{"rendered":"<p style=\"text-align: center;\"><img loading=\"lazy\" decoding=\"async\" class=\"alignnone size-full wp-image-69934\" src=\"http:\/\/kapitalis.com\/tunisie\/wp-content\/uploads\/2016\/10\/Fathi-Dammak.jpg\" alt=\"fathi-dammak\" width=\"500\" height=\"300\" \/><\/p>\n<p><em><strong>Le proc\u00e8s de l&rsquo;homme d&rsquo;affaires Fathi Dammak, accus\u00e9 en 2012 de trafics d&rsquo;armes et de planification d&rsquo;assassinats, et lib\u00e9r\u00e9 en 2014, est de nouveau examin\u00e9 par la justice.<\/strong><\/em><\/p>\n<p><!--more--><\/p>\n<p>Rouvert, hier, par la cour d\u2019appel de Sousse, ce proc\u00e8s a, en effet, \u00e9t\u00e9 renvoy\u00e9 au 4 janvier 2017,\u00a0en attendant l\u2019audition du 2<sup>e<\/sup> accus\u00e9, qui n\u2019est autre que Sadok Dammak, le fils de Fathi Dammak.<\/p>\n<p>Un juge aupr\u00e8s de la cour d\u2019appel de Tunis, dont le nom a \u00e9t\u00e9 cit\u00e9 dans l\u2019enqu\u00eate,\u00a0s\u2019\u00e9tant port\u00e9 partie civile, c&rsquo;est la cour d\u2019appel de Sousse qui a pris la rel\u00e8ve pour examiner cette affaire.<\/p>\n<p>Celle-ci a \u00e9t\u00e9\u00a0d\u00e9clench\u00e9e suite \u00e0 la diffusion par le blog <em>\u00ab\u00a0Nawaat\u00a0\u00bb<\/em>\u00a0d\u2019une vid\u00e9o o\u00f9\u00a0l&rsquo;on voit Fathi Dammak en train de discuter avec 2 membres des\u00a0ligues de la protection de la r\u00e9volution (dissoutes en 2014 par d\u00e9cision de\u00a0justice), proches du parti islamiste Ennahdha, de l\u2019achat d\u2019armes pour\u00a0assassiner des hommes politiques, des hommes d\u2019affaires, des juges et des journalistes.<\/p>\n<p>Cette affaire, qui a r\u00e9v\u00e9l\u00e9 l\u2019existence d\u2019un appareil s\u00e9curitaire parall\u00e8le li\u00e9 \u00e0 Ennahdha, a \u00e9trangement abouti \u00e0\u00a0la condamnation de Fathi Dammak, le 3 juillet 2014, \u00e0 2 ans de prison&#8230; avec sursis. Verdict qui confirme la culpabilit\u00e9 de l&rsquo;homme d&rsquo;affaires mais lui ouvre la porte de la prison. Quant \u00e0 ses deux complices, des militants notoires d&rsquo;Ennahdha, ils ont \u00e9t\u00e9 inexplicablement oubli\u00e9s par la justice.<\/p>\n<p>Apr\u00e8s sa sortie de prison, plusieurs m\u00e9dias, dont Hannibal TV et la cha\u00eene islamiste Al Moutawassat TV, fond\u00e9e en 2012 et disparue en 2015, ont donn\u00e9 la parole \u00e0 Fathi Dammak qui a\u00a0plaid\u00e9 son innocence. On blanchit comme on peut&#8230;<\/p>\n<p style=\"text-align: right;\"><strong>Z. A.\u00a0<\/strong><\/p>\n<p>&nbsp;<\/p>\n<p><iframe loading=\"lazy\" title=\"Leak : L&#039;affaire Dammak r\u00e9v\u00e9le un appareil parall\u00e8le li\u00e9 \u00e0 Ennahdha (extraits)\" width=\"1160\" height=\"653\" src=\"https:\/\/www.youtube.com\/embed\/TX6tRoXxWQs?feature=oembed\" frameborder=\"0\" allow=\"accelerometer; autoplay; clipboard-write; encrypted-media; gyroscope; picture-in-picture\" allowfullscreen><\/iframe><\/p>\n<p>https:\/\/www.youtube.com\/watch?v=aWceE1G3yX8<\/p>\n","protected":false},"excerpt":{"rendered":"<p>Le proc\u00e8s de l&rsquo;homme d&rsquo;affaires Fathi Dammak, accus\u00e9 en 2012 de trafics d&rsquo;armes et de planification d&rsquo;assassinats, et lib\u00e9r\u00e9 en 2014, est de nouveau examin\u00e9 par la justice.<\/p>\n","protected":false},"author":7,"featured_media":69934,"comment_status":"open","ping_status":"open","sticky":false,"template":"","format":"standard","meta":{"footnotes":""},"categories":[998,2433],"tags":[4328,897],"class_list":["post-69923","post","type-post","status-publish","format-standard","has-post-thumbnail","hentry","category-societe","category-tunisie","tag-assassinats","tag-terrorisme"],"yoast_head":"<!-- This site is optimized with the Yoast SEO plugin v26.6 - https:\/\/yoast.com\/wordpress\/plugins\/seo\/ -->\n<title>Terrorisme : L&#039;affaire Fathi Dammak de nouveau devant la justice - Kapitalis<\/title>\n<meta name=\"robots\" content=\"index, follow, max-snippet:-1, max-image-preview:large, max-video-preview:-1\" \/>\n<link rel=\"canonical\" href=\"https:\/\/kapitalis.com\/tunisie\/2016\/10\/27\/terrorisme-laffaire-fathi-dammak-de-nouveau-devant-la-justice\/\" \/>\n<meta property=\"og:locale\" content=\"fr_FR\" \/>\n<meta property=\"og:type\" content=\"article\" \/>\n<meta property=\"og:title\" content=\"Terrorisme : L&#039;affaire Fathi Dammak de nouveau devant la justice - Kapitalis\" \/>\n<meta property=\"og:description\" content=\"Le proc\u00e8s de l&rsquo;homme d&rsquo;affaires Fathi Dammak, accus\u00e9 en 2012 de trafics d&rsquo;armes et de planification d&rsquo;assassinats, et lib\u00e9r\u00e9 en 2014, est de nouveau examin\u00e9 par la justice.\" \/>\n<meta property=\"og:url\" content=\"https:\/\/kapitalis.com\/tunisie\/2016\/10\/27\/terrorisme-laffaire-fathi-dammak-de-nouveau-devant-la-justice\/\" \/>\n<meta property=\"og:site_name\" content=\"Kapitalis\" \/>\n<meta property=\"article:publisher\" content=\"https:\/\/www.facebook.com\/KapitalisInfo\/\" \/>\n<meta property=\"article:published_time\" content=\"2016-10-27T09:08:57+00:00\" \/>\n<meta property=\"article:modified_time\" content=\"2016-10-27T09:18:06+00:00\" \/>\n<meta property=\"og:image\" content=\"https:\/\/kapitalis.com\/tunisie\/wp-content\/uploads\/2022\/05\/kapitalis-logo-fb.png\" \/>\n\t<meta property=\"og:image:width\" content=\"1200\" \/>\n\t<meta property=\"og:image:height\" content=\"630\" \/>\n\t<meta property=\"og:image:type\" content=\"image\/png\" \/>\n<meta name=\"author\" content=\"zohra abid\" \/>\n<meta name=\"twitter:card\" content=\"summary_large_image\" \/>\n<meta name=\"twitter:creator\" content=\"@KapitalisInfo\" \/>\n<meta name=\"twitter:site\" content=\"@KapitalisInfo\" \/>\n<meta name=\"twitter:label1\" content=\"\u00c9crit par\" \/>\n\t<meta name=\"twitter:data1\" content=\"zohra abid\" \/>\n\t<meta name=\"twitter:label2\" content=\"Dur\u00e9e de lecture estim\u00e9e\" \/>\n\t<meta name=\"twitter:data2\" content=\"2 minutes\" \/>\n<script type=\"application\/ld+json\" class=\"yoast-schema-graph\">{\"@context\":\"https:\/\/schema.org\",\"@graph\":[{\"@type\":\"Article\",\"@id\":\"https:\/\/kapitalis.com\/tunisie\/2016\/10\/27\/terrorisme-laffaire-fathi-dammak-de-nouveau-devant-la-justice\/#article\",\"isPartOf\":{\"@id\":\"https:\/\/kapitalis.com\/tunisie\/2016\/10\/27\/terrorisme-laffaire-fathi-dammak-de-nouveau-devant-la-justice\/\"},\"author\":{\"name\":\"zohra abid\",\"@id\":\"https:\/\/kapitalis.com\/tunisie\/#\/schema\/person\/6fc2988ceb6eacf6836db1d8360b4912\"},\"headline\":\"Terrorisme : L&rsquo;affaire Fathi Dammak de nouveau devant la justice\",\"datePublished\":\"2016-10-27T09:08:57+00:00\",\"dateModified\":\"2016-10-27T09:18:06+00:00\",\"mainEntityOfPage\":{\"@id\":\"https:\/\/kapitalis.com\/tunisie\/2016\/10\/27\/terrorisme-laffaire-fathi-dammak-de-nouveau-devant-la-justice\/\"},\"wordCount\":314,\"commentCount\":0,\"publisher\":{\"@id\":\"https:\/\/kapitalis.com\/tunisie\/#organization\"},\"image\":{\"@id\":\"https:\/\/kapitalis.com\/tunisie\/2016\/10\/27\/terrorisme-laffaire-fathi-dammak-de-nouveau-devant-la-justice\/#primaryimage\"},\"thumbnailUrl\":\"\",\"keywords\":[\"assassinats\",\"terrorisme\"],\"articleSection\":[\"SOCIETE\",\"Tunisie\"],\"inLanguage\":\"fr-FR\",\"potentialAction\":[{\"@type\":\"CommentAction\",\"name\":\"Comment\",\"target\":[\"https:\/\/kapitalis.com\/tunisie\/2016\/10\/27\/terrorisme-laffaire-fathi-dammak-de-nouveau-devant-la-justice\/#respond\"]}]},{\"@type\":\"WebPage\",\"@id\":\"https:\/\/kapitalis.com\/tunisie\/2016\/10\/27\/terrorisme-laffaire-fathi-dammak-de-nouveau-devant-la-justice\/\",\"url\":\"https:\/\/kapitalis.com\/tunisie\/2016\/10\/27\/terrorisme-laffaire-fathi-dammak-de-nouveau-devant-la-justice\/\",\"name\":\"Terrorisme : L'affaire Fathi Dammak de nouveau devant la justice - Kapitalis\",\"isPartOf\":{\"@id\":\"https:\/\/kapitalis.com\/tunisie\/#website\"},\"primaryImageOfPage\":{\"@id\":\"https:\/\/kapitalis.com\/tunisie\/2016\/10\/27\/terrorisme-laffaire-fathi-dammak-de-nouveau-devant-la-justice\/#primaryimage\"},\"image\":{\"@id\":\"https:\/\/kapitalis.com\/tunisie\/2016\/10\/27\/terrorisme-laffaire-fathi-dammak-de-nouveau-devant-la-justice\/#primaryimage\"},\"thumbnailUrl\":\"\",\"datePublished\":\"2016-10-27T09:08:57+00:00\",\"dateModified\":\"2016-10-27T09:18:06+00:00\",\"breadcrumb\":{\"@id\":\"https:\/\/kapitalis.com\/tunisie\/2016\/10\/27\/terrorisme-laffaire-fathi-dammak-de-nouveau-devant-la-justice\/#breadcrumb\"},\"inLanguage\":\"fr-FR\",\"potentialAction\":[{\"@type\":\"ReadAction\",\"target\":[\"https:\/\/kapitalis.com\/tunisie\/2016\/10\/27\/terrorisme-laffaire-fathi-dammak-de-nouveau-devant-la-justice\/\"]}]},{\"@type\":\"ImageObject\",\"inLanguage\":\"fr-FR\",\"@id\":\"https:\/\/kapitalis.com\/tunisie\/2016\/10\/27\/terrorisme-laffaire-fathi-dammak-de-nouveau-devant-la-justice\/#primaryimage\",\"url\":\"\",\"contentUrl\":\"\"},{\"@type\":\"BreadcrumbList\",\"@id\":\"https:\/\/kapitalis.com\/tunisie\/2016\/10\/27\/terrorisme-laffaire-fathi-dammak-de-nouveau-devant-la-justice\/#breadcrumb\",\"itemListElement\":[{\"@type\":\"ListItem\",\"position\":1,\"name\":\"Accueil\",\"item\":\"https:\/\/kapitalis.com\/tunisie\/\"},{\"@type\":\"ListItem\",\"position\":2,\"name\":\"Terrorisme : L&rsquo;affaire Fathi Dammak de nouveau devant la justice\"}]},{\"@type\":\"WebSite\",\"@id\":\"https:\/\/kapitalis.com\/tunisie\/#website\",\"url\":\"https:\/\/kapitalis.com\/tunisie\/\",\"name\":\"Kapitalis\",\"description\":\"L&#039;actualit\u00e9 en Tunisie et dans le monde\",\"publisher\":{\"@id\":\"https:\/\/kapitalis.com\/tunisie\/#organization\"},\"potentialAction\":[{\"@type\":\"SearchAction\",\"target\":{\"@type\":\"EntryPoint\",\"urlTemplate\":\"https:\/\/kapitalis.com\/tunisie\/?s={search_term_string}\"},\"query-input\":{\"@type\":\"PropertyValueSpecification\",\"valueRequired\":true,\"valueName\":\"search_term_string\"}}],\"inLanguage\":\"fr-FR\"},{\"@type\":\"Organization\",\"@id\":\"https:\/\/kapitalis.com\/tunisie\/#organization\",\"name\":\"Kapitalis\",\"url\":\"https:\/\/kapitalis.com\/tunisie\/\",\"logo\":{\"@type\":\"ImageObject\",\"inLanguage\":\"fr-FR\",\"@id\":\"https:\/\/kapitalis.com\/tunisie\/#\/schema\/logo\/image\/\",\"url\":\"https:\/\/kapitalis.com\/tunisie\/wp-content\/uploads\/2022\/05\/Kapitalis-big-size.png\",\"contentUrl\":\"https:\/\/kapitalis.com\/tunisie\/wp-content\/uploads\/2022\/05\/Kapitalis-big-size.png\",\"width\":5000,\"height\":1500,\"caption\":\"Kapitalis\"},\"image\":{\"@id\":\"https:\/\/kapitalis.com\/tunisie\/#\/schema\/logo\/image\/\"},\"sameAs\":[\"https:\/\/www.facebook.com\/KapitalisInfo\/\",\"https:\/\/x.com\/KapitalisInfo\",\"https:\/\/www.youtube.com\/channel\/UC-yDYrHyfFBWWZaOw3FPg9Q\"]},{\"@type\":\"Person\",\"@id\":\"https:\/\/kapitalis.com\/tunisie\/#\/schema\/person\/6fc2988ceb6eacf6836db1d8360b4912\",\"name\":\"zohra abid\",\"url\":\"https:\/\/kapitalis.com\/tunisie\/author\/zohra-abid-2015\/\"}]}<\/script>\n<!-- \/ Yoast SEO plugin. -->","yoast_head_json":{"title":"Terrorisme : L'affaire Fathi Dammak de nouveau devant la justice - Kapitalis","robots":{"index":"index","follow":"follow","max-snippet":"max-snippet:-1","max-image-preview":"max-image-preview:large","max-video-preview":"max-video-preview:-1"},"canonical":"https:\/\/kapitalis.com\/tunisie\/2016\/10\/27\/terrorisme-laffaire-fathi-dammak-de-nouveau-devant-la-justice\/","og_locale":"fr_FR","og_type":"article","og_title":"Terrorisme : L'affaire Fathi Dammak de nouveau devant la justice - Kapitalis","og_description":"Le proc\u00e8s de l&rsquo;homme d&rsquo;affaires Fathi Dammak, accus\u00e9 en 2012 de trafics d&rsquo;armes et de planification d&rsquo;assassinats, et lib\u00e9r\u00e9 en 2014, est de nouveau examin\u00e9 par la justice.","og_url":"https:\/\/kapitalis.com\/tunisie\/2016\/10\/27\/terrorisme-laffaire-fathi-dammak-de-nouveau-devant-la-justice\/","og_site_name":"Kapitalis","article_publisher":"https:\/\/www.facebook.com\/KapitalisInfo\/","article_published_time":"2016-10-27T09:08:57+00:00","article_modified_time":"2016-10-27T09:18:06+00:00","og_image":[{"width":1200,"height":630,"url":"https:\/\/kapitalis.com\/tunisie\/wp-content\/uploads\/2022\/05\/kapitalis-logo-fb.png","type":"image\/png"}],"author":"zohra abid","twitter_card":"summary_large_image","twitter_creator":"@KapitalisInfo","twitter_site":"@KapitalisInfo","twitter_misc":{"\u00c9crit par":"zohra abid","Dur\u00e9e de lecture estim\u00e9e":"2 minutes"},"schema":{"@context":"https:\/\/schema.org","@graph":[{"@type":"Article","@id":"https:\/\/kapitalis.com\/tunisie\/2016\/10\/27\/terrorisme-laffaire-fathi-dammak-de-nouveau-devant-la-justice\/#article","isPartOf":{"@id":"https:\/\/kapitalis.com\/tunisie\/2016\/10\/27\/terrorisme-laffaire-fathi-dammak-de-nouveau-devant-la-justice\/"},"author":{"name":"zohra abid","@id":"https:\/\/kapitalis.com\/tunisie\/#\/schema\/person\/6fc2988ceb6eacf6836db1d8360b4912"},"headline":"Terrorisme : L&rsquo;affaire Fathi Dammak de nouveau devant la justice","datePublished":"2016-10-27T09:08:57+00:00","dateModified":"2016-10-27T09:18:06+00:00","mainEntityOfPage":{"@id":"https:\/\/kapitalis.com\/tunisie\/2016\/10\/27\/terrorisme-laffaire-fathi-dammak-de-nouveau-devant-la-justice\/"},"wordCount":314,"commentCount":0,"publisher":{"@id":"https:\/\/kapitalis.com\/tunisie\/#organization"},"image":{"@id":"https:\/\/kapitalis.com\/tunisie\/2016\/10\/27\/terrorisme-laffaire-fathi-dammak-de-nouveau-devant-la-justice\/#primaryimage"},"thumbnailUrl":"","keywords":["assassinats","terrorisme"],"articleSection":["SOCIETE","Tunisie"],"inLanguage":"fr-FR","potentialAction":[{"@type":"CommentAction","name":"Comment","target":["https:\/\/kapitalis.com\/tunisie\/2016\/10\/27\/terrorisme-laffaire-fathi-dammak-de-nouveau-devant-la-justice\/#respond"]}]},{"@type":"WebPage","@id":"https:\/\/kapitalis.com\/tunisie\/2016\/10\/27\/terrorisme-laffaire-fathi-dammak-de-nouveau-devant-la-justice\/","url":"https:\/\/kapitalis.com\/tunisie\/2016\/10\/27\/terrorisme-laffaire-fathi-dammak-de-nouveau-devant-la-justice\/","name":"Terrorisme : L'affaire Fathi Dammak de nouveau devant la justice - Kapitalis","isPartOf":{"@id":"https:\/\/kapitalis.com\/tunisie\/#website"},"primaryImageOfPage":{"@id":"https:\/\/kapitalis.com\/tunisie\/2016\/10\/27\/terrorisme-laffaire-fathi-dammak-de-nouveau-devant-la-justice\/#primaryimage"},"image":{"@id":"https:\/\/kapitalis.com\/tunisie\/2016\/10\/27\/terrorisme-laffaire-fathi-dammak-de-nouveau-devant-la-justice\/#primaryimage"},"thumbnailUrl":"","datePublished":"2016-10-27T09:08:57+00:00","dateModified":"2016-10-27T09:18:06+00:00","breadcrumb":{"@id":"https:\/\/kapitalis.com\/tunisie\/2016\/10\/27\/terrorisme-laffaire-fathi-dammak-de-nouveau-devant-la-justice\/#breadcrumb"},"inLanguage":"fr-FR","potentialAction":[{"@type":"ReadAction","target":["https:\/\/kapitalis.com\/tunisie\/2016\/10\/27\/terrorisme-laffaire-fathi-dammak-de-nouveau-devant-la-justice\/"]}]},{"@type":"ImageObject","inLanguage":"fr-FR","@id":"https:\/\/kapitalis.com\/tunisie\/2016\/10\/27\/terrorisme-laffaire-fathi-dammak-de-nouveau-devant-la-justice\/#primaryimage","url":"","contentUrl":""},{"@type":"BreadcrumbList","@id":"https:\/\/kapitalis.com\/tunisie\/2016\/10\/27\/terrorisme-laffaire-fathi-dammak-de-nouveau-devant-la-justice\/#breadcrumb","itemListElement":[{"@type":"ListItem","position":1,"name":"Accueil","item":"https:\/\/kapitalis.com\/tunisie\/"},{"@type":"ListItem","position":2,"name":"Terrorisme : L&rsquo;affaire Fathi Dammak de nouveau devant la justice"}]},{"@type":"WebSite","@id":"https:\/\/kapitalis.com\/tunisie\/#website","url":"https:\/\/kapitalis.com\/tunisie\/","name":"Kapitalis","description":"L&#039;actualit\u00e9 en Tunisie et dans le monde","publisher":{"@id":"https:\/\/kapitalis.com\/tunisie\/#organization"},"potentialAction":[{"@type":"SearchAction","target":{"@type":"EntryPoint","urlTemplate":"https:\/\/kapitalis.com\/tunisie\/?s={search_term_string}"},"query-input":{"@type":"PropertyValueSpecification","valueRequired":true,"valueName":"search_term_string"}}],"inLanguage":"fr-FR"},{"@type":"Organization","@id":"https:\/\/kapitalis.com\/tunisie\/#organization","name":"Kapitalis","url":"https:\/\/kapitalis.com\/tunisie\/","logo":{"@type":"ImageObject","inLanguage":"fr-FR","@id":"https:\/\/kapitalis.com\/tunisie\/#\/schema\/logo\/image\/","url":"https:\/\/kapitalis.com\/tunisie\/wp-content\/uploads\/2022\/05\/Kapitalis-big-size.png","contentUrl":"https:\/\/kapitalis.com\/tunisie\/wp-content\/uploads\/2022\/05\/Kapitalis-big-size.png","width":5000,"height":1500,"caption":"Kapitalis"},"image":{"@id":"https:\/\/kapitalis.com\/tunisie\/#\/schema\/logo\/image\/"},"sameAs":["https:\/\/www.facebook.com\/KapitalisInfo\/","https:\/\/x.com\/KapitalisInfo","https:\/\/www.youtube.com\/channel\/UC-yDYrHyfFBWWZaOw3FPg9Q"]},{"@type":"Person","@id":"https:\/\/kapitalis.com\/tunisie\/#\/schema\/person\/6fc2988ceb6eacf6836db1d8360b4912","name":"zohra abid","url":"https:\/\/kapitalis.com\/tunisie\/author\/zohra-abid-2015\/"}]}},"_links":{"self":[{"href":"https:\/\/kapitalis.com\/tunisie\/wp-json\/wp\/v2\/posts\/69923","targetHints":{"allow":["GET"]}}],"collection":[{"href":"https:\/\/kapitalis.com\/tunisie\/wp-json\/wp\/v2\/posts"}],"about":[{"href":"https:\/\/kapitalis.com\/tunisie\/wp-json\/wp\/v2\/types\/post"}],"author":[{"embeddable":true,"href":"https:\/\/kapitalis.com\/tunisie\/wp-json\/wp\/v2\/users\/7"}],"replies":[{"embeddable":true,"href":"https:\/\/kapitalis.com\/tunisie\/wp-json\/wp\/v2\/comments?post=69923"}],"version-history":[{"count":0,"href":"https:\/\/kapitalis.com\/tunisie\/wp-json\/wp\/v2\/posts\/69923\/revisions"}],"wp:featuredmedia":[{"embeddable":true,"href":"https:\/\/kapitalis.com\/tunisie\/wp-json\/wp\/v2\/media\/69934"}],"wp:attachment":[{"href":"https:\/\/kapitalis.com\/tunisie\/wp-json\/wp\/v2\/media?parent=69923"}],"wp:term":[{"taxonomy":"category","embeddable":true,"href":"https:\/\/kapitalis.com\/tunisie\/wp-json\/wp\/v2\/categories?post=69923"},{"taxonomy":"post_tag","embeddable":true,"href":"https:\/\/kapitalis.com\/tunisie\/wp-json\/wp\/v2\/tags?post=69923"}],"curies":[{"name":"wp","href":"https:\/\/api.w.org\/{rel}","templated":true}]}}