{"id":69951,"date":"2016-10-27T13:15:04","date_gmt":"2016-10-27T12:15:04","guid":{"rendered":"http:\/\/kapitalis.com\/tunisie\/?p=69951"},"modified":"2016-10-27T13:17:52","modified_gmt":"2016-10-27T12:17:52","slug":"drones-americains-la-tunisie-dement-a-moitie","status":"publish","type":"post","link":"https:\/\/kapitalis.com\/tunisie\/2016\/10\/27\/drones-americains-la-tunisie-dement-a-moitie\/","title":{"rendered":"Drones am\u00e9ricains\u00a0: La Tunisie d\u00e9ment \u00e0 moiti\u00e9"},"content":{"rendered":"<p style=\"text-align: center;\"><img loading=\"lazy\" decoding=\"async\" class=\"alignnone size-full wp-image-24892\" src=\"http:\/\/kapitalis.com\/tunisie\/wp-content\/uploads\/2015\/11\/Tunisie-Etats-Unis.jpg\" alt=\"Tunisie-Etats-Unis\" width=\"626\" height=\"380\" \/><\/p>\n<p><em><strong>Dans un communiqu\u00e9 publi\u00e9 aujourd\u2019hui, le minist\u00e8re de la D\u00e9fense a d\u00e9menti, \u00e0 moiti\u00e9, le <a href=\"http:\/\/kapitalis.com\/tunisie\/2016\/10\/27\/defense-lancement-de-drones-americains-a-partir-de-la-tunisie\/\">lancement de drones am\u00e9ricains en Libye<\/a> \u00e0 partir de la Tunisie.<\/strong><\/em><\/p>\n<p><!--more--><\/p>\n<p>Tout en d\u00e9mentant l\u2019information publi\u00e9e hier par le<em> \u00ab\u00a0Washington Post\u00a0\u00bb<\/em>\u00a0<em>(\u2018WP\u2019)<\/em> et relay\u00e9e par des m\u00e9dias tunisiens et \u00e9trangers, \u00e0 propos du lancement de drones am\u00e9ricains \u00e0 partir de la Tunisie pour espionner les mouvements du groupe terroriste de l&rsquo;Etat islamique (Daech) en Libye,\u00a0le communiqu\u00e9 a rappel\u00e9 que, dans le cadre de la coop\u00e9ration entre le minist\u00e8re de la D\u00e9fense tunisien et son homologue am\u00e9ricain, des instructeurs militaires\u00a0am\u00e9ricains sont en train d\u2019entra\u00eener, depuis mars dernier, des soldats tunisiens sur des armes r\u00e9cemment acquises des Etats-Unis pour mieux contr\u00f4ler les fronti\u00e8res et emp\u00eacher les infiltrations d&rsquo;\u00e9l\u00e9ments terroristes en provenance de la Libye. Parmi ces armes, il y a, bien s\u00fbr, des drones.<\/p>\n<p style=\"text-align: right;\"><strong>Z. A.<\/strong><\/p>\n","protected":false},"excerpt":{"rendered":"<p>Dans un communiqu\u00e9 publi\u00e9 aujourd\u2019hui, le minist\u00e8re de la D\u00e9fense a d\u00e9menti, \u00e0 moiti\u00e9, le lancement de drones am\u00e9ricains en Libye \u00e0 partir de la Tunisie.<\/p>\n","protected":false},"author":7,"featured_media":0,"comment_status":"open","ping_status":"open","sticky":false,"template":"","format":"standard","meta":{"footnotes":""},"categories":[997,2433],"tags":[81,258,349,614],"class_list":["post-69951","post","type-post","status-publish","format-standard","hentry","category-politique","category-tunisie","tag-armes","tag-daech","tag-etats-unis","tag-ministere-de-la-defense"],"yoast_head":"<!-- This site is optimized with the Yoast SEO plugin v26.6 - https:\/\/yoast.com\/wordpress\/plugins\/seo\/ -->\n<title>Drones am\u00e9ricains\u00a0: La Tunisie d\u00e9ment \u00e0 moiti\u00e9 - Kapitalis<\/title>\n<meta name=\"robots\" content=\"index, follow, max-snippet:-1, max-image-preview:large, max-video-preview:-1\" \/>\n<link rel=\"canonical\" href=\"https:\/\/kapitalis.com\/tunisie\/2016\/10\/27\/drones-americains-la-tunisie-dement-a-moitie\/\" \/>\n<meta property=\"og:locale\" content=\"fr_FR\" \/>\n<meta property=\"og:type\" content=\"article\" \/>\n<meta property=\"og:title\" content=\"Drones am\u00e9ricains\u00a0: La Tunisie d\u00e9ment \u00e0 moiti\u00e9 - Kapitalis\" \/>\n<meta property=\"og:description\" content=\"Dans un communiqu\u00e9 publi\u00e9 aujourd\u2019hui, le minist\u00e8re de la D\u00e9fense a d\u00e9menti, \u00e0 moiti\u00e9, le lancement de drones am\u00e9ricains en Libye \u00e0 partir de la Tunisie.\" \/>\n<meta property=\"og:url\" content=\"https:\/\/kapitalis.com\/tunisie\/2016\/10\/27\/drones-americains-la-tunisie-dement-a-moitie\/\" \/>\n<meta property=\"og:site_name\" content=\"Kapitalis\" \/>\n<meta property=\"article:publisher\" content=\"https:\/\/www.facebook.com\/KapitalisInfo\/\" \/>\n<meta property=\"article:published_time\" content=\"2016-10-27T12:15:04+00:00\" \/>\n<meta property=\"article:modified_time\" content=\"2016-10-27T12:17:52+00:00\" \/>\n<meta property=\"og:image\" content=\"http:\/\/kapitalis.com\/tunisie\/wp-content\/uploads\/2015\/11\/Tunisie-Etats-Unis.jpg\" \/>\n<meta name=\"author\" content=\"zohra abid\" \/>\n<meta name=\"twitter:card\" content=\"summary_large_image\" \/>\n<meta name=\"twitter:creator\" content=\"@KapitalisInfo\" \/>\n<meta name=\"twitter:site\" content=\"@KapitalisInfo\" \/>\n<meta name=\"twitter:label1\" content=\"\u00c9crit par\" \/>\n\t<meta name=\"twitter:data1\" content=\"zohra abid\" \/>\n\t<meta name=\"twitter:label2\" content=\"Dur\u00e9e de lecture estim\u00e9e\" \/>\n\t<meta name=\"twitter:data2\" content=\"1 minute\" \/>\n<script type=\"application\/ld+json\" class=\"yoast-schema-graph\">{\"@context\":\"https:\/\/schema.org\",\"@graph\":[{\"@type\":\"Article\",\"@id\":\"https:\/\/kapitalis.com\/tunisie\/2016\/10\/27\/drones-americains-la-tunisie-dement-a-moitie\/#article\",\"isPartOf\":{\"@id\":\"https:\/\/kapitalis.com\/tunisie\/2016\/10\/27\/drones-americains-la-tunisie-dement-a-moitie\/\"},\"author\":{\"name\":\"zohra abid\",\"@id\":\"https:\/\/kapitalis.com\/tunisie\/#\/schema\/person\/6fc2988ceb6eacf6836db1d8360b4912\"},\"headline\":\"Drones am\u00e9ricains\u00a0: La Tunisie d\u00e9ment \u00e0 moiti\u00e9\",\"datePublished\":\"2016-10-27T12:15:04+00:00\",\"dateModified\":\"2016-10-27T12:17:52+00:00\",\"mainEntityOfPage\":{\"@id\":\"https:\/\/kapitalis.com\/tunisie\/2016\/10\/27\/drones-americains-la-tunisie-dement-a-moitie\/\"},\"wordCount\":170,\"commentCount\":7,\"publisher\":{\"@id\":\"https:\/\/kapitalis.com\/tunisie\/#organization\"},\"image\":{\"@id\":\"https:\/\/kapitalis.com\/tunisie\/2016\/10\/27\/drones-americains-la-tunisie-dement-a-moitie\/#primaryimage\"},\"thumbnailUrl\":\"http:\/\/kapitalis.com\/tunisie\/wp-content\/uploads\/2015\/11\/Tunisie-Etats-Unis.jpg\",\"keywords\":[\"armes\",\"Daech\",\"Etats Unis\",\"minist\u00e8re de la D\u00e9fense\"],\"articleSection\":[\"POLITIQUE\",\"Tunisie\"],\"inLanguage\":\"fr-FR\",\"potentialAction\":[{\"@type\":\"CommentAction\",\"name\":\"Comment\",\"target\":[\"https:\/\/kapitalis.com\/tunisie\/2016\/10\/27\/drones-americains-la-tunisie-dement-a-moitie\/#respond\"]}]},{\"@type\":\"WebPage\",\"@id\":\"https:\/\/kapitalis.com\/tunisie\/2016\/10\/27\/drones-americains-la-tunisie-dement-a-moitie\/\",\"url\":\"https:\/\/kapitalis.com\/tunisie\/2016\/10\/27\/drones-americains-la-tunisie-dement-a-moitie\/\",\"name\":\"Drones am\u00e9ricains\u00a0: La Tunisie d\u00e9ment \u00e0 moiti\u00e9 - Kapitalis\",\"isPartOf\":{\"@id\":\"https:\/\/kapitalis.com\/tunisie\/#website\"},\"primaryImageOfPage\":{\"@id\":\"https:\/\/kapitalis.com\/tunisie\/2016\/10\/27\/drones-americains-la-tunisie-dement-a-moitie\/#primaryimage\"},\"image\":{\"@id\":\"https:\/\/kapitalis.com\/tunisie\/2016\/10\/27\/drones-americains-la-tunisie-dement-a-moitie\/#primaryimage\"},\"thumbnailUrl\":\"http:\/\/kapitalis.com\/tunisie\/wp-content\/uploads\/2015\/11\/Tunisie-Etats-Unis.jpg\",\"datePublished\":\"2016-10-27T12:15:04+00:00\",\"dateModified\":\"2016-10-27T12:17:52+00:00\",\"breadcrumb\":{\"@id\":\"https:\/\/kapitalis.com\/tunisie\/2016\/10\/27\/drones-americains-la-tunisie-dement-a-moitie\/#breadcrumb\"},\"inLanguage\":\"fr-FR\",\"potentialAction\":[{\"@type\":\"ReadAction\",\"target\":[\"https:\/\/kapitalis.com\/tunisie\/2016\/10\/27\/drones-americains-la-tunisie-dement-a-moitie\/\"]}]},{\"@type\":\"ImageObject\",\"inLanguage\":\"fr-FR\",\"@id\":\"https:\/\/kapitalis.com\/tunisie\/2016\/10\/27\/drones-americains-la-tunisie-dement-a-moitie\/#primaryimage\",\"url\":\"http:\/\/kapitalis.com\/tunisie\/wp-content\/uploads\/2015\/11\/Tunisie-Etats-Unis.jpg\",\"contentUrl\":\"http:\/\/kapitalis.com\/tunisie\/wp-content\/uploads\/2015\/11\/Tunisie-Etats-Unis.jpg\"},{\"@type\":\"BreadcrumbList\",\"@id\":\"https:\/\/kapitalis.com\/tunisie\/2016\/10\/27\/drones-americains-la-tunisie-dement-a-moitie\/#breadcrumb\",\"itemListElement\":[{\"@type\":\"ListItem\",\"position\":1,\"name\":\"Accueil\",\"item\":\"https:\/\/kapitalis.com\/tunisie\/\"},{\"@type\":\"ListItem\",\"position\":2,\"name\":\"Drones am\u00e9ricains\u00a0: La Tunisie d\u00e9ment \u00e0 moiti\u00e9\"}]},{\"@type\":\"WebSite\",\"@id\":\"https:\/\/kapitalis.com\/tunisie\/#website\",\"url\":\"https:\/\/kapitalis.com\/tunisie\/\",\"name\":\"Kapitalis\",\"description\":\"L&#039;actualit\u00e9 en Tunisie et dans le monde\",\"publisher\":{\"@id\":\"https:\/\/kapitalis.com\/tunisie\/#organization\"},\"potentialAction\":[{\"@type\":\"SearchAction\",\"target\":{\"@type\":\"EntryPoint\",\"urlTemplate\":\"https:\/\/kapitalis.com\/tunisie\/?s={search_term_string}\"},\"query-input\":{\"@type\":\"PropertyValueSpecification\",\"valueRequired\":true,\"valueName\":\"search_term_string\"}}],\"inLanguage\":\"fr-FR\"},{\"@type\":\"Organization\",\"@id\":\"https:\/\/kapitalis.com\/tunisie\/#organization\",\"name\":\"Kapitalis\",\"url\":\"https:\/\/kapitalis.com\/tunisie\/\",\"logo\":{\"@type\":\"ImageObject\",\"inLanguage\":\"fr-FR\",\"@id\":\"https:\/\/kapitalis.com\/tunisie\/#\/schema\/logo\/image\/\",\"url\":\"https:\/\/kapitalis.com\/tunisie\/wp-content\/uploads\/2022\/05\/Kapitalis-big-size.png\",\"contentUrl\":\"https:\/\/kapitalis.com\/tunisie\/wp-content\/uploads\/2022\/05\/Kapitalis-big-size.png\",\"width\":5000,\"height\":1500,\"caption\":\"Kapitalis\"},\"image\":{\"@id\":\"https:\/\/kapitalis.com\/tunisie\/#\/schema\/logo\/image\/\"},\"sameAs\":[\"https:\/\/www.facebook.com\/KapitalisInfo\/\",\"https:\/\/x.com\/KapitalisInfo\",\"https:\/\/www.youtube.com\/channel\/UC-yDYrHyfFBWWZaOw3FPg9Q\"]},{\"@type\":\"Person\",\"@id\":\"https:\/\/kapitalis.com\/tunisie\/#\/schema\/person\/6fc2988ceb6eacf6836db1d8360b4912\",\"name\":\"zohra abid\",\"url\":\"https:\/\/kapitalis.com\/tunisie\/author\/zohra-abid-2015\/\"}]}<\/script>\n<!-- \/ Yoast SEO plugin. -->","yoast_head_json":{"title":"Drones am\u00e9ricains\u00a0: La Tunisie d\u00e9ment \u00e0 moiti\u00e9 - Kapitalis","robots":{"index":"index","follow":"follow","max-snippet":"max-snippet:-1","max-image-preview":"max-image-preview:large","max-video-preview":"max-video-preview:-1"},"canonical":"https:\/\/kapitalis.com\/tunisie\/2016\/10\/27\/drones-americains-la-tunisie-dement-a-moitie\/","og_locale":"fr_FR","og_type":"article","og_title":"Drones am\u00e9ricains\u00a0: La Tunisie d\u00e9ment \u00e0 moiti\u00e9 - Kapitalis","og_description":"Dans un communiqu\u00e9 publi\u00e9 aujourd\u2019hui, le minist\u00e8re de la D\u00e9fense a d\u00e9menti, \u00e0 moiti\u00e9, le lancement de drones am\u00e9ricains en Libye \u00e0 partir de la Tunisie.","og_url":"https:\/\/kapitalis.com\/tunisie\/2016\/10\/27\/drones-americains-la-tunisie-dement-a-moitie\/","og_site_name":"Kapitalis","article_publisher":"https:\/\/www.facebook.com\/KapitalisInfo\/","article_published_time":"2016-10-27T12:15:04+00:00","article_modified_time":"2016-10-27T12:17:52+00:00","og_image":[{"url":"http:\/\/kapitalis.com\/tunisie\/wp-content\/uploads\/2015\/11\/Tunisie-Etats-Unis.jpg","type":"","width":"","height":""}],"author":"zohra abid","twitter_card":"summary_large_image","twitter_creator":"@KapitalisInfo","twitter_site":"@KapitalisInfo","twitter_misc":{"\u00c9crit par":"zohra abid","Dur\u00e9e de lecture estim\u00e9e":"1 minute"},"schema":{"@context":"https:\/\/schema.org","@graph":[{"@type":"Article","@id":"https:\/\/kapitalis.com\/tunisie\/2016\/10\/27\/drones-americains-la-tunisie-dement-a-moitie\/#article","isPartOf":{"@id":"https:\/\/kapitalis.com\/tunisie\/2016\/10\/27\/drones-americains-la-tunisie-dement-a-moitie\/"},"author":{"name":"zohra abid","@id":"https:\/\/kapitalis.com\/tunisie\/#\/schema\/person\/6fc2988ceb6eacf6836db1d8360b4912"},"headline":"Drones am\u00e9ricains\u00a0: La Tunisie d\u00e9ment \u00e0 moiti\u00e9","datePublished":"2016-10-27T12:15:04+00:00","dateModified":"2016-10-27T12:17:52+00:00","mainEntityOfPage":{"@id":"https:\/\/kapitalis.com\/tunisie\/2016\/10\/27\/drones-americains-la-tunisie-dement-a-moitie\/"},"wordCount":170,"commentCount":7,"publisher":{"@id":"https:\/\/kapitalis.com\/tunisie\/#organization"},"image":{"@id":"https:\/\/kapitalis.com\/tunisie\/2016\/10\/27\/drones-americains-la-tunisie-dement-a-moitie\/#primaryimage"},"thumbnailUrl":"http:\/\/kapitalis.com\/tunisie\/wp-content\/uploads\/2015\/11\/Tunisie-Etats-Unis.jpg","keywords":["armes","Daech","Etats Unis","minist\u00e8re de la D\u00e9fense"],"articleSection":["POLITIQUE","Tunisie"],"inLanguage":"fr-FR","potentialAction":[{"@type":"CommentAction","name":"Comment","target":["https:\/\/kapitalis.com\/tunisie\/2016\/10\/27\/drones-americains-la-tunisie-dement-a-moitie\/#respond"]}]},{"@type":"WebPage","@id":"https:\/\/kapitalis.com\/tunisie\/2016\/10\/27\/drones-americains-la-tunisie-dement-a-moitie\/","url":"https:\/\/kapitalis.com\/tunisie\/2016\/10\/27\/drones-americains-la-tunisie-dement-a-moitie\/","name":"Drones am\u00e9ricains\u00a0: La Tunisie d\u00e9ment \u00e0 moiti\u00e9 - Kapitalis","isPartOf":{"@id":"https:\/\/kapitalis.com\/tunisie\/#website"},"primaryImageOfPage":{"@id":"https:\/\/kapitalis.com\/tunisie\/2016\/10\/27\/drones-americains-la-tunisie-dement-a-moitie\/#primaryimage"},"image":{"@id":"https:\/\/kapitalis.com\/tunisie\/2016\/10\/27\/drones-americains-la-tunisie-dement-a-moitie\/#primaryimage"},"thumbnailUrl":"http:\/\/kapitalis.com\/tunisie\/wp-content\/uploads\/2015\/11\/Tunisie-Etats-Unis.jpg","datePublished":"2016-10-27T12:15:04+00:00","dateModified":"2016-10-27T12:17:52+00:00","breadcrumb":{"@id":"https:\/\/kapitalis.com\/tunisie\/2016\/10\/27\/drones-americains-la-tunisie-dement-a-moitie\/#breadcrumb"},"inLanguage":"fr-FR","potentialAction":[{"@type":"ReadAction","target":["https:\/\/kapitalis.com\/tunisie\/2016\/10\/27\/drones-americains-la-tunisie-dement-a-moitie\/"]}]},{"@type":"ImageObject","inLanguage":"fr-FR","@id":"https:\/\/kapitalis.com\/tunisie\/2016\/10\/27\/drones-americains-la-tunisie-dement-a-moitie\/#primaryimage","url":"http:\/\/kapitalis.com\/tunisie\/wp-content\/uploads\/2015\/11\/Tunisie-Etats-Unis.jpg","contentUrl":"http:\/\/kapitalis.com\/tunisie\/wp-content\/uploads\/2015\/11\/Tunisie-Etats-Unis.jpg"},{"@type":"BreadcrumbList","@id":"https:\/\/kapitalis.com\/tunisie\/2016\/10\/27\/drones-americains-la-tunisie-dement-a-moitie\/#breadcrumb","itemListElement":[{"@type":"ListItem","position":1,"name":"Accueil","item":"https:\/\/kapitalis.com\/tunisie\/"},{"@type":"ListItem","position":2,"name":"Drones am\u00e9ricains\u00a0: La Tunisie d\u00e9ment \u00e0 moiti\u00e9"}]},{"@type":"WebSite","@id":"https:\/\/kapitalis.com\/tunisie\/#website","url":"https:\/\/kapitalis.com\/tunisie\/","name":"Kapitalis","description":"L&#039;actualit\u00e9 en Tunisie et dans le monde","publisher":{"@id":"https:\/\/kapitalis.com\/tunisie\/#organization"},"potentialAction":[{"@type":"SearchAction","target":{"@type":"EntryPoint","urlTemplate":"https:\/\/kapitalis.com\/tunisie\/?s={search_term_string}"},"query-input":{"@type":"PropertyValueSpecification","valueRequired":true,"valueName":"search_term_string"}}],"inLanguage":"fr-FR"},{"@type":"Organization","@id":"https:\/\/kapitalis.com\/tunisie\/#organization","name":"Kapitalis","url":"https:\/\/kapitalis.com\/tunisie\/","logo":{"@type":"ImageObject","inLanguage":"fr-FR","@id":"https:\/\/kapitalis.com\/tunisie\/#\/schema\/logo\/image\/","url":"https:\/\/kapitalis.com\/tunisie\/wp-content\/uploads\/2022\/05\/Kapitalis-big-size.png","contentUrl":"https:\/\/kapitalis.com\/tunisie\/wp-content\/uploads\/2022\/05\/Kapitalis-big-size.png","width":5000,"height":1500,"caption":"Kapitalis"},"image":{"@id":"https:\/\/kapitalis.com\/tunisie\/#\/schema\/logo\/image\/"},"sameAs":["https:\/\/www.facebook.com\/KapitalisInfo\/","https:\/\/x.com\/KapitalisInfo","https:\/\/www.youtube.com\/channel\/UC-yDYrHyfFBWWZaOw3FPg9Q"]},{"@type":"Person","@id":"https:\/\/kapitalis.com\/tunisie\/#\/schema\/person\/6fc2988ceb6eacf6836db1d8360b4912","name":"zohra abid","url":"https:\/\/kapitalis.com\/tunisie\/author\/zohra-abid-2015\/"}]}},"_links":{"self":[{"href":"https:\/\/kapitalis.com\/tunisie\/wp-json\/wp\/v2\/posts\/69951","targetHints":{"allow":["GET"]}}],"collection":[{"href":"https:\/\/kapitalis.com\/tunisie\/wp-json\/wp\/v2\/posts"}],"about":[{"href":"https:\/\/kapitalis.com\/tunisie\/wp-json\/wp\/v2\/types\/post"}],"author":[{"embeddable":true,"href":"https:\/\/kapitalis.com\/tunisie\/wp-json\/wp\/v2\/users\/7"}],"replies":[{"embeddable":true,"href":"https:\/\/kapitalis.com\/tunisie\/wp-json\/wp\/v2\/comments?post=69951"}],"version-history":[{"count":0,"href":"https:\/\/kapitalis.com\/tunisie\/wp-json\/wp\/v2\/posts\/69951\/revisions"}],"wp:attachment":[{"href":"https:\/\/kapitalis.com\/tunisie\/wp-json\/wp\/v2\/media?parent=69951"}],"wp:term":[{"taxonomy":"category","embeddable":true,"href":"https:\/\/kapitalis.com\/tunisie\/wp-json\/wp\/v2\/categories?post=69951"},{"taxonomy":"post_tag","embeddable":true,"href":"https:\/\/kapitalis.com\/tunisie\/wp-json\/wp\/v2\/tags?post=69951"}],"curies":[{"name":"wp","href":"https:\/\/api.w.org\/{rel}","templated":true}]}}