{"id":69973,"date":"2016-10-27T13:37:54","date_gmt":"2016-10-27T12:37:54","guid":{"rendered":"http:\/\/kapitalis.com\/tunisie\/?p=69973"},"modified":"2016-10-27T13:37:54","modified_gmt":"2016-10-27T12:37:54","slug":"gabes-colere-apres-le-deces-dun-agent-de-la-steg","status":"publish","type":"post","link":"https:\/\/kapitalis.com\/tunisie\/2016\/10\/27\/gabes-colere-apres-le-deces-dun-agent-de-la-steg\/","title":{"rendered":"Gab\u00e8s : Col\u00e8re apr\u00e8s le d\u00e9c\u00e8s d\u2019un agent de la Steg"},"content":{"rendered":"<p style=\"text-align: center;\"><img loading=\"lazy\" decoding=\"async\" class=\"alignnone size-full wp-image-69974\" src=\"http:\/\/kapitalis.com\/tunisie\/wp-content\/uploads\/2016\/10\/Gab\u00e8s-deces-agent-Steg.jpg\" alt=\"gabes-deces-agent-steg\" width=\"626\" height=\"380\" \/><\/p>\n<p><em><strong>Les coll\u00e8gues de l\u2019employ\u00e9 de la Steg, mort hier \u00e0 Gab\u00e8s, ont manifest\u00e9, ce matin, appelant \u00e0 l\u2019ouverture d\u2019une enqu\u00eate pour r\u00e9v\u00e9ler les circonstances du d\u00e9c\u00e8s.<\/strong><\/em><\/p>\n<p><!--more--><\/p>\n<p>Abdelkader Zidi, agent de la Soci\u00e9t\u00e9 tunisienne de l&rsquo;\u00e9lectricit\u00e9 et du gaz (Steg), est d\u00e9c\u00e9d\u00e9 alors qu\u2019il intervenait \u00e0 la zone industrielle de Gab\u00e8s, pr\u00e8s de l\u2019usine d\u2019ammonitrate. Plusieurs personnes soup\u00e7onnent une mort par asphyxie, due \u00e0 une fuite de gaz de l\u2019usine. Mais les responsables de celle-ci ont rapidement d\u00e9menti cette information.<\/p>\n<p>Des habitants de la zone ont confirm\u00e9 l&rsquo;existence des fuites de gaz\u00a0\u00e9manant de cette usine,\u00a0affirmant que plusieurs d\u2019entre eux sont atteints de maladies respiratoires.<\/p>\n<p>Abdelkader Zidi laisse une fillette de 4 ans et un gar\u00e7on de 9 ans.<\/p>\n<p style=\"text-align: right;\"><strong>Y. N.<\/strong><\/p>\n","protected":false},"excerpt":{"rendered":"<p>Les coll\u00e8gues de l\u2019employ\u00e9 de la Steg, mort hier \u00e0 Gab\u00e8s, ont manifest\u00e9, ce matin, appelant \u00e0 l\u2019ouverture d\u2019une enqu\u00eate pour r\u00e9v\u00e9ler les circonstances du d\u00e9c\u00e8s.<\/p>\n","protected":false},"author":6,"featured_media":69974,"comment_status":"open","ping_status":"open","sticky":false,"template":"","format":"standard","meta":{"footnotes":""},"categories":[998,2433],"tags":[14702,406,3763,3869],"class_list":["post-69973","post","type-post","status-publish","format-standard","has-post-thumbnail","hentry","category-societe","category-tunisie","tag-asphyxie","tag-gabes","tag-steg","tag-zone-industrielle"],"yoast_head":"<!-- This site is optimized with the Yoast SEO plugin v26.6 - https:\/\/yoast.com\/wordpress\/plugins\/seo\/ -->\n<title>Gab\u00e8s : Col\u00e8re apr\u00e8s le d\u00e9c\u00e8s d\u2019un agent de la Steg - Kapitalis<\/title>\n<meta name=\"robots\" content=\"index, follow, max-snippet:-1, max-image-preview:large, max-video-preview:-1\" \/>\n<link rel=\"canonical\" href=\"https:\/\/kapitalis.com\/tunisie\/2016\/10\/27\/gabes-colere-apres-le-deces-dun-agent-de-la-steg\/\" \/>\n<meta property=\"og:locale\" content=\"fr_FR\" \/>\n<meta property=\"og:type\" content=\"article\" \/>\n<meta property=\"og:title\" content=\"Gab\u00e8s : Col\u00e8re apr\u00e8s le d\u00e9c\u00e8s d\u2019un agent de la Steg - Kapitalis\" \/>\n<meta property=\"og:description\" content=\"Les coll\u00e8gues de l\u2019employ\u00e9 de la Steg, mort hier \u00e0 Gab\u00e8s, ont manifest\u00e9, ce matin, appelant \u00e0 l\u2019ouverture d\u2019une enqu\u00eate pour r\u00e9v\u00e9ler les circonstances du d\u00e9c\u00e8s.\" \/>\n<meta property=\"og:url\" content=\"https:\/\/kapitalis.com\/tunisie\/2016\/10\/27\/gabes-colere-apres-le-deces-dun-agent-de-la-steg\/\" \/>\n<meta property=\"og:site_name\" content=\"Kapitalis\" \/>\n<meta property=\"article:publisher\" content=\"https:\/\/www.facebook.com\/KapitalisInfo\/\" \/>\n<meta property=\"article:published_time\" content=\"2016-10-27T12:37:54+00:00\" \/>\n<meta property=\"og:image\" content=\"https:\/\/kapitalis.com\/tunisie\/wp-content\/uploads\/2022\/05\/kapitalis-logo-fb.png\" \/>\n\t<meta property=\"og:image:width\" content=\"1200\" \/>\n\t<meta property=\"og:image:height\" content=\"630\" \/>\n\t<meta property=\"og:image:type\" content=\"image\/png\" \/>\n<meta name=\"author\" content=\"Yusra NY\" \/>\n<meta name=\"twitter:card\" content=\"summary_large_image\" \/>\n<meta name=\"twitter:creator\" content=\"@KapitalisInfo\" \/>\n<meta name=\"twitter:site\" content=\"@KapitalisInfo\" \/>\n<meta name=\"twitter:label1\" content=\"\u00c9crit par\" \/>\n\t<meta name=\"twitter:data1\" content=\"Yusra NY\" \/>\n\t<meta name=\"twitter:label2\" content=\"Dur\u00e9e de lecture estim\u00e9e\" \/>\n\t<meta name=\"twitter:data2\" content=\"1 minute\" \/>\n<script type=\"application\/ld+json\" class=\"yoast-schema-graph\">{\"@context\":\"https:\/\/schema.org\",\"@graph\":[{\"@type\":\"Article\",\"@id\":\"https:\/\/kapitalis.com\/tunisie\/2016\/10\/27\/gabes-colere-apres-le-deces-dun-agent-de-la-steg\/#article\",\"isPartOf\":{\"@id\":\"https:\/\/kapitalis.com\/tunisie\/2016\/10\/27\/gabes-colere-apres-le-deces-dun-agent-de-la-steg\/\"},\"author\":{\"name\":\"Yusra NY\",\"@id\":\"https:\/\/kapitalis.com\/tunisie\/#\/schema\/person\/74bbde0154d49d790a92aaeac5bc01d5\"},\"headline\":\"Gab\u00e8s : Col\u00e8re apr\u00e8s le d\u00e9c\u00e8s d\u2019un agent de la Steg\",\"datePublished\":\"2016-10-27T12:37:54+00:00\",\"mainEntityOfPage\":{\"@id\":\"https:\/\/kapitalis.com\/tunisie\/2016\/10\/27\/gabes-colere-apres-le-deces-dun-agent-de-la-steg\/\"},\"wordCount\":155,\"commentCount\":0,\"publisher\":{\"@id\":\"https:\/\/kapitalis.com\/tunisie\/#organization\"},\"image\":{\"@id\":\"https:\/\/kapitalis.com\/tunisie\/2016\/10\/27\/gabes-colere-apres-le-deces-dun-agent-de-la-steg\/#primaryimage\"},\"thumbnailUrl\":\"\",\"keywords\":[\"asphyxi\u00e9\",\"Gab\u00e8s\",\"Steg\",\"zone industrielle\"],\"articleSection\":[\"SOCIETE\",\"Tunisie\"],\"inLanguage\":\"fr-FR\",\"potentialAction\":[{\"@type\":\"CommentAction\",\"name\":\"Comment\",\"target\":[\"https:\/\/kapitalis.com\/tunisie\/2016\/10\/27\/gabes-colere-apres-le-deces-dun-agent-de-la-steg\/#respond\"]}]},{\"@type\":\"WebPage\",\"@id\":\"https:\/\/kapitalis.com\/tunisie\/2016\/10\/27\/gabes-colere-apres-le-deces-dun-agent-de-la-steg\/\",\"url\":\"https:\/\/kapitalis.com\/tunisie\/2016\/10\/27\/gabes-colere-apres-le-deces-dun-agent-de-la-steg\/\",\"name\":\"Gab\u00e8s : Col\u00e8re apr\u00e8s le d\u00e9c\u00e8s d\u2019un agent de la Steg - Kapitalis\",\"isPartOf\":{\"@id\":\"https:\/\/kapitalis.com\/tunisie\/#website\"},\"primaryImageOfPage\":{\"@id\":\"https:\/\/kapitalis.com\/tunisie\/2016\/10\/27\/gabes-colere-apres-le-deces-dun-agent-de-la-steg\/#primaryimage\"},\"image\":{\"@id\":\"https:\/\/kapitalis.com\/tunisie\/2016\/10\/27\/gabes-colere-apres-le-deces-dun-agent-de-la-steg\/#primaryimage\"},\"thumbnailUrl\":\"\",\"datePublished\":\"2016-10-27T12:37:54+00:00\",\"breadcrumb\":{\"@id\":\"https:\/\/kapitalis.com\/tunisie\/2016\/10\/27\/gabes-colere-apres-le-deces-dun-agent-de-la-steg\/#breadcrumb\"},\"inLanguage\":\"fr-FR\",\"potentialAction\":[{\"@type\":\"ReadAction\",\"target\":[\"https:\/\/kapitalis.com\/tunisie\/2016\/10\/27\/gabes-colere-apres-le-deces-dun-agent-de-la-steg\/\"]}]},{\"@type\":\"ImageObject\",\"inLanguage\":\"fr-FR\",\"@id\":\"https:\/\/kapitalis.com\/tunisie\/2016\/10\/27\/gabes-colere-apres-le-deces-dun-agent-de-la-steg\/#primaryimage\",\"url\":\"\",\"contentUrl\":\"\"},{\"@type\":\"BreadcrumbList\",\"@id\":\"https:\/\/kapitalis.com\/tunisie\/2016\/10\/27\/gabes-colere-apres-le-deces-dun-agent-de-la-steg\/#breadcrumb\",\"itemListElement\":[{\"@type\":\"ListItem\",\"position\":1,\"name\":\"Accueil\",\"item\":\"https:\/\/kapitalis.com\/tunisie\/\"},{\"@type\":\"ListItem\",\"position\":2,\"name\":\"Gab\u00e8s : Col\u00e8re apr\u00e8s le d\u00e9c\u00e8s d\u2019un agent de la Steg\"}]},{\"@type\":\"WebSite\",\"@id\":\"https:\/\/kapitalis.com\/tunisie\/#website\",\"url\":\"https:\/\/kapitalis.com\/tunisie\/\",\"name\":\"Kapitalis\",\"description\":\"L&#039;actualit\u00e9 en Tunisie et dans le monde\",\"publisher\":{\"@id\":\"https:\/\/kapitalis.com\/tunisie\/#organization\"},\"potentialAction\":[{\"@type\":\"SearchAction\",\"target\":{\"@type\":\"EntryPoint\",\"urlTemplate\":\"https:\/\/kapitalis.com\/tunisie\/?s={search_term_string}\"},\"query-input\":{\"@type\":\"PropertyValueSpecification\",\"valueRequired\":true,\"valueName\":\"search_term_string\"}}],\"inLanguage\":\"fr-FR\"},{\"@type\":\"Organization\",\"@id\":\"https:\/\/kapitalis.com\/tunisie\/#organization\",\"name\":\"Kapitalis\",\"url\":\"https:\/\/kapitalis.com\/tunisie\/\",\"logo\":{\"@type\":\"ImageObject\",\"inLanguage\":\"fr-FR\",\"@id\":\"https:\/\/kapitalis.com\/tunisie\/#\/schema\/logo\/image\/\",\"url\":\"https:\/\/kapitalis.com\/tunisie\/wp-content\/uploads\/2022\/05\/Kapitalis-big-size.png\",\"contentUrl\":\"https:\/\/kapitalis.com\/tunisie\/wp-content\/uploads\/2022\/05\/Kapitalis-big-size.png\",\"width\":5000,\"height\":1500,\"caption\":\"Kapitalis\"},\"image\":{\"@id\":\"https:\/\/kapitalis.com\/tunisie\/#\/schema\/logo\/image\/\"},\"sameAs\":[\"https:\/\/www.facebook.com\/KapitalisInfo\/\",\"https:\/\/x.com\/KapitalisInfo\",\"https:\/\/www.youtube.com\/channel\/UC-yDYrHyfFBWWZaOw3FPg9Q\"]},{\"@type\":\"Person\",\"@id\":\"https:\/\/kapitalis.com\/tunisie\/#\/schema\/person\/74bbde0154d49d790a92aaeac5bc01d5\",\"name\":\"Yusra NY\",\"url\":\"https:\/\/kapitalis.com\/tunisie\/author\/yuza_adam\/\"}]}<\/script>\n<!-- \/ Yoast SEO plugin. -->","yoast_head_json":{"title":"Gab\u00e8s : Col\u00e8re apr\u00e8s le d\u00e9c\u00e8s d\u2019un agent de la Steg - Kapitalis","robots":{"index":"index","follow":"follow","max-snippet":"max-snippet:-1","max-image-preview":"max-image-preview:large","max-video-preview":"max-video-preview:-1"},"canonical":"https:\/\/kapitalis.com\/tunisie\/2016\/10\/27\/gabes-colere-apres-le-deces-dun-agent-de-la-steg\/","og_locale":"fr_FR","og_type":"article","og_title":"Gab\u00e8s : Col\u00e8re apr\u00e8s le d\u00e9c\u00e8s d\u2019un agent de la Steg - Kapitalis","og_description":"Les coll\u00e8gues de l\u2019employ\u00e9 de la Steg, mort hier \u00e0 Gab\u00e8s, ont manifest\u00e9, ce matin, appelant \u00e0 l\u2019ouverture d\u2019une enqu\u00eate pour r\u00e9v\u00e9ler les circonstances du d\u00e9c\u00e8s.","og_url":"https:\/\/kapitalis.com\/tunisie\/2016\/10\/27\/gabes-colere-apres-le-deces-dun-agent-de-la-steg\/","og_site_name":"Kapitalis","article_publisher":"https:\/\/www.facebook.com\/KapitalisInfo\/","article_published_time":"2016-10-27T12:37:54+00:00","og_image":[{"width":1200,"height":630,"url":"https:\/\/kapitalis.com\/tunisie\/wp-content\/uploads\/2022\/05\/kapitalis-logo-fb.png","type":"image\/png"}],"author":"Yusra NY","twitter_card":"summary_large_image","twitter_creator":"@KapitalisInfo","twitter_site":"@KapitalisInfo","twitter_misc":{"\u00c9crit par":"Yusra NY","Dur\u00e9e de lecture estim\u00e9e":"1 minute"},"schema":{"@context":"https:\/\/schema.org","@graph":[{"@type":"Article","@id":"https:\/\/kapitalis.com\/tunisie\/2016\/10\/27\/gabes-colere-apres-le-deces-dun-agent-de-la-steg\/#article","isPartOf":{"@id":"https:\/\/kapitalis.com\/tunisie\/2016\/10\/27\/gabes-colere-apres-le-deces-dun-agent-de-la-steg\/"},"author":{"name":"Yusra NY","@id":"https:\/\/kapitalis.com\/tunisie\/#\/schema\/person\/74bbde0154d49d790a92aaeac5bc01d5"},"headline":"Gab\u00e8s : Col\u00e8re apr\u00e8s le d\u00e9c\u00e8s d\u2019un agent de la Steg","datePublished":"2016-10-27T12:37:54+00:00","mainEntityOfPage":{"@id":"https:\/\/kapitalis.com\/tunisie\/2016\/10\/27\/gabes-colere-apres-le-deces-dun-agent-de-la-steg\/"},"wordCount":155,"commentCount":0,"publisher":{"@id":"https:\/\/kapitalis.com\/tunisie\/#organization"},"image":{"@id":"https:\/\/kapitalis.com\/tunisie\/2016\/10\/27\/gabes-colere-apres-le-deces-dun-agent-de-la-steg\/#primaryimage"},"thumbnailUrl":"","keywords":["asphyxi\u00e9","Gab\u00e8s","Steg","zone industrielle"],"articleSection":["SOCIETE","Tunisie"],"inLanguage":"fr-FR","potentialAction":[{"@type":"CommentAction","name":"Comment","target":["https:\/\/kapitalis.com\/tunisie\/2016\/10\/27\/gabes-colere-apres-le-deces-dun-agent-de-la-steg\/#respond"]}]},{"@type":"WebPage","@id":"https:\/\/kapitalis.com\/tunisie\/2016\/10\/27\/gabes-colere-apres-le-deces-dun-agent-de-la-steg\/","url":"https:\/\/kapitalis.com\/tunisie\/2016\/10\/27\/gabes-colere-apres-le-deces-dun-agent-de-la-steg\/","name":"Gab\u00e8s : Col\u00e8re apr\u00e8s le d\u00e9c\u00e8s d\u2019un agent de la Steg - Kapitalis","isPartOf":{"@id":"https:\/\/kapitalis.com\/tunisie\/#website"},"primaryImageOfPage":{"@id":"https:\/\/kapitalis.com\/tunisie\/2016\/10\/27\/gabes-colere-apres-le-deces-dun-agent-de-la-steg\/#primaryimage"},"image":{"@id":"https:\/\/kapitalis.com\/tunisie\/2016\/10\/27\/gabes-colere-apres-le-deces-dun-agent-de-la-steg\/#primaryimage"},"thumbnailUrl":"","datePublished":"2016-10-27T12:37:54+00:00","breadcrumb":{"@id":"https:\/\/kapitalis.com\/tunisie\/2016\/10\/27\/gabes-colere-apres-le-deces-dun-agent-de-la-steg\/#breadcrumb"},"inLanguage":"fr-FR","potentialAction":[{"@type":"ReadAction","target":["https:\/\/kapitalis.com\/tunisie\/2016\/10\/27\/gabes-colere-apres-le-deces-dun-agent-de-la-steg\/"]}]},{"@type":"ImageObject","inLanguage":"fr-FR","@id":"https:\/\/kapitalis.com\/tunisie\/2016\/10\/27\/gabes-colere-apres-le-deces-dun-agent-de-la-steg\/#primaryimage","url":"","contentUrl":""},{"@type":"BreadcrumbList","@id":"https:\/\/kapitalis.com\/tunisie\/2016\/10\/27\/gabes-colere-apres-le-deces-dun-agent-de-la-steg\/#breadcrumb","itemListElement":[{"@type":"ListItem","position":1,"name":"Accueil","item":"https:\/\/kapitalis.com\/tunisie\/"},{"@type":"ListItem","position":2,"name":"Gab\u00e8s : Col\u00e8re apr\u00e8s le d\u00e9c\u00e8s d\u2019un agent de la Steg"}]},{"@type":"WebSite","@id":"https:\/\/kapitalis.com\/tunisie\/#website","url":"https:\/\/kapitalis.com\/tunisie\/","name":"Kapitalis","description":"L&#039;actualit\u00e9 en Tunisie et dans le monde","publisher":{"@id":"https:\/\/kapitalis.com\/tunisie\/#organization"},"potentialAction":[{"@type":"SearchAction","target":{"@type":"EntryPoint","urlTemplate":"https:\/\/kapitalis.com\/tunisie\/?s={search_term_string}"},"query-input":{"@type":"PropertyValueSpecification","valueRequired":true,"valueName":"search_term_string"}}],"inLanguage":"fr-FR"},{"@type":"Organization","@id":"https:\/\/kapitalis.com\/tunisie\/#organization","name":"Kapitalis","url":"https:\/\/kapitalis.com\/tunisie\/","logo":{"@type":"ImageObject","inLanguage":"fr-FR","@id":"https:\/\/kapitalis.com\/tunisie\/#\/schema\/logo\/image\/","url":"https:\/\/kapitalis.com\/tunisie\/wp-content\/uploads\/2022\/05\/Kapitalis-big-size.png","contentUrl":"https:\/\/kapitalis.com\/tunisie\/wp-content\/uploads\/2022\/05\/Kapitalis-big-size.png","width":5000,"height":1500,"caption":"Kapitalis"},"image":{"@id":"https:\/\/kapitalis.com\/tunisie\/#\/schema\/logo\/image\/"},"sameAs":["https:\/\/www.facebook.com\/KapitalisInfo\/","https:\/\/x.com\/KapitalisInfo","https:\/\/www.youtube.com\/channel\/UC-yDYrHyfFBWWZaOw3FPg9Q"]},{"@type":"Person","@id":"https:\/\/kapitalis.com\/tunisie\/#\/schema\/person\/74bbde0154d49d790a92aaeac5bc01d5","name":"Yusra NY","url":"https:\/\/kapitalis.com\/tunisie\/author\/yuza_adam\/"}]}},"_links":{"self":[{"href":"https:\/\/kapitalis.com\/tunisie\/wp-json\/wp\/v2\/posts\/69973","targetHints":{"allow":["GET"]}}],"collection":[{"href":"https:\/\/kapitalis.com\/tunisie\/wp-json\/wp\/v2\/posts"}],"about":[{"href":"https:\/\/kapitalis.com\/tunisie\/wp-json\/wp\/v2\/types\/post"}],"author":[{"embeddable":true,"href":"https:\/\/kapitalis.com\/tunisie\/wp-json\/wp\/v2\/users\/6"}],"replies":[{"embeddable":true,"href":"https:\/\/kapitalis.com\/tunisie\/wp-json\/wp\/v2\/comments?post=69973"}],"version-history":[{"count":0,"href":"https:\/\/kapitalis.com\/tunisie\/wp-json\/wp\/v2\/posts\/69973\/revisions"}],"wp:featuredmedia":[{"embeddable":true,"href":"https:\/\/kapitalis.com\/tunisie\/wp-json\/wp\/v2\/media\/69974"}],"wp:attachment":[{"href":"https:\/\/kapitalis.com\/tunisie\/wp-json\/wp\/v2\/media?parent=69973"}],"wp:term":[{"taxonomy":"category","embeddable":true,"href":"https:\/\/kapitalis.com\/tunisie\/wp-json\/wp\/v2\/categories?post=69973"},{"taxonomy":"post_tag","embeddable":true,"href":"https:\/\/kapitalis.com\/tunisie\/wp-json\/wp\/v2\/tags?post=69973"}],"curies":[{"name":"wp","href":"https:\/\/api.w.org\/{rel}","templated":true}]}}