{"id":70035,"date":"2016-10-27T18:47:43","date_gmt":"2016-10-27T17:47:43","guid":{"rendered":"http:\/\/kapitalis.com\/tunisie\/?p=70035"},"modified":"2016-10-27T18:47:43","modified_gmt":"2016-10-27T17:47:43","slug":"habib-karaouli-recoit-le-prix-du-banquier-daffaires-a-pekin","status":"publish","type":"post","link":"https:\/\/kapitalis.com\/tunisie\/2016\/10\/27\/habib-karaouli-recoit-le-prix-du-banquier-daffaires-a-pekin\/","title":{"rendered":"Habib Karaouli re\u00e7oit le Prix du banquier d\u2019affaires \u00e0 P\u00e9kin"},"content":{"rendered":"<p><img loading=\"lazy\" decoding=\"async\" class=\"alignnone size-full wp-image-70036 aligncenter\" src=\"http:\/\/kapitalis.com\/tunisie\/wp-content\/uploads\/2016\/10\/Habib-Karaouli.jpg\" alt=\"habib-karaouli\" width=\"626\" height=\"380\" \/><\/p>\n<p><em><strong>Habib Karaouli, Pdg de la Banque d\u2019affaires de Tunisie (BAT) et fondateur-pr\u00e9sident de Capsa Capital Partners, vient de recevoir une distinction \u00e0 P\u00e9kin, en Chine.<\/strong> <\/em><\/p>\n<p><!--more--><\/p>\n<p>M. Karaouli, qui prit part aux travaux de la 7e \u00e9dition de l\u2019International Capital Conference ICC 2016 Europe-Chine, qui a eu lieu \u00e0 Beijing les 19 et 20 octobre, a re\u00e7u le Prix du banquier d\u2019affaires pour sa contribution au d\u00e9veloppement du m\u00e9tier, la diversit\u00e9 de ses r\u00e9alisations et sa cr\u00e9ativit\u00e9.<\/p>\n<p>Cette manifestation internationale, qui a vu la participation de plusieurs pays europ\u00e9ens et asiatiques, a \u00e9t\u00e9 \u00e9galement l\u2019occasion pour M. Karaouli de pr\u00e9senter les opportunit\u00e9s d\u2019investissement en Tunisie et notamment la port\u00e9e et les objectifs de la Conf\u00e9rence internationale de l\u2019investissement Tunisia 2020 qui aura lieu les 29 et 30 novembre prochain \u00e0 Tunis.<\/p>\n<p style=\"text-align: right;\"><strong>I. B.<\/strong><\/p>\n","protected":false},"excerpt":{"rendered":"<p>Habib Karaouli, Pdg de la Banque d\u2019affaires de Tunisie (BAT) et fondateur-pr\u00e9sident de Capsa Capital Partners, vient de recevoir une distinction \u00e0 P\u00e9kin, en Chine.<\/p>\n","protected":false},"author":8,"featured_media":70036,"comment_status":"open","ping_status":"open","sticky":false,"template":"","format":"standard","meta":{"footnotes":""},"categories":[995,2433],"tags":[7913,24478],"class_list":["post-70035","post","type-post","status-publish","format-standard","has-post-thumbnail","hentry","category-economie","category-tunisie","tag-bat","tag-habib-karaouli"],"yoast_head":"<!-- This site is optimized with the Yoast SEO plugin v26.6 - https:\/\/yoast.com\/wordpress\/plugins\/seo\/ -->\n<title>Habib Karaouli re\u00e7oit le Prix du banquier d\u2019affaires \u00e0 P\u00e9kin - Kapitalis<\/title>\n<meta name=\"robots\" content=\"index, follow, max-snippet:-1, max-image-preview:large, max-video-preview:-1\" \/>\n<link rel=\"canonical\" href=\"https:\/\/kapitalis.com\/tunisie\/2016\/10\/27\/habib-karaouli-recoit-le-prix-du-banquier-daffaires-a-pekin\/\" \/>\n<meta property=\"og:locale\" content=\"fr_FR\" \/>\n<meta property=\"og:type\" content=\"article\" \/>\n<meta property=\"og:title\" content=\"Habib Karaouli re\u00e7oit le Prix du banquier d\u2019affaires \u00e0 P\u00e9kin - Kapitalis\" \/>\n<meta property=\"og:description\" content=\"Habib Karaouli, Pdg de la Banque d\u2019affaires de Tunisie (BAT) et fondateur-pr\u00e9sident de Capsa Capital Partners, vient de recevoir une distinction \u00e0 P\u00e9kin, en Chine.\" \/>\n<meta property=\"og:url\" content=\"https:\/\/kapitalis.com\/tunisie\/2016\/10\/27\/habib-karaouli-recoit-le-prix-du-banquier-daffaires-a-pekin\/\" \/>\n<meta property=\"og:site_name\" content=\"Kapitalis\" \/>\n<meta property=\"article:publisher\" content=\"https:\/\/www.facebook.com\/KapitalisInfo\/\" \/>\n<meta property=\"article:published_time\" content=\"2016-10-27T17:47:43+00:00\" \/>\n<meta property=\"og:image\" content=\"https:\/\/kapitalis.com\/tunisie\/wp-content\/uploads\/2022\/05\/kapitalis-logo-fb.png\" \/>\n\t<meta property=\"og:image:width\" content=\"1200\" \/>\n\t<meta property=\"og:image:height\" content=\"630\" \/>\n\t<meta property=\"og:image:type\" content=\"image\/png\" \/>\n<meta name=\"author\" content=\"webmaster kapitalis\" \/>\n<meta name=\"twitter:card\" content=\"summary_large_image\" \/>\n<meta name=\"twitter:creator\" content=\"@KapitalisInfo\" \/>\n<meta name=\"twitter:site\" content=\"@KapitalisInfo\" \/>\n<meta name=\"twitter:label1\" content=\"\u00c9crit par\" \/>\n\t<meta name=\"twitter:data1\" content=\"webmaster kapitalis\" \/>\n\t<meta name=\"twitter:label2\" content=\"Dur\u00e9e de lecture estim\u00e9e\" \/>\n\t<meta name=\"twitter:data2\" content=\"1 minute\" \/>\n<script type=\"application\/ld+json\" class=\"yoast-schema-graph\">{\"@context\":\"https:\/\/schema.org\",\"@graph\":[{\"@type\":\"Article\",\"@id\":\"https:\/\/kapitalis.com\/tunisie\/2016\/10\/27\/habib-karaouli-recoit-le-prix-du-banquier-daffaires-a-pekin\/#article\",\"isPartOf\":{\"@id\":\"https:\/\/kapitalis.com\/tunisie\/2016\/10\/27\/habib-karaouli-recoit-le-prix-du-banquier-daffaires-a-pekin\/\"},\"author\":{\"name\":\"webmaster kapitalis\",\"@id\":\"https:\/\/kapitalis.com\/tunisie\/#\/schema\/person\/d71f33a9ca44f7bad4698210b480c8e9\"},\"headline\":\"Habib Karaouli re\u00e7oit le Prix du banquier d\u2019affaires \u00e0 P\u00e9kin\",\"datePublished\":\"2016-10-27T17:47:43+00:00\",\"mainEntityOfPage\":{\"@id\":\"https:\/\/kapitalis.com\/tunisie\/2016\/10\/27\/habib-karaouli-recoit-le-prix-du-banquier-daffaires-a-pekin\/\"},\"wordCount\":153,\"commentCount\":0,\"publisher\":{\"@id\":\"https:\/\/kapitalis.com\/tunisie\/#organization\"},\"image\":{\"@id\":\"https:\/\/kapitalis.com\/tunisie\/2016\/10\/27\/habib-karaouli-recoit-le-prix-du-banquier-daffaires-a-pekin\/#primaryimage\"},\"thumbnailUrl\":\"\",\"keywords\":[\"BAT\",\"Habib Karaouli\"],\"articleSection\":[\"ECONOMIE\",\"Tunisie\"],\"inLanguage\":\"fr-FR\",\"potentialAction\":[{\"@type\":\"CommentAction\",\"name\":\"Comment\",\"target\":[\"https:\/\/kapitalis.com\/tunisie\/2016\/10\/27\/habib-karaouli-recoit-le-prix-du-banquier-daffaires-a-pekin\/#respond\"]}]},{\"@type\":\"WebPage\",\"@id\":\"https:\/\/kapitalis.com\/tunisie\/2016\/10\/27\/habib-karaouli-recoit-le-prix-du-banquier-daffaires-a-pekin\/\",\"url\":\"https:\/\/kapitalis.com\/tunisie\/2016\/10\/27\/habib-karaouli-recoit-le-prix-du-banquier-daffaires-a-pekin\/\",\"name\":\"Habib Karaouli re\u00e7oit le Prix du banquier d\u2019affaires \u00e0 P\u00e9kin - Kapitalis\",\"isPartOf\":{\"@id\":\"https:\/\/kapitalis.com\/tunisie\/#website\"},\"primaryImageOfPage\":{\"@id\":\"https:\/\/kapitalis.com\/tunisie\/2016\/10\/27\/habib-karaouli-recoit-le-prix-du-banquier-daffaires-a-pekin\/#primaryimage\"},\"image\":{\"@id\":\"https:\/\/kapitalis.com\/tunisie\/2016\/10\/27\/habib-karaouli-recoit-le-prix-du-banquier-daffaires-a-pekin\/#primaryimage\"},\"thumbnailUrl\":\"\",\"datePublished\":\"2016-10-27T17:47:43+00:00\",\"breadcrumb\":{\"@id\":\"https:\/\/kapitalis.com\/tunisie\/2016\/10\/27\/habib-karaouli-recoit-le-prix-du-banquier-daffaires-a-pekin\/#breadcrumb\"},\"inLanguage\":\"fr-FR\",\"potentialAction\":[{\"@type\":\"ReadAction\",\"target\":[\"https:\/\/kapitalis.com\/tunisie\/2016\/10\/27\/habib-karaouli-recoit-le-prix-du-banquier-daffaires-a-pekin\/\"]}]},{\"@type\":\"ImageObject\",\"inLanguage\":\"fr-FR\",\"@id\":\"https:\/\/kapitalis.com\/tunisie\/2016\/10\/27\/habib-karaouli-recoit-le-prix-du-banquier-daffaires-a-pekin\/#primaryimage\",\"url\":\"\",\"contentUrl\":\"\"},{\"@type\":\"BreadcrumbList\",\"@id\":\"https:\/\/kapitalis.com\/tunisie\/2016\/10\/27\/habib-karaouli-recoit-le-prix-du-banquier-daffaires-a-pekin\/#breadcrumb\",\"itemListElement\":[{\"@type\":\"ListItem\",\"position\":1,\"name\":\"Accueil\",\"item\":\"https:\/\/kapitalis.com\/tunisie\/\"},{\"@type\":\"ListItem\",\"position\":2,\"name\":\"Habib Karaouli re\u00e7oit le Prix du banquier d\u2019affaires \u00e0 P\u00e9kin\"}]},{\"@type\":\"WebSite\",\"@id\":\"https:\/\/kapitalis.com\/tunisie\/#website\",\"url\":\"https:\/\/kapitalis.com\/tunisie\/\",\"name\":\"Kapitalis\",\"description\":\"L&#039;actualit\u00e9 en Tunisie et dans le monde\",\"publisher\":{\"@id\":\"https:\/\/kapitalis.com\/tunisie\/#organization\"},\"potentialAction\":[{\"@type\":\"SearchAction\",\"target\":{\"@type\":\"EntryPoint\",\"urlTemplate\":\"https:\/\/kapitalis.com\/tunisie\/?s={search_term_string}\"},\"query-input\":{\"@type\":\"PropertyValueSpecification\",\"valueRequired\":true,\"valueName\":\"search_term_string\"}}],\"inLanguage\":\"fr-FR\"},{\"@type\":\"Organization\",\"@id\":\"https:\/\/kapitalis.com\/tunisie\/#organization\",\"name\":\"Kapitalis\",\"url\":\"https:\/\/kapitalis.com\/tunisie\/\",\"logo\":{\"@type\":\"ImageObject\",\"inLanguage\":\"fr-FR\",\"@id\":\"https:\/\/kapitalis.com\/tunisie\/#\/schema\/logo\/image\/\",\"url\":\"https:\/\/kapitalis.com\/tunisie\/wp-content\/uploads\/2022\/05\/Kapitalis-big-size.png\",\"contentUrl\":\"https:\/\/kapitalis.com\/tunisie\/wp-content\/uploads\/2022\/05\/Kapitalis-big-size.png\",\"width\":5000,\"height\":1500,\"caption\":\"Kapitalis\"},\"image\":{\"@id\":\"https:\/\/kapitalis.com\/tunisie\/#\/schema\/logo\/image\/\"},\"sameAs\":[\"https:\/\/www.facebook.com\/KapitalisInfo\/\",\"https:\/\/x.com\/KapitalisInfo\",\"https:\/\/www.youtube.com\/channel\/UC-yDYrHyfFBWWZaOw3FPg9Q\"]},{\"@type\":\"Person\",\"@id\":\"https:\/\/kapitalis.com\/tunisie\/#\/schema\/person\/d71f33a9ca44f7bad4698210b480c8e9\",\"name\":\"webmaster kapitalis\",\"url\":\"https:\/\/kapitalis.com\/tunisie\/author\/webmaster-kapitalis\/\"}]}<\/script>\n<!-- \/ Yoast SEO plugin. -->","yoast_head_json":{"title":"Habib Karaouli re\u00e7oit le Prix du banquier d\u2019affaires \u00e0 P\u00e9kin - Kapitalis","robots":{"index":"index","follow":"follow","max-snippet":"max-snippet:-1","max-image-preview":"max-image-preview:large","max-video-preview":"max-video-preview:-1"},"canonical":"https:\/\/kapitalis.com\/tunisie\/2016\/10\/27\/habib-karaouli-recoit-le-prix-du-banquier-daffaires-a-pekin\/","og_locale":"fr_FR","og_type":"article","og_title":"Habib Karaouli re\u00e7oit le Prix du banquier d\u2019affaires \u00e0 P\u00e9kin - Kapitalis","og_description":"Habib Karaouli, Pdg de la Banque d\u2019affaires de Tunisie (BAT) et fondateur-pr\u00e9sident de Capsa Capital Partners, vient de recevoir une distinction \u00e0 P\u00e9kin, en Chine.","og_url":"https:\/\/kapitalis.com\/tunisie\/2016\/10\/27\/habib-karaouli-recoit-le-prix-du-banquier-daffaires-a-pekin\/","og_site_name":"Kapitalis","article_publisher":"https:\/\/www.facebook.com\/KapitalisInfo\/","article_published_time":"2016-10-27T17:47:43+00:00","og_image":[{"width":1200,"height":630,"url":"https:\/\/kapitalis.com\/tunisie\/wp-content\/uploads\/2022\/05\/kapitalis-logo-fb.png","type":"image\/png"}],"author":"webmaster kapitalis","twitter_card":"summary_large_image","twitter_creator":"@KapitalisInfo","twitter_site":"@KapitalisInfo","twitter_misc":{"\u00c9crit par":"webmaster kapitalis","Dur\u00e9e de lecture estim\u00e9e":"1 minute"},"schema":{"@context":"https:\/\/schema.org","@graph":[{"@type":"Article","@id":"https:\/\/kapitalis.com\/tunisie\/2016\/10\/27\/habib-karaouli-recoit-le-prix-du-banquier-daffaires-a-pekin\/#article","isPartOf":{"@id":"https:\/\/kapitalis.com\/tunisie\/2016\/10\/27\/habib-karaouli-recoit-le-prix-du-banquier-daffaires-a-pekin\/"},"author":{"name":"webmaster kapitalis","@id":"https:\/\/kapitalis.com\/tunisie\/#\/schema\/person\/d71f33a9ca44f7bad4698210b480c8e9"},"headline":"Habib Karaouli re\u00e7oit le Prix du banquier d\u2019affaires \u00e0 P\u00e9kin","datePublished":"2016-10-27T17:47:43+00:00","mainEntityOfPage":{"@id":"https:\/\/kapitalis.com\/tunisie\/2016\/10\/27\/habib-karaouli-recoit-le-prix-du-banquier-daffaires-a-pekin\/"},"wordCount":153,"commentCount":0,"publisher":{"@id":"https:\/\/kapitalis.com\/tunisie\/#organization"},"image":{"@id":"https:\/\/kapitalis.com\/tunisie\/2016\/10\/27\/habib-karaouli-recoit-le-prix-du-banquier-daffaires-a-pekin\/#primaryimage"},"thumbnailUrl":"","keywords":["BAT","Habib Karaouli"],"articleSection":["ECONOMIE","Tunisie"],"inLanguage":"fr-FR","potentialAction":[{"@type":"CommentAction","name":"Comment","target":["https:\/\/kapitalis.com\/tunisie\/2016\/10\/27\/habib-karaouli-recoit-le-prix-du-banquier-daffaires-a-pekin\/#respond"]}]},{"@type":"WebPage","@id":"https:\/\/kapitalis.com\/tunisie\/2016\/10\/27\/habib-karaouli-recoit-le-prix-du-banquier-daffaires-a-pekin\/","url":"https:\/\/kapitalis.com\/tunisie\/2016\/10\/27\/habib-karaouli-recoit-le-prix-du-banquier-daffaires-a-pekin\/","name":"Habib Karaouli re\u00e7oit le Prix du banquier d\u2019affaires \u00e0 P\u00e9kin - Kapitalis","isPartOf":{"@id":"https:\/\/kapitalis.com\/tunisie\/#website"},"primaryImageOfPage":{"@id":"https:\/\/kapitalis.com\/tunisie\/2016\/10\/27\/habib-karaouli-recoit-le-prix-du-banquier-daffaires-a-pekin\/#primaryimage"},"image":{"@id":"https:\/\/kapitalis.com\/tunisie\/2016\/10\/27\/habib-karaouli-recoit-le-prix-du-banquier-daffaires-a-pekin\/#primaryimage"},"thumbnailUrl":"","datePublished":"2016-10-27T17:47:43+00:00","breadcrumb":{"@id":"https:\/\/kapitalis.com\/tunisie\/2016\/10\/27\/habib-karaouli-recoit-le-prix-du-banquier-daffaires-a-pekin\/#breadcrumb"},"inLanguage":"fr-FR","potentialAction":[{"@type":"ReadAction","target":["https:\/\/kapitalis.com\/tunisie\/2016\/10\/27\/habib-karaouli-recoit-le-prix-du-banquier-daffaires-a-pekin\/"]}]},{"@type":"ImageObject","inLanguage":"fr-FR","@id":"https:\/\/kapitalis.com\/tunisie\/2016\/10\/27\/habib-karaouli-recoit-le-prix-du-banquier-daffaires-a-pekin\/#primaryimage","url":"","contentUrl":""},{"@type":"BreadcrumbList","@id":"https:\/\/kapitalis.com\/tunisie\/2016\/10\/27\/habib-karaouli-recoit-le-prix-du-banquier-daffaires-a-pekin\/#breadcrumb","itemListElement":[{"@type":"ListItem","position":1,"name":"Accueil","item":"https:\/\/kapitalis.com\/tunisie\/"},{"@type":"ListItem","position":2,"name":"Habib Karaouli re\u00e7oit le Prix du banquier d\u2019affaires \u00e0 P\u00e9kin"}]},{"@type":"WebSite","@id":"https:\/\/kapitalis.com\/tunisie\/#website","url":"https:\/\/kapitalis.com\/tunisie\/","name":"Kapitalis","description":"L&#039;actualit\u00e9 en Tunisie et dans le monde","publisher":{"@id":"https:\/\/kapitalis.com\/tunisie\/#organization"},"potentialAction":[{"@type":"SearchAction","target":{"@type":"EntryPoint","urlTemplate":"https:\/\/kapitalis.com\/tunisie\/?s={search_term_string}"},"query-input":{"@type":"PropertyValueSpecification","valueRequired":true,"valueName":"search_term_string"}}],"inLanguage":"fr-FR"},{"@type":"Organization","@id":"https:\/\/kapitalis.com\/tunisie\/#organization","name":"Kapitalis","url":"https:\/\/kapitalis.com\/tunisie\/","logo":{"@type":"ImageObject","inLanguage":"fr-FR","@id":"https:\/\/kapitalis.com\/tunisie\/#\/schema\/logo\/image\/","url":"https:\/\/kapitalis.com\/tunisie\/wp-content\/uploads\/2022\/05\/Kapitalis-big-size.png","contentUrl":"https:\/\/kapitalis.com\/tunisie\/wp-content\/uploads\/2022\/05\/Kapitalis-big-size.png","width":5000,"height":1500,"caption":"Kapitalis"},"image":{"@id":"https:\/\/kapitalis.com\/tunisie\/#\/schema\/logo\/image\/"},"sameAs":["https:\/\/www.facebook.com\/KapitalisInfo\/","https:\/\/x.com\/KapitalisInfo","https:\/\/www.youtube.com\/channel\/UC-yDYrHyfFBWWZaOw3FPg9Q"]},{"@type":"Person","@id":"https:\/\/kapitalis.com\/tunisie\/#\/schema\/person\/d71f33a9ca44f7bad4698210b480c8e9","name":"webmaster kapitalis","url":"https:\/\/kapitalis.com\/tunisie\/author\/webmaster-kapitalis\/"}]}},"_links":{"self":[{"href":"https:\/\/kapitalis.com\/tunisie\/wp-json\/wp\/v2\/posts\/70035","targetHints":{"allow":["GET"]}}],"collection":[{"href":"https:\/\/kapitalis.com\/tunisie\/wp-json\/wp\/v2\/posts"}],"about":[{"href":"https:\/\/kapitalis.com\/tunisie\/wp-json\/wp\/v2\/types\/post"}],"author":[{"embeddable":true,"href":"https:\/\/kapitalis.com\/tunisie\/wp-json\/wp\/v2\/users\/8"}],"replies":[{"embeddable":true,"href":"https:\/\/kapitalis.com\/tunisie\/wp-json\/wp\/v2\/comments?post=70035"}],"version-history":[{"count":0,"href":"https:\/\/kapitalis.com\/tunisie\/wp-json\/wp\/v2\/posts\/70035\/revisions"}],"wp:featuredmedia":[{"embeddable":true,"href":"https:\/\/kapitalis.com\/tunisie\/wp-json\/wp\/v2\/media\/70036"}],"wp:attachment":[{"href":"https:\/\/kapitalis.com\/tunisie\/wp-json\/wp\/v2\/media?parent=70035"}],"wp:term":[{"taxonomy":"category","embeddable":true,"href":"https:\/\/kapitalis.com\/tunisie\/wp-json\/wp\/v2\/categories?post=70035"},{"taxonomy":"post_tag","embeddable":true,"href":"https:\/\/kapitalis.com\/tunisie\/wp-json\/wp\/v2\/tags?post=70035"}],"curies":[{"name":"wp","href":"https:\/\/api.w.org\/{rel}","templated":true}]}}