{"id":7016,"date":"2015-07-14T11:08:53","date_gmt":"2015-07-14T10:08:53","guid":{"rendered":"http:\/\/kapitalis.com\/tunisie\/?p=7016"},"modified":"2015-07-14T11:08:53","modified_gmt":"2015-07-14T10:08:53","slug":"mohsen-hassen-pas-daugmentation-salariale-en-2015-et-2016","status":"publish","type":"post","link":"https:\/\/kapitalis.com\/tunisie\/2015\/07\/14\/mohsen-hassen-pas-daugmentation-salariale-en-2015-et-2016\/","title":{"rendered":"Mohsen Hassen: \u00abPas d\u2019augmentation salariale en 2015 et 2016\u00bb"},"content":{"rendered":"<p><img loading=\"lazy\" decoding=\"async\" class=\"aligncenter size-full wp-image-7017\" src=\"http:\/\/kapitalis.com\/tunisie\/wp-content\/uploads\/2015\/07\/Mohsen-Hassen.jpg\" alt=\"Mohsen-Hassen\" width=\"626\" height=\"380\" \/><\/p>\n<p><em><strong>Selon le d\u00e9put\u00e9 Mohsen Hassen, vice-pr\u00e9sident de l&rsquo;Union Patriotique Libre (UPL), il ne doit pas y avoir de hausse des salaires en 2015 et 2016.<\/strong><\/em><\/p>\n<p><!--more--><\/p>\n<p>Dans un entretien avec Shems FM, le d\u00e9put\u00e9 a estim\u00e9 que des augmentations salariales ne sauraient \u00eatre envisag\u00e9es que si la situation \u00e9conomique dans le pays s\u2019am\u00e9liore et que la croissance s\u2019acc\u00e9l\u00e8re,<em> \u00abmais, pour le moment, tout le monde est invit\u00e9 \u00e0 serrer la ceinture et \u00e0 faire des sacrifices\u00bb<\/em>, a-t-il martel\u00e9.<\/p>\n<p>Tout en admettant que le pouvoir d\u2019achat des citoyens est en chute libre, en raison de l\u2019acc\u00e9l\u00e9ration du rythme de l\u2019inflation, M. Hassen a indiqu\u00e9 que le pays a, aujourd\u2019hui, d\u2019autres urgences et priorit\u00e9s, notamment la lutte contre le terrorisme, la pr\u00e9servation de la s\u00e9curit\u00e9 publique et le r\u00e9tablissement de la stabilit\u00e9 sociale, afin de mettre en route les r\u00e9formes \u00e9conomiques, de l\u2019\u00e9ducation, de la sant\u00e9\u2026<\/p>\n<p style=\"text-align: right;\"><strong>Z. A.<\/strong><\/p>\n","protected":false},"excerpt":{"rendered":"<p>Selon le d\u00e9put\u00e9 Mohsen Hassen, vice-pr\u00e9sident de l&rsquo;Union Patriotique Libre (UPL), il ne doit pas y avoir de hausse des salaires en 2015 et 2016.<\/p>\n","protected":false},"author":5,"featured_media":7017,"comment_status":"open","ping_status":"open","sticky":false,"template":"","format":"standard","meta":{"footnotes":""},"categories":[995,2433],"tags":[1170,249,301,3315,2059,3316],"class_list":["post-7016","post","type-post","status-publish","format-standard","has-post-thumbnail","hentry","category-economie","category-tunisie","tag-augmentations-salariales","tag-croissance","tag-economie","tag-mohsen-hassen","tag-pouvoir-dachat","tag-upl"],"yoast_head":"<!-- This site is optimized with the Yoast SEO plugin v26.6 - https:\/\/yoast.com\/wordpress\/plugins\/seo\/ -->\n<title>Mohsen Hassen: \u00abPas d\u2019augmentation salariale en 2015 et 2016\u00bb - Kapitalis<\/title>\n<meta name=\"robots\" content=\"index, follow, max-snippet:-1, max-image-preview:large, max-video-preview:-1\" \/>\n<link rel=\"canonical\" href=\"https:\/\/kapitalis.com\/tunisie\/2015\/07\/14\/mohsen-hassen-pas-daugmentation-salariale-en-2015-et-2016\/\" \/>\n<meta property=\"og:locale\" content=\"fr_FR\" \/>\n<meta property=\"og:type\" content=\"article\" \/>\n<meta property=\"og:title\" content=\"Mohsen Hassen: \u00abPas d\u2019augmentation salariale en 2015 et 2016\u00bb - Kapitalis\" \/>\n<meta property=\"og:description\" content=\"Selon le d\u00e9put\u00e9 Mohsen Hassen, vice-pr\u00e9sident de l&rsquo;Union Patriotique Libre (UPL), il ne doit pas y avoir de hausse des salaires en 2015 et 2016.\" \/>\n<meta property=\"og:url\" content=\"https:\/\/kapitalis.com\/tunisie\/2015\/07\/14\/mohsen-hassen-pas-daugmentation-salariale-en-2015-et-2016\/\" \/>\n<meta property=\"og:site_name\" content=\"Kapitalis\" \/>\n<meta property=\"article:publisher\" content=\"https:\/\/www.facebook.com\/KapitalisInfo\/\" \/>\n<meta property=\"article:published_time\" content=\"2015-07-14T10:08:53+00:00\" \/>\n<meta property=\"og:image\" content=\"https:\/\/kapitalis.com\/tunisie\/wp-content\/uploads\/2022\/05\/kapitalis-logo-fb.png\" \/>\n\t<meta property=\"og:image:width\" content=\"1200\" \/>\n\t<meta property=\"og:image:height\" content=\"630\" \/>\n\t<meta property=\"og:image:type\" content=\"image\/png\" \/>\n<meta name=\"author\" content=\"Ridha Elkefi\" \/>\n<meta name=\"twitter:card\" content=\"summary_large_image\" \/>\n<meta name=\"twitter:creator\" content=\"@KapitalisInfo\" \/>\n<meta name=\"twitter:site\" content=\"@KapitalisInfo\" \/>\n<meta name=\"twitter:label1\" content=\"\u00c9crit par\" \/>\n\t<meta name=\"twitter:data1\" content=\"Ridha Elkefi\" \/>\n\t<meta name=\"twitter:label2\" content=\"Dur\u00e9e de lecture estim\u00e9e\" \/>\n\t<meta name=\"twitter:data2\" content=\"1 minute\" \/>\n<script type=\"application\/ld+json\" class=\"yoast-schema-graph\">{\"@context\":\"https:\/\/schema.org\",\"@graph\":[{\"@type\":\"Article\",\"@id\":\"https:\/\/kapitalis.com\/tunisie\/2015\/07\/14\/mohsen-hassen-pas-daugmentation-salariale-en-2015-et-2016\/#article\",\"isPartOf\":{\"@id\":\"https:\/\/kapitalis.com\/tunisie\/2015\/07\/14\/mohsen-hassen-pas-daugmentation-salariale-en-2015-et-2016\/\"},\"author\":{\"name\":\"Ridha Elkefi\",\"@id\":\"https:\/\/kapitalis.com\/tunisie\/#\/schema\/person\/16627fc9b2fc0116230e88af071eebab\"},\"headline\":\"Mohsen Hassen: \u00abPas d\u2019augmentation salariale en 2015 et 2016\u00bb\",\"datePublished\":\"2015-07-14T10:08:53+00:00\",\"mainEntityOfPage\":{\"@id\":\"https:\/\/kapitalis.com\/tunisie\/2015\/07\/14\/mohsen-hassen-pas-daugmentation-salariale-en-2015-et-2016\/\"},\"wordCount\":171,\"commentCount\":0,\"publisher\":{\"@id\":\"https:\/\/kapitalis.com\/tunisie\/#organization\"},\"image\":{\"@id\":\"https:\/\/kapitalis.com\/tunisie\/2015\/07\/14\/mohsen-hassen-pas-daugmentation-salariale-en-2015-et-2016\/#primaryimage\"},\"thumbnailUrl\":\"\",\"keywords\":[\"augmentations salariales\",\"croissance\",\"\u00e9conomie\",\"Mohsen Hassen\",\"pouvoir d'achat\",\"UPL\"],\"articleSection\":[\"ECONOMIE\",\"Tunisie\"],\"inLanguage\":\"fr-FR\",\"potentialAction\":[{\"@type\":\"CommentAction\",\"name\":\"Comment\",\"target\":[\"https:\/\/kapitalis.com\/tunisie\/2015\/07\/14\/mohsen-hassen-pas-daugmentation-salariale-en-2015-et-2016\/#respond\"]}]},{\"@type\":\"WebPage\",\"@id\":\"https:\/\/kapitalis.com\/tunisie\/2015\/07\/14\/mohsen-hassen-pas-daugmentation-salariale-en-2015-et-2016\/\",\"url\":\"https:\/\/kapitalis.com\/tunisie\/2015\/07\/14\/mohsen-hassen-pas-daugmentation-salariale-en-2015-et-2016\/\",\"name\":\"Mohsen Hassen: \u00abPas d\u2019augmentation salariale en 2015 et 2016\u00bb - Kapitalis\",\"isPartOf\":{\"@id\":\"https:\/\/kapitalis.com\/tunisie\/#website\"},\"primaryImageOfPage\":{\"@id\":\"https:\/\/kapitalis.com\/tunisie\/2015\/07\/14\/mohsen-hassen-pas-daugmentation-salariale-en-2015-et-2016\/#primaryimage\"},\"image\":{\"@id\":\"https:\/\/kapitalis.com\/tunisie\/2015\/07\/14\/mohsen-hassen-pas-daugmentation-salariale-en-2015-et-2016\/#primaryimage\"},\"thumbnailUrl\":\"\",\"datePublished\":\"2015-07-14T10:08:53+00:00\",\"breadcrumb\":{\"@id\":\"https:\/\/kapitalis.com\/tunisie\/2015\/07\/14\/mohsen-hassen-pas-daugmentation-salariale-en-2015-et-2016\/#breadcrumb\"},\"inLanguage\":\"fr-FR\",\"potentialAction\":[{\"@type\":\"ReadAction\",\"target\":[\"https:\/\/kapitalis.com\/tunisie\/2015\/07\/14\/mohsen-hassen-pas-daugmentation-salariale-en-2015-et-2016\/\"]}]},{\"@type\":\"ImageObject\",\"inLanguage\":\"fr-FR\",\"@id\":\"https:\/\/kapitalis.com\/tunisie\/2015\/07\/14\/mohsen-hassen-pas-daugmentation-salariale-en-2015-et-2016\/#primaryimage\",\"url\":\"\",\"contentUrl\":\"\"},{\"@type\":\"BreadcrumbList\",\"@id\":\"https:\/\/kapitalis.com\/tunisie\/2015\/07\/14\/mohsen-hassen-pas-daugmentation-salariale-en-2015-et-2016\/#breadcrumb\",\"itemListElement\":[{\"@type\":\"ListItem\",\"position\":1,\"name\":\"Accueil\",\"item\":\"https:\/\/kapitalis.com\/tunisie\/\"},{\"@type\":\"ListItem\",\"position\":2,\"name\":\"Mohsen Hassen: \u00abPas d\u2019augmentation salariale en 2015 et 2016\u00bb\"}]},{\"@type\":\"WebSite\",\"@id\":\"https:\/\/kapitalis.com\/tunisie\/#website\",\"url\":\"https:\/\/kapitalis.com\/tunisie\/\",\"name\":\"Kapitalis\",\"description\":\"L&#039;actualit\u00e9 en Tunisie et dans le monde\",\"publisher\":{\"@id\":\"https:\/\/kapitalis.com\/tunisie\/#organization\"},\"potentialAction\":[{\"@type\":\"SearchAction\",\"target\":{\"@type\":\"EntryPoint\",\"urlTemplate\":\"https:\/\/kapitalis.com\/tunisie\/?s={search_term_string}\"},\"query-input\":{\"@type\":\"PropertyValueSpecification\",\"valueRequired\":true,\"valueName\":\"search_term_string\"}}],\"inLanguage\":\"fr-FR\"},{\"@type\":\"Organization\",\"@id\":\"https:\/\/kapitalis.com\/tunisie\/#organization\",\"name\":\"Kapitalis\",\"url\":\"https:\/\/kapitalis.com\/tunisie\/\",\"logo\":{\"@type\":\"ImageObject\",\"inLanguage\":\"fr-FR\",\"@id\":\"https:\/\/kapitalis.com\/tunisie\/#\/schema\/logo\/image\/\",\"url\":\"https:\/\/kapitalis.com\/tunisie\/wp-content\/uploads\/2022\/05\/Kapitalis-big-size.png\",\"contentUrl\":\"https:\/\/kapitalis.com\/tunisie\/wp-content\/uploads\/2022\/05\/Kapitalis-big-size.png\",\"width\":5000,\"height\":1500,\"caption\":\"Kapitalis\"},\"image\":{\"@id\":\"https:\/\/kapitalis.com\/tunisie\/#\/schema\/logo\/image\/\"},\"sameAs\":[\"https:\/\/www.facebook.com\/KapitalisInfo\/\",\"https:\/\/x.com\/KapitalisInfo\",\"https:\/\/www.youtube.com\/channel\/UC-yDYrHyfFBWWZaOw3FPg9Q\"]},{\"@type\":\"Person\",\"@id\":\"https:\/\/kapitalis.com\/tunisie\/#\/schema\/person\/16627fc9b2fc0116230e88af071eebab\",\"name\":\"Ridha Elkefi\",\"url\":\"https:\/\/kapitalis.com\/tunisie\/author\/ridha-kefi\/\"}]}<\/script>\n<!-- \/ Yoast SEO plugin. -->","yoast_head_json":{"title":"Mohsen Hassen: \u00abPas d\u2019augmentation salariale en 2015 et 2016\u00bb - Kapitalis","robots":{"index":"index","follow":"follow","max-snippet":"max-snippet:-1","max-image-preview":"max-image-preview:large","max-video-preview":"max-video-preview:-1"},"canonical":"https:\/\/kapitalis.com\/tunisie\/2015\/07\/14\/mohsen-hassen-pas-daugmentation-salariale-en-2015-et-2016\/","og_locale":"fr_FR","og_type":"article","og_title":"Mohsen Hassen: \u00abPas d\u2019augmentation salariale en 2015 et 2016\u00bb - Kapitalis","og_description":"Selon le d\u00e9put\u00e9 Mohsen Hassen, vice-pr\u00e9sident de l&rsquo;Union Patriotique Libre (UPL), il ne doit pas y avoir de hausse des salaires en 2015 et 2016.","og_url":"https:\/\/kapitalis.com\/tunisie\/2015\/07\/14\/mohsen-hassen-pas-daugmentation-salariale-en-2015-et-2016\/","og_site_name":"Kapitalis","article_publisher":"https:\/\/www.facebook.com\/KapitalisInfo\/","article_published_time":"2015-07-14T10:08:53+00:00","og_image":[{"width":1200,"height":630,"url":"https:\/\/kapitalis.com\/tunisie\/wp-content\/uploads\/2022\/05\/kapitalis-logo-fb.png","type":"image\/png"}],"author":"Ridha Elkefi","twitter_card":"summary_large_image","twitter_creator":"@KapitalisInfo","twitter_site":"@KapitalisInfo","twitter_misc":{"\u00c9crit par":"Ridha Elkefi","Dur\u00e9e de lecture estim\u00e9e":"1 minute"},"schema":{"@context":"https:\/\/schema.org","@graph":[{"@type":"Article","@id":"https:\/\/kapitalis.com\/tunisie\/2015\/07\/14\/mohsen-hassen-pas-daugmentation-salariale-en-2015-et-2016\/#article","isPartOf":{"@id":"https:\/\/kapitalis.com\/tunisie\/2015\/07\/14\/mohsen-hassen-pas-daugmentation-salariale-en-2015-et-2016\/"},"author":{"name":"Ridha Elkefi","@id":"https:\/\/kapitalis.com\/tunisie\/#\/schema\/person\/16627fc9b2fc0116230e88af071eebab"},"headline":"Mohsen Hassen: \u00abPas d\u2019augmentation salariale en 2015 et 2016\u00bb","datePublished":"2015-07-14T10:08:53+00:00","mainEntityOfPage":{"@id":"https:\/\/kapitalis.com\/tunisie\/2015\/07\/14\/mohsen-hassen-pas-daugmentation-salariale-en-2015-et-2016\/"},"wordCount":171,"commentCount":0,"publisher":{"@id":"https:\/\/kapitalis.com\/tunisie\/#organization"},"image":{"@id":"https:\/\/kapitalis.com\/tunisie\/2015\/07\/14\/mohsen-hassen-pas-daugmentation-salariale-en-2015-et-2016\/#primaryimage"},"thumbnailUrl":"","keywords":["augmentations salariales","croissance","\u00e9conomie","Mohsen Hassen","pouvoir d'achat","UPL"],"articleSection":["ECONOMIE","Tunisie"],"inLanguage":"fr-FR","potentialAction":[{"@type":"CommentAction","name":"Comment","target":["https:\/\/kapitalis.com\/tunisie\/2015\/07\/14\/mohsen-hassen-pas-daugmentation-salariale-en-2015-et-2016\/#respond"]}]},{"@type":"WebPage","@id":"https:\/\/kapitalis.com\/tunisie\/2015\/07\/14\/mohsen-hassen-pas-daugmentation-salariale-en-2015-et-2016\/","url":"https:\/\/kapitalis.com\/tunisie\/2015\/07\/14\/mohsen-hassen-pas-daugmentation-salariale-en-2015-et-2016\/","name":"Mohsen Hassen: \u00abPas d\u2019augmentation salariale en 2015 et 2016\u00bb - Kapitalis","isPartOf":{"@id":"https:\/\/kapitalis.com\/tunisie\/#website"},"primaryImageOfPage":{"@id":"https:\/\/kapitalis.com\/tunisie\/2015\/07\/14\/mohsen-hassen-pas-daugmentation-salariale-en-2015-et-2016\/#primaryimage"},"image":{"@id":"https:\/\/kapitalis.com\/tunisie\/2015\/07\/14\/mohsen-hassen-pas-daugmentation-salariale-en-2015-et-2016\/#primaryimage"},"thumbnailUrl":"","datePublished":"2015-07-14T10:08:53+00:00","breadcrumb":{"@id":"https:\/\/kapitalis.com\/tunisie\/2015\/07\/14\/mohsen-hassen-pas-daugmentation-salariale-en-2015-et-2016\/#breadcrumb"},"inLanguage":"fr-FR","potentialAction":[{"@type":"ReadAction","target":["https:\/\/kapitalis.com\/tunisie\/2015\/07\/14\/mohsen-hassen-pas-daugmentation-salariale-en-2015-et-2016\/"]}]},{"@type":"ImageObject","inLanguage":"fr-FR","@id":"https:\/\/kapitalis.com\/tunisie\/2015\/07\/14\/mohsen-hassen-pas-daugmentation-salariale-en-2015-et-2016\/#primaryimage","url":"","contentUrl":""},{"@type":"BreadcrumbList","@id":"https:\/\/kapitalis.com\/tunisie\/2015\/07\/14\/mohsen-hassen-pas-daugmentation-salariale-en-2015-et-2016\/#breadcrumb","itemListElement":[{"@type":"ListItem","position":1,"name":"Accueil","item":"https:\/\/kapitalis.com\/tunisie\/"},{"@type":"ListItem","position":2,"name":"Mohsen Hassen: \u00abPas d\u2019augmentation salariale en 2015 et 2016\u00bb"}]},{"@type":"WebSite","@id":"https:\/\/kapitalis.com\/tunisie\/#website","url":"https:\/\/kapitalis.com\/tunisie\/","name":"Kapitalis","description":"L&#039;actualit\u00e9 en Tunisie et dans le monde","publisher":{"@id":"https:\/\/kapitalis.com\/tunisie\/#organization"},"potentialAction":[{"@type":"SearchAction","target":{"@type":"EntryPoint","urlTemplate":"https:\/\/kapitalis.com\/tunisie\/?s={search_term_string}"},"query-input":{"@type":"PropertyValueSpecification","valueRequired":true,"valueName":"search_term_string"}}],"inLanguage":"fr-FR"},{"@type":"Organization","@id":"https:\/\/kapitalis.com\/tunisie\/#organization","name":"Kapitalis","url":"https:\/\/kapitalis.com\/tunisie\/","logo":{"@type":"ImageObject","inLanguage":"fr-FR","@id":"https:\/\/kapitalis.com\/tunisie\/#\/schema\/logo\/image\/","url":"https:\/\/kapitalis.com\/tunisie\/wp-content\/uploads\/2022\/05\/Kapitalis-big-size.png","contentUrl":"https:\/\/kapitalis.com\/tunisie\/wp-content\/uploads\/2022\/05\/Kapitalis-big-size.png","width":5000,"height":1500,"caption":"Kapitalis"},"image":{"@id":"https:\/\/kapitalis.com\/tunisie\/#\/schema\/logo\/image\/"},"sameAs":["https:\/\/www.facebook.com\/KapitalisInfo\/","https:\/\/x.com\/KapitalisInfo","https:\/\/www.youtube.com\/channel\/UC-yDYrHyfFBWWZaOw3FPg9Q"]},{"@type":"Person","@id":"https:\/\/kapitalis.com\/tunisie\/#\/schema\/person\/16627fc9b2fc0116230e88af071eebab","name":"Ridha Elkefi","url":"https:\/\/kapitalis.com\/tunisie\/author\/ridha-kefi\/"}]}},"_links":{"self":[{"href":"https:\/\/kapitalis.com\/tunisie\/wp-json\/wp\/v2\/posts\/7016","targetHints":{"allow":["GET"]}}],"collection":[{"href":"https:\/\/kapitalis.com\/tunisie\/wp-json\/wp\/v2\/posts"}],"about":[{"href":"https:\/\/kapitalis.com\/tunisie\/wp-json\/wp\/v2\/types\/post"}],"author":[{"embeddable":true,"href":"https:\/\/kapitalis.com\/tunisie\/wp-json\/wp\/v2\/users\/5"}],"replies":[{"embeddable":true,"href":"https:\/\/kapitalis.com\/tunisie\/wp-json\/wp\/v2\/comments?post=7016"}],"version-history":[{"count":0,"href":"https:\/\/kapitalis.com\/tunisie\/wp-json\/wp\/v2\/posts\/7016\/revisions"}],"wp:featuredmedia":[{"embeddable":true,"href":"https:\/\/kapitalis.com\/tunisie\/wp-json\/wp\/v2\/media\/7017"}],"wp:attachment":[{"href":"https:\/\/kapitalis.com\/tunisie\/wp-json\/wp\/v2\/media?parent=7016"}],"wp:term":[{"taxonomy":"category","embeddable":true,"href":"https:\/\/kapitalis.com\/tunisie\/wp-json\/wp\/v2\/categories?post=7016"},{"taxonomy":"post_tag","embeddable":true,"href":"https:\/\/kapitalis.com\/tunisie\/wp-json\/wp\/v2\/tags?post=7016"}],"curies":[{"name":"wp","href":"https:\/\/api.w.org\/{rel}","templated":true}]}}