{"id":7016264,"date":"2023-03-20T06:32:04","date_gmt":"2023-03-20T05:32:04","guid":{"rendered":"https:\/\/kapitalis.com\/tunisie\/?p=7016264"},"modified":"2023-03-20T06:32:06","modified_gmt":"2023-03-20T05:32:06","slug":"les-medias-tunisiens-appeles-a-lutter-contre-la-violence-numerique-a-legard-des-femmes","status":"publish","type":"post","link":"https:\/\/kapitalis.com\/tunisie\/2023\/03\/20\/les-medias-tunisiens-appeles-a-lutter-contre-la-violence-numerique-a-legard-des-femmes\/","title":{"rendered":"Les m\u00e9dias tunisiens appel\u00e9s \u00e0 lutter contre la violence num\u00e9rique \u00e0 l\u2019\u00e9gard des femmes"},"content":{"rendered":"\n<p><strong><em>Une \u00e9tude men\u00e9e par l\u2019organisation Article 19 a appel\u00e9 \u00e0 former les journalistes et les professionnels des m\u00e9dias \u00e0 la lutte contre les violences num\u00e9riques et la discrimination \u00e0 l\u2019\u00e9gard des femmes et des filles et \u00e0 renforcer le partenariat entre les composantes de la soci\u00e9t\u00e9 civile et les m\u00e9dias dans la lutte contre toutes les formes de violence \u00e0 l\u2019\u00e9gard des femmes en Tunisie.<\/em><\/strong><\/p>\n\n\n\n<!--more-->\n\n\n\n<p>L\u2019\u00e9tude, publi\u00e9e sous la forme d\u2019un document d\u2019orientation a soulign\u00e9 que les guides fournis aux journalistes sur la couverture m\u00e9diatique des violences faites aux femmes n\u2019incluent pas la question de la violence num\u00e9rique, indiquant que le les codes de conduite et les chartes ne traitent pas de mani\u00e8re claire et approfondie des r\u00e9seaux sociaux, de la violence \u00e0 l\u2019\u00e9gard des femmes ou de la violence num\u00e9rique.<\/p>\n\n\n\n<p>Le document s\u2019est concentr\u00e9 sur des \u00e9chantillons de pages Facebook de certains m\u00e9dias locaux, la principale plate-forme de r\u00e9seautage social en Tunisie.<\/p>\n\n\n\n<p>L\u2019\u00e9tude, qui s\u2019inscrit dans le cadre d\u2019un projet intitul\u00e9 : <em>\u00abFavoriser l\u2019alphab\u00e9tisation num\u00e9rique des femmes et des filles tunisiennes pour combattre la violence \u00e0 l\u2019\u00e9gard des femmes et des filles en ligne et promouvoir la libert\u00e9 d\u2019expression\u00bb<\/em>, recommande des partenariats entre divers acteurs de la sc\u00e8ne m\u00e9diatique et des organisations de la soci\u00e9t\u00e9 civile pour lutter contre violence \u00e0 l\u2019\u00e9gard des femmes dans les m\u00e9dias et leurs plateformes num\u00e9riques.<\/p>\n\n\n\n<p>L\u2019article 19 appelait \u00e0 inclure la question de la lutte contre les violences num\u00e9riques bas\u00e9es sur le genre comme une composante ind\u00e9pendante du processus d\u2019exigence du d\u00e9veloppement du syst\u00e8me m\u00e9diatique \u00e0 travers des campagnes de soutien et de plaidoyer initi\u00e9es par les composantes de la soci\u00e9t\u00e9 civile.<\/p>\n\n\n\n<p>Le document, intitul\u00e9 :<em> \u00abM\u00e9canismes de promotion de la libert\u00e9 d\u2019expression et de lutte contre les violences et les discriminations \u00e0 l\u2019\u00e9gard des femmes et des filles dans les plateformes num\u00e9riques des m\u00e9dias traditionnels en Tunisie\u00bb<\/em>, appelle \u00e0 renforcer les comp\u00e9tences des travailleurs des instances de r\u00e9gulation et d&rsquo;autor\u00e9gulation sur le terrain dans lutte contre la violence num\u00e9rique.<\/p>\n\n\n\n<p><strong><em>Tap.<\/em><\/strong><\/p>\n","protected":false},"excerpt":{"rendered":"<p>Les m\u00e9dias tunisiens ne luttent pas suffisamment  contre les violences num\u00e9riques \u00e0 l\u2019\u00e9gard des femmes et des filles. <\/p>\n","protected":false},"author":8,"featured_media":7016286,"comment_status":"open","ping_status":"open","sticky":false,"template":"","format":"standard","meta":{"footnotes":""},"categories":[996,998,2433],"tags":[80424,2661,62643,85089],"class_list":["post-7016264","post","type-post","status-publish","format-standard","has-post-thumbnail","hentry","category-media","category-societe","category-tunisie","tag-article-19","tag-reseaux-sociaux","tag-tunisie","tag-violence-numerique"],"yoast_head":"<!-- This site is optimized with the Yoast SEO plugin v26.6 - https:\/\/yoast.com\/wordpress\/plugins\/seo\/ -->\n<title>Les m\u00e9dias tunisiens appel\u00e9s \u00e0 lutter contre la violence num\u00e9rique \u00e0 l\u2019\u00e9gard des femmes - Kapitalis<\/title>\n<meta name=\"robots\" content=\"index, follow, max-snippet:-1, max-image-preview:large, max-video-preview:-1\" \/>\n<link rel=\"canonical\" href=\"https:\/\/kapitalis.com\/tunisie\/2023\/03\/20\/les-medias-tunisiens-appeles-a-lutter-contre-la-violence-numerique-a-legard-des-femmes\/\" \/>\n<meta property=\"og:locale\" content=\"fr_FR\" \/>\n<meta property=\"og:type\" content=\"article\" \/>\n<meta property=\"og:title\" content=\"Les m\u00e9dias tunisiens appel\u00e9s \u00e0 lutter contre la violence num\u00e9rique \u00e0 l\u2019\u00e9gard des femmes - Kapitalis\" \/>\n<meta property=\"og:description\" content=\"Les m\u00e9dias tunisiens ne luttent pas suffisamment contre les violences num\u00e9riques \u00e0 l\u2019\u00e9gard des femmes et des filles.\" \/>\n<meta property=\"og:url\" content=\"https:\/\/kapitalis.com\/tunisie\/2023\/03\/20\/les-medias-tunisiens-appeles-a-lutter-contre-la-violence-numerique-a-legard-des-femmes\/\" \/>\n<meta property=\"og:site_name\" content=\"Kapitalis\" \/>\n<meta property=\"article:publisher\" content=\"https:\/\/www.facebook.com\/KapitalisInfo\/\" \/>\n<meta property=\"article:published_time\" content=\"2023-03-20T05:32:04+00:00\" \/>\n<meta property=\"article:modified_time\" content=\"2023-03-20T05:32:06+00:00\" \/>\n<meta property=\"og:image\" content=\"https:\/\/kapitalis.com\/tunisie\/wp-content\/uploads\/2023\/03\/Violence-numerique.jpg\" \/>\n\t<meta property=\"og:image:width\" content=\"1200\" \/>\n\t<meta property=\"og:image:height\" content=\"630\" \/>\n\t<meta property=\"og:image:type\" content=\"image\/jpeg\" \/>\n<meta name=\"author\" content=\"webmaster kapitalis\" \/>\n<meta name=\"twitter:card\" content=\"summary_large_image\" \/>\n<meta name=\"twitter:creator\" content=\"@KapitalisInfo\" \/>\n<meta name=\"twitter:site\" content=\"@KapitalisInfo\" \/>\n<meta name=\"twitter:label1\" content=\"\u00c9crit par\" \/>\n\t<meta name=\"twitter:data1\" content=\"webmaster kapitalis\" \/>\n\t<meta name=\"twitter:label2\" content=\"Dur\u00e9e de lecture estim\u00e9e\" \/>\n\t<meta name=\"twitter:data2\" content=\"2 minutes\" \/>\n<script type=\"application\/ld+json\" class=\"yoast-schema-graph\">{\"@context\":\"https:\/\/schema.org\",\"@graph\":[{\"@type\":\"Article\",\"@id\":\"https:\/\/kapitalis.com\/tunisie\/2023\/03\/20\/les-medias-tunisiens-appeles-a-lutter-contre-la-violence-numerique-a-legard-des-femmes\/#article\",\"isPartOf\":{\"@id\":\"https:\/\/kapitalis.com\/tunisie\/2023\/03\/20\/les-medias-tunisiens-appeles-a-lutter-contre-la-violence-numerique-a-legard-des-femmes\/\"},\"author\":{\"name\":\"webmaster kapitalis\",\"@id\":\"https:\/\/kapitalis.com\/tunisie\/#\/schema\/person\/d71f33a9ca44f7bad4698210b480c8e9\"},\"headline\":\"Les m\u00e9dias tunisiens appel\u00e9s \u00e0 lutter contre la violence num\u00e9rique \u00e0 l\u2019\u00e9gard des femmes\",\"datePublished\":\"2023-03-20T05:32:04+00:00\",\"dateModified\":\"2023-03-20T05:32:06+00:00\",\"mainEntityOfPage\":{\"@id\":\"https:\/\/kapitalis.com\/tunisie\/2023\/03\/20\/les-medias-tunisiens-appeles-a-lutter-contre-la-violence-numerique-a-legard-des-femmes\/\"},\"wordCount\":383,\"commentCount\":0,\"publisher\":{\"@id\":\"https:\/\/kapitalis.com\/tunisie\/#organization\"},\"image\":{\"@id\":\"https:\/\/kapitalis.com\/tunisie\/2023\/03\/20\/les-medias-tunisiens-appeles-a-lutter-contre-la-violence-numerique-a-legard-des-femmes\/#primaryimage\"},\"thumbnailUrl\":\"https:\/\/kapitalis.com\/tunisie\/wp-content\/uploads\/2023\/03\/Violence-numerique.jpg\",\"keywords\":[\"Article 19\",\"r\u00e9seaux sociaux\",\"Tunisie\",\"violence num\u00e9rique\"],\"articleSection\":[\"MEDIA\",\"SOCIETE\",\"Tunisie\"],\"inLanguage\":\"fr-FR\",\"potentialAction\":[{\"@type\":\"CommentAction\",\"name\":\"Comment\",\"target\":[\"https:\/\/kapitalis.com\/tunisie\/2023\/03\/20\/les-medias-tunisiens-appeles-a-lutter-contre-la-violence-numerique-a-legard-des-femmes\/#respond\"]}]},{\"@type\":\"WebPage\",\"@id\":\"https:\/\/kapitalis.com\/tunisie\/2023\/03\/20\/les-medias-tunisiens-appeles-a-lutter-contre-la-violence-numerique-a-legard-des-femmes\/\",\"url\":\"https:\/\/kapitalis.com\/tunisie\/2023\/03\/20\/les-medias-tunisiens-appeles-a-lutter-contre-la-violence-numerique-a-legard-des-femmes\/\",\"name\":\"Les m\u00e9dias tunisiens appel\u00e9s \u00e0 lutter contre la violence num\u00e9rique \u00e0 l\u2019\u00e9gard des femmes - Kapitalis\",\"isPartOf\":{\"@id\":\"https:\/\/kapitalis.com\/tunisie\/#website\"},\"primaryImageOfPage\":{\"@id\":\"https:\/\/kapitalis.com\/tunisie\/2023\/03\/20\/les-medias-tunisiens-appeles-a-lutter-contre-la-violence-numerique-a-legard-des-femmes\/#primaryimage\"},\"image\":{\"@id\":\"https:\/\/kapitalis.com\/tunisie\/2023\/03\/20\/les-medias-tunisiens-appeles-a-lutter-contre-la-violence-numerique-a-legard-des-femmes\/#primaryimage\"},\"thumbnailUrl\":\"https:\/\/kapitalis.com\/tunisie\/wp-content\/uploads\/2023\/03\/Violence-numerique.jpg\",\"datePublished\":\"2023-03-20T05:32:04+00:00\",\"dateModified\":\"2023-03-20T05:32:06+00:00\",\"breadcrumb\":{\"@id\":\"https:\/\/kapitalis.com\/tunisie\/2023\/03\/20\/les-medias-tunisiens-appeles-a-lutter-contre-la-violence-numerique-a-legard-des-femmes\/#breadcrumb\"},\"inLanguage\":\"fr-FR\",\"potentialAction\":[{\"@type\":\"ReadAction\",\"target\":[\"https:\/\/kapitalis.com\/tunisie\/2023\/03\/20\/les-medias-tunisiens-appeles-a-lutter-contre-la-violence-numerique-a-legard-des-femmes\/\"]}]},{\"@type\":\"ImageObject\",\"inLanguage\":\"fr-FR\",\"@id\":\"https:\/\/kapitalis.com\/tunisie\/2023\/03\/20\/les-medias-tunisiens-appeles-a-lutter-contre-la-violence-numerique-a-legard-des-femmes\/#primaryimage\",\"url\":\"https:\/\/kapitalis.com\/tunisie\/wp-content\/uploads\/2023\/03\/Violence-numerique.jpg\",\"contentUrl\":\"https:\/\/kapitalis.com\/tunisie\/wp-content\/uploads\/2023\/03\/Violence-numerique.jpg\",\"width\":1200,\"height\":630},{\"@type\":\"BreadcrumbList\",\"@id\":\"https:\/\/kapitalis.com\/tunisie\/2023\/03\/20\/les-medias-tunisiens-appeles-a-lutter-contre-la-violence-numerique-a-legard-des-femmes\/#breadcrumb\",\"itemListElement\":[{\"@type\":\"ListItem\",\"position\":1,\"name\":\"Accueil\",\"item\":\"https:\/\/kapitalis.com\/tunisie\/\"},{\"@type\":\"ListItem\",\"position\":2,\"name\":\"Les m\u00e9dias tunisiens appel\u00e9s \u00e0 lutter contre la violence num\u00e9rique \u00e0 l\u2019\u00e9gard des femmes\"}]},{\"@type\":\"WebSite\",\"@id\":\"https:\/\/kapitalis.com\/tunisie\/#website\",\"url\":\"https:\/\/kapitalis.com\/tunisie\/\",\"name\":\"Kapitalis\",\"description\":\"L&#039;actualit\u00e9 en Tunisie et dans le monde\",\"publisher\":{\"@id\":\"https:\/\/kapitalis.com\/tunisie\/#organization\"},\"potentialAction\":[{\"@type\":\"SearchAction\",\"target\":{\"@type\":\"EntryPoint\",\"urlTemplate\":\"https:\/\/kapitalis.com\/tunisie\/?s={search_term_string}\"},\"query-input\":{\"@type\":\"PropertyValueSpecification\",\"valueRequired\":true,\"valueName\":\"search_term_string\"}}],\"inLanguage\":\"fr-FR\"},{\"@type\":\"Organization\",\"@id\":\"https:\/\/kapitalis.com\/tunisie\/#organization\",\"name\":\"Kapitalis\",\"url\":\"https:\/\/kapitalis.com\/tunisie\/\",\"logo\":{\"@type\":\"ImageObject\",\"inLanguage\":\"fr-FR\",\"@id\":\"https:\/\/kapitalis.com\/tunisie\/#\/schema\/logo\/image\/\",\"url\":\"https:\/\/kapitalis.com\/tunisie\/wp-content\/uploads\/2022\/05\/Kapitalis-big-size.png\",\"contentUrl\":\"https:\/\/kapitalis.com\/tunisie\/wp-content\/uploads\/2022\/05\/Kapitalis-big-size.png\",\"width\":5000,\"height\":1500,\"caption\":\"Kapitalis\"},\"image\":{\"@id\":\"https:\/\/kapitalis.com\/tunisie\/#\/schema\/logo\/image\/\"},\"sameAs\":[\"https:\/\/www.facebook.com\/KapitalisInfo\/\",\"https:\/\/x.com\/KapitalisInfo\",\"https:\/\/www.youtube.com\/channel\/UC-yDYrHyfFBWWZaOw3FPg9Q\"]},{\"@type\":\"Person\",\"@id\":\"https:\/\/kapitalis.com\/tunisie\/#\/schema\/person\/d71f33a9ca44f7bad4698210b480c8e9\",\"name\":\"webmaster kapitalis\",\"url\":\"https:\/\/kapitalis.com\/tunisie\/author\/webmaster-kapitalis\/\"}]}<\/script>\n<!-- \/ Yoast SEO plugin. -->","yoast_head_json":{"title":"Les m\u00e9dias tunisiens appel\u00e9s \u00e0 lutter contre la violence num\u00e9rique \u00e0 l\u2019\u00e9gard des femmes - Kapitalis","robots":{"index":"index","follow":"follow","max-snippet":"max-snippet:-1","max-image-preview":"max-image-preview:large","max-video-preview":"max-video-preview:-1"},"canonical":"https:\/\/kapitalis.com\/tunisie\/2023\/03\/20\/les-medias-tunisiens-appeles-a-lutter-contre-la-violence-numerique-a-legard-des-femmes\/","og_locale":"fr_FR","og_type":"article","og_title":"Les m\u00e9dias tunisiens appel\u00e9s \u00e0 lutter contre la violence num\u00e9rique \u00e0 l\u2019\u00e9gard des femmes - Kapitalis","og_description":"Les m\u00e9dias tunisiens ne luttent pas suffisamment contre les violences num\u00e9riques \u00e0 l\u2019\u00e9gard des femmes et des filles.","og_url":"https:\/\/kapitalis.com\/tunisie\/2023\/03\/20\/les-medias-tunisiens-appeles-a-lutter-contre-la-violence-numerique-a-legard-des-femmes\/","og_site_name":"Kapitalis","article_publisher":"https:\/\/www.facebook.com\/KapitalisInfo\/","article_published_time":"2023-03-20T05:32:04+00:00","article_modified_time":"2023-03-20T05:32:06+00:00","og_image":[{"width":1200,"height":630,"url":"https:\/\/kapitalis.com\/tunisie\/wp-content\/uploads\/2023\/03\/Violence-numerique.jpg","type":"image\/jpeg"}],"author":"webmaster kapitalis","twitter_card":"summary_large_image","twitter_creator":"@KapitalisInfo","twitter_site":"@KapitalisInfo","twitter_misc":{"\u00c9crit par":"webmaster kapitalis","Dur\u00e9e de lecture estim\u00e9e":"2 minutes"},"schema":{"@context":"https:\/\/schema.org","@graph":[{"@type":"Article","@id":"https:\/\/kapitalis.com\/tunisie\/2023\/03\/20\/les-medias-tunisiens-appeles-a-lutter-contre-la-violence-numerique-a-legard-des-femmes\/#article","isPartOf":{"@id":"https:\/\/kapitalis.com\/tunisie\/2023\/03\/20\/les-medias-tunisiens-appeles-a-lutter-contre-la-violence-numerique-a-legard-des-femmes\/"},"author":{"name":"webmaster kapitalis","@id":"https:\/\/kapitalis.com\/tunisie\/#\/schema\/person\/d71f33a9ca44f7bad4698210b480c8e9"},"headline":"Les m\u00e9dias tunisiens appel\u00e9s \u00e0 lutter contre la violence num\u00e9rique \u00e0 l\u2019\u00e9gard des femmes","datePublished":"2023-03-20T05:32:04+00:00","dateModified":"2023-03-20T05:32:06+00:00","mainEntityOfPage":{"@id":"https:\/\/kapitalis.com\/tunisie\/2023\/03\/20\/les-medias-tunisiens-appeles-a-lutter-contre-la-violence-numerique-a-legard-des-femmes\/"},"wordCount":383,"commentCount":0,"publisher":{"@id":"https:\/\/kapitalis.com\/tunisie\/#organization"},"image":{"@id":"https:\/\/kapitalis.com\/tunisie\/2023\/03\/20\/les-medias-tunisiens-appeles-a-lutter-contre-la-violence-numerique-a-legard-des-femmes\/#primaryimage"},"thumbnailUrl":"https:\/\/kapitalis.com\/tunisie\/wp-content\/uploads\/2023\/03\/Violence-numerique.jpg","keywords":["Article 19","r\u00e9seaux sociaux","Tunisie","violence num\u00e9rique"],"articleSection":["MEDIA","SOCIETE","Tunisie"],"inLanguage":"fr-FR","potentialAction":[{"@type":"CommentAction","name":"Comment","target":["https:\/\/kapitalis.com\/tunisie\/2023\/03\/20\/les-medias-tunisiens-appeles-a-lutter-contre-la-violence-numerique-a-legard-des-femmes\/#respond"]}]},{"@type":"WebPage","@id":"https:\/\/kapitalis.com\/tunisie\/2023\/03\/20\/les-medias-tunisiens-appeles-a-lutter-contre-la-violence-numerique-a-legard-des-femmes\/","url":"https:\/\/kapitalis.com\/tunisie\/2023\/03\/20\/les-medias-tunisiens-appeles-a-lutter-contre-la-violence-numerique-a-legard-des-femmes\/","name":"Les m\u00e9dias tunisiens appel\u00e9s \u00e0 lutter contre la violence num\u00e9rique \u00e0 l\u2019\u00e9gard des femmes - Kapitalis","isPartOf":{"@id":"https:\/\/kapitalis.com\/tunisie\/#website"},"primaryImageOfPage":{"@id":"https:\/\/kapitalis.com\/tunisie\/2023\/03\/20\/les-medias-tunisiens-appeles-a-lutter-contre-la-violence-numerique-a-legard-des-femmes\/#primaryimage"},"image":{"@id":"https:\/\/kapitalis.com\/tunisie\/2023\/03\/20\/les-medias-tunisiens-appeles-a-lutter-contre-la-violence-numerique-a-legard-des-femmes\/#primaryimage"},"thumbnailUrl":"https:\/\/kapitalis.com\/tunisie\/wp-content\/uploads\/2023\/03\/Violence-numerique.jpg","datePublished":"2023-03-20T05:32:04+00:00","dateModified":"2023-03-20T05:32:06+00:00","breadcrumb":{"@id":"https:\/\/kapitalis.com\/tunisie\/2023\/03\/20\/les-medias-tunisiens-appeles-a-lutter-contre-la-violence-numerique-a-legard-des-femmes\/#breadcrumb"},"inLanguage":"fr-FR","potentialAction":[{"@type":"ReadAction","target":["https:\/\/kapitalis.com\/tunisie\/2023\/03\/20\/les-medias-tunisiens-appeles-a-lutter-contre-la-violence-numerique-a-legard-des-femmes\/"]}]},{"@type":"ImageObject","inLanguage":"fr-FR","@id":"https:\/\/kapitalis.com\/tunisie\/2023\/03\/20\/les-medias-tunisiens-appeles-a-lutter-contre-la-violence-numerique-a-legard-des-femmes\/#primaryimage","url":"https:\/\/kapitalis.com\/tunisie\/wp-content\/uploads\/2023\/03\/Violence-numerique.jpg","contentUrl":"https:\/\/kapitalis.com\/tunisie\/wp-content\/uploads\/2023\/03\/Violence-numerique.jpg","width":1200,"height":630},{"@type":"BreadcrumbList","@id":"https:\/\/kapitalis.com\/tunisie\/2023\/03\/20\/les-medias-tunisiens-appeles-a-lutter-contre-la-violence-numerique-a-legard-des-femmes\/#breadcrumb","itemListElement":[{"@type":"ListItem","position":1,"name":"Accueil","item":"https:\/\/kapitalis.com\/tunisie\/"},{"@type":"ListItem","position":2,"name":"Les m\u00e9dias tunisiens appel\u00e9s \u00e0 lutter contre la violence num\u00e9rique \u00e0 l\u2019\u00e9gard des femmes"}]},{"@type":"WebSite","@id":"https:\/\/kapitalis.com\/tunisie\/#website","url":"https:\/\/kapitalis.com\/tunisie\/","name":"Kapitalis","description":"L&#039;actualit\u00e9 en Tunisie et dans le monde","publisher":{"@id":"https:\/\/kapitalis.com\/tunisie\/#organization"},"potentialAction":[{"@type":"SearchAction","target":{"@type":"EntryPoint","urlTemplate":"https:\/\/kapitalis.com\/tunisie\/?s={search_term_string}"},"query-input":{"@type":"PropertyValueSpecification","valueRequired":true,"valueName":"search_term_string"}}],"inLanguage":"fr-FR"},{"@type":"Organization","@id":"https:\/\/kapitalis.com\/tunisie\/#organization","name":"Kapitalis","url":"https:\/\/kapitalis.com\/tunisie\/","logo":{"@type":"ImageObject","inLanguage":"fr-FR","@id":"https:\/\/kapitalis.com\/tunisie\/#\/schema\/logo\/image\/","url":"https:\/\/kapitalis.com\/tunisie\/wp-content\/uploads\/2022\/05\/Kapitalis-big-size.png","contentUrl":"https:\/\/kapitalis.com\/tunisie\/wp-content\/uploads\/2022\/05\/Kapitalis-big-size.png","width":5000,"height":1500,"caption":"Kapitalis"},"image":{"@id":"https:\/\/kapitalis.com\/tunisie\/#\/schema\/logo\/image\/"},"sameAs":["https:\/\/www.facebook.com\/KapitalisInfo\/","https:\/\/x.com\/KapitalisInfo","https:\/\/www.youtube.com\/channel\/UC-yDYrHyfFBWWZaOw3FPg9Q"]},{"@type":"Person","@id":"https:\/\/kapitalis.com\/tunisie\/#\/schema\/person\/d71f33a9ca44f7bad4698210b480c8e9","name":"webmaster kapitalis","url":"https:\/\/kapitalis.com\/tunisie\/author\/webmaster-kapitalis\/"}]}},"_links":{"self":[{"href":"https:\/\/kapitalis.com\/tunisie\/wp-json\/wp\/v2\/posts\/7016264","targetHints":{"allow":["GET"]}}],"collection":[{"href":"https:\/\/kapitalis.com\/tunisie\/wp-json\/wp\/v2\/posts"}],"about":[{"href":"https:\/\/kapitalis.com\/tunisie\/wp-json\/wp\/v2\/types\/post"}],"author":[{"embeddable":true,"href":"https:\/\/kapitalis.com\/tunisie\/wp-json\/wp\/v2\/users\/8"}],"replies":[{"embeddable":true,"href":"https:\/\/kapitalis.com\/tunisie\/wp-json\/wp\/v2\/comments?post=7016264"}],"version-history":[{"count":1,"href":"https:\/\/kapitalis.com\/tunisie\/wp-json\/wp\/v2\/posts\/7016264\/revisions"}],"predecessor-version":[{"id":7016302,"href":"https:\/\/kapitalis.com\/tunisie\/wp-json\/wp\/v2\/posts\/7016264\/revisions\/7016302"}],"wp:featuredmedia":[{"embeddable":true,"href":"https:\/\/kapitalis.com\/tunisie\/wp-json\/wp\/v2\/media\/7016286"}],"wp:attachment":[{"href":"https:\/\/kapitalis.com\/tunisie\/wp-json\/wp\/v2\/media?parent=7016264"}],"wp:term":[{"taxonomy":"category","embeddable":true,"href":"https:\/\/kapitalis.com\/tunisie\/wp-json\/wp\/v2\/categories?post=7016264"},{"taxonomy":"post_tag","embeddable":true,"href":"https:\/\/kapitalis.com\/tunisie\/wp-json\/wp\/v2\/tags?post=7016264"}],"curies":[{"name":"wp","href":"https:\/\/api.w.org\/{rel}","templated":true}]}}