{"id":7016770,"date":"2023-03-20T07:17:27","date_gmt":"2023-03-20T06:17:27","guid":{"rendered":"https:\/\/kapitalis.com\/tunisie\/?p=7016770"},"modified":"2023-03-20T07:20:47","modified_gmt":"2023-03-20T06:20:47","slug":"tunisie-libahri-appelle-le-president-saied-a-mettre-fin-a-la-repression-contre-le-pouvoir-judiciaire","status":"publish","type":"post","link":"https:\/\/kapitalis.com\/tunisie\/2023\/03\/20\/tunisie-libahri-appelle-le-president-saied-a-mettre-fin-a-la-repression-contre-le-pouvoir-judiciaire\/","title":{"rendered":"Tunisie : l\u2019IBAHRI appelle le pr\u00e9sident Sa\u00efed \u00e0 mettre fin \u00e0 la r\u00e9pression contre le pouvoir judiciaire"},"content":{"rendered":"\n<p><strong><em>Dans un communiqu\u00e9 publi\u00e9 sur son site web, que nous reproduisons ci-dessous des extraits, l\u2019Institut des droits de l\u2019homme de l\u2019Association internationale du barreau (<a href=\"https:\/\/www.ibanet.org\/Tunisia-IBAHRI-calls-on-President-Saied-to-halt-crackdown-on-judiciary-and-dissidents\" target=\"_blank\" rel=\"noreferrer noopener\">IBAHRI<\/a>) condamne et demande l\u2019arr\u00eat imm\u00e9diat de la vague d\u2019arrestations visant les d\u00e9tracteurs et les opposants pr\u00e9sum\u00e9s au pr\u00e9sident tunisien Ka\u00efs Sa\u00efed, ainsi que les violentes attaques contre les ressortissants et migrants subsahariens en Tunisie.<\/em><\/strong><\/p>\n\n\n\n<!--more-->\n\n\n\n<p>Des informations sur ces derniers sont apparues \u00e0 la suite d\u2019un discours prononc\u00e9 par le pr\u00e9sident Sa\u00efed le 21 f\u00e9vrier 2023, dans lequel il affirmait que les migrants sans papiers des pays subsahariens tentaient de modifier la composition d\u00e9mographique de la Tunisie, qui a une culture majoritairement arabo-musulmane.<\/p>\n\n\n\n<p>Depuis le 11 f\u00e9vrier 2023, au moins 12 dissidents ont \u00e9t\u00e9 arr\u00eat\u00e9s pour avoir critiqu\u00e9 la nouvelle politique du pr\u00e9sident Sa\u00efed ou soutenu des manifestations contre cette politique. Parmi les personnes arr\u00eat\u00e9es figurent (\u2026) des personnalit\u00e9s politiques; deux anciens juges; un avocat; un ancien ministre du gouvernement; et le directeur d\u2019une importante station de radio.<\/p>\n\n\n\n<p>Dans au moins trois cas, les autorit\u00e9s tunisiennes ont arr\u00eat\u00e9 des personnes en vertu d\u2019une loi passible de la peine de mort et, dans au moins cinq cas, les autorit\u00e9s n\u2019ont pas pr\u00e9sent\u00e9 de preuves d\u2019actes r\u00e9pr\u00e9hensibles commis par les personnes arr\u00eat\u00e9es, selon leurs avocats.<\/p>\n\n\n\n<p>Dans une d\u00e9claration vid\u00e9o publi\u00e9e sur sa page Facebook officielle, le pr\u00e9sident Sa\u00efed a qualifi\u00e9 les personnes arr\u00eat\u00e9es de <em>\u00abterroristes\u00bb<\/em> et de <em>\u00abtra\u00eetres\u00bb<\/em>, les accusant de conspirer pour saper l\u2019\u00c9tat et de manipuler les prix des denr\u00e9es alimentaires pour provoquer des troubles sociaux.<\/p>\n\n\n\n<p>Les arrestations coordonn\u00e9es ont fait craindre une r\u00e9pression plus large de la dissidence et ont incit\u00e9 le Haut-commissaire des Nations unies aux droits de l\u2019homme, Volker T\u00fcrk, \u00e0 demander la lib\u00e9ration imm\u00e9diate des d\u00e9tenus, notant que <em>\u00able procureur g\u00e9n\u00e9ral de Tunisie a engag\u00e9 de plus en plus de poursuites p\u00e9nales contre des opposants au pr\u00e9sident, les accusant de \u2018\u2018complot contre la s\u00fbret\u00e9 de l\u2019\u00c9tat\u2019\u2019\u00bb<\/em>.<\/p>\n\n\n\n<p>La copr\u00e9sidente de l&rsquo;IBAHRI et secr\u00e9taire g\u00e9n\u00e9rale sortante de l\u2019Association du barreau su\u00e9dois, Anne Ramberg Dr Jur hc, a d\u00e9clar\u00e9 : <em>\u00abL\u2019arrestation coordonn\u00e9e de membres de l\u2019opposition politique et de critiques du gouvernement, et leur qualification comme \u2018\u2018terroristes\u2019\u2019, sont condamn\u00e9es par l\u2019IBAHRI. De telles actions ne peuvent \u00eatre consid\u00e9r\u00e9es que comme une tentative des autorit\u00e9s tunisiennes d\u2019intimider les opposants et de mettre fin \u00e0 leurs critiques des politiques radicales du pr\u00e9sident Sa\u00efed. Alors que la d\u00e9mocratie et les droits de l\u2019homme en Tunisie semblent s\u2019\u00e9vaporer depuis la r\u00e9volution du printemps de 2011, l&rsquo;IBAHRI demande que toutes les charges retenues contre les personnes arr\u00eat\u00e9es soient abandonn\u00e9es, que les personnes d\u00e9tenues arbitrairement soient lib\u00e9r\u00e9es et que le pr\u00e9sident Sa\u00efed maintienne l\u2019ind\u00e9pendance du pouvoir judiciaire et l\u2019Etat de droit conform\u00e9ment aux normes internationales et aux obligations juridiques de la Tunisie. En outre, l&rsquo;IBAHRI appelle la communaut\u00e9 internationale \u00e0 s\u2019attaquer de toute urgence au d\u00e9clin rapide de la d\u00e9mocratie dans le pays.\u00bb<\/em><\/p>\n\n\n\n<p>(\u2026) Le copr\u00e9sident de l&rsquo;IBAHRI, Mark Stephens CBE, a d\u00e9clar\u00e9 : <em>\u00abLes mesures que le pr\u00e9sident Sa\u00efed a prises depuis le 25 juillet 2021 ont servi \u00e0 d\u00e9manteler efficacement l\u2019\u00c9tat de droit et la s\u00e9paration des pouvoirs en Tunisie, ouvrant peut-\u00eatre un processus de retour du pays \u00e0 l\u2019autoritarisme. Ces mesures ont affaibli l\u2019ind\u00e9pendance judiciaire et la protection des droits de l\u2019homme, restreint le discours civique et \u00e9touff\u00e9 la libert\u00e9 d\u2019expression. Cette usurpation an\u00e9antit les avanc\u00e9es d\u00e9mocratiques progressistes r\u00e9alis\u00e9es depuis la r\u00e9volution tunisienne de 2011 et est condamn\u00e9e par l\u2019IBAHRI. Nous condamnons \u00e9galement les propos du pr\u00e9sident Sa\u00efed relatifs aux Africains subsahariens qui ont, dans l\u2019esprit de nombreux Tunisiens, cr\u00e9\u00e9 l\u2019image d\u2019une menace existentielle \u00e0 laquelle de nombreux citoyens ont r\u00e9agi par des violences physiques et\/ou des attaques verbales contre les Africains subsahariens. L\u2019IBAHRI appelle le pr\u00e9sident \u00e0 s\u2019abstenir d\u2019une telle rh\u00e9torique, \u00e0 prot\u00e9ger les droits de tous en Tunisie \u00e0 vivre sans crainte d\u2019attaques violentes et \u00e0 adh\u00e9rer au droit et aux principes internationaux des droits de l\u2019homme\u00bb.<\/em><\/p>\n\n\n\n<p>(&#8230;)<\/p>\n\n\n\n<p><strong><em>Communiqu\u00e9.<\/em><\/strong><\/p>\n\n\n\n<p><strong><em>Source<\/em><\/strong>\u00a0:<a href=\"https:\/\/www.ibanet.org\/Tunisia-IBAHRI-calls-on-President-Saied-to-halt-crackdown-on-judiciary-and-dissidents\" target=\"_blank\" rel=\"noreferrer noopener\"> IBANET<\/a>. <\/p>\n","protected":false},"excerpt":{"rendered":"<p>L\u2019Association internationale du barreau condamne et demande l\u2019arr\u00eat imm\u00e9diat de la vague d\u2019arrestations visant les d\u00e9tracteurs et les opposants au pr\u00e9sident Ka\u00efs Sa\u00efed,<\/p>\n","protected":false},"author":8,"featured_media":7016865,"comment_status":"open","ping_status":"open","sticky":false,"template":"","format":"standard","meta":{"footnotes":""},"categories":[997,2433],"tags":[107484,107483,106712,107482,76012,107485,62643,106622],"class_list":["post-7016770","post","type-post","status-publish","format-standard","has-post-thumbnail","hentry","category-politique","category-tunisie","tag-anne-ramberg-dr-jur-hc","tag-association-internationale-du-barreau","tag-esther-lynch","tag-ibahri","tag-kais-saied-2","tag-mark-stephens","tag-tunisie","tag-volker-turk"],"yoast_head":"<!-- This site is optimized with the Yoast SEO plugin v26.6 - https:\/\/yoast.com\/wordpress\/plugins\/seo\/ -->\n<title>Tunisie : l\u2019IBAHRI appelle le pr\u00e9sident Sa\u00efed \u00e0 mettre fin \u00e0 la r\u00e9pression contre le pouvoir judiciaire - Kapitalis<\/title>\n<meta name=\"robots\" content=\"index, follow, max-snippet:-1, max-image-preview:large, max-video-preview:-1\" \/>\n<link rel=\"canonical\" href=\"https:\/\/kapitalis.com\/tunisie\/2023\/03\/20\/tunisie-libahri-appelle-le-president-saied-a-mettre-fin-a-la-repression-contre-le-pouvoir-judiciaire\/\" \/>\n<meta property=\"og:locale\" content=\"fr_FR\" \/>\n<meta property=\"og:type\" content=\"article\" \/>\n<meta property=\"og:title\" content=\"Tunisie : l\u2019IBAHRI appelle le pr\u00e9sident Sa\u00efed \u00e0 mettre fin \u00e0 la r\u00e9pression contre le pouvoir judiciaire - Kapitalis\" \/>\n<meta property=\"og:description\" content=\"L\u2019Association internationale du barreau condamne et demande l\u2019arr\u00eat imm\u00e9diat de la vague d\u2019arrestations visant les d\u00e9tracteurs et les opposants au pr\u00e9sident Ka\u00efs Sa\u00efed,\" \/>\n<meta property=\"og:url\" content=\"https:\/\/kapitalis.com\/tunisie\/2023\/03\/20\/tunisie-libahri-appelle-le-president-saied-a-mettre-fin-a-la-repression-contre-le-pouvoir-judiciaire\/\" \/>\n<meta property=\"og:site_name\" content=\"Kapitalis\" \/>\n<meta property=\"article:publisher\" content=\"https:\/\/www.facebook.com\/KapitalisInfo\/\" \/>\n<meta property=\"article:published_time\" content=\"2023-03-20T06:17:27+00:00\" \/>\n<meta property=\"article:modified_time\" content=\"2023-03-20T06:20:47+00:00\" \/>\n<meta property=\"og:image\" content=\"https:\/\/kapitalis.com\/tunisie\/wp-content\/uploads\/2023\/03\/Justice.jpg\" \/>\n\t<meta property=\"og:image:width\" content=\"1200\" \/>\n\t<meta property=\"og:image:height\" content=\"630\" \/>\n\t<meta property=\"og:image:type\" content=\"image\/jpeg\" \/>\n<meta name=\"author\" content=\"webmaster kapitalis\" \/>\n<meta name=\"twitter:card\" content=\"summary_large_image\" \/>\n<meta name=\"twitter:creator\" content=\"@KapitalisInfo\" \/>\n<meta name=\"twitter:site\" content=\"@KapitalisInfo\" \/>\n<meta name=\"twitter:label1\" content=\"\u00c9crit par\" \/>\n\t<meta name=\"twitter:data1\" content=\"webmaster kapitalis\" \/>\n\t<meta name=\"twitter:label2\" content=\"Dur\u00e9e de lecture estim\u00e9e\" \/>\n\t<meta name=\"twitter:data2\" content=\"4 minutes\" \/>\n<script type=\"application\/ld+json\" class=\"yoast-schema-graph\">{\"@context\":\"https:\/\/schema.org\",\"@graph\":[{\"@type\":\"Article\",\"@id\":\"https:\/\/kapitalis.com\/tunisie\/2023\/03\/20\/tunisie-libahri-appelle-le-president-saied-a-mettre-fin-a-la-repression-contre-le-pouvoir-judiciaire\/#article\",\"isPartOf\":{\"@id\":\"https:\/\/kapitalis.com\/tunisie\/2023\/03\/20\/tunisie-libahri-appelle-le-president-saied-a-mettre-fin-a-la-repression-contre-le-pouvoir-judiciaire\/\"},\"author\":{\"name\":\"webmaster kapitalis\",\"@id\":\"https:\/\/kapitalis.com\/tunisie\/#\/schema\/person\/d71f33a9ca44f7bad4698210b480c8e9\"},\"headline\":\"Tunisie : l\u2019IBAHRI appelle le pr\u00e9sident Sa\u00efed \u00e0 mettre fin \u00e0 la r\u00e9pression contre le pouvoir judiciaire\",\"datePublished\":\"2023-03-20T06:17:27+00:00\",\"dateModified\":\"2023-03-20T06:20:47+00:00\",\"mainEntityOfPage\":{\"@id\":\"https:\/\/kapitalis.com\/tunisie\/2023\/03\/20\/tunisie-libahri-appelle-le-president-saied-a-mettre-fin-a-la-repression-contre-le-pouvoir-judiciaire\/\"},\"wordCount\":773,\"commentCount\":4,\"publisher\":{\"@id\":\"https:\/\/kapitalis.com\/tunisie\/#organization\"},\"image\":{\"@id\":\"https:\/\/kapitalis.com\/tunisie\/2023\/03\/20\/tunisie-libahri-appelle-le-president-saied-a-mettre-fin-a-la-repression-contre-le-pouvoir-judiciaire\/#primaryimage\"},\"thumbnailUrl\":\"https:\/\/kapitalis.com\/tunisie\/wp-content\/uploads\/2023\/03\/Justice.jpg\",\"keywords\":[\"Anne Ramberg Dr Jur hc\",\"Association internationale du barreau\",\"Esther Lynch\",\"IBAHRI\",\"Ka\u00efs Sa\u00efed\",\"Mark Stephens\",\"Tunisie\",\"Volker T\u00fcrk\"],\"articleSection\":[\"POLITIQUE\",\"Tunisie\"],\"inLanguage\":\"fr-FR\",\"potentialAction\":[{\"@type\":\"CommentAction\",\"name\":\"Comment\",\"target\":[\"https:\/\/kapitalis.com\/tunisie\/2023\/03\/20\/tunisie-libahri-appelle-le-president-saied-a-mettre-fin-a-la-repression-contre-le-pouvoir-judiciaire\/#respond\"]}]},{\"@type\":\"WebPage\",\"@id\":\"https:\/\/kapitalis.com\/tunisie\/2023\/03\/20\/tunisie-libahri-appelle-le-president-saied-a-mettre-fin-a-la-repression-contre-le-pouvoir-judiciaire\/\",\"url\":\"https:\/\/kapitalis.com\/tunisie\/2023\/03\/20\/tunisie-libahri-appelle-le-president-saied-a-mettre-fin-a-la-repression-contre-le-pouvoir-judiciaire\/\",\"name\":\"Tunisie : l\u2019IBAHRI appelle le pr\u00e9sident Sa\u00efed \u00e0 mettre fin \u00e0 la r\u00e9pression contre le pouvoir judiciaire - Kapitalis\",\"isPartOf\":{\"@id\":\"https:\/\/kapitalis.com\/tunisie\/#website\"},\"primaryImageOfPage\":{\"@id\":\"https:\/\/kapitalis.com\/tunisie\/2023\/03\/20\/tunisie-libahri-appelle-le-president-saied-a-mettre-fin-a-la-repression-contre-le-pouvoir-judiciaire\/#primaryimage\"},\"image\":{\"@id\":\"https:\/\/kapitalis.com\/tunisie\/2023\/03\/20\/tunisie-libahri-appelle-le-president-saied-a-mettre-fin-a-la-repression-contre-le-pouvoir-judiciaire\/#primaryimage\"},\"thumbnailUrl\":\"https:\/\/kapitalis.com\/tunisie\/wp-content\/uploads\/2023\/03\/Justice.jpg\",\"datePublished\":\"2023-03-20T06:17:27+00:00\",\"dateModified\":\"2023-03-20T06:20:47+00:00\",\"breadcrumb\":{\"@id\":\"https:\/\/kapitalis.com\/tunisie\/2023\/03\/20\/tunisie-libahri-appelle-le-president-saied-a-mettre-fin-a-la-repression-contre-le-pouvoir-judiciaire\/#breadcrumb\"},\"inLanguage\":\"fr-FR\",\"potentialAction\":[{\"@type\":\"ReadAction\",\"target\":[\"https:\/\/kapitalis.com\/tunisie\/2023\/03\/20\/tunisie-libahri-appelle-le-president-saied-a-mettre-fin-a-la-repression-contre-le-pouvoir-judiciaire\/\"]}]},{\"@type\":\"ImageObject\",\"inLanguage\":\"fr-FR\",\"@id\":\"https:\/\/kapitalis.com\/tunisie\/2023\/03\/20\/tunisie-libahri-appelle-le-president-saied-a-mettre-fin-a-la-repression-contre-le-pouvoir-judiciaire\/#primaryimage\",\"url\":\"https:\/\/kapitalis.com\/tunisie\/wp-content\/uploads\/2023\/03\/Justice.jpg\",\"contentUrl\":\"https:\/\/kapitalis.com\/tunisie\/wp-content\/uploads\/2023\/03\/Justice.jpg\",\"width\":1200,\"height\":630},{\"@type\":\"BreadcrumbList\",\"@id\":\"https:\/\/kapitalis.com\/tunisie\/2023\/03\/20\/tunisie-libahri-appelle-le-president-saied-a-mettre-fin-a-la-repression-contre-le-pouvoir-judiciaire\/#breadcrumb\",\"itemListElement\":[{\"@type\":\"ListItem\",\"position\":1,\"name\":\"Accueil\",\"item\":\"https:\/\/kapitalis.com\/tunisie\/\"},{\"@type\":\"ListItem\",\"position\":2,\"name\":\"Tunisie : l\u2019IBAHRI appelle le pr\u00e9sident Sa\u00efed \u00e0 mettre fin \u00e0 la r\u00e9pression contre le pouvoir judiciaire\"}]},{\"@type\":\"WebSite\",\"@id\":\"https:\/\/kapitalis.com\/tunisie\/#website\",\"url\":\"https:\/\/kapitalis.com\/tunisie\/\",\"name\":\"Kapitalis\",\"description\":\"L&#039;actualit\u00e9 en Tunisie et dans le monde\",\"publisher\":{\"@id\":\"https:\/\/kapitalis.com\/tunisie\/#organization\"},\"potentialAction\":[{\"@type\":\"SearchAction\",\"target\":{\"@type\":\"EntryPoint\",\"urlTemplate\":\"https:\/\/kapitalis.com\/tunisie\/?s={search_term_string}\"},\"query-input\":{\"@type\":\"PropertyValueSpecification\",\"valueRequired\":true,\"valueName\":\"search_term_string\"}}],\"inLanguage\":\"fr-FR\"},{\"@type\":\"Organization\",\"@id\":\"https:\/\/kapitalis.com\/tunisie\/#organization\",\"name\":\"Kapitalis\",\"url\":\"https:\/\/kapitalis.com\/tunisie\/\",\"logo\":{\"@type\":\"ImageObject\",\"inLanguage\":\"fr-FR\",\"@id\":\"https:\/\/kapitalis.com\/tunisie\/#\/schema\/logo\/image\/\",\"url\":\"https:\/\/kapitalis.com\/tunisie\/wp-content\/uploads\/2022\/05\/Kapitalis-big-size.png\",\"contentUrl\":\"https:\/\/kapitalis.com\/tunisie\/wp-content\/uploads\/2022\/05\/Kapitalis-big-size.png\",\"width\":5000,\"height\":1500,\"caption\":\"Kapitalis\"},\"image\":{\"@id\":\"https:\/\/kapitalis.com\/tunisie\/#\/schema\/logo\/image\/\"},\"sameAs\":[\"https:\/\/www.facebook.com\/KapitalisInfo\/\",\"https:\/\/x.com\/KapitalisInfo\",\"https:\/\/www.youtube.com\/channel\/UC-yDYrHyfFBWWZaOw3FPg9Q\"]},{\"@type\":\"Person\",\"@id\":\"https:\/\/kapitalis.com\/tunisie\/#\/schema\/person\/d71f33a9ca44f7bad4698210b480c8e9\",\"name\":\"webmaster kapitalis\",\"url\":\"https:\/\/kapitalis.com\/tunisie\/author\/webmaster-kapitalis\/\"}]}<\/script>\n<!-- \/ Yoast SEO plugin. -->","yoast_head_json":{"title":"Tunisie : l\u2019IBAHRI appelle le pr\u00e9sident Sa\u00efed \u00e0 mettre fin \u00e0 la r\u00e9pression contre le pouvoir judiciaire - Kapitalis","robots":{"index":"index","follow":"follow","max-snippet":"max-snippet:-1","max-image-preview":"max-image-preview:large","max-video-preview":"max-video-preview:-1"},"canonical":"https:\/\/kapitalis.com\/tunisie\/2023\/03\/20\/tunisie-libahri-appelle-le-president-saied-a-mettre-fin-a-la-repression-contre-le-pouvoir-judiciaire\/","og_locale":"fr_FR","og_type":"article","og_title":"Tunisie : l\u2019IBAHRI appelle le pr\u00e9sident Sa\u00efed \u00e0 mettre fin \u00e0 la r\u00e9pression contre le pouvoir judiciaire - Kapitalis","og_description":"L\u2019Association internationale du barreau condamne et demande l\u2019arr\u00eat imm\u00e9diat de la vague d\u2019arrestations visant les d\u00e9tracteurs et les opposants au pr\u00e9sident Ka\u00efs Sa\u00efed,","og_url":"https:\/\/kapitalis.com\/tunisie\/2023\/03\/20\/tunisie-libahri-appelle-le-president-saied-a-mettre-fin-a-la-repression-contre-le-pouvoir-judiciaire\/","og_site_name":"Kapitalis","article_publisher":"https:\/\/www.facebook.com\/KapitalisInfo\/","article_published_time":"2023-03-20T06:17:27+00:00","article_modified_time":"2023-03-20T06:20:47+00:00","og_image":[{"width":1200,"height":630,"url":"https:\/\/kapitalis.com\/tunisie\/wp-content\/uploads\/2023\/03\/Justice.jpg","type":"image\/jpeg"}],"author":"webmaster kapitalis","twitter_card":"summary_large_image","twitter_creator":"@KapitalisInfo","twitter_site":"@KapitalisInfo","twitter_misc":{"\u00c9crit par":"webmaster kapitalis","Dur\u00e9e de lecture estim\u00e9e":"4 minutes"},"schema":{"@context":"https:\/\/schema.org","@graph":[{"@type":"Article","@id":"https:\/\/kapitalis.com\/tunisie\/2023\/03\/20\/tunisie-libahri-appelle-le-president-saied-a-mettre-fin-a-la-repression-contre-le-pouvoir-judiciaire\/#article","isPartOf":{"@id":"https:\/\/kapitalis.com\/tunisie\/2023\/03\/20\/tunisie-libahri-appelle-le-president-saied-a-mettre-fin-a-la-repression-contre-le-pouvoir-judiciaire\/"},"author":{"name":"webmaster kapitalis","@id":"https:\/\/kapitalis.com\/tunisie\/#\/schema\/person\/d71f33a9ca44f7bad4698210b480c8e9"},"headline":"Tunisie : l\u2019IBAHRI appelle le pr\u00e9sident Sa\u00efed \u00e0 mettre fin \u00e0 la r\u00e9pression contre le pouvoir judiciaire","datePublished":"2023-03-20T06:17:27+00:00","dateModified":"2023-03-20T06:20:47+00:00","mainEntityOfPage":{"@id":"https:\/\/kapitalis.com\/tunisie\/2023\/03\/20\/tunisie-libahri-appelle-le-president-saied-a-mettre-fin-a-la-repression-contre-le-pouvoir-judiciaire\/"},"wordCount":773,"commentCount":4,"publisher":{"@id":"https:\/\/kapitalis.com\/tunisie\/#organization"},"image":{"@id":"https:\/\/kapitalis.com\/tunisie\/2023\/03\/20\/tunisie-libahri-appelle-le-president-saied-a-mettre-fin-a-la-repression-contre-le-pouvoir-judiciaire\/#primaryimage"},"thumbnailUrl":"https:\/\/kapitalis.com\/tunisie\/wp-content\/uploads\/2023\/03\/Justice.jpg","keywords":["Anne Ramberg Dr Jur hc","Association internationale du barreau","Esther Lynch","IBAHRI","Ka\u00efs Sa\u00efed","Mark Stephens","Tunisie","Volker T\u00fcrk"],"articleSection":["POLITIQUE","Tunisie"],"inLanguage":"fr-FR","potentialAction":[{"@type":"CommentAction","name":"Comment","target":["https:\/\/kapitalis.com\/tunisie\/2023\/03\/20\/tunisie-libahri-appelle-le-president-saied-a-mettre-fin-a-la-repression-contre-le-pouvoir-judiciaire\/#respond"]}]},{"@type":"WebPage","@id":"https:\/\/kapitalis.com\/tunisie\/2023\/03\/20\/tunisie-libahri-appelle-le-president-saied-a-mettre-fin-a-la-repression-contre-le-pouvoir-judiciaire\/","url":"https:\/\/kapitalis.com\/tunisie\/2023\/03\/20\/tunisie-libahri-appelle-le-president-saied-a-mettre-fin-a-la-repression-contre-le-pouvoir-judiciaire\/","name":"Tunisie : l\u2019IBAHRI appelle le pr\u00e9sident Sa\u00efed \u00e0 mettre fin \u00e0 la r\u00e9pression contre le pouvoir judiciaire - Kapitalis","isPartOf":{"@id":"https:\/\/kapitalis.com\/tunisie\/#website"},"primaryImageOfPage":{"@id":"https:\/\/kapitalis.com\/tunisie\/2023\/03\/20\/tunisie-libahri-appelle-le-president-saied-a-mettre-fin-a-la-repression-contre-le-pouvoir-judiciaire\/#primaryimage"},"image":{"@id":"https:\/\/kapitalis.com\/tunisie\/2023\/03\/20\/tunisie-libahri-appelle-le-president-saied-a-mettre-fin-a-la-repression-contre-le-pouvoir-judiciaire\/#primaryimage"},"thumbnailUrl":"https:\/\/kapitalis.com\/tunisie\/wp-content\/uploads\/2023\/03\/Justice.jpg","datePublished":"2023-03-20T06:17:27+00:00","dateModified":"2023-03-20T06:20:47+00:00","breadcrumb":{"@id":"https:\/\/kapitalis.com\/tunisie\/2023\/03\/20\/tunisie-libahri-appelle-le-president-saied-a-mettre-fin-a-la-repression-contre-le-pouvoir-judiciaire\/#breadcrumb"},"inLanguage":"fr-FR","potentialAction":[{"@type":"ReadAction","target":["https:\/\/kapitalis.com\/tunisie\/2023\/03\/20\/tunisie-libahri-appelle-le-president-saied-a-mettre-fin-a-la-repression-contre-le-pouvoir-judiciaire\/"]}]},{"@type":"ImageObject","inLanguage":"fr-FR","@id":"https:\/\/kapitalis.com\/tunisie\/2023\/03\/20\/tunisie-libahri-appelle-le-president-saied-a-mettre-fin-a-la-repression-contre-le-pouvoir-judiciaire\/#primaryimage","url":"https:\/\/kapitalis.com\/tunisie\/wp-content\/uploads\/2023\/03\/Justice.jpg","contentUrl":"https:\/\/kapitalis.com\/tunisie\/wp-content\/uploads\/2023\/03\/Justice.jpg","width":1200,"height":630},{"@type":"BreadcrumbList","@id":"https:\/\/kapitalis.com\/tunisie\/2023\/03\/20\/tunisie-libahri-appelle-le-president-saied-a-mettre-fin-a-la-repression-contre-le-pouvoir-judiciaire\/#breadcrumb","itemListElement":[{"@type":"ListItem","position":1,"name":"Accueil","item":"https:\/\/kapitalis.com\/tunisie\/"},{"@type":"ListItem","position":2,"name":"Tunisie : l\u2019IBAHRI appelle le pr\u00e9sident Sa\u00efed \u00e0 mettre fin \u00e0 la r\u00e9pression contre le pouvoir judiciaire"}]},{"@type":"WebSite","@id":"https:\/\/kapitalis.com\/tunisie\/#website","url":"https:\/\/kapitalis.com\/tunisie\/","name":"Kapitalis","description":"L&#039;actualit\u00e9 en Tunisie et dans le monde","publisher":{"@id":"https:\/\/kapitalis.com\/tunisie\/#organization"},"potentialAction":[{"@type":"SearchAction","target":{"@type":"EntryPoint","urlTemplate":"https:\/\/kapitalis.com\/tunisie\/?s={search_term_string}"},"query-input":{"@type":"PropertyValueSpecification","valueRequired":true,"valueName":"search_term_string"}}],"inLanguage":"fr-FR"},{"@type":"Organization","@id":"https:\/\/kapitalis.com\/tunisie\/#organization","name":"Kapitalis","url":"https:\/\/kapitalis.com\/tunisie\/","logo":{"@type":"ImageObject","inLanguage":"fr-FR","@id":"https:\/\/kapitalis.com\/tunisie\/#\/schema\/logo\/image\/","url":"https:\/\/kapitalis.com\/tunisie\/wp-content\/uploads\/2022\/05\/Kapitalis-big-size.png","contentUrl":"https:\/\/kapitalis.com\/tunisie\/wp-content\/uploads\/2022\/05\/Kapitalis-big-size.png","width":5000,"height":1500,"caption":"Kapitalis"},"image":{"@id":"https:\/\/kapitalis.com\/tunisie\/#\/schema\/logo\/image\/"},"sameAs":["https:\/\/www.facebook.com\/KapitalisInfo\/","https:\/\/x.com\/KapitalisInfo","https:\/\/www.youtube.com\/channel\/UC-yDYrHyfFBWWZaOw3FPg9Q"]},{"@type":"Person","@id":"https:\/\/kapitalis.com\/tunisie\/#\/schema\/person\/d71f33a9ca44f7bad4698210b480c8e9","name":"webmaster kapitalis","url":"https:\/\/kapitalis.com\/tunisie\/author\/webmaster-kapitalis\/"}]}},"_links":{"self":[{"href":"https:\/\/kapitalis.com\/tunisie\/wp-json\/wp\/v2\/posts\/7016770","targetHints":{"allow":["GET"]}}],"collection":[{"href":"https:\/\/kapitalis.com\/tunisie\/wp-json\/wp\/v2\/posts"}],"about":[{"href":"https:\/\/kapitalis.com\/tunisie\/wp-json\/wp\/v2\/types\/post"}],"author":[{"embeddable":true,"href":"https:\/\/kapitalis.com\/tunisie\/wp-json\/wp\/v2\/users\/8"}],"replies":[{"embeddable":true,"href":"https:\/\/kapitalis.com\/tunisie\/wp-json\/wp\/v2\/comments?post=7016770"}],"version-history":[{"count":2,"href":"https:\/\/kapitalis.com\/tunisie\/wp-json\/wp\/v2\/posts\/7016770\/revisions"}],"predecessor-version":[{"id":7016937,"href":"https:\/\/kapitalis.com\/tunisie\/wp-json\/wp\/v2\/posts\/7016770\/revisions\/7016937"}],"wp:featuredmedia":[{"embeddable":true,"href":"https:\/\/kapitalis.com\/tunisie\/wp-json\/wp\/v2\/media\/7016865"}],"wp:attachment":[{"href":"https:\/\/kapitalis.com\/tunisie\/wp-json\/wp\/v2\/media?parent=7016770"}],"wp:term":[{"taxonomy":"category","embeddable":true,"href":"https:\/\/kapitalis.com\/tunisie\/wp-json\/wp\/v2\/categories?post=7016770"},{"taxonomy":"post_tag","embeddable":true,"href":"https:\/\/kapitalis.com\/tunisie\/wp-json\/wp\/v2\/tags?post=7016770"}],"curies":[{"name":"wp","href":"https:\/\/api.w.org\/{rel}","templated":true}]}}