{"id":7017397,"date":"2023-03-20T08:05:53","date_gmt":"2023-03-20T07:05:53","guid":{"rendered":"https:\/\/kapitalis.com\/tunisie\/?p=7017397"},"modified":"2023-03-20T08:05:54","modified_gmt":"2023-03-20T07:05:54","slug":"enfants-des-rues-en-tunisie-histoires-de-douleur-et-de-survie","status":"publish","type":"post","link":"https:\/\/kapitalis.com\/tunisie\/2023\/03\/20\/enfants-des-rues-en-tunisie-histoires-de-douleur-et-de-survie\/","title":{"rendered":"Enfants des rues en Tunisie : histoires de douleur et de survie"},"content":{"rendered":"\n<p><strong><em>Dans l\u2019avenue Habib Bourguiba au centre de la capitale Tunis, non loin du minist\u00e8re de la Femme, de l&rsquo;Enfance et de la Famille, des dizaines d&rsquo;enfants se prom\u00e8nent avec des paquets de mouchoirs et des fleurs \u00e0 la main, essayant de persuader les clients de les acheter.<\/em><\/strong> (Ph.<a href=\"https:\/\/nawaat.org\/2016\/05\/10\/les-enfants-mendiants-envahissent-les-rues-de-kasserine\/\" target=\"_blank\" rel=\"noreferrer noopener\"> Nawaat<\/a>).<\/p>\n\n\n\n<p>Par <strong>Wahida Kader<\/strong><\/p>\n\n\n\n<!--more-->\n\n\n<div class=\"wp-block-image\">\n<figure class=\"alignleft size-full\"><img loading=\"lazy\" decoding=\"async\" width=\"200\" height=\"200\" src=\"https:\/\/kapitalis.com\/tunisie\/wp-content\/uploads\/2023\/03\/Wahida-Kader.jpg\" alt=\"\" class=\"wp-image-7017412\" srcset=\"https:\/\/kapitalis.com\/tunisie\/wp-content\/uploads\/2023\/03\/Wahida-Kader.jpg 200w, https:\/\/kapitalis.com\/tunisie\/wp-content\/uploads\/2023\/03\/Wahida-Kader-150x150.jpg 150w, https:\/\/kapitalis.com\/tunisie\/wp-content\/uploads\/2023\/03\/Wahida-Kader-120x120.jpg 120w\" sizes=\"auto, (max-width: 200px) 100vw, 200px\" \/><\/figure>\n<\/div>\n\n\n<p>Ces enfants sont de tous \u00e2ges, dont certains ont moins de dix ans. Ils ont \u00e9t\u00e9 forc\u00e9s de quitter leurs maisons par n\u00e9cessit\u00e9 et pour survivre et ont \u00e9t\u00e9 jet\u00e9s \u00e0 la rue, se trouvant entre une r\u00e9alit\u00e9 pleine de souffrance et un avenir inconnu qui peut \u00eatre encore plus dur.<\/p>\n\n\n\n<h2 class=\"wp-block-heading\">Mendier pour vivre<\/h2>\n\n\n\n<p>Non loin de la mosqu\u00e9e Al-Fath, \u00e0 la station Al-Joumhouria, Noor, quinze ans, dans ses v\u00eatements de gar\u00e7on couvrant tout son corps, charg\u00e9s de mouchoirs, tente de persuader les passants de lui acheter ses marchandises \u00e0 bas prix.<\/p>\n\n\n\n<p>Noor dit \u00e0 Raseef22 que son voyage commence avant six heures du matin. Elle choisit des endroits bond\u00e9s o\u00f9 il y a beaucoup de circulation pi\u00e9tonni\u00e8re pour pouvoir vendre ses marchandises, ajoutant qu\u2019elle rencontre parfois des passants gentils qui lui offrent de l\u2019argent sans lui acheter de mouchoirs, et parfois d\u2019autres qui la traitent avec violence et l\u2019insultent \u00e0 cause de son insistance \u00e0 leur vendre ses marchandises.<\/p>\n\n\n\n<p>Noor dit qu\u2019elle est devenue orpheline apr\u00e8s la mort de ses parents dans un accident de la circulation il y a des ann\u00e9es, que son fr\u00e8re a \u00e9migr\u00e9 ill\u00e9galement, et qu\u2019elle n\u2019a plus entendu parler de lui et ne sait m\u00eame pas s\u2019il est vivant ou mort. Elle a abandonn\u00e9 l\u2019\u00e9cole apr\u00e8s que ses voisins, une famille qui l\u2019avait aid\u00e9e, ont renonc\u00e9 \u00e0 l\u2019aider \u00e0 terminer ses \u00e9tudes. Elle d\u00e9cide alors de sortir dans la rue pour trouver son gagne-pain et gagner de l\u2019argent qu\u2019elle partage avec un homme d\u2019une cinquantaine d\u2019ann\u00e9es qui lui fournit quotidiennement des vivres.<\/p>\n\n\n\n<h2 class=\"wp-block-heading\">\u00abLa b\u00e9n\u00e9diction du vendredi\u00bb<\/h2>\n\n\n\n<p>Chaque vendredi, d\u00e8s que le muezzin annonce l\u2019appel \u00e0 la pri\u00e8re du vendredi, Mohamed, Ahmed et Saber se tiennent devant la mosqu\u00e9e Al-Fath, dans l\u2019espoir que le c\u0153ur des fid\u00e8les s\u2019attendrisse et qu\u2019on leur donne tout l\u2019argent qu\u2019ils peuvent obtenir pour assurer leur subsistance quotidienne.<\/p>\n\n\n\n<p>\u00c0 la fin de la pri\u00e8re, les enfants se pr\u00e9cipitent vers les fid\u00e8les qui partent, r\u00e9p\u00e9tant des supplications silencieuses pour de l\u2019argent. Mohamed dit \u00e0 Raseef22 que la plupart des fid\u00e8les ne refusent pas leurs demandes, mais le probl\u00e8me est que le nombre d\u2019enfants qui viennent \u00e0 la mosqu\u00e9e a augment\u00e9, il ne peut donc plus obtenir le m\u00eame montant qu\u2019avant. Il ajoute&nbsp;: <em>\u00abLes fid\u00e8les ont commenc\u00e9 \u00e0 s\u2019\u00e9nerver contre nous et ne nous croient pas lorsque nous tendons la main pour demander de l\u2019argent.\u00bb<\/em><\/p>\n\n\n\n<p>Mohamed, qui a abandonn\u00e9 l\u2019\u00e9cole \u00e0 l\u2019\u00e2ge de dix ans, raconte \u00e0 Raseef22 qu\u2019il vit dans la rue depuis six ans apr\u00e8s la mort de son p\u00e8re et qu\u2019il doit gagner de l\u2019argent pour aider sa m\u00e8re et sa s\u0153ur cadette, qui a huit ans, et il l\u2019emm\u00e8ne parfois mendier dans les caf\u00e9s.<\/p>\n\n\n\n<p>Mohamed raconte les \u00e9preuves qu\u2019il endure les larmes aux yeux et dit que la pluie chaque hiver rend les nuits qu\u2019il passe dans la rue encore plus dures, le laissant frissonner de froid.<\/p>\n\n\n\n<h2 class=\"wp-block-heading\">Nombres croissants<\/h2>\n\n\n\n<p>Dans une d\u00e9claration \u00e0 Raseef22, la ministre de la Femme, de l\u2019Enfance et de la Famille, Amel Belhaj Moussa, a indiqu\u00e9 que plus de 2 300 enfants \u00e0 Tunis vivent dans la rue et sont en danger. Elle a ajout\u00e9 qu\u2019en 2022, les d\u00e9l\u00e9gations \u00e0 la protection de l\u2019enfance ont re\u00e7u environ 1 750 notifications relatives aux enfants abandonn\u00e9s et sans-abri, et plus de 500 notifications concernant des enfants expos\u00e9s \u00e0 des pratiques de mendicit\u00e9 et \u00e0 l&rsquo;exploitation \u00e9conomique. La ministre a indiqu\u00e9 que ce ph\u00e9nom\u00e8ne a augment\u00e9 de 10% par rapport \u00e0 l\u2019ann\u00e9e pr\u00e9c\u00e9dente et concerne les nourrissons amen\u00e9s par leurs parents ou leurs fr\u00e8res et s\u0153urs adolescents.<\/p>\n\n\n\n<p>Plus de 2 300 enfants en Tunisie vivent dans la rue et sont en grand danger. Malgr\u00e9 les tentatives de l\u2019\u00c9tat de cr\u00e9er des refuges pour eux, le ph\u00e9nom\u00e8ne continue d\u2019augmenter<\/p>\n\n\n\n<p>Le pr\u00e9sident de l\u2019Association tunisienne de d\u00e9fense des droits de l\u2019enfant, Moez Cherif, a d\u00e9clar\u00e9 \u00e0 Raseef22 : <em>\u00abIl y a aussi des enfants de nationalit\u00e9s non tunisiennes dans les rues, et leur nombre a atteint 400 enfants en 2022, et tous sont sans soutien.\u00bb<\/em><\/p>\n\n\n\n<p>Concernant les cat\u00e9gories et groupes d\u2019enfants vivant dans la rue, Cherif confirme qu\u2019il existe une cat\u00e9gorie qui n\u2019a pas rompu les liens avec les \u00e9tablissements scolaires et les familles, et un autre groupe qui a rompu tout lien avec l\u2019\u00e9tablissement scolaire mais est rest\u00e9 en contact avec la famille, tandis que la troisi\u00e8me cat\u00e9gorie \u2013 dont il dit qu\u2019elle est la plus vuln\u00e9rable \u2013 a compl\u00e8tement rompu ses liens avec la famille et les institutions \u00e9ducatives. Cela n\u00e9cessite la mise en place de programmes alternatifs pour leur r\u00e9insertion car ils sont dans une situation psychologique fragile.<\/p>\n\n\n\n<h2 class=\"wp-block-heading\">Refuges pour enfants des rues<\/h2>\n\n\n\n<p>La ministre de la Femme, de l\u2019Enfance et de la Famille Amel Belhaj Moussa confirme que le minist\u00e8re travaille depuis un certain temps pour enrayer ce ph\u00e9nom\u00e8ne, puisqu\u2019il a commenc\u00e9 \u00e0 renforcer les centres de protection de l\u2019enfance dans la capitale tunisienne avec une capacit\u00e9 d\u2019accueil d\u2019environ 150 enfants par jour.<\/p>\n\n\n\n<p>Moussa indique que cette initiative s\u2019\u00e9tendra progressivement pour inclure les soins de jour et de nuit pour cette cat\u00e9gorie, et se d\u00e9placera vers d\u2019autres zones o\u00f9 ce ph\u00e9nom\u00e8ne est r\u00e9pandu. Le plan permet aux enfants d\u2019acc\u00e9der \u00e0 une gamme de services r\u00e9partis entre l\u2019accompagnement et la prise en charge \u00e9ducative, sanitaire et psychologique.<\/p>\n\n\n\n<p>Elle pr\u00e9cise que ce projet recherchera \u00e9galement des voies alternatives pour les enfants en d\u00e9crochage scolaire qui se retrouvent dans la rue, afin de les prot\u00e9ger des risques et dangers de la rue, et d\u2019un \u00e9tat d\u2019apathie et de manque de perspectives d\u2019avenir.<\/p>\n\n\n\n<p>La ministre dit qu\u2019\u00e0 travers cette initiative exp\u00e9rimentale, elle cherche \u00e0 vaincre le ph\u00e9nom\u00e8ne des enfants des rues sans abri, qui est un ph\u00e9nom\u00e8ne pr\u00e9occupant en Tunisie, un pays qui fait face \u00e0 plusieurs crises sur les plans \u00e9conomique et social.<\/p>\n\n\n\n<p>Intervenant sur le m\u00eame sujet, Cherif souligne que l\u2019objectif de ce plan est de prot\u00e9ger les enfants vivant dans la rue, de les prendre en charge psychologiquement et socialement, ainsi que de les r\u00e9habiliter et de leur permettre de s\u2019int\u00e9grer et de renouer avec leur famille.<\/p>\n\n\n\n<p>En l\u2019absence d\u2019une famille avec qui reprendre contact, Cherif d\u00e9clare que l\u2019\u00c9tat peut rechercher des familles d\u2019accueil alternatives pour l\u2019\u00e9ducation et les soins de l\u2019enfant, tandis que la situation de l\u2019enfant est suivie et contr\u00f4l\u00e9e en permanence.<\/p>\n\n\n\n<p>Les autorit\u00e9s tunisiennes recherchent d\u2019autres solutions visant \u00e0 secourir les enfants des rues, en coop\u00e9ration avec des organisations de la soci\u00e9t\u00e9 civile, afin de r\u00e9duire les risques auxquels sont confront\u00e9s les enfants sans abri dans les rues, apr\u00e8s que la crise \u00e9conomique a fait quitter plus d\u2019un million d\u2019\u00e9l\u00e8ves des \u00e9tablissements d\u2019enseignement au cours des dix derni\u00e8res ann\u00e9es. Cependant la question demeure : les refuges sont-ils la vraie solution pour freiner le ph\u00e9nom\u00e8ne des enfants des rues en Tunisie, ou la solution est-elle une r\u00e9forme \u00e9conomique globale qui am\u00e9liore la s\u00e9curit\u00e9 sociale et la s\u00e9curit\u00e9 des familles et donc de leurs membres les plus vuln\u00e9rables, les enfants?<\/p>\n\n\n\n<p><em>* Journaliste tunisienne.<\/em><\/p>\n\n\n\n<p><strong><em>Source<\/em><\/strong> : <a href=\"https:\/\/raseef22.net\/article\/1092391-street-children-in-tunisia-harsh-stories-of-pain-and-survival\" target=\"_blank\" rel=\"noreferrer noopener\">Raseef 22<\/a>. <\/p>\n","protected":false},"excerpt":{"rendered":"<p>Les enfants des rues en Tunisie vendent des paquets de mouchoirs et des fleurs aux passats.<\/p>\n","protected":false},"author":8,"featured_media":7017551,"comment_status":"open","ping_status":"open","sticky":false,"template":"","format":"standard","meta":{"footnotes":""},"categories":[992,998,2433],"tags":[107486,95523,62643],"class_list":["post-7017397","post","type-post","status-publish","format-standard","has-post-thumbnail","hentry","category-a-la-une","category-societe","category-tunisie","tag-enfants-des-rues","tag-mosquee-al-fath","tag-tunisie"],"yoast_head":"<!-- This site is optimized with the Yoast SEO plugin v26.6 - https:\/\/yoast.com\/wordpress\/plugins\/seo\/ -->\n<title>Enfants des rues en Tunisie : histoires de douleur et de survie - Kapitalis<\/title>\n<meta name=\"robots\" content=\"index, follow, max-snippet:-1, max-image-preview:large, max-video-preview:-1\" \/>\n<link rel=\"canonical\" href=\"https:\/\/kapitalis.com\/tunisie\/2023\/03\/20\/enfants-des-rues-en-tunisie-histoires-de-douleur-et-de-survie\/\" \/>\n<meta property=\"og:locale\" content=\"fr_FR\" \/>\n<meta property=\"og:type\" content=\"article\" \/>\n<meta property=\"og:title\" content=\"Enfants des rues en Tunisie : histoires de douleur et de survie - Kapitalis\" \/>\n<meta property=\"og:description\" content=\"Les enfants des rues en Tunisie vendent des paquets de mouchoirs et des fleurs aux passats.\" \/>\n<meta property=\"og:url\" content=\"https:\/\/kapitalis.com\/tunisie\/2023\/03\/20\/enfants-des-rues-en-tunisie-histoires-de-douleur-et-de-survie\/\" \/>\n<meta property=\"og:site_name\" content=\"Kapitalis\" \/>\n<meta property=\"article:publisher\" content=\"https:\/\/www.facebook.com\/KapitalisInfo\/\" \/>\n<meta property=\"article:published_time\" content=\"2023-03-20T07:05:53+00:00\" \/>\n<meta property=\"article:modified_time\" content=\"2023-03-20T07:05:54+00:00\" \/>\n<meta property=\"og:image\" content=\"https:\/\/kapitalis.com\/tunisie\/wp-content\/uploads\/2023\/03\/Enfants-des-rues-Ph.-Nawaat.jpg\" \/>\n\t<meta property=\"og:image:width\" content=\"1200\" \/>\n\t<meta property=\"og:image:height\" content=\"630\" \/>\n\t<meta property=\"og:image:type\" content=\"image\/jpeg\" \/>\n<meta name=\"author\" content=\"webmaster kapitalis\" \/>\n<meta name=\"twitter:card\" content=\"summary_large_image\" \/>\n<meta name=\"twitter:creator\" content=\"@KapitalisInfo\" \/>\n<meta name=\"twitter:site\" content=\"@KapitalisInfo\" \/>\n<meta name=\"twitter:label1\" content=\"\u00c9crit par\" \/>\n\t<meta name=\"twitter:data1\" content=\"webmaster kapitalis\" \/>\n\t<meta name=\"twitter:label2\" content=\"Dur\u00e9e de lecture estim\u00e9e\" \/>\n\t<meta name=\"twitter:data2\" content=\"7 minutes\" \/>\n<script type=\"application\/ld+json\" class=\"yoast-schema-graph\">{\"@context\":\"https:\/\/schema.org\",\"@graph\":[{\"@type\":\"Article\",\"@id\":\"https:\/\/kapitalis.com\/tunisie\/2023\/03\/20\/enfants-des-rues-en-tunisie-histoires-de-douleur-et-de-survie\/#article\",\"isPartOf\":{\"@id\":\"https:\/\/kapitalis.com\/tunisie\/2023\/03\/20\/enfants-des-rues-en-tunisie-histoires-de-douleur-et-de-survie\/\"},\"author\":{\"name\":\"webmaster kapitalis\",\"@id\":\"https:\/\/kapitalis.com\/tunisie\/#\/schema\/person\/d71f33a9ca44f7bad4698210b480c8e9\"},\"headline\":\"Enfants des rues en Tunisie : histoires de douleur et de survie\",\"datePublished\":\"2023-03-20T07:05:53+00:00\",\"dateModified\":\"2023-03-20T07:05:54+00:00\",\"mainEntityOfPage\":{\"@id\":\"https:\/\/kapitalis.com\/tunisie\/2023\/03\/20\/enfants-des-rues-en-tunisie-histoires-de-douleur-et-de-survie\/\"},\"wordCount\":1357,\"commentCount\":2,\"publisher\":{\"@id\":\"https:\/\/kapitalis.com\/tunisie\/#organization\"},\"image\":{\"@id\":\"https:\/\/kapitalis.com\/tunisie\/2023\/03\/20\/enfants-des-rues-en-tunisie-histoires-de-douleur-et-de-survie\/#primaryimage\"},\"thumbnailUrl\":\"https:\/\/kapitalis.com\/tunisie\/wp-content\/uploads\/2023\/03\/Enfants-des-rues-Ph.-Nawaat.jpg\",\"keywords\":[\"enfants des rues\",\"mosqu\u00e9e Al-Fath\",\"Tunisie\"],\"articleSection\":[\"A LA UNE\",\"SOCIETE\",\"Tunisie\"],\"inLanguage\":\"fr-FR\",\"potentialAction\":[{\"@type\":\"CommentAction\",\"name\":\"Comment\",\"target\":[\"https:\/\/kapitalis.com\/tunisie\/2023\/03\/20\/enfants-des-rues-en-tunisie-histoires-de-douleur-et-de-survie\/#respond\"]}]},{\"@type\":\"WebPage\",\"@id\":\"https:\/\/kapitalis.com\/tunisie\/2023\/03\/20\/enfants-des-rues-en-tunisie-histoires-de-douleur-et-de-survie\/\",\"url\":\"https:\/\/kapitalis.com\/tunisie\/2023\/03\/20\/enfants-des-rues-en-tunisie-histoires-de-douleur-et-de-survie\/\",\"name\":\"Enfants des rues en Tunisie : histoires de douleur et de survie - Kapitalis\",\"isPartOf\":{\"@id\":\"https:\/\/kapitalis.com\/tunisie\/#website\"},\"primaryImageOfPage\":{\"@id\":\"https:\/\/kapitalis.com\/tunisie\/2023\/03\/20\/enfants-des-rues-en-tunisie-histoires-de-douleur-et-de-survie\/#primaryimage\"},\"image\":{\"@id\":\"https:\/\/kapitalis.com\/tunisie\/2023\/03\/20\/enfants-des-rues-en-tunisie-histoires-de-douleur-et-de-survie\/#primaryimage\"},\"thumbnailUrl\":\"https:\/\/kapitalis.com\/tunisie\/wp-content\/uploads\/2023\/03\/Enfants-des-rues-Ph.-Nawaat.jpg\",\"datePublished\":\"2023-03-20T07:05:53+00:00\",\"dateModified\":\"2023-03-20T07:05:54+00:00\",\"breadcrumb\":{\"@id\":\"https:\/\/kapitalis.com\/tunisie\/2023\/03\/20\/enfants-des-rues-en-tunisie-histoires-de-douleur-et-de-survie\/#breadcrumb\"},\"inLanguage\":\"fr-FR\",\"potentialAction\":[{\"@type\":\"ReadAction\",\"target\":[\"https:\/\/kapitalis.com\/tunisie\/2023\/03\/20\/enfants-des-rues-en-tunisie-histoires-de-douleur-et-de-survie\/\"]}]},{\"@type\":\"ImageObject\",\"inLanguage\":\"fr-FR\",\"@id\":\"https:\/\/kapitalis.com\/tunisie\/2023\/03\/20\/enfants-des-rues-en-tunisie-histoires-de-douleur-et-de-survie\/#primaryimage\",\"url\":\"https:\/\/kapitalis.com\/tunisie\/wp-content\/uploads\/2023\/03\/Enfants-des-rues-Ph.-Nawaat.jpg\",\"contentUrl\":\"https:\/\/kapitalis.com\/tunisie\/wp-content\/uploads\/2023\/03\/Enfants-des-rues-Ph.-Nawaat.jpg\",\"width\":1200,\"height\":630},{\"@type\":\"BreadcrumbList\",\"@id\":\"https:\/\/kapitalis.com\/tunisie\/2023\/03\/20\/enfants-des-rues-en-tunisie-histoires-de-douleur-et-de-survie\/#breadcrumb\",\"itemListElement\":[{\"@type\":\"ListItem\",\"position\":1,\"name\":\"Accueil\",\"item\":\"https:\/\/kapitalis.com\/tunisie\/\"},{\"@type\":\"ListItem\",\"position\":2,\"name\":\"Enfants des rues en Tunisie : histoires de douleur et de survie\"}]},{\"@type\":\"WebSite\",\"@id\":\"https:\/\/kapitalis.com\/tunisie\/#website\",\"url\":\"https:\/\/kapitalis.com\/tunisie\/\",\"name\":\"Kapitalis\",\"description\":\"L&#039;actualit\u00e9 en Tunisie et dans le monde\",\"publisher\":{\"@id\":\"https:\/\/kapitalis.com\/tunisie\/#organization\"},\"potentialAction\":[{\"@type\":\"SearchAction\",\"target\":{\"@type\":\"EntryPoint\",\"urlTemplate\":\"https:\/\/kapitalis.com\/tunisie\/?s={search_term_string}\"},\"query-input\":{\"@type\":\"PropertyValueSpecification\",\"valueRequired\":true,\"valueName\":\"search_term_string\"}}],\"inLanguage\":\"fr-FR\"},{\"@type\":\"Organization\",\"@id\":\"https:\/\/kapitalis.com\/tunisie\/#organization\",\"name\":\"Kapitalis\",\"url\":\"https:\/\/kapitalis.com\/tunisie\/\",\"logo\":{\"@type\":\"ImageObject\",\"inLanguage\":\"fr-FR\",\"@id\":\"https:\/\/kapitalis.com\/tunisie\/#\/schema\/logo\/image\/\",\"url\":\"https:\/\/kapitalis.com\/tunisie\/wp-content\/uploads\/2022\/05\/Kapitalis-big-size.png\",\"contentUrl\":\"https:\/\/kapitalis.com\/tunisie\/wp-content\/uploads\/2022\/05\/Kapitalis-big-size.png\",\"width\":5000,\"height\":1500,\"caption\":\"Kapitalis\"},\"image\":{\"@id\":\"https:\/\/kapitalis.com\/tunisie\/#\/schema\/logo\/image\/\"},\"sameAs\":[\"https:\/\/www.facebook.com\/KapitalisInfo\/\",\"https:\/\/x.com\/KapitalisInfo\",\"https:\/\/www.youtube.com\/channel\/UC-yDYrHyfFBWWZaOw3FPg9Q\"]},{\"@type\":\"Person\",\"@id\":\"https:\/\/kapitalis.com\/tunisie\/#\/schema\/person\/d71f33a9ca44f7bad4698210b480c8e9\",\"name\":\"webmaster kapitalis\",\"url\":\"https:\/\/kapitalis.com\/tunisie\/author\/webmaster-kapitalis\/\"}]}<\/script>\n<!-- \/ Yoast SEO plugin. -->","yoast_head_json":{"title":"Enfants des rues en Tunisie : histoires de douleur et de survie - Kapitalis","robots":{"index":"index","follow":"follow","max-snippet":"max-snippet:-1","max-image-preview":"max-image-preview:large","max-video-preview":"max-video-preview:-1"},"canonical":"https:\/\/kapitalis.com\/tunisie\/2023\/03\/20\/enfants-des-rues-en-tunisie-histoires-de-douleur-et-de-survie\/","og_locale":"fr_FR","og_type":"article","og_title":"Enfants des rues en Tunisie : histoires de douleur et de survie - Kapitalis","og_description":"Les enfants des rues en Tunisie vendent des paquets de mouchoirs et des fleurs aux passats.","og_url":"https:\/\/kapitalis.com\/tunisie\/2023\/03\/20\/enfants-des-rues-en-tunisie-histoires-de-douleur-et-de-survie\/","og_site_name":"Kapitalis","article_publisher":"https:\/\/www.facebook.com\/KapitalisInfo\/","article_published_time":"2023-03-20T07:05:53+00:00","article_modified_time":"2023-03-20T07:05:54+00:00","og_image":[{"width":1200,"height":630,"url":"https:\/\/kapitalis.com\/tunisie\/wp-content\/uploads\/2023\/03\/Enfants-des-rues-Ph.-Nawaat.jpg","type":"image\/jpeg"}],"author":"webmaster kapitalis","twitter_card":"summary_large_image","twitter_creator":"@KapitalisInfo","twitter_site":"@KapitalisInfo","twitter_misc":{"\u00c9crit par":"webmaster kapitalis","Dur\u00e9e de lecture estim\u00e9e":"7 minutes"},"schema":{"@context":"https:\/\/schema.org","@graph":[{"@type":"Article","@id":"https:\/\/kapitalis.com\/tunisie\/2023\/03\/20\/enfants-des-rues-en-tunisie-histoires-de-douleur-et-de-survie\/#article","isPartOf":{"@id":"https:\/\/kapitalis.com\/tunisie\/2023\/03\/20\/enfants-des-rues-en-tunisie-histoires-de-douleur-et-de-survie\/"},"author":{"name":"webmaster kapitalis","@id":"https:\/\/kapitalis.com\/tunisie\/#\/schema\/person\/d71f33a9ca44f7bad4698210b480c8e9"},"headline":"Enfants des rues en Tunisie : histoires de douleur et de survie","datePublished":"2023-03-20T07:05:53+00:00","dateModified":"2023-03-20T07:05:54+00:00","mainEntityOfPage":{"@id":"https:\/\/kapitalis.com\/tunisie\/2023\/03\/20\/enfants-des-rues-en-tunisie-histoires-de-douleur-et-de-survie\/"},"wordCount":1357,"commentCount":2,"publisher":{"@id":"https:\/\/kapitalis.com\/tunisie\/#organization"},"image":{"@id":"https:\/\/kapitalis.com\/tunisie\/2023\/03\/20\/enfants-des-rues-en-tunisie-histoires-de-douleur-et-de-survie\/#primaryimage"},"thumbnailUrl":"https:\/\/kapitalis.com\/tunisie\/wp-content\/uploads\/2023\/03\/Enfants-des-rues-Ph.-Nawaat.jpg","keywords":["enfants des rues","mosqu\u00e9e Al-Fath","Tunisie"],"articleSection":["A LA UNE","SOCIETE","Tunisie"],"inLanguage":"fr-FR","potentialAction":[{"@type":"CommentAction","name":"Comment","target":["https:\/\/kapitalis.com\/tunisie\/2023\/03\/20\/enfants-des-rues-en-tunisie-histoires-de-douleur-et-de-survie\/#respond"]}]},{"@type":"WebPage","@id":"https:\/\/kapitalis.com\/tunisie\/2023\/03\/20\/enfants-des-rues-en-tunisie-histoires-de-douleur-et-de-survie\/","url":"https:\/\/kapitalis.com\/tunisie\/2023\/03\/20\/enfants-des-rues-en-tunisie-histoires-de-douleur-et-de-survie\/","name":"Enfants des rues en Tunisie : histoires de douleur et de survie - Kapitalis","isPartOf":{"@id":"https:\/\/kapitalis.com\/tunisie\/#website"},"primaryImageOfPage":{"@id":"https:\/\/kapitalis.com\/tunisie\/2023\/03\/20\/enfants-des-rues-en-tunisie-histoires-de-douleur-et-de-survie\/#primaryimage"},"image":{"@id":"https:\/\/kapitalis.com\/tunisie\/2023\/03\/20\/enfants-des-rues-en-tunisie-histoires-de-douleur-et-de-survie\/#primaryimage"},"thumbnailUrl":"https:\/\/kapitalis.com\/tunisie\/wp-content\/uploads\/2023\/03\/Enfants-des-rues-Ph.-Nawaat.jpg","datePublished":"2023-03-20T07:05:53+00:00","dateModified":"2023-03-20T07:05:54+00:00","breadcrumb":{"@id":"https:\/\/kapitalis.com\/tunisie\/2023\/03\/20\/enfants-des-rues-en-tunisie-histoires-de-douleur-et-de-survie\/#breadcrumb"},"inLanguage":"fr-FR","potentialAction":[{"@type":"ReadAction","target":["https:\/\/kapitalis.com\/tunisie\/2023\/03\/20\/enfants-des-rues-en-tunisie-histoires-de-douleur-et-de-survie\/"]}]},{"@type":"ImageObject","inLanguage":"fr-FR","@id":"https:\/\/kapitalis.com\/tunisie\/2023\/03\/20\/enfants-des-rues-en-tunisie-histoires-de-douleur-et-de-survie\/#primaryimage","url":"https:\/\/kapitalis.com\/tunisie\/wp-content\/uploads\/2023\/03\/Enfants-des-rues-Ph.-Nawaat.jpg","contentUrl":"https:\/\/kapitalis.com\/tunisie\/wp-content\/uploads\/2023\/03\/Enfants-des-rues-Ph.-Nawaat.jpg","width":1200,"height":630},{"@type":"BreadcrumbList","@id":"https:\/\/kapitalis.com\/tunisie\/2023\/03\/20\/enfants-des-rues-en-tunisie-histoires-de-douleur-et-de-survie\/#breadcrumb","itemListElement":[{"@type":"ListItem","position":1,"name":"Accueil","item":"https:\/\/kapitalis.com\/tunisie\/"},{"@type":"ListItem","position":2,"name":"Enfants des rues en Tunisie : histoires de douleur et de survie"}]},{"@type":"WebSite","@id":"https:\/\/kapitalis.com\/tunisie\/#website","url":"https:\/\/kapitalis.com\/tunisie\/","name":"Kapitalis","description":"L&#039;actualit\u00e9 en Tunisie et dans le monde","publisher":{"@id":"https:\/\/kapitalis.com\/tunisie\/#organization"},"potentialAction":[{"@type":"SearchAction","target":{"@type":"EntryPoint","urlTemplate":"https:\/\/kapitalis.com\/tunisie\/?s={search_term_string}"},"query-input":{"@type":"PropertyValueSpecification","valueRequired":true,"valueName":"search_term_string"}}],"inLanguage":"fr-FR"},{"@type":"Organization","@id":"https:\/\/kapitalis.com\/tunisie\/#organization","name":"Kapitalis","url":"https:\/\/kapitalis.com\/tunisie\/","logo":{"@type":"ImageObject","inLanguage":"fr-FR","@id":"https:\/\/kapitalis.com\/tunisie\/#\/schema\/logo\/image\/","url":"https:\/\/kapitalis.com\/tunisie\/wp-content\/uploads\/2022\/05\/Kapitalis-big-size.png","contentUrl":"https:\/\/kapitalis.com\/tunisie\/wp-content\/uploads\/2022\/05\/Kapitalis-big-size.png","width":5000,"height":1500,"caption":"Kapitalis"},"image":{"@id":"https:\/\/kapitalis.com\/tunisie\/#\/schema\/logo\/image\/"},"sameAs":["https:\/\/www.facebook.com\/KapitalisInfo\/","https:\/\/x.com\/KapitalisInfo","https:\/\/www.youtube.com\/channel\/UC-yDYrHyfFBWWZaOw3FPg9Q"]},{"@type":"Person","@id":"https:\/\/kapitalis.com\/tunisie\/#\/schema\/person\/d71f33a9ca44f7bad4698210b480c8e9","name":"webmaster kapitalis","url":"https:\/\/kapitalis.com\/tunisie\/author\/webmaster-kapitalis\/"}]}},"_links":{"self":[{"href":"https:\/\/kapitalis.com\/tunisie\/wp-json\/wp\/v2\/posts\/7017397","targetHints":{"allow":["GET"]}}],"collection":[{"href":"https:\/\/kapitalis.com\/tunisie\/wp-json\/wp\/v2\/posts"}],"about":[{"href":"https:\/\/kapitalis.com\/tunisie\/wp-json\/wp\/v2\/types\/post"}],"author":[{"embeddable":true,"href":"https:\/\/kapitalis.com\/tunisie\/wp-json\/wp\/v2\/users\/8"}],"replies":[{"embeddable":true,"href":"https:\/\/kapitalis.com\/tunisie\/wp-json\/wp\/v2\/comments?post=7017397"}],"version-history":[{"count":1,"href":"https:\/\/kapitalis.com\/tunisie\/wp-json\/wp\/v2\/posts\/7017397\/revisions"}],"predecessor-version":[{"id":7017599,"href":"https:\/\/kapitalis.com\/tunisie\/wp-json\/wp\/v2\/posts\/7017397\/revisions\/7017599"}],"wp:featuredmedia":[{"embeddable":true,"href":"https:\/\/kapitalis.com\/tunisie\/wp-json\/wp\/v2\/media\/7017551"}],"wp:attachment":[{"href":"https:\/\/kapitalis.com\/tunisie\/wp-json\/wp\/v2\/media?parent=7017397"}],"wp:term":[{"taxonomy":"category","embeddable":true,"href":"https:\/\/kapitalis.com\/tunisie\/wp-json\/wp\/v2\/categories?post=7017397"},{"taxonomy":"post_tag","embeddable":true,"href":"https:\/\/kapitalis.com\/tunisie\/wp-json\/wp\/v2\/tags?post=7017397"}],"curies":[{"name":"wp","href":"https:\/\/api.w.org\/{rel}","templated":true}]}}