{"id":7019855,"date":"2023-03-20T11:39:33","date_gmt":"2023-03-20T10:39:33","guid":{"rendered":"https:\/\/kapitalis.com\/tunisie\/?p=7019855"},"modified":"2023-03-20T11:39:38","modified_gmt":"2023-03-20T10:39:38","slug":"programmation-du-mois-de-ramadan-a-la-cinematheque-tunisienne","status":"publish","type":"post","link":"https:\/\/kapitalis.com\/tunisie\/2023\/03\/20\/programmation-du-mois-de-ramadan-a-la-cinematheque-tunisienne\/","title":{"rendered":"Programmation du mois de Ramadan \u00e0 la Cin\u00e9math\u00e8que tunisienne"},"content":{"rendered":"\n<p><em><strong>La nouvelle programmation de la Cin\u00e9math\u00e8que tunisienne \u00e0 l\u2019occasion du mois de Ramadan aura lieu du 30 mars au 15 avril. Des projections in\u00e9dites, des rencontres et de la musique seront au programme.<\/strong><\/em><\/p>\n\n\n\n<!--more-->\n\n\n\n<p>La Cin\u00e9math\u00e8que tunisienne vient d\u2019annoncer sa programmation ramadanesque qui d\u00e9marrera le jeudi 30 mars avec les habituelles projections en 16mm o\u00f9 seront projet\u00e9s deux films\u00a0: le court-m\u00e9trage \u00ab\u00a0<em>JCC 1978<\/em>\u00a0\u00bb et le long-m\u00e9trage \u00ab\u00a0<em>Les ambassadeurs\u00a0<\/em>\u00bb de Naceur Ktari. Deux autres s\u00e9ances en 16mm seront propos\u00e9es les jeudis 6 et 13 avril.<\/p>\n\n\n\n<p>Deux cin\u00e9-concerts sont programm\u00e9s, d\u2019abord le samedi 1<sup>er<\/sup> avril autour du film \u201c<em>Les Aaventures du prince Ahmed<\/em>\u201d de Lotte Reiniger (1926) avec l\u00b4interpr\u00e9tation musicale originale de Pan-J (Jihed Khemiri) et Don Pac (Malek Ben Halim), Puis le samedi 15 avril autour de \u00ab\u00a0<em>The last of us<\/em>\u00a0\u00bb d\u2019Alaeddine Slim avec l&rsquo;interpr\u00e9tation musicale originale du pianiste Omar El Ouaer.<\/p>\n\n\n\n<p>La Cin\u00e9math\u00e8que propose \u00e9galement au public de visionner des archives audiovisuelles rares du critique de cin\u00e9ma Khema\u00efes Khayati et de d\u00e9couvrir des interviews rares avec Nouri Bouzid, Salma Baccar, Ferid Boughedir, Abdellatif Ben Ammar, Hichem Rostom, Ahmed Bahaeddine Attia, Daoud Abdel Sayed, Borhane Alaoui\u00e9, Jocelyne Saab, Mohamed Khan et Radwan al-Kashif.<\/p>\n\n\n\n<p class=\"has-text-align-right\"><strong>F.B<\/strong><\/p>\n","protected":false},"excerpt":{"rendered":"<p>La nouvelle programmation de la Cin\u00e9math\u00e8que tunisienne \u00e0 l\u2019occasion du mois de Ramadan aura lieu du 30 mars au 15 avril. Des projections in\u00e9dites, des rencontres et de la musique seront au programme.<\/p>\n","protected":false},"author":26,"featured_media":7020636,"comment_status":"open","ping_status":"open","sticky":false,"template":"","format":"standard","meta":{"footnotes":""},"categories":[994,2433],"tags":[23842,34406,94534,107501,107502,62643],"class_list":["post-7019855","post","type-post","status-publish","format-standard","has-post-thumbnail","hentry","category-culture","category-tunisie","tag-cine-concert","tag-cinematheque-tunisienne","tag-khemaies-khayati","tag-ramadan-2023","tag-soirees-ramadanesques","tag-tunisie"],"yoast_head":"<!-- This site is optimized with the Yoast SEO plugin v26.6 - https:\/\/yoast.com\/wordpress\/plugins\/seo\/ -->\n<title>Programmation du mois de Ramadan \u00e0 la Cin\u00e9math\u00e8que tunisienne - Kapitalis<\/title>\n<meta name=\"robots\" content=\"index, follow, max-snippet:-1, max-image-preview:large, max-video-preview:-1\" \/>\n<link rel=\"canonical\" href=\"https:\/\/kapitalis.com\/tunisie\/2023\/03\/20\/programmation-du-mois-de-ramadan-a-la-cinematheque-tunisienne\/\" \/>\n<meta property=\"og:locale\" content=\"fr_FR\" \/>\n<meta property=\"og:type\" content=\"article\" \/>\n<meta property=\"og:title\" content=\"Programmation du mois de Ramadan \u00e0 la Cin\u00e9math\u00e8que tunisienne - Kapitalis\" \/>\n<meta property=\"og:description\" content=\"La nouvelle programmation de la Cin\u00e9math\u00e8que tunisienne \u00e0 l\u2019occasion du mois de Ramadan aura lieu du 30 mars au 15 avril. Des projections in\u00e9dites, des rencontres et de la musique seront au programme.\" \/>\n<meta property=\"og:url\" content=\"https:\/\/kapitalis.com\/tunisie\/2023\/03\/20\/programmation-du-mois-de-ramadan-a-la-cinematheque-tunisienne\/\" \/>\n<meta property=\"og:site_name\" content=\"Kapitalis\" \/>\n<meta property=\"article:publisher\" content=\"https:\/\/www.facebook.com\/KapitalisInfo\/\" \/>\n<meta property=\"article:published_time\" content=\"2023-03-20T10:39:33+00:00\" \/>\n<meta property=\"article:modified_time\" content=\"2023-03-20T10:39:38+00:00\" \/>\n<meta property=\"og:image\" content=\"https:\/\/kapitalis.com\/tunisie\/wp-content\/uploads\/2023\/03\/Programmation-Ramadan-2023-_-Cinematheque.jpg\" \/>\n\t<meta property=\"og:image:width\" content=\"1200\" \/>\n\t<meta property=\"og:image:height\" content=\"630\" \/>\n\t<meta property=\"og:image:type\" content=\"image\/jpeg\" \/>\n<meta name=\"author\" content=\"Fawz BenAli\" \/>\n<meta name=\"twitter:card\" content=\"summary_large_image\" \/>\n<meta name=\"twitter:creator\" content=\"@KapitalisInfo\" \/>\n<meta name=\"twitter:site\" content=\"@KapitalisInfo\" \/>\n<meta name=\"twitter:label1\" content=\"\u00c9crit par\" \/>\n\t<meta name=\"twitter:data1\" content=\"Fawz BenAli\" \/>\n\t<meta name=\"twitter:label2\" content=\"Dur\u00e9e de lecture estim\u00e9e\" \/>\n\t<meta name=\"twitter:data2\" content=\"1 minute\" \/>\n<script type=\"application\/ld+json\" class=\"yoast-schema-graph\">{\"@context\":\"https:\/\/schema.org\",\"@graph\":[{\"@type\":\"Article\",\"@id\":\"https:\/\/kapitalis.com\/tunisie\/2023\/03\/20\/programmation-du-mois-de-ramadan-a-la-cinematheque-tunisienne\/#article\",\"isPartOf\":{\"@id\":\"https:\/\/kapitalis.com\/tunisie\/2023\/03\/20\/programmation-du-mois-de-ramadan-a-la-cinematheque-tunisienne\/\"},\"author\":{\"name\":\"Fawz BenAli\",\"@id\":\"https:\/\/kapitalis.com\/tunisie\/#\/schema\/person\/73a5ecc1f6ae540c6ed91342eadca948\"},\"headline\":\"Programmation du mois de Ramadan \u00e0 la Cin\u00e9math\u00e8que tunisienne\",\"datePublished\":\"2023-03-20T10:39:33+00:00\",\"dateModified\":\"2023-03-20T10:39:38+00:00\",\"mainEntityOfPage\":{\"@id\":\"https:\/\/kapitalis.com\/tunisie\/2023\/03\/20\/programmation-du-mois-de-ramadan-a-la-cinematheque-tunisienne\/\"},\"wordCount\":219,\"commentCount\":0,\"publisher\":{\"@id\":\"https:\/\/kapitalis.com\/tunisie\/#organization\"},\"image\":{\"@id\":\"https:\/\/kapitalis.com\/tunisie\/2023\/03\/20\/programmation-du-mois-de-ramadan-a-la-cinematheque-tunisienne\/#primaryimage\"},\"thumbnailUrl\":\"https:\/\/kapitalis.com\/tunisie\/wp-content\/uploads\/2023\/03\/Programmation-Ramadan-2023-_-Cinematheque.jpg\",\"keywords\":[\"cin\u00e9-concert\",\"Cin\u00e9math\u00e8que tunisienne\",\"Khemaies Khayati\",\"ramadan 2023\",\"soir\u00e9es ramadanesques\",\"Tunisie\"],\"articleSection\":[\"CULTURE\",\"Tunisie\"],\"inLanguage\":\"fr-FR\",\"potentialAction\":[{\"@type\":\"CommentAction\",\"name\":\"Comment\",\"target\":[\"https:\/\/kapitalis.com\/tunisie\/2023\/03\/20\/programmation-du-mois-de-ramadan-a-la-cinematheque-tunisienne\/#respond\"]}]},{\"@type\":\"WebPage\",\"@id\":\"https:\/\/kapitalis.com\/tunisie\/2023\/03\/20\/programmation-du-mois-de-ramadan-a-la-cinematheque-tunisienne\/\",\"url\":\"https:\/\/kapitalis.com\/tunisie\/2023\/03\/20\/programmation-du-mois-de-ramadan-a-la-cinematheque-tunisienne\/\",\"name\":\"Programmation du mois de Ramadan \u00e0 la Cin\u00e9math\u00e8que tunisienne - Kapitalis\",\"isPartOf\":{\"@id\":\"https:\/\/kapitalis.com\/tunisie\/#website\"},\"primaryImageOfPage\":{\"@id\":\"https:\/\/kapitalis.com\/tunisie\/2023\/03\/20\/programmation-du-mois-de-ramadan-a-la-cinematheque-tunisienne\/#primaryimage\"},\"image\":{\"@id\":\"https:\/\/kapitalis.com\/tunisie\/2023\/03\/20\/programmation-du-mois-de-ramadan-a-la-cinematheque-tunisienne\/#primaryimage\"},\"thumbnailUrl\":\"https:\/\/kapitalis.com\/tunisie\/wp-content\/uploads\/2023\/03\/Programmation-Ramadan-2023-_-Cinematheque.jpg\",\"datePublished\":\"2023-03-20T10:39:33+00:00\",\"dateModified\":\"2023-03-20T10:39:38+00:00\",\"breadcrumb\":{\"@id\":\"https:\/\/kapitalis.com\/tunisie\/2023\/03\/20\/programmation-du-mois-de-ramadan-a-la-cinematheque-tunisienne\/#breadcrumb\"},\"inLanguage\":\"fr-FR\",\"potentialAction\":[{\"@type\":\"ReadAction\",\"target\":[\"https:\/\/kapitalis.com\/tunisie\/2023\/03\/20\/programmation-du-mois-de-ramadan-a-la-cinematheque-tunisienne\/\"]}]},{\"@type\":\"ImageObject\",\"inLanguage\":\"fr-FR\",\"@id\":\"https:\/\/kapitalis.com\/tunisie\/2023\/03\/20\/programmation-du-mois-de-ramadan-a-la-cinematheque-tunisienne\/#primaryimage\",\"url\":\"https:\/\/kapitalis.com\/tunisie\/wp-content\/uploads\/2023\/03\/Programmation-Ramadan-2023-_-Cinematheque.jpg\",\"contentUrl\":\"https:\/\/kapitalis.com\/tunisie\/wp-content\/uploads\/2023\/03\/Programmation-Ramadan-2023-_-Cinematheque.jpg\",\"width\":1200,\"height\":630},{\"@type\":\"BreadcrumbList\",\"@id\":\"https:\/\/kapitalis.com\/tunisie\/2023\/03\/20\/programmation-du-mois-de-ramadan-a-la-cinematheque-tunisienne\/#breadcrumb\",\"itemListElement\":[{\"@type\":\"ListItem\",\"position\":1,\"name\":\"Accueil\",\"item\":\"https:\/\/kapitalis.com\/tunisie\/\"},{\"@type\":\"ListItem\",\"position\":2,\"name\":\"Programmation du mois de Ramadan \u00e0 la Cin\u00e9math\u00e8que tunisienne\"}]},{\"@type\":\"WebSite\",\"@id\":\"https:\/\/kapitalis.com\/tunisie\/#website\",\"url\":\"https:\/\/kapitalis.com\/tunisie\/\",\"name\":\"Kapitalis\",\"description\":\"L&#039;actualit\u00e9 en Tunisie et dans le monde\",\"publisher\":{\"@id\":\"https:\/\/kapitalis.com\/tunisie\/#organization\"},\"potentialAction\":[{\"@type\":\"SearchAction\",\"target\":{\"@type\":\"EntryPoint\",\"urlTemplate\":\"https:\/\/kapitalis.com\/tunisie\/?s={search_term_string}\"},\"query-input\":{\"@type\":\"PropertyValueSpecification\",\"valueRequired\":true,\"valueName\":\"search_term_string\"}}],\"inLanguage\":\"fr-FR\"},{\"@type\":\"Organization\",\"@id\":\"https:\/\/kapitalis.com\/tunisie\/#organization\",\"name\":\"Kapitalis\",\"url\":\"https:\/\/kapitalis.com\/tunisie\/\",\"logo\":{\"@type\":\"ImageObject\",\"inLanguage\":\"fr-FR\",\"@id\":\"https:\/\/kapitalis.com\/tunisie\/#\/schema\/logo\/image\/\",\"url\":\"https:\/\/kapitalis.com\/tunisie\/wp-content\/uploads\/2022\/05\/Kapitalis-big-size.png\",\"contentUrl\":\"https:\/\/kapitalis.com\/tunisie\/wp-content\/uploads\/2022\/05\/Kapitalis-big-size.png\",\"width\":5000,\"height\":1500,\"caption\":\"Kapitalis\"},\"image\":{\"@id\":\"https:\/\/kapitalis.com\/tunisie\/#\/schema\/logo\/image\/\"},\"sameAs\":[\"https:\/\/www.facebook.com\/KapitalisInfo\/\",\"https:\/\/x.com\/KapitalisInfo\",\"https:\/\/www.youtube.com\/channel\/UC-yDYrHyfFBWWZaOw3FPg9Q\"]},{\"@type\":\"Person\",\"@id\":\"https:\/\/kapitalis.com\/tunisie\/#\/schema\/person\/73a5ecc1f6ae540c6ed91342eadca948\",\"name\":\"Fawz BenAli\",\"url\":\"https:\/\/kapitalis.com\/tunisie\/author\/fawz\/\"}]}<\/script>\n<!-- \/ Yoast SEO plugin. -->","yoast_head_json":{"title":"Programmation du mois de Ramadan \u00e0 la Cin\u00e9math\u00e8que tunisienne - Kapitalis","robots":{"index":"index","follow":"follow","max-snippet":"max-snippet:-1","max-image-preview":"max-image-preview:large","max-video-preview":"max-video-preview:-1"},"canonical":"https:\/\/kapitalis.com\/tunisie\/2023\/03\/20\/programmation-du-mois-de-ramadan-a-la-cinematheque-tunisienne\/","og_locale":"fr_FR","og_type":"article","og_title":"Programmation du mois de Ramadan \u00e0 la Cin\u00e9math\u00e8que tunisienne - Kapitalis","og_description":"La nouvelle programmation de la Cin\u00e9math\u00e8que tunisienne \u00e0 l\u2019occasion du mois de Ramadan aura lieu du 30 mars au 15 avril. Des projections in\u00e9dites, des rencontres et de la musique seront au programme.","og_url":"https:\/\/kapitalis.com\/tunisie\/2023\/03\/20\/programmation-du-mois-de-ramadan-a-la-cinematheque-tunisienne\/","og_site_name":"Kapitalis","article_publisher":"https:\/\/www.facebook.com\/KapitalisInfo\/","article_published_time":"2023-03-20T10:39:33+00:00","article_modified_time":"2023-03-20T10:39:38+00:00","og_image":[{"width":1200,"height":630,"url":"https:\/\/kapitalis.com\/tunisie\/wp-content\/uploads\/2023\/03\/Programmation-Ramadan-2023-_-Cinematheque.jpg","type":"image\/jpeg"}],"author":"Fawz BenAli","twitter_card":"summary_large_image","twitter_creator":"@KapitalisInfo","twitter_site":"@KapitalisInfo","twitter_misc":{"\u00c9crit par":"Fawz BenAli","Dur\u00e9e de lecture estim\u00e9e":"1 minute"},"schema":{"@context":"https:\/\/schema.org","@graph":[{"@type":"Article","@id":"https:\/\/kapitalis.com\/tunisie\/2023\/03\/20\/programmation-du-mois-de-ramadan-a-la-cinematheque-tunisienne\/#article","isPartOf":{"@id":"https:\/\/kapitalis.com\/tunisie\/2023\/03\/20\/programmation-du-mois-de-ramadan-a-la-cinematheque-tunisienne\/"},"author":{"name":"Fawz BenAli","@id":"https:\/\/kapitalis.com\/tunisie\/#\/schema\/person\/73a5ecc1f6ae540c6ed91342eadca948"},"headline":"Programmation du mois de Ramadan \u00e0 la Cin\u00e9math\u00e8que tunisienne","datePublished":"2023-03-20T10:39:33+00:00","dateModified":"2023-03-20T10:39:38+00:00","mainEntityOfPage":{"@id":"https:\/\/kapitalis.com\/tunisie\/2023\/03\/20\/programmation-du-mois-de-ramadan-a-la-cinematheque-tunisienne\/"},"wordCount":219,"commentCount":0,"publisher":{"@id":"https:\/\/kapitalis.com\/tunisie\/#organization"},"image":{"@id":"https:\/\/kapitalis.com\/tunisie\/2023\/03\/20\/programmation-du-mois-de-ramadan-a-la-cinematheque-tunisienne\/#primaryimage"},"thumbnailUrl":"https:\/\/kapitalis.com\/tunisie\/wp-content\/uploads\/2023\/03\/Programmation-Ramadan-2023-_-Cinematheque.jpg","keywords":["cin\u00e9-concert","Cin\u00e9math\u00e8que tunisienne","Khemaies Khayati","ramadan 2023","soir\u00e9es ramadanesques","Tunisie"],"articleSection":["CULTURE","Tunisie"],"inLanguage":"fr-FR","potentialAction":[{"@type":"CommentAction","name":"Comment","target":["https:\/\/kapitalis.com\/tunisie\/2023\/03\/20\/programmation-du-mois-de-ramadan-a-la-cinematheque-tunisienne\/#respond"]}]},{"@type":"WebPage","@id":"https:\/\/kapitalis.com\/tunisie\/2023\/03\/20\/programmation-du-mois-de-ramadan-a-la-cinematheque-tunisienne\/","url":"https:\/\/kapitalis.com\/tunisie\/2023\/03\/20\/programmation-du-mois-de-ramadan-a-la-cinematheque-tunisienne\/","name":"Programmation du mois de Ramadan \u00e0 la Cin\u00e9math\u00e8que tunisienne - Kapitalis","isPartOf":{"@id":"https:\/\/kapitalis.com\/tunisie\/#website"},"primaryImageOfPage":{"@id":"https:\/\/kapitalis.com\/tunisie\/2023\/03\/20\/programmation-du-mois-de-ramadan-a-la-cinematheque-tunisienne\/#primaryimage"},"image":{"@id":"https:\/\/kapitalis.com\/tunisie\/2023\/03\/20\/programmation-du-mois-de-ramadan-a-la-cinematheque-tunisienne\/#primaryimage"},"thumbnailUrl":"https:\/\/kapitalis.com\/tunisie\/wp-content\/uploads\/2023\/03\/Programmation-Ramadan-2023-_-Cinematheque.jpg","datePublished":"2023-03-20T10:39:33+00:00","dateModified":"2023-03-20T10:39:38+00:00","breadcrumb":{"@id":"https:\/\/kapitalis.com\/tunisie\/2023\/03\/20\/programmation-du-mois-de-ramadan-a-la-cinematheque-tunisienne\/#breadcrumb"},"inLanguage":"fr-FR","potentialAction":[{"@type":"ReadAction","target":["https:\/\/kapitalis.com\/tunisie\/2023\/03\/20\/programmation-du-mois-de-ramadan-a-la-cinematheque-tunisienne\/"]}]},{"@type":"ImageObject","inLanguage":"fr-FR","@id":"https:\/\/kapitalis.com\/tunisie\/2023\/03\/20\/programmation-du-mois-de-ramadan-a-la-cinematheque-tunisienne\/#primaryimage","url":"https:\/\/kapitalis.com\/tunisie\/wp-content\/uploads\/2023\/03\/Programmation-Ramadan-2023-_-Cinematheque.jpg","contentUrl":"https:\/\/kapitalis.com\/tunisie\/wp-content\/uploads\/2023\/03\/Programmation-Ramadan-2023-_-Cinematheque.jpg","width":1200,"height":630},{"@type":"BreadcrumbList","@id":"https:\/\/kapitalis.com\/tunisie\/2023\/03\/20\/programmation-du-mois-de-ramadan-a-la-cinematheque-tunisienne\/#breadcrumb","itemListElement":[{"@type":"ListItem","position":1,"name":"Accueil","item":"https:\/\/kapitalis.com\/tunisie\/"},{"@type":"ListItem","position":2,"name":"Programmation du mois de Ramadan \u00e0 la Cin\u00e9math\u00e8que tunisienne"}]},{"@type":"WebSite","@id":"https:\/\/kapitalis.com\/tunisie\/#website","url":"https:\/\/kapitalis.com\/tunisie\/","name":"Kapitalis","description":"L&#039;actualit\u00e9 en Tunisie et dans le monde","publisher":{"@id":"https:\/\/kapitalis.com\/tunisie\/#organization"},"potentialAction":[{"@type":"SearchAction","target":{"@type":"EntryPoint","urlTemplate":"https:\/\/kapitalis.com\/tunisie\/?s={search_term_string}"},"query-input":{"@type":"PropertyValueSpecification","valueRequired":true,"valueName":"search_term_string"}}],"inLanguage":"fr-FR"},{"@type":"Organization","@id":"https:\/\/kapitalis.com\/tunisie\/#organization","name":"Kapitalis","url":"https:\/\/kapitalis.com\/tunisie\/","logo":{"@type":"ImageObject","inLanguage":"fr-FR","@id":"https:\/\/kapitalis.com\/tunisie\/#\/schema\/logo\/image\/","url":"https:\/\/kapitalis.com\/tunisie\/wp-content\/uploads\/2022\/05\/Kapitalis-big-size.png","contentUrl":"https:\/\/kapitalis.com\/tunisie\/wp-content\/uploads\/2022\/05\/Kapitalis-big-size.png","width":5000,"height":1500,"caption":"Kapitalis"},"image":{"@id":"https:\/\/kapitalis.com\/tunisie\/#\/schema\/logo\/image\/"},"sameAs":["https:\/\/www.facebook.com\/KapitalisInfo\/","https:\/\/x.com\/KapitalisInfo","https:\/\/www.youtube.com\/channel\/UC-yDYrHyfFBWWZaOw3FPg9Q"]},{"@type":"Person","@id":"https:\/\/kapitalis.com\/tunisie\/#\/schema\/person\/73a5ecc1f6ae540c6ed91342eadca948","name":"Fawz BenAli","url":"https:\/\/kapitalis.com\/tunisie\/author\/fawz\/"}]}},"_links":{"self":[{"href":"https:\/\/kapitalis.com\/tunisie\/wp-json\/wp\/v2\/posts\/7019855","targetHints":{"allow":["GET"]}}],"collection":[{"href":"https:\/\/kapitalis.com\/tunisie\/wp-json\/wp\/v2\/posts"}],"about":[{"href":"https:\/\/kapitalis.com\/tunisie\/wp-json\/wp\/v2\/types\/post"}],"author":[{"embeddable":true,"href":"https:\/\/kapitalis.com\/tunisie\/wp-json\/wp\/v2\/users\/26"}],"replies":[{"embeddable":true,"href":"https:\/\/kapitalis.com\/tunisie\/wp-json\/wp\/v2\/comments?post=7019855"}],"version-history":[{"count":1,"href":"https:\/\/kapitalis.com\/tunisie\/wp-json\/wp\/v2\/posts\/7019855\/revisions"}],"predecessor-version":[{"id":7020647,"href":"https:\/\/kapitalis.com\/tunisie\/wp-json\/wp\/v2\/posts\/7019855\/revisions\/7020647"}],"wp:featuredmedia":[{"embeddable":true,"href":"https:\/\/kapitalis.com\/tunisie\/wp-json\/wp\/v2\/media\/7020636"}],"wp:attachment":[{"href":"https:\/\/kapitalis.com\/tunisie\/wp-json\/wp\/v2\/media?parent=7019855"}],"wp:term":[{"taxonomy":"category","embeddable":true,"href":"https:\/\/kapitalis.com\/tunisie\/wp-json\/wp\/v2\/categories?post=7019855"},{"taxonomy":"post_tag","embeddable":true,"href":"https:\/\/kapitalis.com\/tunisie\/wp-json\/wp\/v2\/tags?post=7019855"}],"curies":[{"name":"wp","href":"https:\/\/api.w.org\/{rel}","templated":true}]}}