{"id":7035247,"date":"2023-03-21T07:14:24","date_gmt":"2023-03-21T06:14:24","guid":{"rendered":"https:\/\/kapitalis.com\/tunisie\/?p=7035247"},"modified":"2023-03-21T08:21:37","modified_gmt":"2023-03-21T07:21:37","slug":"abir-moussi-kais-saied-est-un-danger-immediat-pour-lavenir-de-la-tunisie","status":"publish","type":"post","link":"https:\/\/kapitalis.com\/tunisie\/2023\/03\/21\/abir-moussi-kais-saied-est-un-danger-immediat-pour-lavenir-de-la-tunisie\/","title":{"rendered":"Abir Moussi\u00a0: \u00abKa\u00efs Sa\u00efed est un danger imm\u00e9diat pour l&rsquo;avenir de la Tunisie\u00bb"},"content":{"rendered":"\n<p><strong><em>La pr\u00e9sidente du Parti libre destourien (PDL), Abir Moussi a dit ne pas reconna\u00eetre le nouveau parlement \u00abusurpateur\u00bb, soulignant que la bataille d\u2019aujourd&rsquo;hui se situe entre les autorit\u00e9s et les tenants de la l\u00e9gitimit\u00e9 historique et \u00e9lectorale, qui attendent toujours les \u00e9lections l\u00e9gislatives, pr\u00e9sidentielles et municipales se d\u00e9roulant conform\u00e9ment aux normes internationales.<\/em><\/strong><\/p>\n\n\n\n<!--more-->\n\n\n\n<p>S\u2019exprimant lundi 20 mars 2023 lors d\u2019un meeting au Palais des congr\u00e8s de Tunis \u00e0 l\u2019occasion du 67e anniversaire de l\u2019ind\u00e9pendance, Abir Moussi a dress\u00e9 un sombre tableau de la situation g\u00e9n\u00e9rale de la Tunisie.<\/p>\n\n\n\n<p><em>\u00abNous vivons aujourd\u2019hui dans un pays o\u00f9 les institutions de l\u2019\u00c9tat sont ill\u00e9gitimes, o\u00f9 le peuple est appauvri et d\u00e9prim\u00e9, o\u00f9 le budget est sans finances, o\u00f9 le paysage politique est sombre et la soci\u00e9t\u00e9 civile semble robotis\u00e9e\u00bb<\/em>, a-t-elle dit.<\/p>\n\n\n\n<p>Par ailleurs, a ajout\u00e9 le leader du PDL, le pr\u00e9sident de la r\u00e9publique <em>\u00abqui a pris tout le pouvoir apr\u00e8s le 25 juillet, et qui s\u2019est souvent vant\u00e9e de lutter contre la corruption, n\u2019est pas encore parvenue \u00e0 ouvrir des dossiers sensibles, notamment ceux relatifs aux march\u00e9s et achats publics<\/em>\u00bb.<\/p>\n\n\n\n<p>Pour Moussi, le pr\u00e9sident de la r\u00e9publique h\u00e9site encore \u00e0 mettre en place la Cour constitutionnelle. <em>\u00abIl veut \u00e9chapper \u00e0 toute responsabilit\u00e9 et jouir d\u2019une impunit\u00e9 totale\u00bb<\/em>, a-t-elle dit, ajoutant que Sa\u00efed est lui-m\u00eame <em>\u00abun danger imm\u00e9diat pour l&rsquo;avenir du pays\u00bb<\/em>.<\/p>\n\n\n\n<p>Moussi a d\u00e9nonc\u00e9 l\u2019exclusion des partis de la sc\u00e8ne politique, affirmant que le pr\u00e9sident Sa\u00efed, qui s\u2019est empar\u00e9 des pleins pouvoirs, a r\u00e9dig\u00e9 une loi \u00e9lectorale qui consacre l\u2019autocratie.<\/p>\n\n\n\n<p>Poursuivant sur ce ton alarmiste, Moussi a mis en garde contre de s\u00e9rieuses tentatives d\u2019exacerber les tensions religieuses, qu\u2019elle a d\u00e9crites comme la racine de tous les maux, en mettant en garde contre les tentatives de semer la discorde entre la Tunisie et ses voisins et d\u2019attiser les conflits internes \u00e0 l\u2019int\u00e9rieur du pays, notant que la Tunisie vit actuellement l\u2019une des p\u00e9riodes les plus sombres de son histoire.<\/p>\n\n\n\n<p>Le mauvais souvenir de la d\u00e9cennie noire est encore omnipr\u00e9sent, a regrett\u00e9 Moussi, r\u00e9affirmant l\u2019engagement de son parti \u00e0 poursuivre son combat dur et acharn\u00e9 pour l\u2019instauration d\u2019un Etat civil, libre et ind\u00e9pendant.<\/p>\n\n\n\n<p>Se r\u00e9f\u00e9rant \u00e0 la r\u00e9cente r\u00e9pression s\u00e9curitaire contre les politiciens accus\u00e9s de complot contre la s\u00e9curit\u00e9 de l\u2019\u00c9tat, Moussi a d\u00e9clar\u00e9 que l\u2019op\u00e9ration sera suivie d\u2019une r\u00e9pression des syndicats.<\/p>\n\n\n\n<p>Selon Moussi, la plupart de ceux qui entretiennent des relations douteuses avec des \u00e9trangers n\u2019ont pas encore \u00e9t\u00e9 arr\u00eat\u00e9s, d\u00e9non\u00e7ant \u00e0 cet \u00e9gard des dossiers de corruption <em>\u00abmont\u00e9s de toutes pi\u00e8ces\u00bb <\/em>pour tromper le peuple tunisien. <\/p>\n\n\n\n<p><strong><em>D\u2019apr\u00e8s Tap.<\/em><\/strong><\/p>\n","protected":false},"excerpt":{"rendered":"<p>\u00abNous vivons aujourd\u2019hui dans un pays o\u00f9 les institutions de l\u2019\u00c9tat sont ill\u00e9gitimes, o\u00f9 le peuple est appauvri et d\u00e9prim\u00e9, o\u00f9 le budget est sans finances, o\u00f9 le paysage politique est sombre et la soci\u00e9t\u00e9 civile semble robotis\u00e9e\u00bb, a d\u00e9clar\u00e9 Abir Moussi. <\/p>\n","protected":false},"author":8,"featured_media":7035288,"comment_status":"open","ping_status":"open","sticky":false,"template":"","format":"standard","meta":{"footnotes":""},"categories":[997,2433],"tags":[15144,7476,12235,107520],"class_list":["post-7035247","post","type-post","status-publish","format-standard","has-post-thumbnail","hentry","category-politique","category-tunisie","tag-abir-moussi","tag-cour-constitutionnelle","tag-kais-saied","tag-parti-libre-destourien"],"yoast_head":"<!-- This site is optimized with the Yoast SEO plugin v26.6 - https:\/\/yoast.com\/wordpress\/plugins\/seo\/ -->\n<title>Abir Moussi\u00a0: \u00abKa\u00efs Sa\u00efed est un danger imm\u00e9diat pour l&#039;avenir de la Tunisie\u00bb - Kapitalis<\/title>\n<meta name=\"robots\" content=\"index, follow, max-snippet:-1, max-image-preview:large, max-video-preview:-1\" \/>\n<link rel=\"canonical\" href=\"https:\/\/kapitalis.com\/tunisie\/2023\/03\/21\/abir-moussi-kais-saied-est-un-danger-immediat-pour-lavenir-de-la-tunisie\/\" \/>\n<meta property=\"og:locale\" content=\"fr_FR\" \/>\n<meta property=\"og:type\" content=\"article\" \/>\n<meta property=\"og:title\" content=\"Abir Moussi\u00a0: \u00abKa\u00efs Sa\u00efed est un danger imm\u00e9diat pour l&#039;avenir de la Tunisie\u00bb - Kapitalis\" \/>\n<meta property=\"og:description\" content=\"\u00abNous vivons aujourd\u2019hui dans un pays o\u00f9 les institutions de l\u2019\u00c9tat sont ill\u00e9gitimes, o\u00f9 le peuple est appauvri et d\u00e9prim\u00e9, o\u00f9 le budget est sans finances, o\u00f9 le paysage politique est sombre et la soci\u00e9t\u00e9 civile semble robotis\u00e9e\u00bb, a d\u00e9clar\u00e9 Abir Moussi.\" \/>\n<meta property=\"og:url\" content=\"https:\/\/kapitalis.com\/tunisie\/2023\/03\/21\/abir-moussi-kais-saied-est-un-danger-immediat-pour-lavenir-de-la-tunisie\/\" \/>\n<meta property=\"og:site_name\" content=\"Kapitalis\" \/>\n<meta property=\"article:publisher\" content=\"https:\/\/www.facebook.com\/KapitalisInfo\/\" \/>\n<meta property=\"article:published_time\" content=\"2023-03-21T06:14:24+00:00\" \/>\n<meta property=\"article:modified_time\" content=\"2023-03-21T07:21:37+00:00\" \/>\n<meta property=\"og:image\" content=\"https:\/\/kapitalis.com\/tunisie\/wp-content\/uploads\/2023\/03\/Abir-Moussi-1.jpg\" \/>\n\t<meta property=\"og:image:width\" content=\"1200\" \/>\n\t<meta property=\"og:image:height\" content=\"630\" \/>\n\t<meta property=\"og:image:type\" content=\"image\/jpeg\" \/>\n<meta name=\"author\" content=\"webmaster kapitalis\" \/>\n<meta name=\"twitter:card\" content=\"summary_large_image\" \/>\n<meta name=\"twitter:creator\" content=\"@KapitalisInfo\" \/>\n<meta name=\"twitter:site\" content=\"@KapitalisInfo\" \/>\n<meta name=\"twitter:label1\" content=\"\u00c9crit par\" \/>\n\t<meta name=\"twitter:data1\" content=\"webmaster kapitalis\" \/>\n\t<meta name=\"twitter:label2\" content=\"Dur\u00e9e de lecture estim\u00e9e\" \/>\n\t<meta name=\"twitter:data2\" content=\"3 minutes\" \/>\n<script type=\"application\/ld+json\" class=\"yoast-schema-graph\">{\"@context\":\"https:\/\/schema.org\",\"@graph\":[{\"@type\":\"Article\",\"@id\":\"https:\/\/kapitalis.com\/tunisie\/2023\/03\/21\/abir-moussi-kais-saied-est-un-danger-immediat-pour-lavenir-de-la-tunisie\/#article\",\"isPartOf\":{\"@id\":\"https:\/\/kapitalis.com\/tunisie\/2023\/03\/21\/abir-moussi-kais-saied-est-un-danger-immediat-pour-lavenir-de-la-tunisie\/\"},\"author\":{\"name\":\"webmaster kapitalis\",\"@id\":\"https:\/\/kapitalis.com\/tunisie\/#\/schema\/person\/d71f33a9ca44f7bad4698210b480c8e9\"},\"headline\":\"Abir Moussi\u00a0: \u00abKa\u00efs Sa\u00efed est un danger imm\u00e9diat pour l&rsquo;avenir de la Tunisie\u00bb\",\"datePublished\":\"2023-03-21T06:14:24+00:00\",\"dateModified\":\"2023-03-21T07:21:37+00:00\",\"mainEntityOfPage\":{\"@id\":\"https:\/\/kapitalis.com\/tunisie\/2023\/03\/21\/abir-moussi-kais-saied-est-un-danger-immediat-pour-lavenir-de-la-tunisie\/\"},\"wordCount\":504,\"commentCount\":7,\"publisher\":{\"@id\":\"https:\/\/kapitalis.com\/tunisie\/#organization\"},\"image\":{\"@id\":\"https:\/\/kapitalis.com\/tunisie\/2023\/03\/21\/abir-moussi-kais-saied-est-un-danger-immediat-pour-lavenir-de-la-tunisie\/#primaryimage\"},\"thumbnailUrl\":\"https:\/\/kapitalis.com\/tunisie\/wp-content\/uploads\/2023\/03\/Abir-Moussi-1.jpg\",\"keywords\":[\"Abir Moussi\",\"Cour constitutionnelle\",\"Ka\u00efs Saied\",\"Parti libre destourien\"],\"articleSection\":[\"POLITIQUE\",\"Tunisie\"],\"inLanguage\":\"fr-FR\",\"potentialAction\":[{\"@type\":\"CommentAction\",\"name\":\"Comment\",\"target\":[\"https:\/\/kapitalis.com\/tunisie\/2023\/03\/21\/abir-moussi-kais-saied-est-un-danger-immediat-pour-lavenir-de-la-tunisie\/#respond\"]}]},{\"@type\":\"WebPage\",\"@id\":\"https:\/\/kapitalis.com\/tunisie\/2023\/03\/21\/abir-moussi-kais-saied-est-un-danger-immediat-pour-lavenir-de-la-tunisie\/\",\"url\":\"https:\/\/kapitalis.com\/tunisie\/2023\/03\/21\/abir-moussi-kais-saied-est-un-danger-immediat-pour-lavenir-de-la-tunisie\/\",\"name\":\"Abir Moussi\u00a0: \u00abKa\u00efs Sa\u00efed est un danger imm\u00e9diat pour l'avenir de la Tunisie\u00bb - Kapitalis\",\"isPartOf\":{\"@id\":\"https:\/\/kapitalis.com\/tunisie\/#website\"},\"primaryImageOfPage\":{\"@id\":\"https:\/\/kapitalis.com\/tunisie\/2023\/03\/21\/abir-moussi-kais-saied-est-un-danger-immediat-pour-lavenir-de-la-tunisie\/#primaryimage\"},\"image\":{\"@id\":\"https:\/\/kapitalis.com\/tunisie\/2023\/03\/21\/abir-moussi-kais-saied-est-un-danger-immediat-pour-lavenir-de-la-tunisie\/#primaryimage\"},\"thumbnailUrl\":\"https:\/\/kapitalis.com\/tunisie\/wp-content\/uploads\/2023\/03\/Abir-Moussi-1.jpg\",\"datePublished\":\"2023-03-21T06:14:24+00:00\",\"dateModified\":\"2023-03-21T07:21:37+00:00\",\"breadcrumb\":{\"@id\":\"https:\/\/kapitalis.com\/tunisie\/2023\/03\/21\/abir-moussi-kais-saied-est-un-danger-immediat-pour-lavenir-de-la-tunisie\/#breadcrumb\"},\"inLanguage\":\"fr-FR\",\"potentialAction\":[{\"@type\":\"ReadAction\",\"target\":[\"https:\/\/kapitalis.com\/tunisie\/2023\/03\/21\/abir-moussi-kais-saied-est-un-danger-immediat-pour-lavenir-de-la-tunisie\/\"]}]},{\"@type\":\"ImageObject\",\"inLanguage\":\"fr-FR\",\"@id\":\"https:\/\/kapitalis.com\/tunisie\/2023\/03\/21\/abir-moussi-kais-saied-est-un-danger-immediat-pour-lavenir-de-la-tunisie\/#primaryimage\",\"url\":\"https:\/\/kapitalis.com\/tunisie\/wp-content\/uploads\/2023\/03\/Abir-Moussi-1.jpg\",\"contentUrl\":\"https:\/\/kapitalis.com\/tunisie\/wp-content\/uploads\/2023\/03\/Abir-Moussi-1.jpg\",\"width\":1200,\"height\":630},{\"@type\":\"BreadcrumbList\",\"@id\":\"https:\/\/kapitalis.com\/tunisie\/2023\/03\/21\/abir-moussi-kais-saied-est-un-danger-immediat-pour-lavenir-de-la-tunisie\/#breadcrumb\",\"itemListElement\":[{\"@type\":\"ListItem\",\"position\":1,\"name\":\"Accueil\",\"item\":\"https:\/\/kapitalis.com\/tunisie\/\"},{\"@type\":\"ListItem\",\"position\":2,\"name\":\"Abir Moussi\u00a0: \u00abKa\u00efs Sa\u00efed est un danger imm\u00e9diat pour l&rsquo;avenir de la Tunisie\u00bb\"}]},{\"@type\":\"WebSite\",\"@id\":\"https:\/\/kapitalis.com\/tunisie\/#website\",\"url\":\"https:\/\/kapitalis.com\/tunisie\/\",\"name\":\"Kapitalis\",\"description\":\"L&#039;actualit\u00e9 en Tunisie et dans le monde\",\"publisher\":{\"@id\":\"https:\/\/kapitalis.com\/tunisie\/#organization\"},\"potentialAction\":[{\"@type\":\"SearchAction\",\"target\":{\"@type\":\"EntryPoint\",\"urlTemplate\":\"https:\/\/kapitalis.com\/tunisie\/?s={search_term_string}\"},\"query-input\":{\"@type\":\"PropertyValueSpecification\",\"valueRequired\":true,\"valueName\":\"search_term_string\"}}],\"inLanguage\":\"fr-FR\"},{\"@type\":\"Organization\",\"@id\":\"https:\/\/kapitalis.com\/tunisie\/#organization\",\"name\":\"Kapitalis\",\"url\":\"https:\/\/kapitalis.com\/tunisie\/\",\"logo\":{\"@type\":\"ImageObject\",\"inLanguage\":\"fr-FR\",\"@id\":\"https:\/\/kapitalis.com\/tunisie\/#\/schema\/logo\/image\/\",\"url\":\"https:\/\/kapitalis.com\/tunisie\/wp-content\/uploads\/2022\/05\/Kapitalis-big-size.png\",\"contentUrl\":\"https:\/\/kapitalis.com\/tunisie\/wp-content\/uploads\/2022\/05\/Kapitalis-big-size.png\",\"width\":5000,\"height\":1500,\"caption\":\"Kapitalis\"},\"image\":{\"@id\":\"https:\/\/kapitalis.com\/tunisie\/#\/schema\/logo\/image\/\"},\"sameAs\":[\"https:\/\/www.facebook.com\/KapitalisInfo\/\",\"https:\/\/x.com\/KapitalisInfo\",\"https:\/\/www.youtube.com\/channel\/UC-yDYrHyfFBWWZaOw3FPg9Q\"]},{\"@type\":\"Person\",\"@id\":\"https:\/\/kapitalis.com\/tunisie\/#\/schema\/person\/d71f33a9ca44f7bad4698210b480c8e9\",\"name\":\"webmaster kapitalis\",\"url\":\"https:\/\/kapitalis.com\/tunisie\/author\/webmaster-kapitalis\/\"}]}<\/script>\n<!-- \/ Yoast SEO plugin. -->","yoast_head_json":{"title":"Abir Moussi\u00a0: \u00abKa\u00efs Sa\u00efed est un danger imm\u00e9diat pour l'avenir de la Tunisie\u00bb - Kapitalis","robots":{"index":"index","follow":"follow","max-snippet":"max-snippet:-1","max-image-preview":"max-image-preview:large","max-video-preview":"max-video-preview:-1"},"canonical":"https:\/\/kapitalis.com\/tunisie\/2023\/03\/21\/abir-moussi-kais-saied-est-un-danger-immediat-pour-lavenir-de-la-tunisie\/","og_locale":"fr_FR","og_type":"article","og_title":"Abir Moussi\u00a0: \u00abKa\u00efs Sa\u00efed est un danger imm\u00e9diat pour l'avenir de la Tunisie\u00bb - Kapitalis","og_description":"\u00abNous vivons aujourd\u2019hui dans un pays o\u00f9 les institutions de l\u2019\u00c9tat sont ill\u00e9gitimes, o\u00f9 le peuple est appauvri et d\u00e9prim\u00e9, o\u00f9 le budget est sans finances, o\u00f9 le paysage politique est sombre et la soci\u00e9t\u00e9 civile semble robotis\u00e9e\u00bb, a d\u00e9clar\u00e9 Abir Moussi.","og_url":"https:\/\/kapitalis.com\/tunisie\/2023\/03\/21\/abir-moussi-kais-saied-est-un-danger-immediat-pour-lavenir-de-la-tunisie\/","og_site_name":"Kapitalis","article_publisher":"https:\/\/www.facebook.com\/KapitalisInfo\/","article_published_time":"2023-03-21T06:14:24+00:00","article_modified_time":"2023-03-21T07:21:37+00:00","og_image":[{"width":1200,"height":630,"url":"https:\/\/kapitalis.com\/tunisie\/wp-content\/uploads\/2023\/03\/Abir-Moussi-1.jpg","type":"image\/jpeg"}],"author":"webmaster kapitalis","twitter_card":"summary_large_image","twitter_creator":"@KapitalisInfo","twitter_site":"@KapitalisInfo","twitter_misc":{"\u00c9crit par":"webmaster kapitalis","Dur\u00e9e de lecture estim\u00e9e":"3 minutes"},"schema":{"@context":"https:\/\/schema.org","@graph":[{"@type":"Article","@id":"https:\/\/kapitalis.com\/tunisie\/2023\/03\/21\/abir-moussi-kais-saied-est-un-danger-immediat-pour-lavenir-de-la-tunisie\/#article","isPartOf":{"@id":"https:\/\/kapitalis.com\/tunisie\/2023\/03\/21\/abir-moussi-kais-saied-est-un-danger-immediat-pour-lavenir-de-la-tunisie\/"},"author":{"name":"webmaster kapitalis","@id":"https:\/\/kapitalis.com\/tunisie\/#\/schema\/person\/d71f33a9ca44f7bad4698210b480c8e9"},"headline":"Abir Moussi\u00a0: \u00abKa\u00efs Sa\u00efed est un danger imm\u00e9diat pour l&rsquo;avenir de la Tunisie\u00bb","datePublished":"2023-03-21T06:14:24+00:00","dateModified":"2023-03-21T07:21:37+00:00","mainEntityOfPage":{"@id":"https:\/\/kapitalis.com\/tunisie\/2023\/03\/21\/abir-moussi-kais-saied-est-un-danger-immediat-pour-lavenir-de-la-tunisie\/"},"wordCount":504,"commentCount":7,"publisher":{"@id":"https:\/\/kapitalis.com\/tunisie\/#organization"},"image":{"@id":"https:\/\/kapitalis.com\/tunisie\/2023\/03\/21\/abir-moussi-kais-saied-est-un-danger-immediat-pour-lavenir-de-la-tunisie\/#primaryimage"},"thumbnailUrl":"https:\/\/kapitalis.com\/tunisie\/wp-content\/uploads\/2023\/03\/Abir-Moussi-1.jpg","keywords":["Abir Moussi","Cour constitutionnelle","Ka\u00efs Saied","Parti libre destourien"],"articleSection":["POLITIQUE","Tunisie"],"inLanguage":"fr-FR","potentialAction":[{"@type":"CommentAction","name":"Comment","target":["https:\/\/kapitalis.com\/tunisie\/2023\/03\/21\/abir-moussi-kais-saied-est-un-danger-immediat-pour-lavenir-de-la-tunisie\/#respond"]}]},{"@type":"WebPage","@id":"https:\/\/kapitalis.com\/tunisie\/2023\/03\/21\/abir-moussi-kais-saied-est-un-danger-immediat-pour-lavenir-de-la-tunisie\/","url":"https:\/\/kapitalis.com\/tunisie\/2023\/03\/21\/abir-moussi-kais-saied-est-un-danger-immediat-pour-lavenir-de-la-tunisie\/","name":"Abir Moussi\u00a0: \u00abKa\u00efs Sa\u00efed est un danger imm\u00e9diat pour l'avenir de la Tunisie\u00bb - Kapitalis","isPartOf":{"@id":"https:\/\/kapitalis.com\/tunisie\/#website"},"primaryImageOfPage":{"@id":"https:\/\/kapitalis.com\/tunisie\/2023\/03\/21\/abir-moussi-kais-saied-est-un-danger-immediat-pour-lavenir-de-la-tunisie\/#primaryimage"},"image":{"@id":"https:\/\/kapitalis.com\/tunisie\/2023\/03\/21\/abir-moussi-kais-saied-est-un-danger-immediat-pour-lavenir-de-la-tunisie\/#primaryimage"},"thumbnailUrl":"https:\/\/kapitalis.com\/tunisie\/wp-content\/uploads\/2023\/03\/Abir-Moussi-1.jpg","datePublished":"2023-03-21T06:14:24+00:00","dateModified":"2023-03-21T07:21:37+00:00","breadcrumb":{"@id":"https:\/\/kapitalis.com\/tunisie\/2023\/03\/21\/abir-moussi-kais-saied-est-un-danger-immediat-pour-lavenir-de-la-tunisie\/#breadcrumb"},"inLanguage":"fr-FR","potentialAction":[{"@type":"ReadAction","target":["https:\/\/kapitalis.com\/tunisie\/2023\/03\/21\/abir-moussi-kais-saied-est-un-danger-immediat-pour-lavenir-de-la-tunisie\/"]}]},{"@type":"ImageObject","inLanguage":"fr-FR","@id":"https:\/\/kapitalis.com\/tunisie\/2023\/03\/21\/abir-moussi-kais-saied-est-un-danger-immediat-pour-lavenir-de-la-tunisie\/#primaryimage","url":"https:\/\/kapitalis.com\/tunisie\/wp-content\/uploads\/2023\/03\/Abir-Moussi-1.jpg","contentUrl":"https:\/\/kapitalis.com\/tunisie\/wp-content\/uploads\/2023\/03\/Abir-Moussi-1.jpg","width":1200,"height":630},{"@type":"BreadcrumbList","@id":"https:\/\/kapitalis.com\/tunisie\/2023\/03\/21\/abir-moussi-kais-saied-est-un-danger-immediat-pour-lavenir-de-la-tunisie\/#breadcrumb","itemListElement":[{"@type":"ListItem","position":1,"name":"Accueil","item":"https:\/\/kapitalis.com\/tunisie\/"},{"@type":"ListItem","position":2,"name":"Abir Moussi\u00a0: \u00abKa\u00efs Sa\u00efed est un danger imm\u00e9diat pour l&rsquo;avenir de la Tunisie\u00bb"}]},{"@type":"WebSite","@id":"https:\/\/kapitalis.com\/tunisie\/#website","url":"https:\/\/kapitalis.com\/tunisie\/","name":"Kapitalis","description":"L&#039;actualit\u00e9 en Tunisie et dans le monde","publisher":{"@id":"https:\/\/kapitalis.com\/tunisie\/#organization"},"potentialAction":[{"@type":"SearchAction","target":{"@type":"EntryPoint","urlTemplate":"https:\/\/kapitalis.com\/tunisie\/?s={search_term_string}"},"query-input":{"@type":"PropertyValueSpecification","valueRequired":true,"valueName":"search_term_string"}}],"inLanguage":"fr-FR"},{"@type":"Organization","@id":"https:\/\/kapitalis.com\/tunisie\/#organization","name":"Kapitalis","url":"https:\/\/kapitalis.com\/tunisie\/","logo":{"@type":"ImageObject","inLanguage":"fr-FR","@id":"https:\/\/kapitalis.com\/tunisie\/#\/schema\/logo\/image\/","url":"https:\/\/kapitalis.com\/tunisie\/wp-content\/uploads\/2022\/05\/Kapitalis-big-size.png","contentUrl":"https:\/\/kapitalis.com\/tunisie\/wp-content\/uploads\/2022\/05\/Kapitalis-big-size.png","width":5000,"height":1500,"caption":"Kapitalis"},"image":{"@id":"https:\/\/kapitalis.com\/tunisie\/#\/schema\/logo\/image\/"},"sameAs":["https:\/\/www.facebook.com\/KapitalisInfo\/","https:\/\/x.com\/KapitalisInfo","https:\/\/www.youtube.com\/channel\/UC-yDYrHyfFBWWZaOw3FPg9Q"]},{"@type":"Person","@id":"https:\/\/kapitalis.com\/tunisie\/#\/schema\/person\/d71f33a9ca44f7bad4698210b480c8e9","name":"webmaster kapitalis","url":"https:\/\/kapitalis.com\/tunisie\/author\/webmaster-kapitalis\/"}]}},"_links":{"self":[{"href":"https:\/\/kapitalis.com\/tunisie\/wp-json\/wp\/v2\/posts\/7035247","targetHints":{"allow":["GET"]}}],"collection":[{"href":"https:\/\/kapitalis.com\/tunisie\/wp-json\/wp\/v2\/posts"}],"about":[{"href":"https:\/\/kapitalis.com\/tunisie\/wp-json\/wp\/v2\/types\/post"}],"author":[{"embeddable":true,"href":"https:\/\/kapitalis.com\/tunisie\/wp-json\/wp\/v2\/users\/8"}],"replies":[{"embeddable":true,"href":"https:\/\/kapitalis.com\/tunisie\/wp-json\/wp\/v2\/comments?post=7035247"}],"version-history":[{"count":2,"href":"https:\/\/kapitalis.com\/tunisie\/wp-json\/wp\/v2\/posts\/7035247\/revisions"}],"predecessor-version":[{"id":7036085,"href":"https:\/\/kapitalis.com\/tunisie\/wp-json\/wp\/v2\/posts\/7035247\/revisions\/7036085"}],"wp:featuredmedia":[{"embeddable":true,"href":"https:\/\/kapitalis.com\/tunisie\/wp-json\/wp\/v2\/media\/7035288"}],"wp:attachment":[{"href":"https:\/\/kapitalis.com\/tunisie\/wp-json\/wp\/v2\/media?parent=7035247"}],"wp:term":[{"taxonomy":"category","embeddable":true,"href":"https:\/\/kapitalis.com\/tunisie\/wp-json\/wp\/v2\/categories?post=7035247"},{"taxonomy":"post_tag","embeddable":true,"href":"https:\/\/kapitalis.com\/tunisie\/wp-json\/wp\/v2\/tags?post=7035247"}],"curies":[{"name":"wp","href":"https:\/\/api.w.org\/{rel}","templated":true}]}}