{"id":70365,"date":"2016-10-31T08:45:15","date_gmt":"2016-10-31T07:45:15","guid":{"rendered":"http:\/\/kapitalis.com\/tunisie\/?p=70365"},"modified":"2016-10-31T08:45:15","modified_gmt":"2016-10-31T07:45:15","slug":"brahim-letaief-fait-chevalier-des-arts-et-lettres-de-la-republique-francaise","status":"publish","type":"post","link":"https:\/\/kapitalis.com\/tunisie\/2016\/10\/31\/brahim-letaief-fait-chevalier-des-arts-et-lettres-de-la-republique-francaise\/","title":{"rendered":"Brahim Letaief fait Chevalier des Arts et Lettres de la r\u00e9publique Fran\u00e7aise"},"content":{"rendered":"<p style=\"text-align: center;\"><img loading=\"lazy\" decoding=\"async\" class=\"alignnone size-full wp-image-202\" src=\"http:\/\/kapitalis.com\/tunisie\/wp-content\/uploads\/2015\/05\/Ibrahim-Leta\u00efef1.jpg\" alt=\"Ibrahim Leta\u00efef\" width=\"626\" height=\"380\" \/><\/p>\n<p style=\"text-align: left;\"><em><strong>Le directeur de la 27e \u00e9dition des Journ\u00e9es cin\u00e9matographiques de Carthage (JCC), Brahim Letaief a re\u00e7u les insignes de chevalier des Arts et Lettres de la r\u00e9publique Fran\u00e7aise.<\/strong> <\/em><\/p>\n<p style=\"text-align: left;\"><!--more--><\/p>\n<p style=\"text-align: left;\">La c\u00e9r\u00e9monie s\u2019est d\u00e9roul\u00e9e, dimanche, \u00e0 la r\u00e9sidence de France \u00e0 la Marsa, en pr\u00e9sence de plusieurs personnalit\u00e9s tunisiennes et \u00e9trang\u00e8res du monde du cin\u00e9ma, pr\u00e9sents en Tunisie lors de cette \u00e9dition cinquantenaire des JCC.<\/p>\n<p style=\"text-align: left;\"><em>\u00abC\u2019est l\u2019homme de culture, l\u2019organisateur, l\u2019amoureux du cin\u00e9ma, l\u2019acteur des JCC qu\u2019on voulait saluer aujourd\u2019hui\u00bb<\/em>, a d\u00e9clar\u00e9 l\u2019ambassadeur de France en Tunisie, Olivier Poivre d\u2019Arvor, ajoutant que<em> \u00abcette reconnaissance symbolique traduit l\u2019attachement que porte la France \u00e0 la culture et \u00e0 l\u2019encouragement des artistes au-del\u00e0 de ses fronti\u00e8res\u00bb.<\/em><\/p>\n<p style=\"text-align: left;\">Entour\u00e9 de ses amis du monde du septi\u00e8me art dont le cin\u00e9aste mauritanien Abderrahmane Sissako (pr\u00e9sident du jury des JCC 2016), de la productrice et ancienne directrice des JCC Dora Bouchoucha, du r\u00e9alisateur tunisien Nacer Khemir et de l\u2019acteur \u00e9gyptien Jameel Rateb, Brahim Letaief s\u2019est d\u00e9clar\u00e9 <em>\u00abtr\u00e8s \u00e9mu et touch\u00e9 par ce grand honneur\u00bb. \u00abMon parcours a commenc\u00e9 en tant que cin\u00e9phile qui fr\u00e9quentait les salles de cin\u00e9ma \u00e0 Kairouan, sp\u00e9cialement Le Casino, une salle qui a malheureusement disparu aujourd\u2019hui\u00bb<\/em>, s\u2019est-t-il rappel\u00e9.<\/p>\n<p style=\"text-align: left;\">Le cin\u00e9aste avait pass\u00e9 10 ans en France o\u00f9 il a fait des \u00e9tudes de sciences de communication et a particip\u00e9 activement au d\u00e9marrage de Canal+ Horizon, avant de s\u2019investir compl\u00e8tement dans l\u2019audiovisuel en signant plusieurs \u0153uvres cin\u00e9matographiques dont <em>\u2018\u2018<\/em><em>Visa\u2019\u2019<\/em>, un court-m\u00e9trage qui a remport\u00e9 le Tanit d\u2019Or des JCC 2004,<em> \u2018\u2018Demain je br\u00fble\u2019\u2019<\/em> (1998), <em>\u2018\u2018Cinecitta\u2019\u2019<\/em> et <em>\u2018\u2018Lazhar\u2019\u2019<\/em> (2008) et <em>\u2018\u2018Affreux, cupide et stupide\u2019\u2019<\/em> (2013). Apr\u00e8s plusieurs ann\u00e9es d\u2019absence, il est revenu avec un nouveau film, du genre com\u00e9die dramatique intitul\u00e9 <em>\u2018\u2018Deux mariages et une r\u00e9volution\u2019\u2019<\/em>. Apr\u00e8s les JCC 2016, il esp\u00e8re se consacrer \u00e0 la production et au montage de son nouveau film, a-t-il pr\u00e9cis\u00e9.<\/p>\n<p style=\"text-align: right;\"><strong>I. B.<\/strong> (avec Tap).<\/p>\n","protected":false},"excerpt":{"rendered":"<p>Le directeur de la 27e \u00e9dition des Journ\u00e9es cin\u00e9matographiques de Carthage (JCC), Brahim Letaief a re\u00e7u les insignes de chevalier des Arts et Lettres de la r\u00e9publique Fran\u00e7aise.<\/p>\n","protected":false},"author":8,"featured_media":202,"comment_status":"open","ping_status":"open","sticky":false,"template":"","format":"standard","meta":{"footnotes":""},"categories":[994,2433],"tags":[9146,510,9145,17129],"class_list":["post-70365","post","type-post","status-publish","format-standard","has-post-thumbnail","hentry","category-culture","category-tunisie","tag-brahim-letaief","tag-jcc","tag-journees-cinematographiques-de-carthage","tag-olivier-poivre-darvor"],"yoast_head":"<!-- This site is optimized with the Yoast SEO plugin v26.6 - https:\/\/yoast.com\/wordpress\/plugins\/seo\/ -->\n<title>Brahim Letaief fait Chevalier des Arts et Lettres de la r\u00e9publique Fran\u00e7aise - Kapitalis<\/title>\n<meta name=\"robots\" content=\"index, follow, max-snippet:-1, max-image-preview:large, max-video-preview:-1\" \/>\n<link rel=\"canonical\" href=\"https:\/\/kapitalis.com\/tunisie\/2016\/10\/31\/brahim-letaief-fait-chevalier-des-arts-et-lettres-de-la-republique-francaise\/\" \/>\n<meta property=\"og:locale\" content=\"fr_FR\" \/>\n<meta property=\"og:type\" content=\"article\" \/>\n<meta property=\"og:title\" content=\"Brahim Letaief fait Chevalier des Arts et Lettres de la r\u00e9publique Fran\u00e7aise - Kapitalis\" \/>\n<meta property=\"og:description\" content=\"Le directeur de la 27e \u00e9dition des Journ\u00e9es cin\u00e9matographiques de Carthage (JCC), Brahim Letaief a re\u00e7u les insignes de chevalier des Arts et Lettres de la r\u00e9publique Fran\u00e7aise.\" \/>\n<meta property=\"og:url\" content=\"https:\/\/kapitalis.com\/tunisie\/2016\/10\/31\/brahim-letaief-fait-chevalier-des-arts-et-lettres-de-la-republique-francaise\/\" \/>\n<meta property=\"og:site_name\" content=\"Kapitalis\" \/>\n<meta property=\"article:publisher\" content=\"https:\/\/www.facebook.com\/KapitalisInfo\/\" \/>\n<meta property=\"article:published_time\" content=\"2016-10-31T07:45:15+00:00\" \/>\n<meta property=\"og:image\" content=\"https:\/\/kapitalis.com\/tunisie\/wp-content\/uploads\/2022\/05\/kapitalis-logo-fb.png\" \/>\n\t<meta property=\"og:image:width\" content=\"1200\" \/>\n\t<meta property=\"og:image:height\" content=\"630\" \/>\n\t<meta property=\"og:image:type\" content=\"image\/png\" \/>\n<meta name=\"author\" content=\"webmaster kapitalis\" \/>\n<meta name=\"twitter:card\" content=\"summary_large_image\" \/>\n<meta name=\"twitter:creator\" content=\"@KapitalisInfo\" \/>\n<meta name=\"twitter:site\" content=\"@KapitalisInfo\" \/>\n<meta name=\"twitter:label1\" content=\"\u00c9crit par\" \/>\n\t<meta name=\"twitter:data1\" content=\"webmaster kapitalis\" \/>\n\t<meta name=\"twitter:label2\" content=\"Dur\u00e9e de lecture estim\u00e9e\" \/>\n\t<meta name=\"twitter:data2\" content=\"2 minutes\" \/>\n<script type=\"application\/ld+json\" class=\"yoast-schema-graph\">{\"@context\":\"https:\/\/schema.org\",\"@graph\":[{\"@type\":\"Article\",\"@id\":\"https:\/\/kapitalis.com\/tunisie\/2016\/10\/31\/brahim-letaief-fait-chevalier-des-arts-et-lettres-de-la-republique-francaise\/#article\",\"isPartOf\":{\"@id\":\"https:\/\/kapitalis.com\/tunisie\/2016\/10\/31\/brahim-letaief-fait-chevalier-des-arts-et-lettres-de-la-republique-francaise\/\"},\"author\":{\"name\":\"webmaster kapitalis\",\"@id\":\"https:\/\/kapitalis.com\/tunisie\/#\/schema\/person\/d71f33a9ca44f7bad4698210b480c8e9\"},\"headline\":\"Brahim Letaief fait Chevalier des Arts et Lettres de la r\u00e9publique Fran\u00e7aise\",\"datePublished\":\"2016-10-31T07:45:15+00:00\",\"mainEntityOfPage\":{\"@id\":\"https:\/\/kapitalis.com\/tunisie\/2016\/10\/31\/brahim-letaief-fait-chevalier-des-arts-et-lettres-de-la-republique-francaise\/\"},\"wordCount\":365,\"commentCount\":0,\"publisher\":{\"@id\":\"https:\/\/kapitalis.com\/tunisie\/#organization\"},\"image\":{\"@id\":\"https:\/\/kapitalis.com\/tunisie\/2016\/10\/31\/brahim-letaief-fait-chevalier-des-arts-et-lettres-de-la-republique-francaise\/#primaryimage\"},\"thumbnailUrl\":\"\",\"keywords\":[\"Brahim Letaief\",\"JCC\",\"Journ\u00e9es cin\u00e9matographiques de Carthage\",\"Olivier Poivre d\u2019Arvor\"],\"articleSection\":[\"CULTURE\",\"Tunisie\"],\"inLanguage\":\"fr-FR\",\"potentialAction\":[{\"@type\":\"CommentAction\",\"name\":\"Comment\",\"target\":[\"https:\/\/kapitalis.com\/tunisie\/2016\/10\/31\/brahim-letaief-fait-chevalier-des-arts-et-lettres-de-la-republique-francaise\/#respond\"]}]},{\"@type\":\"WebPage\",\"@id\":\"https:\/\/kapitalis.com\/tunisie\/2016\/10\/31\/brahim-letaief-fait-chevalier-des-arts-et-lettres-de-la-republique-francaise\/\",\"url\":\"https:\/\/kapitalis.com\/tunisie\/2016\/10\/31\/brahim-letaief-fait-chevalier-des-arts-et-lettres-de-la-republique-francaise\/\",\"name\":\"Brahim Letaief fait Chevalier des Arts et Lettres de la r\u00e9publique Fran\u00e7aise - Kapitalis\",\"isPartOf\":{\"@id\":\"https:\/\/kapitalis.com\/tunisie\/#website\"},\"primaryImageOfPage\":{\"@id\":\"https:\/\/kapitalis.com\/tunisie\/2016\/10\/31\/brahim-letaief-fait-chevalier-des-arts-et-lettres-de-la-republique-francaise\/#primaryimage\"},\"image\":{\"@id\":\"https:\/\/kapitalis.com\/tunisie\/2016\/10\/31\/brahim-letaief-fait-chevalier-des-arts-et-lettres-de-la-republique-francaise\/#primaryimage\"},\"thumbnailUrl\":\"\",\"datePublished\":\"2016-10-31T07:45:15+00:00\",\"breadcrumb\":{\"@id\":\"https:\/\/kapitalis.com\/tunisie\/2016\/10\/31\/brahim-letaief-fait-chevalier-des-arts-et-lettres-de-la-republique-francaise\/#breadcrumb\"},\"inLanguage\":\"fr-FR\",\"potentialAction\":[{\"@type\":\"ReadAction\",\"target\":[\"https:\/\/kapitalis.com\/tunisie\/2016\/10\/31\/brahim-letaief-fait-chevalier-des-arts-et-lettres-de-la-republique-francaise\/\"]}]},{\"@type\":\"ImageObject\",\"inLanguage\":\"fr-FR\",\"@id\":\"https:\/\/kapitalis.com\/tunisie\/2016\/10\/31\/brahim-letaief-fait-chevalier-des-arts-et-lettres-de-la-republique-francaise\/#primaryimage\",\"url\":\"\",\"contentUrl\":\"\"},{\"@type\":\"BreadcrumbList\",\"@id\":\"https:\/\/kapitalis.com\/tunisie\/2016\/10\/31\/brahim-letaief-fait-chevalier-des-arts-et-lettres-de-la-republique-francaise\/#breadcrumb\",\"itemListElement\":[{\"@type\":\"ListItem\",\"position\":1,\"name\":\"Accueil\",\"item\":\"https:\/\/kapitalis.com\/tunisie\/\"},{\"@type\":\"ListItem\",\"position\":2,\"name\":\"Brahim Letaief fait Chevalier des Arts et Lettres de la r\u00e9publique Fran\u00e7aise\"}]},{\"@type\":\"WebSite\",\"@id\":\"https:\/\/kapitalis.com\/tunisie\/#website\",\"url\":\"https:\/\/kapitalis.com\/tunisie\/\",\"name\":\"Kapitalis\",\"description\":\"L&#039;actualit\u00e9 en Tunisie et dans le monde\",\"publisher\":{\"@id\":\"https:\/\/kapitalis.com\/tunisie\/#organization\"},\"potentialAction\":[{\"@type\":\"SearchAction\",\"target\":{\"@type\":\"EntryPoint\",\"urlTemplate\":\"https:\/\/kapitalis.com\/tunisie\/?s={search_term_string}\"},\"query-input\":{\"@type\":\"PropertyValueSpecification\",\"valueRequired\":true,\"valueName\":\"search_term_string\"}}],\"inLanguage\":\"fr-FR\"},{\"@type\":\"Organization\",\"@id\":\"https:\/\/kapitalis.com\/tunisie\/#organization\",\"name\":\"Kapitalis\",\"url\":\"https:\/\/kapitalis.com\/tunisie\/\",\"logo\":{\"@type\":\"ImageObject\",\"inLanguage\":\"fr-FR\",\"@id\":\"https:\/\/kapitalis.com\/tunisie\/#\/schema\/logo\/image\/\",\"url\":\"https:\/\/kapitalis.com\/tunisie\/wp-content\/uploads\/2022\/05\/Kapitalis-big-size.png\",\"contentUrl\":\"https:\/\/kapitalis.com\/tunisie\/wp-content\/uploads\/2022\/05\/Kapitalis-big-size.png\",\"width\":5000,\"height\":1500,\"caption\":\"Kapitalis\"},\"image\":{\"@id\":\"https:\/\/kapitalis.com\/tunisie\/#\/schema\/logo\/image\/\"},\"sameAs\":[\"https:\/\/www.facebook.com\/KapitalisInfo\/\",\"https:\/\/x.com\/KapitalisInfo\",\"https:\/\/www.youtube.com\/channel\/UC-yDYrHyfFBWWZaOw3FPg9Q\"]},{\"@type\":\"Person\",\"@id\":\"https:\/\/kapitalis.com\/tunisie\/#\/schema\/person\/d71f33a9ca44f7bad4698210b480c8e9\",\"name\":\"webmaster kapitalis\",\"url\":\"https:\/\/kapitalis.com\/tunisie\/author\/webmaster-kapitalis\/\"}]}<\/script>\n<!-- \/ Yoast SEO plugin. -->","yoast_head_json":{"title":"Brahim Letaief fait Chevalier des Arts et Lettres de la r\u00e9publique Fran\u00e7aise - Kapitalis","robots":{"index":"index","follow":"follow","max-snippet":"max-snippet:-1","max-image-preview":"max-image-preview:large","max-video-preview":"max-video-preview:-1"},"canonical":"https:\/\/kapitalis.com\/tunisie\/2016\/10\/31\/brahim-letaief-fait-chevalier-des-arts-et-lettres-de-la-republique-francaise\/","og_locale":"fr_FR","og_type":"article","og_title":"Brahim Letaief fait Chevalier des Arts et Lettres de la r\u00e9publique Fran\u00e7aise - Kapitalis","og_description":"Le directeur de la 27e \u00e9dition des Journ\u00e9es cin\u00e9matographiques de Carthage (JCC), Brahim Letaief a re\u00e7u les insignes de chevalier des Arts et Lettres de la r\u00e9publique Fran\u00e7aise.","og_url":"https:\/\/kapitalis.com\/tunisie\/2016\/10\/31\/brahim-letaief-fait-chevalier-des-arts-et-lettres-de-la-republique-francaise\/","og_site_name":"Kapitalis","article_publisher":"https:\/\/www.facebook.com\/KapitalisInfo\/","article_published_time":"2016-10-31T07:45:15+00:00","og_image":[{"width":1200,"height":630,"url":"https:\/\/kapitalis.com\/tunisie\/wp-content\/uploads\/2022\/05\/kapitalis-logo-fb.png","type":"image\/png"}],"author":"webmaster kapitalis","twitter_card":"summary_large_image","twitter_creator":"@KapitalisInfo","twitter_site":"@KapitalisInfo","twitter_misc":{"\u00c9crit par":"webmaster kapitalis","Dur\u00e9e de lecture estim\u00e9e":"2 minutes"},"schema":{"@context":"https:\/\/schema.org","@graph":[{"@type":"Article","@id":"https:\/\/kapitalis.com\/tunisie\/2016\/10\/31\/brahim-letaief-fait-chevalier-des-arts-et-lettres-de-la-republique-francaise\/#article","isPartOf":{"@id":"https:\/\/kapitalis.com\/tunisie\/2016\/10\/31\/brahim-letaief-fait-chevalier-des-arts-et-lettres-de-la-republique-francaise\/"},"author":{"name":"webmaster kapitalis","@id":"https:\/\/kapitalis.com\/tunisie\/#\/schema\/person\/d71f33a9ca44f7bad4698210b480c8e9"},"headline":"Brahim Letaief fait Chevalier des Arts et Lettres de la r\u00e9publique Fran\u00e7aise","datePublished":"2016-10-31T07:45:15+00:00","mainEntityOfPage":{"@id":"https:\/\/kapitalis.com\/tunisie\/2016\/10\/31\/brahim-letaief-fait-chevalier-des-arts-et-lettres-de-la-republique-francaise\/"},"wordCount":365,"commentCount":0,"publisher":{"@id":"https:\/\/kapitalis.com\/tunisie\/#organization"},"image":{"@id":"https:\/\/kapitalis.com\/tunisie\/2016\/10\/31\/brahim-letaief-fait-chevalier-des-arts-et-lettres-de-la-republique-francaise\/#primaryimage"},"thumbnailUrl":"","keywords":["Brahim Letaief","JCC","Journ\u00e9es cin\u00e9matographiques de Carthage","Olivier Poivre d\u2019Arvor"],"articleSection":["CULTURE","Tunisie"],"inLanguage":"fr-FR","potentialAction":[{"@type":"CommentAction","name":"Comment","target":["https:\/\/kapitalis.com\/tunisie\/2016\/10\/31\/brahim-letaief-fait-chevalier-des-arts-et-lettres-de-la-republique-francaise\/#respond"]}]},{"@type":"WebPage","@id":"https:\/\/kapitalis.com\/tunisie\/2016\/10\/31\/brahim-letaief-fait-chevalier-des-arts-et-lettres-de-la-republique-francaise\/","url":"https:\/\/kapitalis.com\/tunisie\/2016\/10\/31\/brahim-letaief-fait-chevalier-des-arts-et-lettres-de-la-republique-francaise\/","name":"Brahim Letaief fait Chevalier des Arts et Lettres de la r\u00e9publique Fran\u00e7aise - Kapitalis","isPartOf":{"@id":"https:\/\/kapitalis.com\/tunisie\/#website"},"primaryImageOfPage":{"@id":"https:\/\/kapitalis.com\/tunisie\/2016\/10\/31\/brahim-letaief-fait-chevalier-des-arts-et-lettres-de-la-republique-francaise\/#primaryimage"},"image":{"@id":"https:\/\/kapitalis.com\/tunisie\/2016\/10\/31\/brahim-letaief-fait-chevalier-des-arts-et-lettres-de-la-republique-francaise\/#primaryimage"},"thumbnailUrl":"","datePublished":"2016-10-31T07:45:15+00:00","breadcrumb":{"@id":"https:\/\/kapitalis.com\/tunisie\/2016\/10\/31\/brahim-letaief-fait-chevalier-des-arts-et-lettres-de-la-republique-francaise\/#breadcrumb"},"inLanguage":"fr-FR","potentialAction":[{"@type":"ReadAction","target":["https:\/\/kapitalis.com\/tunisie\/2016\/10\/31\/brahim-letaief-fait-chevalier-des-arts-et-lettres-de-la-republique-francaise\/"]}]},{"@type":"ImageObject","inLanguage":"fr-FR","@id":"https:\/\/kapitalis.com\/tunisie\/2016\/10\/31\/brahim-letaief-fait-chevalier-des-arts-et-lettres-de-la-republique-francaise\/#primaryimage","url":"","contentUrl":""},{"@type":"BreadcrumbList","@id":"https:\/\/kapitalis.com\/tunisie\/2016\/10\/31\/brahim-letaief-fait-chevalier-des-arts-et-lettres-de-la-republique-francaise\/#breadcrumb","itemListElement":[{"@type":"ListItem","position":1,"name":"Accueil","item":"https:\/\/kapitalis.com\/tunisie\/"},{"@type":"ListItem","position":2,"name":"Brahim Letaief fait Chevalier des Arts et Lettres de la r\u00e9publique Fran\u00e7aise"}]},{"@type":"WebSite","@id":"https:\/\/kapitalis.com\/tunisie\/#website","url":"https:\/\/kapitalis.com\/tunisie\/","name":"Kapitalis","description":"L&#039;actualit\u00e9 en Tunisie et dans le monde","publisher":{"@id":"https:\/\/kapitalis.com\/tunisie\/#organization"},"potentialAction":[{"@type":"SearchAction","target":{"@type":"EntryPoint","urlTemplate":"https:\/\/kapitalis.com\/tunisie\/?s={search_term_string}"},"query-input":{"@type":"PropertyValueSpecification","valueRequired":true,"valueName":"search_term_string"}}],"inLanguage":"fr-FR"},{"@type":"Organization","@id":"https:\/\/kapitalis.com\/tunisie\/#organization","name":"Kapitalis","url":"https:\/\/kapitalis.com\/tunisie\/","logo":{"@type":"ImageObject","inLanguage":"fr-FR","@id":"https:\/\/kapitalis.com\/tunisie\/#\/schema\/logo\/image\/","url":"https:\/\/kapitalis.com\/tunisie\/wp-content\/uploads\/2022\/05\/Kapitalis-big-size.png","contentUrl":"https:\/\/kapitalis.com\/tunisie\/wp-content\/uploads\/2022\/05\/Kapitalis-big-size.png","width":5000,"height":1500,"caption":"Kapitalis"},"image":{"@id":"https:\/\/kapitalis.com\/tunisie\/#\/schema\/logo\/image\/"},"sameAs":["https:\/\/www.facebook.com\/KapitalisInfo\/","https:\/\/x.com\/KapitalisInfo","https:\/\/www.youtube.com\/channel\/UC-yDYrHyfFBWWZaOw3FPg9Q"]},{"@type":"Person","@id":"https:\/\/kapitalis.com\/tunisie\/#\/schema\/person\/d71f33a9ca44f7bad4698210b480c8e9","name":"webmaster kapitalis","url":"https:\/\/kapitalis.com\/tunisie\/author\/webmaster-kapitalis\/"}]}},"_links":{"self":[{"href":"https:\/\/kapitalis.com\/tunisie\/wp-json\/wp\/v2\/posts\/70365","targetHints":{"allow":["GET"]}}],"collection":[{"href":"https:\/\/kapitalis.com\/tunisie\/wp-json\/wp\/v2\/posts"}],"about":[{"href":"https:\/\/kapitalis.com\/tunisie\/wp-json\/wp\/v2\/types\/post"}],"author":[{"embeddable":true,"href":"https:\/\/kapitalis.com\/tunisie\/wp-json\/wp\/v2\/users\/8"}],"replies":[{"embeddable":true,"href":"https:\/\/kapitalis.com\/tunisie\/wp-json\/wp\/v2\/comments?post=70365"}],"version-history":[{"count":0,"href":"https:\/\/kapitalis.com\/tunisie\/wp-json\/wp\/v2\/posts\/70365\/revisions"}],"wp:featuredmedia":[{"embeddable":true,"href":"https:\/\/kapitalis.com\/tunisie\/wp-json\/wp\/v2\/media\/202"}],"wp:attachment":[{"href":"https:\/\/kapitalis.com\/tunisie\/wp-json\/wp\/v2\/media?parent=70365"}],"wp:term":[{"taxonomy":"category","embeddable":true,"href":"https:\/\/kapitalis.com\/tunisie\/wp-json\/wp\/v2\/categories?post=70365"},{"taxonomy":"post_tag","embeddable":true,"href":"https:\/\/kapitalis.com\/tunisie\/wp-json\/wp\/v2\/tags?post=70365"}],"curies":[{"name":"wp","href":"https:\/\/api.w.org\/{rel}","templated":true}]}}