{"id":7057,"date":"2015-07-14T13:15:40","date_gmt":"2015-07-14T12:15:40","guid":{"rendered":"http:\/\/kapitalis.com\/tunisie\/?p=7057"},"modified":"2015-07-14T13:15:40","modified_gmt":"2015-07-14T12:15:40","slug":"la-biennale-dream-city-en-novembre-prochain-a-tunis","status":"publish","type":"post","link":"https:\/\/kapitalis.com\/tunisie\/2015\/07\/14\/la-biennale-dream-city-en-novembre-prochain-a-tunis\/","title":{"rendered":"La biennale Dream City, en novembre prochain \u00e0 Tunis"},"content":{"rendered":"<p><img loading=\"lazy\" decoding=\"async\" class=\"aligncenter size-full wp-image-7058\" src=\"http:\/\/kapitalis.com\/tunisie\/wp-content\/uploads\/2015\/07\/Art-Rue.jpg\" alt=\"Art-Rue\" width=\"626\" height=\"380\" \/><\/p>\n<p><em><strong>La 5e \u00e9dition de la biennale Dream City aura lieu du 4 au 8 novembre 2015, \u00e0 Tunis, avec du th\u00e9\u00e2tre, de la danse et des expositions de peinture et de photo.<\/strong> \u00a0<\/em><\/p>\n<p><!--more--><\/p>\n<p>Telles sont les dates donn\u00e9es par les organisateurs de ce rendez-vous consacr\u00e9 aux \u00ab<em>Parcours pluridisciplinaires d\u2019art contemporain en espace public<\/em>\u00bb.<\/p>\n<p>Selma et Sofi\u00e8ne Ouissi, directeurs de l\u2019association<a href=\"http:\/\/lartrue.com\" target=\"_blank\"> L\u2019Art Rue<\/a> (106, avenue de la libert\u00e9, Tunis) et responsables artistiques de cette manifestation, ont d\u00e9j\u00e0 entam\u00e9 la pr\u00e9paration de ce festival \u00e0 caract\u00e8re particulier.<\/p>\n<p>Travaillant sur le th\u00e8me \u00ab<em>Art et lien social<\/em>\u00bb, 15 artistes s\u00e9lectionn\u00e9s selon le crit\u00e8re de la pertinence et de la compl\u00e9mentarit\u00e9 de leur d\u00e9marche et repr\u00e9sentant des pays comme l\u2019Egypte, la Syrie, la Tunisie, l\u2019Afrique du sud, la Belgique, la France et la Grande Bretagne sont impliqu\u00e9s dans ce projet.<\/p>\n<p>Le processus de cr\u00e9ation se d\u00e9roulera en trois \u00e9tapes. La premi\u00e8re a d\u00e9j\u00e0 eu lieu en mai 2015. Elle consiste en une r\u00e9sidence d\u2019immersion et de recherche au sein de la m\u00e9dina. La seconde aura lieu en septembre-octobre. Elle correspondra \u00e0 une r\u00e9sidence de cr\u00e9ation qui durera 30 jours. Elle devra d\u00e9boucher sur une \u0153uvre contextuelle avec, autour et\/ou pour une population bien donn\u00e9e. L\u2019\u00e9tape finale co\u00efncidera avec le festival proprement dit.<\/p>\n<p>Des spectacles de th\u00e9\u00e2tre et de danse ainsi que des expositions de peinture et de photo constitueront le menu principal de ce rendez-vous, avec pour la premi\u00e8re fois le recours aux services d\u2019un curateur professionnel venu sp\u00e9cialement de Belgique, c\u2019est-\u00e0-dire d\u2019un commissaire d\u2019exposition.<\/p>\n<p style=\"text-align: right;\"><strong>Hamdi Hmaidi<\/strong><\/p>\n","protected":false},"excerpt":{"rendered":"<p>La 5e \u00e9dition de la biennale Dream City aura lieu du 4 au 8 novembre 2015, \u00e0 Tunis, avec du th\u00e9\u00e2tre, de la danse et des expositions de peinture et de photo. \u00a0<\/p>\n","protected":false},"author":5,"featured_media":7058,"comment_status":"open","ping_status":"open","sticky":false,"template":"","format":"standard","meta":{"footnotes":""},"categories":[994,2433],"tags":[261,3319,366,900],"class_list":["post-7057","post","type-post","status-publish","format-standard","has-post-thumbnail","hentry","category-culture","category-tunisie","tag-danse","tag-dream-city","tag-exposition","tag-theatre"],"yoast_head":"<!-- This site is optimized with the Yoast SEO plugin v26.6 - https:\/\/yoast.com\/wordpress\/plugins\/seo\/ -->\n<title>La biennale Dream City, en novembre prochain \u00e0 Tunis - Kapitalis<\/title>\n<meta name=\"robots\" content=\"index, follow, max-snippet:-1, max-image-preview:large, max-video-preview:-1\" \/>\n<link rel=\"canonical\" href=\"https:\/\/kapitalis.com\/tunisie\/2015\/07\/14\/la-biennale-dream-city-en-novembre-prochain-a-tunis\/\" \/>\n<meta property=\"og:locale\" content=\"fr_FR\" \/>\n<meta property=\"og:type\" content=\"article\" \/>\n<meta property=\"og:title\" content=\"La biennale Dream City, en novembre prochain \u00e0 Tunis - Kapitalis\" \/>\n<meta property=\"og:description\" content=\"La 5e \u00e9dition de la biennale Dream City aura lieu du 4 au 8 novembre 2015, \u00e0 Tunis, avec du th\u00e9\u00e2tre, de la danse et des expositions de peinture et de photo. \u00a0\" \/>\n<meta property=\"og:url\" content=\"https:\/\/kapitalis.com\/tunisie\/2015\/07\/14\/la-biennale-dream-city-en-novembre-prochain-a-tunis\/\" \/>\n<meta property=\"og:site_name\" content=\"Kapitalis\" \/>\n<meta property=\"article:publisher\" content=\"https:\/\/www.facebook.com\/KapitalisInfo\/\" \/>\n<meta property=\"article:published_time\" content=\"2015-07-14T12:15:40+00:00\" \/>\n<meta property=\"og:image\" content=\"https:\/\/kapitalis.com\/tunisie\/wp-content\/uploads\/2022\/05\/kapitalis-logo-fb.png\" \/>\n\t<meta property=\"og:image:width\" content=\"1200\" \/>\n\t<meta property=\"og:image:height\" content=\"630\" \/>\n\t<meta property=\"og:image:type\" content=\"image\/png\" \/>\n<meta name=\"author\" content=\"Ridha Elkefi\" \/>\n<meta name=\"twitter:card\" content=\"summary_large_image\" \/>\n<meta name=\"twitter:creator\" content=\"@KapitalisInfo\" \/>\n<meta name=\"twitter:site\" content=\"@KapitalisInfo\" \/>\n<meta name=\"twitter:label1\" content=\"\u00c9crit par\" \/>\n\t<meta name=\"twitter:data1\" content=\"Ridha Elkefi\" \/>\n\t<meta name=\"twitter:label2\" content=\"Dur\u00e9e de lecture estim\u00e9e\" \/>\n\t<meta name=\"twitter:data2\" content=\"1 minute\" \/>\n<script type=\"application\/ld+json\" class=\"yoast-schema-graph\">{\"@context\":\"https:\/\/schema.org\",\"@graph\":[{\"@type\":\"Article\",\"@id\":\"https:\/\/kapitalis.com\/tunisie\/2015\/07\/14\/la-biennale-dream-city-en-novembre-prochain-a-tunis\/#article\",\"isPartOf\":{\"@id\":\"https:\/\/kapitalis.com\/tunisie\/2015\/07\/14\/la-biennale-dream-city-en-novembre-prochain-a-tunis\/\"},\"author\":{\"name\":\"Ridha Elkefi\",\"@id\":\"https:\/\/kapitalis.com\/tunisie\/#\/schema\/person\/16627fc9b2fc0116230e88af071eebab\"},\"headline\":\"La biennale Dream City, en novembre prochain \u00e0 Tunis\",\"datePublished\":\"2015-07-14T12:15:40+00:00\",\"mainEntityOfPage\":{\"@id\":\"https:\/\/kapitalis.com\/tunisie\/2015\/07\/14\/la-biennale-dream-city-en-novembre-prochain-a-tunis\/\"},\"wordCount\":290,\"commentCount\":0,\"publisher\":{\"@id\":\"https:\/\/kapitalis.com\/tunisie\/#organization\"},\"image\":{\"@id\":\"https:\/\/kapitalis.com\/tunisie\/2015\/07\/14\/la-biennale-dream-city-en-novembre-prochain-a-tunis\/#primaryimage\"},\"thumbnailUrl\":\"\",\"keywords\":[\"Danse\",\"Dream City\",\"exposition\",\"Th\u00e9\u00e2tre\"],\"articleSection\":[\"CULTURE\",\"Tunisie\"],\"inLanguage\":\"fr-FR\",\"potentialAction\":[{\"@type\":\"CommentAction\",\"name\":\"Comment\",\"target\":[\"https:\/\/kapitalis.com\/tunisie\/2015\/07\/14\/la-biennale-dream-city-en-novembre-prochain-a-tunis\/#respond\"]}]},{\"@type\":\"WebPage\",\"@id\":\"https:\/\/kapitalis.com\/tunisie\/2015\/07\/14\/la-biennale-dream-city-en-novembre-prochain-a-tunis\/\",\"url\":\"https:\/\/kapitalis.com\/tunisie\/2015\/07\/14\/la-biennale-dream-city-en-novembre-prochain-a-tunis\/\",\"name\":\"La biennale Dream City, en novembre prochain \u00e0 Tunis - Kapitalis\",\"isPartOf\":{\"@id\":\"https:\/\/kapitalis.com\/tunisie\/#website\"},\"primaryImageOfPage\":{\"@id\":\"https:\/\/kapitalis.com\/tunisie\/2015\/07\/14\/la-biennale-dream-city-en-novembre-prochain-a-tunis\/#primaryimage\"},\"image\":{\"@id\":\"https:\/\/kapitalis.com\/tunisie\/2015\/07\/14\/la-biennale-dream-city-en-novembre-prochain-a-tunis\/#primaryimage\"},\"thumbnailUrl\":\"\",\"datePublished\":\"2015-07-14T12:15:40+00:00\",\"breadcrumb\":{\"@id\":\"https:\/\/kapitalis.com\/tunisie\/2015\/07\/14\/la-biennale-dream-city-en-novembre-prochain-a-tunis\/#breadcrumb\"},\"inLanguage\":\"fr-FR\",\"potentialAction\":[{\"@type\":\"ReadAction\",\"target\":[\"https:\/\/kapitalis.com\/tunisie\/2015\/07\/14\/la-biennale-dream-city-en-novembre-prochain-a-tunis\/\"]}]},{\"@type\":\"ImageObject\",\"inLanguage\":\"fr-FR\",\"@id\":\"https:\/\/kapitalis.com\/tunisie\/2015\/07\/14\/la-biennale-dream-city-en-novembre-prochain-a-tunis\/#primaryimage\",\"url\":\"\",\"contentUrl\":\"\"},{\"@type\":\"BreadcrumbList\",\"@id\":\"https:\/\/kapitalis.com\/tunisie\/2015\/07\/14\/la-biennale-dream-city-en-novembre-prochain-a-tunis\/#breadcrumb\",\"itemListElement\":[{\"@type\":\"ListItem\",\"position\":1,\"name\":\"Accueil\",\"item\":\"https:\/\/kapitalis.com\/tunisie\/\"},{\"@type\":\"ListItem\",\"position\":2,\"name\":\"La biennale Dream City, en novembre prochain \u00e0 Tunis\"}]},{\"@type\":\"WebSite\",\"@id\":\"https:\/\/kapitalis.com\/tunisie\/#website\",\"url\":\"https:\/\/kapitalis.com\/tunisie\/\",\"name\":\"Kapitalis\",\"description\":\"L&#039;actualit\u00e9 en Tunisie et dans le monde\",\"publisher\":{\"@id\":\"https:\/\/kapitalis.com\/tunisie\/#organization\"},\"potentialAction\":[{\"@type\":\"SearchAction\",\"target\":{\"@type\":\"EntryPoint\",\"urlTemplate\":\"https:\/\/kapitalis.com\/tunisie\/?s={search_term_string}\"},\"query-input\":{\"@type\":\"PropertyValueSpecification\",\"valueRequired\":true,\"valueName\":\"search_term_string\"}}],\"inLanguage\":\"fr-FR\"},{\"@type\":\"Organization\",\"@id\":\"https:\/\/kapitalis.com\/tunisie\/#organization\",\"name\":\"Kapitalis\",\"url\":\"https:\/\/kapitalis.com\/tunisie\/\",\"logo\":{\"@type\":\"ImageObject\",\"inLanguage\":\"fr-FR\",\"@id\":\"https:\/\/kapitalis.com\/tunisie\/#\/schema\/logo\/image\/\",\"url\":\"https:\/\/kapitalis.com\/tunisie\/wp-content\/uploads\/2022\/05\/Kapitalis-big-size.png\",\"contentUrl\":\"https:\/\/kapitalis.com\/tunisie\/wp-content\/uploads\/2022\/05\/Kapitalis-big-size.png\",\"width\":5000,\"height\":1500,\"caption\":\"Kapitalis\"},\"image\":{\"@id\":\"https:\/\/kapitalis.com\/tunisie\/#\/schema\/logo\/image\/\"},\"sameAs\":[\"https:\/\/www.facebook.com\/KapitalisInfo\/\",\"https:\/\/x.com\/KapitalisInfo\",\"https:\/\/www.youtube.com\/channel\/UC-yDYrHyfFBWWZaOw3FPg9Q\"]},{\"@type\":\"Person\",\"@id\":\"https:\/\/kapitalis.com\/tunisie\/#\/schema\/person\/16627fc9b2fc0116230e88af071eebab\",\"name\":\"Ridha Elkefi\",\"url\":\"https:\/\/kapitalis.com\/tunisie\/author\/ridha-kefi\/\"}]}<\/script>\n<!-- \/ Yoast SEO plugin. -->","yoast_head_json":{"title":"La biennale Dream City, en novembre prochain \u00e0 Tunis - Kapitalis","robots":{"index":"index","follow":"follow","max-snippet":"max-snippet:-1","max-image-preview":"max-image-preview:large","max-video-preview":"max-video-preview:-1"},"canonical":"https:\/\/kapitalis.com\/tunisie\/2015\/07\/14\/la-biennale-dream-city-en-novembre-prochain-a-tunis\/","og_locale":"fr_FR","og_type":"article","og_title":"La biennale Dream City, en novembre prochain \u00e0 Tunis - Kapitalis","og_description":"La 5e \u00e9dition de la biennale Dream City aura lieu du 4 au 8 novembre 2015, \u00e0 Tunis, avec du th\u00e9\u00e2tre, de la danse et des expositions de peinture et de photo. \u00a0","og_url":"https:\/\/kapitalis.com\/tunisie\/2015\/07\/14\/la-biennale-dream-city-en-novembre-prochain-a-tunis\/","og_site_name":"Kapitalis","article_publisher":"https:\/\/www.facebook.com\/KapitalisInfo\/","article_published_time":"2015-07-14T12:15:40+00:00","og_image":[{"width":1200,"height":630,"url":"https:\/\/kapitalis.com\/tunisie\/wp-content\/uploads\/2022\/05\/kapitalis-logo-fb.png","type":"image\/png"}],"author":"Ridha Elkefi","twitter_card":"summary_large_image","twitter_creator":"@KapitalisInfo","twitter_site":"@KapitalisInfo","twitter_misc":{"\u00c9crit par":"Ridha Elkefi","Dur\u00e9e de lecture estim\u00e9e":"1 minute"},"schema":{"@context":"https:\/\/schema.org","@graph":[{"@type":"Article","@id":"https:\/\/kapitalis.com\/tunisie\/2015\/07\/14\/la-biennale-dream-city-en-novembre-prochain-a-tunis\/#article","isPartOf":{"@id":"https:\/\/kapitalis.com\/tunisie\/2015\/07\/14\/la-biennale-dream-city-en-novembre-prochain-a-tunis\/"},"author":{"name":"Ridha Elkefi","@id":"https:\/\/kapitalis.com\/tunisie\/#\/schema\/person\/16627fc9b2fc0116230e88af071eebab"},"headline":"La biennale Dream City, en novembre prochain \u00e0 Tunis","datePublished":"2015-07-14T12:15:40+00:00","mainEntityOfPage":{"@id":"https:\/\/kapitalis.com\/tunisie\/2015\/07\/14\/la-biennale-dream-city-en-novembre-prochain-a-tunis\/"},"wordCount":290,"commentCount":0,"publisher":{"@id":"https:\/\/kapitalis.com\/tunisie\/#organization"},"image":{"@id":"https:\/\/kapitalis.com\/tunisie\/2015\/07\/14\/la-biennale-dream-city-en-novembre-prochain-a-tunis\/#primaryimage"},"thumbnailUrl":"","keywords":["Danse","Dream City","exposition","Th\u00e9\u00e2tre"],"articleSection":["CULTURE","Tunisie"],"inLanguage":"fr-FR","potentialAction":[{"@type":"CommentAction","name":"Comment","target":["https:\/\/kapitalis.com\/tunisie\/2015\/07\/14\/la-biennale-dream-city-en-novembre-prochain-a-tunis\/#respond"]}]},{"@type":"WebPage","@id":"https:\/\/kapitalis.com\/tunisie\/2015\/07\/14\/la-biennale-dream-city-en-novembre-prochain-a-tunis\/","url":"https:\/\/kapitalis.com\/tunisie\/2015\/07\/14\/la-biennale-dream-city-en-novembre-prochain-a-tunis\/","name":"La biennale Dream City, en novembre prochain \u00e0 Tunis - Kapitalis","isPartOf":{"@id":"https:\/\/kapitalis.com\/tunisie\/#website"},"primaryImageOfPage":{"@id":"https:\/\/kapitalis.com\/tunisie\/2015\/07\/14\/la-biennale-dream-city-en-novembre-prochain-a-tunis\/#primaryimage"},"image":{"@id":"https:\/\/kapitalis.com\/tunisie\/2015\/07\/14\/la-biennale-dream-city-en-novembre-prochain-a-tunis\/#primaryimage"},"thumbnailUrl":"","datePublished":"2015-07-14T12:15:40+00:00","breadcrumb":{"@id":"https:\/\/kapitalis.com\/tunisie\/2015\/07\/14\/la-biennale-dream-city-en-novembre-prochain-a-tunis\/#breadcrumb"},"inLanguage":"fr-FR","potentialAction":[{"@type":"ReadAction","target":["https:\/\/kapitalis.com\/tunisie\/2015\/07\/14\/la-biennale-dream-city-en-novembre-prochain-a-tunis\/"]}]},{"@type":"ImageObject","inLanguage":"fr-FR","@id":"https:\/\/kapitalis.com\/tunisie\/2015\/07\/14\/la-biennale-dream-city-en-novembre-prochain-a-tunis\/#primaryimage","url":"","contentUrl":""},{"@type":"BreadcrumbList","@id":"https:\/\/kapitalis.com\/tunisie\/2015\/07\/14\/la-biennale-dream-city-en-novembre-prochain-a-tunis\/#breadcrumb","itemListElement":[{"@type":"ListItem","position":1,"name":"Accueil","item":"https:\/\/kapitalis.com\/tunisie\/"},{"@type":"ListItem","position":2,"name":"La biennale Dream City, en novembre prochain \u00e0 Tunis"}]},{"@type":"WebSite","@id":"https:\/\/kapitalis.com\/tunisie\/#website","url":"https:\/\/kapitalis.com\/tunisie\/","name":"Kapitalis","description":"L&#039;actualit\u00e9 en Tunisie et dans le monde","publisher":{"@id":"https:\/\/kapitalis.com\/tunisie\/#organization"},"potentialAction":[{"@type":"SearchAction","target":{"@type":"EntryPoint","urlTemplate":"https:\/\/kapitalis.com\/tunisie\/?s={search_term_string}"},"query-input":{"@type":"PropertyValueSpecification","valueRequired":true,"valueName":"search_term_string"}}],"inLanguage":"fr-FR"},{"@type":"Organization","@id":"https:\/\/kapitalis.com\/tunisie\/#organization","name":"Kapitalis","url":"https:\/\/kapitalis.com\/tunisie\/","logo":{"@type":"ImageObject","inLanguage":"fr-FR","@id":"https:\/\/kapitalis.com\/tunisie\/#\/schema\/logo\/image\/","url":"https:\/\/kapitalis.com\/tunisie\/wp-content\/uploads\/2022\/05\/Kapitalis-big-size.png","contentUrl":"https:\/\/kapitalis.com\/tunisie\/wp-content\/uploads\/2022\/05\/Kapitalis-big-size.png","width":5000,"height":1500,"caption":"Kapitalis"},"image":{"@id":"https:\/\/kapitalis.com\/tunisie\/#\/schema\/logo\/image\/"},"sameAs":["https:\/\/www.facebook.com\/KapitalisInfo\/","https:\/\/x.com\/KapitalisInfo","https:\/\/www.youtube.com\/channel\/UC-yDYrHyfFBWWZaOw3FPg9Q"]},{"@type":"Person","@id":"https:\/\/kapitalis.com\/tunisie\/#\/schema\/person\/16627fc9b2fc0116230e88af071eebab","name":"Ridha Elkefi","url":"https:\/\/kapitalis.com\/tunisie\/author\/ridha-kefi\/"}]}},"_links":{"self":[{"href":"https:\/\/kapitalis.com\/tunisie\/wp-json\/wp\/v2\/posts\/7057","targetHints":{"allow":["GET"]}}],"collection":[{"href":"https:\/\/kapitalis.com\/tunisie\/wp-json\/wp\/v2\/posts"}],"about":[{"href":"https:\/\/kapitalis.com\/tunisie\/wp-json\/wp\/v2\/types\/post"}],"author":[{"embeddable":true,"href":"https:\/\/kapitalis.com\/tunisie\/wp-json\/wp\/v2\/users\/5"}],"replies":[{"embeddable":true,"href":"https:\/\/kapitalis.com\/tunisie\/wp-json\/wp\/v2\/comments?post=7057"}],"version-history":[{"count":0,"href":"https:\/\/kapitalis.com\/tunisie\/wp-json\/wp\/v2\/posts\/7057\/revisions"}],"wp:featuredmedia":[{"embeddable":true,"href":"https:\/\/kapitalis.com\/tunisie\/wp-json\/wp\/v2\/media\/7058"}],"wp:attachment":[{"href":"https:\/\/kapitalis.com\/tunisie\/wp-json\/wp\/v2\/media?parent=7057"}],"wp:term":[{"taxonomy":"category","embeddable":true,"href":"https:\/\/kapitalis.com\/tunisie\/wp-json\/wp\/v2\/categories?post=7057"},{"taxonomy":"post_tag","embeddable":true,"href":"https:\/\/kapitalis.com\/tunisie\/wp-json\/wp\/v2\/tags?post=7057"}],"curies":[{"name":"wp","href":"https:\/\/api.w.org\/{rel}","templated":true}]}}