{"id":7063934,"date":"2023-03-22T15:40:44","date_gmt":"2023-03-22T14:40:44","guid":{"rendered":"https:\/\/kapitalis.com\/tunisie\/?p=7063934"},"modified":"2023-03-22T15:40:46","modified_gmt":"2023-03-22T14:40:46","slug":"jazz-a-carthage-report-de-ledition-du-printemps-2023","status":"publish","type":"post","link":"https:\/\/kapitalis.com\/tunisie\/2023\/03\/22\/jazz-a-carthage-report-de-ledition-du-printemps-2023\/","title":{"rendered":"Jazz \u00e0 Carthage : Report de l&rsquo;\u00e9dition du printemps 2023"},"content":{"rendered":"\n<p><strong>Le festival Jazz \u00e0 Carthage n&rsquo;aura pas lieu ce printemps. Le comit\u00e9 d&rsquo;organisation parle de lenteurs et d&rsquo;obstacles administratifs.<\/strong><\/p>\n\n\n\n<!--more-->\n\n\n\n<p>Alors qu&rsquo;elle devait avoir lieu du 28 avril au 6 mai, la 16e \u00e9dition de Jazz \u00e0 Carthage vient d&rsquo;\u00eatre report\u00e9e \u00e0 une date ult\u00e9rieure, tr\u00e8s probablement \u00e0 l&rsquo;ann\u00e9e 2024.<\/p>\n\n\n\n<p>\u00ab\u00a0<em>Malgr\u00e9 tous nos efforts, les lenteurs et obstacles administratifs persistants, le partenariat avec l\u2019institution devant abriter Jazz \u00e0 Carthage en 2023, convenu depuis une ann\u00e9e maintenant, et toujours pas act\u00e9, ainsi que les difficult\u00e9s financi\u00e8res, mais aussi conjoncturelles, ont \u00e9t\u00e9 autant d\u2019obstacles \u00e0 la tenue de cet \u00e9v\u00e9nement musical<\/em>.\u00a0\u00bb, indique le communiqu\u00e9 publi\u00e9 aujourd&rsquo;hui du comit\u00e9 d&rsquo;organisation.<\/p>\n\n\n\n<p class=\"has-text-align-right\"><strong>F.B<\/strong><\/p>\n","protected":false},"excerpt":{"rendered":"<p>Le festival Jazz \u00e0 Carthage n&rsquo;aura pas lieu ce printemps. Le comit\u00e9 d&rsquo;organisation parle de lenteurs et d&rsquo;obstacles administratifs.<\/p>\n","protected":false},"author":26,"featured_media":7064160,"comment_status":"open","ping_status":"open","sticky":false,"template":"","format":"standard","meta":{"footnotes":""},"categories":[994,2433],"tags":[107582,5440,62643],"class_list":["post-7063934","post","type-post","status-publish","format-standard","has-post-thumbnail","hentry","category-culture","category-tunisie","tag-jazz-a-carthage-2023","tag-report","tag-tunisie"],"yoast_head":"<!-- This site is optimized with the Yoast SEO plugin v26.6 - https:\/\/yoast.com\/wordpress\/plugins\/seo\/ -->\n<title>Jazz \u00e0 Carthage : Report de l&#039;\u00e9dition du printemps 2023 - Kapitalis<\/title>\n<meta name=\"robots\" content=\"index, follow, max-snippet:-1, max-image-preview:large, max-video-preview:-1\" \/>\n<link rel=\"canonical\" href=\"https:\/\/kapitalis.com\/tunisie\/2023\/03\/22\/jazz-a-carthage-report-de-ledition-du-printemps-2023\/\" \/>\n<meta property=\"og:locale\" content=\"fr_FR\" \/>\n<meta property=\"og:type\" content=\"article\" \/>\n<meta property=\"og:title\" content=\"Jazz \u00e0 Carthage : Report de l&#039;\u00e9dition du printemps 2023 - Kapitalis\" \/>\n<meta property=\"og:description\" content=\"Le festival Jazz \u00e0 Carthage n&rsquo;aura pas lieu ce printemps. Le comit\u00e9 d&rsquo;organisation parle de lenteurs et d&rsquo;obstacles administratifs.\" \/>\n<meta property=\"og:url\" content=\"https:\/\/kapitalis.com\/tunisie\/2023\/03\/22\/jazz-a-carthage-report-de-ledition-du-printemps-2023\/\" \/>\n<meta property=\"og:site_name\" content=\"Kapitalis\" \/>\n<meta property=\"article:publisher\" content=\"https:\/\/www.facebook.com\/KapitalisInfo\/\" \/>\n<meta property=\"article:published_time\" content=\"2023-03-22T14:40:44+00:00\" \/>\n<meta property=\"article:modified_time\" content=\"2023-03-22T14:40:46+00:00\" \/>\n<meta property=\"og:image\" content=\"https:\/\/kapitalis.com\/tunisie\/wp-content\/uploads\/2023\/03\/Jazz-a-Carthage.jpg\" \/>\n\t<meta property=\"og:image:width\" content=\"1200\" \/>\n\t<meta property=\"og:image:height\" content=\"630\" \/>\n\t<meta property=\"og:image:type\" content=\"image\/jpeg\" \/>\n<meta name=\"author\" content=\"Fawz BenAli\" \/>\n<meta name=\"twitter:card\" content=\"summary_large_image\" \/>\n<meta name=\"twitter:creator\" content=\"@KapitalisInfo\" \/>\n<meta name=\"twitter:site\" content=\"@KapitalisInfo\" \/>\n<meta name=\"twitter:label1\" content=\"\u00c9crit par\" \/>\n\t<meta name=\"twitter:data1\" content=\"Fawz BenAli\" \/>\n\t<meta name=\"twitter:label2\" content=\"Dur\u00e9e de lecture estim\u00e9e\" \/>\n\t<meta name=\"twitter:data2\" content=\"1 minute\" \/>\n<script type=\"application\/ld+json\" class=\"yoast-schema-graph\">{\"@context\":\"https:\/\/schema.org\",\"@graph\":[{\"@type\":\"Article\",\"@id\":\"https:\/\/kapitalis.com\/tunisie\/2023\/03\/22\/jazz-a-carthage-report-de-ledition-du-printemps-2023\/#article\",\"isPartOf\":{\"@id\":\"https:\/\/kapitalis.com\/tunisie\/2023\/03\/22\/jazz-a-carthage-report-de-ledition-du-printemps-2023\/\"},\"author\":{\"name\":\"Fawz BenAli\",\"@id\":\"https:\/\/kapitalis.com\/tunisie\/#\/schema\/person\/73a5ecc1f6ae540c6ed91342eadca948\"},\"headline\":\"Jazz \u00e0 Carthage : Report de l&rsquo;\u00e9dition du printemps 2023\",\"datePublished\":\"2023-03-22T14:40:44+00:00\",\"dateModified\":\"2023-03-22T14:40:46+00:00\",\"mainEntityOfPage\":{\"@id\":\"https:\/\/kapitalis.com\/tunisie\/2023\/03\/22\/jazz-a-carthage-report-de-ledition-du-printemps-2023\/\"},\"wordCount\":117,\"commentCount\":0,\"publisher\":{\"@id\":\"https:\/\/kapitalis.com\/tunisie\/#organization\"},\"image\":{\"@id\":\"https:\/\/kapitalis.com\/tunisie\/2023\/03\/22\/jazz-a-carthage-report-de-ledition-du-printemps-2023\/#primaryimage\"},\"thumbnailUrl\":\"https:\/\/kapitalis.com\/tunisie\/wp-content\/uploads\/2023\/03\/Jazz-a-Carthage.jpg\",\"keywords\":[\"Jazz \u00e0 Carthage 2023\",\"report\",\"Tunisie\"],\"articleSection\":[\"CULTURE\",\"Tunisie\"],\"inLanguage\":\"fr-FR\",\"potentialAction\":[{\"@type\":\"CommentAction\",\"name\":\"Comment\",\"target\":[\"https:\/\/kapitalis.com\/tunisie\/2023\/03\/22\/jazz-a-carthage-report-de-ledition-du-printemps-2023\/#respond\"]}]},{\"@type\":\"WebPage\",\"@id\":\"https:\/\/kapitalis.com\/tunisie\/2023\/03\/22\/jazz-a-carthage-report-de-ledition-du-printemps-2023\/\",\"url\":\"https:\/\/kapitalis.com\/tunisie\/2023\/03\/22\/jazz-a-carthage-report-de-ledition-du-printemps-2023\/\",\"name\":\"Jazz \u00e0 Carthage : Report de l'\u00e9dition du printemps 2023 - Kapitalis\",\"isPartOf\":{\"@id\":\"https:\/\/kapitalis.com\/tunisie\/#website\"},\"primaryImageOfPage\":{\"@id\":\"https:\/\/kapitalis.com\/tunisie\/2023\/03\/22\/jazz-a-carthage-report-de-ledition-du-printemps-2023\/#primaryimage\"},\"image\":{\"@id\":\"https:\/\/kapitalis.com\/tunisie\/2023\/03\/22\/jazz-a-carthage-report-de-ledition-du-printemps-2023\/#primaryimage\"},\"thumbnailUrl\":\"https:\/\/kapitalis.com\/tunisie\/wp-content\/uploads\/2023\/03\/Jazz-a-Carthage.jpg\",\"datePublished\":\"2023-03-22T14:40:44+00:00\",\"dateModified\":\"2023-03-22T14:40:46+00:00\",\"breadcrumb\":{\"@id\":\"https:\/\/kapitalis.com\/tunisie\/2023\/03\/22\/jazz-a-carthage-report-de-ledition-du-printemps-2023\/#breadcrumb\"},\"inLanguage\":\"fr-FR\",\"potentialAction\":[{\"@type\":\"ReadAction\",\"target\":[\"https:\/\/kapitalis.com\/tunisie\/2023\/03\/22\/jazz-a-carthage-report-de-ledition-du-printemps-2023\/\"]}]},{\"@type\":\"ImageObject\",\"inLanguage\":\"fr-FR\",\"@id\":\"https:\/\/kapitalis.com\/tunisie\/2023\/03\/22\/jazz-a-carthage-report-de-ledition-du-printemps-2023\/#primaryimage\",\"url\":\"https:\/\/kapitalis.com\/tunisie\/wp-content\/uploads\/2023\/03\/Jazz-a-Carthage.jpg\",\"contentUrl\":\"https:\/\/kapitalis.com\/tunisie\/wp-content\/uploads\/2023\/03\/Jazz-a-Carthage.jpg\",\"width\":1200,\"height\":630},{\"@type\":\"BreadcrumbList\",\"@id\":\"https:\/\/kapitalis.com\/tunisie\/2023\/03\/22\/jazz-a-carthage-report-de-ledition-du-printemps-2023\/#breadcrumb\",\"itemListElement\":[{\"@type\":\"ListItem\",\"position\":1,\"name\":\"Accueil\",\"item\":\"https:\/\/kapitalis.com\/tunisie\/\"},{\"@type\":\"ListItem\",\"position\":2,\"name\":\"Jazz \u00e0 Carthage : Report de l&rsquo;\u00e9dition du printemps 2023\"}]},{\"@type\":\"WebSite\",\"@id\":\"https:\/\/kapitalis.com\/tunisie\/#website\",\"url\":\"https:\/\/kapitalis.com\/tunisie\/\",\"name\":\"Kapitalis\",\"description\":\"L&#039;actualit\u00e9 en Tunisie et dans le monde\",\"publisher\":{\"@id\":\"https:\/\/kapitalis.com\/tunisie\/#organization\"},\"potentialAction\":[{\"@type\":\"SearchAction\",\"target\":{\"@type\":\"EntryPoint\",\"urlTemplate\":\"https:\/\/kapitalis.com\/tunisie\/?s={search_term_string}\"},\"query-input\":{\"@type\":\"PropertyValueSpecification\",\"valueRequired\":true,\"valueName\":\"search_term_string\"}}],\"inLanguage\":\"fr-FR\"},{\"@type\":\"Organization\",\"@id\":\"https:\/\/kapitalis.com\/tunisie\/#organization\",\"name\":\"Kapitalis\",\"url\":\"https:\/\/kapitalis.com\/tunisie\/\",\"logo\":{\"@type\":\"ImageObject\",\"inLanguage\":\"fr-FR\",\"@id\":\"https:\/\/kapitalis.com\/tunisie\/#\/schema\/logo\/image\/\",\"url\":\"https:\/\/kapitalis.com\/tunisie\/wp-content\/uploads\/2022\/05\/Kapitalis-big-size.png\",\"contentUrl\":\"https:\/\/kapitalis.com\/tunisie\/wp-content\/uploads\/2022\/05\/Kapitalis-big-size.png\",\"width\":5000,\"height\":1500,\"caption\":\"Kapitalis\"},\"image\":{\"@id\":\"https:\/\/kapitalis.com\/tunisie\/#\/schema\/logo\/image\/\"},\"sameAs\":[\"https:\/\/www.facebook.com\/KapitalisInfo\/\",\"https:\/\/x.com\/KapitalisInfo\",\"https:\/\/www.youtube.com\/channel\/UC-yDYrHyfFBWWZaOw3FPg9Q\"]},{\"@type\":\"Person\",\"@id\":\"https:\/\/kapitalis.com\/tunisie\/#\/schema\/person\/73a5ecc1f6ae540c6ed91342eadca948\",\"name\":\"Fawz BenAli\",\"url\":\"https:\/\/kapitalis.com\/tunisie\/author\/fawz\/\"}]}<\/script>\n<!-- \/ Yoast SEO plugin. -->","yoast_head_json":{"title":"Jazz \u00e0 Carthage : Report de l'\u00e9dition du printemps 2023 - Kapitalis","robots":{"index":"index","follow":"follow","max-snippet":"max-snippet:-1","max-image-preview":"max-image-preview:large","max-video-preview":"max-video-preview:-1"},"canonical":"https:\/\/kapitalis.com\/tunisie\/2023\/03\/22\/jazz-a-carthage-report-de-ledition-du-printemps-2023\/","og_locale":"fr_FR","og_type":"article","og_title":"Jazz \u00e0 Carthage : Report de l'\u00e9dition du printemps 2023 - Kapitalis","og_description":"Le festival Jazz \u00e0 Carthage n&rsquo;aura pas lieu ce printemps. Le comit\u00e9 d&rsquo;organisation parle de lenteurs et d&rsquo;obstacles administratifs.","og_url":"https:\/\/kapitalis.com\/tunisie\/2023\/03\/22\/jazz-a-carthage-report-de-ledition-du-printemps-2023\/","og_site_name":"Kapitalis","article_publisher":"https:\/\/www.facebook.com\/KapitalisInfo\/","article_published_time":"2023-03-22T14:40:44+00:00","article_modified_time":"2023-03-22T14:40:46+00:00","og_image":[{"width":1200,"height":630,"url":"https:\/\/kapitalis.com\/tunisie\/wp-content\/uploads\/2023\/03\/Jazz-a-Carthage.jpg","type":"image\/jpeg"}],"author":"Fawz BenAli","twitter_card":"summary_large_image","twitter_creator":"@KapitalisInfo","twitter_site":"@KapitalisInfo","twitter_misc":{"\u00c9crit par":"Fawz BenAli","Dur\u00e9e de lecture estim\u00e9e":"1 minute"},"schema":{"@context":"https:\/\/schema.org","@graph":[{"@type":"Article","@id":"https:\/\/kapitalis.com\/tunisie\/2023\/03\/22\/jazz-a-carthage-report-de-ledition-du-printemps-2023\/#article","isPartOf":{"@id":"https:\/\/kapitalis.com\/tunisie\/2023\/03\/22\/jazz-a-carthage-report-de-ledition-du-printemps-2023\/"},"author":{"name":"Fawz BenAli","@id":"https:\/\/kapitalis.com\/tunisie\/#\/schema\/person\/73a5ecc1f6ae540c6ed91342eadca948"},"headline":"Jazz \u00e0 Carthage : Report de l&rsquo;\u00e9dition du printemps 2023","datePublished":"2023-03-22T14:40:44+00:00","dateModified":"2023-03-22T14:40:46+00:00","mainEntityOfPage":{"@id":"https:\/\/kapitalis.com\/tunisie\/2023\/03\/22\/jazz-a-carthage-report-de-ledition-du-printemps-2023\/"},"wordCount":117,"commentCount":0,"publisher":{"@id":"https:\/\/kapitalis.com\/tunisie\/#organization"},"image":{"@id":"https:\/\/kapitalis.com\/tunisie\/2023\/03\/22\/jazz-a-carthage-report-de-ledition-du-printemps-2023\/#primaryimage"},"thumbnailUrl":"https:\/\/kapitalis.com\/tunisie\/wp-content\/uploads\/2023\/03\/Jazz-a-Carthage.jpg","keywords":["Jazz \u00e0 Carthage 2023","report","Tunisie"],"articleSection":["CULTURE","Tunisie"],"inLanguage":"fr-FR","potentialAction":[{"@type":"CommentAction","name":"Comment","target":["https:\/\/kapitalis.com\/tunisie\/2023\/03\/22\/jazz-a-carthage-report-de-ledition-du-printemps-2023\/#respond"]}]},{"@type":"WebPage","@id":"https:\/\/kapitalis.com\/tunisie\/2023\/03\/22\/jazz-a-carthage-report-de-ledition-du-printemps-2023\/","url":"https:\/\/kapitalis.com\/tunisie\/2023\/03\/22\/jazz-a-carthage-report-de-ledition-du-printemps-2023\/","name":"Jazz \u00e0 Carthage : Report de l'\u00e9dition du printemps 2023 - Kapitalis","isPartOf":{"@id":"https:\/\/kapitalis.com\/tunisie\/#website"},"primaryImageOfPage":{"@id":"https:\/\/kapitalis.com\/tunisie\/2023\/03\/22\/jazz-a-carthage-report-de-ledition-du-printemps-2023\/#primaryimage"},"image":{"@id":"https:\/\/kapitalis.com\/tunisie\/2023\/03\/22\/jazz-a-carthage-report-de-ledition-du-printemps-2023\/#primaryimage"},"thumbnailUrl":"https:\/\/kapitalis.com\/tunisie\/wp-content\/uploads\/2023\/03\/Jazz-a-Carthage.jpg","datePublished":"2023-03-22T14:40:44+00:00","dateModified":"2023-03-22T14:40:46+00:00","breadcrumb":{"@id":"https:\/\/kapitalis.com\/tunisie\/2023\/03\/22\/jazz-a-carthage-report-de-ledition-du-printemps-2023\/#breadcrumb"},"inLanguage":"fr-FR","potentialAction":[{"@type":"ReadAction","target":["https:\/\/kapitalis.com\/tunisie\/2023\/03\/22\/jazz-a-carthage-report-de-ledition-du-printemps-2023\/"]}]},{"@type":"ImageObject","inLanguage":"fr-FR","@id":"https:\/\/kapitalis.com\/tunisie\/2023\/03\/22\/jazz-a-carthage-report-de-ledition-du-printemps-2023\/#primaryimage","url":"https:\/\/kapitalis.com\/tunisie\/wp-content\/uploads\/2023\/03\/Jazz-a-Carthage.jpg","contentUrl":"https:\/\/kapitalis.com\/tunisie\/wp-content\/uploads\/2023\/03\/Jazz-a-Carthage.jpg","width":1200,"height":630},{"@type":"BreadcrumbList","@id":"https:\/\/kapitalis.com\/tunisie\/2023\/03\/22\/jazz-a-carthage-report-de-ledition-du-printemps-2023\/#breadcrumb","itemListElement":[{"@type":"ListItem","position":1,"name":"Accueil","item":"https:\/\/kapitalis.com\/tunisie\/"},{"@type":"ListItem","position":2,"name":"Jazz \u00e0 Carthage : Report de l&rsquo;\u00e9dition du printemps 2023"}]},{"@type":"WebSite","@id":"https:\/\/kapitalis.com\/tunisie\/#website","url":"https:\/\/kapitalis.com\/tunisie\/","name":"Kapitalis","description":"L&#039;actualit\u00e9 en Tunisie et dans le monde","publisher":{"@id":"https:\/\/kapitalis.com\/tunisie\/#organization"},"potentialAction":[{"@type":"SearchAction","target":{"@type":"EntryPoint","urlTemplate":"https:\/\/kapitalis.com\/tunisie\/?s={search_term_string}"},"query-input":{"@type":"PropertyValueSpecification","valueRequired":true,"valueName":"search_term_string"}}],"inLanguage":"fr-FR"},{"@type":"Organization","@id":"https:\/\/kapitalis.com\/tunisie\/#organization","name":"Kapitalis","url":"https:\/\/kapitalis.com\/tunisie\/","logo":{"@type":"ImageObject","inLanguage":"fr-FR","@id":"https:\/\/kapitalis.com\/tunisie\/#\/schema\/logo\/image\/","url":"https:\/\/kapitalis.com\/tunisie\/wp-content\/uploads\/2022\/05\/Kapitalis-big-size.png","contentUrl":"https:\/\/kapitalis.com\/tunisie\/wp-content\/uploads\/2022\/05\/Kapitalis-big-size.png","width":5000,"height":1500,"caption":"Kapitalis"},"image":{"@id":"https:\/\/kapitalis.com\/tunisie\/#\/schema\/logo\/image\/"},"sameAs":["https:\/\/www.facebook.com\/KapitalisInfo\/","https:\/\/x.com\/KapitalisInfo","https:\/\/www.youtube.com\/channel\/UC-yDYrHyfFBWWZaOw3FPg9Q"]},{"@type":"Person","@id":"https:\/\/kapitalis.com\/tunisie\/#\/schema\/person\/73a5ecc1f6ae540c6ed91342eadca948","name":"Fawz BenAli","url":"https:\/\/kapitalis.com\/tunisie\/author\/fawz\/"}]}},"_links":{"self":[{"href":"https:\/\/kapitalis.com\/tunisie\/wp-json\/wp\/v2\/posts\/7063934","targetHints":{"allow":["GET"]}}],"collection":[{"href":"https:\/\/kapitalis.com\/tunisie\/wp-json\/wp\/v2\/posts"}],"about":[{"href":"https:\/\/kapitalis.com\/tunisie\/wp-json\/wp\/v2\/types\/post"}],"author":[{"embeddable":true,"href":"https:\/\/kapitalis.com\/tunisie\/wp-json\/wp\/v2\/users\/26"}],"replies":[{"embeddable":true,"href":"https:\/\/kapitalis.com\/tunisie\/wp-json\/wp\/v2\/comments?post=7063934"}],"version-history":[{"count":1,"href":"https:\/\/kapitalis.com\/tunisie\/wp-json\/wp\/v2\/posts\/7063934\/revisions"}],"predecessor-version":[{"id":7064171,"href":"https:\/\/kapitalis.com\/tunisie\/wp-json\/wp\/v2\/posts\/7063934\/revisions\/7064171"}],"wp:featuredmedia":[{"embeddable":true,"href":"https:\/\/kapitalis.com\/tunisie\/wp-json\/wp\/v2\/media\/7064160"}],"wp:attachment":[{"href":"https:\/\/kapitalis.com\/tunisie\/wp-json\/wp\/v2\/media?parent=7063934"}],"wp:term":[{"taxonomy":"category","embeddable":true,"href":"https:\/\/kapitalis.com\/tunisie\/wp-json\/wp\/v2\/categories?post=7063934"},{"taxonomy":"post_tag","embeddable":true,"href":"https:\/\/kapitalis.com\/tunisie\/wp-json\/wp\/v2\/tags?post=7063934"}],"curies":[{"name":"wp","href":"https:\/\/api.w.org\/{rel}","templated":true}]}}