{"id":7071988,"date":"2023-03-23T07:24:51","date_gmt":"2023-03-23T06:24:51","guid":{"rendered":"https:\/\/kapitalis.com\/tunisie\/?p=7071988"},"modified":"2023-03-23T07:24:52","modified_gmt":"2023-03-23T06:24:52","slug":"tunisie-dix-condamnations-a-mort-depuis-le-debut-du-mois","status":"publish","type":"post","link":"https:\/\/kapitalis.com\/tunisie\/2023\/03\/23\/tunisie-dix-condamnations-a-mort-depuis-le-debut-du-mois\/","title":{"rendered":"Tunisie : dix condamnations \u00e0 mort depuis le d\u00e9but du mois"},"content":{"rendered":"\n<p><strong><em>La Coalition tunisienne contre la peine de mort (CTCPM) a appel\u00e9 mercredi 22 mars 2023 \u00e0 la fin des condamnations \u00e0 mort prononc\u00e9es par les tribunaux tunisiens. Ce nouvel appel intervient alors que les tribunaux tunisiens venaient de prononcer 10 condamnations \u00e0 mort depuis d\u00e9but de ce mois.<\/em><\/strong><\/p>\n\n\n\n<!--more-->\n\n\n\n<p><em>\u00abDepuis d\u00e9but mars 2023, les tribunaux tunisiens de M\u00e9denine, Tunis et Gab\u00e8s ont prononc\u00e9 10 condamnations \u00e0 mort, dont une pour une femme\u00bb<\/em>, a indiqu\u00e9 la Coalition dans un communiqu\u00e9, en rappelant que la Tunisie avait suspendu les ex\u00e9cutions depuis 1991 et depuis 2012, elle a vot\u00e9 en faveur de la r\u00e9solution A\/RES\/62\/149 de l\u2019Assembl\u00e9e g\u00e9n\u00e9rale des Nations unies appelant \u00e0 un moratoire universel sur la peine de mort.<\/p>\n\n\n\n<p>Par ailleurs, la Coalition souligne que l\u2019augmentation de la fr\u00e9quence des condamnations \u00e0 mort prononc\u00e9es par les juges refl\u00e8te la fragilit\u00e9 de l\u2019engagement de l\u2019\u00c9tat tunisien \u00e0 respecter le droit \u00e0 la vie, d\u2019autant plus que la Constitution de 2022 n\u2019a pas aboli cette peine, conform\u00e9ment \u00e0 la volont\u00e9 du pr\u00e9sident Ka\u00efs Sa\u00efed position favorable \u00e0 sa r\u00e9int\u00e9gration.<\/p>\n\n\n\n<p>Cette situation montre \u00e9galement que la Tunisie va \u00e0 contre-courant de la dynamique abolitionniste mondiale, puisque 144 pays ont aboli la peine de mort en droit et en pratique.<\/p>\n\n\n\n<p>Sur le continent africain, la Tunisie est encore \u00e0 la tra\u00eene, puisque la majorit\u00e9 des pays africains ont \u00e9galement aboli la peine de mort, souligne la Coalition.<\/p>\n\n\n\n<p>Il a exhort\u00e9 les autorit\u00e9s tunisiennes \u00e0 revoir la l\u00e9gislation et les lois en vigueur en vue d\u2019abolir d\u00e9finitivement la peine de mort et de la commuer en peines de prison; il appelle \u00e0 ratifier formellement le deuxi\u00e8me protocole facultatif au Pacte international relatif aux droits civils et politiques.<\/p>\n\n\n\n<p><em>\u00abLa peine de mort est un ch\u00e2timent cruel et inhumain et une violation du droit \u00e0 la vie, un droit humain fondamental\u00bb<\/em>, d\u00e9clare la Coalition, ajoutant qu\u2019il s\u2019agit bien d\u2019une forme de vengeance qui ne rend pas justice aux victimes et ne dissuade pas crime.<\/p>\n\n\n\n<p>La Coalition consid\u00e8re que la v\u00e9ritable r\u00e9ponse \u00e0 la recrudescence de la violence et de la d\u00e9linquance criminelles et terroristes dans notre pays r\u00e9side dans l\u2019\u00e9radication des causes et des facteurs de sa propagation, sociaux, culturels, \u00e9ducatifs et psychologiques.<\/p>\n\n\n\n<p><strong><em>Communiqu\u00e9.<\/em><\/strong><\/p>\n","protected":false},"excerpt":{"rendered":"<p>Depuis d\u00e9but mars 2023, les tribunaux tunisiens de M\u00e9denine, Tunis et Gab\u00e8s ont prononc\u00e9 10 condamnations \u00e0 mort, dont une pour une femme. <\/p>\n","protected":false},"author":8,"featured_media":7072039,"comment_status":"open","ping_status":"open","sticky":false,"template":"","format":"standard","meta":{"footnotes":""},"categories":[998,2433],"tags":[107587,83241,406,76012,78056,1964,64491,62643],"class_list":["post-7071988","post","type-post","status-publish","format-standard","has-post-thumbnail","hentry","category-societe","category-tunisie","tag-condamnations-a-mort","tag-ctcpm","tag-gabes","tag-kais-saied-2","tag-medenine-2","tag-peine-de-mort","tag-tunis","tag-tunisie"],"yoast_head":"<!-- This site is optimized with the Yoast SEO plugin v26.6 - https:\/\/yoast.com\/wordpress\/plugins\/seo\/ -->\n<title>Tunisie : dix condamnations \u00e0 mort depuis le d\u00e9but du mois - Kapitalis<\/title>\n<meta name=\"robots\" content=\"index, follow, max-snippet:-1, max-image-preview:large, max-video-preview:-1\" \/>\n<link rel=\"canonical\" href=\"https:\/\/kapitalis.com\/tunisie\/2023\/03\/23\/tunisie-dix-condamnations-a-mort-depuis-le-debut-du-mois\/\" \/>\n<meta property=\"og:locale\" content=\"fr_FR\" \/>\n<meta property=\"og:type\" content=\"article\" \/>\n<meta property=\"og:title\" content=\"Tunisie : dix condamnations \u00e0 mort depuis le d\u00e9but du mois - Kapitalis\" \/>\n<meta property=\"og:description\" content=\"Depuis d\u00e9but mars 2023, les tribunaux tunisiens de M\u00e9denine, Tunis et Gab\u00e8s ont prononc\u00e9 10 condamnations \u00e0 mort, dont une pour une femme.\" \/>\n<meta property=\"og:url\" content=\"https:\/\/kapitalis.com\/tunisie\/2023\/03\/23\/tunisie-dix-condamnations-a-mort-depuis-le-debut-du-mois\/\" \/>\n<meta property=\"og:site_name\" content=\"Kapitalis\" \/>\n<meta property=\"article:publisher\" content=\"https:\/\/www.facebook.com\/KapitalisInfo\/\" \/>\n<meta property=\"article:published_time\" content=\"2023-03-23T06:24:51+00:00\" \/>\n<meta property=\"article:modified_time\" content=\"2023-03-23T06:24:52+00:00\" \/>\n<meta property=\"og:image\" content=\"https:\/\/kapitalis.com\/tunisie\/wp-content\/uploads\/2023\/03\/CTCPM.jpg\" \/>\n\t<meta property=\"og:image:width\" content=\"1200\" \/>\n\t<meta property=\"og:image:height\" content=\"630\" \/>\n\t<meta property=\"og:image:type\" content=\"image\/jpeg\" \/>\n<meta name=\"author\" content=\"webmaster kapitalis\" \/>\n<meta name=\"twitter:card\" content=\"summary_large_image\" \/>\n<meta name=\"twitter:creator\" content=\"@KapitalisInfo\" \/>\n<meta name=\"twitter:site\" content=\"@KapitalisInfo\" \/>\n<meta name=\"twitter:label1\" content=\"\u00c9crit par\" \/>\n\t<meta name=\"twitter:data1\" content=\"webmaster kapitalis\" \/>\n\t<meta name=\"twitter:label2\" content=\"Dur\u00e9e de lecture estim\u00e9e\" \/>\n\t<meta name=\"twitter:data2\" content=\"2 minutes\" \/>\n<script type=\"application\/ld+json\" class=\"yoast-schema-graph\">{\"@context\":\"https:\/\/schema.org\",\"@graph\":[{\"@type\":\"Article\",\"@id\":\"https:\/\/kapitalis.com\/tunisie\/2023\/03\/23\/tunisie-dix-condamnations-a-mort-depuis-le-debut-du-mois\/#article\",\"isPartOf\":{\"@id\":\"https:\/\/kapitalis.com\/tunisie\/2023\/03\/23\/tunisie-dix-condamnations-a-mort-depuis-le-debut-du-mois\/\"},\"author\":{\"name\":\"webmaster kapitalis\",\"@id\":\"https:\/\/kapitalis.com\/tunisie\/#\/schema\/person\/d71f33a9ca44f7bad4698210b480c8e9\"},\"headline\":\"Tunisie : dix condamnations \u00e0 mort depuis le d\u00e9but du mois\",\"datePublished\":\"2023-03-23T06:24:51+00:00\",\"dateModified\":\"2023-03-23T06:24:52+00:00\",\"mainEntityOfPage\":{\"@id\":\"https:\/\/kapitalis.com\/tunisie\/2023\/03\/23\/tunisie-dix-condamnations-a-mort-depuis-le-debut-du-mois\/\"},\"wordCount\":393,\"commentCount\":3,\"publisher\":{\"@id\":\"https:\/\/kapitalis.com\/tunisie\/#organization\"},\"image\":{\"@id\":\"https:\/\/kapitalis.com\/tunisie\/2023\/03\/23\/tunisie-dix-condamnations-a-mort-depuis-le-debut-du-mois\/#primaryimage\"},\"thumbnailUrl\":\"https:\/\/kapitalis.com\/tunisie\/wp-content\/uploads\/2023\/03\/CTCPM.jpg\",\"keywords\":[\"condamnations \u00e0 mort\",\"CTCPM\",\"Gab\u00e8s\",\"Ka\u00efs Sa\u00efed\",\"M\u00e9denine\",\"peine de mort\",\"Tunis\",\"Tunisie\"],\"articleSection\":[\"SOCIETE\",\"Tunisie\"],\"inLanguage\":\"fr-FR\",\"potentialAction\":[{\"@type\":\"CommentAction\",\"name\":\"Comment\",\"target\":[\"https:\/\/kapitalis.com\/tunisie\/2023\/03\/23\/tunisie-dix-condamnations-a-mort-depuis-le-debut-du-mois\/#respond\"]}]},{\"@type\":\"WebPage\",\"@id\":\"https:\/\/kapitalis.com\/tunisie\/2023\/03\/23\/tunisie-dix-condamnations-a-mort-depuis-le-debut-du-mois\/\",\"url\":\"https:\/\/kapitalis.com\/tunisie\/2023\/03\/23\/tunisie-dix-condamnations-a-mort-depuis-le-debut-du-mois\/\",\"name\":\"Tunisie : dix condamnations \u00e0 mort depuis le d\u00e9but du mois - Kapitalis\",\"isPartOf\":{\"@id\":\"https:\/\/kapitalis.com\/tunisie\/#website\"},\"primaryImageOfPage\":{\"@id\":\"https:\/\/kapitalis.com\/tunisie\/2023\/03\/23\/tunisie-dix-condamnations-a-mort-depuis-le-debut-du-mois\/#primaryimage\"},\"image\":{\"@id\":\"https:\/\/kapitalis.com\/tunisie\/2023\/03\/23\/tunisie-dix-condamnations-a-mort-depuis-le-debut-du-mois\/#primaryimage\"},\"thumbnailUrl\":\"https:\/\/kapitalis.com\/tunisie\/wp-content\/uploads\/2023\/03\/CTCPM.jpg\",\"datePublished\":\"2023-03-23T06:24:51+00:00\",\"dateModified\":\"2023-03-23T06:24:52+00:00\",\"breadcrumb\":{\"@id\":\"https:\/\/kapitalis.com\/tunisie\/2023\/03\/23\/tunisie-dix-condamnations-a-mort-depuis-le-debut-du-mois\/#breadcrumb\"},\"inLanguage\":\"fr-FR\",\"potentialAction\":[{\"@type\":\"ReadAction\",\"target\":[\"https:\/\/kapitalis.com\/tunisie\/2023\/03\/23\/tunisie-dix-condamnations-a-mort-depuis-le-debut-du-mois\/\"]}]},{\"@type\":\"ImageObject\",\"inLanguage\":\"fr-FR\",\"@id\":\"https:\/\/kapitalis.com\/tunisie\/2023\/03\/23\/tunisie-dix-condamnations-a-mort-depuis-le-debut-du-mois\/#primaryimage\",\"url\":\"https:\/\/kapitalis.com\/tunisie\/wp-content\/uploads\/2023\/03\/CTCPM.jpg\",\"contentUrl\":\"https:\/\/kapitalis.com\/tunisie\/wp-content\/uploads\/2023\/03\/CTCPM.jpg\",\"width\":1200,\"height\":630},{\"@type\":\"BreadcrumbList\",\"@id\":\"https:\/\/kapitalis.com\/tunisie\/2023\/03\/23\/tunisie-dix-condamnations-a-mort-depuis-le-debut-du-mois\/#breadcrumb\",\"itemListElement\":[{\"@type\":\"ListItem\",\"position\":1,\"name\":\"Accueil\",\"item\":\"https:\/\/kapitalis.com\/tunisie\/\"},{\"@type\":\"ListItem\",\"position\":2,\"name\":\"Tunisie : dix condamnations \u00e0 mort depuis le d\u00e9but du mois\"}]},{\"@type\":\"WebSite\",\"@id\":\"https:\/\/kapitalis.com\/tunisie\/#website\",\"url\":\"https:\/\/kapitalis.com\/tunisie\/\",\"name\":\"Kapitalis\",\"description\":\"L&#039;actualit\u00e9 en Tunisie et dans le monde\",\"publisher\":{\"@id\":\"https:\/\/kapitalis.com\/tunisie\/#organization\"},\"potentialAction\":[{\"@type\":\"SearchAction\",\"target\":{\"@type\":\"EntryPoint\",\"urlTemplate\":\"https:\/\/kapitalis.com\/tunisie\/?s={search_term_string}\"},\"query-input\":{\"@type\":\"PropertyValueSpecification\",\"valueRequired\":true,\"valueName\":\"search_term_string\"}}],\"inLanguage\":\"fr-FR\"},{\"@type\":\"Organization\",\"@id\":\"https:\/\/kapitalis.com\/tunisie\/#organization\",\"name\":\"Kapitalis\",\"url\":\"https:\/\/kapitalis.com\/tunisie\/\",\"logo\":{\"@type\":\"ImageObject\",\"inLanguage\":\"fr-FR\",\"@id\":\"https:\/\/kapitalis.com\/tunisie\/#\/schema\/logo\/image\/\",\"url\":\"https:\/\/kapitalis.com\/tunisie\/wp-content\/uploads\/2022\/05\/Kapitalis-big-size.png\",\"contentUrl\":\"https:\/\/kapitalis.com\/tunisie\/wp-content\/uploads\/2022\/05\/Kapitalis-big-size.png\",\"width\":5000,\"height\":1500,\"caption\":\"Kapitalis\"},\"image\":{\"@id\":\"https:\/\/kapitalis.com\/tunisie\/#\/schema\/logo\/image\/\"},\"sameAs\":[\"https:\/\/www.facebook.com\/KapitalisInfo\/\",\"https:\/\/x.com\/KapitalisInfo\",\"https:\/\/www.youtube.com\/channel\/UC-yDYrHyfFBWWZaOw3FPg9Q\"]},{\"@type\":\"Person\",\"@id\":\"https:\/\/kapitalis.com\/tunisie\/#\/schema\/person\/d71f33a9ca44f7bad4698210b480c8e9\",\"name\":\"webmaster kapitalis\",\"url\":\"https:\/\/kapitalis.com\/tunisie\/author\/webmaster-kapitalis\/\"}]}<\/script>\n<!-- \/ Yoast SEO plugin. -->","yoast_head_json":{"title":"Tunisie : dix condamnations \u00e0 mort depuis le d\u00e9but du mois - Kapitalis","robots":{"index":"index","follow":"follow","max-snippet":"max-snippet:-1","max-image-preview":"max-image-preview:large","max-video-preview":"max-video-preview:-1"},"canonical":"https:\/\/kapitalis.com\/tunisie\/2023\/03\/23\/tunisie-dix-condamnations-a-mort-depuis-le-debut-du-mois\/","og_locale":"fr_FR","og_type":"article","og_title":"Tunisie : dix condamnations \u00e0 mort depuis le d\u00e9but du mois - Kapitalis","og_description":"Depuis d\u00e9but mars 2023, les tribunaux tunisiens de M\u00e9denine, Tunis et Gab\u00e8s ont prononc\u00e9 10 condamnations \u00e0 mort, dont une pour une femme.","og_url":"https:\/\/kapitalis.com\/tunisie\/2023\/03\/23\/tunisie-dix-condamnations-a-mort-depuis-le-debut-du-mois\/","og_site_name":"Kapitalis","article_publisher":"https:\/\/www.facebook.com\/KapitalisInfo\/","article_published_time":"2023-03-23T06:24:51+00:00","article_modified_time":"2023-03-23T06:24:52+00:00","og_image":[{"width":1200,"height":630,"url":"https:\/\/kapitalis.com\/tunisie\/wp-content\/uploads\/2023\/03\/CTCPM.jpg","type":"image\/jpeg"}],"author":"webmaster kapitalis","twitter_card":"summary_large_image","twitter_creator":"@KapitalisInfo","twitter_site":"@KapitalisInfo","twitter_misc":{"\u00c9crit par":"webmaster kapitalis","Dur\u00e9e de lecture estim\u00e9e":"2 minutes"},"schema":{"@context":"https:\/\/schema.org","@graph":[{"@type":"Article","@id":"https:\/\/kapitalis.com\/tunisie\/2023\/03\/23\/tunisie-dix-condamnations-a-mort-depuis-le-debut-du-mois\/#article","isPartOf":{"@id":"https:\/\/kapitalis.com\/tunisie\/2023\/03\/23\/tunisie-dix-condamnations-a-mort-depuis-le-debut-du-mois\/"},"author":{"name":"webmaster kapitalis","@id":"https:\/\/kapitalis.com\/tunisie\/#\/schema\/person\/d71f33a9ca44f7bad4698210b480c8e9"},"headline":"Tunisie : dix condamnations \u00e0 mort depuis le d\u00e9but du mois","datePublished":"2023-03-23T06:24:51+00:00","dateModified":"2023-03-23T06:24:52+00:00","mainEntityOfPage":{"@id":"https:\/\/kapitalis.com\/tunisie\/2023\/03\/23\/tunisie-dix-condamnations-a-mort-depuis-le-debut-du-mois\/"},"wordCount":393,"commentCount":3,"publisher":{"@id":"https:\/\/kapitalis.com\/tunisie\/#organization"},"image":{"@id":"https:\/\/kapitalis.com\/tunisie\/2023\/03\/23\/tunisie-dix-condamnations-a-mort-depuis-le-debut-du-mois\/#primaryimage"},"thumbnailUrl":"https:\/\/kapitalis.com\/tunisie\/wp-content\/uploads\/2023\/03\/CTCPM.jpg","keywords":["condamnations \u00e0 mort","CTCPM","Gab\u00e8s","Ka\u00efs Sa\u00efed","M\u00e9denine","peine de mort","Tunis","Tunisie"],"articleSection":["SOCIETE","Tunisie"],"inLanguage":"fr-FR","potentialAction":[{"@type":"CommentAction","name":"Comment","target":["https:\/\/kapitalis.com\/tunisie\/2023\/03\/23\/tunisie-dix-condamnations-a-mort-depuis-le-debut-du-mois\/#respond"]}]},{"@type":"WebPage","@id":"https:\/\/kapitalis.com\/tunisie\/2023\/03\/23\/tunisie-dix-condamnations-a-mort-depuis-le-debut-du-mois\/","url":"https:\/\/kapitalis.com\/tunisie\/2023\/03\/23\/tunisie-dix-condamnations-a-mort-depuis-le-debut-du-mois\/","name":"Tunisie : dix condamnations \u00e0 mort depuis le d\u00e9but du mois - Kapitalis","isPartOf":{"@id":"https:\/\/kapitalis.com\/tunisie\/#website"},"primaryImageOfPage":{"@id":"https:\/\/kapitalis.com\/tunisie\/2023\/03\/23\/tunisie-dix-condamnations-a-mort-depuis-le-debut-du-mois\/#primaryimage"},"image":{"@id":"https:\/\/kapitalis.com\/tunisie\/2023\/03\/23\/tunisie-dix-condamnations-a-mort-depuis-le-debut-du-mois\/#primaryimage"},"thumbnailUrl":"https:\/\/kapitalis.com\/tunisie\/wp-content\/uploads\/2023\/03\/CTCPM.jpg","datePublished":"2023-03-23T06:24:51+00:00","dateModified":"2023-03-23T06:24:52+00:00","breadcrumb":{"@id":"https:\/\/kapitalis.com\/tunisie\/2023\/03\/23\/tunisie-dix-condamnations-a-mort-depuis-le-debut-du-mois\/#breadcrumb"},"inLanguage":"fr-FR","potentialAction":[{"@type":"ReadAction","target":["https:\/\/kapitalis.com\/tunisie\/2023\/03\/23\/tunisie-dix-condamnations-a-mort-depuis-le-debut-du-mois\/"]}]},{"@type":"ImageObject","inLanguage":"fr-FR","@id":"https:\/\/kapitalis.com\/tunisie\/2023\/03\/23\/tunisie-dix-condamnations-a-mort-depuis-le-debut-du-mois\/#primaryimage","url":"https:\/\/kapitalis.com\/tunisie\/wp-content\/uploads\/2023\/03\/CTCPM.jpg","contentUrl":"https:\/\/kapitalis.com\/tunisie\/wp-content\/uploads\/2023\/03\/CTCPM.jpg","width":1200,"height":630},{"@type":"BreadcrumbList","@id":"https:\/\/kapitalis.com\/tunisie\/2023\/03\/23\/tunisie-dix-condamnations-a-mort-depuis-le-debut-du-mois\/#breadcrumb","itemListElement":[{"@type":"ListItem","position":1,"name":"Accueil","item":"https:\/\/kapitalis.com\/tunisie\/"},{"@type":"ListItem","position":2,"name":"Tunisie : dix condamnations \u00e0 mort depuis le d\u00e9but du mois"}]},{"@type":"WebSite","@id":"https:\/\/kapitalis.com\/tunisie\/#website","url":"https:\/\/kapitalis.com\/tunisie\/","name":"Kapitalis","description":"L&#039;actualit\u00e9 en Tunisie et dans le monde","publisher":{"@id":"https:\/\/kapitalis.com\/tunisie\/#organization"},"potentialAction":[{"@type":"SearchAction","target":{"@type":"EntryPoint","urlTemplate":"https:\/\/kapitalis.com\/tunisie\/?s={search_term_string}"},"query-input":{"@type":"PropertyValueSpecification","valueRequired":true,"valueName":"search_term_string"}}],"inLanguage":"fr-FR"},{"@type":"Organization","@id":"https:\/\/kapitalis.com\/tunisie\/#organization","name":"Kapitalis","url":"https:\/\/kapitalis.com\/tunisie\/","logo":{"@type":"ImageObject","inLanguage":"fr-FR","@id":"https:\/\/kapitalis.com\/tunisie\/#\/schema\/logo\/image\/","url":"https:\/\/kapitalis.com\/tunisie\/wp-content\/uploads\/2022\/05\/Kapitalis-big-size.png","contentUrl":"https:\/\/kapitalis.com\/tunisie\/wp-content\/uploads\/2022\/05\/Kapitalis-big-size.png","width":5000,"height":1500,"caption":"Kapitalis"},"image":{"@id":"https:\/\/kapitalis.com\/tunisie\/#\/schema\/logo\/image\/"},"sameAs":["https:\/\/www.facebook.com\/KapitalisInfo\/","https:\/\/x.com\/KapitalisInfo","https:\/\/www.youtube.com\/channel\/UC-yDYrHyfFBWWZaOw3FPg9Q"]},{"@type":"Person","@id":"https:\/\/kapitalis.com\/tunisie\/#\/schema\/person\/d71f33a9ca44f7bad4698210b480c8e9","name":"webmaster kapitalis","url":"https:\/\/kapitalis.com\/tunisie\/author\/webmaster-kapitalis\/"}]}},"_links":{"self":[{"href":"https:\/\/kapitalis.com\/tunisie\/wp-json\/wp\/v2\/posts\/7071988","targetHints":{"allow":["GET"]}}],"collection":[{"href":"https:\/\/kapitalis.com\/tunisie\/wp-json\/wp\/v2\/posts"}],"about":[{"href":"https:\/\/kapitalis.com\/tunisie\/wp-json\/wp\/v2\/types\/post"}],"author":[{"embeddable":true,"href":"https:\/\/kapitalis.com\/tunisie\/wp-json\/wp\/v2\/users\/8"}],"replies":[{"embeddable":true,"href":"https:\/\/kapitalis.com\/tunisie\/wp-json\/wp\/v2\/comments?post=7071988"}],"version-history":[{"count":1,"href":"https:\/\/kapitalis.com\/tunisie\/wp-json\/wp\/v2\/posts\/7071988\/revisions"}],"predecessor-version":[{"id":7072053,"href":"https:\/\/kapitalis.com\/tunisie\/wp-json\/wp\/v2\/posts\/7071988\/revisions\/7072053"}],"wp:featuredmedia":[{"embeddable":true,"href":"https:\/\/kapitalis.com\/tunisie\/wp-json\/wp\/v2\/media\/7072039"}],"wp:attachment":[{"href":"https:\/\/kapitalis.com\/tunisie\/wp-json\/wp\/v2\/media?parent=7071988"}],"wp:term":[{"taxonomy":"category","embeddable":true,"href":"https:\/\/kapitalis.com\/tunisie\/wp-json\/wp\/v2\/categories?post=7071988"},{"taxonomy":"post_tag","embeddable":true,"href":"https:\/\/kapitalis.com\/tunisie\/wp-json\/wp\/v2\/tags?post=7071988"}],"curies":[{"name":"wp","href":"https:\/\/api.w.org\/{rel}","templated":true}]}}