{"id":7078764,"date":"2023-03-23T21:19:39","date_gmt":"2023-03-23T20:19:39","guid":{"rendered":"https:\/\/kapitalis.com\/tunisie\/?p=7078764"},"modified":"2023-03-23T21:28:59","modified_gmt":"2023-03-23T20:28:59","slug":"cameras-de-surveillance-dans-les-cellules-precisions-du-comite-general-des-prisons","status":"publish","type":"post","link":"https:\/\/kapitalis.com\/tunisie\/2023\/03\/23\/cameras-de-surveillance-dans-les-cellules-precisions-du-comite-general-des-prisons\/","title":{"rendered":"Cam\u00e9ras de surveillance dans les cellules : Pr\u00e9cisions du Comit\u00e9 g\u00e9n\u00e9ral des prisons"},"content":{"rendered":"\n<p><em><strong>Le Comit\u00e9 g\u00e9n\u00e9ral des prisons et de la r\u00e9\u00e9ducation (CGPR) s&rsquo;est exprim\u00e9, ce jeudi 23 mars 2023, sur les cam\u00e9ras de surveillance plac\u00e9es dans les cellules et ce suite \u00e0 la condamnation de cette mesure par les avocats des d\u00e9tenus accus\u00e9s de complot contre la s\u00fbret\u00e9 de l&rsquo;Etat.<\/strong><\/em><\/p>\n\n\n\n<!--more-->\n\n\n\n<p>Dans un communiqu\u00e9, la CGPR a affirm\u00e9 que <em>\u00abla surveillance au moyen de cam\u00e9ras intervient dans le cadre du respect de la loi et des r\u00e8glements en vigueur<\/em>\u00bb, citant notamment les dispositions de l\u2019Instance nationale de protection des donn\u00e9es personnelles (INPDP) en affirmant que celle-ci \u00ab<em>autorise l\u2019usage de cam\u00e9ras de surveillance dans les cellules des d\u00e9tenus en se contentant d\u2019une diffusion en temps r\u00e9el et sans enregistrements\u00bb.<\/em><\/p>\n\n\n\n<p>Le Comit\u00e9 g\u00e9n\u00e9ral des prison rappelle que \u00ab<em>l\u2019usage des cam\u00e9ras de surveillance se d\u00e9roule dans le respect total des droits des d\u00e9tenus, sans exception, afin de les prot\u00e9ger de toute tentative d\u2019agression et garantir une intervention imm\u00e9diate si n\u00e9cessaire\u00bb.<\/em><\/p>\n\n\n\n<p>Or de son c\u00f4t\u00e9, le Comit\u00e9 de d\u00e9fense des accus\u00e9s dans l&rsquo;affaire de complot contre la s\u00fbret\u00e9 de l&rsquo;Etat, a quant \u00e0 lui affirm\u00e9 que l&rsquo;INPDP a demand\u00e9 le retrait des cam\u00e9ras des cellules des concern\u00e9s, en mena\u00e7ant de poursuivre en justice la direction de la prison. <\/p>\n\n\n\n<p>Il a \u00e9galement publi\u00e9 une correspondance de l&rsquo;INDP adress\u00e9e \u00e0 l&rsquo;un de ses membres, Me Abdelaziz Essid,r\u00e9pondant \u00e0 une demande de ce dernier, en affirmant que l&rsquo;usage des cam\u00e9ras dans ce contexte n&rsquo;est pas autoris\u00e9 et demandant \u00e0 la prison de la Mornaguia de retirer les cam\u00e9ras install\u00e9s dans les cellules des d\u00e9tenus dans cette affaire.<\/p>\n\n\n\n<p>De son c\u00f4t\u00e9 le CGPR a demand\u00e9 \u00e0 \u00eatre tenu <em>\u00ab\u00e0 l\u2019\u00e9cart de tout tiraillement\u00bb<\/em>, en r\u00e9it\u00e9rant son <em>\u00abengagement \u00e0 respecter les lois en vigueur, dans le cadre du principe de l\u2019\u00e9quit\u00e9 et la neutralit\u00e9 de l\u2019administration\u00bb.<\/em><\/p>\n\n\n\n<p class=\"has-text-align-right\"><strong>Y. N.<\/strong><\/p>\n","protected":false},"excerpt":{"rendered":"<p>Cam\u00e9ras de surveillance dans les cellules : Pr\u00e9cisions du Comit\u00e9 g\u00e9n\u00e9ral des prisons<\/p>\n","protected":false},"author":6,"featured_media":3000911,"comment_status":"open","ping_status":"open","sticky":false,"template":"","format":"standard","meta":{"footnotes":""},"categories":[998,2433],"tags":[2770,7111,90298,5618,1315,6461],"class_list":["post-7078764","post","type-post","status-publish","format-standard","has-post-thumbnail","hentry","category-societe","category-tunisie","tag-avocats","tag-cameras-de-surveillance","tag-comite-general-des-prisons","tag-inpdp","tag-mornaguia","tag-prison-mornaguia"],"yoast_head":"<!-- This site is optimized with the Yoast SEO plugin v26.6 - https:\/\/yoast.com\/wordpress\/plugins\/seo\/ -->\n<title>Cam\u00e9ras de surveillance dans les cellules : Pr\u00e9cisions du Comit\u00e9 g\u00e9n\u00e9ral des prisons - Kapitalis<\/title>\n<meta name=\"description\" content=\"Le Comit\u00e9 g\u00e9n\u00e9ral des prisons et de la r\u00e9\u00e9ducation (CGPR) s&#039;est exprim\u00e9, ce jeudi 23 mars 2023, sur les cam\u00e9ras de surveillance plac\u00e9es dans les cellules et ce suite \u00e0 la condamnation de cette mesure par les avocats des d\u00e9tenus accus\u00e9s de complot contre la s\u00fbret\u00e9 de l&#039;Etat.\" \/>\n<meta name=\"robots\" content=\"index, follow, max-snippet:-1, max-image-preview:large, max-video-preview:-1\" \/>\n<link rel=\"canonical\" href=\"https:\/\/kapitalis.com\/tunisie\/2023\/03\/23\/cameras-de-surveillance-dans-les-cellules-precisions-du-comite-general-des-prisons\/\" \/>\n<meta property=\"og:locale\" content=\"fr_FR\" \/>\n<meta property=\"og:type\" content=\"article\" \/>\n<meta property=\"og:title\" content=\"Cam\u00e9ras de surveillance dans les cellules : Pr\u00e9cisions du Comit\u00e9 g\u00e9n\u00e9ral des prisons - Kapitalis\" \/>\n<meta property=\"og:description\" content=\"Le Comit\u00e9 g\u00e9n\u00e9ral des prisons et de la r\u00e9\u00e9ducation (CGPR) s&#039;est exprim\u00e9, ce jeudi 23 mars 2023, sur les cam\u00e9ras de surveillance plac\u00e9es dans les cellules et ce suite \u00e0 la condamnation de cette mesure par les avocats des d\u00e9tenus accus\u00e9s de complot contre la s\u00fbret\u00e9 de l&#039;Etat.\" \/>\n<meta property=\"og:url\" content=\"https:\/\/kapitalis.com\/tunisie\/2023\/03\/23\/cameras-de-surveillance-dans-les-cellules-precisions-du-comite-general-des-prisons\/\" \/>\n<meta property=\"og:site_name\" content=\"Kapitalis\" \/>\n<meta property=\"article:publisher\" content=\"https:\/\/www.facebook.com\/KapitalisInfo\/\" \/>\n<meta property=\"article:published_time\" content=\"2023-03-23T20:19:39+00:00\" \/>\n<meta property=\"article:modified_time\" content=\"2023-03-23T20:28:59+00:00\" \/>\n<meta property=\"og:image\" content=\"https:\/\/kapitalis.com\/tunisie\/wp-content\/uploads\/2022\/08\/prison.jpg\" \/>\n\t<meta property=\"og:image:width\" content=\"1200\" \/>\n\t<meta property=\"og:image:height\" content=\"630\" \/>\n\t<meta property=\"og:image:type\" content=\"image\/jpeg\" \/>\n<meta name=\"author\" content=\"Yusra NY\" \/>\n<meta name=\"twitter:card\" content=\"summary_large_image\" \/>\n<meta name=\"twitter:creator\" content=\"@KapitalisInfo\" \/>\n<meta name=\"twitter:site\" content=\"@KapitalisInfo\" \/>\n<meta name=\"twitter:label1\" content=\"\u00c9crit par\" \/>\n\t<meta name=\"twitter:data1\" content=\"Yusra NY\" \/>\n\t<meta name=\"twitter:label2\" content=\"Dur\u00e9e de lecture estim\u00e9e\" \/>\n\t<meta name=\"twitter:data2\" content=\"2 minutes\" \/>\n<script type=\"application\/ld+json\" class=\"yoast-schema-graph\">{\"@context\":\"https:\/\/schema.org\",\"@graph\":[{\"@type\":\"Article\",\"@id\":\"https:\/\/kapitalis.com\/tunisie\/2023\/03\/23\/cameras-de-surveillance-dans-les-cellules-precisions-du-comite-general-des-prisons\/#article\",\"isPartOf\":{\"@id\":\"https:\/\/kapitalis.com\/tunisie\/2023\/03\/23\/cameras-de-surveillance-dans-les-cellules-precisions-du-comite-general-des-prisons\/\"},\"author\":{\"name\":\"Yusra NY\",\"@id\":\"https:\/\/kapitalis.com\/tunisie\/#\/schema\/person\/74bbde0154d49d790a92aaeac5bc01d5\"},\"headline\":\"Cam\u00e9ras de surveillance dans les cellules : Pr\u00e9cisions du Comit\u00e9 g\u00e9n\u00e9ral des prisons\",\"datePublished\":\"2023-03-23T20:19:39+00:00\",\"dateModified\":\"2023-03-23T20:28:59+00:00\",\"mainEntityOfPage\":{\"@id\":\"https:\/\/kapitalis.com\/tunisie\/2023\/03\/23\/cameras-de-surveillance-dans-les-cellules-precisions-du-comite-general-des-prisons\/\"},\"wordCount\":349,\"commentCount\":1,\"publisher\":{\"@id\":\"https:\/\/kapitalis.com\/tunisie\/#organization\"},\"image\":{\"@id\":\"https:\/\/kapitalis.com\/tunisie\/2023\/03\/23\/cameras-de-surveillance-dans-les-cellules-precisions-du-comite-general-des-prisons\/#primaryimage\"},\"thumbnailUrl\":\"https:\/\/kapitalis.com\/tunisie\/wp-content\/uploads\/2022\/08\/prison.jpg\",\"keywords\":[\"avocats\",\"cam\u00e9ras de surveillance\",\"Comit\u00e9 g\u00e9n\u00e9ral des prisons\",\"INPDP\",\"Mornaguia\",\"Prison Mornaguia\"],\"articleSection\":[\"SOCIETE\",\"Tunisie\"],\"inLanguage\":\"fr-FR\",\"potentialAction\":[{\"@type\":\"CommentAction\",\"name\":\"Comment\",\"target\":[\"https:\/\/kapitalis.com\/tunisie\/2023\/03\/23\/cameras-de-surveillance-dans-les-cellules-precisions-du-comite-general-des-prisons\/#respond\"]}]},{\"@type\":\"WebPage\",\"@id\":\"https:\/\/kapitalis.com\/tunisie\/2023\/03\/23\/cameras-de-surveillance-dans-les-cellules-precisions-du-comite-general-des-prisons\/\",\"url\":\"https:\/\/kapitalis.com\/tunisie\/2023\/03\/23\/cameras-de-surveillance-dans-les-cellules-precisions-du-comite-general-des-prisons\/\",\"name\":\"Cam\u00e9ras de surveillance dans les cellules : Pr\u00e9cisions du Comit\u00e9 g\u00e9n\u00e9ral des prisons - Kapitalis\",\"isPartOf\":{\"@id\":\"https:\/\/kapitalis.com\/tunisie\/#website\"},\"primaryImageOfPage\":{\"@id\":\"https:\/\/kapitalis.com\/tunisie\/2023\/03\/23\/cameras-de-surveillance-dans-les-cellules-precisions-du-comite-general-des-prisons\/#primaryimage\"},\"image\":{\"@id\":\"https:\/\/kapitalis.com\/tunisie\/2023\/03\/23\/cameras-de-surveillance-dans-les-cellules-precisions-du-comite-general-des-prisons\/#primaryimage\"},\"thumbnailUrl\":\"https:\/\/kapitalis.com\/tunisie\/wp-content\/uploads\/2022\/08\/prison.jpg\",\"datePublished\":\"2023-03-23T20:19:39+00:00\",\"dateModified\":\"2023-03-23T20:28:59+00:00\",\"description\":\"Le Comit\u00e9 g\u00e9n\u00e9ral des prisons et de la r\u00e9\u00e9ducation (CGPR) s'est exprim\u00e9, ce jeudi 23 mars 2023, sur les cam\u00e9ras de surveillance plac\u00e9es dans les cellules et ce suite \u00e0 la condamnation de cette mesure par les avocats des d\u00e9tenus accus\u00e9s de complot contre la s\u00fbret\u00e9 de l'Etat.\",\"breadcrumb\":{\"@id\":\"https:\/\/kapitalis.com\/tunisie\/2023\/03\/23\/cameras-de-surveillance-dans-les-cellules-precisions-du-comite-general-des-prisons\/#breadcrumb\"},\"inLanguage\":\"fr-FR\",\"potentialAction\":[{\"@type\":\"ReadAction\",\"target\":[\"https:\/\/kapitalis.com\/tunisie\/2023\/03\/23\/cameras-de-surveillance-dans-les-cellules-precisions-du-comite-general-des-prisons\/\"]}]},{\"@type\":\"ImageObject\",\"inLanguage\":\"fr-FR\",\"@id\":\"https:\/\/kapitalis.com\/tunisie\/2023\/03\/23\/cameras-de-surveillance-dans-les-cellules-precisions-du-comite-general-des-prisons\/#primaryimage\",\"url\":\"https:\/\/kapitalis.com\/tunisie\/wp-content\/uploads\/2022\/08\/prison.jpg\",\"contentUrl\":\"https:\/\/kapitalis.com\/tunisie\/wp-content\/uploads\/2022\/08\/prison.jpg\",\"width\":1200,\"height\":630},{\"@type\":\"BreadcrumbList\",\"@id\":\"https:\/\/kapitalis.com\/tunisie\/2023\/03\/23\/cameras-de-surveillance-dans-les-cellules-precisions-du-comite-general-des-prisons\/#breadcrumb\",\"itemListElement\":[{\"@type\":\"ListItem\",\"position\":1,\"name\":\"Accueil\",\"item\":\"https:\/\/kapitalis.com\/tunisie\/\"},{\"@type\":\"ListItem\",\"position\":2,\"name\":\"Cam\u00e9ras de surveillance dans les cellules : Pr\u00e9cisions du Comit\u00e9 g\u00e9n\u00e9ral des prisons\"}]},{\"@type\":\"WebSite\",\"@id\":\"https:\/\/kapitalis.com\/tunisie\/#website\",\"url\":\"https:\/\/kapitalis.com\/tunisie\/\",\"name\":\"Kapitalis\",\"description\":\"L&#039;actualit\u00e9 en Tunisie et dans le monde\",\"publisher\":{\"@id\":\"https:\/\/kapitalis.com\/tunisie\/#organization\"},\"potentialAction\":[{\"@type\":\"SearchAction\",\"target\":{\"@type\":\"EntryPoint\",\"urlTemplate\":\"https:\/\/kapitalis.com\/tunisie\/?s={search_term_string}\"},\"query-input\":{\"@type\":\"PropertyValueSpecification\",\"valueRequired\":true,\"valueName\":\"search_term_string\"}}],\"inLanguage\":\"fr-FR\"},{\"@type\":\"Organization\",\"@id\":\"https:\/\/kapitalis.com\/tunisie\/#organization\",\"name\":\"Kapitalis\",\"url\":\"https:\/\/kapitalis.com\/tunisie\/\",\"logo\":{\"@type\":\"ImageObject\",\"inLanguage\":\"fr-FR\",\"@id\":\"https:\/\/kapitalis.com\/tunisie\/#\/schema\/logo\/image\/\",\"url\":\"https:\/\/kapitalis.com\/tunisie\/wp-content\/uploads\/2022\/05\/Kapitalis-big-size.png\",\"contentUrl\":\"https:\/\/kapitalis.com\/tunisie\/wp-content\/uploads\/2022\/05\/Kapitalis-big-size.png\",\"width\":5000,\"height\":1500,\"caption\":\"Kapitalis\"},\"image\":{\"@id\":\"https:\/\/kapitalis.com\/tunisie\/#\/schema\/logo\/image\/\"},\"sameAs\":[\"https:\/\/www.facebook.com\/KapitalisInfo\/\",\"https:\/\/x.com\/KapitalisInfo\",\"https:\/\/www.youtube.com\/channel\/UC-yDYrHyfFBWWZaOw3FPg9Q\"]},{\"@type\":\"Person\",\"@id\":\"https:\/\/kapitalis.com\/tunisie\/#\/schema\/person\/74bbde0154d49d790a92aaeac5bc01d5\",\"name\":\"Yusra NY\",\"url\":\"https:\/\/kapitalis.com\/tunisie\/author\/yuza_adam\/\"}]}<\/script>\n<!-- \/ Yoast SEO plugin. -->","yoast_head_json":{"title":"Cam\u00e9ras de surveillance dans les cellules : Pr\u00e9cisions du Comit\u00e9 g\u00e9n\u00e9ral des prisons - Kapitalis","description":"Le Comit\u00e9 g\u00e9n\u00e9ral des prisons et de la r\u00e9\u00e9ducation (CGPR) s'est exprim\u00e9, ce jeudi 23 mars 2023, sur les cam\u00e9ras de surveillance plac\u00e9es dans les cellules et ce suite \u00e0 la condamnation de cette mesure par les avocats des d\u00e9tenus accus\u00e9s de complot contre la s\u00fbret\u00e9 de l'Etat.","robots":{"index":"index","follow":"follow","max-snippet":"max-snippet:-1","max-image-preview":"max-image-preview:large","max-video-preview":"max-video-preview:-1"},"canonical":"https:\/\/kapitalis.com\/tunisie\/2023\/03\/23\/cameras-de-surveillance-dans-les-cellules-precisions-du-comite-general-des-prisons\/","og_locale":"fr_FR","og_type":"article","og_title":"Cam\u00e9ras de surveillance dans les cellules : Pr\u00e9cisions du Comit\u00e9 g\u00e9n\u00e9ral des prisons - Kapitalis","og_description":"Le Comit\u00e9 g\u00e9n\u00e9ral des prisons et de la r\u00e9\u00e9ducation (CGPR) s'est exprim\u00e9, ce jeudi 23 mars 2023, sur les cam\u00e9ras de surveillance plac\u00e9es dans les cellules et ce suite \u00e0 la condamnation de cette mesure par les avocats des d\u00e9tenus accus\u00e9s de complot contre la s\u00fbret\u00e9 de l'Etat.","og_url":"https:\/\/kapitalis.com\/tunisie\/2023\/03\/23\/cameras-de-surveillance-dans-les-cellules-precisions-du-comite-general-des-prisons\/","og_site_name":"Kapitalis","article_publisher":"https:\/\/www.facebook.com\/KapitalisInfo\/","article_published_time":"2023-03-23T20:19:39+00:00","article_modified_time":"2023-03-23T20:28:59+00:00","og_image":[{"width":1200,"height":630,"url":"https:\/\/kapitalis.com\/tunisie\/wp-content\/uploads\/2022\/08\/prison.jpg","type":"image\/jpeg"}],"author":"Yusra NY","twitter_card":"summary_large_image","twitter_creator":"@KapitalisInfo","twitter_site":"@KapitalisInfo","twitter_misc":{"\u00c9crit par":"Yusra NY","Dur\u00e9e de lecture estim\u00e9e":"2 minutes"},"schema":{"@context":"https:\/\/schema.org","@graph":[{"@type":"Article","@id":"https:\/\/kapitalis.com\/tunisie\/2023\/03\/23\/cameras-de-surveillance-dans-les-cellules-precisions-du-comite-general-des-prisons\/#article","isPartOf":{"@id":"https:\/\/kapitalis.com\/tunisie\/2023\/03\/23\/cameras-de-surveillance-dans-les-cellules-precisions-du-comite-general-des-prisons\/"},"author":{"name":"Yusra NY","@id":"https:\/\/kapitalis.com\/tunisie\/#\/schema\/person\/74bbde0154d49d790a92aaeac5bc01d5"},"headline":"Cam\u00e9ras de surveillance dans les cellules : Pr\u00e9cisions du Comit\u00e9 g\u00e9n\u00e9ral des prisons","datePublished":"2023-03-23T20:19:39+00:00","dateModified":"2023-03-23T20:28:59+00:00","mainEntityOfPage":{"@id":"https:\/\/kapitalis.com\/tunisie\/2023\/03\/23\/cameras-de-surveillance-dans-les-cellules-precisions-du-comite-general-des-prisons\/"},"wordCount":349,"commentCount":1,"publisher":{"@id":"https:\/\/kapitalis.com\/tunisie\/#organization"},"image":{"@id":"https:\/\/kapitalis.com\/tunisie\/2023\/03\/23\/cameras-de-surveillance-dans-les-cellules-precisions-du-comite-general-des-prisons\/#primaryimage"},"thumbnailUrl":"https:\/\/kapitalis.com\/tunisie\/wp-content\/uploads\/2022\/08\/prison.jpg","keywords":["avocats","cam\u00e9ras de surveillance","Comit\u00e9 g\u00e9n\u00e9ral des prisons","INPDP","Mornaguia","Prison Mornaguia"],"articleSection":["SOCIETE","Tunisie"],"inLanguage":"fr-FR","potentialAction":[{"@type":"CommentAction","name":"Comment","target":["https:\/\/kapitalis.com\/tunisie\/2023\/03\/23\/cameras-de-surveillance-dans-les-cellules-precisions-du-comite-general-des-prisons\/#respond"]}]},{"@type":"WebPage","@id":"https:\/\/kapitalis.com\/tunisie\/2023\/03\/23\/cameras-de-surveillance-dans-les-cellules-precisions-du-comite-general-des-prisons\/","url":"https:\/\/kapitalis.com\/tunisie\/2023\/03\/23\/cameras-de-surveillance-dans-les-cellules-precisions-du-comite-general-des-prisons\/","name":"Cam\u00e9ras de surveillance dans les cellules : Pr\u00e9cisions du Comit\u00e9 g\u00e9n\u00e9ral des prisons - Kapitalis","isPartOf":{"@id":"https:\/\/kapitalis.com\/tunisie\/#website"},"primaryImageOfPage":{"@id":"https:\/\/kapitalis.com\/tunisie\/2023\/03\/23\/cameras-de-surveillance-dans-les-cellules-precisions-du-comite-general-des-prisons\/#primaryimage"},"image":{"@id":"https:\/\/kapitalis.com\/tunisie\/2023\/03\/23\/cameras-de-surveillance-dans-les-cellules-precisions-du-comite-general-des-prisons\/#primaryimage"},"thumbnailUrl":"https:\/\/kapitalis.com\/tunisie\/wp-content\/uploads\/2022\/08\/prison.jpg","datePublished":"2023-03-23T20:19:39+00:00","dateModified":"2023-03-23T20:28:59+00:00","description":"Le Comit\u00e9 g\u00e9n\u00e9ral des prisons et de la r\u00e9\u00e9ducation (CGPR) s'est exprim\u00e9, ce jeudi 23 mars 2023, sur les cam\u00e9ras de surveillance plac\u00e9es dans les cellules et ce suite \u00e0 la condamnation de cette mesure par les avocats des d\u00e9tenus accus\u00e9s de complot contre la s\u00fbret\u00e9 de l'Etat.","breadcrumb":{"@id":"https:\/\/kapitalis.com\/tunisie\/2023\/03\/23\/cameras-de-surveillance-dans-les-cellules-precisions-du-comite-general-des-prisons\/#breadcrumb"},"inLanguage":"fr-FR","potentialAction":[{"@type":"ReadAction","target":["https:\/\/kapitalis.com\/tunisie\/2023\/03\/23\/cameras-de-surveillance-dans-les-cellules-precisions-du-comite-general-des-prisons\/"]}]},{"@type":"ImageObject","inLanguage":"fr-FR","@id":"https:\/\/kapitalis.com\/tunisie\/2023\/03\/23\/cameras-de-surveillance-dans-les-cellules-precisions-du-comite-general-des-prisons\/#primaryimage","url":"https:\/\/kapitalis.com\/tunisie\/wp-content\/uploads\/2022\/08\/prison.jpg","contentUrl":"https:\/\/kapitalis.com\/tunisie\/wp-content\/uploads\/2022\/08\/prison.jpg","width":1200,"height":630},{"@type":"BreadcrumbList","@id":"https:\/\/kapitalis.com\/tunisie\/2023\/03\/23\/cameras-de-surveillance-dans-les-cellules-precisions-du-comite-general-des-prisons\/#breadcrumb","itemListElement":[{"@type":"ListItem","position":1,"name":"Accueil","item":"https:\/\/kapitalis.com\/tunisie\/"},{"@type":"ListItem","position":2,"name":"Cam\u00e9ras de surveillance dans les cellules : Pr\u00e9cisions du Comit\u00e9 g\u00e9n\u00e9ral des prisons"}]},{"@type":"WebSite","@id":"https:\/\/kapitalis.com\/tunisie\/#website","url":"https:\/\/kapitalis.com\/tunisie\/","name":"Kapitalis","description":"L&#039;actualit\u00e9 en Tunisie et dans le monde","publisher":{"@id":"https:\/\/kapitalis.com\/tunisie\/#organization"},"potentialAction":[{"@type":"SearchAction","target":{"@type":"EntryPoint","urlTemplate":"https:\/\/kapitalis.com\/tunisie\/?s={search_term_string}"},"query-input":{"@type":"PropertyValueSpecification","valueRequired":true,"valueName":"search_term_string"}}],"inLanguage":"fr-FR"},{"@type":"Organization","@id":"https:\/\/kapitalis.com\/tunisie\/#organization","name":"Kapitalis","url":"https:\/\/kapitalis.com\/tunisie\/","logo":{"@type":"ImageObject","inLanguage":"fr-FR","@id":"https:\/\/kapitalis.com\/tunisie\/#\/schema\/logo\/image\/","url":"https:\/\/kapitalis.com\/tunisie\/wp-content\/uploads\/2022\/05\/Kapitalis-big-size.png","contentUrl":"https:\/\/kapitalis.com\/tunisie\/wp-content\/uploads\/2022\/05\/Kapitalis-big-size.png","width":5000,"height":1500,"caption":"Kapitalis"},"image":{"@id":"https:\/\/kapitalis.com\/tunisie\/#\/schema\/logo\/image\/"},"sameAs":["https:\/\/www.facebook.com\/KapitalisInfo\/","https:\/\/x.com\/KapitalisInfo","https:\/\/www.youtube.com\/channel\/UC-yDYrHyfFBWWZaOw3FPg9Q"]},{"@type":"Person","@id":"https:\/\/kapitalis.com\/tunisie\/#\/schema\/person\/74bbde0154d49d790a92aaeac5bc01d5","name":"Yusra NY","url":"https:\/\/kapitalis.com\/tunisie\/author\/yuza_adam\/"}]}},"_links":{"self":[{"href":"https:\/\/kapitalis.com\/tunisie\/wp-json\/wp\/v2\/posts\/7078764","targetHints":{"allow":["GET"]}}],"collection":[{"href":"https:\/\/kapitalis.com\/tunisie\/wp-json\/wp\/v2\/posts"}],"about":[{"href":"https:\/\/kapitalis.com\/tunisie\/wp-json\/wp\/v2\/types\/post"}],"author":[{"embeddable":true,"href":"https:\/\/kapitalis.com\/tunisie\/wp-json\/wp\/v2\/users\/6"}],"replies":[{"embeddable":true,"href":"https:\/\/kapitalis.com\/tunisie\/wp-json\/wp\/v2\/comments?post=7078764"}],"version-history":[{"count":2,"href":"https:\/\/kapitalis.com\/tunisie\/wp-json\/wp\/v2\/posts\/7078764\/revisions"}],"predecessor-version":[{"id":7078831,"href":"https:\/\/kapitalis.com\/tunisie\/wp-json\/wp\/v2\/posts\/7078764\/revisions\/7078831"}],"wp:featuredmedia":[{"embeddable":true,"href":"https:\/\/kapitalis.com\/tunisie\/wp-json\/wp\/v2\/media\/3000911"}],"wp:attachment":[{"href":"https:\/\/kapitalis.com\/tunisie\/wp-json\/wp\/v2\/media?parent=7078764"}],"wp:term":[{"taxonomy":"category","embeddable":true,"href":"https:\/\/kapitalis.com\/tunisie\/wp-json\/wp\/v2\/categories?post=7078764"},{"taxonomy":"post_tag","embeddable":true,"href":"https:\/\/kapitalis.com\/tunisie\/wp-json\/wp\/v2\/tags?post=7078764"}],"curies":[{"name":"wp","href":"https:\/\/api.w.org\/{rel}","templated":true}]}}