{"id":7085096,"date":"2023-03-24T10:57:49","date_gmt":"2023-03-24T09:57:49","guid":{"rendered":"https:\/\/kapitalis.com\/tunisie\/?p=7085096"},"modified":"2023-03-24T10:57:51","modified_gmt":"2023-03-24T09:57:51","slug":"premiere-promotion-de-son-programme-dincubation-essentielles-a-sfax","status":"publish","type":"post","link":"https:\/\/kapitalis.com\/tunisie\/2023\/03\/24\/premiere-promotion-de-son-programme-dincubation-essentielles-a-sfax\/","title":{"rendered":"Premi\u00e8re promotion de son programme d\u2019incubation Essentielles \u00e0 Sfax"},"content":{"rendered":"\n<p><strong><em>L\u2019acc\u00e9l\u00e9rateur d\u2019innovation sociale Lab\u2019ess continue son engagement aupr\u00e8s de l\u2019entrepreneuriat social tunisien avec le lancement de la premi\u00e8re promotion de son programme Essentielles \u00e0 Sfax. Ce sont donc 10 nouvelles porteuses de projet \u00e0 impact qui ont d\u00e9marr\u00e9 ce mois-ci l\u2019accompagnement par le Lab\u2019ess.<\/em><\/strong><\/p>\n\n\n\n<!--more-->\n\n\n\n<p>Dans un contexte social, \u00e9conomique et environnemental en pleine transformation, de nouveaux besoins \u00e9mergent et se multiplient. Ces changements incitent \u00e0 une am\u00e9lioration des pratiques \u00e9conomiques et entrepreneuriales afin de favoriser l\u2019\u00e9quit\u00e9 sociale et le d\u00e9veloppement durable.<\/p>\n\n\n\n<h2 class=\"wp-block-heading\">Un incubateur au service de l\u2019innovation sociale<\/h2>\n\n\n\n<p>Ces mutations ont pour cons\u00e9quence d\u2019accro\u00eetre les in\u00e9galit\u00e9s, d\u00e9j\u00e0 nombreuses, notamment entre les hommes et les femmes et entre les territoires. Les femmes, particuli\u00e8rement en r\u00e9gion, sont ainsi des actrices essentielles du changement face \u00e0 ces besoins.<\/p>\n\n\n\n<p>Le programme Essentielles du Lab\u2019ess s\u2019inscrit dans cette r\u00e9flexion, avec la volont\u00e9 de favoriser l\u2019innovation sociale \u00e0 travers l\u2019entrepreneuriat f\u00e9minin en r\u00e9gion.<\/p>\n\n\n\n<p>Ce programme s\u2019adresse aux fondatrices ou co-fondatrices d\u2019une entreprise sociale, cr\u00e9\u00e9e ou en cours de cr\u00e9ation juridique, qui propose une solution innovante \u00e0 un besoin social ou environnemental peu ou mal satisfait. D\u2019une dur\u00e9e de quatre mois, le programme Essentielles offre \u00e0 ses incub\u00e9es des formations, accompagnements individuels, et opportunit\u00e9s de mise en r\u00e9seau sp\u00e9cifiquement adapt\u00e9s \u00e0 leurs besoins, ainsi qu\u2019un potentiel financement sous la forme d\u2019un pr\u00eat d\u2019honneur d\u2019un montant maximum de 15.000 TND.<\/p>\n\n\n\n<p>Lanc\u00e9 le 2 janvier dernier, l\u2019appel \u00e0 candidature pour la s\u00e9lection de la premi\u00e8re promotion du programme Essentielles a su mobiliser les foules&nbsp;: au total, plus de 100 porteur.euse.s de projets ont soumis leur candidature pour rejoindre l\u2019incubateur. A l&rsquo;issue du bootcamp et des entretiens individuels, 10 entrepreneures ont \u00e9t\u00e9 s\u00e9lectionn\u00e9es pour int\u00e9grer cette premi\u00e8re promotion du programme d\u2019incubation Essentielles. Des projets innovants, qui portent la promesse d\u2019une \u00e9conomie plus durable, responsable et inclusive&nbsp;!<\/p>\n\n\n\n<h2 class=\"wp-block-heading\">Les dix projets de la premi\u00e8re promotion<\/h2>\n\n\n\n<p><strong>Dimazina<\/strong> : offre une solution digitale compl\u00e8te sp\u00e9cialement con\u00e7ue pour soutenir l&rsquo;activit\u00e9 \u00e9conomique des cr\u00e9ateurs d&rsquo;arts locaux, en les connectant \u00e0 la fois aux march\u00e9s nationaux et internationaux et aux fournisseurs de mati\u00e8res premi\u00e8res.<\/p>\n\n\n\n<p><strong>SD Academy\u00a0<\/strong>: d\u00e9veloppe une plateforme \u00e9ducative intelligente \u00e0 destination des personnes sourdes-muettes pour favoriser leur inclusion sociale et \u00e9conomique.<\/p>\n\n\n\n<p><strong>Rigoula <\/strong>: est une ferme biologique certifi\u00e9e proposant des fruits et l\u00e9gumes locaux bio, frais, s\u00e9ch\u00e9s, ou en conserve, visant ainsi \u00e0 valoriser les produits du territoire dans le respect de l&rsquo;environnement et de la tradition culinaire tunisienne.<\/p>\n\n\n\n<p><strong>Kideco<\/strong>: fait le bonheur de toutes les g\u00e9n\u00e9rations \u00e0 travers des jeux ludiques et intellectuellement stimulants, fabriqu\u00e9s en mat\u00e9riaux certifi\u00e9s \u00e9cologiques, robustes et non-toxiques.<\/p>\n\n\n\n<p><strong>Aenhance<\/strong>: est une plateforme digitale qui mobilise l&rsquo;intelligence artificielle pour offrir des services de conseil et formations sp\u00e9cialis\u00e9s destin\u00e9s \u00e0 am\u00e9liorer l\u2019acc\u00e8s aux soins en sant\u00e9 mentale et le bien-\u00eatre psychologique des enfants et des parents.<\/p>\n\n\n\n<p><strong>Inara Solutions<\/strong> : est une entreprise familiale \u0153uvrant pour la transition \u00e9cologique, sp\u00e9cialis\u00e9e dans la production d&rsquo;\u00e9nergie verte \u00e0 travers l&rsquo;installation et la maintenance photovolta\u00efque.<\/p>\n\n\n\n<p><strong>Ecopalme<\/strong>\u00a0: est une entreprise engag\u00e9e pour une \u00e9conomie plus durable et circulaire. Elle est sp\u00e9cialis\u00e9e dans la transformation des d\u00e9chets d&rsquo;oasis pour la fabrication industrielle de palettes moul\u00e9es en sciures de palmes certifi\u00e9es selon les normes internationales.<\/p>\n\n\n\n<p><strong>Robo-Mod<\/strong>\u00a0: propose une exp\u00e9rience d&rsquo;apprentissage interactive favorisant le d\u00e9veloppement cognitif des enfants en leur permettant de construire leur propre robot \u00e0 travers des kits \u00e9ducatifs modulables, programmables et extensibles et une offre de formation et de suivi en ligne ou en pr\u00e9sentiel.<\/p>\n\n\n\n<p><strong>XPRO\u00a0<\/strong>:\u00a0 est un compl\u00e9ment alimentaire 100% naturel qui s&rsquo;ajoute au r\u00e9gime des volailles pour am\u00e9liorer la qualit\u00e9 d&rsquo;\u00e9levage et r\u00e9duire le recours aux additifs n\u00e9fastes comme les antibiotiques.<\/p>\n\n\n\n<p><strong>Retaste<\/strong>: propose des produits 100% artisanaux \u00e0 base notamment d&rsquo;ail noir et d&rsquo;ingr\u00e9dients locaux naturels, pour proposer une red\u00e9couverte des go\u00fbts traditionnels et un voyage culinaire savoureux et \u00e9coresponsable.<\/p>\n\n\n\n<p><a href=\"http:\/\/www.projet-fast.tn\" target=\"_blank\" rel=\"noreferrer noopener\">Le projet Essentielles-Fast AST<\/a> s\u2019inscrit dans le cadre de Fast, programme d\u2019appui \u00e0 la p\u00e9rennisation et la structuration de l\u2019\u00e9cosyst\u00e8me de l\u2019entrepreneuriat en Tunisie, financ\u00e9 par l\u2019Agence Fran\u00e7aise de D\u00e9veloppement (AFD), et mis en \u0153uvre par la Caisse des D\u00e9p\u00f4ts et Consignations Tunisienne avec l\u2019appui technique d\u2019Expertise France.\u00a0Ce projet vise \u00e0 lever les principaux freins que rencontrent les porteur.euse.s de projets et les PME, en s\u2019attachant plus particuli\u00e8rement \u00e0 favoriser le d\u00e9veloppement de l\u2019entrepreneuriat f\u00e9minin.<\/p>\n\n\n\n<p>Fond\u00e9 en 2012, juste apr\u00e8s la r\u00e9volution, le Laboratoire de l\u2019\u00c9conomie Sociale et Solidaire (<a href=\"http:\/\/www.labess.tn\" target=\"_blank\" rel=\"noreferrer noopener\">Lab\u2019ess<\/a>) est une organisation dont la mission est de soutenir le mouvement associatif et d\u2019appuyer l\u2019entrepreneuriat social comme levier d\u2019un d\u00e9veloppement solidaire, inclusif et durable. Le Lab\u2019ess a su \u00e9voluer et s\u2019adapter \u00e0 son contexte pour agir toujours plus efficacement aupr\u00e8s des acteur.rice.s du changement et d\u00e9multiplier son impact.<\/p>\n\n\n\n<p>Aujourd\u2019hui pr\u00e9sent \u00e0 Tunis, au sein de son espace de travail collaboratif, hors les murs en r\u00e9gions et \u00e9galement dans les pays de la r\u00e9gion MENA, le Lab\u2019ess, sensibilise, accompagne et finance toutes celles et ceux qui entreprennent en faveur de l\u2019int\u00e9r\u00eat g\u00e9n\u00e9ral \u00e0 travers diff\u00e9rents projets et programmes innovants.<\/p>\n","protected":false},"excerpt":{"rendered":"<p>10 nouvelles porteuses de projet \u00e0 impact qui ont d\u00e9marr\u00e9 ce mois-ci l\u2019accompagnement par le Lab\u2019ess \u00e0 Sfax. <\/p>\n","protected":false},"author":8,"featured_media":7085165,"comment_status":"open","ping_status":"open","sticky":false,"template":"","format":"standard","meta":{"footnotes":""},"categories":[995,2433],"tags":[24532,107633,96486,89910,107632,107631],"class_list":["post-7085096","post","type-post","status-publish","format-standard","has-post-thumbnail","hentry","category-economie","category-tunisie","tag-entrepreneuriat-social","tag-fast","tag-innovation-sociale","tag-labess-3","tag-projet-essentielles","tag-sfaxn"],"yoast_head":"<!-- This site is optimized with the Yoast SEO plugin v26.6 - https:\/\/yoast.com\/wordpress\/plugins\/seo\/ -->\n<title>Premi\u00e8re promotion de son programme d\u2019incubation Essentielles \u00e0 Sfax - Kapitalis<\/title>\n<meta name=\"robots\" content=\"index, follow, max-snippet:-1, max-image-preview:large, max-video-preview:-1\" \/>\n<link rel=\"canonical\" href=\"https:\/\/kapitalis.com\/tunisie\/2023\/03\/24\/premiere-promotion-de-son-programme-dincubation-essentielles-a-sfax\/\" \/>\n<meta property=\"og:locale\" content=\"fr_FR\" \/>\n<meta property=\"og:type\" content=\"article\" \/>\n<meta property=\"og:title\" content=\"Premi\u00e8re promotion de son programme d\u2019incubation Essentielles \u00e0 Sfax - Kapitalis\" \/>\n<meta property=\"og:description\" content=\"10 nouvelles porteuses de projet \u00e0 impact qui ont d\u00e9marr\u00e9 ce mois-ci l\u2019accompagnement par le Lab\u2019ess \u00e0 Sfax.\" \/>\n<meta property=\"og:url\" content=\"https:\/\/kapitalis.com\/tunisie\/2023\/03\/24\/premiere-promotion-de-son-programme-dincubation-essentielles-a-sfax\/\" \/>\n<meta property=\"og:site_name\" content=\"Kapitalis\" \/>\n<meta property=\"article:publisher\" content=\"https:\/\/www.facebook.com\/KapitalisInfo\/\" \/>\n<meta property=\"article:published_time\" content=\"2023-03-24T09:57:49+00:00\" \/>\n<meta property=\"article:modified_time\" content=\"2023-03-24T09:57:51+00:00\" \/>\n<meta property=\"og:image\" content=\"https:\/\/kapitalis.com\/tunisie\/wp-content\/uploads\/2023\/03\/\u062d\u0627\u0636\u0646\u0629-\u0644\u0627\u0628\u0627\u0633-\u0635\u0641\u0627\u0642\u0633-Labess-Sfax.jpg\" \/>\n\t<meta property=\"og:image:width\" content=\"1200\" \/>\n\t<meta property=\"og:image:height\" content=\"630\" \/>\n\t<meta property=\"og:image:type\" content=\"image\/jpeg\" \/>\n<meta name=\"author\" content=\"webmaster kapitalis\" \/>\n<meta name=\"twitter:card\" content=\"summary_large_image\" \/>\n<meta name=\"twitter:creator\" content=\"@KapitalisInfo\" \/>\n<meta name=\"twitter:site\" content=\"@KapitalisInfo\" \/>\n<meta name=\"twitter:label1\" content=\"\u00c9crit par\" \/>\n\t<meta name=\"twitter:data1\" content=\"webmaster kapitalis\" \/>\n\t<meta name=\"twitter:label2\" content=\"Dur\u00e9e de lecture estim\u00e9e\" \/>\n\t<meta name=\"twitter:data2\" content=\"5 minutes\" \/>\n<script type=\"application\/ld+json\" class=\"yoast-schema-graph\">{\"@context\":\"https:\/\/schema.org\",\"@graph\":[{\"@type\":\"Article\",\"@id\":\"https:\/\/kapitalis.com\/tunisie\/2023\/03\/24\/premiere-promotion-de-son-programme-dincubation-essentielles-a-sfax\/#article\",\"isPartOf\":{\"@id\":\"https:\/\/kapitalis.com\/tunisie\/2023\/03\/24\/premiere-promotion-de-son-programme-dincubation-essentielles-a-sfax\/\"},\"author\":{\"name\":\"webmaster kapitalis\",\"@id\":\"https:\/\/kapitalis.com\/tunisie\/#\/schema\/person\/d71f33a9ca44f7bad4698210b480c8e9\"},\"headline\":\"Premi\u00e8re promotion de son programme d\u2019incubation Essentielles \u00e0 Sfax\",\"datePublished\":\"2023-03-24T09:57:49+00:00\",\"dateModified\":\"2023-03-24T09:57:51+00:00\",\"mainEntityOfPage\":{\"@id\":\"https:\/\/kapitalis.com\/tunisie\/2023\/03\/24\/premiere-promotion-de-son-programme-dincubation-essentielles-a-sfax\/\"},\"wordCount\":932,\"commentCount\":0,\"publisher\":{\"@id\":\"https:\/\/kapitalis.com\/tunisie\/#organization\"},\"image\":{\"@id\":\"https:\/\/kapitalis.com\/tunisie\/2023\/03\/24\/premiere-promotion-de-son-programme-dincubation-essentielles-a-sfax\/#primaryimage\"},\"thumbnailUrl\":\"https:\/\/kapitalis.com\/tunisie\/wp-content\/uploads\/2023\/03\/\u062d\u0627\u0636\u0646\u0629-\u0644\u0627\u0628\u0627\u0633-\u0635\u0641\u0627\u0642\u0633-Labess-Sfax.jpg\",\"keywords\":[\"entrepreneuriat social\",\"Fast\",\"innovation sociale\",\"Lab&#039;ess\",\"projet Essentielles\",\"Sfaxn\"],\"articleSection\":[\"ECONOMIE\",\"Tunisie\"],\"inLanguage\":\"fr-FR\",\"potentialAction\":[{\"@type\":\"CommentAction\",\"name\":\"Comment\",\"target\":[\"https:\/\/kapitalis.com\/tunisie\/2023\/03\/24\/premiere-promotion-de-son-programme-dincubation-essentielles-a-sfax\/#respond\"]}]},{\"@type\":\"WebPage\",\"@id\":\"https:\/\/kapitalis.com\/tunisie\/2023\/03\/24\/premiere-promotion-de-son-programme-dincubation-essentielles-a-sfax\/\",\"url\":\"https:\/\/kapitalis.com\/tunisie\/2023\/03\/24\/premiere-promotion-de-son-programme-dincubation-essentielles-a-sfax\/\",\"name\":\"Premi\u00e8re promotion de son programme d\u2019incubation Essentielles \u00e0 Sfax - Kapitalis\",\"isPartOf\":{\"@id\":\"https:\/\/kapitalis.com\/tunisie\/#website\"},\"primaryImageOfPage\":{\"@id\":\"https:\/\/kapitalis.com\/tunisie\/2023\/03\/24\/premiere-promotion-de-son-programme-dincubation-essentielles-a-sfax\/#primaryimage\"},\"image\":{\"@id\":\"https:\/\/kapitalis.com\/tunisie\/2023\/03\/24\/premiere-promotion-de-son-programme-dincubation-essentielles-a-sfax\/#primaryimage\"},\"thumbnailUrl\":\"https:\/\/kapitalis.com\/tunisie\/wp-content\/uploads\/2023\/03\/\u062d\u0627\u0636\u0646\u0629-\u0644\u0627\u0628\u0627\u0633-\u0635\u0641\u0627\u0642\u0633-Labess-Sfax.jpg\",\"datePublished\":\"2023-03-24T09:57:49+00:00\",\"dateModified\":\"2023-03-24T09:57:51+00:00\",\"breadcrumb\":{\"@id\":\"https:\/\/kapitalis.com\/tunisie\/2023\/03\/24\/premiere-promotion-de-son-programme-dincubation-essentielles-a-sfax\/#breadcrumb\"},\"inLanguage\":\"fr-FR\",\"potentialAction\":[{\"@type\":\"ReadAction\",\"target\":[\"https:\/\/kapitalis.com\/tunisie\/2023\/03\/24\/premiere-promotion-de-son-programme-dincubation-essentielles-a-sfax\/\"]}]},{\"@type\":\"ImageObject\",\"inLanguage\":\"fr-FR\",\"@id\":\"https:\/\/kapitalis.com\/tunisie\/2023\/03\/24\/premiere-promotion-de-son-programme-dincubation-essentielles-a-sfax\/#primaryimage\",\"url\":\"https:\/\/kapitalis.com\/tunisie\/wp-content\/uploads\/2023\/03\/\u062d\u0627\u0636\u0646\u0629-\u0644\u0627\u0628\u0627\u0633-\u0635\u0641\u0627\u0642\u0633-Labess-Sfax.jpg\",\"contentUrl\":\"https:\/\/kapitalis.com\/tunisie\/wp-content\/uploads\/2023\/03\/\u062d\u0627\u0636\u0646\u0629-\u0644\u0627\u0628\u0627\u0633-\u0635\u0641\u0627\u0642\u0633-Labess-Sfax.jpg\",\"width\":1200,\"height\":630},{\"@type\":\"BreadcrumbList\",\"@id\":\"https:\/\/kapitalis.com\/tunisie\/2023\/03\/24\/premiere-promotion-de-son-programme-dincubation-essentielles-a-sfax\/#breadcrumb\",\"itemListElement\":[{\"@type\":\"ListItem\",\"position\":1,\"name\":\"Accueil\",\"item\":\"https:\/\/kapitalis.com\/tunisie\/\"},{\"@type\":\"ListItem\",\"position\":2,\"name\":\"Premi\u00e8re promotion de son programme d\u2019incubation Essentielles \u00e0 Sfax\"}]},{\"@type\":\"WebSite\",\"@id\":\"https:\/\/kapitalis.com\/tunisie\/#website\",\"url\":\"https:\/\/kapitalis.com\/tunisie\/\",\"name\":\"Kapitalis\",\"description\":\"L&#039;actualit\u00e9 en Tunisie et dans le monde\",\"publisher\":{\"@id\":\"https:\/\/kapitalis.com\/tunisie\/#organization\"},\"potentialAction\":[{\"@type\":\"SearchAction\",\"target\":{\"@type\":\"EntryPoint\",\"urlTemplate\":\"https:\/\/kapitalis.com\/tunisie\/?s={search_term_string}\"},\"query-input\":{\"@type\":\"PropertyValueSpecification\",\"valueRequired\":true,\"valueName\":\"search_term_string\"}}],\"inLanguage\":\"fr-FR\"},{\"@type\":\"Organization\",\"@id\":\"https:\/\/kapitalis.com\/tunisie\/#organization\",\"name\":\"Kapitalis\",\"url\":\"https:\/\/kapitalis.com\/tunisie\/\",\"logo\":{\"@type\":\"ImageObject\",\"inLanguage\":\"fr-FR\",\"@id\":\"https:\/\/kapitalis.com\/tunisie\/#\/schema\/logo\/image\/\",\"url\":\"https:\/\/kapitalis.com\/tunisie\/wp-content\/uploads\/2022\/05\/Kapitalis-big-size.png\",\"contentUrl\":\"https:\/\/kapitalis.com\/tunisie\/wp-content\/uploads\/2022\/05\/Kapitalis-big-size.png\",\"width\":5000,\"height\":1500,\"caption\":\"Kapitalis\"},\"image\":{\"@id\":\"https:\/\/kapitalis.com\/tunisie\/#\/schema\/logo\/image\/\"},\"sameAs\":[\"https:\/\/www.facebook.com\/KapitalisInfo\/\",\"https:\/\/x.com\/KapitalisInfo\",\"https:\/\/www.youtube.com\/channel\/UC-yDYrHyfFBWWZaOw3FPg9Q\"]},{\"@type\":\"Person\",\"@id\":\"https:\/\/kapitalis.com\/tunisie\/#\/schema\/person\/d71f33a9ca44f7bad4698210b480c8e9\",\"name\":\"webmaster kapitalis\",\"url\":\"https:\/\/kapitalis.com\/tunisie\/author\/webmaster-kapitalis\/\"}]}<\/script>\n<!-- \/ Yoast SEO plugin. -->","yoast_head_json":{"title":"Premi\u00e8re promotion de son programme d\u2019incubation Essentielles \u00e0 Sfax - Kapitalis","robots":{"index":"index","follow":"follow","max-snippet":"max-snippet:-1","max-image-preview":"max-image-preview:large","max-video-preview":"max-video-preview:-1"},"canonical":"https:\/\/kapitalis.com\/tunisie\/2023\/03\/24\/premiere-promotion-de-son-programme-dincubation-essentielles-a-sfax\/","og_locale":"fr_FR","og_type":"article","og_title":"Premi\u00e8re promotion de son programme d\u2019incubation Essentielles \u00e0 Sfax - Kapitalis","og_description":"10 nouvelles porteuses de projet \u00e0 impact qui ont d\u00e9marr\u00e9 ce mois-ci l\u2019accompagnement par le Lab\u2019ess \u00e0 Sfax.","og_url":"https:\/\/kapitalis.com\/tunisie\/2023\/03\/24\/premiere-promotion-de-son-programme-dincubation-essentielles-a-sfax\/","og_site_name":"Kapitalis","article_publisher":"https:\/\/www.facebook.com\/KapitalisInfo\/","article_published_time":"2023-03-24T09:57:49+00:00","article_modified_time":"2023-03-24T09:57:51+00:00","og_image":[{"width":1200,"height":630,"url":"https:\/\/kapitalis.com\/tunisie\/wp-content\/uploads\/2023\/03\/\u062d\u0627\u0636\u0646\u0629-\u0644\u0627\u0628\u0627\u0633-\u0635\u0641\u0627\u0642\u0633-Labess-Sfax.jpg","type":"image\/jpeg"}],"author":"webmaster kapitalis","twitter_card":"summary_large_image","twitter_creator":"@KapitalisInfo","twitter_site":"@KapitalisInfo","twitter_misc":{"\u00c9crit par":"webmaster kapitalis","Dur\u00e9e de lecture estim\u00e9e":"5 minutes"},"schema":{"@context":"https:\/\/schema.org","@graph":[{"@type":"Article","@id":"https:\/\/kapitalis.com\/tunisie\/2023\/03\/24\/premiere-promotion-de-son-programme-dincubation-essentielles-a-sfax\/#article","isPartOf":{"@id":"https:\/\/kapitalis.com\/tunisie\/2023\/03\/24\/premiere-promotion-de-son-programme-dincubation-essentielles-a-sfax\/"},"author":{"name":"webmaster kapitalis","@id":"https:\/\/kapitalis.com\/tunisie\/#\/schema\/person\/d71f33a9ca44f7bad4698210b480c8e9"},"headline":"Premi\u00e8re promotion de son programme d\u2019incubation Essentielles \u00e0 Sfax","datePublished":"2023-03-24T09:57:49+00:00","dateModified":"2023-03-24T09:57:51+00:00","mainEntityOfPage":{"@id":"https:\/\/kapitalis.com\/tunisie\/2023\/03\/24\/premiere-promotion-de-son-programme-dincubation-essentielles-a-sfax\/"},"wordCount":932,"commentCount":0,"publisher":{"@id":"https:\/\/kapitalis.com\/tunisie\/#organization"},"image":{"@id":"https:\/\/kapitalis.com\/tunisie\/2023\/03\/24\/premiere-promotion-de-son-programme-dincubation-essentielles-a-sfax\/#primaryimage"},"thumbnailUrl":"https:\/\/kapitalis.com\/tunisie\/wp-content\/uploads\/2023\/03\/\u062d\u0627\u0636\u0646\u0629-\u0644\u0627\u0628\u0627\u0633-\u0635\u0641\u0627\u0642\u0633-Labess-Sfax.jpg","keywords":["entrepreneuriat social","Fast","innovation sociale","Lab&#039;ess","projet Essentielles","Sfaxn"],"articleSection":["ECONOMIE","Tunisie"],"inLanguage":"fr-FR","potentialAction":[{"@type":"CommentAction","name":"Comment","target":["https:\/\/kapitalis.com\/tunisie\/2023\/03\/24\/premiere-promotion-de-son-programme-dincubation-essentielles-a-sfax\/#respond"]}]},{"@type":"WebPage","@id":"https:\/\/kapitalis.com\/tunisie\/2023\/03\/24\/premiere-promotion-de-son-programme-dincubation-essentielles-a-sfax\/","url":"https:\/\/kapitalis.com\/tunisie\/2023\/03\/24\/premiere-promotion-de-son-programme-dincubation-essentielles-a-sfax\/","name":"Premi\u00e8re promotion de son programme d\u2019incubation Essentielles \u00e0 Sfax - Kapitalis","isPartOf":{"@id":"https:\/\/kapitalis.com\/tunisie\/#website"},"primaryImageOfPage":{"@id":"https:\/\/kapitalis.com\/tunisie\/2023\/03\/24\/premiere-promotion-de-son-programme-dincubation-essentielles-a-sfax\/#primaryimage"},"image":{"@id":"https:\/\/kapitalis.com\/tunisie\/2023\/03\/24\/premiere-promotion-de-son-programme-dincubation-essentielles-a-sfax\/#primaryimage"},"thumbnailUrl":"https:\/\/kapitalis.com\/tunisie\/wp-content\/uploads\/2023\/03\/\u062d\u0627\u0636\u0646\u0629-\u0644\u0627\u0628\u0627\u0633-\u0635\u0641\u0627\u0642\u0633-Labess-Sfax.jpg","datePublished":"2023-03-24T09:57:49+00:00","dateModified":"2023-03-24T09:57:51+00:00","breadcrumb":{"@id":"https:\/\/kapitalis.com\/tunisie\/2023\/03\/24\/premiere-promotion-de-son-programme-dincubation-essentielles-a-sfax\/#breadcrumb"},"inLanguage":"fr-FR","potentialAction":[{"@type":"ReadAction","target":["https:\/\/kapitalis.com\/tunisie\/2023\/03\/24\/premiere-promotion-de-son-programme-dincubation-essentielles-a-sfax\/"]}]},{"@type":"ImageObject","inLanguage":"fr-FR","@id":"https:\/\/kapitalis.com\/tunisie\/2023\/03\/24\/premiere-promotion-de-son-programme-dincubation-essentielles-a-sfax\/#primaryimage","url":"https:\/\/kapitalis.com\/tunisie\/wp-content\/uploads\/2023\/03\/\u062d\u0627\u0636\u0646\u0629-\u0644\u0627\u0628\u0627\u0633-\u0635\u0641\u0627\u0642\u0633-Labess-Sfax.jpg","contentUrl":"https:\/\/kapitalis.com\/tunisie\/wp-content\/uploads\/2023\/03\/\u062d\u0627\u0636\u0646\u0629-\u0644\u0627\u0628\u0627\u0633-\u0635\u0641\u0627\u0642\u0633-Labess-Sfax.jpg","width":1200,"height":630},{"@type":"BreadcrumbList","@id":"https:\/\/kapitalis.com\/tunisie\/2023\/03\/24\/premiere-promotion-de-son-programme-dincubation-essentielles-a-sfax\/#breadcrumb","itemListElement":[{"@type":"ListItem","position":1,"name":"Accueil","item":"https:\/\/kapitalis.com\/tunisie\/"},{"@type":"ListItem","position":2,"name":"Premi\u00e8re promotion de son programme d\u2019incubation Essentielles \u00e0 Sfax"}]},{"@type":"WebSite","@id":"https:\/\/kapitalis.com\/tunisie\/#website","url":"https:\/\/kapitalis.com\/tunisie\/","name":"Kapitalis","description":"L&#039;actualit\u00e9 en Tunisie et dans le monde","publisher":{"@id":"https:\/\/kapitalis.com\/tunisie\/#organization"},"potentialAction":[{"@type":"SearchAction","target":{"@type":"EntryPoint","urlTemplate":"https:\/\/kapitalis.com\/tunisie\/?s={search_term_string}"},"query-input":{"@type":"PropertyValueSpecification","valueRequired":true,"valueName":"search_term_string"}}],"inLanguage":"fr-FR"},{"@type":"Organization","@id":"https:\/\/kapitalis.com\/tunisie\/#organization","name":"Kapitalis","url":"https:\/\/kapitalis.com\/tunisie\/","logo":{"@type":"ImageObject","inLanguage":"fr-FR","@id":"https:\/\/kapitalis.com\/tunisie\/#\/schema\/logo\/image\/","url":"https:\/\/kapitalis.com\/tunisie\/wp-content\/uploads\/2022\/05\/Kapitalis-big-size.png","contentUrl":"https:\/\/kapitalis.com\/tunisie\/wp-content\/uploads\/2022\/05\/Kapitalis-big-size.png","width":5000,"height":1500,"caption":"Kapitalis"},"image":{"@id":"https:\/\/kapitalis.com\/tunisie\/#\/schema\/logo\/image\/"},"sameAs":["https:\/\/www.facebook.com\/KapitalisInfo\/","https:\/\/x.com\/KapitalisInfo","https:\/\/www.youtube.com\/channel\/UC-yDYrHyfFBWWZaOw3FPg9Q"]},{"@type":"Person","@id":"https:\/\/kapitalis.com\/tunisie\/#\/schema\/person\/d71f33a9ca44f7bad4698210b480c8e9","name":"webmaster kapitalis","url":"https:\/\/kapitalis.com\/tunisie\/author\/webmaster-kapitalis\/"}]}},"_links":{"self":[{"href":"https:\/\/kapitalis.com\/tunisie\/wp-json\/wp\/v2\/posts\/7085096","targetHints":{"allow":["GET"]}}],"collection":[{"href":"https:\/\/kapitalis.com\/tunisie\/wp-json\/wp\/v2\/posts"}],"about":[{"href":"https:\/\/kapitalis.com\/tunisie\/wp-json\/wp\/v2\/types\/post"}],"author":[{"embeddable":true,"href":"https:\/\/kapitalis.com\/tunisie\/wp-json\/wp\/v2\/users\/8"}],"replies":[{"embeddable":true,"href":"https:\/\/kapitalis.com\/tunisie\/wp-json\/wp\/v2\/comments?post=7085096"}],"version-history":[{"count":1,"href":"https:\/\/kapitalis.com\/tunisie\/wp-json\/wp\/v2\/posts\/7085096\/revisions"}],"predecessor-version":[{"id":7085173,"href":"https:\/\/kapitalis.com\/tunisie\/wp-json\/wp\/v2\/posts\/7085096\/revisions\/7085173"}],"wp:featuredmedia":[{"embeddable":true,"href":"https:\/\/kapitalis.com\/tunisie\/wp-json\/wp\/v2\/media\/7085165"}],"wp:attachment":[{"href":"https:\/\/kapitalis.com\/tunisie\/wp-json\/wp\/v2\/media?parent=7085096"}],"wp:term":[{"taxonomy":"category","embeddable":true,"href":"https:\/\/kapitalis.com\/tunisie\/wp-json\/wp\/v2\/categories?post=7085096"},{"taxonomy":"post_tag","embeddable":true,"href":"https:\/\/kapitalis.com\/tunisie\/wp-json\/wp\/v2\/tags?post=7085096"}],"curies":[{"name":"wp","href":"https:\/\/api.w.org\/{rel}","templated":true}]}}