{"id":70920,"date":"2016-11-03T18:26:01","date_gmt":"2016-11-03T17:26:01","guid":{"rendered":"http:\/\/kapitalis.com\/tunisie\/?p=70920"},"modified":"2016-11-03T21:26:27","modified_gmt":"2016-11-03T20:26:27","slug":"voitures-administratives-infractions-baissent-13-a-6","status":"publish","type":"post","link":"https:\/\/kapitalis.com\/tunisie\/2016\/11\/03\/voitures-administratives-infractions-baissent-13-a-6\/","title":{"rendered":"Voitures administratives : Les infractions baissent de 13 \u00e0 6%"},"content":{"rendered":"<p><img loading=\"lazy\" decoding=\"async\" class=\"alignnone size-full wp-image-70921 aligncenter\" src=\"http:\/\/kapitalis.com\/tunisie\/wp-content\/uploads\/2016\/11\/Voiture-administrative.jpg\" alt=\"voiture-administrative\" width=\"626\" height=\"380\" \/><\/p>\n<p><em><strong>Le taux des infractions dans l&rsquo;utilisation des voitures administratives, signal\u00e9 lors de l\u2019Aid Al-Idha (13%), a baiss\u00e9 de mani\u00e8re sensible et s\u2019est stabilis\u00e9e, aujourd\u2019hui, entre 6,2% et 8%.<\/strong><\/em><\/p>\n<p><!--more--><\/p>\n<p>La campagne de contr\u00f4le des voitures administratives entam\u00e9e depuis l\u2019A\u00efd Al-Idha se poursuit sur tout le territoire de la r\u00e9publique, surtout durant les fins de semaine et les jours f\u00e9ri\u00e9s. Elle a permis de contr\u00f4ler environ 2.827 v\u00e9hicules administratifs et d\u2019enregistrer 236 infractions, qui ont \u00e9t\u00e9 signal\u00e9es aux instances concern\u00e9es afin qu\u2019elles prennent les mesures n\u00e9cessaires en vertu de la r\u00e9glementation en vigueur.<\/p>\n<p>Le taux le plus \u00e9lev\u00e9 des infractions a \u00e9t\u00e9 enregistr\u00e9 dans le Grand-Tunis (Tunis, Ben Arous et Ariana).<\/p>\n<p>Le taux des infractions signal\u00e9s lors de l\u2019Aid Al-Idha (13%) a baiss\u00e9 de mani\u00e8re sensible et s\u2019est stabilis\u00e9, aujourd\u2019hui, entre 6,2 et 8%, gr\u00e2ce \u00e0 l\u2019effort fourni par les \u00e9quipes de contr\u00f4le sur la route, indique, dans un communiqu\u00e9, publi\u00e9 aujourd\u2019hui, le secr\u00e9tariat d\u2019Etat aupr\u00e8s du ministre des Finances charg\u00e9 des Domaines de l\u2019Etat et des Affaires fonci\u00e8res.<\/p>\n<p>Le renforcement de ces campagnes de contr\u00f4le traduit la volont\u00e9 ferme du gouvernement d\u2019am\u00e9liorer la gestion du bien public et de faire respecter la loi par les agents de l\u2019Etat.<\/p>\n<p>Par ailleurs, un arr\u00eat\u00e9 du ministre des Transports a \u00e9t\u00e9 publi\u00e9 dans le Journal officiel, le 18 octobre dernier, porte sur la r\u00e9vision de l\u2019arr\u00eat\u00e9 du 25 janvier 2000 relatif \u00e0 l\u2019immatriculation des v\u00e9hicules du service public. Il d\u00e9finie les cat\u00e9gories des v\u00e9hicules mises en circulation et comportant des num\u00e9ros de s\u00e9rie ordinaires, pour les diff\u00e9rencier des v\u00e9hicules appartenant \u00e0 l\u2019Etat, aux institutions publiques \u00e0 caract\u00e8re administratif, aux collectivit\u00e9s locales et aux entreprises publiques, qui auront des matricules sp\u00e9ciales.<\/p>\n<p>Cette nouvelle r\u00e9glementation vise \u00e0 lever toute \u00e9quivoque concernant l\u2019utilisation des voitures administratives et de garantir le respect de la loi pour les utilisateurs.<\/p>\n<p style=\"text-align: right;\"><strong>I. B.<\/strong> (avec communiqu\u00e9).<\/p>\n","protected":false},"excerpt":{"rendered":"<p>Le taux des infractions dans l&rsquo;utilisation des voitures administratives, signal\u00e9 lors de l\u2019Aid Al-Idha (13%), a baiss\u00e9 de mani\u00e8re sensible et s\u2019est stabilis\u00e9e, aujourd\u2019hui, entre 6,2% et 8%.<\/p>\n","protected":false},"author":8,"featured_media":70921,"comment_status":"open","ping_status":"open","sticky":false,"template":"","format":"standard","meta":{"footnotes":""},"categories":[998,2433],"tags":[7517,2475,5656],"class_list":["post-70920","post","type-post","status-publish","format-standard","has-post-thumbnail","hentry","category-societe","category-tunisie","tag-immatriculation","tag-infractions","tag-voitures-administratives"],"yoast_head":"<!-- This site is optimized with the Yoast SEO plugin v26.6 - https:\/\/yoast.com\/wordpress\/plugins\/seo\/ -->\n<title>Voitures administratives : Les infractions baissent de 13 \u00e0 6% - Kapitalis<\/title>\n<meta name=\"robots\" content=\"index, follow, max-snippet:-1, max-image-preview:large, max-video-preview:-1\" \/>\n<link rel=\"canonical\" href=\"https:\/\/kapitalis.com\/tunisie\/2016\/11\/03\/voitures-administratives-infractions-baissent-13-a-6\/\" \/>\n<meta property=\"og:locale\" content=\"fr_FR\" \/>\n<meta property=\"og:type\" content=\"article\" \/>\n<meta property=\"og:title\" content=\"Voitures administratives : Les infractions baissent de 13 \u00e0 6% - Kapitalis\" \/>\n<meta property=\"og:description\" content=\"Le taux des infractions dans l&rsquo;utilisation des voitures administratives, signal\u00e9 lors de l\u2019Aid Al-Idha (13%), a baiss\u00e9 de mani\u00e8re sensible et s\u2019est stabilis\u00e9e, aujourd\u2019hui, entre 6,2% et 8%.\" \/>\n<meta property=\"og:url\" content=\"https:\/\/kapitalis.com\/tunisie\/2016\/11\/03\/voitures-administratives-infractions-baissent-13-a-6\/\" \/>\n<meta property=\"og:site_name\" content=\"Kapitalis\" \/>\n<meta property=\"article:publisher\" content=\"https:\/\/www.facebook.com\/KapitalisInfo\/\" \/>\n<meta property=\"article:published_time\" content=\"2016-11-03T17:26:01+00:00\" \/>\n<meta property=\"article:modified_time\" content=\"2016-11-03T20:26:27+00:00\" \/>\n<meta property=\"og:image\" content=\"https:\/\/kapitalis.com\/tunisie\/wp-content\/uploads\/2022\/05\/kapitalis-logo-fb.png\" \/>\n\t<meta property=\"og:image:width\" content=\"1200\" \/>\n\t<meta property=\"og:image:height\" content=\"630\" \/>\n\t<meta property=\"og:image:type\" content=\"image\/png\" \/>\n<meta name=\"author\" content=\"webmaster kapitalis\" \/>\n<meta name=\"twitter:card\" content=\"summary_large_image\" \/>\n<meta name=\"twitter:creator\" content=\"@KapitalisInfo\" \/>\n<meta name=\"twitter:site\" content=\"@KapitalisInfo\" \/>\n<meta name=\"twitter:label1\" content=\"\u00c9crit par\" \/>\n\t<meta name=\"twitter:data1\" content=\"webmaster kapitalis\" \/>\n\t<meta name=\"twitter:label2\" content=\"Dur\u00e9e de lecture estim\u00e9e\" \/>\n\t<meta name=\"twitter:data2\" content=\"2 minutes\" \/>\n<script type=\"application\/ld+json\" class=\"yoast-schema-graph\">{\"@context\":\"https:\/\/schema.org\",\"@graph\":[{\"@type\":\"Article\",\"@id\":\"https:\/\/kapitalis.com\/tunisie\/2016\/11\/03\/voitures-administratives-infractions-baissent-13-a-6\/#article\",\"isPartOf\":{\"@id\":\"https:\/\/kapitalis.com\/tunisie\/2016\/11\/03\/voitures-administratives-infractions-baissent-13-a-6\/\"},\"author\":{\"name\":\"webmaster kapitalis\",\"@id\":\"https:\/\/kapitalis.com\/tunisie\/#\/schema\/person\/d71f33a9ca44f7bad4698210b480c8e9\"},\"headline\":\"Voitures administratives : Les infractions baissent de 13 \u00e0 6%\",\"datePublished\":\"2016-11-03T17:26:01+00:00\",\"dateModified\":\"2016-11-03T20:26:27+00:00\",\"mainEntityOfPage\":{\"@id\":\"https:\/\/kapitalis.com\/tunisie\/2016\/11\/03\/voitures-administratives-infractions-baissent-13-a-6\/\"},\"wordCount\":351,\"commentCount\":0,\"publisher\":{\"@id\":\"https:\/\/kapitalis.com\/tunisie\/#organization\"},\"image\":{\"@id\":\"https:\/\/kapitalis.com\/tunisie\/2016\/11\/03\/voitures-administratives-infractions-baissent-13-a-6\/#primaryimage\"},\"thumbnailUrl\":\"\",\"keywords\":[\"immatriculation\",\"infractions\",\"voitures administratives\"],\"articleSection\":[\"SOCIETE\",\"Tunisie\"],\"inLanguage\":\"fr-FR\",\"potentialAction\":[{\"@type\":\"CommentAction\",\"name\":\"Comment\",\"target\":[\"https:\/\/kapitalis.com\/tunisie\/2016\/11\/03\/voitures-administratives-infractions-baissent-13-a-6\/#respond\"]}]},{\"@type\":\"WebPage\",\"@id\":\"https:\/\/kapitalis.com\/tunisie\/2016\/11\/03\/voitures-administratives-infractions-baissent-13-a-6\/\",\"url\":\"https:\/\/kapitalis.com\/tunisie\/2016\/11\/03\/voitures-administratives-infractions-baissent-13-a-6\/\",\"name\":\"Voitures administratives : Les infractions baissent de 13 \u00e0 6% - Kapitalis\",\"isPartOf\":{\"@id\":\"https:\/\/kapitalis.com\/tunisie\/#website\"},\"primaryImageOfPage\":{\"@id\":\"https:\/\/kapitalis.com\/tunisie\/2016\/11\/03\/voitures-administratives-infractions-baissent-13-a-6\/#primaryimage\"},\"image\":{\"@id\":\"https:\/\/kapitalis.com\/tunisie\/2016\/11\/03\/voitures-administratives-infractions-baissent-13-a-6\/#primaryimage\"},\"thumbnailUrl\":\"\",\"datePublished\":\"2016-11-03T17:26:01+00:00\",\"dateModified\":\"2016-11-03T20:26:27+00:00\",\"breadcrumb\":{\"@id\":\"https:\/\/kapitalis.com\/tunisie\/2016\/11\/03\/voitures-administratives-infractions-baissent-13-a-6\/#breadcrumb\"},\"inLanguage\":\"fr-FR\",\"potentialAction\":[{\"@type\":\"ReadAction\",\"target\":[\"https:\/\/kapitalis.com\/tunisie\/2016\/11\/03\/voitures-administratives-infractions-baissent-13-a-6\/\"]}]},{\"@type\":\"ImageObject\",\"inLanguage\":\"fr-FR\",\"@id\":\"https:\/\/kapitalis.com\/tunisie\/2016\/11\/03\/voitures-administratives-infractions-baissent-13-a-6\/#primaryimage\",\"url\":\"\",\"contentUrl\":\"\"},{\"@type\":\"BreadcrumbList\",\"@id\":\"https:\/\/kapitalis.com\/tunisie\/2016\/11\/03\/voitures-administratives-infractions-baissent-13-a-6\/#breadcrumb\",\"itemListElement\":[{\"@type\":\"ListItem\",\"position\":1,\"name\":\"Accueil\",\"item\":\"https:\/\/kapitalis.com\/tunisie\/\"},{\"@type\":\"ListItem\",\"position\":2,\"name\":\"Voitures administratives : Les infractions baissent de 13 \u00e0 6%\"}]},{\"@type\":\"WebSite\",\"@id\":\"https:\/\/kapitalis.com\/tunisie\/#website\",\"url\":\"https:\/\/kapitalis.com\/tunisie\/\",\"name\":\"Kapitalis\",\"description\":\"L&#039;actualit\u00e9 en Tunisie et dans le monde\",\"publisher\":{\"@id\":\"https:\/\/kapitalis.com\/tunisie\/#organization\"},\"potentialAction\":[{\"@type\":\"SearchAction\",\"target\":{\"@type\":\"EntryPoint\",\"urlTemplate\":\"https:\/\/kapitalis.com\/tunisie\/?s={search_term_string}\"},\"query-input\":{\"@type\":\"PropertyValueSpecification\",\"valueRequired\":true,\"valueName\":\"search_term_string\"}}],\"inLanguage\":\"fr-FR\"},{\"@type\":\"Organization\",\"@id\":\"https:\/\/kapitalis.com\/tunisie\/#organization\",\"name\":\"Kapitalis\",\"url\":\"https:\/\/kapitalis.com\/tunisie\/\",\"logo\":{\"@type\":\"ImageObject\",\"inLanguage\":\"fr-FR\",\"@id\":\"https:\/\/kapitalis.com\/tunisie\/#\/schema\/logo\/image\/\",\"url\":\"https:\/\/kapitalis.com\/tunisie\/wp-content\/uploads\/2022\/05\/Kapitalis-big-size.png\",\"contentUrl\":\"https:\/\/kapitalis.com\/tunisie\/wp-content\/uploads\/2022\/05\/Kapitalis-big-size.png\",\"width\":5000,\"height\":1500,\"caption\":\"Kapitalis\"},\"image\":{\"@id\":\"https:\/\/kapitalis.com\/tunisie\/#\/schema\/logo\/image\/\"},\"sameAs\":[\"https:\/\/www.facebook.com\/KapitalisInfo\/\",\"https:\/\/x.com\/KapitalisInfo\",\"https:\/\/www.youtube.com\/channel\/UC-yDYrHyfFBWWZaOw3FPg9Q\"]},{\"@type\":\"Person\",\"@id\":\"https:\/\/kapitalis.com\/tunisie\/#\/schema\/person\/d71f33a9ca44f7bad4698210b480c8e9\",\"name\":\"webmaster kapitalis\",\"url\":\"https:\/\/kapitalis.com\/tunisie\/author\/webmaster-kapitalis\/\"}]}<\/script>\n<!-- \/ Yoast SEO plugin. -->","yoast_head_json":{"title":"Voitures administratives : Les infractions baissent de 13 \u00e0 6% - Kapitalis","robots":{"index":"index","follow":"follow","max-snippet":"max-snippet:-1","max-image-preview":"max-image-preview:large","max-video-preview":"max-video-preview:-1"},"canonical":"https:\/\/kapitalis.com\/tunisie\/2016\/11\/03\/voitures-administratives-infractions-baissent-13-a-6\/","og_locale":"fr_FR","og_type":"article","og_title":"Voitures administratives : Les infractions baissent de 13 \u00e0 6% - Kapitalis","og_description":"Le taux des infractions dans l&rsquo;utilisation des voitures administratives, signal\u00e9 lors de l\u2019Aid Al-Idha (13%), a baiss\u00e9 de mani\u00e8re sensible et s\u2019est stabilis\u00e9e, aujourd\u2019hui, entre 6,2% et 8%.","og_url":"https:\/\/kapitalis.com\/tunisie\/2016\/11\/03\/voitures-administratives-infractions-baissent-13-a-6\/","og_site_name":"Kapitalis","article_publisher":"https:\/\/www.facebook.com\/KapitalisInfo\/","article_published_time":"2016-11-03T17:26:01+00:00","article_modified_time":"2016-11-03T20:26:27+00:00","og_image":[{"width":1200,"height":630,"url":"https:\/\/kapitalis.com\/tunisie\/wp-content\/uploads\/2022\/05\/kapitalis-logo-fb.png","type":"image\/png"}],"author":"webmaster kapitalis","twitter_card":"summary_large_image","twitter_creator":"@KapitalisInfo","twitter_site":"@KapitalisInfo","twitter_misc":{"\u00c9crit par":"webmaster kapitalis","Dur\u00e9e de lecture estim\u00e9e":"2 minutes"},"schema":{"@context":"https:\/\/schema.org","@graph":[{"@type":"Article","@id":"https:\/\/kapitalis.com\/tunisie\/2016\/11\/03\/voitures-administratives-infractions-baissent-13-a-6\/#article","isPartOf":{"@id":"https:\/\/kapitalis.com\/tunisie\/2016\/11\/03\/voitures-administratives-infractions-baissent-13-a-6\/"},"author":{"name":"webmaster kapitalis","@id":"https:\/\/kapitalis.com\/tunisie\/#\/schema\/person\/d71f33a9ca44f7bad4698210b480c8e9"},"headline":"Voitures administratives : Les infractions baissent de 13 \u00e0 6%","datePublished":"2016-11-03T17:26:01+00:00","dateModified":"2016-11-03T20:26:27+00:00","mainEntityOfPage":{"@id":"https:\/\/kapitalis.com\/tunisie\/2016\/11\/03\/voitures-administratives-infractions-baissent-13-a-6\/"},"wordCount":351,"commentCount":0,"publisher":{"@id":"https:\/\/kapitalis.com\/tunisie\/#organization"},"image":{"@id":"https:\/\/kapitalis.com\/tunisie\/2016\/11\/03\/voitures-administratives-infractions-baissent-13-a-6\/#primaryimage"},"thumbnailUrl":"","keywords":["immatriculation","infractions","voitures administratives"],"articleSection":["SOCIETE","Tunisie"],"inLanguage":"fr-FR","potentialAction":[{"@type":"CommentAction","name":"Comment","target":["https:\/\/kapitalis.com\/tunisie\/2016\/11\/03\/voitures-administratives-infractions-baissent-13-a-6\/#respond"]}]},{"@type":"WebPage","@id":"https:\/\/kapitalis.com\/tunisie\/2016\/11\/03\/voitures-administratives-infractions-baissent-13-a-6\/","url":"https:\/\/kapitalis.com\/tunisie\/2016\/11\/03\/voitures-administratives-infractions-baissent-13-a-6\/","name":"Voitures administratives : Les infractions baissent de 13 \u00e0 6% - Kapitalis","isPartOf":{"@id":"https:\/\/kapitalis.com\/tunisie\/#website"},"primaryImageOfPage":{"@id":"https:\/\/kapitalis.com\/tunisie\/2016\/11\/03\/voitures-administratives-infractions-baissent-13-a-6\/#primaryimage"},"image":{"@id":"https:\/\/kapitalis.com\/tunisie\/2016\/11\/03\/voitures-administratives-infractions-baissent-13-a-6\/#primaryimage"},"thumbnailUrl":"","datePublished":"2016-11-03T17:26:01+00:00","dateModified":"2016-11-03T20:26:27+00:00","breadcrumb":{"@id":"https:\/\/kapitalis.com\/tunisie\/2016\/11\/03\/voitures-administratives-infractions-baissent-13-a-6\/#breadcrumb"},"inLanguage":"fr-FR","potentialAction":[{"@type":"ReadAction","target":["https:\/\/kapitalis.com\/tunisie\/2016\/11\/03\/voitures-administratives-infractions-baissent-13-a-6\/"]}]},{"@type":"ImageObject","inLanguage":"fr-FR","@id":"https:\/\/kapitalis.com\/tunisie\/2016\/11\/03\/voitures-administratives-infractions-baissent-13-a-6\/#primaryimage","url":"","contentUrl":""},{"@type":"BreadcrumbList","@id":"https:\/\/kapitalis.com\/tunisie\/2016\/11\/03\/voitures-administratives-infractions-baissent-13-a-6\/#breadcrumb","itemListElement":[{"@type":"ListItem","position":1,"name":"Accueil","item":"https:\/\/kapitalis.com\/tunisie\/"},{"@type":"ListItem","position":2,"name":"Voitures administratives : Les infractions baissent de 13 \u00e0 6%"}]},{"@type":"WebSite","@id":"https:\/\/kapitalis.com\/tunisie\/#website","url":"https:\/\/kapitalis.com\/tunisie\/","name":"Kapitalis","description":"L&#039;actualit\u00e9 en Tunisie et dans le monde","publisher":{"@id":"https:\/\/kapitalis.com\/tunisie\/#organization"},"potentialAction":[{"@type":"SearchAction","target":{"@type":"EntryPoint","urlTemplate":"https:\/\/kapitalis.com\/tunisie\/?s={search_term_string}"},"query-input":{"@type":"PropertyValueSpecification","valueRequired":true,"valueName":"search_term_string"}}],"inLanguage":"fr-FR"},{"@type":"Organization","@id":"https:\/\/kapitalis.com\/tunisie\/#organization","name":"Kapitalis","url":"https:\/\/kapitalis.com\/tunisie\/","logo":{"@type":"ImageObject","inLanguage":"fr-FR","@id":"https:\/\/kapitalis.com\/tunisie\/#\/schema\/logo\/image\/","url":"https:\/\/kapitalis.com\/tunisie\/wp-content\/uploads\/2022\/05\/Kapitalis-big-size.png","contentUrl":"https:\/\/kapitalis.com\/tunisie\/wp-content\/uploads\/2022\/05\/Kapitalis-big-size.png","width":5000,"height":1500,"caption":"Kapitalis"},"image":{"@id":"https:\/\/kapitalis.com\/tunisie\/#\/schema\/logo\/image\/"},"sameAs":["https:\/\/www.facebook.com\/KapitalisInfo\/","https:\/\/x.com\/KapitalisInfo","https:\/\/www.youtube.com\/channel\/UC-yDYrHyfFBWWZaOw3FPg9Q"]},{"@type":"Person","@id":"https:\/\/kapitalis.com\/tunisie\/#\/schema\/person\/d71f33a9ca44f7bad4698210b480c8e9","name":"webmaster kapitalis","url":"https:\/\/kapitalis.com\/tunisie\/author\/webmaster-kapitalis\/"}]}},"_links":{"self":[{"href":"https:\/\/kapitalis.com\/tunisie\/wp-json\/wp\/v2\/posts\/70920","targetHints":{"allow":["GET"]}}],"collection":[{"href":"https:\/\/kapitalis.com\/tunisie\/wp-json\/wp\/v2\/posts"}],"about":[{"href":"https:\/\/kapitalis.com\/tunisie\/wp-json\/wp\/v2\/types\/post"}],"author":[{"embeddable":true,"href":"https:\/\/kapitalis.com\/tunisie\/wp-json\/wp\/v2\/users\/8"}],"replies":[{"embeddable":true,"href":"https:\/\/kapitalis.com\/tunisie\/wp-json\/wp\/v2\/comments?post=70920"}],"version-history":[{"count":0,"href":"https:\/\/kapitalis.com\/tunisie\/wp-json\/wp\/v2\/posts\/70920\/revisions"}],"wp:featuredmedia":[{"embeddable":true,"href":"https:\/\/kapitalis.com\/tunisie\/wp-json\/wp\/v2\/media\/70921"}],"wp:attachment":[{"href":"https:\/\/kapitalis.com\/tunisie\/wp-json\/wp\/v2\/media?parent=70920"}],"wp:term":[{"taxonomy":"category","embeddable":true,"href":"https:\/\/kapitalis.com\/tunisie\/wp-json\/wp\/v2\/categories?post=70920"},{"taxonomy":"post_tag","embeddable":true,"href":"https:\/\/kapitalis.com\/tunisie\/wp-json\/wp\/v2\/tags?post=70920"}],"curies":[{"name":"wp","href":"https:\/\/api.w.org\/{rel}","templated":true}]}}