{"id":71086,"date":"2016-11-05T08:57:18","date_gmt":"2016-11-05T07:57:18","guid":{"rendered":"http:\/\/kapitalis.com\/tunisie\/?p=71086"},"modified":"2016-11-05T08:57:18","modified_gmt":"2016-11-05T07:57:18","slug":"tunisie-avis-de-tempete-dans-le-secteur-de-leducation","status":"publish","type":"post","link":"https:\/\/kapitalis.com\/tunisie\/2016\/11\/05\/tunisie-avis-de-tempete-dans-le-secteur-de-leducation\/","title":{"rendered":"Tunisie : Avis de temp\u00eate dans le secteur de l\u2019Education"},"content":{"rendered":"<p style=\"text-align: center;\"><img loading=\"lazy\" decoding=\"async\" class=\"alignnone size-full wp-image-71088\" src=\"http:\/\/kapitalis.com\/tunisie\/wp-content\/uploads\/2016\/11\/Lassaad-Yacoubi-et-Neji-Jalloul.jpg\" alt=\"lassaad-yacoubi-et-neji-jalloul\" width=\"626\" height=\"380\" \/><\/p>\n<p style=\"text-align: center;\"><em>Lassaad Yaacoubi &#8211;\u00a0N\u00e9ji Jalloul.<\/em><\/p>\n<p style=\"text-align: left;\"><em><strong>\u00abLe ministre de l\u2019Education (N\u00e9ji Jalloul, Ndlr) ne veut pas que l\u2019ann\u00e9e scolaire se d\u00e9roule dans le calme\u00bb, a indiqu\u00e9, vendredi, Lassaad Yaacoubi.<\/strong> <\/em><\/p>\n<p style=\"text-align: left;\"><!--more--><\/p>\n<p style=\"text-align: left;\">Dans une d\u00e9claration \u00e0 l\u2019agence Tap, au ton mena\u00e7ant, le secr\u00e9taire g\u00e9n\u00e9ral du syndicat g\u00e9n\u00e9ral de l\u2019enseignement secondaire, relevant de l\u2019Union g\u00e9n\u00e9rale tunisienne du travail (UGTT), en marge d\u2019une conf\u00e9rence organis\u00e9e par la centrale syndicale sur l\u2019abandon scolaire et la d\u00e9mocratisation de la vie scolaire, tenue au centre de la formation continue de K\u00e9bili, M. Yaacoubi a indiqu\u00e9 que les mouvements de protestation dans le secteur sont provoqu\u00e9s par les engagements non tenus par les minist\u00e8res de l\u2019Education et du Sport vis-\u00e0-vis d\u2019une partie des cadres \u00e9ducatifs.<\/p>\n<p style=\"text-align: left;\">C\u2019est ce qui a pouss\u00e9, a-t-il dit, les syndicats de l\u2019enseignement de base et secondaire, dans un premier temps \u00e0 publier un communiqu\u00e9 commun, pr\u00e9cisant que les commissions administratives des deux syndicats se r\u00e9uniront avant le 15 novembre courant afin de d\u00e9cider des formes de protestation \u00e0 adopter aux niveaux r\u00e9gional et national.<\/p>\n<p style=\"text-align: left;\">Pour ce qui est de la conf\u00e9rence organis\u00e9e par le syndicat g\u00e9n\u00e9ral de l\u2019enseignement secondaire en collaboration avec les syndicats de l\u2019enseignement danois, M. Yaacoubi a indiqu\u00e9 qu\u2019elle vise \u00e0 pr\u00e9senter les \u00e9tudes conjointes sur l\u2019abandon scolaire r\u00e9alis\u00e9es en 2014 et de mettre leurs r\u00e9sultats \u00e0 la disposition des cadres \u00e9ducatifs et des \u00e9l\u00e8ves dans les r\u00e9gions.<\/p>\n<p style=\"text-align: right;\"><strong>I. B.<\/strong> (avec Tap).<\/p>\n","protected":false},"excerpt":{"rendered":"<p>Lassaad Yaacoubi &#8211;\u00a0N\u00e9ji Jalloul. \u00abLe ministre de l\u2019Education (N\u00e9ji Jalloul, Ndlr) ne veut pas que l\u2019ann\u00e9e scolaire se d\u00e9roule dans le calme\u00bb, a indiqu\u00e9, vendredi, Lassaad Yaacoubi.<\/p>\n","protected":false},"author":8,"featured_media":71088,"comment_status":"open","ping_status":"open","sticky":false,"template":"","format":"standard","meta":{"footnotes":""},"categories":[998,2433],"tags":[306,5589,3159,872,21831],"class_list":["post-71086","post","type-post","status-publish","format-standard","has-post-thumbnail","hentry","category-societe","category-tunisie","tag-education","tag-enseignement-secondaire","tag-neji-jalloul","tag-syndicat","tag-union-generale-tunisienne-du-travail"],"yoast_head":"<!-- This site is optimized with the Yoast SEO plugin v26.6 - https:\/\/yoast.com\/wordpress\/plugins\/seo\/ -->\n<title>Tunisie : Avis de temp\u00eate dans le secteur de l\u2019Education - Kapitalis<\/title>\n<meta name=\"robots\" content=\"index, follow, max-snippet:-1, max-image-preview:large, max-video-preview:-1\" \/>\n<link rel=\"canonical\" href=\"https:\/\/kapitalis.com\/tunisie\/2016\/11\/05\/tunisie-avis-de-tempete-dans-le-secteur-de-leducation\/\" \/>\n<meta property=\"og:locale\" content=\"fr_FR\" \/>\n<meta property=\"og:type\" content=\"article\" \/>\n<meta property=\"og:title\" content=\"Tunisie : Avis de temp\u00eate dans le secteur de l\u2019Education - Kapitalis\" \/>\n<meta property=\"og:description\" content=\"Lassaad Yaacoubi &#8211;\u00a0N\u00e9ji Jalloul. \u00abLe ministre de l\u2019Education (N\u00e9ji Jalloul, Ndlr) ne veut pas que l\u2019ann\u00e9e scolaire se d\u00e9roule dans le calme\u00bb, a indiqu\u00e9, vendredi, Lassaad Yaacoubi.\" \/>\n<meta property=\"og:url\" content=\"https:\/\/kapitalis.com\/tunisie\/2016\/11\/05\/tunisie-avis-de-tempete-dans-le-secteur-de-leducation\/\" \/>\n<meta property=\"og:site_name\" content=\"Kapitalis\" \/>\n<meta property=\"article:publisher\" content=\"https:\/\/www.facebook.com\/KapitalisInfo\/\" \/>\n<meta property=\"article:published_time\" content=\"2016-11-05T07:57:18+00:00\" \/>\n<meta property=\"og:image\" content=\"https:\/\/kapitalis.com\/tunisie\/wp-content\/uploads\/2022\/05\/kapitalis-logo-fb.png\" \/>\n\t<meta property=\"og:image:width\" content=\"1200\" \/>\n\t<meta property=\"og:image:height\" content=\"630\" \/>\n\t<meta property=\"og:image:type\" content=\"image\/png\" \/>\n<meta name=\"author\" content=\"webmaster kapitalis\" \/>\n<meta name=\"twitter:card\" content=\"summary_large_image\" \/>\n<meta name=\"twitter:creator\" content=\"@KapitalisInfo\" \/>\n<meta name=\"twitter:site\" content=\"@KapitalisInfo\" \/>\n<meta name=\"twitter:label1\" content=\"\u00c9crit par\" \/>\n\t<meta name=\"twitter:data1\" content=\"webmaster kapitalis\" \/>\n\t<meta name=\"twitter:label2\" content=\"Dur\u00e9e de lecture estim\u00e9e\" \/>\n\t<meta name=\"twitter:data2\" content=\"1 minute\" \/>\n<script type=\"application\/ld+json\" class=\"yoast-schema-graph\">{\"@context\":\"https:\/\/schema.org\",\"@graph\":[{\"@type\":\"Article\",\"@id\":\"https:\/\/kapitalis.com\/tunisie\/2016\/11\/05\/tunisie-avis-de-tempete-dans-le-secteur-de-leducation\/#article\",\"isPartOf\":{\"@id\":\"https:\/\/kapitalis.com\/tunisie\/2016\/11\/05\/tunisie-avis-de-tempete-dans-le-secteur-de-leducation\/\"},\"author\":{\"name\":\"webmaster kapitalis\",\"@id\":\"https:\/\/kapitalis.com\/tunisie\/#\/schema\/person\/d71f33a9ca44f7bad4698210b480c8e9\"},\"headline\":\"Tunisie : Avis de temp\u00eate dans le secteur de l\u2019Education\",\"datePublished\":\"2016-11-05T07:57:18+00:00\",\"mainEntityOfPage\":{\"@id\":\"https:\/\/kapitalis.com\/tunisie\/2016\/11\/05\/tunisie-avis-de-tempete-dans-le-secteur-de-leducation\/\"},\"wordCount\":282,\"commentCount\":1,\"publisher\":{\"@id\":\"https:\/\/kapitalis.com\/tunisie\/#organization\"},\"image\":{\"@id\":\"https:\/\/kapitalis.com\/tunisie\/2016\/11\/05\/tunisie-avis-de-tempete-dans-le-secteur-de-leducation\/#primaryimage\"},\"thumbnailUrl\":\"\",\"keywords\":[\"\u00e9ducation\",\"enseignement secondaire\",\"Neji Jalloul\",\"syndicat\",\"Union g\u00e9n\u00e9rale tunisienne du travail\"],\"articleSection\":[\"SOCIETE\",\"Tunisie\"],\"inLanguage\":\"fr-FR\",\"potentialAction\":[{\"@type\":\"CommentAction\",\"name\":\"Comment\",\"target\":[\"https:\/\/kapitalis.com\/tunisie\/2016\/11\/05\/tunisie-avis-de-tempete-dans-le-secteur-de-leducation\/#respond\"]}]},{\"@type\":\"WebPage\",\"@id\":\"https:\/\/kapitalis.com\/tunisie\/2016\/11\/05\/tunisie-avis-de-tempete-dans-le-secteur-de-leducation\/\",\"url\":\"https:\/\/kapitalis.com\/tunisie\/2016\/11\/05\/tunisie-avis-de-tempete-dans-le-secteur-de-leducation\/\",\"name\":\"Tunisie : Avis de temp\u00eate dans le secteur de l\u2019Education - Kapitalis\",\"isPartOf\":{\"@id\":\"https:\/\/kapitalis.com\/tunisie\/#website\"},\"primaryImageOfPage\":{\"@id\":\"https:\/\/kapitalis.com\/tunisie\/2016\/11\/05\/tunisie-avis-de-tempete-dans-le-secteur-de-leducation\/#primaryimage\"},\"image\":{\"@id\":\"https:\/\/kapitalis.com\/tunisie\/2016\/11\/05\/tunisie-avis-de-tempete-dans-le-secteur-de-leducation\/#primaryimage\"},\"thumbnailUrl\":\"\",\"datePublished\":\"2016-11-05T07:57:18+00:00\",\"breadcrumb\":{\"@id\":\"https:\/\/kapitalis.com\/tunisie\/2016\/11\/05\/tunisie-avis-de-tempete-dans-le-secteur-de-leducation\/#breadcrumb\"},\"inLanguage\":\"fr-FR\",\"potentialAction\":[{\"@type\":\"ReadAction\",\"target\":[\"https:\/\/kapitalis.com\/tunisie\/2016\/11\/05\/tunisie-avis-de-tempete-dans-le-secteur-de-leducation\/\"]}]},{\"@type\":\"ImageObject\",\"inLanguage\":\"fr-FR\",\"@id\":\"https:\/\/kapitalis.com\/tunisie\/2016\/11\/05\/tunisie-avis-de-tempete-dans-le-secteur-de-leducation\/#primaryimage\",\"url\":\"\",\"contentUrl\":\"\"},{\"@type\":\"BreadcrumbList\",\"@id\":\"https:\/\/kapitalis.com\/tunisie\/2016\/11\/05\/tunisie-avis-de-tempete-dans-le-secteur-de-leducation\/#breadcrumb\",\"itemListElement\":[{\"@type\":\"ListItem\",\"position\":1,\"name\":\"Accueil\",\"item\":\"https:\/\/kapitalis.com\/tunisie\/\"},{\"@type\":\"ListItem\",\"position\":2,\"name\":\"Tunisie : Avis de temp\u00eate dans le secteur de l\u2019Education\"}]},{\"@type\":\"WebSite\",\"@id\":\"https:\/\/kapitalis.com\/tunisie\/#website\",\"url\":\"https:\/\/kapitalis.com\/tunisie\/\",\"name\":\"Kapitalis\",\"description\":\"L&#039;actualit\u00e9 en Tunisie et dans le monde\",\"publisher\":{\"@id\":\"https:\/\/kapitalis.com\/tunisie\/#organization\"},\"potentialAction\":[{\"@type\":\"SearchAction\",\"target\":{\"@type\":\"EntryPoint\",\"urlTemplate\":\"https:\/\/kapitalis.com\/tunisie\/?s={search_term_string}\"},\"query-input\":{\"@type\":\"PropertyValueSpecification\",\"valueRequired\":true,\"valueName\":\"search_term_string\"}}],\"inLanguage\":\"fr-FR\"},{\"@type\":\"Organization\",\"@id\":\"https:\/\/kapitalis.com\/tunisie\/#organization\",\"name\":\"Kapitalis\",\"url\":\"https:\/\/kapitalis.com\/tunisie\/\",\"logo\":{\"@type\":\"ImageObject\",\"inLanguage\":\"fr-FR\",\"@id\":\"https:\/\/kapitalis.com\/tunisie\/#\/schema\/logo\/image\/\",\"url\":\"https:\/\/kapitalis.com\/tunisie\/wp-content\/uploads\/2022\/05\/Kapitalis-big-size.png\",\"contentUrl\":\"https:\/\/kapitalis.com\/tunisie\/wp-content\/uploads\/2022\/05\/Kapitalis-big-size.png\",\"width\":5000,\"height\":1500,\"caption\":\"Kapitalis\"},\"image\":{\"@id\":\"https:\/\/kapitalis.com\/tunisie\/#\/schema\/logo\/image\/\"},\"sameAs\":[\"https:\/\/www.facebook.com\/KapitalisInfo\/\",\"https:\/\/x.com\/KapitalisInfo\",\"https:\/\/www.youtube.com\/channel\/UC-yDYrHyfFBWWZaOw3FPg9Q\"]},{\"@type\":\"Person\",\"@id\":\"https:\/\/kapitalis.com\/tunisie\/#\/schema\/person\/d71f33a9ca44f7bad4698210b480c8e9\",\"name\":\"webmaster kapitalis\",\"url\":\"https:\/\/kapitalis.com\/tunisie\/author\/webmaster-kapitalis\/\"}]}<\/script>\n<!-- \/ Yoast SEO plugin. -->","yoast_head_json":{"title":"Tunisie : Avis de temp\u00eate dans le secteur de l\u2019Education - Kapitalis","robots":{"index":"index","follow":"follow","max-snippet":"max-snippet:-1","max-image-preview":"max-image-preview:large","max-video-preview":"max-video-preview:-1"},"canonical":"https:\/\/kapitalis.com\/tunisie\/2016\/11\/05\/tunisie-avis-de-tempete-dans-le-secteur-de-leducation\/","og_locale":"fr_FR","og_type":"article","og_title":"Tunisie : Avis de temp\u00eate dans le secteur de l\u2019Education - Kapitalis","og_description":"Lassaad Yaacoubi &#8211;\u00a0N\u00e9ji Jalloul. \u00abLe ministre de l\u2019Education (N\u00e9ji Jalloul, Ndlr) ne veut pas que l\u2019ann\u00e9e scolaire se d\u00e9roule dans le calme\u00bb, a indiqu\u00e9, vendredi, Lassaad Yaacoubi.","og_url":"https:\/\/kapitalis.com\/tunisie\/2016\/11\/05\/tunisie-avis-de-tempete-dans-le-secteur-de-leducation\/","og_site_name":"Kapitalis","article_publisher":"https:\/\/www.facebook.com\/KapitalisInfo\/","article_published_time":"2016-11-05T07:57:18+00:00","og_image":[{"width":1200,"height":630,"url":"https:\/\/kapitalis.com\/tunisie\/wp-content\/uploads\/2022\/05\/kapitalis-logo-fb.png","type":"image\/png"}],"author":"webmaster kapitalis","twitter_card":"summary_large_image","twitter_creator":"@KapitalisInfo","twitter_site":"@KapitalisInfo","twitter_misc":{"\u00c9crit par":"webmaster kapitalis","Dur\u00e9e de lecture estim\u00e9e":"1 minute"},"schema":{"@context":"https:\/\/schema.org","@graph":[{"@type":"Article","@id":"https:\/\/kapitalis.com\/tunisie\/2016\/11\/05\/tunisie-avis-de-tempete-dans-le-secteur-de-leducation\/#article","isPartOf":{"@id":"https:\/\/kapitalis.com\/tunisie\/2016\/11\/05\/tunisie-avis-de-tempete-dans-le-secteur-de-leducation\/"},"author":{"name":"webmaster kapitalis","@id":"https:\/\/kapitalis.com\/tunisie\/#\/schema\/person\/d71f33a9ca44f7bad4698210b480c8e9"},"headline":"Tunisie : Avis de temp\u00eate dans le secteur de l\u2019Education","datePublished":"2016-11-05T07:57:18+00:00","mainEntityOfPage":{"@id":"https:\/\/kapitalis.com\/tunisie\/2016\/11\/05\/tunisie-avis-de-tempete-dans-le-secteur-de-leducation\/"},"wordCount":282,"commentCount":1,"publisher":{"@id":"https:\/\/kapitalis.com\/tunisie\/#organization"},"image":{"@id":"https:\/\/kapitalis.com\/tunisie\/2016\/11\/05\/tunisie-avis-de-tempete-dans-le-secteur-de-leducation\/#primaryimage"},"thumbnailUrl":"","keywords":["\u00e9ducation","enseignement secondaire","Neji Jalloul","syndicat","Union g\u00e9n\u00e9rale tunisienne du travail"],"articleSection":["SOCIETE","Tunisie"],"inLanguage":"fr-FR","potentialAction":[{"@type":"CommentAction","name":"Comment","target":["https:\/\/kapitalis.com\/tunisie\/2016\/11\/05\/tunisie-avis-de-tempete-dans-le-secteur-de-leducation\/#respond"]}]},{"@type":"WebPage","@id":"https:\/\/kapitalis.com\/tunisie\/2016\/11\/05\/tunisie-avis-de-tempete-dans-le-secteur-de-leducation\/","url":"https:\/\/kapitalis.com\/tunisie\/2016\/11\/05\/tunisie-avis-de-tempete-dans-le-secteur-de-leducation\/","name":"Tunisie : Avis de temp\u00eate dans le secteur de l\u2019Education - Kapitalis","isPartOf":{"@id":"https:\/\/kapitalis.com\/tunisie\/#website"},"primaryImageOfPage":{"@id":"https:\/\/kapitalis.com\/tunisie\/2016\/11\/05\/tunisie-avis-de-tempete-dans-le-secteur-de-leducation\/#primaryimage"},"image":{"@id":"https:\/\/kapitalis.com\/tunisie\/2016\/11\/05\/tunisie-avis-de-tempete-dans-le-secteur-de-leducation\/#primaryimage"},"thumbnailUrl":"","datePublished":"2016-11-05T07:57:18+00:00","breadcrumb":{"@id":"https:\/\/kapitalis.com\/tunisie\/2016\/11\/05\/tunisie-avis-de-tempete-dans-le-secteur-de-leducation\/#breadcrumb"},"inLanguage":"fr-FR","potentialAction":[{"@type":"ReadAction","target":["https:\/\/kapitalis.com\/tunisie\/2016\/11\/05\/tunisie-avis-de-tempete-dans-le-secteur-de-leducation\/"]}]},{"@type":"ImageObject","inLanguage":"fr-FR","@id":"https:\/\/kapitalis.com\/tunisie\/2016\/11\/05\/tunisie-avis-de-tempete-dans-le-secteur-de-leducation\/#primaryimage","url":"","contentUrl":""},{"@type":"BreadcrumbList","@id":"https:\/\/kapitalis.com\/tunisie\/2016\/11\/05\/tunisie-avis-de-tempete-dans-le-secteur-de-leducation\/#breadcrumb","itemListElement":[{"@type":"ListItem","position":1,"name":"Accueil","item":"https:\/\/kapitalis.com\/tunisie\/"},{"@type":"ListItem","position":2,"name":"Tunisie : Avis de temp\u00eate dans le secteur de l\u2019Education"}]},{"@type":"WebSite","@id":"https:\/\/kapitalis.com\/tunisie\/#website","url":"https:\/\/kapitalis.com\/tunisie\/","name":"Kapitalis","description":"L&#039;actualit\u00e9 en Tunisie et dans le monde","publisher":{"@id":"https:\/\/kapitalis.com\/tunisie\/#organization"},"potentialAction":[{"@type":"SearchAction","target":{"@type":"EntryPoint","urlTemplate":"https:\/\/kapitalis.com\/tunisie\/?s={search_term_string}"},"query-input":{"@type":"PropertyValueSpecification","valueRequired":true,"valueName":"search_term_string"}}],"inLanguage":"fr-FR"},{"@type":"Organization","@id":"https:\/\/kapitalis.com\/tunisie\/#organization","name":"Kapitalis","url":"https:\/\/kapitalis.com\/tunisie\/","logo":{"@type":"ImageObject","inLanguage":"fr-FR","@id":"https:\/\/kapitalis.com\/tunisie\/#\/schema\/logo\/image\/","url":"https:\/\/kapitalis.com\/tunisie\/wp-content\/uploads\/2022\/05\/Kapitalis-big-size.png","contentUrl":"https:\/\/kapitalis.com\/tunisie\/wp-content\/uploads\/2022\/05\/Kapitalis-big-size.png","width":5000,"height":1500,"caption":"Kapitalis"},"image":{"@id":"https:\/\/kapitalis.com\/tunisie\/#\/schema\/logo\/image\/"},"sameAs":["https:\/\/www.facebook.com\/KapitalisInfo\/","https:\/\/x.com\/KapitalisInfo","https:\/\/www.youtube.com\/channel\/UC-yDYrHyfFBWWZaOw3FPg9Q"]},{"@type":"Person","@id":"https:\/\/kapitalis.com\/tunisie\/#\/schema\/person\/d71f33a9ca44f7bad4698210b480c8e9","name":"webmaster kapitalis","url":"https:\/\/kapitalis.com\/tunisie\/author\/webmaster-kapitalis\/"}]}},"_links":{"self":[{"href":"https:\/\/kapitalis.com\/tunisie\/wp-json\/wp\/v2\/posts\/71086","targetHints":{"allow":["GET"]}}],"collection":[{"href":"https:\/\/kapitalis.com\/tunisie\/wp-json\/wp\/v2\/posts"}],"about":[{"href":"https:\/\/kapitalis.com\/tunisie\/wp-json\/wp\/v2\/types\/post"}],"author":[{"embeddable":true,"href":"https:\/\/kapitalis.com\/tunisie\/wp-json\/wp\/v2\/users\/8"}],"replies":[{"embeddable":true,"href":"https:\/\/kapitalis.com\/tunisie\/wp-json\/wp\/v2\/comments?post=71086"}],"version-history":[{"count":0,"href":"https:\/\/kapitalis.com\/tunisie\/wp-json\/wp\/v2\/posts\/71086\/revisions"}],"wp:featuredmedia":[{"embeddable":true,"href":"https:\/\/kapitalis.com\/tunisie\/wp-json\/wp\/v2\/media\/71088"}],"wp:attachment":[{"href":"https:\/\/kapitalis.com\/tunisie\/wp-json\/wp\/v2\/media?parent=71086"}],"wp:term":[{"taxonomy":"category","embeddable":true,"href":"https:\/\/kapitalis.com\/tunisie\/wp-json\/wp\/v2\/categories?post=71086"},{"taxonomy":"post_tag","embeddable":true,"href":"https:\/\/kapitalis.com\/tunisie\/wp-json\/wp\/v2\/tags?post=71086"}],"curies":[{"name":"wp","href":"https:\/\/api.w.org\/{rel}","templated":true}]}}