{"id":71094,"date":"2016-11-05T10:18:51","date_gmt":"2016-11-05T09:18:51","guid":{"rendered":"http:\/\/kapitalis.com\/tunisie\/?p=71094"},"modified":"2016-11-05T10:21:26","modified_gmt":"2016-11-05T09:21:26","slug":"hamadi-jebali-en-route-pour-la-presidentielle-de-2019","status":"publish","type":"post","link":"https:\/\/kapitalis.com\/tunisie\/2016\/11\/05\/hamadi-jebali-en-route-pour-la-presidentielle-de-2019\/","title":{"rendered":"Hamadi Jebali en route pour la pr\u00e9sidentielle de 2019"},"content":{"rendered":"<p style=\"text-align: center;\"><img loading=\"lazy\" decoding=\"async\" class=\"alignnone size-full wp-image-8944\" src=\"http:\/\/kapitalis.com\/tunisie\/wp-content\/uploads\/2015\/08\/Hamadi-Jebali.jpg\" alt=\"Hamadi-Jebali\" width=\"626\" height=\"380\" \/><\/p>\n<p><em><strong>Pour pr\u00e9parer son retour imminent \u00e0 la sc\u00e8ne politique, Hamadi Jebali va lancer une association baptis\u00e9e Rawafed (Confluents).<\/strong><\/em><\/p>\n<p><!--more--><\/p>\n<p>L&rsquo;ancien secr\u00e9taire g\u00e9n\u00e9ral du parti islamiste Ennahdha et\u00a0ancien chef du gouvernement provisoire (janvier 2012-mars 2013) a annonc\u00e9, avant-hier, sur les ondes de radio Diwan, \u00e0 Sfax, qu\u2019il avait d\u00e9pos\u00e9 la demande et le statut de son association aupr\u00e8s des services concern\u00e9s de la pr\u00e9sidence du gouvernement et qu\u2019il attend, comme tout le monde, l\u2019autorisation.<\/p>\n<p>Rawafed va lui permettre, a-t-il expliqu\u00e9, de se rapprocher des citoyens et de comprendre leurs vrais pr\u00e9occupations et probl\u00e8mes. La cr\u00e9ation de cette association ne signifie pas pour autant\u00a0qu\u2019il va s\u2019impliquer davantage dans la vie associative, a-t-il tenu \u00e0 pr\u00e9ciser, mais c&rsquo;est une mani\u00e8re de pr\u00e9parer son\u00a0retour \u00e0\u00a0la vie politique.<\/p>\n<p><em>\u00abJe ne quitte pas la politique. Et le jour o\u00f9 je vais revenir \u00e0\u00a0l&rsquo;action politique, je pr\u00e9senterai ma d\u00e9mission de Rawafed\u00bb,<\/em> a-t-il soulign\u00e9.<\/p>\n<p>Traduire: Hamadi Jebali, qui a avait pris ses distances vis-\u00e0-vis du parti Ennahdha et qui souhaite se pr\u00e9senter \u00e0 la prochaine \u00e9lection pr\u00e9sidentielle, en 2019, tente de ratisser large et l&rsquo;association est cens\u00e9e lui permettre de mettre en place les r\u00e9seaux n\u00e9cessaires pour porter sa candidature.<\/p>\n<p style=\"text-align: right;\"><strong>Z. A.<\/strong><\/p>\n","protected":false},"excerpt":{"rendered":"<p>Pour pr\u00e9parer son retour imminent \u00e0 la sc\u00e8ne politique, Hamadi Jebali va lancer une association baptis\u00e9e Rawafed (Confluents).<\/p>\n","protected":false},"author":7,"featured_media":0,"comment_status":"open","ping_status":"open","sticky":false,"template":"","format":"standard","meta":{"footnotes":""},"categories":[997,2433],"tags":[2383,501,4797],"class_list":["post-71094","post","type-post","status-publish","format-standard","hentry","category-politique","category-tunisie","tag-hamadi-jebali","tag-islamiste","tag-presidentielle"],"yoast_head":"<!-- This site is optimized with the Yoast SEO plugin v26.6 - https:\/\/yoast.com\/wordpress\/plugins\/seo\/ -->\n<title>Hamadi Jebali en route pour la pr\u00e9sidentielle de 2019 - Kapitalis<\/title>\n<meta name=\"robots\" content=\"index, follow, max-snippet:-1, max-image-preview:large, max-video-preview:-1\" \/>\n<link rel=\"canonical\" href=\"https:\/\/kapitalis.com\/tunisie\/2016\/11\/05\/hamadi-jebali-en-route-pour-la-presidentielle-de-2019\/\" \/>\n<meta property=\"og:locale\" content=\"fr_FR\" \/>\n<meta property=\"og:type\" content=\"article\" \/>\n<meta property=\"og:title\" content=\"Hamadi Jebali en route pour la pr\u00e9sidentielle de 2019 - Kapitalis\" \/>\n<meta property=\"og:description\" content=\"Pour pr\u00e9parer son retour imminent \u00e0 la sc\u00e8ne politique, Hamadi Jebali va lancer une association baptis\u00e9e Rawafed (Confluents).\" \/>\n<meta property=\"og:url\" content=\"https:\/\/kapitalis.com\/tunisie\/2016\/11\/05\/hamadi-jebali-en-route-pour-la-presidentielle-de-2019\/\" \/>\n<meta property=\"og:site_name\" content=\"Kapitalis\" \/>\n<meta property=\"article:publisher\" content=\"https:\/\/www.facebook.com\/KapitalisInfo\/\" \/>\n<meta property=\"article:published_time\" content=\"2016-11-05T09:18:51+00:00\" \/>\n<meta property=\"article:modified_time\" content=\"2016-11-05T09:21:26+00:00\" \/>\n<meta property=\"og:image\" content=\"http:\/\/kapitalis.com\/tunisie\/wp-content\/uploads\/2015\/08\/Hamadi-Jebali.jpg\" \/>\n<meta name=\"author\" content=\"zohra abid\" \/>\n<meta name=\"twitter:card\" content=\"summary_large_image\" \/>\n<meta name=\"twitter:creator\" content=\"@KapitalisInfo\" \/>\n<meta name=\"twitter:site\" content=\"@KapitalisInfo\" \/>\n<meta name=\"twitter:label1\" content=\"\u00c9crit par\" \/>\n\t<meta name=\"twitter:data1\" content=\"zohra abid\" \/>\n\t<meta name=\"twitter:label2\" content=\"Dur\u00e9e de lecture estim\u00e9e\" \/>\n\t<meta name=\"twitter:data2\" content=\"1 minute\" \/>\n<script type=\"application\/ld+json\" class=\"yoast-schema-graph\">{\"@context\":\"https:\/\/schema.org\",\"@graph\":[{\"@type\":\"Article\",\"@id\":\"https:\/\/kapitalis.com\/tunisie\/2016\/11\/05\/hamadi-jebali-en-route-pour-la-presidentielle-de-2019\/#article\",\"isPartOf\":{\"@id\":\"https:\/\/kapitalis.com\/tunisie\/2016\/11\/05\/hamadi-jebali-en-route-pour-la-presidentielle-de-2019\/\"},\"author\":{\"name\":\"zohra abid\",\"@id\":\"https:\/\/kapitalis.com\/tunisie\/#\/schema\/person\/6fc2988ceb6eacf6836db1d8360b4912\"},\"headline\":\"Hamadi Jebali en route pour la pr\u00e9sidentielle de 2019\",\"datePublished\":\"2016-11-05T09:18:51+00:00\",\"dateModified\":\"2016-11-05T09:21:26+00:00\",\"mainEntityOfPage\":{\"@id\":\"https:\/\/kapitalis.com\/tunisie\/2016\/11\/05\/hamadi-jebali-en-route-pour-la-presidentielle-de-2019\/\"},\"wordCount\":228,\"commentCount\":9,\"publisher\":{\"@id\":\"https:\/\/kapitalis.com\/tunisie\/#organization\"},\"image\":{\"@id\":\"https:\/\/kapitalis.com\/tunisie\/2016\/11\/05\/hamadi-jebali-en-route-pour-la-presidentielle-de-2019\/#primaryimage\"},\"thumbnailUrl\":\"http:\/\/kapitalis.com\/tunisie\/wp-content\/uploads\/2015\/08\/Hamadi-Jebali.jpg\",\"keywords\":[\"Hamadi Jebali\",\"islamiste\",\"pr\u00e9sidentielle\"],\"articleSection\":[\"POLITIQUE\",\"Tunisie\"],\"inLanguage\":\"fr-FR\",\"potentialAction\":[{\"@type\":\"CommentAction\",\"name\":\"Comment\",\"target\":[\"https:\/\/kapitalis.com\/tunisie\/2016\/11\/05\/hamadi-jebali-en-route-pour-la-presidentielle-de-2019\/#respond\"]}]},{\"@type\":\"WebPage\",\"@id\":\"https:\/\/kapitalis.com\/tunisie\/2016\/11\/05\/hamadi-jebali-en-route-pour-la-presidentielle-de-2019\/\",\"url\":\"https:\/\/kapitalis.com\/tunisie\/2016\/11\/05\/hamadi-jebali-en-route-pour-la-presidentielle-de-2019\/\",\"name\":\"Hamadi Jebali en route pour la pr\u00e9sidentielle de 2019 - Kapitalis\",\"isPartOf\":{\"@id\":\"https:\/\/kapitalis.com\/tunisie\/#website\"},\"primaryImageOfPage\":{\"@id\":\"https:\/\/kapitalis.com\/tunisie\/2016\/11\/05\/hamadi-jebali-en-route-pour-la-presidentielle-de-2019\/#primaryimage\"},\"image\":{\"@id\":\"https:\/\/kapitalis.com\/tunisie\/2016\/11\/05\/hamadi-jebali-en-route-pour-la-presidentielle-de-2019\/#primaryimage\"},\"thumbnailUrl\":\"http:\/\/kapitalis.com\/tunisie\/wp-content\/uploads\/2015\/08\/Hamadi-Jebali.jpg\",\"datePublished\":\"2016-11-05T09:18:51+00:00\",\"dateModified\":\"2016-11-05T09:21:26+00:00\",\"breadcrumb\":{\"@id\":\"https:\/\/kapitalis.com\/tunisie\/2016\/11\/05\/hamadi-jebali-en-route-pour-la-presidentielle-de-2019\/#breadcrumb\"},\"inLanguage\":\"fr-FR\",\"potentialAction\":[{\"@type\":\"ReadAction\",\"target\":[\"https:\/\/kapitalis.com\/tunisie\/2016\/11\/05\/hamadi-jebali-en-route-pour-la-presidentielle-de-2019\/\"]}]},{\"@type\":\"ImageObject\",\"inLanguage\":\"fr-FR\",\"@id\":\"https:\/\/kapitalis.com\/tunisie\/2016\/11\/05\/hamadi-jebali-en-route-pour-la-presidentielle-de-2019\/#primaryimage\",\"url\":\"http:\/\/kapitalis.com\/tunisie\/wp-content\/uploads\/2015\/08\/Hamadi-Jebali.jpg\",\"contentUrl\":\"http:\/\/kapitalis.com\/tunisie\/wp-content\/uploads\/2015\/08\/Hamadi-Jebali.jpg\"},{\"@type\":\"BreadcrumbList\",\"@id\":\"https:\/\/kapitalis.com\/tunisie\/2016\/11\/05\/hamadi-jebali-en-route-pour-la-presidentielle-de-2019\/#breadcrumb\",\"itemListElement\":[{\"@type\":\"ListItem\",\"position\":1,\"name\":\"Accueil\",\"item\":\"https:\/\/kapitalis.com\/tunisie\/\"},{\"@type\":\"ListItem\",\"position\":2,\"name\":\"Hamadi Jebali en route pour la pr\u00e9sidentielle de 2019\"}]},{\"@type\":\"WebSite\",\"@id\":\"https:\/\/kapitalis.com\/tunisie\/#website\",\"url\":\"https:\/\/kapitalis.com\/tunisie\/\",\"name\":\"Kapitalis\",\"description\":\"L&#039;actualit\u00e9 en Tunisie et dans le monde\",\"publisher\":{\"@id\":\"https:\/\/kapitalis.com\/tunisie\/#organization\"},\"potentialAction\":[{\"@type\":\"SearchAction\",\"target\":{\"@type\":\"EntryPoint\",\"urlTemplate\":\"https:\/\/kapitalis.com\/tunisie\/?s={search_term_string}\"},\"query-input\":{\"@type\":\"PropertyValueSpecification\",\"valueRequired\":true,\"valueName\":\"search_term_string\"}}],\"inLanguage\":\"fr-FR\"},{\"@type\":\"Organization\",\"@id\":\"https:\/\/kapitalis.com\/tunisie\/#organization\",\"name\":\"Kapitalis\",\"url\":\"https:\/\/kapitalis.com\/tunisie\/\",\"logo\":{\"@type\":\"ImageObject\",\"inLanguage\":\"fr-FR\",\"@id\":\"https:\/\/kapitalis.com\/tunisie\/#\/schema\/logo\/image\/\",\"url\":\"https:\/\/kapitalis.com\/tunisie\/wp-content\/uploads\/2022\/05\/Kapitalis-big-size.png\",\"contentUrl\":\"https:\/\/kapitalis.com\/tunisie\/wp-content\/uploads\/2022\/05\/Kapitalis-big-size.png\",\"width\":5000,\"height\":1500,\"caption\":\"Kapitalis\"},\"image\":{\"@id\":\"https:\/\/kapitalis.com\/tunisie\/#\/schema\/logo\/image\/\"},\"sameAs\":[\"https:\/\/www.facebook.com\/KapitalisInfo\/\",\"https:\/\/x.com\/KapitalisInfo\",\"https:\/\/www.youtube.com\/channel\/UC-yDYrHyfFBWWZaOw3FPg9Q\"]},{\"@type\":\"Person\",\"@id\":\"https:\/\/kapitalis.com\/tunisie\/#\/schema\/person\/6fc2988ceb6eacf6836db1d8360b4912\",\"name\":\"zohra abid\",\"url\":\"https:\/\/kapitalis.com\/tunisie\/author\/zohra-abid-2015\/\"}]}<\/script>\n<!-- \/ Yoast SEO plugin. -->","yoast_head_json":{"title":"Hamadi Jebali en route pour la pr\u00e9sidentielle de 2019 - Kapitalis","robots":{"index":"index","follow":"follow","max-snippet":"max-snippet:-1","max-image-preview":"max-image-preview:large","max-video-preview":"max-video-preview:-1"},"canonical":"https:\/\/kapitalis.com\/tunisie\/2016\/11\/05\/hamadi-jebali-en-route-pour-la-presidentielle-de-2019\/","og_locale":"fr_FR","og_type":"article","og_title":"Hamadi Jebali en route pour la pr\u00e9sidentielle de 2019 - Kapitalis","og_description":"Pour pr\u00e9parer son retour imminent \u00e0 la sc\u00e8ne politique, Hamadi Jebali va lancer une association baptis\u00e9e Rawafed (Confluents).","og_url":"https:\/\/kapitalis.com\/tunisie\/2016\/11\/05\/hamadi-jebali-en-route-pour-la-presidentielle-de-2019\/","og_site_name":"Kapitalis","article_publisher":"https:\/\/www.facebook.com\/KapitalisInfo\/","article_published_time":"2016-11-05T09:18:51+00:00","article_modified_time":"2016-11-05T09:21:26+00:00","og_image":[{"url":"http:\/\/kapitalis.com\/tunisie\/wp-content\/uploads\/2015\/08\/Hamadi-Jebali.jpg","type":"","width":"","height":""}],"author":"zohra abid","twitter_card":"summary_large_image","twitter_creator":"@KapitalisInfo","twitter_site":"@KapitalisInfo","twitter_misc":{"\u00c9crit par":"zohra abid","Dur\u00e9e de lecture estim\u00e9e":"1 minute"},"schema":{"@context":"https:\/\/schema.org","@graph":[{"@type":"Article","@id":"https:\/\/kapitalis.com\/tunisie\/2016\/11\/05\/hamadi-jebali-en-route-pour-la-presidentielle-de-2019\/#article","isPartOf":{"@id":"https:\/\/kapitalis.com\/tunisie\/2016\/11\/05\/hamadi-jebali-en-route-pour-la-presidentielle-de-2019\/"},"author":{"name":"zohra abid","@id":"https:\/\/kapitalis.com\/tunisie\/#\/schema\/person\/6fc2988ceb6eacf6836db1d8360b4912"},"headline":"Hamadi Jebali en route pour la pr\u00e9sidentielle de 2019","datePublished":"2016-11-05T09:18:51+00:00","dateModified":"2016-11-05T09:21:26+00:00","mainEntityOfPage":{"@id":"https:\/\/kapitalis.com\/tunisie\/2016\/11\/05\/hamadi-jebali-en-route-pour-la-presidentielle-de-2019\/"},"wordCount":228,"commentCount":9,"publisher":{"@id":"https:\/\/kapitalis.com\/tunisie\/#organization"},"image":{"@id":"https:\/\/kapitalis.com\/tunisie\/2016\/11\/05\/hamadi-jebali-en-route-pour-la-presidentielle-de-2019\/#primaryimage"},"thumbnailUrl":"http:\/\/kapitalis.com\/tunisie\/wp-content\/uploads\/2015\/08\/Hamadi-Jebali.jpg","keywords":["Hamadi Jebali","islamiste","pr\u00e9sidentielle"],"articleSection":["POLITIQUE","Tunisie"],"inLanguage":"fr-FR","potentialAction":[{"@type":"CommentAction","name":"Comment","target":["https:\/\/kapitalis.com\/tunisie\/2016\/11\/05\/hamadi-jebali-en-route-pour-la-presidentielle-de-2019\/#respond"]}]},{"@type":"WebPage","@id":"https:\/\/kapitalis.com\/tunisie\/2016\/11\/05\/hamadi-jebali-en-route-pour-la-presidentielle-de-2019\/","url":"https:\/\/kapitalis.com\/tunisie\/2016\/11\/05\/hamadi-jebali-en-route-pour-la-presidentielle-de-2019\/","name":"Hamadi Jebali en route pour la pr\u00e9sidentielle de 2019 - Kapitalis","isPartOf":{"@id":"https:\/\/kapitalis.com\/tunisie\/#website"},"primaryImageOfPage":{"@id":"https:\/\/kapitalis.com\/tunisie\/2016\/11\/05\/hamadi-jebali-en-route-pour-la-presidentielle-de-2019\/#primaryimage"},"image":{"@id":"https:\/\/kapitalis.com\/tunisie\/2016\/11\/05\/hamadi-jebali-en-route-pour-la-presidentielle-de-2019\/#primaryimage"},"thumbnailUrl":"http:\/\/kapitalis.com\/tunisie\/wp-content\/uploads\/2015\/08\/Hamadi-Jebali.jpg","datePublished":"2016-11-05T09:18:51+00:00","dateModified":"2016-11-05T09:21:26+00:00","breadcrumb":{"@id":"https:\/\/kapitalis.com\/tunisie\/2016\/11\/05\/hamadi-jebali-en-route-pour-la-presidentielle-de-2019\/#breadcrumb"},"inLanguage":"fr-FR","potentialAction":[{"@type":"ReadAction","target":["https:\/\/kapitalis.com\/tunisie\/2016\/11\/05\/hamadi-jebali-en-route-pour-la-presidentielle-de-2019\/"]}]},{"@type":"ImageObject","inLanguage":"fr-FR","@id":"https:\/\/kapitalis.com\/tunisie\/2016\/11\/05\/hamadi-jebali-en-route-pour-la-presidentielle-de-2019\/#primaryimage","url":"http:\/\/kapitalis.com\/tunisie\/wp-content\/uploads\/2015\/08\/Hamadi-Jebali.jpg","contentUrl":"http:\/\/kapitalis.com\/tunisie\/wp-content\/uploads\/2015\/08\/Hamadi-Jebali.jpg"},{"@type":"BreadcrumbList","@id":"https:\/\/kapitalis.com\/tunisie\/2016\/11\/05\/hamadi-jebali-en-route-pour-la-presidentielle-de-2019\/#breadcrumb","itemListElement":[{"@type":"ListItem","position":1,"name":"Accueil","item":"https:\/\/kapitalis.com\/tunisie\/"},{"@type":"ListItem","position":2,"name":"Hamadi Jebali en route pour la pr\u00e9sidentielle de 2019"}]},{"@type":"WebSite","@id":"https:\/\/kapitalis.com\/tunisie\/#website","url":"https:\/\/kapitalis.com\/tunisie\/","name":"Kapitalis","description":"L&#039;actualit\u00e9 en Tunisie et dans le monde","publisher":{"@id":"https:\/\/kapitalis.com\/tunisie\/#organization"},"potentialAction":[{"@type":"SearchAction","target":{"@type":"EntryPoint","urlTemplate":"https:\/\/kapitalis.com\/tunisie\/?s={search_term_string}"},"query-input":{"@type":"PropertyValueSpecification","valueRequired":true,"valueName":"search_term_string"}}],"inLanguage":"fr-FR"},{"@type":"Organization","@id":"https:\/\/kapitalis.com\/tunisie\/#organization","name":"Kapitalis","url":"https:\/\/kapitalis.com\/tunisie\/","logo":{"@type":"ImageObject","inLanguage":"fr-FR","@id":"https:\/\/kapitalis.com\/tunisie\/#\/schema\/logo\/image\/","url":"https:\/\/kapitalis.com\/tunisie\/wp-content\/uploads\/2022\/05\/Kapitalis-big-size.png","contentUrl":"https:\/\/kapitalis.com\/tunisie\/wp-content\/uploads\/2022\/05\/Kapitalis-big-size.png","width":5000,"height":1500,"caption":"Kapitalis"},"image":{"@id":"https:\/\/kapitalis.com\/tunisie\/#\/schema\/logo\/image\/"},"sameAs":["https:\/\/www.facebook.com\/KapitalisInfo\/","https:\/\/x.com\/KapitalisInfo","https:\/\/www.youtube.com\/channel\/UC-yDYrHyfFBWWZaOw3FPg9Q"]},{"@type":"Person","@id":"https:\/\/kapitalis.com\/tunisie\/#\/schema\/person\/6fc2988ceb6eacf6836db1d8360b4912","name":"zohra abid","url":"https:\/\/kapitalis.com\/tunisie\/author\/zohra-abid-2015\/"}]}},"_links":{"self":[{"href":"https:\/\/kapitalis.com\/tunisie\/wp-json\/wp\/v2\/posts\/71094","targetHints":{"allow":["GET"]}}],"collection":[{"href":"https:\/\/kapitalis.com\/tunisie\/wp-json\/wp\/v2\/posts"}],"about":[{"href":"https:\/\/kapitalis.com\/tunisie\/wp-json\/wp\/v2\/types\/post"}],"author":[{"embeddable":true,"href":"https:\/\/kapitalis.com\/tunisie\/wp-json\/wp\/v2\/users\/7"}],"replies":[{"embeddable":true,"href":"https:\/\/kapitalis.com\/tunisie\/wp-json\/wp\/v2\/comments?post=71094"}],"version-history":[{"count":0,"href":"https:\/\/kapitalis.com\/tunisie\/wp-json\/wp\/v2\/posts\/71094\/revisions"}],"wp:attachment":[{"href":"https:\/\/kapitalis.com\/tunisie\/wp-json\/wp\/v2\/media?parent=71094"}],"wp:term":[{"taxonomy":"category","embeddable":true,"href":"https:\/\/kapitalis.com\/tunisie\/wp-json\/wp\/v2\/categories?post=71094"},{"taxonomy":"post_tag","embeddable":true,"href":"https:\/\/kapitalis.com\/tunisie\/wp-json\/wp\/v2\/tags?post=71094"}],"curies":[{"name":"wp","href":"https:\/\/api.w.org\/{rel}","templated":true}]}}