{"id":7110,"date":"2015-07-15T10:06:00","date_gmt":"2015-07-15T09:06:00","guid":{"rendered":"http:\/\/kapitalis.com\/tunisie\/?p=7110"},"modified":"2015-07-15T10:08:48","modified_gmt":"2015-07-15T09:08:48","slug":"rached-ghannouchi-defend-le-mur-entre-la-tunisie-et-la-libye","status":"publish","type":"post","link":"https:\/\/kapitalis.com\/tunisie\/2015\/07\/15\/rached-ghannouchi-defend-le-mur-entre-la-tunisie-et-la-libye\/","title":{"rendered":"Rached Ghannouchi d\u00e9fend le \u00ab mur \u00bb entre la Tunisie et la Libye"},"content":{"rendered":"<p><img loading=\"lazy\" decoding=\"async\" class=\"aligncenter size-full wp-image-7111\" src=\"http:\/\/kapitalis.com\/tunisie\/wp-content\/uploads\/2015\/07\/Rached-Ghannouchi-iftar-tuniso-libyen.jpg\" alt=\"Rached-Ghannouchi-iftar-tuniso-libyen\" width=\"626\" height=\"380\" \/><\/p>\n<p><em><strong>\u00abLe mur qui sera construit la fronti\u00e8re entre la Tunisie et la Libye est provisoire, le temps d\u2019\u00e9radiquer le terrorisme\u00bb, a d\u00e9clar\u00e9 Rached Ghannouchi.<\/strong><\/em><\/p>\n<p><!--more--><\/p>\n<p>Lors d\u2019une table d\u2019iftar (rupture du je\u00fbne de ramadan) offerte, hier soir, par Ennahdha, en l\u2019honneur d\u2019un groupe de dirigeants politiques libyens, le pr\u00e9sident du parti islamiste tunisien a abord\u00e9 le sujet qui suscite actuellement la pol\u00e9mique dans les deux pays, \u00e0 savoir la barri\u00e8re de s\u00e9curit\u00e9 en train d\u2019\u00eatre \u00e9rig\u00e9e par la Tunisie \u00e0 sa fronti\u00e8re avec la Libye.<\/p>\n<p style=\"text-align: center;\"><img loading=\"lazy\" decoding=\"async\" class=\"aligncenter size-full wp-image-7113\" src=\"http:\/\/kapitalis.com\/tunisie\/wp-content\/uploads\/2015\/07\/Nabil-Karoui-Chafik-Jarraya-Noureddine-Bhiri-.jpg\" alt=\"Nabil-Karoui-Chafik-Jarraya-Noureddine-Bhiri-\" width=\"500\" height=\"350\" \/><\/p>\n<p style=\"text-align: center;\"><em>Nabil Karoui, Mohamed Kilani, Chafik Jarraya, Noureddine Bhiri et les autres. <\/em><\/p>\n<p>Cet ouvrage, qui vise \u00e0 emp\u00eacher l\u2019infiltration des contrebandiers, des trafiquants d\u2019armes et des groupes terroristes, a suscit\u00e9 la col\u00e8re des milices islamistes de Fajr Libya et du gouvernement libyen bas\u00e9 \u00e0 Tripoli, qui a contest\u00e9 officiellement sa construction et appel\u00e9 la Tunisie \u00e0 suspendre imm\u00e9diatement les travaux en attendant un accord entre les deux pays \u00e0 son sujet.<\/p>\n<p>Rached Ghannouchi a profit\u00e9 \u00e0 l\u2019occasion pour pr\u00e9ciser \u00e0 ses invit\u00e9s (tous membres du gouvernement de Tripoli, non reconnu par la communaut\u00e9 internationale) que cette barri\u00e8re de s\u00e9curit\u00e9 ne sera plus n\u00e9cessaire le jour o\u00f9 le terrorisme sera \u00e9radiqu\u00e9.<\/p>\n<p style=\"text-align: center;\"><img loading=\"lazy\" decoding=\"async\" class=\"aligncenter size-full wp-image-7115\" src=\"http:\/\/kapitalis.com\/tunisie\/wp-content\/uploads\/2015\/07\/Lotfi-Abdennadher.jpg\" alt=\"Lotfi-Abdennadher\" width=\"500\" height=\"380\" \/><\/p>\n<p style=\"text-align: center;\"><em>Lotfi Abdennadher, pr\u00e9sident du CS Sfaxien (\u00e0 droite).<\/em><\/p>\n<p><em>\u00abLa construction du mur avec la fronti\u00e8re avec la Libye nous a \u00e9t\u00e9 impos\u00e9e par le terrorisme et la contrebande. Il n\u2019est que provisoire\u00bb<\/em>, a rassur\u00e9 Rached Ghannouchi, en appelant toutes les parties politiques libyennes \u00e0 s\u2019unir. \u00ab<em>Assez de sang!\u00bb<\/em>, a-t-il lanc\u00e9.<\/p>\n<p>Du c\u00f4t\u00e9 tunisien, outre les dirigeants d\u2019Ennahdha, \u00e9taient \u00e9galement pr\u00e9sents \u00e0 la table de l\u2019iftar, les <em>\u00abamis\u00bb<\/em> et <em>\u00aboblig\u00e9s\u00bb<\/em> locaux de Fajr Libya, notamment Nabil Karoui, patron de Nessma TV, l\u2019homme d\u2019affaires et lobbyiste Chafik Jarraya, et plusieurs figures m\u00e9diatiques.<\/p>\n<p style=\"text-align: right;\"><strong>Z. A.<\/strong><\/p>\n","protected":false},"excerpt":{"rendered":"<p>\u00abLe mur qui sera construit la fronti\u00e8re entre la Tunisie et la Libye est provisoire, le temps d\u2019\u00e9radiquer le terrorisme\u00bb, a d\u00e9clar\u00e9 Rached Ghannouchi.<\/p>\n","protected":false},"author":5,"featured_media":7111,"comment_status":"open","ping_status":"open","sticky":false,"template":"","format":"standard","meta":{"footnotes":""},"categories":[997,2433],"tags":[3230,370,3250,731,1119],"class_list":["post-7110","post","type-post","status-publish","format-standard","has-post-thumbnail","hentry","category-politique","category-tunisie","tag-barriere-de-securite","tag-fajr-libya","tag-mur","tag-politique","tag-tripoli"],"yoast_head":"<!-- This site is optimized with the Yoast SEO plugin v26.6 - https:\/\/yoast.com\/wordpress\/plugins\/seo\/ -->\n<title>Rached Ghannouchi d\u00e9fend le \u00ab mur \u00bb entre la Tunisie et la Libye - Kapitalis<\/title>\n<meta name=\"robots\" content=\"index, follow, max-snippet:-1, max-image-preview:large, max-video-preview:-1\" \/>\n<link rel=\"canonical\" href=\"https:\/\/kapitalis.com\/tunisie\/2015\/07\/15\/rached-ghannouchi-defend-le-mur-entre-la-tunisie-et-la-libye\/\" \/>\n<meta property=\"og:locale\" content=\"fr_FR\" \/>\n<meta property=\"og:type\" content=\"article\" \/>\n<meta property=\"og:title\" content=\"Rached Ghannouchi d\u00e9fend le \u00ab mur \u00bb entre la Tunisie et la Libye - Kapitalis\" \/>\n<meta property=\"og:description\" content=\"\u00abLe mur qui sera construit la fronti\u00e8re entre la Tunisie et la Libye est provisoire, le temps d\u2019\u00e9radiquer le terrorisme\u00bb, a d\u00e9clar\u00e9 Rached Ghannouchi.\" \/>\n<meta property=\"og:url\" content=\"https:\/\/kapitalis.com\/tunisie\/2015\/07\/15\/rached-ghannouchi-defend-le-mur-entre-la-tunisie-et-la-libye\/\" \/>\n<meta property=\"og:site_name\" content=\"Kapitalis\" \/>\n<meta property=\"article:publisher\" content=\"https:\/\/www.facebook.com\/KapitalisInfo\/\" \/>\n<meta property=\"article:published_time\" content=\"2015-07-15T09:06:00+00:00\" \/>\n<meta property=\"article:modified_time\" content=\"2015-07-15T09:08:48+00:00\" \/>\n<meta property=\"og:image\" content=\"https:\/\/kapitalis.com\/tunisie\/wp-content\/uploads\/2022\/05\/kapitalis-logo-fb.png\" \/>\n\t<meta property=\"og:image:width\" content=\"1200\" \/>\n\t<meta property=\"og:image:height\" content=\"630\" \/>\n\t<meta property=\"og:image:type\" content=\"image\/png\" \/>\n<meta name=\"author\" content=\"Ridha Elkefi\" \/>\n<meta name=\"twitter:card\" content=\"summary_large_image\" \/>\n<meta name=\"twitter:creator\" content=\"@KapitalisInfo\" \/>\n<meta name=\"twitter:site\" content=\"@KapitalisInfo\" \/>\n<meta name=\"twitter:label1\" content=\"\u00c9crit par\" \/>\n\t<meta name=\"twitter:data1\" content=\"Ridha Elkefi\" \/>\n\t<meta name=\"twitter:label2\" content=\"Dur\u00e9e de lecture estim\u00e9e\" \/>\n\t<meta name=\"twitter:data2\" content=\"2 minutes\" \/>\n<script type=\"application\/ld+json\" class=\"yoast-schema-graph\">{\"@context\":\"https:\/\/schema.org\",\"@graph\":[{\"@type\":\"Article\",\"@id\":\"https:\/\/kapitalis.com\/tunisie\/2015\/07\/15\/rached-ghannouchi-defend-le-mur-entre-la-tunisie-et-la-libye\/#article\",\"isPartOf\":{\"@id\":\"https:\/\/kapitalis.com\/tunisie\/2015\/07\/15\/rached-ghannouchi-defend-le-mur-entre-la-tunisie-et-la-libye\/\"},\"author\":{\"name\":\"Ridha Elkefi\",\"@id\":\"https:\/\/kapitalis.com\/tunisie\/#\/schema\/person\/16627fc9b2fc0116230e88af071eebab\"},\"headline\":\"Rached Ghannouchi d\u00e9fend le \u00ab mur \u00bb entre la Tunisie et la Libye\",\"datePublished\":\"2015-07-15T09:06:00+00:00\",\"dateModified\":\"2015-07-15T09:08:48+00:00\",\"mainEntityOfPage\":{\"@id\":\"https:\/\/kapitalis.com\/tunisie\/2015\/07\/15\/rached-ghannouchi-defend-le-mur-entre-la-tunisie-et-la-libye\/\"},\"wordCount\":325,\"commentCount\":2,\"publisher\":{\"@id\":\"https:\/\/kapitalis.com\/tunisie\/#organization\"},\"image\":{\"@id\":\"https:\/\/kapitalis.com\/tunisie\/2015\/07\/15\/rached-ghannouchi-defend-le-mur-entre-la-tunisie-et-la-libye\/#primaryimage\"},\"thumbnailUrl\":\"\",\"keywords\":[\"barri\u00e8re de s\u00e9curit\u00e9\",\"Fajr Libya\",\"mur\",\"politique\",\"Tripoli\"],\"articleSection\":[\"POLITIQUE\",\"Tunisie\"],\"inLanguage\":\"fr-FR\",\"potentialAction\":[{\"@type\":\"CommentAction\",\"name\":\"Comment\",\"target\":[\"https:\/\/kapitalis.com\/tunisie\/2015\/07\/15\/rached-ghannouchi-defend-le-mur-entre-la-tunisie-et-la-libye\/#respond\"]}]},{\"@type\":\"WebPage\",\"@id\":\"https:\/\/kapitalis.com\/tunisie\/2015\/07\/15\/rached-ghannouchi-defend-le-mur-entre-la-tunisie-et-la-libye\/\",\"url\":\"https:\/\/kapitalis.com\/tunisie\/2015\/07\/15\/rached-ghannouchi-defend-le-mur-entre-la-tunisie-et-la-libye\/\",\"name\":\"Rached Ghannouchi d\u00e9fend le \u00ab mur \u00bb entre la Tunisie et la Libye - Kapitalis\",\"isPartOf\":{\"@id\":\"https:\/\/kapitalis.com\/tunisie\/#website\"},\"primaryImageOfPage\":{\"@id\":\"https:\/\/kapitalis.com\/tunisie\/2015\/07\/15\/rached-ghannouchi-defend-le-mur-entre-la-tunisie-et-la-libye\/#primaryimage\"},\"image\":{\"@id\":\"https:\/\/kapitalis.com\/tunisie\/2015\/07\/15\/rached-ghannouchi-defend-le-mur-entre-la-tunisie-et-la-libye\/#primaryimage\"},\"thumbnailUrl\":\"\",\"datePublished\":\"2015-07-15T09:06:00+00:00\",\"dateModified\":\"2015-07-15T09:08:48+00:00\",\"breadcrumb\":{\"@id\":\"https:\/\/kapitalis.com\/tunisie\/2015\/07\/15\/rached-ghannouchi-defend-le-mur-entre-la-tunisie-et-la-libye\/#breadcrumb\"},\"inLanguage\":\"fr-FR\",\"potentialAction\":[{\"@type\":\"ReadAction\",\"target\":[\"https:\/\/kapitalis.com\/tunisie\/2015\/07\/15\/rached-ghannouchi-defend-le-mur-entre-la-tunisie-et-la-libye\/\"]}]},{\"@type\":\"ImageObject\",\"inLanguage\":\"fr-FR\",\"@id\":\"https:\/\/kapitalis.com\/tunisie\/2015\/07\/15\/rached-ghannouchi-defend-le-mur-entre-la-tunisie-et-la-libye\/#primaryimage\",\"url\":\"\",\"contentUrl\":\"\"},{\"@type\":\"BreadcrumbList\",\"@id\":\"https:\/\/kapitalis.com\/tunisie\/2015\/07\/15\/rached-ghannouchi-defend-le-mur-entre-la-tunisie-et-la-libye\/#breadcrumb\",\"itemListElement\":[{\"@type\":\"ListItem\",\"position\":1,\"name\":\"Accueil\",\"item\":\"https:\/\/kapitalis.com\/tunisie\/\"},{\"@type\":\"ListItem\",\"position\":2,\"name\":\"Rached Ghannouchi d\u00e9fend le \u00ab mur \u00bb entre la Tunisie et la Libye\"}]},{\"@type\":\"WebSite\",\"@id\":\"https:\/\/kapitalis.com\/tunisie\/#website\",\"url\":\"https:\/\/kapitalis.com\/tunisie\/\",\"name\":\"Kapitalis\",\"description\":\"L&#039;actualit\u00e9 en Tunisie et dans le monde\",\"publisher\":{\"@id\":\"https:\/\/kapitalis.com\/tunisie\/#organization\"},\"potentialAction\":[{\"@type\":\"SearchAction\",\"target\":{\"@type\":\"EntryPoint\",\"urlTemplate\":\"https:\/\/kapitalis.com\/tunisie\/?s={search_term_string}\"},\"query-input\":{\"@type\":\"PropertyValueSpecification\",\"valueRequired\":true,\"valueName\":\"search_term_string\"}}],\"inLanguage\":\"fr-FR\"},{\"@type\":\"Organization\",\"@id\":\"https:\/\/kapitalis.com\/tunisie\/#organization\",\"name\":\"Kapitalis\",\"url\":\"https:\/\/kapitalis.com\/tunisie\/\",\"logo\":{\"@type\":\"ImageObject\",\"inLanguage\":\"fr-FR\",\"@id\":\"https:\/\/kapitalis.com\/tunisie\/#\/schema\/logo\/image\/\",\"url\":\"https:\/\/kapitalis.com\/tunisie\/wp-content\/uploads\/2022\/05\/Kapitalis-big-size.png\",\"contentUrl\":\"https:\/\/kapitalis.com\/tunisie\/wp-content\/uploads\/2022\/05\/Kapitalis-big-size.png\",\"width\":5000,\"height\":1500,\"caption\":\"Kapitalis\"},\"image\":{\"@id\":\"https:\/\/kapitalis.com\/tunisie\/#\/schema\/logo\/image\/\"},\"sameAs\":[\"https:\/\/www.facebook.com\/KapitalisInfo\/\",\"https:\/\/x.com\/KapitalisInfo\",\"https:\/\/www.youtube.com\/channel\/UC-yDYrHyfFBWWZaOw3FPg9Q\"]},{\"@type\":\"Person\",\"@id\":\"https:\/\/kapitalis.com\/tunisie\/#\/schema\/person\/16627fc9b2fc0116230e88af071eebab\",\"name\":\"Ridha Elkefi\",\"url\":\"https:\/\/kapitalis.com\/tunisie\/author\/ridha-kefi\/\"}]}<\/script>\n<!-- \/ Yoast SEO plugin. -->","yoast_head_json":{"title":"Rached Ghannouchi d\u00e9fend le \u00ab mur \u00bb entre la Tunisie et la Libye - Kapitalis","robots":{"index":"index","follow":"follow","max-snippet":"max-snippet:-1","max-image-preview":"max-image-preview:large","max-video-preview":"max-video-preview:-1"},"canonical":"https:\/\/kapitalis.com\/tunisie\/2015\/07\/15\/rached-ghannouchi-defend-le-mur-entre-la-tunisie-et-la-libye\/","og_locale":"fr_FR","og_type":"article","og_title":"Rached Ghannouchi d\u00e9fend le \u00ab mur \u00bb entre la Tunisie et la Libye - Kapitalis","og_description":"\u00abLe mur qui sera construit la fronti\u00e8re entre la Tunisie et la Libye est provisoire, le temps d\u2019\u00e9radiquer le terrorisme\u00bb, a d\u00e9clar\u00e9 Rached Ghannouchi.","og_url":"https:\/\/kapitalis.com\/tunisie\/2015\/07\/15\/rached-ghannouchi-defend-le-mur-entre-la-tunisie-et-la-libye\/","og_site_name":"Kapitalis","article_publisher":"https:\/\/www.facebook.com\/KapitalisInfo\/","article_published_time":"2015-07-15T09:06:00+00:00","article_modified_time":"2015-07-15T09:08:48+00:00","og_image":[{"width":1200,"height":630,"url":"https:\/\/kapitalis.com\/tunisie\/wp-content\/uploads\/2022\/05\/kapitalis-logo-fb.png","type":"image\/png"}],"author":"Ridha Elkefi","twitter_card":"summary_large_image","twitter_creator":"@KapitalisInfo","twitter_site":"@KapitalisInfo","twitter_misc":{"\u00c9crit par":"Ridha Elkefi","Dur\u00e9e de lecture estim\u00e9e":"2 minutes"},"schema":{"@context":"https:\/\/schema.org","@graph":[{"@type":"Article","@id":"https:\/\/kapitalis.com\/tunisie\/2015\/07\/15\/rached-ghannouchi-defend-le-mur-entre-la-tunisie-et-la-libye\/#article","isPartOf":{"@id":"https:\/\/kapitalis.com\/tunisie\/2015\/07\/15\/rached-ghannouchi-defend-le-mur-entre-la-tunisie-et-la-libye\/"},"author":{"name":"Ridha Elkefi","@id":"https:\/\/kapitalis.com\/tunisie\/#\/schema\/person\/16627fc9b2fc0116230e88af071eebab"},"headline":"Rached Ghannouchi d\u00e9fend le \u00ab mur \u00bb entre la Tunisie et la Libye","datePublished":"2015-07-15T09:06:00+00:00","dateModified":"2015-07-15T09:08:48+00:00","mainEntityOfPage":{"@id":"https:\/\/kapitalis.com\/tunisie\/2015\/07\/15\/rached-ghannouchi-defend-le-mur-entre-la-tunisie-et-la-libye\/"},"wordCount":325,"commentCount":2,"publisher":{"@id":"https:\/\/kapitalis.com\/tunisie\/#organization"},"image":{"@id":"https:\/\/kapitalis.com\/tunisie\/2015\/07\/15\/rached-ghannouchi-defend-le-mur-entre-la-tunisie-et-la-libye\/#primaryimage"},"thumbnailUrl":"","keywords":["barri\u00e8re de s\u00e9curit\u00e9","Fajr Libya","mur","politique","Tripoli"],"articleSection":["POLITIQUE","Tunisie"],"inLanguage":"fr-FR","potentialAction":[{"@type":"CommentAction","name":"Comment","target":["https:\/\/kapitalis.com\/tunisie\/2015\/07\/15\/rached-ghannouchi-defend-le-mur-entre-la-tunisie-et-la-libye\/#respond"]}]},{"@type":"WebPage","@id":"https:\/\/kapitalis.com\/tunisie\/2015\/07\/15\/rached-ghannouchi-defend-le-mur-entre-la-tunisie-et-la-libye\/","url":"https:\/\/kapitalis.com\/tunisie\/2015\/07\/15\/rached-ghannouchi-defend-le-mur-entre-la-tunisie-et-la-libye\/","name":"Rached Ghannouchi d\u00e9fend le \u00ab mur \u00bb entre la Tunisie et la Libye - Kapitalis","isPartOf":{"@id":"https:\/\/kapitalis.com\/tunisie\/#website"},"primaryImageOfPage":{"@id":"https:\/\/kapitalis.com\/tunisie\/2015\/07\/15\/rached-ghannouchi-defend-le-mur-entre-la-tunisie-et-la-libye\/#primaryimage"},"image":{"@id":"https:\/\/kapitalis.com\/tunisie\/2015\/07\/15\/rached-ghannouchi-defend-le-mur-entre-la-tunisie-et-la-libye\/#primaryimage"},"thumbnailUrl":"","datePublished":"2015-07-15T09:06:00+00:00","dateModified":"2015-07-15T09:08:48+00:00","breadcrumb":{"@id":"https:\/\/kapitalis.com\/tunisie\/2015\/07\/15\/rached-ghannouchi-defend-le-mur-entre-la-tunisie-et-la-libye\/#breadcrumb"},"inLanguage":"fr-FR","potentialAction":[{"@type":"ReadAction","target":["https:\/\/kapitalis.com\/tunisie\/2015\/07\/15\/rached-ghannouchi-defend-le-mur-entre-la-tunisie-et-la-libye\/"]}]},{"@type":"ImageObject","inLanguage":"fr-FR","@id":"https:\/\/kapitalis.com\/tunisie\/2015\/07\/15\/rached-ghannouchi-defend-le-mur-entre-la-tunisie-et-la-libye\/#primaryimage","url":"","contentUrl":""},{"@type":"BreadcrumbList","@id":"https:\/\/kapitalis.com\/tunisie\/2015\/07\/15\/rached-ghannouchi-defend-le-mur-entre-la-tunisie-et-la-libye\/#breadcrumb","itemListElement":[{"@type":"ListItem","position":1,"name":"Accueil","item":"https:\/\/kapitalis.com\/tunisie\/"},{"@type":"ListItem","position":2,"name":"Rached Ghannouchi d\u00e9fend le \u00ab mur \u00bb entre la Tunisie et la Libye"}]},{"@type":"WebSite","@id":"https:\/\/kapitalis.com\/tunisie\/#website","url":"https:\/\/kapitalis.com\/tunisie\/","name":"Kapitalis","description":"L&#039;actualit\u00e9 en Tunisie et dans le monde","publisher":{"@id":"https:\/\/kapitalis.com\/tunisie\/#organization"},"potentialAction":[{"@type":"SearchAction","target":{"@type":"EntryPoint","urlTemplate":"https:\/\/kapitalis.com\/tunisie\/?s={search_term_string}"},"query-input":{"@type":"PropertyValueSpecification","valueRequired":true,"valueName":"search_term_string"}}],"inLanguage":"fr-FR"},{"@type":"Organization","@id":"https:\/\/kapitalis.com\/tunisie\/#organization","name":"Kapitalis","url":"https:\/\/kapitalis.com\/tunisie\/","logo":{"@type":"ImageObject","inLanguage":"fr-FR","@id":"https:\/\/kapitalis.com\/tunisie\/#\/schema\/logo\/image\/","url":"https:\/\/kapitalis.com\/tunisie\/wp-content\/uploads\/2022\/05\/Kapitalis-big-size.png","contentUrl":"https:\/\/kapitalis.com\/tunisie\/wp-content\/uploads\/2022\/05\/Kapitalis-big-size.png","width":5000,"height":1500,"caption":"Kapitalis"},"image":{"@id":"https:\/\/kapitalis.com\/tunisie\/#\/schema\/logo\/image\/"},"sameAs":["https:\/\/www.facebook.com\/KapitalisInfo\/","https:\/\/x.com\/KapitalisInfo","https:\/\/www.youtube.com\/channel\/UC-yDYrHyfFBWWZaOw3FPg9Q"]},{"@type":"Person","@id":"https:\/\/kapitalis.com\/tunisie\/#\/schema\/person\/16627fc9b2fc0116230e88af071eebab","name":"Ridha Elkefi","url":"https:\/\/kapitalis.com\/tunisie\/author\/ridha-kefi\/"}]}},"_links":{"self":[{"href":"https:\/\/kapitalis.com\/tunisie\/wp-json\/wp\/v2\/posts\/7110","targetHints":{"allow":["GET"]}}],"collection":[{"href":"https:\/\/kapitalis.com\/tunisie\/wp-json\/wp\/v2\/posts"}],"about":[{"href":"https:\/\/kapitalis.com\/tunisie\/wp-json\/wp\/v2\/types\/post"}],"author":[{"embeddable":true,"href":"https:\/\/kapitalis.com\/tunisie\/wp-json\/wp\/v2\/users\/5"}],"replies":[{"embeddable":true,"href":"https:\/\/kapitalis.com\/tunisie\/wp-json\/wp\/v2\/comments?post=7110"}],"version-history":[{"count":0,"href":"https:\/\/kapitalis.com\/tunisie\/wp-json\/wp\/v2\/posts\/7110\/revisions"}],"wp:featuredmedia":[{"embeddable":true,"href":"https:\/\/kapitalis.com\/tunisie\/wp-json\/wp\/v2\/media\/7111"}],"wp:attachment":[{"href":"https:\/\/kapitalis.com\/tunisie\/wp-json\/wp\/v2\/media?parent=7110"}],"wp:term":[{"taxonomy":"category","embeddable":true,"href":"https:\/\/kapitalis.com\/tunisie\/wp-json\/wp\/v2\/categories?post=7110"},{"taxonomy":"post_tag","embeddable":true,"href":"https:\/\/kapitalis.com\/tunisie\/wp-json\/wp\/v2\/tags?post=7110"}],"curies":[{"name":"wp","href":"https:\/\/api.w.org\/{rel}","templated":true}]}}