{"id":71170,"date":"2016-11-05T16:57:04","date_gmt":"2016-11-05T15:57:04","guid":{"rendered":"http:\/\/kapitalis.com\/tunisie\/?p=71170"},"modified":"2016-11-05T17:09:21","modified_gmt":"2016-11-05T16:09:21","slug":"aziz-farhat-retrouve-mort-dans-un-hopital-de-bali","status":"publish","type":"post","link":"https:\/\/kapitalis.com\/tunisie\/2016\/11\/05\/aziz-farhat-retrouve-mort-dans-un-hopital-de-bali\/","title":{"rendered":"Le Tunisien Aziz Farhat retrouv\u00e9 mort dans un h\u00f4pital de Bali"},"content":{"rendered":"<p><img loading=\"lazy\" decoding=\"async\" class=\"size-full wp-image-70849 aligncenter\" src=\"http:\/\/kapitalis.com\/tunisie\/wp-content\/uploads\/2016\/11\/Aziz-Farhat-Ban.jpg\" alt=\"aziz-farhat-ban\" width=\"626\" height=\"380\" \/><\/p>\n<p><em><strong>Le corps de Aziz Farhat, disparu depuis le 17 octobre dernier \u00e0 Bali, en Indon\u00e9sie, a \u00e9t\u00e9 retrouv\u00e9 dans un h\u00f4pital de l\u2019\u00eele.<\/strong> <\/em><\/p>\n<p><!--more--><\/p>\n<p>La douloureuse nouvelle a \u00e9t\u00e9 annonc\u00e9e \u00e0 sa famille par les services consulaires du minist\u00e8re des Affaires \u00e9trang\u00e8res, aujourd\u2019hui vers midi. Le corps portait les traces de coups de poignard.<\/p>\n<p>En attendant les r\u00e9sultats de l\u2019enqu\u00eate de la police indon\u00e9sienne, le sc\u00e9nario de la mort se pr\u00e9cise : le jeune homme, peintre dipl\u00f4m\u00e9 des beaux arts et employ\u00e9 de la Qatarie Airways, est arriv\u00e9 \u00e0 son h\u00f4tel, \u00e0 Bali, le 18 octobre dernier, \u00e0 1H00 du matin, et il sortit aussit\u00f4t, apr\u00e8s avoir mis ses documents personnels dans un coffre-fort, et ne donna plus signe de vie depuis.<\/p>\n<p>Une mauvaise rencontre ou un braquage qui a mal tourn\u00e9 lui a co\u00fbt\u00e9 la vie. Son corps, retrouv\u00e9 dans la morgue d\u2019un h\u00f4pital de Bali et reconnu par les services de l\u2019ambassade de Tunisie \u00e0 Jakarta, portait des traces de coups de poignard.<\/p>\n<p style=\"text-align: right;\"><strong>I. B. <\/strong><\/p>\n","protected":false},"excerpt":{"rendered":"<p>Le corps de Aziz Farhat, disparu depuis le 17 octobre dernier \u00e0 Bali, en Indon\u00e9sie, a \u00e9t\u00e9 retrouv\u00e9 dans un h\u00f4pital de l\u2019\u00eele.<\/p>\n","protected":false},"author":8,"featured_media":0,"comment_status":"open","ping_status":"open","sticky":false,"template":"","format":"standard","meta":{"footnotes":""},"categories":[998,2433],"tags":[24709,24710,474],"class_list":["post-71170","post","type-post","status-publish","format-standard","hentry","category-societe","category-tunisie","tag-aziz-farhat","tag-bali","tag-indonesie"],"yoast_head":"<!-- This site is optimized with the Yoast SEO plugin v26.6 - https:\/\/yoast.com\/wordpress\/plugins\/seo\/ -->\n<title>Le Tunisien Aziz Farhat retrouv\u00e9 mort dans un h\u00f4pital de Bali - Kapitalis<\/title>\n<meta name=\"robots\" content=\"index, follow, max-snippet:-1, max-image-preview:large, max-video-preview:-1\" \/>\n<link rel=\"canonical\" href=\"https:\/\/kapitalis.com\/tunisie\/2016\/11\/05\/aziz-farhat-retrouve-mort-dans-un-hopital-de-bali\/\" \/>\n<meta property=\"og:locale\" content=\"fr_FR\" \/>\n<meta property=\"og:type\" content=\"article\" \/>\n<meta property=\"og:title\" content=\"Le Tunisien Aziz Farhat retrouv\u00e9 mort dans un h\u00f4pital de Bali - Kapitalis\" \/>\n<meta property=\"og:description\" content=\"Le corps de Aziz Farhat, disparu depuis le 17 octobre dernier \u00e0 Bali, en Indon\u00e9sie, a \u00e9t\u00e9 retrouv\u00e9 dans un h\u00f4pital de l\u2019\u00eele.\" \/>\n<meta property=\"og:url\" content=\"https:\/\/kapitalis.com\/tunisie\/2016\/11\/05\/aziz-farhat-retrouve-mort-dans-un-hopital-de-bali\/\" \/>\n<meta property=\"og:site_name\" content=\"Kapitalis\" \/>\n<meta property=\"article:publisher\" content=\"https:\/\/www.facebook.com\/KapitalisInfo\/\" \/>\n<meta property=\"article:published_time\" content=\"2016-11-05T15:57:04+00:00\" \/>\n<meta property=\"article:modified_time\" content=\"2016-11-05T16:09:21+00:00\" \/>\n<meta property=\"og:image\" content=\"http:\/\/kapitalis.com\/tunisie\/wp-content\/uploads\/2016\/11\/Aziz-Farhat-Ban.jpg\" \/>\n<meta name=\"author\" content=\"webmaster kapitalis\" \/>\n<meta name=\"twitter:card\" content=\"summary_large_image\" \/>\n<meta name=\"twitter:creator\" content=\"@KapitalisInfo\" \/>\n<meta name=\"twitter:site\" content=\"@KapitalisInfo\" \/>\n<meta name=\"twitter:label1\" content=\"\u00c9crit par\" \/>\n\t<meta name=\"twitter:data1\" content=\"webmaster kapitalis\" \/>\n\t<meta name=\"twitter:label2\" content=\"Dur\u00e9e de lecture estim\u00e9e\" \/>\n\t<meta name=\"twitter:data2\" content=\"1 minute\" \/>\n<script type=\"application\/ld+json\" class=\"yoast-schema-graph\">{\"@context\":\"https:\/\/schema.org\",\"@graph\":[{\"@type\":\"Article\",\"@id\":\"https:\/\/kapitalis.com\/tunisie\/2016\/11\/05\/aziz-farhat-retrouve-mort-dans-un-hopital-de-bali\/#article\",\"isPartOf\":{\"@id\":\"https:\/\/kapitalis.com\/tunisie\/2016\/11\/05\/aziz-farhat-retrouve-mort-dans-un-hopital-de-bali\/\"},\"author\":{\"name\":\"webmaster kapitalis\",\"@id\":\"https:\/\/kapitalis.com\/tunisie\/#\/schema\/person\/d71f33a9ca44f7bad4698210b480c8e9\"},\"headline\":\"Le Tunisien Aziz Farhat retrouv\u00e9 mort dans un h\u00f4pital de Bali\",\"datePublished\":\"2016-11-05T15:57:04+00:00\",\"dateModified\":\"2016-11-05T16:09:21+00:00\",\"mainEntityOfPage\":{\"@id\":\"https:\/\/kapitalis.com\/tunisie\/2016\/11\/05\/aziz-farhat-retrouve-mort-dans-un-hopital-de-bali\/\"},\"wordCount\":190,\"commentCount\":10,\"publisher\":{\"@id\":\"https:\/\/kapitalis.com\/tunisie\/#organization\"},\"image\":{\"@id\":\"https:\/\/kapitalis.com\/tunisie\/2016\/11\/05\/aziz-farhat-retrouve-mort-dans-un-hopital-de-bali\/#primaryimage\"},\"thumbnailUrl\":\"http:\/\/kapitalis.com\/tunisie\/wp-content\/uploads\/2016\/11\/Aziz-Farhat-Ban.jpg\",\"keywords\":[\"Aziz Farhat\",\"Bali\",\"Indon\u00e9sie\"],\"articleSection\":[\"SOCIETE\",\"Tunisie\"],\"inLanguage\":\"fr-FR\",\"potentialAction\":[{\"@type\":\"CommentAction\",\"name\":\"Comment\",\"target\":[\"https:\/\/kapitalis.com\/tunisie\/2016\/11\/05\/aziz-farhat-retrouve-mort-dans-un-hopital-de-bali\/#respond\"]}]},{\"@type\":\"WebPage\",\"@id\":\"https:\/\/kapitalis.com\/tunisie\/2016\/11\/05\/aziz-farhat-retrouve-mort-dans-un-hopital-de-bali\/\",\"url\":\"https:\/\/kapitalis.com\/tunisie\/2016\/11\/05\/aziz-farhat-retrouve-mort-dans-un-hopital-de-bali\/\",\"name\":\"Le Tunisien Aziz Farhat retrouv\u00e9 mort dans un h\u00f4pital de Bali - Kapitalis\",\"isPartOf\":{\"@id\":\"https:\/\/kapitalis.com\/tunisie\/#website\"},\"primaryImageOfPage\":{\"@id\":\"https:\/\/kapitalis.com\/tunisie\/2016\/11\/05\/aziz-farhat-retrouve-mort-dans-un-hopital-de-bali\/#primaryimage\"},\"image\":{\"@id\":\"https:\/\/kapitalis.com\/tunisie\/2016\/11\/05\/aziz-farhat-retrouve-mort-dans-un-hopital-de-bali\/#primaryimage\"},\"thumbnailUrl\":\"http:\/\/kapitalis.com\/tunisie\/wp-content\/uploads\/2016\/11\/Aziz-Farhat-Ban.jpg\",\"datePublished\":\"2016-11-05T15:57:04+00:00\",\"dateModified\":\"2016-11-05T16:09:21+00:00\",\"breadcrumb\":{\"@id\":\"https:\/\/kapitalis.com\/tunisie\/2016\/11\/05\/aziz-farhat-retrouve-mort-dans-un-hopital-de-bali\/#breadcrumb\"},\"inLanguage\":\"fr-FR\",\"potentialAction\":[{\"@type\":\"ReadAction\",\"target\":[\"https:\/\/kapitalis.com\/tunisie\/2016\/11\/05\/aziz-farhat-retrouve-mort-dans-un-hopital-de-bali\/\"]}]},{\"@type\":\"ImageObject\",\"inLanguage\":\"fr-FR\",\"@id\":\"https:\/\/kapitalis.com\/tunisie\/2016\/11\/05\/aziz-farhat-retrouve-mort-dans-un-hopital-de-bali\/#primaryimage\",\"url\":\"http:\/\/kapitalis.com\/tunisie\/wp-content\/uploads\/2016\/11\/Aziz-Farhat-Ban.jpg\",\"contentUrl\":\"http:\/\/kapitalis.com\/tunisie\/wp-content\/uploads\/2016\/11\/Aziz-Farhat-Ban.jpg\"},{\"@type\":\"BreadcrumbList\",\"@id\":\"https:\/\/kapitalis.com\/tunisie\/2016\/11\/05\/aziz-farhat-retrouve-mort-dans-un-hopital-de-bali\/#breadcrumb\",\"itemListElement\":[{\"@type\":\"ListItem\",\"position\":1,\"name\":\"Accueil\",\"item\":\"https:\/\/kapitalis.com\/tunisie\/\"},{\"@type\":\"ListItem\",\"position\":2,\"name\":\"Le Tunisien Aziz Farhat retrouv\u00e9 mort dans un h\u00f4pital de Bali\"}]},{\"@type\":\"WebSite\",\"@id\":\"https:\/\/kapitalis.com\/tunisie\/#website\",\"url\":\"https:\/\/kapitalis.com\/tunisie\/\",\"name\":\"Kapitalis\",\"description\":\"L&#039;actualit\u00e9 en Tunisie et dans le monde\",\"publisher\":{\"@id\":\"https:\/\/kapitalis.com\/tunisie\/#organization\"},\"potentialAction\":[{\"@type\":\"SearchAction\",\"target\":{\"@type\":\"EntryPoint\",\"urlTemplate\":\"https:\/\/kapitalis.com\/tunisie\/?s={search_term_string}\"},\"query-input\":{\"@type\":\"PropertyValueSpecification\",\"valueRequired\":true,\"valueName\":\"search_term_string\"}}],\"inLanguage\":\"fr-FR\"},{\"@type\":\"Organization\",\"@id\":\"https:\/\/kapitalis.com\/tunisie\/#organization\",\"name\":\"Kapitalis\",\"url\":\"https:\/\/kapitalis.com\/tunisie\/\",\"logo\":{\"@type\":\"ImageObject\",\"inLanguage\":\"fr-FR\",\"@id\":\"https:\/\/kapitalis.com\/tunisie\/#\/schema\/logo\/image\/\",\"url\":\"https:\/\/kapitalis.com\/tunisie\/wp-content\/uploads\/2022\/05\/Kapitalis-big-size.png\",\"contentUrl\":\"https:\/\/kapitalis.com\/tunisie\/wp-content\/uploads\/2022\/05\/Kapitalis-big-size.png\",\"width\":5000,\"height\":1500,\"caption\":\"Kapitalis\"},\"image\":{\"@id\":\"https:\/\/kapitalis.com\/tunisie\/#\/schema\/logo\/image\/\"},\"sameAs\":[\"https:\/\/www.facebook.com\/KapitalisInfo\/\",\"https:\/\/x.com\/KapitalisInfo\",\"https:\/\/www.youtube.com\/channel\/UC-yDYrHyfFBWWZaOw3FPg9Q\"]},{\"@type\":\"Person\",\"@id\":\"https:\/\/kapitalis.com\/tunisie\/#\/schema\/person\/d71f33a9ca44f7bad4698210b480c8e9\",\"name\":\"webmaster kapitalis\",\"url\":\"https:\/\/kapitalis.com\/tunisie\/author\/webmaster-kapitalis\/\"}]}<\/script>\n<!-- \/ Yoast SEO plugin. -->","yoast_head_json":{"title":"Le Tunisien Aziz Farhat retrouv\u00e9 mort dans un h\u00f4pital de Bali - Kapitalis","robots":{"index":"index","follow":"follow","max-snippet":"max-snippet:-1","max-image-preview":"max-image-preview:large","max-video-preview":"max-video-preview:-1"},"canonical":"https:\/\/kapitalis.com\/tunisie\/2016\/11\/05\/aziz-farhat-retrouve-mort-dans-un-hopital-de-bali\/","og_locale":"fr_FR","og_type":"article","og_title":"Le Tunisien Aziz Farhat retrouv\u00e9 mort dans un h\u00f4pital de Bali - Kapitalis","og_description":"Le corps de Aziz Farhat, disparu depuis le 17 octobre dernier \u00e0 Bali, en Indon\u00e9sie, a \u00e9t\u00e9 retrouv\u00e9 dans un h\u00f4pital de l\u2019\u00eele.","og_url":"https:\/\/kapitalis.com\/tunisie\/2016\/11\/05\/aziz-farhat-retrouve-mort-dans-un-hopital-de-bali\/","og_site_name":"Kapitalis","article_publisher":"https:\/\/www.facebook.com\/KapitalisInfo\/","article_published_time":"2016-11-05T15:57:04+00:00","article_modified_time":"2016-11-05T16:09:21+00:00","og_image":[{"url":"http:\/\/kapitalis.com\/tunisie\/wp-content\/uploads\/2016\/11\/Aziz-Farhat-Ban.jpg","type":"","width":"","height":""}],"author":"webmaster kapitalis","twitter_card":"summary_large_image","twitter_creator":"@KapitalisInfo","twitter_site":"@KapitalisInfo","twitter_misc":{"\u00c9crit par":"webmaster kapitalis","Dur\u00e9e de lecture estim\u00e9e":"1 minute"},"schema":{"@context":"https:\/\/schema.org","@graph":[{"@type":"Article","@id":"https:\/\/kapitalis.com\/tunisie\/2016\/11\/05\/aziz-farhat-retrouve-mort-dans-un-hopital-de-bali\/#article","isPartOf":{"@id":"https:\/\/kapitalis.com\/tunisie\/2016\/11\/05\/aziz-farhat-retrouve-mort-dans-un-hopital-de-bali\/"},"author":{"name":"webmaster kapitalis","@id":"https:\/\/kapitalis.com\/tunisie\/#\/schema\/person\/d71f33a9ca44f7bad4698210b480c8e9"},"headline":"Le Tunisien Aziz Farhat retrouv\u00e9 mort dans un h\u00f4pital de Bali","datePublished":"2016-11-05T15:57:04+00:00","dateModified":"2016-11-05T16:09:21+00:00","mainEntityOfPage":{"@id":"https:\/\/kapitalis.com\/tunisie\/2016\/11\/05\/aziz-farhat-retrouve-mort-dans-un-hopital-de-bali\/"},"wordCount":190,"commentCount":10,"publisher":{"@id":"https:\/\/kapitalis.com\/tunisie\/#organization"},"image":{"@id":"https:\/\/kapitalis.com\/tunisie\/2016\/11\/05\/aziz-farhat-retrouve-mort-dans-un-hopital-de-bali\/#primaryimage"},"thumbnailUrl":"http:\/\/kapitalis.com\/tunisie\/wp-content\/uploads\/2016\/11\/Aziz-Farhat-Ban.jpg","keywords":["Aziz Farhat","Bali","Indon\u00e9sie"],"articleSection":["SOCIETE","Tunisie"],"inLanguage":"fr-FR","potentialAction":[{"@type":"CommentAction","name":"Comment","target":["https:\/\/kapitalis.com\/tunisie\/2016\/11\/05\/aziz-farhat-retrouve-mort-dans-un-hopital-de-bali\/#respond"]}]},{"@type":"WebPage","@id":"https:\/\/kapitalis.com\/tunisie\/2016\/11\/05\/aziz-farhat-retrouve-mort-dans-un-hopital-de-bali\/","url":"https:\/\/kapitalis.com\/tunisie\/2016\/11\/05\/aziz-farhat-retrouve-mort-dans-un-hopital-de-bali\/","name":"Le Tunisien Aziz Farhat retrouv\u00e9 mort dans un h\u00f4pital de Bali - Kapitalis","isPartOf":{"@id":"https:\/\/kapitalis.com\/tunisie\/#website"},"primaryImageOfPage":{"@id":"https:\/\/kapitalis.com\/tunisie\/2016\/11\/05\/aziz-farhat-retrouve-mort-dans-un-hopital-de-bali\/#primaryimage"},"image":{"@id":"https:\/\/kapitalis.com\/tunisie\/2016\/11\/05\/aziz-farhat-retrouve-mort-dans-un-hopital-de-bali\/#primaryimage"},"thumbnailUrl":"http:\/\/kapitalis.com\/tunisie\/wp-content\/uploads\/2016\/11\/Aziz-Farhat-Ban.jpg","datePublished":"2016-11-05T15:57:04+00:00","dateModified":"2016-11-05T16:09:21+00:00","breadcrumb":{"@id":"https:\/\/kapitalis.com\/tunisie\/2016\/11\/05\/aziz-farhat-retrouve-mort-dans-un-hopital-de-bali\/#breadcrumb"},"inLanguage":"fr-FR","potentialAction":[{"@type":"ReadAction","target":["https:\/\/kapitalis.com\/tunisie\/2016\/11\/05\/aziz-farhat-retrouve-mort-dans-un-hopital-de-bali\/"]}]},{"@type":"ImageObject","inLanguage":"fr-FR","@id":"https:\/\/kapitalis.com\/tunisie\/2016\/11\/05\/aziz-farhat-retrouve-mort-dans-un-hopital-de-bali\/#primaryimage","url":"http:\/\/kapitalis.com\/tunisie\/wp-content\/uploads\/2016\/11\/Aziz-Farhat-Ban.jpg","contentUrl":"http:\/\/kapitalis.com\/tunisie\/wp-content\/uploads\/2016\/11\/Aziz-Farhat-Ban.jpg"},{"@type":"BreadcrumbList","@id":"https:\/\/kapitalis.com\/tunisie\/2016\/11\/05\/aziz-farhat-retrouve-mort-dans-un-hopital-de-bali\/#breadcrumb","itemListElement":[{"@type":"ListItem","position":1,"name":"Accueil","item":"https:\/\/kapitalis.com\/tunisie\/"},{"@type":"ListItem","position":2,"name":"Le Tunisien Aziz Farhat retrouv\u00e9 mort dans un h\u00f4pital de Bali"}]},{"@type":"WebSite","@id":"https:\/\/kapitalis.com\/tunisie\/#website","url":"https:\/\/kapitalis.com\/tunisie\/","name":"Kapitalis","description":"L&#039;actualit\u00e9 en Tunisie et dans le monde","publisher":{"@id":"https:\/\/kapitalis.com\/tunisie\/#organization"},"potentialAction":[{"@type":"SearchAction","target":{"@type":"EntryPoint","urlTemplate":"https:\/\/kapitalis.com\/tunisie\/?s={search_term_string}"},"query-input":{"@type":"PropertyValueSpecification","valueRequired":true,"valueName":"search_term_string"}}],"inLanguage":"fr-FR"},{"@type":"Organization","@id":"https:\/\/kapitalis.com\/tunisie\/#organization","name":"Kapitalis","url":"https:\/\/kapitalis.com\/tunisie\/","logo":{"@type":"ImageObject","inLanguage":"fr-FR","@id":"https:\/\/kapitalis.com\/tunisie\/#\/schema\/logo\/image\/","url":"https:\/\/kapitalis.com\/tunisie\/wp-content\/uploads\/2022\/05\/Kapitalis-big-size.png","contentUrl":"https:\/\/kapitalis.com\/tunisie\/wp-content\/uploads\/2022\/05\/Kapitalis-big-size.png","width":5000,"height":1500,"caption":"Kapitalis"},"image":{"@id":"https:\/\/kapitalis.com\/tunisie\/#\/schema\/logo\/image\/"},"sameAs":["https:\/\/www.facebook.com\/KapitalisInfo\/","https:\/\/x.com\/KapitalisInfo","https:\/\/www.youtube.com\/channel\/UC-yDYrHyfFBWWZaOw3FPg9Q"]},{"@type":"Person","@id":"https:\/\/kapitalis.com\/tunisie\/#\/schema\/person\/d71f33a9ca44f7bad4698210b480c8e9","name":"webmaster kapitalis","url":"https:\/\/kapitalis.com\/tunisie\/author\/webmaster-kapitalis\/"}]}},"_links":{"self":[{"href":"https:\/\/kapitalis.com\/tunisie\/wp-json\/wp\/v2\/posts\/71170","targetHints":{"allow":["GET"]}}],"collection":[{"href":"https:\/\/kapitalis.com\/tunisie\/wp-json\/wp\/v2\/posts"}],"about":[{"href":"https:\/\/kapitalis.com\/tunisie\/wp-json\/wp\/v2\/types\/post"}],"author":[{"embeddable":true,"href":"https:\/\/kapitalis.com\/tunisie\/wp-json\/wp\/v2\/users\/8"}],"replies":[{"embeddable":true,"href":"https:\/\/kapitalis.com\/tunisie\/wp-json\/wp\/v2\/comments?post=71170"}],"version-history":[{"count":0,"href":"https:\/\/kapitalis.com\/tunisie\/wp-json\/wp\/v2\/posts\/71170\/revisions"}],"wp:attachment":[{"href":"https:\/\/kapitalis.com\/tunisie\/wp-json\/wp\/v2\/media?parent=71170"}],"wp:term":[{"taxonomy":"category","embeddable":true,"href":"https:\/\/kapitalis.com\/tunisie\/wp-json\/wp\/v2\/categories?post=71170"},{"taxonomy":"post_tag","embeddable":true,"href":"https:\/\/kapitalis.com\/tunisie\/wp-json\/wp\/v2\/tags?post=71170"}],"curies":[{"name":"wp","href":"https:\/\/api.w.org\/{rel}","templated":true}]}}