{"id":7119164,"date":"2023-03-25T22:27:03","date_gmt":"2023-03-25T21:27:03","guid":{"rendered":"https:\/\/kapitalis.com\/tunisie\/?p=7119164"},"modified":"2023-03-25T22:32:27","modified_gmt":"2023-03-25T21:32:27","slug":"les-citoyens-appeles-a-acheter-les-produits-alimentaires-dans-les-commerces-controles-ministere-de-la-sante","status":"publish","type":"post","link":"https:\/\/kapitalis.com\/tunisie\/2023\/03\/25\/les-citoyens-appeles-a-acheter-les-produits-alimentaires-dans-les-commerces-controles-ministere-de-la-sante\/","title":{"rendered":"Les citoyens appel\u00e9s \u00e0 acheter les produits alimentaires dans les commerces contr\u00f4l\u00e9s (minist\u00e8re de la Sant\u00e9)"},"content":{"rendered":"\n<p><em><strong>Le minist\u00e8re de la Sant\u00e9 a appel\u00e9 les citoyens \u00e0 acheter les produits alimentaires aupr\u00e8s des commerces organis\u00e9s et contr\u00f4l\u00e9s pour prot\u00e9ger leur sant\u00e9, en particulier durant le mois de Ramadan, marqu\u00e9 par une hausse de la consommation.<\/strong><\/em><\/p>\n\n\n\n<!--more-->\n\n\n\n<p>Dans un communiqu\u00e9, le minist\u00e8re de la Sant\u00e9 affirme \u00e9galement que les op\u00e9rations de contr\u00f4les ont \u00e9t\u00e9 intensifi\u00e9s, en pr\u00e9cisant que les \u00e9quipes de contr\u00f4le de l&rsquo;Instance nationale de s\u00e9curit\u00e9 sanitaire des produits alimentaires ont inspect\u00e9, d\u00e8s le premier jour du mois de Ramadan, les produits alimentaires dans divers espaces, les magasins ainsi que les sites de production, de stockage et de vente en gros.<\/p>\n\n\n\n<p>A l&rsquo;issue de ces op\u00e9rations de contr\u00f4le, les agents ont saisi plusieurs quantit\u00e9s de produits notamment de l&rsquo;eau conditionn\u00e9e, du lait frais et ferment\u00e9, des fruits de mer en conserve, ainsi que de la volaille et ses d\u00e9riv\u00e9s.<\/p>\n\n\n\n<p class=\"has-text-align-right\"><strong>Y. N.<\/strong><\/p>\n","protected":false},"excerpt":{"rendered":"<p>Les citoyens appel\u00e9s \u00e0 acheter les produits alimentaires dans les commerces contr\u00f4l\u00e9s (minist\u00e8re de la Sant\u00e9)<\/p>\n","protected":false},"author":6,"featured_media":7119337,"comment_status":"open","ping_status":"open","sticky":false,"template":"","format":"standard","meta":{"footnotes":""},"categories":[993,998,2433],"tags":[81039,107668,746,761,62643],"class_list":["post-7119164","post","type-post","status-publish","format-standard","has-post-thumbnail","hentry","category-conso","category-societe","category-tunisie","tag-controle-sanitaire","tag-minst-re-sante","tag-produits-alimentaires","tag-ramadan","tag-tunisie"],"yoast_head":"<!-- This site is optimized with the Yoast SEO plugin v26.6 - https:\/\/yoast.com\/wordpress\/plugins\/seo\/ -->\n<title>Les citoyens appel\u00e9s \u00e0 acheter les produits alimentaires dans les commerces contr\u00f4l\u00e9s (minist\u00e8re de la Sant\u00e9) - Kapitalis<\/title>\n<meta name=\"description\" content=\"Le minist\u00e8re de la Sant\u00e9 a appel\u00e9 les citoyens \u00e0 acheter les produits alimentaires aupr\u00e8s des commerces organis\u00e9s et contr\u00f4l\u00e9s pour prot\u00e9ger leur sant\u00e9, en particulier durant le mois de Ramadan, marqu\u00e9 par une hausse de la consommation.\" \/>\n<meta name=\"robots\" content=\"index, follow, max-snippet:-1, max-image-preview:large, max-video-preview:-1\" \/>\n<link rel=\"canonical\" href=\"https:\/\/kapitalis.com\/tunisie\/2023\/03\/25\/les-citoyens-appeles-a-acheter-les-produits-alimentaires-dans-les-commerces-controles-ministere-de-la-sante\/\" \/>\n<meta property=\"og:locale\" content=\"fr_FR\" \/>\n<meta property=\"og:type\" content=\"article\" \/>\n<meta property=\"og:title\" content=\"Les citoyens appel\u00e9s \u00e0 acheter les produits alimentaires dans les commerces contr\u00f4l\u00e9s (minist\u00e8re de la Sant\u00e9) - Kapitalis\" \/>\n<meta property=\"og:description\" content=\"Le minist\u00e8re de la Sant\u00e9 a appel\u00e9 les citoyens \u00e0 acheter les produits alimentaires aupr\u00e8s des commerces organis\u00e9s et contr\u00f4l\u00e9s pour prot\u00e9ger leur sant\u00e9, en particulier durant le mois de Ramadan, marqu\u00e9 par une hausse de la consommation.\" \/>\n<meta property=\"og:url\" content=\"https:\/\/kapitalis.com\/tunisie\/2023\/03\/25\/les-citoyens-appeles-a-acheter-les-produits-alimentaires-dans-les-commerces-controles-ministere-de-la-sante\/\" \/>\n<meta property=\"og:site_name\" content=\"Kapitalis\" \/>\n<meta property=\"article:publisher\" content=\"https:\/\/www.facebook.com\/KapitalisInfo\/\" \/>\n<meta property=\"article:published_time\" content=\"2023-03-25T21:27:03+00:00\" \/>\n<meta property=\"article:modified_time\" content=\"2023-03-25T21:32:27+00:00\" \/>\n<meta property=\"og:image\" content=\"https:\/\/kapitalis.com\/tunisie\/wp-content\/uploads\/2023\/03\/commerce-controle-sante.jpg\" \/>\n\t<meta property=\"og:image:width\" content=\"1200\" \/>\n\t<meta property=\"og:image:height\" content=\"630\" \/>\n\t<meta property=\"og:image:type\" content=\"image\/jpeg\" \/>\n<meta name=\"author\" content=\"Yusra NY\" \/>\n<meta name=\"twitter:card\" content=\"summary_large_image\" \/>\n<meta name=\"twitter:creator\" content=\"@KapitalisInfo\" \/>\n<meta name=\"twitter:site\" content=\"@KapitalisInfo\" \/>\n<meta name=\"twitter:label1\" content=\"\u00c9crit par\" \/>\n\t<meta name=\"twitter:data1\" content=\"Yusra NY\" \/>\n\t<meta name=\"twitter:label2\" content=\"Dur\u00e9e de lecture estim\u00e9e\" \/>\n\t<meta name=\"twitter:data2\" content=\"1 minute\" \/>\n<script type=\"application\/ld+json\" class=\"yoast-schema-graph\">{\"@context\":\"https:\/\/schema.org\",\"@graph\":[{\"@type\":\"Article\",\"@id\":\"https:\/\/kapitalis.com\/tunisie\/2023\/03\/25\/les-citoyens-appeles-a-acheter-les-produits-alimentaires-dans-les-commerces-controles-ministere-de-la-sante\/#article\",\"isPartOf\":{\"@id\":\"https:\/\/kapitalis.com\/tunisie\/2023\/03\/25\/les-citoyens-appeles-a-acheter-les-produits-alimentaires-dans-les-commerces-controles-ministere-de-la-sante\/\"},\"author\":{\"name\":\"Yusra NY\",\"@id\":\"https:\/\/kapitalis.com\/tunisie\/#\/schema\/person\/74bbde0154d49d790a92aaeac5bc01d5\"},\"headline\":\"Les citoyens appel\u00e9s \u00e0 acheter les produits alimentaires dans les commerces contr\u00f4l\u00e9s (minist\u00e8re de la Sant\u00e9)\",\"datePublished\":\"2023-03-25T21:27:03+00:00\",\"dateModified\":\"2023-03-25T21:32:27+00:00\",\"mainEntityOfPage\":{\"@id\":\"https:\/\/kapitalis.com\/tunisie\/2023\/03\/25\/les-citoyens-appeles-a-acheter-les-produits-alimentaires-dans-les-commerces-controles-ministere-de-la-sante\/\"},\"wordCount\":181,\"commentCount\":0,\"publisher\":{\"@id\":\"https:\/\/kapitalis.com\/tunisie\/#organization\"},\"image\":{\"@id\":\"https:\/\/kapitalis.com\/tunisie\/2023\/03\/25\/les-citoyens-appeles-a-acheter-les-produits-alimentaires-dans-les-commerces-controles-ministere-de-la-sante\/#primaryimage\"},\"thumbnailUrl\":\"https:\/\/kapitalis.com\/tunisie\/wp-content\/uploads\/2023\/03\/commerce-controle-sante.jpg\",\"keywords\":[\"contr\u00f4le sanitaire\",\"minst-re Sant\u00e9\",\"produits alimentaires\",\"Ramadan\",\"Tunisie\"],\"articleSection\":[\"CONSO\",\"SOCIETE\",\"Tunisie\"],\"inLanguage\":\"fr-FR\",\"potentialAction\":[{\"@type\":\"CommentAction\",\"name\":\"Comment\",\"target\":[\"https:\/\/kapitalis.com\/tunisie\/2023\/03\/25\/les-citoyens-appeles-a-acheter-les-produits-alimentaires-dans-les-commerces-controles-ministere-de-la-sante\/#respond\"]}]},{\"@type\":\"WebPage\",\"@id\":\"https:\/\/kapitalis.com\/tunisie\/2023\/03\/25\/les-citoyens-appeles-a-acheter-les-produits-alimentaires-dans-les-commerces-controles-ministere-de-la-sante\/\",\"url\":\"https:\/\/kapitalis.com\/tunisie\/2023\/03\/25\/les-citoyens-appeles-a-acheter-les-produits-alimentaires-dans-les-commerces-controles-ministere-de-la-sante\/\",\"name\":\"Les citoyens appel\u00e9s \u00e0 acheter les produits alimentaires dans les commerces contr\u00f4l\u00e9s (minist\u00e8re de la Sant\u00e9) - Kapitalis\",\"isPartOf\":{\"@id\":\"https:\/\/kapitalis.com\/tunisie\/#website\"},\"primaryImageOfPage\":{\"@id\":\"https:\/\/kapitalis.com\/tunisie\/2023\/03\/25\/les-citoyens-appeles-a-acheter-les-produits-alimentaires-dans-les-commerces-controles-ministere-de-la-sante\/#primaryimage\"},\"image\":{\"@id\":\"https:\/\/kapitalis.com\/tunisie\/2023\/03\/25\/les-citoyens-appeles-a-acheter-les-produits-alimentaires-dans-les-commerces-controles-ministere-de-la-sante\/#primaryimage\"},\"thumbnailUrl\":\"https:\/\/kapitalis.com\/tunisie\/wp-content\/uploads\/2023\/03\/commerce-controle-sante.jpg\",\"datePublished\":\"2023-03-25T21:27:03+00:00\",\"dateModified\":\"2023-03-25T21:32:27+00:00\",\"description\":\"Le minist\u00e8re de la Sant\u00e9 a appel\u00e9 les citoyens \u00e0 acheter les produits alimentaires aupr\u00e8s des commerces organis\u00e9s et contr\u00f4l\u00e9s pour prot\u00e9ger leur sant\u00e9, en particulier durant le mois de Ramadan, marqu\u00e9 par une hausse de la consommation.\",\"breadcrumb\":{\"@id\":\"https:\/\/kapitalis.com\/tunisie\/2023\/03\/25\/les-citoyens-appeles-a-acheter-les-produits-alimentaires-dans-les-commerces-controles-ministere-de-la-sante\/#breadcrumb\"},\"inLanguage\":\"fr-FR\",\"potentialAction\":[{\"@type\":\"ReadAction\",\"target\":[\"https:\/\/kapitalis.com\/tunisie\/2023\/03\/25\/les-citoyens-appeles-a-acheter-les-produits-alimentaires-dans-les-commerces-controles-ministere-de-la-sante\/\"]}]},{\"@type\":\"ImageObject\",\"inLanguage\":\"fr-FR\",\"@id\":\"https:\/\/kapitalis.com\/tunisie\/2023\/03\/25\/les-citoyens-appeles-a-acheter-les-produits-alimentaires-dans-les-commerces-controles-ministere-de-la-sante\/#primaryimage\",\"url\":\"https:\/\/kapitalis.com\/tunisie\/wp-content\/uploads\/2023\/03\/commerce-controle-sante.jpg\",\"contentUrl\":\"https:\/\/kapitalis.com\/tunisie\/wp-content\/uploads\/2023\/03\/commerce-controle-sante.jpg\",\"width\":1200,\"height\":630},{\"@type\":\"BreadcrumbList\",\"@id\":\"https:\/\/kapitalis.com\/tunisie\/2023\/03\/25\/les-citoyens-appeles-a-acheter-les-produits-alimentaires-dans-les-commerces-controles-ministere-de-la-sante\/#breadcrumb\",\"itemListElement\":[{\"@type\":\"ListItem\",\"position\":1,\"name\":\"Accueil\",\"item\":\"https:\/\/kapitalis.com\/tunisie\/\"},{\"@type\":\"ListItem\",\"position\":2,\"name\":\"Les citoyens appel\u00e9s \u00e0 acheter les produits alimentaires dans les commerces contr\u00f4l\u00e9s (minist\u00e8re de la Sant\u00e9)\"}]},{\"@type\":\"WebSite\",\"@id\":\"https:\/\/kapitalis.com\/tunisie\/#website\",\"url\":\"https:\/\/kapitalis.com\/tunisie\/\",\"name\":\"Kapitalis\",\"description\":\"L&#039;actualit\u00e9 en Tunisie et dans le monde\",\"publisher\":{\"@id\":\"https:\/\/kapitalis.com\/tunisie\/#organization\"},\"potentialAction\":[{\"@type\":\"SearchAction\",\"target\":{\"@type\":\"EntryPoint\",\"urlTemplate\":\"https:\/\/kapitalis.com\/tunisie\/?s={search_term_string}\"},\"query-input\":{\"@type\":\"PropertyValueSpecification\",\"valueRequired\":true,\"valueName\":\"search_term_string\"}}],\"inLanguage\":\"fr-FR\"},{\"@type\":\"Organization\",\"@id\":\"https:\/\/kapitalis.com\/tunisie\/#organization\",\"name\":\"Kapitalis\",\"url\":\"https:\/\/kapitalis.com\/tunisie\/\",\"logo\":{\"@type\":\"ImageObject\",\"inLanguage\":\"fr-FR\",\"@id\":\"https:\/\/kapitalis.com\/tunisie\/#\/schema\/logo\/image\/\",\"url\":\"https:\/\/kapitalis.com\/tunisie\/wp-content\/uploads\/2022\/05\/Kapitalis-big-size.png\",\"contentUrl\":\"https:\/\/kapitalis.com\/tunisie\/wp-content\/uploads\/2022\/05\/Kapitalis-big-size.png\",\"width\":5000,\"height\":1500,\"caption\":\"Kapitalis\"},\"image\":{\"@id\":\"https:\/\/kapitalis.com\/tunisie\/#\/schema\/logo\/image\/\"},\"sameAs\":[\"https:\/\/www.facebook.com\/KapitalisInfo\/\",\"https:\/\/x.com\/KapitalisInfo\",\"https:\/\/www.youtube.com\/channel\/UC-yDYrHyfFBWWZaOw3FPg9Q\"]},{\"@type\":\"Person\",\"@id\":\"https:\/\/kapitalis.com\/tunisie\/#\/schema\/person\/74bbde0154d49d790a92aaeac5bc01d5\",\"name\":\"Yusra NY\",\"url\":\"https:\/\/kapitalis.com\/tunisie\/author\/yuza_adam\/\"}]}<\/script>\n<!-- \/ Yoast SEO plugin. -->","yoast_head_json":{"title":"Les citoyens appel\u00e9s \u00e0 acheter les produits alimentaires dans les commerces contr\u00f4l\u00e9s (minist\u00e8re de la Sant\u00e9) - Kapitalis","description":"Le minist\u00e8re de la Sant\u00e9 a appel\u00e9 les citoyens \u00e0 acheter les produits alimentaires aupr\u00e8s des commerces organis\u00e9s et contr\u00f4l\u00e9s pour prot\u00e9ger leur sant\u00e9, en particulier durant le mois de Ramadan, marqu\u00e9 par une hausse de la consommation.","robots":{"index":"index","follow":"follow","max-snippet":"max-snippet:-1","max-image-preview":"max-image-preview:large","max-video-preview":"max-video-preview:-1"},"canonical":"https:\/\/kapitalis.com\/tunisie\/2023\/03\/25\/les-citoyens-appeles-a-acheter-les-produits-alimentaires-dans-les-commerces-controles-ministere-de-la-sante\/","og_locale":"fr_FR","og_type":"article","og_title":"Les citoyens appel\u00e9s \u00e0 acheter les produits alimentaires dans les commerces contr\u00f4l\u00e9s (minist\u00e8re de la Sant\u00e9) - Kapitalis","og_description":"Le minist\u00e8re de la Sant\u00e9 a appel\u00e9 les citoyens \u00e0 acheter les produits alimentaires aupr\u00e8s des commerces organis\u00e9s et contr\u00f4l\u00e9s pour prot\u00e9ger leur sant\u00e9, en particulier durant le mois de Ramadan, marqu\u00e9 par une hausse de la consommation.","og_url":"https:\/\/kapitalis.com\/tunisie\/2023\/03\/25\/les-citoyens-appeles-a-acheter-les-produits-alimentaires-dans-les-commerces-controles-ministere-de-la-sante\/","og_site_name":"Kapitalis","article_publisher":"https:\/\/www.facebook.com\/KapitalisInfo\/","article_published_time":"2023-03-25T21:27:03+00:00","article_modified_time":"2023-03-25T21:32:27+00:00","og_image":[{"width":1200,"height":630,"url":"https:\/\/kapitalis.com\/tunisie\/wp-content\/uploads\/2023\/03\/commerce-controle-sante.jpg","type":"image\/jpeg"}],"author":"Yusra NY","twitter_card":"summary_large_image","twitter_creator":"@KapitalisInfo","twitter_site":"@KapitalisInfo","twitter_misc":{"\u00c9crit par":"Yusra NY","Dur\u00e9e de lecture estim\u00e9e":"1 minute"},"schema":{"@context":"https:\/\/schema.org","@graph":[{"@type":"Article","@id":"https:\/\/kapitalis.com\/tunisie\/2023\/03\/25\/les-citoyens-appeles-a-acheter-les-produits-alimentaires-dans-les-commerces-controles-ministere-de-la-sante\/#article","isPartOf":{"@id":"https:\/\/kapitalis.com\/tunisie\/2023\/03\/25\/les-citoyens-appeles-a-acheter-les-produits-alimentaires-dans-les-commerces-controles-ministere-de-la-sante\/"},"author":{"name":"Yusra NY","@id":"https:\/\/kapitalis.com\/tunisie\/#\/schema\/person\/74bbde0154d49d790a92aaeac5bc01d5"},"headline":"Les citoyens appel\u00e9s \u00e0 acheter les produits alimentaires dans les commerces contr\u00f4l\u00e9s (minist\u00e8re de la Sant\u00e9)","datePublished":"2023-03-25T21:27:03+00:00","dateModified":"2023-03-25T21:32:27+00:00","mainEntityOfPage":{"@id":"https:\/\/kapitalis.com\/tunisie\/2023\/03\/25\/les-citoyens-appeles-a-acheter-les-produits-alimentaires-dans-les-commerces-controles-ministere-de-la-sante\/"},"wordCount":181,"commentCount":0,"publisher":{"@id":"https:\/\/kapitalis.com\/tunisie\/#organization"},"image":{"@id":"https:\/\/kapitalis.com\/tunisie\/2023\/03\/25\/les-citoyens-appeles-a-acheter-les-produits-alimentaires-dans-les-commerces-controles-ministere-de-la-sante\/#primaryimage"},"thumbnailUrl":"https:\/\/kapitalis.com\/tunisie\/wp-content\/uploads\/2023\/03\/commerce-controle-sante.jpg","keywords":["contr\u00f4le sanitaire","minst-re Sant\u00e9","produits alimentaires","Ramadan","Tunisie"],"articleSection":["CONSO","SOCIETE","Tunisie"],"inLanguage":"fr-FR","potentialAction":[{"@type":"CommentAction","name":"Comment","target":["https:\/\/kapitalis.com\/tunisie\/2023\/03\/25\/les-citoyens-appeles-a-acheter-les-produits-alimentaires-dans-les-commerces-controles-ministere-de-la-sante\/#respond"]}]},{"@type":"WebPage","@id":"https:\/\/kapitalis.com\/tunisie\/2023\/03\/25\/les-citoyens-appeles-a-acheter-les-produits-alimentaires-dans-les-commerces-controles-ministere-de-la-sante\/","url":"https:\/\/kapitalis.com\/tunisie\/2023\/03\/25\/les-citoyens-appeles-a-acheter-les-produits-alimentaires-dans-les-commerces-controles-ministere-de-la-sante\/","name":"Les citoyens appel\u00e9s \u00e0 acheter les produits alimentaires dans les commerces contr\u00f4l\u00e9s (minist\u00e8re de la Sant\u00e9) - Kapitalis","isPartOf":{"@id":"https:\/\/kapitalis.com\/tunisie\/#website"},"primaryImageOfPage":{"@id":"https:\/\/kapitalis.com\/tunisie\/2023\/03\/25\/les-citoyens-appeles-a-acheter-les-produits-alimentaires-dans-les-commerces-controles-ministere-de-la-sante\/#primaryimage"},"image":{"@id":"https:\/\/kapitalis.com\/tunisie\/2023\/03\/25\/les-citoyens-appeles-a-acheter-les-produits-alimentaires-dans-les-commerces-controles-ministere-de-la-sante\/#primaryimage"},"thumbnailUrl":"https:\/\/kapitalis.com\/tunisie\/wp-content\/uploads\/2023\/03\/commerce-controle-sante.jpg","datePublished":"2023-03-25T21:27:03+00:00","dateModified":"2023-03-25T21:32:27+00:00","description":"Le minist\u00e8re de la Sant\u00e9 a appel\u00e9 les citoyens \u00e0 acheter les produits alimentaires aupr\u00e8s des commerces organis\u00e9s et contr\u00f4l\u00e9s pour prot\u00e9ger leur sant\u00e9, en particulier durant le mois de Ramadan, marqu\u00e9 par une hausse de la consommation.","breadcrumb":{"@id":"https:\/\/kapitalis.com\/tunisie\/2023\/03\/25\/les-citoyens-appeles-a-acheter-les-produits-alimentaires-dans-les-commerces-controles-ministere-de-la-sante\/#breadcrumb"},"inLanguage":"fr-FR","potentialAction":[{"@type":"ReadAction","target":["https:\/\/kapitalis.com\/tunisie\/2023\/03\/25\/les-citoyens-appeles-a-acheter-les-produits-alimentaires-dans-les-commerces-controles-ministere-de-la-sante\/"]}]},{"@type":"ImageObject","inLanguage":"fr-FR","@id":"https:\/\/kapitalis.com\/tunisie\/2023\/03\/25\/les-citoyens-appeles-a-acheter-les-produits-alimentaires-dans-les-commerces-controles-ministere-de-la-sante\/#primaryimage","url":"https:\/\/kapitalis.com\/tunisie\/wp-content\/uploads\/2023\/03\/commerce-controle-sante.jpg","contentUrl":"https:\/\/kapitalis.com\/tunisie\/wp-content\/uploads\/2023\/03\/commerce-controle-sante.jpg","width":1200,"height":630},{"@type":"BreadcrumbList","@id":"https:\/\/kapitalis.com\/tunisie\/2023\/03\/25\/les-citoyens-appeles-a-acheter-les-produits-alimentaires-dans-les-commerces-controles-ministere-de-la-sante\/#breadcrumb","itemListElement":[{"@type":"ListItem","position":1,"name":"Accueil","item":"https:\/\/kapitalis.com\/tunisie\/"},{"@type":"ListItem","position":2,"name":"Les citoyens appel\u00e9s \u00e0 acheter les produits alimentaires dans les commerces contr\u00f4l\u00e9s (minist\u00e8re de la Sant\u00e9)"}]},{"@type":"WebSite","@id":"https:\/\/kapitalis.com\/tunisie\/#website","url":"https:\/\/kapitalis.com\/tunisie\/","name":"Kapitalis","description":"L&#039;actualit\u00e9 en Tunisie et dans le monde","publisher":{"@id":"https:\/\/kapitalis.com\/tunisie\/#organization"},"potentialAction":[{"@type":"SearchAction","target":{"@type":"EntryPoint","urlTemplate":"https:\/\/kapitalis.com\/tunisie\/?s={search_term_string}"},"query-input":{"@type":"PropertyValueSpecification","valueRequired":true,"valueName":"search_term_string"}}],"inLanguage":"fr-FR"},{"@type":"Organization","@id":"https:\/\/kapitalis.com\/tunisie\/#organization","name":"Kapitalis","url":"https:\/\/kapitalis.com\/tunisie\/","logo":{"@type":"ImageObject","inLanguage":"fr-FR","@id":"https:\/\/kapitalis.com\/tunisie\/#\/schema\/logo\/image\/","url":"https:\/\/kapitalis.com\/tunisie\/wp-content\/uploads\/2022\/05\/Kapitalis-big-size.png","contentUrl":"https:\/\/kapitalis.com\/tunisie\/wp-content\/uploads\/2022\/05\/Kapitalis-big-size.png","width":5000,"height":1500,"caption":"Kapitalis"},"image":{"@id":"https:\/\/kapitalis.com\/tunisie\/#\/schema\/logo\/image\/"},"sameAs":["https:\/\/www.facebook.com\/KapitalisInfo\/","https:\/\/x.com\/KapitalisInfo","https:\/\/www.youtube.com\/channel\/UC-yDYrHyfFBWWZaOw3FPg9Q"]},{"@type":"Person","@id":"https:\/\/kapitalis.com\/tunisie\/#\/schema\/person\/74bbde0154d49d790a92aaeac5bc01d5","name":"Yusra NY","url":"https:\/\/kapitalis.com\/tunisie\/author\/yuza_adam\/"}]}},"_links":{"self":[{"href":"https:\/\/kapitalis.com\/tunisie\/wp-json\/wp\/v2\/posts\/7119164","targetHints":{"allow":["GET"]}}],"collection":[{"href":"https:\/\/kapitalis.com\/tunisie\/wp-json\/wp\/v2\/posts"}],"about":[{"href":"https:\/\/kapitalis.com\/tunisie\/wp-json\/wp\/v2\/types\/post"}],"author":[{"embeddable":true,"href":"https:\/\/kapitalis.com\/tunisie\/wp-json\/wp\/v2\/users\/6"}],"replies":[{"embeddable":true,"href":"https:\/\/kapitalis.com\/tunisie\/wp-json\/wp\/v2\/comments?post=7119164"}],"version-history":[{"count":3,"href":"https:\/\/kapitalis.com\/tunisie\/wp-json\/wp\/v2\/posts\/7119164\/revisions"}],"predecessor-version":[{"id":7119459,"href":"https:\/\/kapitalis.com\/tunisie\/wp-json\/wp\/v2\/posts\/7119164\/revisions\/7119459"}],"wp:featuredmedia":[{"embeddable":true,"href":"https:\/\/kapitalis.com\/tunisie\/wp-json\/wp\/v2\/media\/7119337"}],"wp:attachment":[{"href":"https:\/\/kapitalis.com\/tunisie\/wp-json\/wp\/v2\/media?parent=7119164"}],"wp:term":[{"taxonomy":"category","embeddable":true,"href":"https:\/\/kapitalis.com\/tunisie\/wp-json\/wp\/v2\/categories?post=7119164"},{"taxonomy":"post_tag","embeddable":true,"href":"https:\/\/kapitalis.com\/tunisie\/wp-json\/wp\/v2\/tags?post=7119164"}],"curies":[{"name":"wp","href":"https:\/\/api.w.org\/{rel}","templated":true}]}}