{"id":7119907,"date":"2023-03-25T22:58:13","date_gmt":"2023-03-25T21:58:13","guid":{"rendered":"https:\/\/kapitalis.com\/tunisie\/?p=7119907"},"modified":"2023-03-26T16:55:33","modified_gmt":"2023-03-26T15:55:33","slug":"tunisie-en-images-seance-dentrainement-en-prevision-du-match-retour-contre-la-libye","status":"publish","type":"post","link":"https:\/\/kapitalis.com\/tunisie\/2023\/03\/25\/tunisie-en-images-seance-dentrainement-en-prevision-du-match-retour-contre-la-libye\/","title":{"rendered":"Tunisie : En images, s\u00e9ance d&rsquo;entra\u00eenement en pr\u00e9vision du match retour contre la Libye"},"content":{"rendered":"\n<p><em><strong>L&rsquo;\u00e9quipe nationale de Tunisie, qui fera le d\u00e9placement \u00e0 Benghazi pour disputer le second match de sa double confrontation avec la Libye pour le compte de la 4e journ\u00e9e des \u00e9liminatoires de la Coupe d\u2019Afrique des nations (CAN), poursuit les entra\u00eenements.<\/strong><\/em><\/p>\n\n\n\n<!--more-->\n\n\n\n<p>C&rsquo;est \u00e0 Rad\u00e8s que les Aigles de Carthage, victorieux du match hier sur le score de 3 \u00e0 0 contre la Libye, ont effectu\u00e9 une nouvelle s\u00e9ance d&rsquo;entra\u00eenement en vue de se pr\u00e9parer pour le match retour qui se d\u00e9roulera \u00e0 Benghazi mardi prochain, annonce la F\u00e9d\u00e9ration tunisienne de Football (FTF).<\/p>\n\n\n\n<figure class=\"wp-block-gallery aligncenter has-nested-images columns-2 is-cropped wp-block-gallery-1 is-layout-flex wp-block-gallery-is-layout-flex\">\n<figure class=\"wp-block-image size-large\"><img loading=\"lazy\" decoding=\"async\" width=\"1024\" height=\"767\" data-id=\"7119958\" src=\"https:\/\/kapitalis.com\/tunisie\/wp-content\/uploads\/2023\/03\/F13-1024x767.jpg\" alt=\"\" class=\"wp-image-7119958\" srcset=\"https:\/\/kapitalis.com\/tunisie\/wp-content\/uploads\/2023\/03\/F13-1024x767.jpg 1024w, https:\/\/kapitalis.com\/tunisie\/wp-content\/uploads\/2023\/03\/F13-300x225.jpg 300w, https:\/\/kapitalis.com\/tunisie\/wp-content\/uploads\/2023\/03\/F13-768x575.jpg 768w, https:\/\/kapitalis.com\/tunisie\/wp-content\/uploads\/2023\/03\/F13-1536x1150.jpg 1536w, https:\/\/kapitalis.com\/tunisie\/wp-content\/uploads\/2023\/03\/F13-580x434.jpg 580w, https:\/\/kapitalis.com\/tunisie\/wp-content\/uploads\/2023\/03\/F13-860x644.jpg 860w, https:\/\/kapitalis.com\/tunisie\/wp-content\/uploads\/2023\/03\/F13-1160x868.jpg 1160w, https:\/\/kapitalis.com\/tunisie\/wp-content\/uploads\/2023\/03\/F13.jpg 2048w\" sizes=\"auto, (max-width: 1024px) 100vw, 1024px\" \/><\/figure>\n\n\n\n<figure class=\"wp-block-image size-large\"><img loading=\"lazy\" decoding=\"async\" width=\"1024\" height=\"747\" data-id=\"7119954\" src=\"https:\/\/kapitalis.com\/tunisie\/wp-content\/uploads\/2023\/03\/F12-1024x747.jpg\" alt=\"\" class=\"wp-image-7119954\" srcset=\"https:\/\/kapitalis.com\/tunisie\/wp-content\/uploads\/2023\/03\/F12-1024x747.jpg 1024w, https:\/\/kapitalis.com\/tunisie\/wp-content\/uploads\/2023\/03\/F12-300x219.jpg 300w, https:\/\/kapitalis.com\/tunisie\/wp-content\/uploads\/2023\/03\/F12-768x560.jpg 768w, https:\/\/kapitalis.com\/tunisie\/wp-content\/uploads\/2023\/03\/F12-1536x1121.jpg 1536w, https:\/\/kapitalis.com\/tunisie\/wp-content\/uploads\/2023\/03\/F12-580x423.jpg 580w, https:\/\/kapitalis.com\/tunisie\/wp-content\/uploads\/2023\/03\/F12-860x627.jpg 860w, https:\/\/kapitalis.com\/tunisie\/wp-content\/uploads\/2023\/03\/F12-1160x846.jpg 1160w, https:\/\/kapitalis.com\/tunisie\/wp-content\/uploads\/2023\/03\/F12.jpg 2048w\" sizes=\"auto, (max-width: 1024px) 100vw, 1024px\" \/><\/figure>\n\n\n\n<figure class=\"wp-block-image size-large\"><img loading=\"lazy\" decoding=\"async\" width=\"1024\" height=\"769\" data-id=\"7119957\" src=\"https:\/\/kapitalis.com\/tunisie\/wp-content\/uploads\/2023\/03\/F11-1024x769.jpg\" alt=\"\" class=\"wp-image-7119957\" srcset=\"https:\/\/kapitalis.com\/tunisie\/wp-content\/uploads\/2023\/03\/F11-1024x769.jpg 1024w, https:\/\/kapitalis.com\/tunisie\/wp-content\/uploads\/2023\/03\/F11-300x225.jpg 300w, https:\/\/kapitalis.com\/tunisie\/wp-content\/uploads\/2023\/03\/F11-768x576.jpg 768w, https:\/\/kapitalis.com\/tunisie\/wp-content\/uploads\/2023\/03\/F11-1536x1153.jpg 1536w, https:\/\/kapitalis.com\/tunisie\/wp-content\/uploads\/2023\/03\/F11-580x435.jpg 580w, https:\/\/kapitalis.com\/tunisie\/wp-content\/uploads\/2023\/03\/F11-860x645.jpg 860w, https:\/\/kapitalis.com\/tunisie\/wp-content\/uploads\/2023\/03\/F11-1160x871.jpg 1160w, https:\/\/kapitalis.com\/tunisie\/wp-content\/uploads\/2023\/03\/F11.jpg 2048w\" sizes=\"auto, (max-width: 1024px) 100vw, 1024px\" \/><\/figure>\n\n\n\n<figure class=\"wp-block-image size-large\"><img loading=\"lazy\" decoding=\"async\" width=\"1024\" height=\"921\" data-id=\"7119959\" src=\"https:\/\/kapitalis.com\/tunisie\/wp-content\/uploads\/2023\/03\/F10-1024x921.jpg\" alt=\"\" class=\"wp-image-7119959\" srcset=\"https:\/\/kapitalis.com\/tunisie\/wp-content\/uploads\/2023\/03\/F10-1024x921.jpg 1024w, https:\/\/kapitalis.com\/tunisie\/wp-content\/uploads\/2023\/03\/F10-300x270.jpg 300w, https:\/\/kapitalis.com\/tunisie\/wp-content\/uploads\/2023\/03\/F10-768x690.jpg 768w, https:\/\/kapitalis.com\/tunisie\/wp-content\/uploads\/2023\/03\/F10-1536x1381.jpg 1536w, https:\/\/kapitalis.com\/tunisie\/wp-content\/uploads\/2023\/03\/F10-580x521.jpg 580w, https:\/\/kapitalis.com\/tunisie\/wp-content\/uploads\/2023\/03\/F10-860x773.jpg 860w, https:\/\/kapitalis.com\/tunisie\/wp-content\/uploads\/2023\/03\/F10-1160x1043.jpg 1160w, https:\/\/kapitalis.com\/tunisie\/wp-content\/uploads\/2023\/03\/F10.jpg 2048w\" sizes=\"auto, (max-width: 1024px) 100vw, 1024px\" \/><\/figure>\n\n\n\n<figure class=\"wp-block-image size-large\"><img loading=\"lazy\" decoding=\"async\" width=\"1024\" height=\"853\" data-id=\"7119960\" src=\"https:\/\/kapitalis.com\/tunisie\/wp-content\/uploads\/2023\/03\/F9-1024x853.jpg\" alt=\"\" class=\"wp-image-7119960\" srcset=\"https:\/\/kapitalis.com\/tunisie\/wp-content\/uploads\/2023\/03\/F9-1024x853.jpg 1024w, https:\/\/kapitalis.com\/tunisie\/wp-content\/uploads\/2023\/03\/F9-300x250.jpg 300w, https:\/\/kapitalis.com\/tunisie\/wp-content\/uploads\/2023\/03\/F9-768x639.jpg 768w, https:\/\/kapitalis.com\/tunisie\/wp-content\/uploads\/2023\/03\/F9-1536x1279.jpg 1536w, https:\/\/kapitalis.com\/tunisie\/wp-content\/uploads\/2023\/03\/F9-580x483.jpg 580w, https:\/\/kapitalis.com\/tunisie\/wp-content\/uploads\/2023\/03\/F9-860x716.jpg 860w, https:\/\/kapitalis.com\/tunisie\/wp-content\/uploads\/2023\/03\/F9-1160x966.jpg 1160w, https:\/\/kapitalis.com\/tunisie\/wp-content\/uploads\/2023\/03\/F9.jpg 2048w\" sizes=\"auto, (max-width: 1024px) 100vw, 1024px\" \/><\/figure>\n\n\n\n<figure class=\"wp-block-image size-large\"><img loading=\"lazy\" decoding=\"async\" width=\"1024\" height=\"820\" data-id=\"7119964\" src=\"https:\/\/kapitalis.com\/tunisie\/wp-content\/uploads\/2023\/03\/F8-1024x820.jpg\" alt=\"\" class=\"wp-image-7119964\" srcset=\"https:\/\/kapitalis.com\/tunisie\/wp-content\/uploads\/2023\/03\/F8-1024x820.jpg 1024w, https:\/\/kapitalis.com\/tunisie\/wp-content\/uploads\/2023\/03\/F8-300x240.jpg 300w, https:\/\/kapitalis.com\/tunisie\/wp-content\/uploads\/2023\/03\/F8-768x615.jpg 768w, https:\/\/kapitalis.com\/tunisie\/wp-content\/uploads\/2023\/03\/F8-1536x1230.jpg 1536w, https:\/\/kapitalis.com\/tunisie\/wp-content\/uploads\/2023\/03\/F8-580x464.jpg 580w, https:\/\/kapitalis.com\/tunisie\/wp-content\/uploads\/2023\/03\/F8-860x689.jpg 860w, https:\/\/kapitalis.com\/tunisie\/wp-content\/uploads\/2023\/03\/F8-1160x929.jpg 1160w, https:\/\/kapitalis.com\/tunisie\/wp-content\/uploads\/2023\/03\/F8.jpg 2048w\" sizes=\"auto, (max-width: 1024px) 100vw, 1024px\" \/><\/figure>\n\n\n\n<figure class=\"wp-block-image size-large\"><img loading=\"lazy\" decoding=\"async\" width=\"1024\" height=\"888\" data-id=\"7119968\" src=\"https:\/\/kapitalis.com\/tunisie\/wp-content\/uploads\/2023\/03\/F7-1024x888.jpg\" alt=\"\" class=\"wp-image-7119968\" srcset=\"https:\/\/kapitalis.com\/tunisie\/wp-content\/uploads\/2023\/03\/F7-1024x888.jpg 1024w, https:\/\/kapitalis.com\/tunisie\/wp-content\/uploads\/2023\/03\/F7-300x260.jpg 300w, https:\/\/kapitalis.com\/tunisie\/wp-content\/uploads\/2023\/03\/F7-768x666.jpg 768w, https:\/\/kapitalis.com\/tunisie\/wp-content\/uploads\/2023\/03\/F7-1536x1331.jpg 1536w, https:\/\/kapitalis.com\/tunisie\/wp-content\/uploads\/2023\/03\/F7-580x503.jpg 580w, https:\/\/kapitalis.com\/tunisie\/wp-content\/uploads\/2023\/03\/F7-860x745.jpg 860w, https:\/\/kapitalis.com\/tunisie\/wp-content\/uploads\/2023\/03\/F7-1160x1005.jpg 1160w, https:\/\/kapitalis.com\/tunisie\/wp-content\/uploads\/2023\/03\/F7.jpg 2048w\" sizes=\"auto, (max-width: 1024px) 100vw, 1024px\" \/><\/figure>\n<\/figure>\n\n\n\n<p>La m\u00eame source pr\u00e9cise que les joueurs ont \u00e9t\u00e9 r\u00e9partis en deux groupes, le premier regroupant les \u00e9l\u00e9ments ayant particip\u00e9 au match d&rsquo;hier et le second, le reste des joueurs.<\/p>\n\n\n\n<figure class=\"wp-block-gallery aligncenter has-nested-images columns-2 is-cropped wp-block-gallery-2 is-layout-flex wp-block-gallery-is-layout-flex\">\n<figure class=\"wp-block-image size-large\"><img loading=\"lazy\" decoding=\"async\" width=\"1024\" height=\"858\" data-id=\"7120004\" src=\"https:\/\/kapitalis.com\/tunisie\/wp-content\/uploads\/2023\/03\/F6-1024x858.jpg\" alt=\"\" class=\"wp-image-7120004\" srcset=\"https:\/\/kapitalis.com\/tunisie\/wp-content\/uploads\/2023\/03\/F6-1024x858.jpg 1024w, https:\/\/kapitalis.com\/tunisie\/wp-content\/uploads\/2023\/03\/F6-300x251.jpg 300w, https:\/\/kapitalis.com\/tunisie\/wp-content\/uploads\/2023\/03\/F6-768x644.jpg 768w, https:\/\/kapitalis.com\/tunisie\/wp-content\/uploads\/2023\/03\/F6-1536x1287.jpg 1536w, https:\/\/kapitalis.com\/tunisie\/wp-content\/uploads\/2023\/03\/F6-580x486.jpg 580w, https:\/\/kapitalis.com\/tunisie\/wp-content\/uploads\/2023\/03\/F6-860x721.jpg 860w, https:\/\/kapitalis.com\/tunisie\/wp-content\/uploads\/2023\/03\/F6-1160x972.jpg 1160w, https:\/\/kapitalis.com\/tunisie\/wp-content\/uploads\/2023\/03\/F6.jpg 2048w\" sizes=\"auto, (max-width: 1024px) 100vw, 1024px\" \/><\/figure>\n\n\n\n<figure class=\"wp-block-image size-large\"><img loading=\"lazy\" decoding=\"async\" width=\"1024\" height=\"683\" data-id=\"7120003\" src=\"https:\/\/kapitalis.com\/tunisie\/wp-content\/uploads\/2023\/03\/F5-1-1024x683.jpg\" alt=\"\" class=\"wp-image-7120003\" srcset=\"https:\/\/kapitalis.com\/tunisie\/wp-content\/uploads\/2023\/03\/F5-1-1024x683.jpg 1024w, https:\/\/kapitalis.com\/tunisie\/wp-content\/uploads\/2023\/03\/F5-1-300x200.jpg 300w, https:\/\/kapitalis.com\/tunisie\/wp-content\/uploads\/2023\/03\/F5-1-768x512.jpg 768w, https:\/\/kapitalis.com\/tunisie\/wp-content\/uploads\/2023\/03\/F5-1-1536x1024.jpg 1536w, https:\/\/kapitalis.com\/tunisie\/wp-content\/uploads\/2023\/03\/F5-1-580x387.jpg 580w, https:\/\/kapitalis.com\/tunisie\/wp-content\/uploads\/2023\/03\/F5-1-860x573.jpg 860w, https:\/\/kapitalis.com\/tunisie\/wp-content\/uploads\/2023\/03\/F5-1-1160x773.jpg 1160w, https:\/\/kapitalis.com\/tunisie\/wp-content\/uploads\/2023\/03\/F5-1.jpg 2048w\" sizes=\"auto, (max-width: 1024px) 100vw, 1024px\" \/><\/figure>\n\n\n\n<figure class=\"wp-block-image size-large\"><img loading=\"lazy\" decoding=\"async\" width=\"1024\" height=\"744\" data-id=\"7120009\" src=\"https:\/\/kapitalis.com\/tunisie\/wp-content\/uploads\/2023\/03\/F4-1024x744.jpg\" alt=\"\" class=\"wp-image-7120009\" srcset=\"https:\/\/kapitalis.com\/tunisie\/wp-content\/uploads\/2023\/03\/F4-1024x744.jpg 1024w, https:\/\/kapitalis.com\/tunisie\/wp-content\/uploads\/2023\/03\/F4-300x218.jpg 300w, https:\/\/kapitalis.com\/tunisie\/wp-content\/uploads\/2023\/03\/F4-768x558.jpg 768w, https:\/\/kapitalis.com\/tunisie\/wp-content\/uploads\/2023\/03\/F4-1536x1116.jpg 1536w, https:\/\/kapitalis.com\/tunisie\/wp-content\/uploads\/2023\/03\/F4-580x421.jpg 580w, https:\/\/kapitalis.com\/tunisie\/wp-content\/uploads\/2023\/03\/F4-860x625.jpg 860w, https:\/\/kapitalis.com\/tunisie\/wp-content\/uploads\/2023\/03\/F4-1160x843.jpg 1160w, https:\/\/kapitalis.com\/tunisie\/wp-content\/uploads\/2023\/03\/F4.jpg 2048w\" sizes=\"auto, (max-width: 1024px) 100vw, 1024px\" \/><\/figure>\n\n\n\n<figure class=\"wp-block-image size-large\"><img loading=\"lazy\" decoding=\"async\" width=\"1024\" height=\"818\" data-id=\"7120006\" src=\"https:\/\/kapitalis.com\/tunisie\/wp-content\/uploads\/2023\/03\/F3-1024x818.jpg\" alt=\"\" class=\"wp-image-7120006\" srcset=\"https:\/\/kapitalis.com\/tunisie\/wp-content\/uploads\/2023\/03\/F3-1024x818.jpg 1024w, https:\/\/kapitalis.com\/tunisie\/wp-content\/uploads\/2023\/03\/F3-300x240.jpg 300w, https:\/\/kapitalis.com\/tunisie\/wp-content\/uploads\/2023\/03\/F3-768x614.jpg 768w, https:\/\/kapitalis.com\/tunisie\/wp-content\/uploads\/2023\/03\/F3-1536x1227.jpg 1536w, https:\/\/kapitalis.com\/tunisie\/wp-content\/uploads\/2023\/03\/F3-580x463.jpg 580w, https:\/\/kapitalis.com\/tunisie\/wp-content\/uploads\/2023\/03\/F3-860x687.jpg 860w, https:\/\/kapitalis.com\/tunisie\/wp-content\/uploads\/2023\/03\/F3-1160x927.jpg 1160w, https:\/\/kapitalis.com\/tunisie\/wp-content\/uploads\/2023\/03\/F3.jpg 2048w\" sizes=\"auto, (max-width: 1024px) 100vw, 1024px\" \/><\/figure>\n\n\n\n<figure class=\"wp-block-image size-large\"><img loading=\"lazy\" decoding=\"async\" width=\"1024\" height=\"823\" data-id=\"7120005\" src=\"https:\/\/kapitalis.com\/tunisie\/wp-content\/uploads\/2023\/03\/F2-1024x823.jpg\" alt=\"\" class=\"wp-image-7120005\" srcset=\"https:\/\/kapitalis.com\/tunisie\/wp-content\/uploads\/2023\/03\/F2-1024x823.jpg 1024w, https:\/\/kapitalis.com\/tunisie\/wp-content\/uploads\/2023\/03\/F2-300x241.jpg 300w, https:\/\/kapitalis.com\/tunisie\/wp-content\/uploads\/2023\/03\/F2-768x617.jpg 768w, https:\/\/kapitalis.com\/tunisie\/wp-content\/uploads\/2023\/03\/F2-1536x1234.jpg 1536w, https:\/\/kapitalis.com\/tunisie\/wp-content\/uploads\/2023\/03\/F2-580x466.jpg 580w, https:\/\/kapitalis.com\/tunisie\/wp-content\/uploads\/2023\/03\/F2-860x691.jpg 860w, https:\/\/kapitalis.com\/tunisie\/wp-content\/uploads\/2023\/03\/F2-1160x932.jpg 1160w, https:\/\/kapitalis.com\/tunisie\/wp-content\/uploads\/2023\/03\/F2.jpg 2048w\" sizes=\"auto, (max-width: 1024px) 100vw, 1024px\" \/><\/figure>\n\n\n\n<figure class=\"wp-block-image size-large\"><img loading=\"lazy\" decoding=\"async\" width=\"960\" height=\"640\" data-id=\"7119999\" src=\"https:\/\/kapitalis.com\/tunisie\/wp-content\/uploads\/2023\/03\/F1-2.jpg\" alt=\"\" class=\"wp-image-7119999\" srcset=\"https:\/\/kapitalis.com\/tunisie\/wp-content\/uploads\/2023\/03\/F1-2.jpg 960w, https:\/\/kapitalis.com\/tunisie\/wp-content\/uploads\/2023\/03\/F1-2-300x200.jpg 300w, https:\/\/kapitalis.com\/tunisie\/wp-content\/uploads\/2023\/03\/F1-2-768x512.jpg 768w, https:\/\/kapitalis.com\/tunisie\/wp-content\/uploads\/2023\/03\/F1-2-580x387.jpg 580w, https:\/\/kapitalis.com\/tunisie\/wp-content\/uploads\/2023\/03\/F1-2-860x573.jpg 860w\" sizes=\"auto, (max-width: 960px) 100vw, 960px\" \/><\/figure>\n<\/figure>\n\n\n\n<p>Les Aigles de Carthage partiront \u00e0 Benghazi, lundi dans la journ\u00e9e, pour le second match de sa double confrontation avec la Libye.<\/p>\n\n\n\n<p class=\"has-text-align-right\"><strong>Y. N.<\/strong><\/p>\n","protected":false},"excerpt":{"rendered":"<p>Tunisie : En images, s\u00e9ance d&rsquo;entra\u00eenement en pr\u00e9vision du match retour contre la Libye<\/p>\n","protected":false},"author":6,"featured_media":7120019,"comment_status":"open","ping_status":"open","sticky":false,"template":"","format":"standard","meta":{"footnotes":""},"categories":[999,2433],"tags":[95787,544],"class_list":["post-7119907","post","type-post","status-publish","format-standard","has-post-thumbnail","hentry","category-sport","category-tunisie","tag-can","tag-libye"],"yoast_head":"<!-- This site is optimized with the Yoast SEO plugin v26.6 - https:\/\/yoast.com\/wordpress\/plugins\/seo\/ -->\n<title>Tunisie : En images, s\u00e9ance d&#039;entra\u00eenement en pr\u00e9vision du match retour contre la Libye - Kapitalis<\/title>\n<meta name=\"description\" content=\"L&#039;\u00e9quipe nationale de Tunisie qui fera le d\u00e9placement \u00e0 Benghazi pour disputer le second match de sa double confrontation avec la Libye pour le compte de la 4e journ\u00e9e, poursuit les entra\u00eenements.\" \/>\n<meta name=\"robots\" content=\"index, follow, max-snippet:-1, max-image-preview:large, max-video-preview:-1\" \/>\n<link rel=\"canonical\" href=\"https:\/\/kapitalis.com\/tunisie\/2023\/03\/25\/tunisie-en-images-seance-dentrainement-en-prevision-du-match-retour-contre-la-libye\/\" \/>\n<meta property=\"og:locale\" content=\"fr_FR\" \/>\n<meta property=\"og:type\" content=\"article\" \/>\n<meta property=\"og:title\" content=\"Tunisie : En images, s\u00e9ance d&#039;entra\u00eenement en pr\u00e9vision du match retour contre la Libye - Kapitalis\" \/>\n<meta property=\"og:description\" content=\"L&#039;\u00e9quipe nationale de Tunisie qui fera le d\u00e9placement \u00e0 Benghazi pour disputer le second match de sa double confrontation avec la Libye pour le compte de la 4e journ\u00e9e, poursuit les entra\u00eenements.\" \/>\n<meta property=\"og:url\" content=\"https:\/\/kapitalis.com\/tunisie\/2023\/03\/25\/tunisie-en-images-seance-dentrainement-en-prevision-du-match-retour-contre-la-libye\/\" \/>\n<meta property=\"og:site_name\" content=\"Kapitalis\" \/>\n<meta property=\"article:publisher\" content=\"https:\/\/www.facebook.com\/KapitalisInfo\/\" \/>\n<meta property=\"article:published_time\" content=\"2023-03-25T21:58:13+00:00\" \/>\n<meta property=\"article:modified_time\" content=\"2023-03-26T15:55:33+00:00\" \/>\n<meta property=\"og:image\" content=\"https:\/\/kapitalis.com\/tunisie\/wp-content\/uploads\/2023\/03\/Tunisie-foot.jpg\" \/>\n\t<meta property=\"og:image:width\" content=\"1200\" \/>\n\t<meta property=\"og:image:height\" content=\"630\" \/>\n\t<meta property=\"og:image:type\" content=\"image\/jpeg\" \/>\n<meta name=\"author\" content=\"Yusra NY\" \/>\n<meta name=\"twitter:card\" content=\"summary_large_image\" \/>\n<meta name=\"twitter:creator\" content=\"@KapitalisInfo\" \/>\n<meta name=\"twitter:site\" content=\"@KapitalisInfo\" \/>\n<meta name=\"twitter:label1\" content=\"\u00c9crit par\" \/>\n\t<meta name=\"twitter:data1\" content=\"Yusra NY\" \/>\n\t<meta name=\"twitter:label2\" content=\"Dur\u00e9e de lecture estim\u00e9e\" \/>\n\t<meta name=\"twitter:data2\" content=\"4 minutes\" \/>\n<script type=\"application\/ld+json\" class=\"yoast-schema-graph\">{\"@context\":\"https:\/\/schema.org\",\"@graph\":[{\"@type\":\"Article\",\"@id\":\"https:\/\/kapitalis.com\/tunisie\/2023\/03\/25\/tunisie-en-images-seance-dentrainement-en-prevision-du-match-retour-contre-la-libye\/#article\",\"isPartOf\":{\"@id\":\"https:\/\/kapitalis.com\/tunisie\/2023\/03\/25\/tunisie-en-images-seance-dentrainement-en-prevision-du-match-retour-contre-la-libye\/\"},\"author\":{\"name\":\"Yusra NY\",\"@id\":\"https:\/\/kapitalis.com\/tunisie\/#\/schema\/person\/74bbde0154d49d790a92aaeac5bc01d5\"},\"headline\":\"Tunisie : En images, s\u00e9ance d&rsquo;entra\u00eenement en pr\u00e9vision du match retour contre la Libye\",\"datePublished\":\"2023-03-25T21:58:13+00:00\",\"dateModified\":\"2023-03-26T15:55:33+00:00\",\"mainEntityOfPage\":{\"@id\":\"https:\/\/kapitalis.com\/tunisie\/2023\/03\/25\/tunisie-en-images-seance-dentrainement-en-prevision-du-match-retour-contre-la-libye\/\"},\"wordCount\":172,\"commentCount\":0,\"publisher\":{\"@id\":\"https:\/\/kapitalis.com\/tunisie\/#organization\"},\"image\":{\"@id\":\"https:\/\/kapitalis.com\/tunisie\/2023\/03\/25\/tunisie-en-images-seance-dentrainement-en-prevision-du-match-retour-contre-la-libye\/#primaryimage\"},\"thumbnailUrl\":\"https:\/\/kapitalis.com\/tunisie\/wp-content\/uploads\/2023\/03\/Tunisie-foot.jpg\",\"keywords\":[\"CAN\",\"Libye\"],\"articleSection\":[\"SPORT\",\"Tunisie\"],\"inLanguage\":\"fr-FR\",\"potentialAction\":[{\"@type\":\"CommentAction\",\"name\":\"Comment\",\"target\":[\"https:\/\/kapitalis.com\/tunisie\/2023\/03\/25\/tunisie-en-images-seance-dentrainement-en-prevision-du-match-retour-contre-la-libye\/#respond\"]}]},{\"@type\":\"WebPage\",\"@id\":\"https:\/\/kapitalis.com\/tunisie\/2023\/03\/25\/tunisie-en-images-seance-dentrainement-en-prevision-du-match-retour-contre-la-libye\/\",\"url\":\"https:\/\/kapitalis.com\/tunisie\/2023\/03\/25\/tunisie-en-images-seance-dentrainement-en-prevision-du-match-retour-contre-la-libye\/\",\"name\":\"Tunisie : En images, s\u00e9ance d'entra\u00eenement en pr\u00e9vision du match retour contre la Libye - Kapitalis\",\"isPartOf\":{\"@id\":\"https:\/\/kapitalis.com\/tunisie\/#website\"},\"primaryImageOfPage\":{\"@id\":\"https:\/\/kapitalis.com\/tunisie\/2023\/03\/25\/tunisie-en-images-seance-dentrainement-en-prevision-du-match-retour-contre-la-libye\/#primaryimage\"},\"image\":{\"@id\":\"https:\/\/kapitalis.com\/tunisie\/2023\/03\/25\/tunisie-en-images-seance-dentrainement-en-prevision-du-match-retour-contre-la-libye\/#primaryimage\"},\"thumbnailUrl\":\"https:\/\/kapitalis.com\/tunisie\/wp-content\/uploads\/2023\/03\/Tunisie-foot.jpg\",\"datePublished\":\"2023-03-25T21:58:13+00:00\",\"dateModified\":\"2023-03-26T15:55:33+00:00\",\"description\":\"L'\u00e9quipe nationale de Tunisie qui fera le d\u00e9placement \u00e0 Benghazi pour disputer le second match de sa double confrontation avec la Libye pour le compte de la 4e journ\u00e9e, poursuit les entra\u00eenements.\",\"breadcrumb\":{\"@id\":\"https:\/\/kapitalis.com\/tunisie\/2023\/03\/25\/tunisie-en-images-seance-dentrainement-en-prevision-du-match-retour-contre-la-libye\/#breadcrumb\"},\"inLanguage\":\"fr-FR\",\"potentialAction\":[{\"@type\":\"ReadAction\",\"target\":[\"https:\/\/kapitalis.com\/tunisie\/2023\/03\/25\/tunisie-en-images-seance-dentrainement-en-prevision-du-match-retour-contre-la-libye\/\"]}]},{\"@type\":\"ImageObject\",\"inLanguage\":\"fr-FR\",\"@id\":\"https:\/\/kapitalis.com\/tunisie\/2023\/03\/25\/tunisie-en-images-seance-dentrainement-en-prevision-du-match-retour-contre-la-libye\/#primaryimage\",\"url\":\"https:\/\/kapitalis.com\/tunisie\/wp-content\/uploads\/2023\/03\/Tunisie-foot.jpg\",\"contentUrl\":\"https:\/\/kapitalis.com\/tunisie\/wp-content\/uploads\/2023\/03\/Tunisie-foot.jpg\",\"width\":1200,\"height\":630},{\"@type\":\"BreadcrumbList\",\"@id\":\"https:\/\/kapitalis.com\/tunisie\/2023\/03\/25\/tunisie-en-images-seance-dentrainement-en-prevision-du-match-retour-contre-la-libye\/#breadcrumb\",\"itemListElement\":[{\"@type\":\"ListItem\",\"position\":1,\"name\":\"Accueil\",\"item\":\"https:\/\/kapitalis.com\/tunisie\/\"},{\"@type\":\"ListItem\",\"position\":2,\"name\":\"Tunisie : En images, s\u00e9ance d&rsquo;entra\u00eenement en pr\u00e9vision du match retour contre la Libye\"}]},{\"@type\":\"WebSite\",\"@id\":\"https:\/\/kapitalis.com\/tunisie\/#website\",\"url\":\"https:\/\/kapitalis.com\/tunisie\/\",\"name\":\"Kapitalis\",\"description\":\"L&#039;actualit\u00e9 en Tunisie et dans le monde\",\"publisher\":{\"@id\":\"https:\/\/kapitalis.com\/tunisie\/#organization\"},\"potentialAction\":[{\"@type\":\"SearchAction\",\"target\":{\"@type\":\"EntryPoint\",\"urlTemplate\":\"https:\/\/kapitalis.com\/tunisie\/?s={search_term_string}\"},\"query-input\":{\"@type\":\"PropertyValueSpecification\",\"valueRequired\":true,\"valueName\":\"search_term_string\"}}],\"inLanguage\":\"fr-FR\"},{\"@type\":\"Organization\",\"@id\":\"https:\/\/kapitalis.com\/tunisie\/#organization\",\"name\":\"Kapitalis\",\"url\":\"https:\/\/kapitalis.com\/tunisie\/\",\"logo\":{\"@type\":\"ImageObject\",\"inLanguage\":\"fr-FR\",\"@id\":\"https:\/\/kapitalis.com\/tunisie\/#\/schema\/logo\/image\/\",\"url\":\"https:\/\/kapitalis.com\/tunisie\/wp-content\/uploads\/2022\/05\/Kapitalis-big-size.png\",\"contentUrl\":\"https:\/\/kapitalis.com\/tunisie\/wp-content\/uploads\/2022\/05\/Kapitalis-big-size.png\",\"width\":5000,\"height\":1500,\"caption\":\"Kapitalis\"},\"image\":{\"@id\":\"https:\/\/kapitalis.com\/tunisie\/#\/schema\/logo\/image\/\"},\"sameAs\":[\"https:\/\/www.facebook.com\/KapitalisInfo\/\",\"https:\/\/x.com\/KapitalisInfo\",\"https:\/\/www.youtube.com\/channel\/UC-yDYrHyfFBWWZaOw3FPg9Q\"]},{\"@type\":\"Person\",\"@id\":\"https:\/\/kapitalis.com\/tunisie\/#\/schema\/person\/74bbde0154d49d790a92aaeac5bc01d5\",\"name\":\"Yusra NY\",\"url\":\"https:\/\/kapitalis.com\/tunisie\/author\/yuza_adam\/\"}]}<\/script>\n<!-- \/ Yoast SEO plugin. -->","yoast_head_json":{"title":"Tunisie : En images, s\u00e9ance d'entra\u00eenement en pr\u00e9vision du match retour contre la Libye - Kapitalis","description":"L'\u00e9quipe nationale de Tunisie qui fera le d\u00e9placement \u00e0 Benghazi pour disputer le second match de sa double confrontation avec la Libye pour le compte de la 4e journ\u00e9e, poursuit les entra\u00eenements.","robots":{"index":"index","follow":"follow","max-snippet":"max-snippet:-1","max-image-preview":"max-image-preview:large","max-video-preview":"max-video-preview:-1"},"canonical":"https:\/\/kapitalis.com\/tunisie\/2023\/03\/25\/tunisie-en-images-seance-dentrainement-en-prevision-du-match-retour-contre-la-libye\/","og_locale":"fr_FR","og_type":"article","og_title":"Tunisie : En images, s\u00e9ance d'entra\u00eenement en pr\u00e9vision du match retour contre la Libye - Kapitalis","og_description":"L'\u00e9quipe nationale de Tunisie qui fera le d\u00e9placement \u00e0 Benghazi pour disputer le second match de sa double confrontation avec la Libye pour le compte de la 4e journ\u00e9e, poursuit les entra\u00eenements.","og_url":"https:\/\/kapitalis.com\/tunisie\/2023\/03\/25\/tunisie-en-images-seance-dentrainement-en-prevision-du-match-retour-contre-la-libye\/","og_site_name":"Kapitalis","article_publisher":"https:\/\/www.facebook.com\/KapitalisInfo\/","article_published_time":"2023-03-25T21:58:13+00:00","article_modified_time":"2023-03-26T15:55:33+00:00","og_image":[{"width":1200,"height":630,"url":"https:\/\/kapitalis.com\/tunisie\/wp-content\/uploads\/2023\/03\/Tunisie-foot.jpg","type":"image\/jpeg"}],"author":"Yusra NY","twitter_card":"summary_large_image","twitter_creator":"@KapitalisInfo","twitter_site":"@KapitalisInfo","twitter_misc":{"\u00c9crit par":"Yusra NY","Dur\u00e9e de lecture estim\u00e9e":"4 minutes"},"schema":{"@context":"https:\/\/schema.org","@graph":[{"@type":"Article","@id":"https:\/\/kapitalis.com\/tunisie\/2023\/03\/25\/tunisie-en-images-seance-dentrainement-en-prevision-du-match-retour-contre-la-libye\/#article","isPartOf":{"@id":"https:\/\/kapitalis.com\/tunisie\/2023\/03\/25\/tunisie-en-images-seance-dentrainement-en-prevision-du-match-retour-contre-la-libye\/"},"author":{"name":"Yusra NY","@id":"https:\/\/kapitalis.com\/tunisie\/#\/schema\/person\/74bbde0154d49d790a92aaeac5bc01d5"},"headline":"Tunisie : En images, s\u00e9ance d&rsquo;entra\u00eenement en pr\u00e9vision du match retour contre la Libye","datePublished":"2023-03-25T21:58:13+00:00","dateModified":"2023-03-26T15:55:33+00:00","mainEntityOfPage":{"@id":"https:\/\/kapitalis.com\/tunisie\/2023\/03\/25\/tunisie-en-images-seance-dentrainement-en-prevision-du-match-retour-contre-la-libye\/"},"wordCount":172,"commentCount":0,"publisher":{"@id":"https:\/\/kapitalis.com\/tunisie\/#organization"},"image":{"@id":"https:\/\/kapitalis.com\/tunisie\/2023\/03\/25\/tunisie-en-images-seance-dentrainement-en-prevision-du-match-retour-contre-la-libye\/#primaryimage"},"thumbnailUrl":"https:\/\/kapitalis.com\/tunisie\/wp-content\/uploads\/2023\/03\/Tunisie-foot.jpg","keywords":["CAN","Libye"],"articleSection":["SPORT","Tunisie"],"inLanguage":"fr-FR","potentialAction":[{"@type":"CommentAction","name":"Comment","target":["https:\/\/kapitalis.com\/tunisie\/2023\/03\/25\/tunisie-en-images-seance-dentrainement-en-prevision-du-match-retour-contre-la-libye\/#respond"]}]},{"@type":"WebPage","@id":"https:\/\/kapitalis.com\/tunisie\/2023\/03\/25\/tunisie-en-images-seance-dentrainement-en-prevision-du-match-retour-contre-la-libye\/","url":"https:\/\/kapitalis.com\/tunisie\/2023\/03\/25\/tunisie-en-images-seance-dentrainement-en-prevision-du-match-retour-contre-la-libye\/","name":"Tunisie : En images, s\u00e9ance d'entra\u00eenement en pr\u00e9vision du match retour contre la Libye - Kapitalis","isPartOf":{"@id":"https:\/\/kapitalis.com\/tunisie\/#website"},"primaryImageOfPage":{"@id":"https:\/\/kapitalis.com\/tunisie\/2023\/03\/25\/tunisie-en-images-seance-dentrainement-en-prevision-du-match-retour-contre-la-libye\/#primaryimage"},"image":{"@id":"https:\/\/kapitalis.com\/tunisie\/2023\/03\/25\/tunisie-en-images-seance-dentrainement-en-prevision-du-match-retour-contre-la-libye\/#primaryimage"},"thumbnailUrl":"https:\/\/kapitalis.com\/tunisie\/wp-content\/uploads\/2023\/03\/Tunisie-foot.jpg","datePublished":"2023-03-25T21:58:13+00:00","dateModified":"2023-03-26T15:55:33+00:00","description":"L'\u00e9quipe nationale de Tunisie qui fera le d\u00e9placement \u00e0 Benghazi pour disputer le second match de sa double confrontation avec la Libye pour le compte de la 4e journ\u00e9e, poursuit les entra\u00eenements.","breadcrumb":{"@id":"https:\/\/kapitalis.com\/tunisie\/2023\/03\/25\/tunisie-en-images-seance-dentrainement-en-prevision-du-match-retour-contre-la-libye\/#breadcrumb"},"inLanguage":"fr-FR","potentialAction":[{"@type":"ReadAction","target":["https:\/\/kapitalis.com\/tunisie\/2023\/03\/25\/tunisie-en-images-seance-dentrainement-en-prevision-du-match-retour-contre-la-libye\/"]}]},{"@type":"ImageObject","inLanguage":"fr-FR","@id":"https:\/\/kapitalis.com\/tunisie\/2023\/03\/25\/tunisie-en-images-seance-dentrainement-en-prevision-du-match-retour-contre-la-libye\/#primaryimage","url":"https:\/\/kapitalis.com\/tunisie\/wp-content\/uploads\/2023\/03\/Tunisie-foot.jpg","contentUrl":"https:\/\/kapitalis.com\/tunisie\/wp-content\/uploads\/2023\/03\/Tunisie-foot.jpg","width":1200,"height":630},{"@type":"BreadcrumbList","@id":"https:\/\/kapitalis.com\/tunisie\/2023\/03\/25\/tunisie-en-images-seance-dentrainement-en-prevision-du-match-retour-contre-la-libye\/#breadcrumb","itemListElement":[{"@type":"ListItem","position":1,"name":"Accueil","item":"https:\/\/kapitalis.com\/tunisie\/"},{"@type":"ListItem","position":2,"name":"Tunisie : En images, s\u00e9ance d&rsquo;entra\u00eenement en pr\u00e9vision du match retour contre la Libye"}]},{"@type":"WebSite","@id":"https:\/\/kapitalis.com\/tunisie\/#website","url":"https:\/\/kapitalis.com\/tunisie\/","name":"Kapitalis","description":"L&#039;actualit\u00e9 en Tunisie et dans le monde","publisher":{"@id":"https:\/\/kapitalis.com\/tunisie\/#organization"},"potentialAction":[{"@type":"SearchAction","target":{"@type":"EntryPoint","urlTemplate":"https:\/\/kapitalis.com\/tunisie\/?s={search_term_string}"},"query-input":{"@type":"PropertyValueSpecification","valueRequired":true,"valueName":"search_term_string"}}],"inLanguage":"fr-FR"},{"@type":"Organization","@id":"https:\/\/kapitalis.com\/tunisie\/#organization","name":"Kapitalis","url":"https:\/\/kapitalis.com\/tunisie\/","logo":{"@type":"ImageObject","inLanguage":"fr-FR","@id":"https:\/\/kapitalis.com\/tunisie\/#\/schema\/logo\/image\/","url":"https:\/\/kapitalis.com\/tunisie\/wp-content\/uploads\/2022\/05\/Kapitalis-big-size.png","contentUrl":"https:\/\/kapitalis.com\/tunisie\/wp-content\/uploads\/2022\/05\/Kapitalis-big-size.png","width":5000,"height":1500,"caption":"Kapitalis"},"image":{"@id":"https:\/\/kapitalis.com\/tunisie\/#\/schema\/logo\/image\/"},"sameAs":["https:\/\/www.facebook.com\/KapitalisInfo\/","https:\/\/x.com\/KapitalisInfo","https:\/\/www.youtube.com\/channel\/UC-yDYrHyfFBWWZaOw3FPg9Q"]},{"@type":"Person","@id":"https:\/\/kapitalis.com\/tunisie\/#\/schema\/person\/74bbde0154d49d790a92aaeac5bc01d5","name":"Yusra NY","url":"https:\/\/kapitalis.com\/tunisie\/author\/yuza_adam\/"}]}},"_links":{"self":[{"href":"https:\/\/kapitalis.com\/tunisie\/wp-json\/wp\/v2\/posts\/7119907","targetHints":{"allow":["GET"]}}],"collection":[{"href":"https:\/\/kapitalis.com\/tunisie\/wp-json\/wp\/v2\/posts"}],"about":[{"href":"https:\/\/kapitalis.com\/tunisie\/wp-json\/wp\/v2\/types\/post"}],"author":[{"embeddable":true,"href":"https:\/\/kapitalis.com\/tunisie\/wp-json\/wp\/v2\/users\/6"}],"replies":[{"embeddable":true,"href":"https:\/\/kapitalis.com\/tunisie\/wp-json\/wp\/v2\/comments?post=7119907"}],"version-history":[{"count":1,"href":"https:\/\/kapitalis.com\/tunisie\/wp-json\/wp\/v2\/posts\/7119907\/revisions"}],"predecessor-version":[{"id":7120022,"href":"https:\/\/kapitalis.com\/tunisie\/wp-json\/wp\/v2\/posts\/7119907\/revisions\/7120022"}],"wp:featuredmedia":[{"embeddable":true,"href":"https:\/\/kapitalis.com\/tunisie\/wp-json\/wp\/v2\/media\/7120019"}],"wp:attachment":[{"href":"https:\/\/kapitalis.com\/tunisie\/wp-json\/wp\/v2\/media?parent=7119907"}],"wp:term":[{"taxonomy":"category","embeddable":true,"href":"https:\/\/kapitalis.com\/tunisie\/wp-json\/wp\/v2\/categories?post=7119907"},{"taxonomy":"post_tag","embeddable":true,"href":"https:\/\/kapitalis.com\/tunisie\/wp-json\/wp\/v2\/tags?post=7119907"}],"curies":[{"name":"wp","href":"https:\/\/api.w.org\/{rel}","templated":true}]}}