{"id":7124744,"date":"2023-03-26T09:58:01","date_gmt":"2023-03-26T08:58:01","guid":{"rendered":"https:\/\/kapitalis.com\/tunisie\/?p=7124744"},"modified":"2023-03-26T09:58:02","modified_gmt":"2023-03-26T08:58:02","slug":"un-centre-africain-des-energies-renouvelables-bientot-a-tataouine","status":"publish","type":"post","link":"https:\/\/kapitalis.com\/tunisie\/2023\/03\/26\/un-centre-africain-des-energies-renouvelables-bientot-a-tataouine\/","title":{"rendered":"Un centre africain des \u00e9nergies renouvelables bient\u00f4t \u00e0 Tataouine\u00a0?"},"content":{"rendered":"\n<p><strong><em>La Banque mondiale (BM) est dispos\u00e9e \u00e0 soutenir la cr\u00e9ation d\u2019un centre d\u2019excellence africain int\u00e9gr\u00e9 dans le domaine des \u00e9nergies renouvelables \u00e0 Tataouine, ont affirm\u00e9 les repr\u00e9sentants de la Banque mondiale (BM).<\/em><\/strong><\/p>\n\n\n\n<!--more-->\n\n\n\n<p>La cheffe du gouvernement, Najla Bouden a indiqu\u00e9, lors d\u2019une rencontre tenue vendredi dernier au palais de la Kasbah, avec les repr\u00e9sentants de la BM conduite par son repr\u00e9sentant r\u00e9sident en Tunisie, Alexandre Arrobio, que le projet de cr\u00e9ation de ce centre a \u00e9t\u00e9 pr\u00e9sent\u00e9 dans le cadre de la huiti\u00e8me Conf\u00e9rence internationale de Tokyo sur le d\u00e9veloppement de l\u2019Afrique (Ticad8), tenue en ao\u00fbt 2022, \u00e0 Tunis.<\/p>\n\n\n\n<p>Ce projet, qui s\u2019inscrit dans le cadre de la strat\u00e9gie du secteur de l\u2019\u00e9nergie \u00e0 l\u2019horizon de 2035, permettra de former et de d\u00e9velopper des comp\u00e9tences au profit de la Tunisie et du continent africain compte tenu des besoins en ressources humaines dans le domaine des \u00e9nergies renouvelables, lesquelles ne repr\u00e9sentent que 3% du mix \u00e9nerg\u00e9tique de notre pays, qui ambitionne de porter ce taux \u00e0 30% en 2030.<\/p>\n\n\n\n<p>Les repr\u00e9sentants de la BM ont pr\u00e9sent\u00e9, \u00e0 cette occasion, les r\u00e9sultats pr\u00e9liminaires d\u2019une \u00e9tude approfondie sur les fondements du capital humain en Tunisie et un diagnostic de diff\u00e9rents aspects, indique un communiqu\u00e9 de la pr\u00e9sidence du gouvernement.<\/p>\n\n\n\n<p>La r\u00e9union a port\u00e9 aussi sur la valorisation du capital humain et les efforts de l\u2019Etat pour appuyer le secteur de l\u2019\u00e9ducation.<\/p>\n\n\n\n<p>La cheffe du gouvernement a, dans ce contexte, soulign\u00e9 l\u2019importance particuli\u00e8re port\u00e9e au capital humain, dans le plan 2023 2025, en \u00e9tant un axe de soutien de l\u2019\u00e9conomie du savoir et du d\u00e9veloppement des orientations strat\u00e9giques de la Tunisie.<\/p>\n\n\n\n<p>La d\u00e9l\u00e9gation de la BM \u00e9tait compos\u00e9e du directeur des pratiques scientifiques pour l\u2019\u00e9ducation de la BM, Andreas Blum, de la responsable \u00e9conomique des \u00e9tudes dans la r\u00e9gion Mena, Fadila Kayos, et de la responsable des programmes d\u2019\u00e9ducation \u00e0 la Banque mondiale en Tunisie Himdat Bayusuf.<\/p>\n\n\n\n<p><strong><em>D\u2019apr\u00e8s Tap.<\/em><\/strong><\/p>\n","protected":false},"excerpt":{"rendered":"<p>La Banque mondiale dispos\u00e9e \u00e0 soutenir la cr\u00e9ation d\u2019un centre d\u2019excellence africain int\u00e9gr\u00e9 dans le domaine des \u00e9nergies renouvelables \u00e0 Tataouine. <\/p>\n","protected":false},"author":8,"featured_media":7124798,"comment_status":"open","ping_status":"open","sticky":false,"template":"","format":"standard","meta":{"footnotes":""},"categories":[995,2433],"tags":[41,98693,107675,130,5640,107673,107674,93702,1126,62643],"class_list":["post-7124744","post","type-post","status-publish","format-standard","has-post-thumbnail","hentry","category-economie","category-tunisie","tag-afrique","tag-alexandre-arrobio","tag-andreas-blum","tag-banque-mondiale","tag-energies-renouvelables","tag-fadila-kayos","tag-himdat-bayusuf","tag-najla-bouden","tag-tataouine","tag-tunisie"],"yoast_head":"<!-- This site is optimized with the Yoast SEO plugin v26.6 - https:\/\/yoast.com\/wordpress\/plugins\/seo\/ -->\n<title>Un centre africain des \u00e9nergies renouvelables bient\u00f4t \u00e0 Tataouine\u00a0? - Kapitalis<\/title>\n<meta name=\"robots\" content=\"index, follow, max-snippet:-1, max-image-preview:large, max-video-preview:-1\" \/>\n<link rel=\"canonical\" href=\"https:\/\/kapitalis.com\/tunisie\/2023\/03\/26\/un-centre-africain-des-energies-renouvelables-bientot-a-tataouine\/\" \/>\n<meta property=\"og:locale\" content=\"fr_FR\" \/>\n<meta property=\"og:type\" content=\"article\" \/>\n<meta property=\"og:title\" content=\"Un centre africain des \u00e9nergies renouvelables bient\u00f4t \u00e0 Tataouine\u00a0? - Kapitalis\" \/>\n<meta property=\"og:description\" content=\"La Banque mondiale dispos\u00e9e \u00e0 soutenir la cr\u00e9ation d\u2019un centre d\u2019excellence africain int\u00e9gr\u00e9 dans le domaine des \u00e9nergies renouvelables \u00e0 Tataouine.\" \/>\n<meta property=\"og:url\" content=\"https:\/\/kapitalis.com\/tunisie\/2023\/03\/26\/un-centre-africain-des-energies-renouvelables-bientot-a-tataouine\/\" \/>\n<meta property=\"og:site_name\" content=\"Kapitalis\" \/>\n<meta property=\"article:publisher\" content=\"https:\/\/www.facebook.com\/KapitalisInfo\/\" \/>\n<meta property=\"article:published_time\" content=\"2023-03-26T08:58:01+00:00\" \/>\n<meta property=\"article:modified_time\" content=\"2023-03-26T08:58:02+00:00\" \/>\n<meta property=\"og:image\" content=\"https:\/\/kapitalis.com\/tunisie\/wp-content\/uploads\/2023\/03\/Najla-Bouden-Banque-mondiale.jpg\" \/>\n\t<meta property=\"og:image:width\" content=\"1200\" \/>\n\t<meta property=\"og:image:height\" content=\"630\" \/>\n\t<meta property=\"og:image:type\" content=\"image\/jpeg\" \/>\n<meta name=\"author\" content=\"webmaster kapitalis\" \/>\n<meta name=\"twitter:card\" content=\"summary_large_image\" \/>\n<meta name=\"twitter:creator\" content=\"@KapitalisInfo\" \/>\n<meta name=\"twitter:site\" content=\"@KapitalisInfo\" \/>\n<meta name=\"twitter:label1\" content=\"\u00c9crit par\" \/>\n\t<meta name=\"twitter:data1\" content=\"webmaster kapitalis\" \/>\n\t<meta name=\"twitter:label2\" content=\"Dur\u00e9e de lecture estim\u00e9e\" \/>\n\t<meta name=\"twitter:data2\" content=\"2 minutes\" \/>\n<script type=\"application\/ld+json\" class=\"yoast-schema-graph\">{\"@context\":\"https:\/\/schema.org\",\"@graph\":[{\"@type\":\"Article\",\"@id\":\"https:\/\/kapitalis.com\/tunisie\/2023\/03\/26\/un-centre-africain-des-energies-renouvelables-bientot-a-tataouine\/#article\",\"isPartOf\":{\"@id\":\"https:\/\/kapitalis.com\/tunisie\/2023\/03\/26\/un-centre-africain-des-energies-renouvelables-bientot-a-tataouine\/\"},\"author\":{\"name\":\"webmaster kapitalis\",\"@id\":\"https:\/\/kapitalis.com\/tunisie\/#\/schema\/person\/d71f33a9ca44f7bad4698210b480c8e9\"},\"headline\":\"Un centre africain des \u00e9nergies renouvelables bient\u00f4t \u00e0 Tataouine\u00a0?\",\"datePublished\":\"2023-03-26T08:58:01+00:00\",\"dateModified\":\"2023-03-26T08:58:02+00:00\",\"mainEntityOfPage\":{\"@id\":\"https:\/\/kapitalis.com\/tunisie\/2023\/03\/26\/un-centre-africain-des-energies-renouvelables-bientot-a-tataouine\/\"},\"wordCount\":359,\"commentCount\":1,\"publisher\":{\"@id\":\"https:\/\/kapitalis.com\/tunisie\/#organization\"},\"image\":{\"@id\":\"https:\/\/kapitalis.com\/tunisie\/2023\/03\/26\/un-centre-africain-des-energies-renouvelables-bientot-a-tataouine\/#primaryimage\"},\"thumbnailUrl\":\"https:\/\/kapitalis.com\/tunisie\/wp-content\/uploads\/2023\/03\/Najla-Bouden-Banque-mondiale.jpg\",\"keywords\":[\"Afrique\",\"Alexandre Arrobio\",\"Andreas Blum\",\"Banque Mondiale\",\"\u00e9nergies renouvelables\",\"Fadila Kayos\",\"Himdat Bayusuf\",\"Najla Bouden\",\"Tataouine\",\"Tunisie\"],\"articleSection\":[\"ECONOMIE\",\"Tunisie\"],\"inLanguage\":\"fr-FR\",\"potentialAction\":[{\"@type\":\"CommentAction\",\"name\":\"Comment\",\"target\":[\"https:\/\/kapitalis.com\/tunisie\/2023\/03\/26\/un-centre-africain-des-energies-renouvelables-bientot-a-tataouine\/#respond\"]}]},{\"@type\":\"WebPage\",\"@id\":\"https:\/\/kapitalis.com\/tunisie\/2023\/03\/26\/un-centre-africain-des-energies-renouvelables-bientot-a-tataouine\/\",\"url\":\"https:\/\/kapitalis.com\/tunisie\/2023\/03\/26\/un-centre-africain-des-energies-renouvelables-bientot-a-tataouine\/\",\"name\":\"Un centre africain des \u00e9nergies renouvelables bient\u00f4t \u00e0 Tataouine\u00a0? - Kapitalis\",\"isPartOf\":{\"@id\":\"https:\/\/kapitalis.com\/tunisie\/#website\"},\"primaryImageOfPage\":{\"@id\":\"https:\/\/kapitalis.com\/tunisie\/2023\/03\/26\/un-centre-africain-des-energies-renouvelables-bientot-a-tataouine\/#primaryimage\"},\"image\":{\"@id\":\"https:\/\/kapitalis.com\/tunisie\/2023\/03\/26\/un-centre-africain-des-energies-renouvelables-bientot-a-tataouine\/#primaryimage\"},\"thumbnailUrl\":\"https:\/\/kapitalis.com\/tunisie\/wp-content\/uploads\/2023\/03\/Najla-Bouden-Banque-mondiale.jpg\",\"datePublished\":\"2023-03-26T08:58:01+00:00\",\"dateModified\":\"2023-03-26T08:58:02+00:00\",\"breadcrumb\":{\"@id\":\"https:\/\/kapitalis.com\/tunisie\/2023\/03\/26\/un-centre-africain-des-energies-renouvelables-bientot-a-tataouine\/#breadcrumb\"},\"inLanguage\":\"fr-FR\",\"potentialAction\":[{\"@type\":\"ReadAction\",\"target\":[\"https:\/\/kapitalis.com\/tunisie\/2023\/03\/26\/un-centre-africain-des-energies-renouvelables-bientot-a-tataouine\/\"]}]},{\"@type\":\"ImageObject\",\"inLanguage\":\"fr-FR\",\"@id\":\"https:\/\/kapitalis.com\/tunisie\/2023\/03\/26\/un-centre-africain-des-energies-renouvelables-bientot-a-tataouine\/#primaryimage\",\"url\":\"https:\/\/kapitalis.com\/tunisie\/wp-content\/uploads\/2023\/03\/Najla-Bouden-Banque-mondiale.jpg\",\"contentUrl\":\"https:\/\/kapitalis.com\/tunisie\/wp-content\/uploads\/2023\/03\/Najla-Bouden-Banque-mondiale.jpg\",\"width\":1200,\"height\":630},{\"@type\":\"BreadcrumbList\",\"@id\":\"https:\/\/kapitalis.com\/tunisie\/2023\/03\/26\/un-centre-africain-des-energies-renouvelables-bientot-a-tataouine\/#breadcrumb\",\"itemListElement\":[{\"@type\":\"ListItem\",\"position\":1,\"name\":\"Accueil\",\"item\":\"https:\/\/kapitalis.com\/tunisie\/\"},{\"@type\":\"ListItem\",\"position\":2,\"name\":\"Un centre africain des \u00e9nergies renouvelables bient\u00f4t \u00e0 Tataouine\u00a0?\"}]},{\"@type\":\"WebSite\",\"@id\":\"https:\/\/kapitalis.com\/tunisie\/#website\",\"url\":\"https:\/\/kapitalis.com\/tunisie\/\",\"name\":\"Kapitalis\",\"description\":\"L&#039;actualit\u00e9 en Tunisie et dans le monde\",\"publisher\":{\"@id\":\"https:\/\/kapitalis.com\/tunisie\/#organization\"},\"potentialAction\":[{\"@type\":\"SearchAction\",\"target\":{\"@type\":\"EntryPoint\",\"urlTemplate\":\"https:\/\/kapitalis.com\/tunisie\/?s={search_term_string}\"},\"query-input\":{\"@type\":\"PropertyValueSpecification\",\"valueRequired\":true,\"valueName\":\"search_term_string\"}}],\"inLanguage\":\"fr-FR\"},{\"@type\":\"Organization\",\"@id\":\"https:\/\/kapitalis.com\/tunisie\/#organization\",\"name\":\"Kapitalis\",\"url\":\"https:\/\/kapitalis.com\/tunisie\/\",\"logo\":{\"@type\":\"ImageObject\",\"inLanguage\":\"fr-FR\",\"@id\":\"https:\/\/kapitalis.com\/tunisie\/#\/schema\/logo\/image\/\",\"url\":\"https:\/\/kapitalis.com\/tunisie\/wp-content\/uploads\/2022\/05\/Kapitalis-big-size.png\",\"contentUrl\":\"https:\/\/kapitalis.com\/tunisie\/wp-content\/uploads\/2022\/05\/Kapitalis-big-size.png\",\"width\":5000,\"height\":1500,\"caption\":\"Kapitalis\"},\"image\":{\"@id\":\"https:\/\/kapitalis.com\/tunisie\/#\/schema\/logo\/image\/\"},\"sameAs\":[\"https:\/\/www.facebook.com\/KapitalisInfo\/\",\"https:\/\/x.com\/KapitalisInfo\",\"https:\/\/www.youtube.com\/channel\/UC-yDYrHyfFBWWZaOw3FPg9Q\"]},{\"@type\":\"Person\",\"@id\":\"https:\/\/kapitalis.com\/tunisie\/#\/schema\/person\/d71f33a9ca44f7bad4698210b480c8e9\",\"name\":\"webmaster kapitalis\",\"url\":\"https:\/\/kapitalis.com\/tunisie\/author\/webmaster-kapitalis\/\"}]}<\/script>\n<!-- \/ Yoast SEO plugin. -->","yoast_head_json":{"title":"Un centre africain des \u00e9nergies renouvelables bient\u00f4t \u00e0 Tataouine\u00a0? - Kapitalis","robots":{"index":"index","follow":"follow","max-snippet":"max-snippet:-1","max-image-preview":"max-image-preview:large","max-video-preview":"max-video-preview:-1"},"canonical":"https:\/\/kapitalis.com\/tunisie\/2023\/03\/26\/un-centre-africain-des-energies-renouvelables-bientot-a-tataouine\/","og_locale":"fr_FR","og_type":"article","og_title":"Un centre africain des \u00e9nergies renouvelables bient\u00f4t \u00e0 Tataouine\u00a0? - Kapitalis","og_description":"La Banque mondiale dispos\u00e9e \u00e0 soutenir la cr\u00e9ation d\u2019un centre d\u2019excellence africain int\u00e9gr\u00e9 dans le domaine des \u00e9nergies renouvelables \u00e0 Tataouine.","og_url":"https:\/\/kapitalis.com\/tunisie\/2023\/03\/26\/un-centre-africain-des-energies-renouvelables-bientot-a-tataouine\/","og_site_name":"Kapitalis","article_publisher":"https:\/\/www.facebook.com\/KapitalisInfo\/","article_published_time":"2023-03-26T08:58:01+00:00","article_modified_time":"2023-03-26T08:58:02+00:00","og_image":[{"width":1200,"height":630,"url":"https:\/\/kapitalis.com\/tunisie\/wp-content\/uploads\/2023\/03\/Najla-Bouden-Banque-mondiale.jpg","type":"image\/jpeg"}],"author":"webmaster kapitalis","twitter_card":"summary_large_image","twitter_creator":"@KapitalisInfo","twitter_site":"@KapitalisInfo","twitter_misc":{"\u00c9crit par":"webmaster kapitalis","Dur\u00e9e de lecture estim\u00e9e":"2 minutes"},"schema":{"@context":"https:\/\/schema.org","@graph":[{"@type":"Article","@id":"https:\/\/kapitalis.com\/tunisie\/2023\/03\/26\/un-centre-africain-des-energies-renouvelables-bientot-a-tataouine\/#article","isPartOf":{"@id":"https:\/\/kapitalis.com\/tunisie\/2023\/03\/26\/un-centre-africain-des-energies-renouvelables-bientot-a-tataouine\/"},"author":{"name":"webmaster kapitalis","@id":"https:\/\/kapitalis.com\/tunisie\/#\/schema\/person\/d71f33a9ca44f7bad4698210b480c8e9"},"headline":"Un centre africain des \u00e9nergies renouvelables bient\u00f4t \u00e0 Tataouine\u00a0?","datePublished":"2023-03-26T08:58:01+00:00","dateModified":"2023-03-26T08:58:02+00:00","mainEntityOfPage":{"@id":"https:\/\/kapitalis.com\/tunisie\/2023\/03\/26\/un-centre-africain-des-energies-renouvelables-bientot-a-tataouine\/"},"wordCount":359,"commentCount":1,"publisher":{"@id":"https:\/\/kapitalis.com\/tunisie\/#organization"},"image":{"@id":"https:\/\/kapitalis.com\/tunisie\/2023\/03\/26\/un-centre-africain-des-energies-renouvelables-bientot-a-tataouine\/#primaryimage"},"thumbnailUrl":"https:\/\/kapitalis.com\/tunisie\/wp-content\/uploads\/2023\/03\/Najla-Bouden-Banque-mondiale.jpg","keywords":["Afrique","Alexandre Arrobio","Andreas Blum","Banque Mondiale","\u00e9nergies renouvelables","Fadila Kayos","Himdat Bayusuf","Najla Bouden","Tataouine","Tunisie"],"articleSection":["ECONOMIE","Tunisie"],"inLanguage":"fr-FR","potentialAction":[{"@type":"CommentAction","name":"Comment","target":["https:\/\/kapitalis.com\/tunisie\/2023\/03\/26\/un-centre-africain-des-energies-renouvelables-bientot-a-tataouine\/#respond"]}]},{"@type":"WebPage","@id":"https:\/\/kapitalis.com\/tunisie\/2023\/03\/26\/un-centre-africain-des-energies-renouvelables-bientot-a-tataouine\/","url":"https:\/\/kapitalis.com\/tunisie\/2023\/03\/26\/un-centre-africain-des-energies-renouvelables-bientot-a-tataouine\/","name":"Un centre africain des \u00e9nergies renouvelables bient\u00f4t \u00e0 Tataouine\u00a0? - Kapitalis","isPartOf":{"@id":"https:\/\/kapitalis.com\/tunisie\/#website"},"primaryImageOfPage":{"@id":"https:\/\/kapitalis.com\/tunisie\/2023\/03\/26\/un-centre-africain-des-energies-renouvelables-bientot-a-tataouine\/#primaryimage"},"image":{"@id":"https:\/\/kapitalis.com\/tunisie\/2023\/03\/26\/un-centre-africain-des-energies-renouvelables-bientot-a-tataouine\/#primaryimage"},"thumbnailUrl":"https:\/\/kapitalis.com\/tunisie\/wp-content\/uploads\/2023\/03\/Najla-Bouden-Banque-mondiale.jpg","datePublished":"2023-03-26T08:58:01+00:00","dateModified":"2023-03-26T08:58:02+00:00","breadcrumb":{"@id":"https:\/\/kapitalis.com\/tunisie\/2023\/03\/26\/un-centre-africain-des-energies-renouvelables-bientot-a-tataouine\/#breadcrumb"},"inLanguage":"fr-FR","potentialAction":[{"@type":"ReadAction","target":["https:\/\/kapitalis.com\/tunisie\/2023\/03\/26\/un-centre-africain-des-energies-renouvelables-bientot-a-tataouine\/"]}]},{"@type":"ImageObject","inLanguage":"fr-FR","@id":"https:\/\/kapitalis.com\/tunisie\/2023\/03\/26\/un-centre-africain-des-energies-renouvelables-bientot-a-tataouine\/#primaryimage","url":"https:\/\/kapitalis.com\/tunisie\/wp-content\/uploads\/2023\/03\/Najla-Bouden-Banque-mondiale.jpg","contentUrl":"https:\/\/kapitalis.com\/tunisie\/wp-content\/uploads\/2023\/03\/Najla-Bouden-Banque-mondiale.jpg","width":1200,"height":630},{"@type":"BreadcrumbList","@id":"https:\/\/kapitalis.com\/tunisie\/2023\/03\/26\/un-centre-africain-des-energies-renouvelables-bientot-a-tataouine\/#breadcrumb","itemListElement":[{"@type":"ListItem","position":1,"name":"Accueil","item":"https:\/\/kapitalis.com\/tunisie\/"},{"@type":"ListItem","position":2,"name":"Un centre africain des \u00e9nergies renouvelables bient\u00f4t \u00e0 Tataouine\u00a0?"}]},{"@type":"WebSite","@id":"https:\/\/kapitalis.com\/tunisie\/#website","url":"https:\/\/kapitalis.com\/tunisie\/","name":"Kapitalis","description":"L&#039;actualit\u00e9 en Tunisie et dans le monde","publisher":{"@id":"https:\/\/kapitalis.com\/tunisie\/#organization"},"potentialAction":[{"@type":"SearchAction","target":{"@type":"EntryPoint","urlTemplate":"https:\/\/kapitalis.com\/tunisie\/?s={search_term_string}"},"query-input":{"@type":"PropertyValueSpecification","valueRequired":true,"valueName":"search_term_string"}}],"inLanguage":"fr-FR"},{"@type":"Organization","@id":"https:\/\/kapitalis.com\/tunisie\/#organization","name":"Kapitalis","url":"https:\/\/kapitalis.com\/tunisie\/","logo":{"@type":"ImageObject","inLanguage":"fr-FR","@id":"https:\/\/kapitalis.com\/tunisie\/#\/schema\/logo\/image\/","url":"https:\/\/kapitalis.com\/tunisie\/wp-content\/uploads\/2022\/05\/Kapitalis-big-size.png","contentUrl":"https:\/\/kapitalis.com\/tunisie\/wp-content\/uploads\/2022\/05\/Kapitalis-big-size.png","width":5000,"height":1500,"caption":"Kapitalis"},"image":{"@id":"https:\/\/kapitalis.com\/tunisie\/#\/schema\/logo\/image\/"},"sameAs":["https:\/\/www.facebook.com\/KapitalisInfo\/","https:\/\/x.com\/KapitalisInfo","https:\/\/www.youtube.com\/channel\/UC-yDYrHyfFBWWZaOw3FPg9Q"]},{"@type":"Person","@id":"https:\/\/kapitalis.com\/tunisie\/#\/schema\/person\/d71f33a9ca44f7bad4698210b480c8e9","name":"webmaster kapitalis","url":"https:\/\/kapitalis.com\/tunisie\/author\/webmaster-kapitalis\/"}]}},"_links":{"self":[{"href":"https:\/\/kapitalis.com\/tunisie\/wp-json\/wp\/v2\/posts\/7124744","targetHints":{"allow":["GET"]}}],"collection":[{"href":"https:\/\/kapitalis.com\/tunisie\/wp-json\/wp\/v2\/posts"}],"about":[{"href":"https:\/\/kapitalis.com\/tunisie\/wp-json\/wp\/v2\/types\/post"}],"author":[{"embeddable":true,"href":"https:\/\/kapitalis.com\/tunisie\/wp-json\/wp\/v2\/users\/8"}],"replies":[{"embeddable":true,"href":"https:\/\/kapitalis.com\/tunisie\/wp-json\/wp\/v2\/comments?post=7124744"}],"version-history":[{"count":1,"href":"https:\/\/kapitalis.com\/tunisie\/wp-json\/wp\/v2\/posts\/7124744\/revisions"}],"predecessor-version":[{"id":7124803,"href":"https:\/\/kapitalis.com\/tunisie\/wp-json\/wp\/v2\/posts\/7124744\/revisions\/7124803"}],"wp:featuredmedia":[{"embeddable":true,"href":"https:\/\/kapitalis.com\/tunisie\/wp-json\/wp\/v2\/media\/7124798"}],"wp:attachment":[{"href":"https:\/\/kapitalis.com\/tunisie\/wp-json\/wp\/v2\/media?parent=7124744"}],"wp:term":[{"taxonomy":"category","embeddable":true,"href":"https:\/\/kapitalis.com\/tunisie\/wp-json\/wp\/v2\/categories?post=7124744"},{"taxonomy":"post_tag","embeddable":true,"href":"https:\/\/kapitalis.com\/tunisie\/wp-json\/wp\/v2\/tags?post=7124744"}],"curies":[{"name":"wp","href":"https:\/\/api.w.org\/{rel}","templated":true}]}}