{"id":7124951,"date":"2023-03-26T10:22:26","date_gmt":"2023-03-26T09:22:26","guid":{"rendered":"https:\/\/kapitalis.com\/tunisie\/?p=7124951"},"modified":"2023-03-26T10:22:27","modified_gmt":"2023-03-26T09:22:27","slug":"mohsen-hassan-la-tunisie-nest-pas-au-chapitre-de-leffondrement","status":"publish","type":"post","link":"https:\/\/kapitalis.com\/tunisie\/2023\/03\/26\/mohsen-hassan-la-tunisie-nest-pas-au-chapitre-de-leffondrement\/","title":{"rendered":"Mohsen Hassan\u00a0: \u00abLa Tunisie n\u2019est pas au chapitre de l\u2019effondrement\u00bb"},"content":{"rendered":"\n<p><strong><em>Les craintes du parlement europ\u00e9en de l\u2019effondrement \u00e9conomique de la Tunisie sont exag\u00e9r\u00e9es, a indiqu\u00e9 l\u2019ex-ministre du Commerce et l\u2019expert \u00e9conomique Mohsen Hassan, pr\u00e9cisant qu\u2019en d\u00e9pit de la situation \u00e9conomique difficile du pays, \u00e0 l\u2019instar de la plupart des \u00c9tats du monde suite \u00e0 des facteurs ext\u00e9rieurs (Covid-19 et guerre russo-ukrainienne), la situation actuelle dans notre pays n\u2019a pas atteint la phase d\u2019effondrement.<\/em><\/strong><\/p>\n\n\n\n<!--more-->\n\n\n\n<p>Lundi, 20 mars 2023, Josep Borrell, Haut repr\u00e9sentant de l\u2019Union europ\u00e9enne (UE) pour les Affaires \u00e9trang\u00e8res et la Politique de s\u00e9curit\u00e9 a d\u00e9clar\u00e9 que <em>\u00abl\u2019Union europ\u00e9enne s\u2019inqui\u00e8te de la d\u00e9t\u00e9rioration de la situation \u00e9conomique et politique de la Tunisie et redoute un effondrement du pays\u00bb<\/em>, tout en avertissant que<em> \u00abl\u2019effondrement de la Tunisie entra\u00eenerait la recrudescence des flux migratoires.\u00bb<\/em> Borrell a aussi averti que l\u2019UE ne pourra pas aider la Tunisie si celle-ci se montre incapable de signer un accord avec le Fonds mon\u00e9taire international (FMI).<\/p>\n\n\n\n<p>Dans une d\u00e9claration accord\u00e9e \u00e0 l\u2019agence Tap, Hassan a pr\u00e9cis\u00e9 que ces crises \u00e9trang\u00e8res ont eu un impact sur la Tunisie, \u00e9tant donn\u00e9 que son \u00e9conomie est ouverte sur le monde et ont caus\u00e9 un ralentissement de la croissance, estimant la r\u00e9alisation, en 2023, d\u2019un taux de 1,6% contre 2,2% en 2022.<\/p>\n\n\n\n<h2 class=\"wp-block-heading\">La Tunisie  a rempli les conditions exig\u00e9es par le FMI<\/h2>\n\n\n\n<p>La crise \u00e9conomique en Europe a contribu\u00e9 \u00e0 la r\u00e9gression de la demande ext\u00e9rieure du pays, d\u2019autant plus que la r\u00e9gression de la croissance en Europe d\u2019un point engendre une baisse de la croissance de pr\u00e8s de 0,7% en Tunisie, a-t-il expliqu\u00e9.<\/p>\n\n\n\n<p>Dans le m\u00eame contexte, Hassan a ajout\u00e9 que l\u2019\u00e9conomie tunisienne tr\u00e9buche \u00e9galement \u00e0 cause de facteurs endog\u00e8nes, dont les plus importants sont l\u2019\u00e9largissement du d\u00e9ficit \u00e9nerg\u00e9tique courant et la d\u00e9gradation des \u00e9quilibres de la finance publique, en plus de l\u2019aggravation du d\u00e9ficit commercial alimentaire, \u00e0 cause de la s\u00e9cheresse enregistr\u00e9e ces derni\u00e8res ann\u00e9es.<\/p>\n\n\n\n<figure class=\"wp-block-embed is-type-wp-embed is-provider-kapitalis wp-block-embed-kapitalis\"><div class=\"wp-block-embed__wrapper\">\n<blockquote class=\"wp-embedded-content\" data-secret=\"rikTtafaYg\"><a href=\"https:\/\/kapitalis.com\/tunisie\/2023\/03\/20\/union-europeenne-la-situation-en-tunisie-est-tres-dangereuse-josep-borrell\/\">Union europ\u00e9enne : \u00abLa situation en Tunisie est tr\u00e8s dangereuse\u00bb, Josep Borrell<\/a><\/blockquote><iframe loading=\"lazy\" class=\"wp-embedded-content\" sandbox=\"allow-scripts\" security=\"restricted\" style=\"position: absolute; clip: rect(1px, 1px, 1px, 1px);\" title=\"\u00ab\u00a0Union europ\u00e9enne : \u00abLa situation en Tunisie est tr\u00e8s dangereuse\u00bb, Josep Borrell\u00a0\u00bb &#8212; Kapitalis\" src=\"https:\/\/kapitalis.com\/tunisie\/2023\/03\/20\/union-europeenne-la-situation-en-tunisie-est-tres-dangereuse-josep-borrell\/embed\/#?secret=RahbTnEZpd#?secret=rikTtafaYg\" data-secret=\"rikTtafaYg\" width=\"600\" height=\"338\" frameborder=\"0\" marginwidth=\"0\" marginheight=\"0\" scrolling=\"no\"><\/iframe>\n<\/div><\/figure>\n\n\n\n<p>Il a poursuivi que la Tunisie enregistre une hausse du taux d\u2019inflation qui a atteint 10,4% en f\u00e9vrier 2023 et du taux de ch\u00f4mage, qui d\u00e9passe 15% ce qui a contribu\u00e9 au d\u00e9s\u00e9quilibre du budget de l\u2019\u00c9tat et a men\u00e9 au recours aux cr\u00e9dits (int\u00e9rieur et ext\u00e9rieur).<\/p>\n\n\n\n<p>L\u2019expert s\u2019est dit \u00e9tonn\u00e9 du fait que le FMI qui n\u2019a pas accord\u00e9 \u00e0 la Tunisie les financements attendus (1,9 milliard de dollars sur quatre ans), alors que le pays a rempli les conditions et respect\u00e9 ses anciens engagements, rappelant \u00e0 cet \u00e9gard, que le FMI a accord\u00e9 cette semaine un cr\u00e9dit \u00e0 Sri Lanka de 2,9 milliards de dollars en d\u00e9pit des difficult\u00e9s financi\u00e8res que traverse ce pays, et un autre financement \u00e0 l\u2019Ukraine de 15,6 milliards de dollars.<\/p>\n\n\n\n<p>Selon Hassan, la Tunisie obtiendrait, durant les prochaines semaines, un accord du FMI, vu qu\u2019elle a rempli toutes les conditions techniques relatives \u00e0 la mise en place d\u2019un programme des r\u00e9formes, l\u2019adoption de la loi relative aux entreprises publiques, et la mise en \u0153uvre des r\u00e9formes \u00e9conomiques dans la loi des finances 2023. Et d\u2019ajouter que l\u2019appui des pays de l\u2019Europe, notamment l\u2019Italie, et des \u00c9tats-Unis va renforcer la probabilit\u00e9 d\u2019obtention de ce cr\u00e9dit, pr\u00e9cisant que la conclusion d\u2019un accord avec le FMI ouvrira les portes devant la Tunisie pour conclure de nouveaux accords bilat\u00e9raux et multipartites avec d\u2019autres bailleurs de fonds, tels que la Banque islamique, la Banque africaine de d\u00e9veloppement (BAD) et les pays du Golfe, et pour sortir sur le march\u00e9 international et am\u00e9liorer sa notation souveraine.<\/p>\n\n\n\n<h2 class=\"wp-block-heading\">Des solutions alternatives existent <\/h2>\n\n\n\n<p>Hassan a indiqu\u00e9 que la situation \u00e9conomique difficile ne doit pas entraver l\u2019ex\u00e9cution des r\u00e9formes structurelles convenues avec le FMI, soulignant l\u2019imp\u00e9ratif d\u2019acc\u00e9l\u00e9rer l\u2019am\u00e9lioration du climat des affaires et de la comp\u00e9titivit\u00e9, d\u2019instaurer l\u2019\u00e9quit\u00e9 fiscale, de lutter contre l\u2019\u00e9vasion fiscale l\u2019\u00e9conomie parall\u00e8le, et de r\u00e9former le syst\u00e8me de la subvention qui n\u2019a pas encore commenc\u00e9 alors que cette r\u00e9forme est d\u00e9cr\u00e9t\u00e9e dans la loi des finances 2023.<\/p>\n\n\n\n<p>Pour l\u2019expert \u00e9conomique, m\u00eame si la Tunisie n\u2019a pas obtenu \u00e0 temps un cr\u00e9dit du FMI, des solutions alternatives existent. Le gouvernement peut \u00e9mettre un emprunt obligataire en devises destin\u00e9 \u00e0 la diaspora pour qu\u2019elle participe \u00e0 la mobilisation des ressources de l\u2019\u00c9tat, et en les incitant \u00e0 booster l\u2019\u00e9conomie nationale, d\u2019autant plus que les transferts en devises de la diaspora vers la Tunisie en 2020 ont atteint 9,5 milliards de dollars, repr\u00e9sentant pr\u00e8s de 20% de la r\u00e9serve en devises de la Tunisie.<\/p>\n\n\n\n<figure class=\"wp-block-embed is-type-wp-embed is-provider-kapitalis wp-block-embed-kapitalis\"><div class=\"wp-block-embed__wrapper\">\n<blockquote class=\"wp-embedded-content\" data-secret=\"J0wBnXifvA\"><a href=\"https:\/\/kapitalis.com\/tunisie\/2023\/03\/24\/julie-kosack-le-fmi-donne-plus-de-temps-a-la-tunisie-pour-remplir-les-conditions-du-programme\/\">Julie Kosack\u00a0: \u00abLe FMI donne plus de temps \u00e0 la Tunisie pour remplir les conditions du programme\u00bb<\/a><\/blockquote><iframe loading=\"lazy\" class=\"wp-embedded-content\" sandbox=\"allow-scripts\" security=\"restricted\" style=\"position: absolute; clip: rect(1px, 1px, 1px, 1px);\" title=\"\u00ab\u00a0Julie Kosack\u00a0: \u00abLe FMI donne plus de temps \u00e0 la Tunisie pour remplir les conditions du programme\u00bb\u00a0\u00bb &#8212; Kapitalis\" src=\"https:\/\/kapitalis.com\/tunisie\/2023\/03\/24\/julie-kosack-le-fmi-donne-plus-de-temps-a-la-tunisie-pour-remplir-les-conditions-du-programme\/embed\/#?secret=HXVpyaujED#?secret=J0wBnXifvA\" data-secret=\"J0wBnXifvA\" width=\"600\" height=\"338\" frameborder=\"0\" marginwidth=\"0\" marginheight=\"0\" scrolling=\"no\"><\/iframe>\n<\/div><\/figure>\n\n\n\n<p>Hassan a appel\u00e9 aussi \u00e0 exploiter les richesses souterraines de mani\u00e8re efficace, de r\u00e9soudre le probl\u00e8me de transport de phosphate \u00e0 travers les moyens traditionnels (les chemins de fer) et de r\u00e9fl\u00e9chir \u00e0 d\u2019autres solutions, notamment \u00e0 travers les pipelines, de soutenir le secteur agricole, de rationaliser l\u2019importation et de mettre \u00e0 niveau le secteur touristique, \u00e0 travers l\u2019investissement dans la qualit\u00e9 et la formation.<\/p>\n\n\n\n<p>L\u2019\u00c9tat doit \u00e9galement prendre une d\u00e9cision concernant sa contribution dans les entreprises publiques, en prenant en consid\u00e9ration son rendement \u00e9conomique avec la possibilit\u00e9 de se contenter des secteurs strat\u00e9giques vitaux et renoncer aux secteurs comp\u00e9titifs, a conclu l\u2019expert.<\/p>\n\n\n\n<p><strong><em>D\u2019apr\u00e8s Tap.<\/em><\/strong><\/p>\n","protected":false},"excerpt":{"rendered":"<p>La situation \u00e9conomique difficile de la Tunisie ne doit pas entraver l\u2019ex\u00e9cution des r\u00e9formes structurelles convenues avec le FMI. <\/p>\n","protected":false},"author":8,"featured_media":2395718,"comment_status":"open","ping_status":"open","sticky":false,"template":"","format":"standard","meta":{"footnotes":""},"categories":[995,2433],"tags":[6055,3907,388,79063,12703,1252,62643,937],"class_list":["post-7124951","post","type-post","status-publish","format-standard","has-post-thumbnail","hentry","category-economie","category-tunisie","tag-effondrement","tag-entreprises-publiques","tag-fmi","tag-josep-borrell","tag-mohsen-hassan","tag-reformes-economiques","tag-tunisie","tag-union-europeenne"],"yoast_head":"<!-- This site is optimized with the Yoast SEO plugin v26.6 - https:\/\/yoast.com\/wordpress\/plugins\/seo\/ -->\n<title>Mohsen Hassan\u00a0: \u00abLa Tunisie n\u2019est pas au chapitre de l\u2019effondrement\u00bb - Kapitalis<\/title>\n<meta name=\"robots\" content=\"index, follow, max-snippet:-1, max-image-preview:large, max-video-preview:-1\" \/>\n<link rel=\"canonical\" href=\"https:\/\/kapitalis.com\/tunisie\/2023\/03\/26\/mohsen-hassan-la-tunisie-nest-pas-au-chapitre-de-leffondrement\/\" \/>\n<meta property=\"og:locale\" content=\"fr_FR\" \/>\n<meta property=\"og:type\" content=\"article\" \/>\n<meta property=\"og:title\" content=\"Mohsen Hassan\u00a0: \u00abLa Tunisie n\u2019est pas au chapitre de l\u2019effondrement\u00bb - Kapitalis\" \/>\n<meta property=\"og:description\" content=\"La situation \u00e9conomique difficile de la Tunisie ne doit pas entraver l\u2019ex\u00e9cution des r\u00e9formes structurelles convenues avec le FMI.\" \/>\n<meta property=\"og:url\" content=\"https:\/\/kapitalis.com\/tunisie\/2023\/03\/26\/mohsen-hassan-la-tunisie-nest-pas-au-chapitre-de-leffondrement\/\" \/>\n<meta property=\"og:site_name\" content=\"Kapitalis\" \/>\n<meta property=\"article:publisher\" content=\"https:\/\/www.facebook.com\/KapitalisInfo\/\" \/>\n<meta property=\"article:published_time\" content=\"2023-03-26T09:22:26+00:00\" \/>\n<meta property=\"article:modified_time\" content=\"2023-03-26T09:22:27+00:00\" \/>\n<meta property=\"og:image\" content=\"https:\/\/kapitalis.com\/tunisie\/wp-content\/uploads\/2022\/07\/Mohsen-Hassan.jpg\" \/>\n\t<meta property=\"og:image:width\" content=\"1200\" \/>\n\t<meta property=\"og:image:height\" content=\"630\" \/>\n\t<meta property=\"og:image:type\" content=\"image\/jpeg\" \/>\n<meta name=\"author\" content=\"webmaster kapitalis\" \/>\n<meta name=\"twitter:card\" content=\"summary_large_image\" \/>\n<meta name=\"twitter:creator\" content=\"@KapitalisInfo\" \/>\n<meta name=\"twitter:site\" content=\"@KapitalisInfo\" \/>\n<meta name=\"twitter:label1\" content=\"\u00c9crit par\" \/>\n\t<meta name=\"twitter:data1\" content=\"webmaster kapitalis\" \/>\n\t<meta name=\"twitter:label2\" content=\"Dur\u00e9e de lecture estim\u00e9e\" \/>\n\t<meta name=\"twitter:data2\" content=\"5 minutes\" \/>\n<script type=\"application\/ld+json\" class=\"yoast-schema-graph\">{\"@context\":\"https:\/\/schema.org\",\"@graph\":[{\"@type\":\"Article\",\"@id\":\"https:\/\/kapitalis.com\/tunisie\/2023\/03\/26\/mohsen-hassan-la-tunisie-nest-pas-au-chapitre-de-leffondrement\/#article\",\"isPartOf\":{\"@id\":\"https:\/\/kapitalis.com\/tunisie\/2023\/03\/26\/mohsen-hassan-la-tunisie-nest-pas-au-chapitre-de-leffondrement\/\"},\"author\":{\"name\":\"webmaster kapitalis\",\"@id\":\"https:\/\/kapitalis.com\/tunisie\/#\/schema\/person\/d71f33a9ca44f7bad4698210b480c8e9\"},\"headline\":\"Mohsen Hassan\u00a0: \u00abLa Tunisie n\u2019est pas au chapitre de l\u2019effondrement\u00bb\",\"datePublished\":\"2023-03-26T09:22:26+00:00\",\"dateModified\":\"2023-03-26T09:22:27+00:00\",\"mainEntityOfPage\":{\"@id\":\"https:\/\/kapitalis.com\/tunisie\/2023\/03\/26\/mohsen-hassan-la-tunisie-nest-pas-au-chapitre-de-leffondrement\/\"},\"wordCount\":948,\"commentCount\":0,\"publisher\":{\"@id\":\"https:\/\/kapitalis.com\/tunisie\/#organization\"},\"image\":{\"@id\":\"https:\/\/kapitalis.com\/tunisie\/2023\/03\/26\/mohsen-hassan-la-tunisie-nest-pas-au-chapitre-de-leffondrement\/#primaryimage\"},\"thumbnailUrl\":\"https:\/\/kapitalis.com\/tunisie\/wp-content\/uploads\/2022\/07\/Mohsen-Hassan.jpg\",\"keywords\":[\"effondrement\",\"entreprises publiques\",\"FMI\",\"Josep Borrell\",\"Mohsen Hassan\",\"r\u00e9formes \u00e9conomiques\",\"Tunisie\",\"Union europ\u00e9enne\"],\"articleSection\":[\"ECONOMIE\",\"Tunisie\"],\"inLanguage\":\"fr-FR\",\"potentialAction\":[{\"@type\":\"CommentAction\",\"name\":\"Comment\",\"target\":[\"https:\/\/kapitalis.com\/tunisie\/2023\/03\/26\/mohsen-hassan-la-tunisie-nest-pas-au-chapitre-de-leffondrement\/#respond\"]}]},{\"@type\":\"WebPage\",\"@id\":\"https:\/\/kapitalis.com\/tunisie\/2023\/03\/26\/mohsen-hassan-la-tunisie-nest-pas-au-chapitre-de-leffondrement\/\",\"url\":\"https:\/\/kapitalis.com\/tunisie\/2023\/03\/26\/mohsen-hassan-la-tunisie-nest-pas-au-chapitre-de-leffondrement\/\",\"name\":\"Mohsen Hassan\u00a0: \u00abLa Tunisie n\u2019est pas au chapitre de l\u2019effondrement\u00bb - Kapitalis\",\"isPartOf\":{\"@id\":\"https:\/\/kapitalis.com\/tunisie\/#website\"},\"primaryImageOfPage\":{\"@id\":\"https:\/\/kapitalis.com\/tunisie\/2023\/03\/26\/mohsen-hassan-la-tunisie-nest-pas-au-chapitre-de-leffondrement\/#primaryimage\"},\"image\":{\"@id\":\"https:\/\/kapitalis.com\/tunisie\/2023\/03\/26\/mohsen-hassan-la-tunisie-nest-pas-au-chapitre-de-leffondrement\/#primaryimage\"},\"thumbnailUrl\":\"https:\/\/kapitalis.com\/tunisie\/wp-content\/uploads\/2022\/07\/Mohsen-Hassan.jpg\",\"datePublished\":\"2023-03-26T09:22:26+00:00\",\"dateModified\":\"2023-03-26T09:22:27+00:00\",\"breadcrumb\":{\"@id\":\"https:\/\/kapitalis.com\/tunisie\/2023\/03\/26\/mohsen-hassan-la-tunisie-nest-pas-au-chapitre-de-leffondrement\/#breadcrumb\"},\"inLanguage\":\"fr-FR\",\"potentialAction\":[{\"@type\":\"ReadAction\",\"target\":[\"https:\/\/kapitalis.com\/tunisie\/2023\/03\/26\/mohsen-hassan-la-tunisie-nest-pas-au-chapitre-de-leffondrement\/\"]}]},{\"@type\":\"ImageObject\",\"inLanguage\":\"fr-FR\",\"@id\":\"https:\/\/kapitalis.com\/tunisie\/2023\/03\/26\/mohsen-hassan-la-tunisie-nest-pas-au-chapitre-de-leffondrement\/#primaryimage\",\"url\":\"https:\/\/kapitalis.com\/tunisie\/wp-content\/uploads\/2022\/07\/Mohsen-Hassan.jpg\",\"contentUrl\":\"https:\/\/kapitalis.com\/tunisie\/wp-content\/uploads\/2022\/07\/Mohsen-Hassan.jpg\",\"width\":1200,\"height\":630},{\"@type\":\"BreadcrumbList\",\"@id\":\"https:\/\/kapitalis.com\/tunisie\/2023\/03\/26\/mohsen-hassan-la-tunisie-nest-pas-au-chapitre-de-leffondrement\/#breadcrumb\",\"itemListElement\":[{\"@type\":\"ListItem\",\"position\":1,\"name\":\"Accueil\",\"item\":\"https:\/\/kapitalis.com\/tunisie\/\"},{\"@type\":\"ListItem\",\"position\":2,\"name\":\"Mohsen Hassan\u00a0: \u00abLa Tunisie n\u2019est pas au chapitre de l\u2019effondrement\u00bb\"}]},{\"@type\":\"WebSite\",\"@id\":\"https:\/\/kapitalis.com\/tunisie\/#website\",\"url\":\"https:\/\/kapitalis.com\/tunisie\/\",\"name\":\"Kapitalis\",\"description\":\"L&#039;actualit\u00e9 en Tunisie et dans le monde\",\"publisher\":{\"@id\":\"https:\/\/kapitalis.com\/tunisie\/#organization\"},\"potentialAction\":[{\"@type\":\"SearchAction\",\"target\":{\"@type\":\"EntryPoint\",\"urlTemplate\":\"https:\/\/kapitalis.com\/tunisie\/?s={search_term_string}\"},\"query-input\":{\"@type\":\"PropertyValueSpecification\",\"valueRequired\":true,\"valueName\":\"search_term_string\"}}],\"inLanguage\":\"fr-FR\"},{\"@type\":\"Organization\",\"@id\":\"https:\/\/kapitalis.com\/tunisie\/#organization\",\"name\":\"Kapitalis\",\"url\":\"https:\/\/kapitalis.com\/tunisie\/\",\"logo\":{\"@type\":\"ImageObject\",\"inLanguage\":\"fr-FR\",\"@id\":\"https:\/\/kapitalis.com\/tunisie\/#\/schema\/logo\/image\/\",\"url\":\"https:\/\/kapitalis.com\/tunisie\/wp-content\/uploads\/2022\/05\/Kapitalis-big-size.png\",\"contentUrl\":\"https:\/\/kapitalis.com\/tunisie\/wp-content\/uploads\/2022\/05\/Kapitalis-big-size.png\",\"width\":5000,\"height\":1500,\"caption\":\"Kapitalis\"},\"image\":{\"@id\":\"https:\/\/kapitalis.com\/tunisie\/#\/schema\/logo\/image\/\"},\"sameAs\":[\"https:\/\/www.facebook.com\/KapitalisInfo\/\",\"https:\/\/x.com\/KapitalisInfo\",\"https:\/\/www.youtube.com\/channel\/UC-yDYrHyfFBWWZaOw3FPg9Q\"]},{\"@type\":\"Person\",\"@id\":\"https:\/\/kapitalis.com\/tunisie\/#\/schema\/person\/d71f33a9ca44f7bad4698210b480c8e9\",\"name\":\"webmaster kapitalis\",\"url\":\"https:\/\/kapitalis.com\/tunisie\/author\/webmaster-kapitalis\/\"}]}<\/script>\n<!-- \/ Yoast SEO plugin. -->","yoast_head_json":{"title":"Mohsen Hassan\u00a0: \u00abLa Tunisie n\u2019est pas au chapitre de l\u2019effondrement\u00bb - Kapitalis","robots":{"index":"index","follow":"follow","max-snippet":"max-snippet:-1","max-image-preview":"max-image-preview:large","max-video-preview":"max-video-preview:-1"},"canonical":"https:\/\/kapitalis.com\/tunisie\/2023\/03\/26\/mohsen-hassan-la-tunisie-nest-pas-au-chapitre-de-leffondrement\/","og_locale":"fr_FR","og_type":"article","og_title":"Mohsen Hassan\u00a0: \u00abLa Tunisie n\u2019est pas au chapitre de l\u2019effondrement\u00bb - Kapitalis","og_description":"La situation \u00e9conomique difficile de la Tunisie ne doit pas entraver l\u2019ex\u00e9cution des r\u00e9formes structurelles convenues avec le FMI.","og_url":"https:\/\/kapitalis.com\/tunisie\/2023\/03\/26\/mohsen-hassan-la-tunisie-nest-pas-au-chapitre-de-leffondrement\/","og_site_name":"Kapitalis","article_publisher":"https:\/\/www.facebook.com\/KapitalisInfo\/","article_published_time":"2023-03-26T09:22:26+00:00","article_modified_time":"2023-03-26T09:22:27+00:00","og_image":[{"width":1200,"height":630,"url":"https:\/\/kapitalis.com\/tunisie\/wp-content\/uploads\/2022\/07\/Mohsen-Hassan.jpg","type":"image\/jpeg"}],"author":"webmaster kapitalis","twitter_card":"summary_large_image","twitter_creator":"@KapitalisInfo","twitter_site":"@KapitalisInfo","twitter_misc":{"\u00c9crit par":"webmaster kapitalis","Dur\u00e9e de lecture estim\u00e9e":"5 minutes"},"schema":{"@context":"https:\/\/schema.org","@graph":[{"@type":"Article","@id":"https:\/\/kapitalis.com\/tunisie\/2023\/03\/26\/mohsen-hassan-la-tunisie-nest-pas-au-chapitre-de-leffondrement\/#article","isPartOf":{"@id":"https:\/\/kapitalis.com\/tunisie\/2023\/03\/26\/mohsen-hassan-la-tunisie-nest-pas-au-chapitre-de-leffondrement\/"},"author":{"name":"webmaster kapitalis","@id":"https:\/\/kapitalis.com\/tunisie\/#\/schema\/person\/d71f33a9ca44f7bad4698210b480c8e9"},"headline":"Mohsen Hassan\u00a0: \u00abLa Tunisie n\u2019est pas au chapitre de l\u2019effondrement\u00bb","datePublished":"2023-03-26T09:22:26+00:00","dateModified":"2023-03-26T09:22:27+00:00","mainEntityOfPage":{"@id":"https:\/\/kapitalis.com\/tunisie\/2023\/03\/26\/mohsen-hassan-la-tunisie-nest-pas-au-chapitre-de-leffondrement\/"},"wordCount":948,"commentCount":0,"publisher":{"@id":"https:\/\/kapitalis.com\/tunisie\/#organization"},"image":{"@id":"https:\/\/kapitalis.com\/tunisie\/2023\/03\/26\/mohsen-hassan-la-tunisie-nest-pas-au-chapitre-de-leffondrement\/#primaryimage"},"thumbnailUrl":"https:\/\/kapitalis.com\/tunisie\/wp-content\/uploads\/2022\/07\/Mohsen-Hassan.jpg","keywords":["effondrement","entreprises publiques","FMI","Josep Borrell","Mohsen Hassan","r\u00e9formes \u00e9conomiques","Tunisie","Union europ\u00e9enne"],"articleSection":["ECONOMIE","Tunisie"],"inLanguage":"fr-FR","potentialAction":[{"@type":"CommentAction","name":"Comment","target":["https:\/\/kapitalis.com\/tunisie\/2023\/03\/26\/mohsen-hassan-la-tunisie-nest-pas-au-chapitre-de-leffondrement\/#respond"]}]},{"@type":"WebPage","@id":"https:\/\/kapitalis.com\/tunisie\/2023\/03\/26\/mohsen-hassan-la-tunisie-nest-pas-au-chapitre-de-leffondrement\/","url":"https:\/\/kapitalis.com\/tunisie\/2023\/03\/26\/mohsen-hassan-la-tunisie-nest-pas-au-chapitre-de-leffondrement\/","name":"Mohsen Hassan\u00a0: \u00abLa Tunisie n\u2019est pas au chapitre de l\u2019effondrement\u00bb - Kapitalis","isPartOf":{"@id":"https:\/\/kapitalis.com\/tunisie\/#website"},"primaryImageOfPage":{"@id":"https:\/\/kapitalis.com\/tunisie\/2023\/03\/26\/mohsen-hassan-la-tunisie-nest-pas-au-chapitre-de-leffondrement\/#primaryimage"},"image":{"@id":"https:\/\/kapitalis.com\/tunisie\/2023\/03\/26\/mohsen-hassan-la-tunisie-nest-pas-au-chapitre-de-leffondrement\/#primaryimage"},"thumbnailUrl":"https:\/\/kapitalis.com\/tunisie\/wp-content\/uploads\/2022\/07\/Mohsen-Hassan.jpg","datePublished":"2023-03-26T09:22:26+00:00","dateModified":"2023-03-26T09:22:27+00:00","breadcrumb":{"@id":"https:\/\/kapitalis.com\/tunisie\/2023\/03\/26\/mohsen-hassan-la-tunisie-nest-pas-au-chapitre-de-leffondrement\/#breadcrumb"},"inLanguage":"fr-FR","potentialAction":[{"@type":"ReadAction","target":["https:\/\/kapitalis.com\/tunisie\/2023\/03\/26\/mohsen-hassan-la-tunisie-nest-pas-au-chapitre-de-leffondrement\/"]}]},{"@type":"ImageObject","inLanguage":"fr-FR","@id":"https:\/\/kapitalis.com\/tunisie\/2023\/03\/26\/mohsen-hassan-la-tunisie-nest-pas-au-chapitre-de-leffondrement\/#primaryimage","url":"https:\/\/kapitalis.com\/tunisie\/wp-content\/uploads\/2022\/07\/Mohsen-Hassan.jpg","contentUrl":"https:\/\/kapitalis.com\/tunisie\/wp-content\/uploads\/2022\/07\/Mohsen-Hassan.jpg","width":1200,"height":630},{"@type":"BreadcrumbList","@id":"https:\/\/kapitalis.com\/tunisie\/2023\/03\/26\/mohsen-hassan-la-tunisie-nest-pas-au-chapitre-de-leffondrement\/#breadcrumb","itemListElement":[{"@type":"ListItem","position":1,"name":"Accueil","item":"https:\/\/kapitalis.com\/tunisie\/"},{"@type":"ListItem","position":2,"name":"Mohsen Hassan\u00a0: \u00abLa Tunisie n\u2019est pas au chapitre de l\u2019effondrement\u00bb"}]},{"@type":"WebSite","@id":"https:\/\/kapitalis.com\/tunisie\/#website","url":"https:\/\/kapitalis.com\/tunisie\/","name":"Kapitalis","description":"L&#039;actualit\u00e9 en Tunisie et dans le monde","publisher":{"@id":"https:\/\/kapitalis.com\/tunisie\/#organization"},"potentialAction":[{"@type":"SearchAction","target":{"@type":"EntryPoint","urlTemplate":"https:\/\/kapitalis.com\/tunisie\/?s={search_term_string}"},"query-input":{"@type":"PropertyValueSpecification","valueRequired":true,"valueName":"search_term_string"}}],"inLanguage":"fr-FR"},{"@type":"Organization","@id":"https:\/\/kapitalis.com\/tunisie\/#organization","name":"Kapitalis","url":"https:\/\/kapitalis.com\/tunisie\/","logo":{"@type":"ImageObject","inLanguage":"fr-FR","@id":"https:\/\/kapitalis.com\/tunisie\/#\/schema\/logo\/image\/","url":"https:\/\/kapitalis.com\/tunisie\/wp-content\/uploads\/2022\/05\/Kapitalis-big-size.png","contentUrl":"https:\/\/kapitalis.com\/tunisie\/wp-content\/uploads\/2022\/05\/Kapitalis-big-size.png","width":5000,"height":1500,"caption":"Kapitalis"},"image":{"@id":"https:\/\/kapitalis.com\/tunisie\/#\/schema\/logo\/image\/"},"sameAs":["https:\/\/www.facebook.com\/KapitalisInfo\/","https:\/\/x.com\/KapitalisInfo","https:\/\/www.youtube.com\/channel\/UC-yDYrHyfFBWWZaOw3FPg9Q"]},{"@type":"Person","@id":"https:\/\/kapitalis.com\/tunisie\/#\/schema\/person\/d71f33a9ca44f7bad4698210b480c8e9","name":"webmaster kapitalis","url":"https:\/\/kapitalis.com\/tunisie\/author\/webmaster-kapitalis\/"}]}},"_links":{"self":[{"href":"https:\/\/kapitalis.com\/tunisie\/wp-json\/wp\/v2\/posts\/7124951","targetHints":{"allow":["GET"]}}],"collection":[{"href":"https:\/\/kapitalis.com\/tunisie\/wp-json\/wp\/v2\/posts"}],"about":[{"href":"https:\/\/kapitalis.com\/tunisie\/wp-json\/wp\/v2\/types\/post"}],"author":[{"embeddable":true,"href":"https:\/\/kapitalis.com\/tunisie\/wp-json\/wp\/v2\/users\/8"}],"replies":[{"embeddable":true,"href":"https:\/\/kapitalis.com\/tunisie\/wp-json\/wp\/v2\/comments?post=7124951"}],"version-history":[{"count":1,"href":"https:\/\/kapitalis.com\/tunisie\/wp-json\/wp\/v2\/posts\/7124951\/revisions"}],"predecessor-version":[{"id":7125005,"href":"https:\/\/kapitalis.com\/tunisie\/wp-json\/wp\/v2\/posts\/7124951\/revisions\/7125005"}],"wp:featuredmedia":[{"embeddable":true,"href":"https:\/\/kapitalis.com\/tunisie\/wp-json\/wp\/v2\/media\/2395718"}],"wp:attachment":[{"href":"https:\/\/kapitalis.com\/tunisie\/wp-json\/wp\/v2\/media?parent=7124951"}],"wp:term":[{"taxonomy":"category","embeddable":true,"href":"https:\/\/kapitalis.com\/tunisie\/wp-json\/wp\/v2\/categories?post=7124951"},{"taxonomy":"post_tag","embeddable":true,"href":"https:\/\/kapitalis.com\/tunisie\/wp-json\/wp\/v2\/tags?post=7124951"}],"curies":[{"name":"wp","href":"https:\/\/api.w.org\/{rel}","templated":true}]}}