{"id":71284,"date":"2016-11-07T12:54:17","date_gmt":"2016-11-07T11:54:17","guid":{"rendered":"http:\/\/kapitalis.com\/tunisie\/?p=71284"},"modified":"2016-11-07T13:11:31","modified_gmt":"2016-11-07T12:11:31","slug":"tunisie-libye-aymen-mathlouthi-declarer-forfait","status":"publish","type":"post","link":"https:\/\/kapitalis.com\/tunisie\/2016\/11\/07\/tunisie-libye-aymen-mathlouthi-declarer-forfait\/","title":{"rendered":"Tunisie-Libye : Aymen Mathlouthi pourrait d\u00e9clarer forfait"},"content":{"rendered":"<p style=\"text-align: center;\"><img loading=\"lazy\" decoding=\"async\" class=\"alignnone size-full wp-image-71285\" src=\"http:\/\/kapitalis.com\/tunisie\/wp-content\/uploads\/2016\/11\/Aymen-Mathlouthi-EN-blessure.jpg\" alt=\"aymen-mathlouthi-en-blessure\" width=\"626\" height=\"380\" \/><\/p>\n<p><em><strong>Aymen Mathlouthi, gardien et capitaine de la s\u00e9lection tunisienne, pourrait \u00eatre priv\u00e9 du match contre la Libye, pr\u00e9vu 11 novembre, \u00e0 Alger.<\/strong><\/em><\/p>\n<p><!--more--><\/p>\n<p>Une blessure musculaire pourrait emp\u00eacher le brave Mathlouthi de jouer ce match de la 2e journ\u00e9e de la phase \u00e9liminatoire de la coupe du monde 2018.<\/p>\n<p>Le m\u00e9decin de la s\u00e9lection nationale, Souhail Chemli a affirm\u00e9 aux m\u00e9dias que le staff m\u00e9dical s\u2019active pour remettre sur pied le gardien titulaire des Aigles de Carthage. Il sera autrement remplac\u00e9 par Moez Ben Cherifia, gardien de l\u2019Esp\u00e9rance sportive de Tunis\u00a0(EST).<\/p>\n<p>L\u2019\u00e9quipe nationale s\u2019est envol\u00e9e dimanche pour Alger et rentrera au lendemain de la rencontre.<\/p>\n<p style=\"text-align: right;\"><strong>Y. N.<\/strong><\/p>\n","protected":false},"excerpt":{"rendered":"<p>Aymen Mathlouthi, gardien et capitaine de la s\u00e9lection tunisienne, pourrait \u00eatre priv\u00e9 du match contre la Libye, pr\u00e9vu 11 novembre, \u00e0 Alger.<\/p>\n","protected":false},"author":6,"featured_media":71285,"comment_status":"open","ping_status":"open","sticky":false,"template":"","format":"standard","meta":{"footnotes":""},"categories":[999,2433],"tags":[4195,63,24859,1272,20378,337,10867,7565,24858],"class_list":["post-71284","post","type-post","status-publish","format-standard","has-post-thumbnail","hentry","category-sport","category-tunisie","tag-aigles-de-carthage","tag-alger","tag-aymen-mathlouthi","tag-blessure","tag-capitaine","tag-equipe-nationale","tag-foot","tag-gardien","tag-moez-ben-cherifia"],"yoast_head":"<!-- This site is optimized with the Yoast SEO plugin v26.6 - https:\/\/yoast.com\/wordpress\/plugins\/seo\/ -->\n<title>Tunisie-Libye : Aymen Mathlouthi pourrait d\u00e9clarer forfait - Kapitalis<\/title>\n<meta name=\"robots\" content=\"index, follow, max-snippet:-1, max-image-preview:large, max-video-preview:-1\" \/>\n<link rel=\"canonical\" href=\"https:\/\/kapitalis.com\/tunisie\/2016\/11\/07\/tunisie-libye-aymen-mathlouthi-declarer-forfait\/\" \/>\n<meta property=\"og:locale\" content=\"fr_FR\" \/>\n<meta property=\"og:type\" content=\"article\" \/>\n<meta property=\"og:title\" content=\"Tunisie-Libye : Aymen Mathlouthi pourrait d\u00e9clarer forfait - Kapitalis\" \/>\n<meta property=\"og:description\" content=\"Aymen Mathlouthi, gardien et capitaine de la s\u00e9lection tunisienne, pourrait \u00eatre priv\u00e9 du match contre la Libye, pr\u00e9vu 11 novembre, \u00e0 Alger.\" \/>\n<meta property=\"og:url\" content=\"https:\/\/kapitalis.com\/tunisie\/2016\/11\/07\/tunisie-libye-aymen-mathlouthi-declarer-forfait\/\" \/>\n<meta property=\"og:site_name\" content=\"Kapitalis\" \/>\n<meta property=\"article:publisher\" content=\"https:\/\/www.facebook.com\/KapitalisInfo\/\" \/>\n<meta property=\"article:published_time\" content=\"2016-11-07T11:54:17+00:00\" \/>\n<meta property=\"article:modified_time\" content=\"2016-11-07T12:11:31+00:00\" \/>\n<meta property=\"og:image\" content=\"https:\/\/kapitalis.com\/tunisie\/wp-content\/uploads\/2022\/05\/kapitalis-logo-fb.png\" \/>\n\t<meta property=\"og:image:width\" content=\"1200\" \/>\n\t<meta property=\"og:image:height\" content=\"630\" \/>\n\t<meta property=\"og:image:type\" content=\"image\/png\" \/>\n<meta name=\"author\" content=\"Yusra NY\" \/>\n<meta name=\"twitter:card\" content=\"summary_large_image\" \/>\n<meta name=\"twitter:creator\" content=\"@KapitalisInfo\" \/>\n<meta name=\"twitter:site\" content=\"@KapitalisInfo\" \/>\n<meta name=\"twitter:label1\" content=\"\u00c9crit par\" \/>\n\t<meta name=\"twitter:data1\" content=\"Yusra NY\" \/>\n\t<meta name=\"twitter:label2\" content=\"Dur\u00e9e de lecture estim\u00e9e\" \/>\n\t<meta name=\"twitter:data2\" content=\"1 minute\" \/>\n<script type=\"application\/ld+json\" class=\"yoast-schema-graph\">{\"@context\":\"https:\/\/schema.org\",\"@graph\":[{\"@type\":\"Article\",\"@id\":\"https:\/\/kapitalis.com\/tunisie\/2016\/11\/07\/tunisie-libye-aymen-mathlouthi-declarer-forfait\/#article\",\"isPartOf\":{\"@id\":\"https:\/\/kapitalis.com\/tunisie\/2016\/11\/07\/tunisie-libye-aymen-mathlouthi-declarer-forfait\/\"},\"author\":{\"name\":\"Yusra NY\",\"@id\":\"https:\/\/kapitalis.com\/tunisie\/#\/schema\/person\/74bbde0154d49d790a92aaeac5bc01d5\"},\"headline\":\"Tunisie-Libye : Aymen Mathlouthi pourrait d\u00e9clarer forfait\",\"datePublished\":\"2016-11-07T11:54:17+00:00\",\"dateModified\":\"2016-11-07T12:11:31+00:00\",\"mainEntityOfPage\":{\"@id\":\"https:\/\/kapitalis.com\/tunisie\/2016\/11\/07\/tunisie-libye-aymen-mathlouthi-declarer-forfait\/\"},\"wordCount\":125,\"commentCount\":0,\"publisher\":{\"@id\":\"https:\/\/kapitalis.com\/tunisie\/#organization\"},\"image\":{\"@id\":\"https:\/\/kapitalis.com\/tunisie\/2016\/11\/07\/tunisie-libye-aymen-mathlouthi-declarer-forfait\/#primaryimage\"},\"thumbnailUrl\":\"\",\"keywords\":[\"aigles de Carthage\",\"Alger\",\"Aymen Mathlouthi\",\"blessure\",\"capitaine\",\"\u00e9quipe nationale\",\"foot\",\"gardien\",\"Moez Ben Cherifia\"],\"articleSection\":[\"SPORT\",\"Tunisie\"],\"inLanguage\":\"fr-FR\",\"potentialAction\":[{\"@type\":\"CommentAction\",\"name\":\"Comment\",\"target\":[\"https:\/\/kapitalis.com\/tunisie\/2016\/11\/07\/tunisie-libye-aymen-mathlouthi-declarer-forfait\/#respond\"]}]},{\"@type\":\"WebPage\",\"@id\":\"https:\/\/kapitalis.com\/tunisie\/2016\/11\/07\/tunisie-libye-aymen-mathlouthi-declarer-forfait\/\",\"url\":\"https:\/\/kapitalis.com\/tunisie\/2016\/11\/07\/tunisie-libye-aymen-mathlouthi-declarer-forfait\/\",\"name\":\"Tunisie-Libye : Aymen Mathlouthi pourrait d\u00e9clarer forfait - Kapitalis\",\"isPartOf\":{\"@id\":\"https:\/\/kapitalis.com\/tunisie\/#website\"},\"primaryImageOfPage\":{\"@id\":\"https:\/\/kapitalis.com\/tunisie\/2016\/11\/07\/tunisie-libye-aymen-mathlouthi-declarer-forfait\/#primaryimage\"},\"image\":{\"@id\":\"https:\/\/kapitalis.com\/tunisie\/2016\/11\/07\/tunisie-libye-aymen-mathlouthi-declarer-forfait\/#primaryimage\"},\"thumbnailUrl\":\"\",\"datePublished\":\"2016-11-07T11:54:17+00:00\",\"dateModified\":\"2016-11-07T12:11:31+00:00\",\"breadcrumb\":{\"@id\":\"https:\/\/kapitalis.com\/tunisie\/2016\/11\/07\/tunisie-libye-aymen-mathlouthi-declarer-forfait\/#breadcrumb\"},\"inLanguage\":\"fr-FR\",\"potentialAction\":[{\"@type\":\"ReadAction\",\"target\":[\"https:\/\/kapitalis.com\/tunisie\/2016\/11\/07\/tunisie-libye-aymen-mathlouthi-declarer-forfait\/\"]}]},{\"@type\":\"ImageObject\",\"inLanguage\":\"fr-FR\",\"@id\":\"https:\/\/kapitalis.com\/tunisie\/2016\/11\/07\/tunisie-libye-aymen-mathlouthi-declarer-forfait\/#primaryimage\",\"url\":\"\",\"contentUrl\":\"\"},{\"@type\":\"BreadcrumbList\",\"@id\":\"https:\/\/kapitalis.com\/tunisie\/2016\/11\/07\/tunisie-libye-aymen-mathlouthi-declarer-forfait\/#breadcrumb\",\"itemListElement\":[{\"@type\":\"ListItem\",\"position\":1,\"name\":\"Accueil\",\"item\":\"https:\/\/kapitalis.com\/tunisie\/\"},{\"@type\":\"ListItem\",\"position\":2,\"name\":\"Tunisie-Libye : Aymen Mathlouthi pourrait d\u00e9clarer forfait\"}]},{\"@type\":\"WebSite\",\"@id\":\"https:\/\/kapitalis.com\/tunisie\/#website\",\"url\":\"https:\/\/kapitalis.com\/tunisie\/\",\"name\":\"Kapitalis\",\"description\":\"L&#039;actualit\u00e9 en Tunisie et dans le monde\",\"publisher\":{\"@id\":\"https:\/\/kapitalis.com\/tunisie\/#organization\"},\"potentialAction\":[{\"@type\":\"SearchAction\",\"target\":{\"@type\":\"EntryPoint\",\"urlTemplate\":\"https:\/\/kapitalis.com\/tunisie\/?s={search_term_string}\"},\"query-input\":{\"@type\":\"PropertyValueSpecification\",\"valueRequired\":true,\"valueName\":\"search_term_string\"}}],\"inLanguage\":\"fr-FR\"},{\"@type\":\"Organization\",\"@id\":\"https:\/\/kapitalis.com\/tunisie\/#organization\",\"name\":\"Kapitalis\",\"url\":\"https:\/\/kapitalis.com\/tunisie\/\",\"logo\":{\"@type\":\"ImageObject\",\"inLanguage\":\"fr-FR\",\"@id\":\"https:\/\/kapitalis.com\/tunisie\/#\/schema\/logo\/image\/\",\"url\":\"https:\/\/kapitalis.com\/tunisie\/wp-content\/uploads\/2022\/05\/Kapitalis-big-size.png\",\"contentUrl\":\"https:\/\/kapitalis.com\/tunisie\/wp-content\/uploads\/2022\/05\/Kapitalis-big-size.png\",\"width\":5000,\"height\":1500,\"caption\":\"Kapitalis\"},\"image\":{\"@id\":\"https:\/\/kapitalis.com\/tunisie\/#\/schema\/logo\/image\/\"},\"sameAs\":[\"https:\/\/www.facebook.com\/KapitalisInfo\/\",\"https:\/\/x.com\/KapitalisInfo\",\"https:\/\/www.youtube.com\/channel\/UC-yDYrHyfFBWWZaOw3FPg9Q\"]},{\"@type\":\"Person\",\"@id\":\"https:\/\/kapitalis.com\/tunisie\/#\/schema\/person\/74bbde0154d49d790a92aaeac5bc01d5\",\"name\":\"Yusra NY\",\"url\":\"https:\/\/kapitalis.com\/tunisie\/author\/yuza_adam\/\"}]}<\/script>\n<!-- \/ Yoast SEO plugin. -->","yoast_head_json":{"title":"Tunisie-Libye : Aymen Mathlouthi pourrait d\u00e9clarer forfait - Kapitalis","robots":{"index":"index","follow":"follow","max-snippet":"max-snippet:-1","max-image-preview":"max-image-preview:large","max-video-preview":"max-video-preview:-1"},"canonical":"https:\/\/kapitalis.com\/tunisie\/2016\/11\/07\/tunisie-libye-aymen-mathlouthi-declarer-forfait\/","og_locale":"fr_FR","og_type":"article","og_title":"Tunisie-Libye : Aymen Mathlouthi pourrait d\u00e9clarer forfait - Kapitalis","og_description":"Aymen Mathlouthi, gardien et capitaine de la s\u00e9lection tunisienne, pourrait \u00eatre priv\u00e9 du match contre la Libye, pr\u00e9vu 11 novembre, \u00e0 Alger.","og_url":"https:\/\/kapitalis.com\/tunisie\/2016\/11\/07\/tunisie-libye-aymen-mathlouthi-declarer-forfait\/","og_site_name":"Kapitalis","article_publisher":"https:\/\/www.facebook.com\/KapitalisInfo\/","article_published_time":"2016-11-07T11:54:17+00:00","article_modified_time":"2016-11-07T12:11:31+00:00","og_image":[{"width":1200,"height":630,"url":"https:\/\/kapitalis.com\/tunisie\/wp-content\/uploads\/2022\/05\/kapitalis-logo-fb.png","type":"image\/png"}],"author":"Yusra NY","twitter_card":"summary_large_image","twitter_creator":"@KapitalisInfo","twitter_site":"@KapitalisInfo","twitter_misc":{"\u00c9crit par":"Yusra NY","Dur\u00e9e de lecture estim\u00e9e":"1 minute"},"schema":{"@context":"https:\/\/schema.org","@graph":[{"@type":"Article","@id":"https:\/\/kapitalis.com\/tunisie\/2016\/11\/07\/tunisie-libye-aymen-mathlouthi-declarer-forfait\/#article","isPartOf":{"@id":"https:\/\/kapitalis.com\/tunisie\/2016\/11\/07\/tunisie-libye-aymen-mathlouthi-declarer-forfait\/"},"author":{"name":"Yusra NY","@id":"https:\/\/kapitalis.com\/tunisie\/#\/schema\/person\/74bbde0154d49d790a92aaeac5bc01d5"},"headline":"Tunisie-Libye : Aymen Mathlouthi pourrait d\u00e9clarer forfait","datePublished":"2016-11-07T11:54:17+00:00","dateModified":"2016-11-07T12:11:31+00:00","mainEntityOfPage":{"@id":"https:\/\/kapitalis.com\/tunisie\/2016\/11\/07\/tunisie-libye-aymen-mathlouthi-declarer-forfait\/"},"wordCount":125,"commentCount":0,"publisher":{"@id":"https:\/\/kapitalis.com\/tunisie\/#organization"},"image":{"@id":"https:\/\/kapitalis.com\/tunisie\/2016\/11\/07\/tunisie-libye-aymen-mathlouthi-declarer-forfait\/#primaryimage"},"thumbnailUrl":"","keywords":["aigles de Carthage","Alger","Aymen Mathlouthi","blessure","capitaine","\u00e9quipe nationale","foot","gardien","Moez Ben Cherifia"],"articleSection":["SPORT","Tunisie"],"inLanguage":"fr-FR","potentialAction":[{"@type":"CommentAction","name":"Comment","target":["https:\/\/kapitalis.com\/tunisie\/2016\/11\/07\/tunisie-libye-aymen-mathlouthi-declarer-forfait\/#respond"]}]},{"@type":"WebPage","@id":"https:\/\/kapitalis.com\/tunisie\/2016\/11\/07\/tunisie-libye-aymen-mathlouthi-declarer-forfait\/","url":"https:\/\/kapitalis.com\/tunisie\/2016\/11\/07\/tunisie-libye-aymen-mathlouthi-declarer-forfait\/","name":"Tunisie-Libye : Aymen Mathlouthi pourrait d\u00e9clarer forfait - Kapitalis","isPartOf":{"@id":"https:\/\/kapitalis.com\/tunisie\/#website"},"primaryImageOfPage":{"@id":"https:\/\/kapitalis.com\/tunisie\/2016\/11\/07\/tunisie-libye-aymen-mathlouthi-declarer-forfait\/#primaryimage"},"image":{"@id":"https:\/\/kapitalis.com\/tunisie\/2016\/11\/07\/tunisie-libye-aymen-mathlouthi-declarer-forfait\/#primaryimage"},"thumbnailUrl":"","datePublished":"2016-11-07T11:54:17+00:00","dateModified":"2016-11-07T12:11:31+00:00","breadcrumb":{"@id":"https:\/\/kapitalis.com\/tunisie\/2016\/11\/07\/tunisie-libye-aymen-mathlouthi-declarer-forfait\/#breadcrumb"},"inLanguage":"fr-FR","potentialAction":[{"@type":"ReadAction","target":["https:\/\/kapitalis.com\/tunisie\/2016\/11\/07\/tunisie-libye-aymen-mathlouthi-declarer-forfait\/"]}]},{"@type":"ImageObject","inLanguage":"fr-FR","@id":"https:\/\/kapitalis.com\/tunisie\/2016\/11\/07\/tunisie-libye-aymen-mathlouthi-declarer-forfait\/#primaryimage","url":"","contentUrl":""},{"@type":"BreadcrumbList","@id":"https:\/\/kapitalis.com\/tunisie\/2016\/11\/07\/tunisie-libye-aymen-mathlouthi-declarer-forfait\/#breadcrumb","itemListElement":[{"@type":"ListItem","position":1,"name":"Accueil","item":"https:\/\/kapitalis.com\/tunisie\/"},{"@type":"ListItem","position":2,"name":"Tunisie-Libye : Aymen Mathlouthi pourrait d\u00e9clarer forfait"}]},{"@type":"WebSite","@id":"https:\/\/kapitalis.com\/tunisie\/#website","url":"https:\/\/kapitalis.com\/tunisie\/","name":"Kapitalis","description":"L&#039;actualit\u00e9 en Tunisie et dans le monde","publisher":{"@id":"https:\/\/kapitalis.com\/tunisie\/#organization"},"potentialAction":[{"@type":"SearchAction","target":{"@type":"EntryPoint","urlTemplate":"https:\/\/kapitalis.com\/tunisie\/?s={search_term_string}"},"query-input":{"@type":"PropertyValueSpecification","valueRequired":true,"valueName":"search_term_string"}}],"inLanguage":"fr-FR"},{"@type":"Organization","@id":"https:\/\/kapitalis.com\/tunisie\/#organization","name":"Kapitalis","url":"https:\/\/kapitalis.com\/tunisie\/","logo":{"@type":"ImageObject","inLanguage":"fr-FR","@id":"https:\/\/kapitalis.com\/tunisie\/#\/schema\/logo\/image\/","url":"https:\/\/kapitalis.com\/tunisie\/wp-content\/uploads\/2022\/05\/Kapitalis-big-size.png","contentUrl":"https:\/\/kapitalis.com\/tunisie\/wp-content\/uploads\/2022\/05\/Kapitalis-big-size.png","width":5000,"height":1500,"caption":"Kapitalis"},"image":{"@id":"https:\/\/kapitalis.com\/tunisie\/#\/schema\/logo\/image\/"},"sameAs":["https:\/\/www.facebook.com\/KapitalisInfo\/","https:\/\/x.com\/KapitalisInfo","https:\/\/www.youtube.com\/channel\/UC-yDYrHyfFBWWZaOw3FPg9Q"]},{"@type":"Person","@id":"https:\/\/kapitalis.com\/tunisie\/#\/schema\/person\/74bbde0154d49d790a92aaeac5bc01d5","name":"Yusra NY","url":"https:\/\/kapitalis.com\/tunisie\/author\/yuza_adam\/"}]}},"_links":{"self":[{"href":"https:\/\/kapitalis.com\/tunisie\/wp-json\/wp\/v2\/posts\/71284","targetHints":{"allow":["GET"]}}],"collection":[{"href":"https:\/\/kapitalis.com\/tunisie\/wp-json\/wp\/v2\/posts"}],"about":[{"href":"https:\/\/kapitalis.com\/tunisie\/wp-json\/wp\/v2\/types\/post"}],"author":[{"embeddable":true,"href":"https:\/\/kapitalis.com\/tunisie\/wp-json\/wp\/v2\/users\/6"}],"replies":[{"embeddable":true,"href":"https:\/\/kapitalis.com\/tunisie\/wp-json\/wp\/v2\/comments?post=71284"}],"version-history":[{"count":0,"href":"https:\/\/kapitalis.com\/tunisie\/wp-json\/wp\/v2\/posts\/71284\/revisions"}],"wp:featuredmedia":[{"embeddable":true,"href":"https:\/\/kapitalis.com\/tunisie\/wp-json\/wp\/v2\/media\/71285"}],"wp:attachment":[{"href":"https:\/\/kapitalis.com\/tunisie\/wp-json\/wp\/v2\/media?parent=71284"}],"wp:term":[{"taxonomy":"category","embeddable":true,"href":"https:\/\/kapitalis.com\/tunisie\/wp-json\/wp\/v2\/categories?post=71284"},{"taxonomy":"post_tag","embeddable":true,"href":"https:\/\/kapitalis.com\/tunisie\/wp-json\/wp\/v2\/tags?post=71284"}],"curies":[{"name":"wp","href":"https:\/\/api.w.org\/{rel}","templated":true}]}}