{"id":7134514,"date":"2023-03-27T14:20:28","date_gmt":"2023-03-27T13:20:28","guid":{"rendered":"https:\/\/kapitalis.com\/tunisie\/?p=7134514"},"modified":"2023-03-27T14:20:30","modified_gmt":"2023-03-27T13:20:30","slug":"programmation-gratuite-a-la-cite-de-la-culture-de-tunis-autour-du-4e-art","status":"publish","type":"post","link":"https:\/\/kapitalis.com\/tunisie\/2023\/03\/27\/programmation-gratuite-a-la-cite-de-la-culture-de-tunis-autour-du-4e-art\/","title":{"rendered":"Programmation gratuite \u00e0 la Cit\u00e9 de la Culture de Tunis autour du 4e art"},"content":{"rendered":"\n<p><em><strong>A l\u2019occasion de la Journ\u00e9e mondiale du Th\u00e9\u00e2tre, la Cit\u00e9 de la Culture \u00e0 Tunis accueille ce soir, lundi 27 mars, une s\u00e9rie de spectacles entre th\u00e9\u00e2tre et musique en acc\u00e8s libre.<\/strong><\/em><\/p>\n\n\n\n<!--more-->\n\n\n\n<p>Une belle programmation riche, vari\u00e9e et accessible gratuitement au grand public est propos\u00e9e ce soir dans les diff\u00e9rents espaces de la Cit\u00e9 de la Culture dans le cadre de la c\u00e9l\u00e9bration de la Journ\u00e9e mondiale du Th\u00e9\u00e2tre (27 mars).<\/p>\n\n\n\n<p>Le programme s\u2019ouvre avec des hommages notamment \u00e0 Rim Hamrouni, d\u00e9c\u00e9d\u00e9 il y au mois de f\u00e9vrier dernier, puis avec deux concerts de musique, d\u2019abord avec Electro Zemni, puis avec le duo Selim et Nour Arjoun.<\/p>\n\n\n\n<p>Plusieurs pi\u00e8ces de th\u00e9\u00e2tre seront pr\u00e9sent\u00e9es tout au long de la soir\u00e9e\u00a0comme \u00ab\u00a0<em>La derni\u00e8re<\/em>\u00a0\u00bb de Wafa Taboubi et \u00ab\u00a0<em>Le cauchemar d\u2019Einstein<\/em>\u00a0\u00bb d\u2019Anouar Chaafi.<\/p>\n\n\n\n<p>Le public aura \u00e9galement rendez-vous avec la projection de deux films adapt\u00e9s depuis des pi\u00e8ces de th\u00e9\u00e2tre de Fadhel Ja\u00efbi.<\/p>\n\n\n\n<p class=\"has-text-align-right\"><strong>F.B<\/strong><\/p>\n","protected":false},"excerpt":{"rendered":"<p>A l\u2019occasion de la Journ\u00e9e mondiale du Th\u00e9\u00e2tre, la Cit\u00e9 de la Culture \u00e0 Tunis accueille ce soir, lundi 27 mars, une s\u00e9rie de spectacles entre th\u00e9\u00e2tre et musique en acc\u00e8s libre.<\/p>\n","protected":false},"author":26,"featured_media":7134846,"comment_status":"open","ping_status":"open","sticky":false,"template":"","format":"standard","meta":{"footnotes":""},"categories":[994,2433],"tags":[107705,106831,76233,107704,76231,62643],"class_list":["post-7134514","post","type-post","status-publish","format-standard","has-post-thumbnail","hentry","category-culture","category-tunisie","tag-cite-de-la-culture-a-tunis","tag-concerts-gratuits","tag-journee-mondiale-du-theatre","tag-pieces-de-theatre-gratuites","tag-theatre-tunisien","tag-tunisie"],"yoast_head":"<!-- This site is optimized with the Yoast SEO plugin v26.6 - https:\/\/yoast.com\/wordpress\/plugins\/seo\/ -->\n<title>Programmation gratuite \u00e0 la Cit\u00e9 de la Culture de Tunis autour du 4e art - Kapitalis<\/title>\n<meta name=\"robots\" content=\"index, follow, max-snippet:-1, max-image-preview:large, max-video-preview:-1\" \/>\n<link rel=\"canonical\" href=\"https:\/\/kapitalis.com\/tunisie\/2023\/03\/27\/programmation-gratuite-a-la-cite-de-la-culture-de-tunis-autour-du-4e-art\/\" \/>\n<meta property=\"og:locale\" content=\"fr_FR\" \/>\n<meta property=\"og:type\" content=\"article\" \/>\n<meta property=\"og:title\" content=\"Programmation gratuite \u00e0 la Cit\u00e9 de la Culture de Tunis autour du 4e art - Kapitalis\" \/>\n<meta property=\"og:description\" content=\"A l\u2019occasion de la Journ\u00e9e mondiale du Th\u00e9\u00e2tre, la Cit\u00e9 de la Culture \u00e0 Tunis accueille ce soir, lundi 27 mars, une s\u00e9rie de spectacles entre th\u00e9\u00e2tre et musique en acc\u00e8s libre.\" \/>\n<meta property=\"og:url\" content=\"https:\/\/kapitalis.com\/tunisie\/2023\/03\/27\/programmation-gratuite-a-la-cite-de-la-culture-de-tunis-autour-du-4e-art\/\" \/>\n<meta property=\"og:site_name\" content=\"Kapitalis\" \/>\n<meta property=\"article:publisher\" content=\"https:\/\/www.facebook.com\/KapitalisInfo\/\" \/>\n<meta property=\"article:published_time\" content=\"2023-03-27T13:20:28+00:00\" \/>\n<meta property=\"article:modified_time\" content=\"2023-03-27T13:20:30+00:00\" \/>\n<meta property=\"og:image\" content=\"https:\/\/kapitalis.com\/tunisie\/wp-content\/uploads\/2023\/03\/La-nuit-du-Theatre.jpg\" \/>\n\t<meta property=\"og:image:width\" content=\"1200\" \/>\n\t<meta property=\"og:image:height\" content=\"630\" \/>\n\t<meta property=\"og:image:type\" content=\"image\/jpeg\" \/>\n<meta name=\"author\" content=\"Fawz BenAli\" \/>\n<meta name=\"twitter:card\" content=\"summary_large_image\" \/>\n<meta name=\"twitter:creator\" content=\"@KapitalisInfo\" \/>\n<meta name=\"twitter:site\" content=\"@KapitalisInfo\" \/>\n<meta name=\"twitter:label1\" content=\"\u00c9crit par\" \/>\n\t<meta name=\"twitter:data1\" content=\"Fawz BenAli\" \/>\n\t<meta name=\"twitter:label2\" content=\"Dur\u00e9e de lecture estim\u00e9e\" \/>\n\t<meta name=\"twitter:data2\" content=\"1 minute\" \/>\n<script type=\"application\/ld+json\" class=\"yoast-schema-graph\">{\"@context\":\"https:\/\/schema.org\",\"@graph\":[{\"@type\":\"Article\",\"@id\":\"https:\/\/kapitalis.com\/tunisie\/2023\/03\/27\/programmation-gratuite-a-la-cite-de-la-culture-de-tunis-autour-du-4e-art\/#article\",\"isPartOf\":{\"@id\":\"https:\/\/kapitalis.com\/tunisie\/2023\/03\/27\/programmation-gratuite-a-la-cite-de-la-culture-de-tunis-autour-du-4e-art\/\"},\"author\":{\"name\":\"Fawz BenAli\",\"@id\":\"https:\/\/kapitalis.com\/tunisie\/#\/schema\/person\/73a5ecc1f6ae540c6ed91342eadca948\"},\"headline\":\"Programmation gratuite \u00e0 la Cit\u00e9 de la Culture de Tunis autour du 4e art\",\"datePublished\":\"2023-03-27T13:20:28+00:00\",\"dateModified\":\"2023-03-27T13:20:30+00:00\",\"mainEntityOfPage\":{\"@id\":\"https:\/\/kapitalis.com\/tunisie\/2023\/03\/27\/programmation-gratuite-a-la-cite-de-la-culture-de-tunis-autour-du-4e-art\/\"},\"wordCount\":192,\"commentCount\":0,\"publisher\":{\"@id\":\"https:\/\/kapitalis.com\/tunisie\/#organization\"},\"image\":{\"@id\":\"https:\/\/kapitalis.com\/tunisie\/2023\/03\/27\/programmation-gratuite-a-la-cite-de-la-culture-de-tunis-autour-du-4e-art\/#primaryimage\"},\"thumbnailUrl\":\"https:\/\/kapitalis.com\/tunisie\/wp-content\/uploads\/2023\/03\/La-nuit-du-Theatre.jpg\",\"keywords\":[\"Cit\u00e9 de la Culture \u00e0 Tunis\",\"concerts gratuits\",\"journ\u00e9e mondiale du th\u00e9\u00e2tre\",\"pi\u00e8ces de th\u00e9\u00e2tre gratuites\",\"th\u00e9\u00e2tre tunisien\",\"Tunisie\"],\"articleSection\":[\"CULTURE\",\"Tunisie\"],\"inLanguage\":\"fr-FR\",\"potentialAction\":[{\"@type\":\"CommentAction\",\"name\":\"Comment\",\"target\":[\"https:\/\/kapitalis.com\/tunisie\/2023\/03\/27\/programmation-gratuite-a-la-cite-de-la-culture-de-tunis-autour-du-4e-art\/#respond\"]}]},{\"@type\":\"WebPage\",\"@id\":\"https:\/\/kapitalis.com\/tunisie\/2023\/03\/27\/programmation-gratuite-a-la-cite-de-la-culture-de-tunis-autour-du-4e-art\/\",\"url\":\"https:\/\/kapitalis.com\/tunisie\/2023\/03\/27\/programmation-gratuite-a-la-cite-de-la-culture-de-tunis-autour-du-4e-art\/\",\"name\":\"Programmation gratuite \u00e0 la Cit\u00e9 de la Culture de Tunis autour du 4e art - Kapitalis\",\"isPartOf\":{\"@id\":\"https:\/\/kapitalis.com\/tunisie\/#website\"},\"primaryImageOfPage\":{\"@id\":\"https:\/\/kapitalis.com\/tunisie\/2023\/03\/27\/programmation-gratuite-a-la-cite-de-la-culture-de-tunis-autour-du-4e-art\/#primaryimage\"},\"image\":{\"@id\":\"https:\/\/kapitalis.com\/tunisie\/2023\/03\/27\/programmation-gratuite-a-la-cite-de-la-culture-de-tunis-autour-du-4e-art\/#primaryimage\"},\"thumbnailUrl\":\"https:\/\/kapitalis.com\/tunisie\/wp-content\/uploads\/2023\/03\/La-nuit-du-Theatre.jpg\",\"datePublished\":\"2023-03-27T13:20:28+00:00\",\"dateModified\":\"2023-03-27T13:20:30+00:00\",\"breadcrumb\":{\"@id\":\"https:\/\/kapitalis.com\/tunisie\/2023\/03\/27\/programmation-gratuite-a-la-cite-de-la-culture-de-tunis-autour-du-4e-art\/#breadcrumb\"},\"inLanguage\":\"fr-FR\",\"potentialAction\":[{\"@type\":\"ReadAction\",\"target\":[\"https:\/\/kapitalis.com\/tunisie\/2023\/03\/27\/programmation-gratuite-a-la-cite-de-la-culture-de-tunis-autour-du-4e-art\/\"]}]},{\"@type\":\"ImageObject\",\"inLanguage\":\"fr-FR\",\"@id\":\"https:\/\/kapitalis.com\/tunisie\/2023\/03\/27\/programmation-gratuite-a-la-cite-de-la-culture-de-tunis-autour-du-4e-art\/#primaryimage\",\"url\":\"https:\/\/kapitalis.com\/tunisie\/wp-content\/uploads\/2023\/03\/La-nuit-du-Theatre.jpg\",\"contentUrl\":\"https:\/\/kapitalis.com\/tunisie\/wp-content\/uploads\/2023\/03\/La-nuit-du-Theatre.jpg\",\"width\":1200,\"height\":630},{\"@type\":\"BreadcrumbList\",\"@id\":\"https:\/\/kapitalis.com\/tunisie\/2023\/03\/27\/programmation-gratuite-a-la-cite-de-la-culture-de-tunis-autour-du-4e-art\/#breadcrumb\",\"itemListElement\":[{\"@type\":\"ListItem\",\"position\":1,\"name\":\"Accueil\",\"item\":\"https:\/\/kapitalis.com\/tunisie\/\"},{\"@type\":\"ListItem\",\"position\":2,\"name\":\"Programmation gratuite \u00e0 la Cit\u00e9 de la Culture de Tunis autour du 4e art\"}]},{\"@type\":\"WebSite\",\"@id\":\"https:\/\/kapitalis.com\/tunisie\/#website\",\"url\":\"https:\/\/kapitalis.com\/tunisie\/\",\"name\":\"Kapitalis\",\"description\":\"L&#039;actualit\u00e9 en Tunisie et dans le monde\",\"publisher\":{\"@id\":\"https:\/\/kapitalis.com\/tunisie\/#organization\"},\"potentialAction\":[{\"@type\":\"SearchAction\",\"target\":{\"@type\":\"EntryPoint\",\"urlTemplate\":\"https:\/\/kapitalis.com\/tunisie\/?s={search_term_string}\"},\"query-input\":{\"@type\":\"PropertyValueSpecification\",\"valueRequired\":true,\"valueName\":\"search_term_string\"}}],\"inLanguage\":\"fr-FR\"},{\"@type\":\"Organization\",\"@id\":\"https:\/\/kapitalis.com\/tunisie\/#organization\",\"name\":\"Kapitalis\",\"url\":\"https:\/\/kapitalis.com\/tunisie\/\",\"logo\":{\"@type\":\"ImageObject\",\"inLanguage\":\"fr-FR\",\"@id\":\"https:\/\/kapitalis.com\/tunisie\/#\/schema\/logo\/image\/\",\"url\":\"https:\/\/kapitalis.com\/tunisie\/wp-content\/uploads\/2022\/05\/Kapitalis-big-size.png\",\"contentUrl\":\"https:\/\/kapitalis.com\/tunisie\/wp-content\/uploads\/2022\/05\/Kapitalis-big-size.png\",\"width\":5000,\"height\":1500,\"caption\":\"Kapitalis\"},\"image\":{\"@id\":\"https:\/\/kapitalis.com\/tunisie\/#\/schema\/logo\/image\/\"},\"sameAs\":[\"https:\/\/www.facebook.com\/KapitalisInfo\/\",\"https:\/\/x.com\/KapitalisInfo\",\"https:\/\/www.youtube.com\/channel\/UC-yDYrHyfFBWWZaOw3FPg9Q\"]},{\"@type\":\"Person\",\"@id\":\"https:\/\/kapitalis.com\/tunisie\/#\/schema\/person\/73a5ecc1f6ae540c6ed91342eadca948\",\"name\":\"Fawz BenAli\",\"url\":\"https:\/\/kapitalis.com\/tunisie\/author\/fawz\/\"}]}<\/script>\n<!-- \/ Yoast SEO plugin. -->","yoast_head_json":{"title":"Programmation gratuite \u00e0 la Cit\u00e9 de la Culture de Tunis autour du 4e art - Kapitalis","robots":{"index":"index","follow":"follow","max-snippet":"max-snippet:-1","max-image-preview":"max-image-preview:large","max-video-preview":"max-video-preview:-1"},"canonical":"https:\/\/kapitalis.com\/tunisie\/2023\/03\/27\/programmation-gratuite-a-la-cite-de-la-culture-de-tunis-autour-du-4e-art\/","og_locale":"fr_FR","og_type":"article","og_title":"Programmation gratuite \u00e0 la Cit\u00e9 de la Culture de Tunis autour du 4e art - Kapitalis","og_description":"A l\u2019occasion de la Journ\u00e9e mondiale du Th\u00e9\u00e2tre, la Cit\u00e9 de la Culture \u00e0 Tunis accueille ce soir, lundi 27 mars, une s\u00e9rie de spectacles entre th\u00e9\u00e2tre et musique en acc\u00e8s libre.","og_url":"https:\/\/kapitalis.com\/tunisie\/2023\/03\/27\/programmation-gratuite-a-la-cite-de-la-culture-de-tunis-autour-du-4e-art\/","og_site_name":"Kapitalis","article_publisher":"https:\/\/www.facebook.com\/KapitalisInfo\/","article_published_time":"2023-03-27T13:20:28+00:00","article_modified_time":"2023-03-27T13:20:30+00:00","og_image":[{"width":1200,"height":630,"url":"https:\/\/kapitalis.com\/tunisie\/wp-content\/uploads\/2023\/03\/La-nuit-du-Theatre.jpg","type":"image\/jpeg"}],"author":"Fawz BenAli","twitter_card":"summary_large_image","twitter_creator":"@KapitalisInfo","twitter_site":"@KapitalisInfo","twitter_misc":{"\u00c9crit par":"Fawz BenAli","Dur\u00e9e de lecture estim\u00e9e":"1 minute"},"schema":{"@context":"https:\/\/schema.org","@graph":[{"@type":"Article","@id":"https:\/\/kapitalis.com\/tunisie\/2023\/03\/27\/programmation-gratuite-a-la-cite-de-la-culture-de-tunis-autour-du-4e-art\/#article","isPartOf":{"@id":"https:\/\/kapitalis.com\/tunisie\/2023\/03\/27\/programmation-gratuite-a-la-cite-de-la-culture-de-tunis-autour-du-4e-art\/"},"author":{"name":"Fawz BenAli","@id":"https:\/\/kapitalis.com\/tunisie\/#\/schema\/person\/73a5ecc1f6ae540c6ed91342eadca948"},"headline":"Programmation gratuite \u00e0 la Cit\u00e9 de la Culture de Tunis autour du 4e art","datePublished":"2023-03-27T13:20:28+00:00","dateModified":"2023-03-27T13:20:30+00:00","mainEntityOfPage":{"@id":"https:\/\/kapitalis.com\/tunisie\/2023\/03\/27\/programmation-gratuite-a-la-cite-de-la-culture-de-tunis-autour-du-4e-art\/"},"wordCount":192,"commentCount":0,"publisher":{"@id":"https:\/\/kapitalis.com\/tunisie\/#organization"},"image":{"@id":"https:\/\/kapitalis.com\/tunisie\/2023\/03\/27\/programmation-gratuite-a-la-cite-de-la-culture-de-tunis-autour-du-4e-art\/#primaryimage"},"thumbnailUrl":"https:\/\/kapitalis.com\/tunisie\/wp-content\/uploads\/2023\/03\/La-nuit-du-Theatre.jpg","keywords":["Cit\u00e9 de la Culture \u00e0 Tunis","concerts gratuits","journ\u00e9e mondiale du th\u00e9\u00e2tre","pi\u00e8ces de th\u00e9\u00e2tre gratuites","th\u00e9\u00e2tre tunisien","Tunisie"],"articleSection":["CULTURE","Tunisie"],"inLanguage":"fr-FR","potentialAction":[{"@type":"CommentAction","name":"Comment","target":["https:\/\/kapitalis.com\/tunisie\/2023\/03\/27\/programmation-gratuite-a-la-cite-de-la-culture-de-tunis-autour-du-4e-art\/#respond"]}]},{"@type":"WebPage","@id":"https:\/\/kapitalis.com\/tunisie\/2023\/03\/27\/programmation-gratuite-a-la-cite-de-la-culture-de-tunis-autour-du-4e-art\/","url":"https:\/\/kapitalis.com\/tunisie\/2023\/03\/27\/programmation-gratuite-a-la-cite-de-la-culture-de-tunis-autour-du-4e-art\/","name":"Programmation gratuite \u00e0 la Cit\u00e9 de la Culture de Tunis autour du 4e art - Kapitalis","isPartOf":{"@id":"https:\/\/kapitalis.com\/tunisie\/#website"},"primaryImageOfPage":{"@id":"https:\/\/kapitalis.com\/tunisie\/2023\/03\/27\/programmation-gratuite-a-la-cite-de-la-culture-de-tunis-autour-du-4e-art\/#primaryimage"},"image":{"@id":"https:\/\/kapitalis.com\/tunisie\/2023\/03\/27\/programmation-gratuite-a-la-cite-de-la-culture-de-tunis-autour-du-4e-art\/#primaryimage"},"thumbnailUrl":"https:\/\/kapitalis.com\/tunisie\/wp-content\/uploads\/2023\/03\/La-nuit-du-Theatre.jpg","datePublished":"2023-03-27T13:20:28+00:00","dateModified":"2023-03-27T13:20:30+00:00","breadcrumb":{"@id":"https:\/\/kapitalis.com\/tunisie\/2023\/03\/27\/programmation-gratuite-a-la-cite-de-la-culture-de-tunis-autour-du-4e-art\/#breadcrumb"},"inLanguage":"fr-FR","potentialAction":[{"@type":"ReadAction","target":["https:\/\/kapitalis.com\/tunisie\/2023\/03\/27\/programmation-gratuite-a-la-cite-de-la-culture-de-tunis-autour-du-4e-art\/"]}]},{"@type":"ImageObject","inLanguage":"fr-FR","@id":"https:\/\/kapitalis.com\/tunisie\/2023\/03\/27\/programmation-gratuite-a-la-cite-de-la-culture-de-tunis-autour-du-4e-art\/#primaryimage","url":"https:\/\/kapitalis.com\/tunisie\/wp-content\/uploads\/2023\/03\/La-nuit-du-Theatre.jpg","contentUrl":"https:\/\/kapitalis.com\/tunisie\/wp-content\/uploads\/2023\/03\/La-nuit-du-Theatre.jpg","width":1200,"height":630},{"@type":"BreadcrumbList","@id":"https:\/\/kapitalis.com\/tunisie\/2023\/03\/27\/programmation-gratuite-a-la-cite-de-la-culture-de-tunis-autour-du-4e-art\/#breadcrumb","itemListElement":[{"@type":"ListItem","position":1,"name":"Accueil","item":"https:\/\/kapitalis.com\/tunisie\/"},{"@type":"ListItem","position":2,"name":"Programmation gratuite \u00e0 la Cit\u00e9 de la Culture de Tunis autour du 4e art"}]},{"@type":"WebSite","@id":"https:\/\/kapitalis.com\/tunisie\/#website","url":"https:\/\/kapitalis.com\/tunisie\/","name":"Kapitalis","description":"L&#039;actualit\u00e9 en Tunisie et dans le monde","publisher":{"@id":"https:\/\/kapitalis.com\/tunisie\/#organization"},"potentialAction":[{"@type":"SearchAction","target":{"@type":"EntryPoint","urlTemplate":"https:\/\/kapitalis.com\/tunisie\/?s={search_term_string}"},"query-input":{"@type":"PropertyValueSpecification","valueRequired":true,"valueName":"search_term_string"}}],"inLanguage":"fr-FR"},{"@type":"Organization","@id":"https:\/\/kapitalis.com\/tunisie\/#organization","name":"Kapitalis","url":"https:\/\/kapitalis.com\/tunisie\/","logo":{"@type":"ImageObject","inLanguage":"fr-FR","@id":"https:\/\/kapitalis.com\/tunisie\/#\/schema\/logo\/image\/","url":"https:\/\/kapitalis.com\/tunisie\/wp-content\/uploads\/2022\/05\/Kapitalis-big-size.png","contentUrl":"https:\/\/kapitalis.com\/tunisie\/wp-content\/uploads\/2022\/05\/Kapitalis-big-size.png","width":5000,"height":1500,"caption":"Kapitalis"},"image":{"@id":"https:\/\/kapitalis.com\/tunisie\/#\/schema\/logo\/image\/"},"sameAs":["https:\/\/www.facebook.com\/KapitalisInfo\/","https:\/\/x.com\/KapitalisInfo","https:\/\/www.youtube.com\/channel\/UC-yDYrHyfFBWWZaOw3FPg9Q"]},{"@type":"Person","@id":"https:\/\/kapitalis.com\/tunisie\/#\/schema\/person\/73a5ecc1f6ae540c6ed91342eadca948","name":"Fawz BenAli","url":"https:\/\/kapitalis.com\/tunisie\/author\/fawz\/"}]}},"_links":{"self":[{"href":"https:\/\/kapitalis.com\/tunisie\/wp-json\/wp\/v2\/posts\/7134514","targetHints":{"allow":["GET"]}}],"collection":[{"href":"https:\/\/kapitalis.com\/tunisie\/wp-json\/wp\/v2\/posts"}],"about":[{"href":"https:\/\/kapitalis.com\/tunisie\/wp-json\/wp\/v2\/types\/post"}],"author":[{"embeddable":true,"href":"https:\/\/kapitalis.com\/tunisie\/wp-json\/wp\/v2\/users\/26"}],"replies":[{"embeddable":true,"href":"https:\/\/kapitalis.com\/tunisie\/wp-json\/wp\/v2\/comments?post=7134514"}],"version-history":[{"count":1,"href":"https:\/\/kapitalis.com\/tunisie\/wp-json\/wp\/v2\/posts\/7134514\/revisions"}],"predecessor-version":[{"id":7134849,"href":"https:\/\/kapitalis.com\/tunisie\/wp-json\/wp\/v2\/posts\/7134514\/revisions\/7134849"}],"wp:featuredmedia":[{"embeddable":true,"href":"https:\/\/kapitalis.com\/tunisie\/wp-json\/wp\/v2\/media\/7134846"}],"wp:attachment":[{"href":"https:\/\/kapitalis.com\/tunisie\/wp-json\/wp\/v2\/media?parent=7134514"}],"wp:term":[{"taxonomy":"category","embeddable":true,"href":"https:\/\/kapitalis.com\/tunisie\/wp-json\/wp\/v2\/categories?post=7134514"},{"taxonomy":"post_tag","embeddable":true,"href":"https:\/\/kapitalis.com\/tunisie\/wp-json\/wp\/v2\/tags?post=7134514"}],"curies":[{"name":"wp","href":"https:\/\/api.w.org\/{rel}","templated":true}]}}