{"id":7137866,"date":"2023-03-27T21:22:19","date_gmt":"2023-03-27T20:22:19","guid":{"rendered":"https:\/\/kapitalis.com\/tunisie\/?p=7137866"},"modified":"2023-03-27T21:30:00","modified_gmt":"2023-03-27T20:30:00","slug":"qualifs-can-lequipe-de-tunisie-a-benghazi-pour-le-match-retour-contre-la-libye-photos","status":"publish","type":"post","link":"https:\/\/kapitalis.com\/tunisie\/2023\/03\/27\/qualifs-can-lequipe-de-tunisie-a-benghazi-pour-le-match-retour-contre-la-libye-photos\/","title":{"rendered":"Qualifs CAN : L&rsquo;\u00e9quipe de Tunisie \u00e0 Benghazi pour le match retour contre la Libye (Photos)"},"content":{"rendered":"\n<p><em><strong>La s\u00e9lection tunisienne est arriv\u00e9e, dans l&rsquo;apr\u00e8s-midi de ce lundi 27 mars 2023, \u00e0 Benghazi en vue de la rencontre, demain, contre la Libye comptant pour la 4e journ\u00e9e des \u00e9liminatoires de la Coupe d&rsquo;Afrique des Nations (CAN).<\/strong><\/em><\/p>\n\n\n\n<!--more-->\n\n\n\n<p>La Tunisie qui a remport\u00e9, vendredi dernier, son match hier contre la Libye sur le score de 3 \u00e0 0, jouera le retour demain \u00e0 Benghazi \u00e0 21h.<\/p>\n\n\n\n<figure class=\"wp-block-gallery aligncenter has-nested-images columns-2 is-cropped wp-block-gallery-1 is-layout-flex wp-block-gallery-is-layout-flex\">\n<figure class=\"wp-block-image size-large\"><img loading=\"lazy\" decoding=\"async\" width=\"1024\" height=\"683\" data-id=\"7137885\" src=\"https:\/\/kapitalis.com\/tunisie\/wp-content\/uploads\/2023\/03\/t9-1-1024x683.jpg\" alt=\"\" class=\"wp-image-7137885\" srcset=\"https:\/\/kapitalis.com\/tunisie\/wp-content\/uploads\/2023\/03\/t9-1-1024x683.jpg 1024w, https:\/\/kapitalis.com\/tunisie\/wp-content\/uploads\/2023\/03\/t9-1-300x200.jpg 300w, https:\/\/kapitalis.com\/tunisie\/wp-content\/uploads\/2023\/03\/t9-1-768x512.jpg 768w, https:\/\/kapitalis.com\/tunisie\/wp-content\/uploads\/2023\/03\/t9-1-1536x1024.jpg 1536w, https:\/\/kapitalis.com\/tunisie\/wp-content\/uploads\/2023\/03\/t9-1-580x387.jpg 580w, https:\/\/kapitalis.com\/tunisie\/wp-content\/uploads\/2023\/03\/t9-1-860x573.jpg 860w, https:\/\/kapitalis.com\/tunisie\/wp-content\/uploads\/2023\/03\/t9-1-1160x773.jpg 1160w, https:\/\/kapitalis.com\/tunisie\/wp-content\/uploads\/2023\/03\/t9-1.jpg 2048w\" sizes=\"auto, (max-width: 1024px) 100vw, 1024px\" \/><\/figure>\n\n\n\n<figure class=\"wp-block-image size-large\"><img loading=\"lazy\" decoding=\"async\" width=\"1024\" height=\"946\" data-id=\"7137889\" src=\"https:\/\/kapitalis.com\/tunisie\/wp-content\/uploads\/2023\/03\/t8-1-1024x946.jpg\" alt=\"\" class=\"wp-image-7137889\" srcset=\"https:\/\/kapitalis.com\/tunisie\/wp-content\/uploads\/2023\/03\/t8-1-1024x946.jpg 1024w, https:\/\/kapitalis.com\/tunisie\/wp-content\/uploads\/2023\/03\/t8-1-300x277.jpg 300w, https:\/\/kapitalis.com\/tunisie\/wp-content\/uploads\/2023\/03\/t8-1-768x709.jpg 768w, https:\/\/kapitalis.com\/tunisie\/wp-content\/uploads\/2023\/03\/t8-1-1536x1418.jpg 1536w, https:\/\/kapitalis.com\/tunisie\/wp-content\/uploads\/2023\/03\/t8-1-580x536.jpg 580w, https:\/\/kapitalis.com\/tunisie\/wp-content\/uploads\/2023\/03\/t8-1-860x794.jpg 860w, https:\/\/kapitalis.com\/tunisie\/wp-content\/uploads\/2023\/03\/t8-1-1160x1071.jpg 1160w, https:\/\/kapitalis.com\/tunisie\/wp-content\/uploads\/2023\/03\/t8-1.jpg 2048w\" sizes=\"auto, (max-width: 1024px) 100vw, 1024px\" \/><\/figure>\n\n\n\n<figure class=\"wp-block-image size-large\"><img loading=\"lazy\" decoding=\"async\" width=\"1024\" height=\"683\" data-id=\"7137883\" src=\"https:\/\/kapitalis.com\/tunisie\/wp-content\/uploads\/2023\/03\/t7-1-1024x683.jpg\" alt=\"\" class=\"wp-image-7137883\" srcset=\"https:\/\/kapitalis.com\/tunisie\/wp-content\/uploads\/2023\/03\/t7-1-1024x683.jpg 1024w, https:\/\/kapitalis.com\/tunisie\/wp-content\/uploads\/2023\/03\/t7-1-300x200.jpg 300w, https:\/\/kapitalis.com\/tunisie\/wp-content\/uploads\/2023\/03\/t7-1-768x512.jpg 768w, https:\/\/kapitalis.com\/tunisie\/wp-content\/uploads\/2023\/03\/t7-1-1536x1024.jpg 1536w, https:\/\/kapitalis.com\/tunisie\/wp-content\/uploads\/2023\/03\/t7-1-580x387.jpg 580w, https:\/\/kapitalis.com\/tunisie\/wp-content\/uploads\/2023\/03\/t7-1-860x573.jpg 860w, https:\/\/kapitalis.com\/tunisie\/wp-content\/uploads\/2023\/03\/t7-1-1160x773.jpg 1160w, https:\/\/kapitalis.com\/tunisie\/wp-content\/uploads\/2023\/03\/t7-1.jpg 2048w\" sizes=\"auto, (max-width: 1024px) 100vw, 1024px\" \/><\/figure>\n\n\n\n<figure class=\"wp-block-image size-large\"><img loading=\"lazy\" decoding=\"async\" width=\"1024\" height=\"683\" data-id=\"7137891\" src=\"https:\/\/kapitalis.com\/tunisie\/wp-content\/uploads\/2023\/03\/t6-2-1024x683.jpg\" alt=\"\" class=\"wp-image-7137891\" srcset=\"https:\/\/kapitalis.com\/tunisie\/wp-content\/uploads\/2023\/03\/t6-2-1024x683.jpg 1024w, https:\/\/kapitalis.com\/tunisie\/wp-content\/uploads\/2023\/03\/t6-2-300x200.jpg 300w, https:\/\/kapitalis.com\/tunisie\/wp-content\/uploads\/2023\/03\/t6-2-768x512.jpg 768w, https:\/\/kapitalis.com\/tunisie\/wp-content\/uploads\/2023\/03\/t6-2-1536x1024.jpg 1536w, https:\/\/kapitalis.com\/tunisie\/wp-content\/uploads\/2023\/03\/t6-2-580x387.jpg 580w, https:\/\/kapitalis.com\/tunisie\/wp-content\/uploads\/2023\/03\/t6-2-860x573.jpg 860w, https:\/\/kapitalis.com\/tunisie\/wp-content\/uploads\/2023\/03\/t6-2-1160x773.jpg 1160w, https:\/\/kapitalis.com\/tunisie\/wp-content\/uploads\/2023\/03\/t6-2.jpg 2048w\" sizes=\"auto, (max-width: 1024px) 100vw, 1024px\" \/><\/figure>\n\n\n\n<figure class=\"wp-block-image size-large\"><img loading=\"lazy\" decoding=\"async\" width=\"1024\" height=\"758\" data-id=\"7137884\" src=\"https:\/\/kapitalis.com\/tunisie\/wp-content\/uploads\/2023\/03\/t5-2-1024x758.jpg\" alt=\"\" class=\"wp-image-7137884\" srcset=\"https:\/\/kapitalis.com\/tunisie\/wp-content\/uploads\/2023\/03\/t5-2-1024x758.jpg 1024w, https:\/\/kapitalis.com\/tunisie\/wp-content\/uploads\/2023\/03\/t5-2-300x222.jpg 300w, https:\/\/kapitalis.com\/tunisie\/wp-content\/uploads\/2023\/03\/t5-2-768x568.jpg 768w, https:\/\/kapitalis.com\/tunisie\/wp-content\/uploads\/2023\/03\/t5-2-1536x1136.jpg 1536w, https:\/\/kapitalis.com\/tunisie\/wp-content\/uploads\/2023\/03\/t5-2-580x429.jpg 580w, https:\/\/kapitalis.com\/tunisie\/wp-content\/uploads\/2023\/03\/t5-2-860x636.jpg 860w, https:\/\/kapitalis.com\/tunisie\/wp-content\/uploads\/2023\/03\/t5-2-1160x858.jpg 1160w, https:\/\/kapitalis.com\/tunisie\/wp-content\/uploads\/2023\/03\/t5-2.jpg 2048w\" sizes=\"auto, (max-width: 1024px) 100vw, 1024px\" \/><\/figure>\n\n\n\n<figure class=\"wp-block-image size-large\"><img loading=\"lazy\" decoding=\"async\" width=\"1024\" height=\"683\" data-id=\"7137888\" src=\"https:\/\/kapitalis.com\/tunisie\/wp-content\/uploads\/2023\/03\/t4-2-1024x683.jpg\" alt=\"\" class=\"wp-image-7137888\" srcset=\"https:\/\/kapitalis.com\/tunisie\/wp-content\/uploads\/2023\/03\/t4-2-1024x683.jpg 1024w, https:\/\/kapitalis.com\/tunisie\/wp-content\/uploads\/2023\/03\/t4-2-300x200.jpg 300w, https:\/\/kapitalis.com\/tunisie\/wp-content\/uploads\/2023\/03\/t4-2-768x512.jpg 768w, https:\/\/kapitalis.com\/tunisie\/wp-content\/uploads\/2023\/03\/t4-2-1536x1024.jpg 1536w, https:\/\/kapitalis.com\/tunisie\/wp-content\/uploads\/2023\/03\/t4-2-580x387.jpg 580w, https:\/\/kapitalis.com\/tunisie\/wp-content\/uploads\/2023\/03\/t4-2-860x573.jpg 860w, https:\/\/kapitalis.com\/tunisie\/wp-content\/uploads\/2023\/03\/t4-2-1160x773.jpg 1160w, https:\/\/kapitalis.com\/tunisie\/wp-content\/uploads\/2023\/03\/t4-2.jpg 2048w\" sizes=\"auto, (max-width: 1024px) 100vw, 1024px\" \/><\/figure>\n\n\n\n<figure class=\"wp-block-image size-large\"><img loading=\"lazy\" decoding=\"async\" width=\"1024\" height=\"801\" data-id=\"7137887\" src=\"https:\/\/kapitalis.com\/tunisie\/wp-content\/uploads\/2023\/03\/t32-1024x801.jpg\" alt=\"\" class=\"wp-image-7137887\" srcset=\"https:\/\/kapitalis.com\/tunisie\/wp-content\/uploads\/2023\/03\/t32-1024x801.jpg 1024w, https:\/\/kapitalis.com\/tunisie\/wp-content\/uploads\/2023\/03\/t32-300x235.jpg 300w, https:\/\/kapitalis.com\/tunisie\/wp-content\/uploads\/2023\/03\/t32-768x600.jpg 768w, https:\/\/kapitalis.com\/tunisie\/wp-content\/uploads\/2023\/03\/t32-1536x1201.jpg 1536w, https:\/\/kapitalis.com\/tunisie\/wp-content\/uploads\/2023\/03\/t32-580x453.jpg 580w, https:\/\/kapitalis.com\/tunisie\/wp-content\/uploads\/2023\/03\/t32-860x672.jpg 860w, https:\/\/kapitalis.com\/tunisie\/wp-content\/uploads\/2023\/03\/t32-1160x907.jpg 1160w, https:\/\/kapitalis.com\/tunisie\/wp-content\/uploads\/2023\/03\/t32.jpg 2048w\" sizes=\"auto, (max-width: 1024px) 100vw, 1024px\" \/><\/figure>\n\n\n\n<figure class=\"wp-block-image size-large\"><img loading=\"lazy\" decoding=\"async\" width=\"1024\" height=\"762\" data-id=\"7137882\" src=\"https:\/\/kapitalis.com\/tunisie\/wp-content\/uploads\/2023\/03\/t2-2-1024x762.jpg\" alt=\"\" class=\"wp-image-7137882\" srcset=\"https:\/\/kapitalis.com\/tunisie\/wp-content\/uploads\/2023\/03\/t2-2-1024x762.jpg 1024w, https:\/\/kapitalis.com\/tunisie\/wp-content\/uploads\/2023\/03\/t2-2-300x223.jpg 300w, https:\/\/kapitalis.com\/tunisie\/wp-content\/uploads\/2023\/03\/t2-2-768x571.jpg 768w, https:\/\/kapitalis.com\/tunisie\/wp-content\/uploads\/2023\/03\/t2-2-1536x1142.jpg 1536w, https:\/\/kapitalis.com\/tunisie\/wp-content\/uploads\/2023\/03\/t2-2-580x431.jpg 580w, https:\/\/kapitalis.com\/tunisie\/wp-content\/uploads\/2023\/03\/t2-2-860x640.jpg 860w, https:\/\/kapitalis.com\/tunisie\/wp-content\/uploads\/2023\/03\/t2-2-1160x863.jpg 1160w, https:\/\/kapitalis.com\/tunisie\/wp-content\/uploads\/2023\/03\/t2-2.jpg 2048w\" sizes=\"auto, (max-width: 1024px) 100vw, 1024px\" \/><\/figure>\n<\/figure>\n\n\n\n<p>Les Aigles de Carthage pourront s&rsquo;entra\u00eener, ce soir, une derni\u00e8re fois avant le match comptant pour la 4e journ\u00e9e des \u00e9liminatoires de la CAN, sachant que la Tunisie est \u00e0 la t\u00eate du classement du groupe J.<\/p>\n\n\n\n<p>La F\u00e9d\u00e9ration tunisienne de football (FT) a \u00e9galement annonc\u00e9 qu&rsquo;un trio arbitral \u00e9gyptien, dirig\u00e9 par Amine Omar, a \u00e9t\u00e9 d\u00e9sign\u00e9 pour siffler le match Tunisie-Libye.<\/p>\n\n\n\n<p class=\"has-text-align-right\"><strong>Y. N.<\/strong><\/p>\n","protected":false},"excerpt":{"rendered":"<p>Qualifs CAN : L&rsquo;\u00e9quipe de Tunisie \u00e0 Benghazi pour le match retour contre la Libye (Photos)<\/p>\n","protected":false},"author":6,"featured_media":7137899,"comment_status":"open","ping_status":"open","sticky":false,"template":"","format":"standard","meta":{"footnotes":""},"categories":[999,2433],"tags":[2865,95787,337,10867,5208,544,62643],"class_list":["post-7137866","post","type-post","status-publish","format-standard","has-post-thumbnail","hentry","category-sport","category-tunisie","tag-benghazi","tag-can","tag-equipe-nationale","tag-foot","tag-ftf","tag-libye","tag-tunisie"],"yoast_head":"<!-- This site is optimized with the Yoast SEO plugin v26.6 - https:\/\/yoast.com\/wordpress\/plugins\/seo\/ -->\n<title>Qualifs CAN : L&#039;\u00e9quipe de Tunisie \u00e0 Benghazi pour le match retour contre la Libye (Photos) - Kapitalis<\/title>\n<meta name=\"description\" content=\"La s\u00e9lection tunisienne est arriv\u00e9e, dans l&#039;apr\u00e8s-midi de ce lundi 27 mars 2023, \u00e0 Benghazi en vue de la rencontre, demain, contre la Libye comptant pour la 4e journ\u00e9e des \u00e9liminatoires de la Coupe d&#039;Afrique des Nations (CAN).\" \/>\n<meta name=\"robots\" content=\"index, follow, max-snippet:-1, max-image-preview:large, max-video-preview:-1\" \/>\n<link rel=\"canonical\" href=\"https:\/\/kapitalis.com\/tunisie\/2023\/03\/27\/qualifs-can-lequipe-de-tunisie-a-benghazi-pour-le-match-retour-contre-la-libye-photos\/\" \/>\n<meta property=\"og:locale\" content=\"fr_FR\" \/>\n<meta property=\"og:type\" content=\"article\" \/>\n<meta property=\"og:title\" content=\"Qualifs CAN : L&#039;\u00e9quipe de Tunisie \u00e0 Benghazi pour le match retour contre la Libye (Photos) - Kapitalis\" \/>\n<meta property=\"og:description\" content=\"La s\u00e9lection tunisienne est arriv\u00e9e, dans l&#039;apr\u00e8s-midi de ce lundi 27 mars 2023, \u00e0 Benghazi en vue de la rencontre, demain, contre la Libye comptant pour la 4e journ\u00e9e des \u00e9liminatoires de la Coupe d&#039;Afrique des Nations (CAN).\" \/>\n<meta property=\"og:url\" content=\"https:\/\/kapitalis.com\/tunisie\/2023\/03\/27\/qualifs-can-lequipe-de-tunisie-a-benghazi-pour-le-match-retour-contre-la-libye-photos\/\" \/>\n<meta property=\"og:site_name\" content=\"Kapitalis\" \/>\n<meta property=\"article:publisher\" content=\"https:\/\/www.facebook.com\/KapitalisInfo\/\" \/>\n<meta property=\"article:published_time\" content=\"2023-03-27T20:22:19+00:00\" \/>\n<meta property=\"article:modified_time\" content=\"2023-03-27T20:30:00+00:00\" \/>\n<meta property=\"og:image\" content=\"https:\/\/kapitalis.com\/tunisie\/wp-content\/uploads\/2023\/03\/EN-foot-Tunisie.jpg\" \/>\n\t<meta property=\"og:image:width\" content=\"1200\" \/>\n\t<meta property=\"og:image:height\" content=\"630\" \/>\n\t<meta property=\"og:image:type\" content=\"image\/jpeg\" \/>\n<meta name=\"author\" content=\"Yusra NY\" \/>\n<meta name=\"twitter:card\" content=\"summary_large_image\" \/>\n<meta name=\"twitter:creator\" content=\"@KapitalisInfo\" \/>\n<meta name=\"twitter:site\" content=\"@KapitalisInfo\" \/>\n<meta name=\"twitter:label1\" content=\"\u00c9crit par\" \/>\n\t<meta name=\"twitter:data1\" content=\"Yusra NY\" \/>\n\t<meta name=\"twitter:label2\" content=\"Dur\u00e9e de lecture estim\u00e9e\" \/>\n\t<meta name=\"twitter:data2\" content=\"3 minutes\" \/>\n<script type=\"application\/ld+json\" class=\"yoast-schema-graph\">{\"@context\":\"https:\/\/schema.org\",\"@graph\":[{\"@type\":\"Article\",\"@id\":\"https:\/\/kapitalis.com\/tunisie\/2023\/03\/27\/qualifs-can-lequipe-de-tunisie-a-benghazi-pour-le-match-retour-contre-la-libye-photos\/#article\",\"isPartOf\":{\"@id\":\"https:\/\/kapitalis.com\/tunisie\/2023\/03\/27\/qualifs-can-lequipe-de-tunisie-a-benghazi-pour-le-match-retour-contre-la-libye-photos\/\"},\"author\":{\"name\":\"Yusra NY\",\"@id\":\"https:\/\/kapitalis.com\/tunisie\/#\/schema\/person\/74bbde0154d49d790a92aaeac5bc01d5\"},\"headline\":\"Qualifs CAN : L&rsquo;\u00e9quipe de Tunisie \u00e0 Benghazi pour le match retour contre la Libye (Photos)\",\"datePublished\":\"2023-03-27T20:22:19+00:00\",\"dateModified\":\"2023-03-27T20:30:00+00:00\",\"mainEntityOfPage\":{\"@id\":\"https:\/\/kapitalis.com\/tunisie\/2023\/03\/27\/qualifs-can-lequipe-de-tunisie-a-benghazi-pour-le-match-retour-contre-la-libye-photos\/\"},\"wordCount\":147,\"commentCount\":0,\"publisher\":{\"@id\":\"https:\/\/kapitalis.com\/tunisie\/#organization\"},\"image\":{\"@id\":\"https:\/\/kapitalis.com\/tunisie\/2023\/03\/27\/qualifs-can-lequipe-de-tunisie-a-benghazi-pour-le-match-retour-contre-la-libye-photos\/#primaryimage\"},\"thumbnailUrl\":\"https:\/\/kapitalis.com\/tunisie\/wp-content\/uploads\/2023\/03\/EN-foot-Tunisie.jpg\",\"keywords\":[\"Benghazi\",\"CAN\",\"\u00e9quipe nationale\",\"foot\",\"FTF\",\"Libye\",\"Tunisie\"],\"articleSection\":[\"SPORT\",\"Tunisie\"],\"inLanguage\":\"fr-FR\",\"potentialAction\":[{\"@type\":\"CommentAction\",\"name\":\"Comment\",\"target\":[\"https:\/\/kapitalis.com\/tunisie\/2023\/03\/27\/qualifs-can-lequipe-de-tunisie-a-benghazi-pour-le-match-retour-contre-la-libye-photos\/#respond\"]}]},{\"@type\":\"WebPage\",\"@id\":\"https:\/\/kapitalis.com\/tunisie\/2023\/03\/27\/qualifs-can-lequipe-de-tunisie-a-benghazi-pour-le-match-retour-contre-la-libye-photos\/\",\"url\":\"https:\/\/kapitalis.com\/tunisie\/2023\/03\/27\/qualifs-can-lequipe-de-tunisie-a-benghazi-pour-le-match-retour-contre-la-libye-photos\/\",\"name\":\"Qualifs CAN : L'\u00e9quipe de Tunisie \u00e0 Benghazi pour le match retour contre la Libye (Photos) - Kapitalis\",\"isPartOf\":{\"@id\":\"https:\/\/kapitalis.com\/tunisie\/#website\"},\"primaryImageOfPage\":{\"@id\":\"https:\/\/kapitalis.com\/tunisie\/2023\/03\/27\/qualifs-can-lequipe-de-tunisie-a-benghazi-pour-le-match-retour-contre-la-libye-photos\/#primaryimage\"},\"image\":{\"@id\":\"https:\/\/kapitalis.com\/tunisie\/2023\/03\/27\/qualifs-can-lequipe-de-tunisie-a-benghazi-pour-le-match-retour-contre-la-libye-photos\/#primaryimage\"},\"thumbnailUrl\":\"https:\/\/kapitalis.com\/tunisie\/wp-content\/uploads\/2023\/03\/EN-foot-Tunisie.jpg\",\"datePublished\":\"2023-03-27T20:22:19+00:00\",\"dateModified\":\"2023-03-27T20:30:00+00:00\",\"description\":\"La s\u00e9lection tunisienne est arriv\u00e9e, dans l'apr\u00e8s-midi de ce lundi 27 mars 2023, \u00e0 Benghazi en vue de la rencontre, demain, contre la Libye comptant pour la 4e journ\u00e9e des \u00e9liminatoires de la Coupe d'Afrique des Nations (CAN).\",\"breadcrumb\":{\"@id\":\"https:\/\/kapitalis.com\/tunisie\/2023\/03\/27\/qualifs-can-lequipe-de-tunisie-a-benghazi-pour-le-match-retour-contre-la-libye-photos\/#breadcrumb\"},\"inLanguage\":\"fr-FR\",\"potentialAction\":[{\"@type\":\"ReadAction\",\"target\":[\"https:\/\/kapitalis.com\/tunisie\/2023\/03\/27\/qualifs-can-lequipe-de-tunisie-a-benghazi-pour-le-match-retour-contre-la-libye-photos\/\"]}]},{\"@type\":\"ImageObject\",\"inLanguage\":\"fr-FR\",\"@id\":\"https:\/\/kapitalis.com\/tunisie\/2023\/03\/27\/qualifs-can-lequipe-de-tunisie-a-benghazi-pour-le-match-retour-contre-la-libye-photos\/#primaryimage\",\"url\":\"https:\/\/kapitalis.com\/tunisie\/wp-content\/uploads\/2023\/03\/EN-foot-Tunisie.jpg\",\"contentUrl\":\"https:\/\/kapitalis.com\/tunisie\/wp-content\/uploads\/2023\/03\/EN-foot-Tunisie.jpg\",\"width\":1200,\"height\":630},{\"@type\":\"BreadcrumbList\",\"@id\":\"https:\/\/kapitalis.com\/tunisie\/2023\/03\/27\/qualifs-can-lequipe-de-tunisie-a-benghazi-pour-le-match-retour-contre-la-libye-photos\/#breadcrumb\",\"itemListElement\":[{\"@type\":\"ListItem\",\"position\":1,\"name\":\"Accueil\",\"item\":\"https:\/\/kapitalis.com\/tunisie\/\"},{\"@type\":\"ListItem\",\"position\":2,\"name\":\"Qualifs CAN : L&rsquo;\u00e9quipe de Tunisie \u00e0 Benghazi pour le match retour contre la Libye (Photos)\"}]},{\"@type\":\"WebSite\",\"@id\":\"https:\/\/kapitalis.com\/tunisie\/#website\",\"url\":\"https:\/\/kapitalis.com\/tunisie\/\",\"name\":\"Kapitalis\",\"description\":\"L&#039;actualit\u00e9 en Tunisie et dans le monde\",\"publisher\":{\"@id\":\"https:\/\/kapitalis.com\/tunisie\/#organization\"},\"potentialAction\":[{\"@type\":\"SearchAction\",\"target\":{\"@type\":\"EntryPoint\",\"urlTemplate\":\"https:\/\/kapitalis.com\/tunisie\/?s={search_term_string}\"},\"query-input\":{\"@type\":\"PropertyValueSpecification\",\"valueRequired\":true,\"valueName\":\"search_term_string\"}}],\"inLanguage\":\"fr-FR\"},{\"@type\":\"Organization\",\"@id\":\"https:\/\/kapitalis.com\/tunisie\/#organization\",\"name\":\"Kapitalis\",\"url\":\"https:\/\/kapitalis.com\/tunisie\/\",\"logo\":{\"@type\":\"ImageObject\",\"inLanguage\":\"fr-FR\",\"@id\":\"https:\/\/kapitalis.com\/tunisie\/#\/schema\/logo\/image\/\",\"url\":\"https:\/\/kapitalis.com\/tunisie\/wp-content\/uploads\/2022\/05\/Kapitalis-big-size.png\",\"contentUrl\":\"https:\/\/kapitalis.com\/tunisie\/wp-content\/uploads\/2022\/05\/Kapitalis-big-size.png\",\"width\":5000,\"height\":1500,\"caption\":\"Kapitalis\"},\"image\":{\"@id\":\"https:\/\/kapitalis.com\/tunisie\/#\/schema\/logo\/image\/\"},\"sameAs\":[\"https:\/\/www.facebook.com\/KapitalisInfo\/\",\"https:\/\/x.com\/KapitalisInfo\",\"https:\/\/www.youtube.com\/channel\/UC-yDYrHyfFBWWZaOw3FPg9Q\"]},{\"@type\":\"Person\",\"@id\":\"https:\/\/kapitalis.com\/tunisie\/#\/schema\/person\/74bbde0154d49d790a92aaeac5bc01d5\",\"name\":\"Yusra NY\",\"url\":\"https:\/\/kapitalis.com\/tunisie\/author\/yuza_adam\/\"}]}<\/script>\n<!-- \/ Yoast SEO plugin. -->","yoast_head_json":{"title":"Qualifs CAN : L'\u00e9quipe de Tunisie \u00e0 Benghazi pour le match retour contre la Libye (Photos) - Kapitalis","description":"La s\u00e9lection tunisienne est arriv\u00e9e, dans l'apr\u00e8s-midi de ce lundi 27 mars 2023, \u00e0 Benghazi en vue de la rencontre, demain, contre la Libye comptant pour la 4e journ\u00e9e des \u00e9liminatoires de la Coupe d'Afrique des Nations (CAN).","robots":{"index":"index","follow":"follow","max-snippet":"max-snippet:-1","max-image-preview":"max-image-preview:large","max-video-preview":"max-video-preview:-1"},"canonical":"https:\/\/kapitalis.com\/tunisie\/2023\/03\/27\/qualifs-can-lequipe-de-tunisie-a-benghazi-pour-le-match-retour-contre-la-libye-photos\/","og_locale":"fr_FR","og_type":"article","og_title":"Qualifs CAN : L'\u00e9quipe de Tunisie \u00e0 Benghazi pour le match retour contre la Libye (Photos) - Kapitalis","og_description":"La s\u00e9lection tunisienne est arriv\u00e9e, dans l'apr\u00e8s-midi de ce lundi 27 mars 2023, \u00e0 Benghazi en vue de la rencontre, demain, contre la Libye comptant pour la 4e journ\u00e9e des \u00e9liminatoires de la Coupe d'Afrique des Nations (CAN).","og_url":"https:\/\/kapitalis.com\/tunisie\/2023\/03\/27\/qualifs-can-lequipe-de-tunisie-a-benghazi-pour-le-match-retour-contre-la-libye-photos\/","og_site_name":"Kapitalis","article_publisher":"https:\/\/www.facebook.com\/KapitalisInfo\/","article_published_time":"2023-03-27T20:22:19+00:00","article_modified_time":"2023-03-27T20:30:00+00:00","og_image":[{"width":1200,"height":630,"url":"https:\/\/kapitalis.com\/tunisie\/wp-content\/uploads\/2023\/03\/EN-foot-Tunisie.jpg","type":"image\/jpeg"}],"author":"Yusra NY","twitter_card":"summary_large_image","twitter_creator":"@KapitalisInfo","twitter_site":"@KapitalisInfo","twitter_misc":{"\u00c9crit par":"Yusra NY","Dur\u00e9e de lecture estim\u00e9e":"3 minutes"},"schema":{"@context":"https:\/\/schema.org","@graph":[{"@type":"Article","@id":"https:\/\/kapitalis.com\/tunisie\/2023\/03\/27\/qualifs-can-lequipe-de-tunisie-a-benghazi-pour-le-match-retour-contre-la-libye-photos\/#article","isPartOf":{"@id":"https:\/\/kapitalis.com\/tunisie\/2023\/03\/27\/qualifs-can-lequipe-de-tunisie-a-benghazi-pour-le-match-retour-contre-la-libye-photos\/"},"author":{"name":"Yusra NY","@id":"https:\/\/kapitalis.com\/tunisie\/#\/schema\/person\/74bbde0154d49d790a92aaeac5bc01d5"},"headline":"Qualifs CAN : L&rsquo;\u00e9quipe de Tunisie \u00e0 Benghazi pour le match retour contre la Libye (Photos)","datePublished":"2023-03-27T20:22:19+00:00","dateModified":"2023-03-27T20:30:00+00:00","mainEntityOfPage":{"@id":"https:\/\/kapitalis.com\/tunisie\/2023\/03\/27\/qualifs-can-lequipe-de-tunisie-a-benghazi-pour-le-match-retour-contre-la-libye-photos\/"},"wordCount":147,"commentCount":0,"publisher":{"@id":"https:\/\/kapitalis.com\/tunisie\/#organization"},"image":{"@id":"https:\/\/kapitalis.com\/tunisie\/2023\/03\/27\/qualifs-can-lequipe-de-tunisie-a-benghazi-pour-le-match-retour-contre-la-libye-photos\/#primaryimage"},"thumbnailUrl":"https:\/\/kapitalis.com\/tunisie\/wp-content\/uploads\/2023\/03\/EN-foot-Tunisie.jpg","keywords":["Benghazi","CAN","\u00e9quipe nationale","foot","FTF","Libye","Tunisie"],"articleSection":["SPORT","Tunisie"],"inLanguage":"fr-FR","potentialAction":[{"@type":"CommentAction","name":"Comment","target":["https:\/\/kapitalis.com\/tunisie\/2023\/03\/27\/qualifs-can-lequipe-de-tunisie-a-benghazi-pour-le-match-retour-contre-la-libye-photos\/#respond"]}]},{"@type":"WebPage","@id":"https:\/\/kapitalis.com\/tunisie\/2023\/03\/27\/qualifs-can-lequipe-de-tunisie-a-benghazi-pour-le-match-retour-contre-la-libye-photos\/","url":"https:\/\/kapitalis.com\/tunisie\/2023\/03\/27\/qualifs-can-lequipe-de-tunisie-a-benghazi-pour-le-match-retour-contre-la-libye-photos\/","name":"Qualifs CAN : L'\u00e9quipe de Tunisie \u00e0 Benghazi pour le match retour contre la Libye (Photos) - Kapitalis","isPartOf":{"@id":"https:\/\/kapitalis.com\/tunisie\/#website"},"primaryImageOfPage":{"@id":"https:\/\/kapitalis.com\/tunisie\/2023\/03\/27\/qualifs-can-lequipe-de-tunisie-a-benghazi-pour-le-match-retour-contre-la-libye-photos\/#primaryimage"},"image":{"@id":"https:\/\/kapitalis.com\/tunisie\/2023\/03\/27\/qualifs-can-lequipe-de-tunisie-a-benghazi-pour-le-match-retour-contre-la-libye-photos\/#primaryimage"},"thumbnailUrl":"https:\/\/kapitalis.com\/tunisie\/wp-content\/uploads\/2023\/03\/EN-foot-Tunisie.jpg","datePublished":"2023-03-27T20:22:19+00:00","dateModified":"2023-03-27T20:30:00+00:00","description":"La s\u00e9lection tunisienne est arriv\u00e9e, dans l'apr\u00e8s-midi de ce lundi 27 mars 2023, \u00e0 Benghazi en vue de la rencontre, demain, contre la Libye comptant pour la 4e journ\u00e9e des \u00e9liminatoires de la Coupe d'Afrique des Nations (CAN).","breadcrumb":{"@id":"https:\/\/kapitalis.com\/tunisie\/2023\/03\/27\/qualifs-can-lequipe-de-tunisie-a-benghazi-pour-le-match-retour-contre-la-libye-photos\/#breadcrumb"},"inLanguage":"fr-FR","potentialAction":[{"@type":"ReadAction","target":["https:\/\/kapitalis.com\/tunisie\/2023\/03\/27\/qualifs-can-lequipe-de-tunisie-a-benghazi-pour-le-match-retour-contre-la-libye-photos\/"]}]},{"@type":"ImageObject","inLanguage":"fr-FR","@id":"https:\/\/kapitalis.com\/tunisie\/2023\/03\/27\/qualifs-can-lequipe-de-tunisie-a-benghazi-pour-le-match-retour-contre-la-libye-photos\/#primaryimage","url":"https:\/\/kapitalis.com\/tunisie\/wp-content\/uploads\/2023\/03\/EN-foot-Tunisie.jpg","contentUrl":"https:\/\/kapitalis.com\/tunisie\/wp-content\/uploads\/2023\/03\/EN-foot-Tunisie.jpg","width":1200,"height":630},{"@type":"BreadcrumbList","@id":"https:\/\/kapitalis.com\/tunisie\/2023\/03\/27\/qualifs-can-lequipe-de-tunisie-a-benghazi-pour-le-match-retour-contre-la-libye-photos\/#breadcrumb","itemListElement":[{"@type":"ListItem","position":1,"name":"Accueil","item":"https:\/\/kapitalis.com\/tunisie\/"},{"@type":"ListItem","position":2,"name":"Qualifs CAN : L&rsquo;\u00e9quipe de Tunisie \u00e0 Benghazi pour le match retour contre la Libye (Photos)"}]},{"@type":"WebSite","@id":"https:\/\/kapitalis.com\/tunisie\/#website","url":"https:\/\/kapitalis.com\/tunisie\/","name":"Kapitalis","description":"L&#039;actualit\u00e9 en Tunisie et dans le monde","publisher":{"@id":"https:\/\/kapitalis.com\/tunisie\/#organization"},"potentialAction":[{"@type":"SearchAction","target":{"@type":"EntryPoint","urlTemplate":"https:\/\/kapitalis.com\/tunisie\/?s={search_term_string}"},"query-input":{"@type":"PropertyValueSpecification","valueRequired":true,"valueName":"search_term_string"}}],"inLanguage":"fr-FR"},{"@type":"Organization","@id":"https:\/\/kapitalis.com\/tunisie\/#organization","name":"Kapitalis","url":"https:\/\/kapitalis.com\/tunisie\/","logo":{"@type":"ImageObject","inLanguage":"fr-FR","@id":"https:\/\/kapitalis.com\/tunisie\/#\/schema\/logo\/image\/","url":"https:\/\/kapitalis.com\/tunisie\/wp-content\/uploads\/2022\/05\/Kapitalis-big-size.png","contentUrl":"https:\/\/kapitalis.com\/tunisie\/wp-content\/uploads\/2022\/05\/Kapitalis-big-size.png","width":5000,"height":1500,"caption":"Kapitalis"},"image":{"@id":"https:\/\/kapitalis.com\/tunisie\/#\/schema\/logo\/image\/"},"sameAs":["https:\/\/www.facebook.com\/KapitalisInfo\/","https:\/\/x.com\/KapitalisInfo","https:\/\/www.youtube.com\/channel\/UC-yDYrHyfFBWWZaOw3FPg9Q"]},{"@type":"Person","@id":"https:\/\/kapitalis.com\/tunisie\/#\/schema\/person\/74bbde0154d49d790a92aaeac5bc01d5","name":"Yusra NY","url":"https:\/\/kapitalis.com\/tunisie\/author\/yuza_adam\/"}]}},"_links":{"self":[{"href":"https:\/\/kapitalis.com\/tunisie\/wp-json\/wp\/v2\/posts\/7137866","targetHints":{"allow":["GET"]}}],"collection":[{"href":"https:\/\/kapitalis.com\/tunisie\/wp-json\/wp\/v2\/posts"}],"about":[{"href":"https:\/\/kapitalis.com\/tunisie\/wp-json\/wp\/v2\/types\/post"}],"author":[{"embeddable":true,"href":"https:\/\/kapitalis.com\/tunisie\/wp-json\/wp\/v2\/users\/6"}],"replies":[{"embeddable":true,"href":"https:\/\/kapitalis.com\/tunisie\/wp-json\/wp\/v2\/comments?post=7137866"}],"version-history":[{"count":2,"href":"https:\/\/kapitalis.com\/tunisie\/wp-json\/wp\/v2\/posts\/7137866\/revisions"}],"predecessor-version":[{"id":7137942,"href":"https:\/\/kapitalis.com\/tunisie\/wp-json\/wp\/v2\/posts\/7137866\/revisions\/7137942"}],"wp:featuredmedia":[{"embeddable":true,"href":"https:\/\/kapitalis.com\/tunisie\/wp-json\/wp\/v2\/media\/7137899"}],"wp:attachment":[{"href":"https:\/\/kapitalis.com\/tunisie\/wp-json\/wp\/v2\/media?parent=7137866"}],"wp:term":[{"taxonomy":"category","embeddable":true,"href":"https:\/\/kapitalis.com\/tunisie\/wp-json\/wp\/v2\/categories?post=7137866"},{"taxonomy":"post_tag","embeddable":true,"href":"https:\/\/kapitalis.com\/tunisie\/wp-json\/wp\/v2\/tags?post=7137866"}],"curies":[{"name":"wp","href":"https:\/\/api.w.org\/{rel}","templated":true}]}}