{"id":7167042,"date":"2023-03-29T14:18:04","date_gmt":"2023-03-29T13:18:04","guid":{"rendered":"https:\/\/kapitalis.com\/tunisie\/?p=7167042"},"modified":"2023-03-29T19:50:41","modified_gmt":"2023-03-29T18:50:41","slug":"document-vingt-congressmen-ecrivent-a-antony-blinken-a-propos-de-la-tunisie","status":"publish","type":"post","link":"https:\/\/kapitalis.com\/tunisie\/2023\/03\/29\/document-vingt-congressmen-ecrivent-a-antony-blinken-a-propos-de-la-tunisie\/","title":{"rendered":"Document\u00a0: vingt congressmen \u00e9crivent \u00e0 Antony Blinken \u00e0 propos de la Tunisie \u00a0\u00a0"},"content":{"rendered":"\n<p><strong><em>Dans une lettre adress\u00e9e au secr\u00e9taire d\u2019Etat Antony Blinken, en date du 27 mars 2023, dont nous reproduisons ci-dessous la traduction fran\u00e7aise, 20 membres du Congr\u00e8s appellent l\u2019administration am\u00e9ricaine \u00ab\u00e0 veiller \u00e0 ce que toute aide \u00e9trang\u00e8re am\u00e9ricaine \u00e0 la Tunisie soutienne le r\u00e9tablissement d\u2019une gouvernance inclusive et d\u00e9mocratique et de l\u2019\u00c9tat de droit, ou soutienne directement les Tunisiens dans le besoin \u00e9conomique\u00bb.<\/em><\/strong><\/p>\n\n\n\n<!--more-->\n\n\n\n<p>Cher Secr\u00e9taire Blinken,<\/p>\n\n\n\n<p>Nous vous \u00e9crivons pour exprimer notre grave inqui\u00e9tude suite \u00e0 l\u2019intensification de la r\u00e9pression du pr\u00e9sident tunisien Ka\u00efs Sa\u00efed contre son opposition politique pr\u00e9sum\u00e9e ces derni\u00e8res semaines, une acc\u00e9l\u00e9ration brutale de la consolidation autocratique de la Tunisie.<\/p>\n\n\n\n<p>Depuis le 11 f\u00e9vrier 2023, le pr\u00e9sident Sa\u00efed a conduit une vague d\u2019arrestations \u00e0 motivation politique qui ont cibl\u00e9 des militants, d\u2019anciens ministres et d\u00e9put\u00e9s, des personnalit\u00e9s de partis politiques, des juges, des avocats, des hommes d\u2019affaires et des membres des m\u00e9dias, apparemment en repr\u00e9sailles pour l\u2019exercice de leur droit fondamental \u00e0 la libert\u00e9 d\u2019expression.<\/p>\n\n\n\n<p>Nous sommes particuli\u00e8rement alarm\u00e9s par des informations cr\u00e9dibles selon lesquelles les autorit\u00e9s tunisiennes ont accus\u00e9 des individus de <em>\u00abcomplot contre la s\u00e9curit\u00e9 de l\u2019\u00c9tat\u00bb<\/em> et de <em>\u00abcomplot en vue de renverser le gouvernement\u00bb<\/em> en vertu de la loi antiterroriste pour avoir rencontr\u00e9 des diplomates am\u00e9ricains, proc\u00e9d\u00e9 \u00e0 des arrestations en violation des proc\u00e9dures r\u00e9guli\u00e8res, ni\u00e9 pendant 48 heures avoir d\u00e9tenu des personnes \u00e0 leur famille et fait un usage excessif de la force lors d\u2019une arrestation qui a caus\u00e9 des blessures graves \u00e0 au moins un d\u00e9tenu. De plus en plus de voix dissidentes continuent d\u2019\u00eatre arr\u00eat\u00e9es ou convoqu\u00e9es pour interrogatoire presque quotidiennement.<\/p>\n\n\n\n<p>Au cours de cette campagne d\u2019arrestations, le pr\u00e9sident Sa\u00efed a \u00e9galement tenu des propos racistes et x\u00e9nophobes choquants pour sugg\u00e9rer qu\u2019un <em>\u00abcomplot\u00bb<\/em> \u00e9tait en cours pour transformer la Tunisie en <em>\u00abun pays purement africain qui n\u2019a aucune affiliation avec les nations arabes et islamiques\u00bb<\/em>. Sous l\u2019impulsion de la rh\u00e9torique de Sa\u00efed, des migrants avec et sans papiers ont \u00e9t\u00e9 arbitrairement arr\u00eat\u00e9s par les services de s\u00e9curit\u00e9, des responsables ont saisi des jeunes dans des cr\u00e8ches, des individus ont \u00e9t\u00e9 expuls\u00e9s de leurs maisons et des quartiers entiers ont \u00e9t\u00e9 perquisitionn\u00e9s. Des ONG et des journalistes bas\u00e9s en Tunisie ont \u00e9galement document\u00e9 une augmentation des agressions \u00e0 caract\u00e8re raciste contre des Africains subsahariens par des citoyens ordinaires. Les commentaires du pr\u00e9sident Sa\u00efed semblaient viser \u00e0 semer la division et \u00e0 inventer des boucs \u00e9missaires pour la crise \u00e9conomique aigu\u00eb du pays \u00e0 une \u00e9poque de mobilisation populaire croissante contre sa politique. L\u2019annonce ult\u00e9rieure du gouvernement selon laquelle il assouplirait les r\u00e8gles de visa pour les citoyens des pays africains ne compense pas les \u00e9normes dommages caus\u00e9s par ces actions.<\/p>\n\n\n\n<figure class=\"wp-block-embed is-type-wp-embed is-provider-kapitalis wp-block-embed-kapitalis\"><div class=\"wp-block-embed__wrapper\">\n<blockquote class=\"wp-embedded-content\" data-secret=\"AshyfpV49X\"><a href=\"https:\/\/kapitalis.com\/tunisie\/2023\/03\/29\/antony-blinken-annonce-des-mesures-a-venir-envers-la-tunisie\/\">Antony Blinken annonce des \u00abmesures\u00bb \u00e0 venir envers la Tunisie<\/a><\/blockquote><iframe loading=\"lazy\" class=\"wp-embedded-content\" sandbox=\"allow-scripts\" security=\"restricted\" style=\"position: absolute; clip: rect(1px, 1px, 1px, 1px);\" title=\"\u00ab\u00a0Antony Blinken annonce des \u00abmesures\u00bb \u00e0 venir envers la Tunisie\u00a0\u00bb &#8212; Kapitalis\" src=\"https:\/\/kapitalis.com\/tunisie\/2023\/03\/29\/antony-blinken-annonce-des-mesures-a-venir-envers-la-tunisie\/embed\/#?secret=j75VxJptId#?secret=AshyfpV49X\" data-secret=\"AshyfpV49X\" width=\"600\" height=\"338\" frameborder=\"0\" marginwidth=\"0\" marginheight=\"0\" scrolling=\"no\"><\/iframe>\n<\/div><\/figure>\n\n\n\n<p>Non seulement ces d\u00e9veloppements alarmants et la consolidation autocratique continue de la Tunisie mettent en danger la stabilit\u00e9 du pays dans une p\u00e9riode de profonde ins\u00e9curit\u00e9 \u00e9conomique, mais ils suscitent de s\u00e9rieuses inqui\u00e9tudes quant \u00e0 l\u2019avenir des relations am\u00e9ricano-tunisiennes, qui depuis 2011 sont ancr\u00e9es par un engagement partag\u00e9 envers les principes d\u00e9mocratiques. Ce sont ces valeurs partag\u00e9es qui ont conduit le House Democracy Partnership \u00e0 s\u2019associer au parlement tunisien et le gouvernement am\u00e9ricain \u00e0 d\u00e9signer la Tunisie comme un alli\u00e9 majeur hors Otan, \u00e0 renforcer la coop\u00e9ration en mati\u00e8re de s\u00e9curit\u00e9 et \u00e0 augmenter consid\u00e9rablement l\u2019aide bilat\u00e9rale au cours des 12 derni\u00e8res ann\u00e9es.<\/p>\n\n\n\n<p>Nous avons \u00e9t\u00e9 encourag\u00e9s de voir le porte-parole du D\u00e9partement d\u2019\u00c9tat, Ned Price, s\u2019inqui\u00e9ter le 2 mars 2023 de la r\u00e9cente vague d\u2019arrestations en Tunisie et r\u00e9affirmer l\u2019engagement de l\u2019administration \u00e0 prot\u00e9ger la libert\u00e9 d\u2019expression. Nous exhortons l\u2019administration \u00e0 continuer de souligner l\u2019importante r\u00e9gression d\u00e9mocratique de la Tunisie et insistons sur la lib\u00e9ration imm\u00e9diate et inconditionnelle de toutes les personnes d\u00e9tenues arbitrairement.<\/p>\n\n\n\n<p>En outre, nous encourageons l\u2019administration \u00e0 veiller \u00e0 ce que toute aide \u00e9trang\u00e8re am\u00e9ricaine \u00e0 la Tunisie soutienne le r\u00e9tablissement d\u2019une gouvernance inclusive et d\u00e9mocratique et de l\u2019\u00c9tat de droit, ou soutienne directement les Tunisiens dans le besoin \u00e9conomique, et ne renforce pas la main de ceux-ci, y compris les services de s\u00e9curit\u00e9 int\u00e9rieure, qui ont exacerb\u00e9 la r\u00e9pression et l\u2019autoritarisme sous le pr\u00e9sident Ka\u00efs Sa\u00efed.<\/p>\n\n\n\n<p>L\u2019administration devrait pr\u00e9ciser que la r\u00e9pression de Sa\u00efed sape la confiance dans l\u2019\u00c9tat de droit qui est essentielle pour une relation am\u00e9ricano-tunisienne florissante et un soutien mon\u00e9taire international qui pourrait profiter au peuple tunisien et att\u00e9nuer les difficult\u00e9s \u00e9conomiques.<\/p>\n\n\n\n<p>Enfin, nous exhortons l&rsquo;administration \u00e0 pr\u00e9ciser que les propos racistes et x\u00e9nophobes du pr\u00e9sident Sa\u00efed sont inacceptables et \u00e0 travailler avec les gouvernements partenaires et les organismes intergouvernementaux tels que l\u2019Union africaine pour coordonner un message clair et soutenu de soutien fort aux institutions d\u00e9mocratiques et au droit \u00e0 l\u2019expression pacifique en Tunisie.<\/p>\n\n\n\n<p class=\"has-text-align-right\"><em>\u00a0Traduit de l\u2019anglais.<\/em><\/p>\n\n\n\n<p><strong>Le texte original de la lettre suit et est disponible <a href=\"https:\/\/connolly.house.gov\/uploadedfiles\/tunisia_letter.pdf\" target=\"_blank\" rel=\"noreferrer noopener\">sur ce lien<\/a>. <\/strong><\/p>\n","protected":false},"excerpt":{"rendered":"<p>20 membres du Congr\u00e8s appellent l\u2019administration am\u00e9ricaine \u00ab\u00e0 veiller \u00e0 ce que toute aide \u00e9trang\u00e8re am\u00e9ricaine \u00e0 la Tunisie soutienne le r\u00e9tablissement d\u2019une gouvernance inclusive et d\u00e9mocratique et de l\u2019\u00c9tat de droit\u00bb.<\/p>\n","protected":false},"author":8,"featured_media":4173250,"comment_status":"open","ping_status":"open","sticky":false,"template":"","format":"standard","meta":{"footnotes":""},"categories":[997,1000,2433],"tags":[86938,75918,12235,62643],"class_list":["post-7167042","post","type-post","status-publish","format-standard","has-post-thumbnail","hentry","category-politique","category-tribune","category-tunisie","tag-antony-blinken","tag-etats-unis-2","tag-kais-saied","tag-tunisie"],"yoast_head":"<!-- This site is optimized with the Yoast SEO plugin v26.6 - https:\/\/yoast.com\/wordpress\/plugins\/seo\/ -->\n<title>Document\u00a0: vingt congressmen \u00e9crivent \u00e0 Antony Blinken \u00e0 propos de la Tunisie \u00a0\u00a0 - Kapitalis<\/title>\n<meta name=\"robots\" content=\"index, follow, max-snippet:-1, max-image-preview:large, max-video-preview:-1\" \/>\n<link rel=\"canonical\" href=\"https:\/\/kapitalis.com\/tunisie\/2023\/03\/29\/document-vingt-congressmen-ecrivent-a-antony-blinken-a-propos-de-la-tunisie\/\" \/>\n<meta property=\"og:locale\" content=\"fr_FR\" \/>\n<meta property=\"og:type\" content=\"article\" \/>\n<meta property=\"og:title\" content=\"Document\u00a0: vingt congressmen \u00e9crivent \u00e0 Antony Blinken \u00e0 propos de la Tunisie \u00a0\u00a0 - Kapitalis\" \/>\n<meta property=\"og:description\" content=\"20 membres du Congr\u00e8s appellent l\u2019administration am\u00e9ricaine \u00ab\u00e0 veiller \u00e0 ce que toute aide \u00e9trang\u00e8re am\u00e9ricaine \u00e0 la Tunisie soutienne le r\u00e9tablissement d\u2019une gouvernance inclusive et d\u00e9mocratique et de l\u2019\u00c9tat de droit\u00bb.\" \/>\n<meta property=\"og:url\" content=\"https:\/\/kapitalis.com\/tunisie\/2023\/03\/29\/document-vingt-congressmen-ecrivent-a-antony-blinken-a-propos-de-la-tunisie\/\" \/>\n<meta property=\"og:site_name\" content=\"Kapitalis\" \/>\n<meta property=\"article:publisher\" content=\"https:\/\/www.facebook.com\/KapitalisInfo\/\" \/>\n<meta property=\"article:published_time\" content=\"2023-03-29T13:18:04+00:00\" \/>\n<meta property=\"article:modified_time\" content=\"2023-03-29T18:50:41+00:00\" \/>\n<meta property=\"og:image\" content=\"https:\/\/kapitalis.com\/tunisie\/wp-content\/uploads\/2022\/09\/Tunisie-Etats-Unis.jpg\" \/>\n\t<meta property=\"og:image:width\" content=\"1200\" \/>\n\t<meta property=\"og:image:height\" content=\"630\" \/>\n\t<meta property=\"og:image:type\" content=\"image\/jpeg\" \/>\n<meta name=\"author\" content=\"webmaster kapitalis\" \/>\n<meta name=\"twitter:card\" content=\"summary_large_image\" \/>\n<meta name=\"twitter:creator\" content=\"@KapitalisInfo\" \/>\n<meta name=\"twitter:site\" content=\"@KapitalisInfo\" \/>\n<meta name=\"twitter:label1\" content=\"\u00c9crit par\" \/>\n\t<meta name=\"twitter:data1\" content=\"webmaster kapitalis\" \/>\n\t<meta name=\"twitter:label2\" content=\"Dur\u00e9e de lecture estim\u00e9e\" \/>\n\t<meta name=\"twitter:data2\" content=\"4 minutes\" \/>\n<script type=\"application\/ld+json\" class=\"yoast-schema-graph\">{\"@context\":\"https:\/\/schema.org\",\"@graph\":[{\"@type\":\"Article\",\"@id\":\"https:\/\/kapitalis.com\/tunisie\/2023\/03\/29\/document-vingt-congressmen-ecrivent-a-antony-blinken-a-propos-de-la-tunisie\/#article\",\"isPartOf\":{\"@id\":\"https:\/\/kapitalis.com\/tunisie\/2023\/03\/29\/document-vingt-congressmen-ecrivent-a-antony-blinken-a-propos-de-la-tunisie\/\"},\"author\":{\"name\":\"webmaster kapitalis\",\"@id\":\"https:\/\/kapitalis.com\/tunisie\/#\/schema\/person\/d71f33a9ca44f7bad4698210b480c8e9\"},\"headline\":\"Document\u00a0: vingt congressmen \u00e9crivent \u00e0 Antony Blinken \u00e0 propos de la Tunisie \u00a0\u00a0\",\"datePublished\":\"2023-03-29T13:18:04+00:00\",\"dateModified\":\"2023-03-29T18:50:41+00:00\",\"mainEntityOfPage\":{\"@id\":\"https:\/\/kapitalis.com\/tunisie\/2023\/03\/29\/document-vingt-congressmen-ecrivent-a-antony-blinken-a-propos-de-la-tunisie\/\"},\"wordCount\":908,\"commentCount\":8,\"publisher\":{\"@id\":\"https:\/\/kapitalis.com\/tunisie\/#organization\"},\"image\":{\"@id\":\"https:\/\/kapitalis.com\/tunisie\/2023\/03\/29\/document-vingt-congressmen-ecrivent-a-antony-blinken-a-propos-de-la-tunisie\/#primaryimage\"},\"thumbnailUrl\":\"https:\/\/kapitalis.com\/tunisie\/wp-content\/uploads\/2022\/09\/Tunisie-Etats-Unis.jpg\",\"keywords\":[\"Antony Blinken\",\"Etats-Unis\",\"Ka\u00efs Saied\",\"Tunisie\"],\"articleSection\":[\"POLITIQUE\",\"TRIBUNE\",\"Tunisie\"],\"inLanguage\":\"fr-FR\",\"potentialAction\":[{\"@type\":\"CommentAction\",\"name\":\"Comment\",\"target\":[\"https:\/\/kapitalis.com\/tunisie\/2023\/03\/29\/document-vingt-congressmen-ecrivent-a-antony-blinken-a-propos-de-la-tunisie\/#respond\"]}]},{\"@type\":\"WebPage\",\"@id\":\"https:\/\/kapitalis.com\/tunisie\/2023\/03\/29\/document-vingt-congressmen-ecrivent-a-antony-blinken-a-propos-de-la-tunisie\/\",\"url\":\"https:\/\/kapitalis.com\/tunisie\/2023\/03\/29\/document-vingt-congressmen-ecrivent-a-antony-blinken-a-propos-de-la-tunisie\/\",\"name\":\"Document\u00a0: vingt congressmen \u00e9crivent \u00e0 Antony Blinken \u00e0 propos de la Tunisie \u00a0\u00a0 - Kapitalis\",\"isPartOf\":{\"@id\":\"https:\/\/kapitalis.com\/tunisie\/#website\"},\"primaryImageOfPage\":{\"@id\":\"https:\/\/kapitalis.com\/tunisie\/2023\/03\/29\/document-vingt-congressmen-ecrivent-a-antony-blinken-a-propos-de-la-tunisie\/#primaryimage\"},\"image\":{\"@id\":\"https:\/\/kapitalis.com\/tunisie\/2023\/03\/29\/document-vingt-congressmen-ecrivent-a-antony-blinken-a-propos-de-la-tunisie\/#primaryimage\"},\"thumbnailUrl\":\"https:\/\/kapitalis.com\/tunisie\/wp-content\/uploads\/2022\/09\/Tunisie-Etats-Unis.jpg\",\"datePublished\":\"2023-03-29T13:18:04+00:00\",\"dateModified\":\"2023-03-29T18:50:41+00:00\",\"breadcrumb\":{\"@id\":\"https:\/\/kapitalis.com\/tunisie\/2023\/03\/29\/document-vingt-congressmen-ecrivent-a-antony-blinken-a-propos-de-la-tunisie\/#breadcrumb\"},\"inLanguage\":\"fr-FR\",\"potentialAction\":[{\"@type\":\"ReadAction\",\"target\":[\"https:\/\/kapitalis.com\/tunisie\/2023\/03\/29\/document-vingt-congressmen-ecrivent-a-antony-blinken-a-propos-de-la-tunisie\/\"]}]},{\"@type\":\"ImageObject\",\"inLanguage\":\"fr-FR\",\"@id\":\"https:\/\/kapitalis.com\/tunisie\/2023\/03\/29\/document-vingt-congressmen-ecrivent-a-antony-blinken-a-propos-de-la-tunisie\/#primaryimage\",\"url\":\"https:\/\/kapitalis.com\/tunisie\/wp-content\/uploads\/2022\/09\/Tunisie-Etats-Unis.jpg\",\"contentUrl\":\"https:\/\/kapitalis.com\/tunisie\/wp-content\/uploads\/2022\/09\/Tunisie-Etats-Unis.jpg\",\"width\":1200,\"height\":630},{\"@type\":\"BreadcrumbList\",\"@id\":\"https:\/\/kapitalis.com\/tunisie\/2023\/03\/29\/document-vingt-congressmen-ecrivent-a-antony-blinken-a-propos-de-la-tunisie\/#breadcrumb\",\"itemListElement\":[{\"@type\":\"ListItem\",\"position\":1,\"name\":\"Accueil\",\"item\":\"https:\/\/kapitalis.com\/tunisie\/\"},{\"@type\":\"ListItem\",\"position\":2,\"name\":\"Document\u00a0: vingt congressmen \u00e9crivent \u00e0 Antony Blinken \u00e0 propos de la Tunisie \u00a0\u00a0\"}]},{\"@type\":\"WebSite\",\"@id\":\"https:\/\/kapitalis.com\/tunisie\/#website\",\"url\":\"https:\/\/kapitalis.com\/tunisie\/\",\"name\":\"Kapitalis\",\"description\":\"L&#039;actualit\u00e9 en Tunisie et dans le monde\",\"publisher\":{\"@id\":\"https:\/\/kapitalis.com\/tunisie\/#organization\"},\"potentialAction\":[{\"@type\":\"SearchAction\",\"target\":{\"@type\":\"EntryPoint\",\"urlTemplate\":\"https:\/\/kapitalis.com\/tunisie\/?s={search_term_string}\"},\"query-input\":{\"@type\":\"PropertyValueSpecification\",\"valueRequired\":true,\"valueName\":\"search_term_string\"}}],\"inLanguage\":\"fr-FR\"},{\"@type\":\"Organization\",\"@id\":\"https:\/\/kapitalis.com\/tunisie\/#organization\",\"name\":\"Kapitalis\",\"url\":\"https:\/\/kapitalis.com\/tunisie\/\",\"logo\":{\"@type\":\"ImageObject\",\"inLanguage\":\"fr-FR\",\"@id\":\"https:\/\/kapitalis.com\/tunisie\/#\/schema\/logo\/image\/\",\"url\":\"https:\/\/kapitalis.com\/tunisie\/wp-content\/uploads\/2022\/05\/Kapitalis-big-size.png\",\"contentUrl\":\"https:\/\/kapitalis.com\/tunisie\/wp-content\/uploads\/2022\/05\/Kapitalis-big-size.png\",\"width\":5000,\"height\":1500,\"caption\":\"Kapitalis\"},\"image\":{\"@id\":\"https:\/\/kapitalis.com\/tunisie\/#\/schema\/logo\/image\/\"},\"sameAs\":[\"https:\/\/www.facebook.com\/KapitalisInfo\/\",\"https:\/\/x.com\/KapitalisInfo\",\"https:\/\/www.youtube.com\/channel\/UC-yDYrHyfFBWWZaOw3FPg9Q\"]},{\"@type\":\"Person\",\"@id\":\"https:\/\/kapitalis.com\/tunisie\/#\/schema\/person\/d71f33a9ca44f7bad4698210b480c8e9\",\"name\":\"webmaster kapitalis\",\"url\":\"https:\/\/kapitalis.com\/tunisie\/author\/webmaster-kapitalis\/\"}]}<\/script>\n<!-- \/ Yoast SEO plugin. -->","yoast_head_json":{"title":"Document\u00a0: vingt congressmen \u00e9crivent \u00e0 Antony Blinken \u00e0 propos de la Tunisie \u00a0\u00a0 - Kapitalis","robots":{"index":"index","follow":"follow","max-snippet":"max-snippet:-1","max-image-preview":"max-image-preview:large","max-video-preview":"max-video-preview:-1"},"canonical":"https:\/\/kapitalis.com\/tunisie\/2023\/03\/29\/document-vingt-congressmen-ecrivent-a-antony-blinken-a-propos-de-la-tunisie\/","og_locale":"fr_FR","og_type":"article","og_title":"Document\u00a0: vingt congressmen \u00e9crivent \u00e0 Antony Blinken \u00e0 propos de la Tunisie \u00a0\u00a0 - Kapitalis","og_description":"20 membres du Congr\u00e8s appellent l\u2019administration am\u00e9ricaine \u00ab\u00e0 veiller \u00e0 ce que toute aide \u00e9trang\u00e8re am\u00e9ricaine \u00e0 la Tunisie soutienne le r\u00e9tablissement d\u2019une gouvernance inclusive et d\u00e9mocratique et de l\u2019\u00c9tat de droit\u00bb.","og_url":"https:\/\/kapitalis.com\/tunisie\/2023\/03\/29\/document-vingt-congressmen-ecrivent-a-antony-blinken-a-propos-de-la-tunisie\/","og_site_name":"Kapitalis","article_publisher":"https:\/\/www.facebook.com\/KapitalisInfo\/","article_published_time":"2023-03-29T13:18:04+00:00","article_modified_time":"2023-03-29T18:50:41+00:00","og_image":[{"width":1200,"height":630,"url":"https:\/\/kapitalis.com\/tunisie\/wp-content\/uploads\/2022\/09\/Tunisie-Etats-Unis.jpg","type":"image\/jpeg"}],"author":"webmaster kapitalis","twitter_card":"summary_large_image","twitter_creator":"@KapitalisInfo","twitter_site":"@KapitalisInfo","twitter_misc":{"\u00c9crit par":"webmaster kapitalis","Dur\u00e9e de lecture estim\u00e9e":"4 minutes"},"schema":{"@context":"https:\/\/schema.org","@graph":[{"@type":"Article","@id":"https:\/\/kapitalis.com\/tunisie\/2023\/03\/29\/document-vingt-congressmen-ecrivent-a-antony-blinken-a-propos-de-la-tunisie\/#article","isPartOf":{"@id":"https:\/\/kapitalis.com\/tunisie\/2023\/03\/29\/document-vingt-congressmen-ecrivent-a-antony-blinken-a-propos-de-la-tunisie\/"},"author":{"name":"webmaster kapitalis","@id":"https:\/\/kapitalis.com\/tunisie\/#\/schema\/person\/d71f33a9ca44f7bad4698210b480c8e9"},"headline":"Document\u00a0: vingt congressmen \u00e9crivent \u00e0 Antony Blinken \u00e0 propos de la Tunisie \u00a0\u00a0","datePublished":"2023-03-29T13:18:04+00:00","dateModified":"2023-03-29T18:50:41+00:00","mainEntityOfPage":{"@id":"https:\/\/kapitalis.com\/tunisie\/2023\/03\/29\/document-vingt-congressmen-ecrivent-a-antony-blinken-a-propos-de-la-tunisie\/"},"wordCount":908,"commentCount":8,"publisher":{"@id":"https:\/\/kapitalis.com\/tunisie\/#organization"},"image":{"@id":"https:\/\/kapitalis.com\/tunisie\/2023\/03\/29\/document-vingt-congressmen-ecrivent-a-antony-blinken-a-propos-de-la-tunisie\/#primaryimage"},"thumbnailUrl":"https:\/\/kapitalis.com\/tunisie\/wp-content\/uploads\/2022\/09\/Tunisie-Etats-Unis.jpg","keywords":["Antony Blinken","Etats-Unis","Ka\u00efs Saied","Tunisie"],"articleSection":["POLITIQUE","TRIBUNE","Tunisie"],"inLanguage":"fr-FR","potentialAction":[{"@type":"CommentAction","name":"Comment","target":["https:\/\/kapitalis.com\/tunisie\/2023\/03\/29\/document-vingt-congressmen-ecrivent-a-antony-blinken-a-propos-de-la-tunisie\/#respond"]}]},{"@type":"WebPage","@id":"https:\/\/kapitalis.com\/tunisie\/2023\/03\/29\/document-vingt-congressmen-ecrivent-a-antony-blinken-a-propos-de-la-tunisie\/","url":"https:\/\/kapitalis.com\/tunisie\/2023\/03\/29\/document-vingt-congressmen-ecrivent-a-antony-blinken-a-propos-de-la-tunisie\/","name":"Document\u00a0: vingt congressmen \u00e9crivent \u00e0 Antony Blinken \u00e0 propos de la Tunisie \u00a0\u00a0 - Kapitalis","isPartOf":{"@id":"https:\/\/kapitalis.com\/tunisie\/#website"},"primaryImageOfPage":{"@id":"https:\/\/kapitalis.com\/tunisie\/2023\/03\/29\/document-vingt-congressmen-ecrivent-a-antony-blinken-a-propos-de-la-tunisie\/#primaryimage"},"image":{"@id":"https:\/\/kapitalis.com\/tunisie\/2023\/03\/29\/document-vingt-congressmen-ecrivent-a-antony-blinken-a-propos-de-la-tunisie\/#primaryimage"},"thumbnailUrl":"https:\/\/kapitalis.com\/tunisie\/wp-content\/uploads\/2022\/09\/Tunisie-Etats-Unis.jpg","datePublished":"2023-03-29T13:18:04+00:00","dateModified":"2023-03-29T18:50:41+00:00","breadcrumb":{"@id":"https:\/\/kapitalis.com\/tunisie\/2023\/03\/29\/document-vingt-congressmen-ecrivent-a-antony-blinken-a-propos-de-la-tunisie\/#breadcrumb"},"inLanguage":"fr-FR","potentialAction":[{"@type":"ReadAction","target":["https:\/\/kapitalis.com\/tunisie\/2023\/03\/29\/document-vingt-congressmen-ecrivent-a-antony-blinken-a-propos-de-la-tunisie\/"]}]},{"@type":"ImageObject","inLanguage":"fr-FR","@id":"https:\/\/kapitalis.com\/tunisie\/2023\/03\/29\/document-vingt-congressmen-ecrivent-a-antony-blinken-a-propos-de-la-tunisie\/#primaryimage","url":"https:\/\/kapitalis.com\/tunisie\/wp-content\/uploads\/2022\/09\/Tunisie-Etats-Unis.jpg","contentUrl":"https:\/\/kapitalis.com\/tunisie\/wp-content\/uploads\/2022\/09\/Tunisie-Etats-Unis.jpg","width":1200,"height":630},{"@type":"BreadcrumbList","@id":"https:\/\/kapitalis.com\/tunisie\/2023\/03\/29\/document-vingt-congressmen-ecrivent-a-antony-blinken-a-propos-de-la-tunisie\/#breadcrumb","itemListElement":[{"@type":"ListItem","position":1,"name":"Accueil","item":"https:\/\/kapitalis.com\/tunisie\/"},{"@type":"ListItem","position":2,"name":"Document\u00a0: vingt congressmen \u00e9crivent \u00e0 Antony Blinken \u00e0 propos de la Tunisie \u00a0\u00a0"}]},{"@type":"WebSite","@id":"https:\/\/kapitalis.com\/tunisie\/#website","url":"https:\/\/kapitalis.com\/tunisie\/","name":"Kapitalis","description":"L&#039;actualit\u00e9 en Tunisie et dans le monde","publisher":{"@id":"https:\/\/kapitalis.com\/tunisie\/#organization"},"potentialAction":[{"@type":"SearchAction","target":{"@type":"EntryPoint","urlTemplate":"https:\/\/kapitalis.com\/tunisie\/?s={search_term_string}"},"query-input":{"@type":"PropertyValueSpecification","valueRequired":true,"valueName":"search_term_string"}}],"inLanguage":"fr-FR"},{"@type":"Organization","@id":"https:\/\/kapitalis.com\/tunisie\/#organization","name":"Kapitalis","url":"https:\/\/kapitalis.com\/tunisie\/","logo":{"@type":"ImageObject","inLanguage":"fr-FR","@id":"https:\/\/kapitalis.com\/tunisie\/#\/schema\/logo\/image\/","url":"https:\/\/kapitalis.com\/tunisie\/wp-content\/uploads\/2022\/05\/Kapitalis-big-size.png","contentUrl":"https:\/\/kapitalis.com\/tunisie\/wp-content\/uploads\/2022\/05\/Kapitalis-big-size.png","width":5000,"height":1500,"caption":"Kapitalis"},"image":{"@id":"https:\/\/kapitalis.com\/tunisie\/#\/schema\/logo\/image\/"},"sameAs":["https:\/\/www.facebook.com\/KapitalisInfo\/","https:\/\/x.com\/KapitalisInfo","https:\/\/www.youtube.com\/channel\/UC-yDYrHyfFBWWZaOw3FPg9Q"]},{"@type":"Person","@id":"https:\/\/kapitalis.com\/tunisie\/#\/schema\/person\/d71f33a9ca44f7bad4698210b480c8e9","name":"webmaster kapitalis","url":"https:\/\/kapitalis.com\/tunisie\/author\/webmaster-kapitalis\/"}]}},"_links":{"self":[{"href":"https:\/\/kapitalis.com\/tunisie\/wp-json\/wp\/v2\/posts\/7167042","targetHints":{"allow":["GET"]}}],"collection":[{"href":"https:\/\/kapitalis.com\/tunisie\/wp-json\/wp\/v2\/posts"}],"about":[{"href":"https:\/\/kapitalis.com\/tunisie\/wp-json\/wp\/v2\/types\/post"}],"author":[{"embeddable":true,"href":"https:\/\/kapitalis.com\/tunisie\/wp-json\/wp\/v2\/users\/8"}],"replies":[{"embeddable":true,"href":"https:\/\/kapitalis.com\/tunisie\/wp-json\/wp\/v2\/comments?post=7167042"}],"version-history":[{"count":1,"href":"https:\/\/kapitalis.com\/tunisie\/wp-json\/wp\/v2\/posts\/7167042\/revisions"}],"predecessor-version":[{"id":7167213,"href":"https:\/\/kapitalis.com\/tunisie\/wp-json\/wp\/v2\/posts\/7167042\/revisions\/7167213"}],"wp:featuredmedia":[{"embeddable":true,"href":"https:\/\/kapitalis.com\/tunisie\/wp-json\/wp\/v2\/media\/4173250"}],"wp:attachment":[{"href":"https:\/\/kapitalis.com\/tunisie\/wp-json\/wp\/v2\/media?parent=7167042"}],"wp:term":[{"taxonomy":"category","embeddable":true,"href":"https:\/\/kapitalis.com\/tunisie\/wp-json\/wp\/v2\/categories?post=7167042"},{"taxonomy":"post_tag","embeddable":true,"href":"https:\/\/kapitalis.com\/tunisie\/wp-json\/wp\/v2\/tags?post=7167042"}],"curies":[{"name":"wp","href":"https:\/\/api.w.org\/{rel}","templated":true}]}}