{"id":7176312,"date":"2023-03-30T07:16:50","date_gmt":"2023-03-30T06:16:50","guid":{"rendered":"https:\/\/kapitalis.com\/tunisie\/?p=7176312"},"modified":"2023-03-30T07:16:51","modified_gmt":"2023-03-30T06:16:51","slug":"tunis-accueille-expo-halal-2023-de-loci","status":"publish","type":"post","link":"https:\/\/kapitalis.com\/tunisie\/2023\/03\/30\/tunis-accueille-expo-halal-2023-de-loci\/","title":{"rendered":"Tunis accueille Expo Halal 2023 de l&rsquo;OCI"},"content":{"rendered":"\n<p><strong><em>La Tunisie accueillera du 31 mai au 4 juin 2023 la 10e Foire commerciale Halal de l\u2019Organisation de la coop\u00e9ration islamique (OCI) au parc des expositions du Kram, au nord de Tunis.<\/em><\/strong><\/p>\n\n\n\n<!--more-->\n\n\n\n<p>Cette foire vise \u00e0 accro\u00eetre la part des \u00c9tats membres de l\u2019OCI dans le volume du commerce mondial des produits et services halal et \u00e0 \u00e9tablir des partenariats commerciaux et d\u2019investissement entre les institutions op\u00e9rant dans ce secteur dans les pays membres de l\u2019OCI, lit-on dans un communiqu\u00e9 de presse du minist\u00e8re du Commerce et du D\u00e9veloppement des exportations.<\/p>\n\n\n\n<p>L\u2019\u00e9v\u00e9nement sera organis\u00e9 par le Centre islamique pour le d\u00e9veloppement du commerce (CIDC) de l\u2019OCI, l\u2019Institut de normalisation et de m\u00e9trologie des pays islamiques (INMPI) et les Foires et expositions internationales (IFE Tunisie) sous l\u2019\u00e9gide du minist\u00e8re du Commerce et du D\u00e9veloppement des exportations.<\/p>\n\n\n\n<p>Cet \u00e9v\u00e9nement devrait susciter un int\u00e9r\u00eat local et international et offrir une opportunit\u00e9 d\u2019attirer la communaut\u00e9 des affaires, les agences de d\u00e9veloppement du commerce et les acteurs \u00e9conomiques des pays de l\u2019OCI et du monde.<\/p>\n\n\n\n<p>En marge de l\u2019exposition, plusieurs \u00e9v\u00e9nements seront organis\u00e9s, dont une table-ronde, des \u00e9changes d\u2019exp\u00e9riences dans le domaine de la certification halal entre les \u00c9tats membres de l\u2019OCI, un atelier de formation sur l\u2019acc\u00e8s au march\u00e9 au profit des coop\u00e9ratives f\u00e9minines, des rencontres d\u2019affaires entre vendeurs et acheteurs de l\u2019alimentation et des produits de beaut\u00e9 halal et des visites de terrain dans plusieurs entreprises tunisiennes pionni\u00e8res dans ce domaine.<\/p>\n\n\n\n<p><strong><em>D\u2019apr\u00e8s Tap.<\/em><\/strong><\/p>\n","protected":false},"excerpt":{"rendered":"<p>La 10e Foire commerciale Halal de l\u2019OCI se tiendra du 31 mai au 4 juin 2023 au parc des expositions du Kram, au nord de Tunis.<\/p>\n","protected":false},"author":8,"featured_media":7176361,"comment_status":"open","ping_status":"open","sticky":false,"template":"","format":"standard","meta":{"footnotes":""},"categories":[995,2433],"tags":[107768,218,107767,107766,62643],"class_list":["post-7176312","post","type-post","status-publish","format-standard","has-post-thumbnail","hentry","category-economie","category-tunisie","tag-certification-halal","tag-commerce","tag-expo-halal-2023","tag-organisation-de-la-cooperation-islamique","tag-tunisie"],"yoast_head":"<!-- This site is optimized with the Yoast SEO plugin v26.6 - https:\/\/yoast.com\/wordpress\/plugins\/seo\/ -->\n<title>Tunis accueille Expo Halal 2023 de l&#039;OCI - Kapitalis<\/title>\n<meta name=\"robots\" content=\"index, follow, max-snippet:-1, max-image-preview:large, max-video-preview:-1\" \/>\n<link rel=\"canonical\" href=\"https:\/\/kapitalis.com\/tunisie\/2023\/03\/30\/tunis-accueille-expo-halal-2023-de-loci\/\" \/>\n<meta property=\"og:locale\" content=\"fr_FR\" \/>\n<meta property=\"og:type\" content=\"article\" \/>\n<meta property=\"og:title\" content=\"Tunis accueille Expo Halal 2023 de l&#039;OCI - Kapitalis\" \/>\n<meta property=\"og:description\" content=\"La 10e Foire commerciale Halal de l\u2019OCI se tiendra du 31 mai au 4 juin 2023 au parc des expositions du Kram, au nord de Tunis.\" \/>\n<meta property=\"og:url\" content=\"https:\/\/kapitalis.com\/tunisie\/2023\/03\/30\/tunis-accueille-expo-halal-2023-de-loci\/\" \/>\n<meta property=\"og:site_name\" content=\"Kapitalis\" \/>\n<meta property=\"article:publisher\" content=\"https:\/\/www.facebook.com\/KapitalisInfo\/\" \/>\n<meta property=\"article:published_time\" content=\"2023-03-30T06:16:50+00:00\" \/>\n<meta property=\"article:modified_time\" content=\"2023-03-30T06:16:51+00:00\" \/>\n<meta property=\"og:image\" content=\"https:\/\/kapitalis.com\/tunisie\/wp-content\/uploads\/2023\/03\/Expo-Halal-2023.jpg\" \/>\n\t<meta property=\"og:image:width\" content=\"1200\" \/>\n\t<meta property=\"og:image:height\" content=\"630\" \/>\n\t<meta property=\"og:image:type\" content=\"image\/jpeg\" \/>\n<meta name=\"author\" content=\"webmaster kapitalis\" \/>\n<meta name=\"twitter:card\" content=\"summary_large_image\" \/>\n<meta name=\"twitter:creator\" content=\"@KapitalisInfo\" \/>\n<meta name=\"twitter:site\" content=\"@KapitalisInfo\" \/>\n<meta name=\"twitter:label1\" content=\"\u00c9crit par\" \/>\n\t<meta name=\"twitter:data1\" content=\"webmaster kapitalis\" \/>\n\t<meta name=\"twitter:label2\" content=\"Dur\u00e9e de lecture estim\u00e9e\" \/>\n\t<meta name=\"twitter:data2\" content=\"2 minutes\" \/>\n<script type=\"application\/ld+json\" class=\"yoast-schema-graph\">{\"@context\":\"https:\/\/schema.org\",\"@graph\":[{\"@type\":\"Article\",\"@id\":\"https:\/\/kapitalis.com\/tunisie\/2023\/03\/30\/tunis-accueille-expo-halal-2023-de-loci\/#article\",\"isPartOf\":{\"@id\":\"https:\/\/kapitalis.com\/tunisie\/2023\/03\/30\/tunis-accueille-expo-halal-2023-de-loci\/\"},\"author\":{\"name\":\"webmaster kapitalis\",\"@id\":\"https:\/\/kapitalis.com\/tunisie\/#\/schema\/person\/d71f33a9ca44f7bad4698210b480c8e9\"},\"headline\":\"Tunis accueille Expo Halal 2023 de l&rsquo;OCI\",\"datePublished\":\"2023-03-30T06:16:50+00:00\",\"dateModified\":\"2023-03-30T06:16:51+00:00\",\"mainEntityOfPage\":{\"@id\":\"https:\/\/kapitalis.com\/tunisie\/2023\/03\/30\/tunis-accueille-expo-halal-2023-de-loci\/\"},\"wordCount\":280,\"commentCount\":0,\"publisher\":{\"@id\":\"https:\/\/kapitalis.com\/tunisie\/#organization\"},\"image\":{\"@id\":\"https:\/\/kapitalis.com\/tunisie\/2023\/03\/30\/tunis-accueille-expo-halal-2023-de-loci\/#primaryimage\"},\"thumbnailUrl\":\"https:\/\/kapitalis.com\/tunisie\/wp-content\/uploads\/2023\/03\/Expo-Halal-2023.jpg\",\"keywords\":[\"certification halal\",\"commerce\",\"Expo Halal 2023\",\"Organisation de la coop\u00e9ration islamique\",\"Tunisie\"],\"articleSection\":[\"ECONOMIE\",\"Tunisie\"],\"inLanguage\":\"fr-FR\",\"potentialAction\":[{\"@type\":\"CommentAction\",\"name\":\"Comment\",\"target\":[\"https:\/\/kapitalis.com\/tunisie\/2023\/03\/30\/tunis-accueille-expo-halal-2023-de-loci\/#respond\"]}]},{\"@type\":\"WebPage\",\"@id\":\"https:\/\/kapitalis.com\/tunisie\/2023\/03\/30\/tunis-accueille-expo-halal-2023-de-loci\/\",\"url\":\"https:\/\/kapitalis.com\/tunisie\/2023\/03\/30\/tunis-accueille-expo-halal-2023-de-loci\/\",\"name\":\"Tunis accueille Expo Halal 2023 de l'OCI - Kapitalis\",\"isPartOf\":{\"@id\":\"https:\/\/kapitalis.com\/tunisie\/#website\"},\"primaryImageOfPage\":{\"@id\":\"https:\/\/kapitalis.com\/tunisie\/2023\/03\/30\/tunis-accueille-expo-halal-2023-de-loci\/#primaryimage\"},\"image\":{\"@id\":\"https:\/\/kapitalis.com\/tunisie\/2023\/03\/30\/tunis-accueille-expo-halal-2023-de-loci\/#primaryimage\"},\"thumbnailUrl\":\"https:\/\/kapitalis.com\/tunisie\/wp-content\/uploads\/2023\/03\/Expo-Halal-2023.jpg\",\"datePublished\":\"2023-03-30T06:16:50+00:00\",\"dateModified\":\"2023-03-30T06:16:51+00:00\",\"breadcrumb\":{\"@id\":\"https:\/\/kapitalis.com\/tunisie\/2023\/03\/30\/tunis-accueille-expo-halal-2023-de-loci\/#breadcrumb\"},\"inLanguage\":\"fr-FR\",\"potentialAction\":[{\"@type\":\"ReadAction\",\"target\":[\"https:\/\/kapitalis.com\/tunisie\/2023\/03\/30\/tunis-accueille-expo-halal-2023-de-loci\/\"]}]},{\"@type\":\"ImageObject\",\"inLanguage\":\"fr-FR\",\"@id\":\"https:\/\/kapitalis.com\/tunisie\/2023\/03\/30\/tunis-accueille-expo-halal-2023-de-loci\/#primaryimage\",\"url\":\"https:\/\/kapitalis.com\/tunisie\/wp-content\/uploads\/2023\/03\/Expo-Halal-2023.jpg\",\"contentUrl\":\"https:\/\/kapitalis.com\/tunisie\/wp-content\/uploads\/2023\/03\/Expo-Halal-2023.jpg\",\"width\":1200,\"height\":630},{\"@type\":\"BreadcrumbList\",\"@id\":\"https:\/\/kapitalis.com\/tunisie\/2023\/03\/30\/tunis-accueille-expo-halal-2023-de-loci\/#breadcrumb\",\"itemListElement\":[{\"@type\":\"ListItem\",\"position\":1,\"name\":\"Accueil\",\"item\":\"https:\/\/kapitalis.com\/tunisie\/\"},{\"@type\":\"ListItem\",\"position\":2,\"name\":\"Tunis accueille Expo Halal 2023 de l&rsquo;OCI\"}]},{\"@type\":\"WebSite\",\"@id\":\"https:\/\/kapitalis.com\/tunisie\/#website\",\"url\":\"https:\/\/kapitalis.com\/tunisie\/\",\"name\":\"Kapitalis\",\"description\":\"L&#039;actualit\u00e9 en Tunisie et dans le monde\",\"publisher\":{\"@id\":\"https:\/\/kapitalis.com\/tunisie\/#organization\"},\"potentialAction\":[{\"@type\":\"SearchAction\",\"target\":{\"@type\":\"EntryPoint\",\"urlTemplate\":\"https:\/\/kapitalis.com\/tunisie\/?s={search_term_string}\"},\"query-input\":{\"@type\":\"PropertyValueSpecification\",\"valueRequired\":true,\"valueName\":\"search_term_string\"}}],\"inLanguage\":\"fr-FR\"},{\"@type\":\"Organization\",\"@id\":\"https:\/\/kapitalis.com\/tunisie\/#organization\",\"name\":\"Kapitalis\",\"url\":\"https:\/\/kapitalis.com\/tunisie\/\",\"logo\":{\"@type\":\"ImageObject\",\"inLanguage\":\"fr-FR\",\"@id\":\"https:\/\/kapitalis.com\/tunisie\/#\/schema\/logo\/image\/\",\"url\":\"https:\/\/kapitalis.com\/tunisie\/wp-content\/uploads\/2022\/05\/Kapitalis-big-size.png\",\"contentUrl\":\"https:\/\/kapitalis.com\/tunisie\/wp-content\/uploads\/2022\/05\/Kapitalis-big-size.png\",\"width\":5000,\"height\":1500,\"caption\":\"Kapitalis\"},\"image\":{\"@id\":\"https:\/\/kapitalis.com\/tunisie\/#\/schema\/logo\/image\/\"},\"sameAs\":[\"https:\/\/www.facebook.com\/KapitalisInfo\/\",\"https:\/\/x.com\/KapitalisInfo\",\"https:\/\/www.youtube.com\/channel\/UC-yDYrHyfFBWWZaOw3FPg9Q\"]},{\"@type\":\"Person\",\"@id\":\"https:\/\/kapitalis.com\/tunisie\/#\/schema\/person\/d71f33a9ca44f7bad4698210b480c8e9\",\"name\":\"webmaster kapitalis\",\"url\":\"https:\/\/kapitalis.com\/tunisie\/author\/webmaster-kapitalis\/\"}]}<\/script>\n<!-- \/ Yoast SEO plugin. -->","yoast_head_json":{"title":"Tunis accueille Expo Halal 2023 de l'OCI - Kapitalis","robots":{"index":"index","follow":"follow","max-snippet":"max-snippet:-1","max-image-preview":"max-image-preview:large","max-video-preview":"max-video-preview:-1"},"canonical":"https:\/\/kapitalis.com\/tunisie\/2023\/03\/30\/tunis-accueille-expo-halal-2023-de-loci\/","og_locale":"fr_FR","og_type":"article","og_title":"Tunis accueille Expo Halal 2023 de l'OCI - Kapitalis","og_description":"La 10e Foire commerciale Halal de l\u2019OCI se tiendra du 31 mai au 4 juin 2023 au parc des expositions du Kram, au nord de Tunis.","og_url":"https:\/\/kapitalis.com\/tunisie\/2023\/03\/30\/tunis-accueille-expo-halal-2023-de-loci\/","og_site_name":"Kapitalis","article_publisher":"https:\/\/www.facebook.com\/KapitalisInfo\/","article_published_time":"2023-03-30T06:16:50+00:00","article_modified_time":"2023-03-30T06:16:51+00:00","og_image":[{"width":1200,"height":630,"url":"https:\/\/kapitalis.com\/tunisie\/wp-content\/uploads\/2023\/03\/Expo-Halal-2023.jpg","type":"image\/jpeg"}],"author":"webmaster kapitalis","twitter_card":"summary_large_image","twitter_creator":"@KapitalisInfo","twitter_site":"@KapitalisInfo","twitter_misc":{"\u00c9crit par":"webmaster kapitalis","Dur\u00e9e de lecture estim\u00e9e":"2 minutes"},"schema":{"@context":"https:\/\/schema.org","@graph":[{"@type":"Article","@id":"https:\/\/kapitalis.com\/tunisie\/2023\/03\/30\/tunis-accueille-expo-halal-2023-de-loci\/#article","isPartOf":{"@id":"https:\/\/kapitalis.com\/tunisie\/2023\/03\/30\/tunis-accueille-expo-halal-2023-de-loci\/"},"author":{"name":"webmaster kapitalis","@id":"https:\/\/kapitalis.com\/tunisie\/#\/schema\/person\/d71f33a9ca44f7bad4698210b480c8e9"},"headline":"Tunis accueille Expo Halal 2023 de l&rsquo;OCI","datePublished":"2023-03-30T06:16:50+00:00","dateModified":"2023-03-30T06:16:51+00:00","mainEntityOfPage":{"@id":"https:\/\/kapitalis.com\/tunisie\/2023\/03\/30\/tunis-accueille-expo-halal-2023-de-loci\/"},"wordCount":280,"commentCount":0,"publisher":{"@id":"https:\/\/kapitalis.com\/tunisie\/#organization"},"image":{"@id":"https:\/\/kapitalis.com\/tunisie\/2023\/03\/30\/tunis-accueille-expo-halal-2023-de-loci\/#primaryimage"},"thumbnailUrl":"https:\/\/kapitalis.com\/tunisie\/wp-content\/uploads\/2023\/03\/Expo-Halal-2023.jpg","keywords":["certification halal","commerce","Expo Halal 2023","Organisation de la coop\u00e9ration islamique","Tunisie"],"articleSection":["ECONOMIE","Tunisie"],"inLanguage":"fr-FR","potentialAction":[{"@type":"CommentAction","name":"Comment","target":["https:\/\/kapitalis.com\/tunisie\/2023\/03\/30\/tunis-accueille-expo-halal-2023-de-loci\/#respond"]}]},{"@type":"WebPage","@id":"https:\/\/kapitalis.com\/tunisie\/2023\/03\/30\/tunis-accueille-expo-halal-2023-de-loci\/","url":"https:\/\/kapitalis.com\/tunisie\/2023\/03\/30\/tunis-accueille-expo-halal-2023-de-loci\/","name":"Tunis accueille Expo Halal 2023 de l'OCI - Kapitalis","isPartOf":{"@id":"https:\/\/kapitalis.com\/tunisie\/#website"},"primaryImageOfPage":{"@id":"https:\/\/kapitalis.com\/tunisie\/2023\/03\/30\/tunis-accueille-expo-halal-2023-de-loci\/#primaryimage"},"image":{"@id":"https:\/\/kapitalis.com\/tunisie\/2023\/03\/30\/tunis-accueille-expo-halal-2023-de-loci\/#primaryimage"},"thumbnailUrl":"https:\/\/kapitalis.com\/tunisie\/wp-content\/uploads\/2023\/03\/Expo-Halal-2023.jpg","datePublished":"2023-03-30T06:16:50+00:00","dateModified":"2023-03-30T06:16:51+00:00","breadcrumb":{"@id":"https:\/\/kapitalis.com\/tunisie\/2023\/03\/30\/tunis-accueille-expo-halal-2023-de-loci\/#breadcrumb"},"inLanguage":"fr-FR","potentialAction":[{"@type":"ReadAction","target":["https:\/\/kapitalis.com\/tunisie\/2023\/03\/30\/tunis-accueille-expo-halal-2023-de-loci\/"]}]},{"@type":"ImageObject","inLanguage":"fr-FR","@id":"https:\/\/kapitalis.com\/tunisie\/2023\/03\/30\/tunis-accueille-expo-halal-2023-de-loci\/#primaryimage","url":"https:\/\/kapitalis.com\/tunisie\/wp-content\/uploads\/2023\/03\/Expo-Halal-2023.jpg","contentUrl":"https:\/\/kapitalis.com\/tunisie\/wp-content\/uploads\/2023\/03\/Expo-Halal-2023.jpg","width":1200,"height":630},{"@type":"BreadcrumbList","@id":"https:\/\/kapitalis.com\/tunisie\/2023\/03\/30\/tunis-accueille-expo-halal-2023-de-loci\/#breadcrumb","itemListElement":[{"@type":"ListItem","position":1,"name":"Accueil","item":"https:\/\/kapitalis.com\/tunisie\/"},{"@type":"ListItem","position":2,"name":"Tunis accueille Expo Halal 2023 de l&rsquo;OCI"}]},{"@type":"WebSite","@id":"https:\/\/kapitalis.com\/tunisie\/#website","url":"https:\/\/kapitalis.com\/tunisie\/","name":"Kapitalis","description":"L&#039;actualit\u00e9 en Tunisie et dans le monde","publisher":{"@id":"https:\/\/kapitalis.com\/tunisie\/#organization"},"potentialAction":[{"@type":"SearchAction","target":{"@type":"EntryPoint","urlTemplate":"https:\/\/kapitalis.com\/tunisie\/?s={search_term_string}"},"query-input":{"@type":"PropertyValueSpecification","valueRequired":true,"valueName":"search_term_string"}}],"inLanguage":"fr-FR"},{"@type":"Organization","@id":"https:\/\/kapitalis.com\/tunisie\/#organization","name":"Kapitalis","url":"https:\/\/kapitalis.com\/tunisie\/","logo":{"@type":"ImageObject","inLanguage":"fr-FR","@id":"https:\/\/kapitalis.com\/tunisie\/#\/schema\/logo\/image\/","url":"https:\/\/kapitalis.com\/tunisie\/wp-content\/uploads\/2022\/05\/Kapitalis-big-size.png","contentUrl":"https:\/\/kapitalis.com\/tunisie\/wp-content\/uploads\/2022\/05\/Kapitalis-big-size.png","width":5000,"height":1500,"caption":"Kapitalis"},"image":{"@id":"https:\/\/kapitalis.com\/tunisie\/#\/schema\/logo\/image\/"},"sameAs":["https:\/\/www.facebook.com\/KapitalisInfo\/","https:\/\/x.com\/KapitalisInfo","https:\/\/www.youtube.com\/channel\/UC-yDYrHyfFBWWZaOw3FPg9Q"]},{"@type":"Person","@id":"https:\/\/kapitalis.com\/tunisie\/#\/schema\/person\/d71f33a9ca44f7bad4698210b480c8e9","name":"webmaster kapitalis","url":"https:\/\/kapitalis.com\/tunisie\/author\/webmaster-kapitalis\/"}]}},"_links":{"self":[{"href":"https:\/\/kapitalis.com\/tunisie\/wp-json\/wp\/v2\/posts\/7176312","targetHints":{"allow":["GET"]}}],"collection":[{"href":"https:\/\/kapitalis.com\/tunisie\/wp-json\/wp\/v2\/posts"}],"about":[{"href":"https:\/\/kapitalis.com\/tunisie\/wp-json\/wp\/v2\/types\/post"}],"author":[{"embeddable":true,"href":"https:\/\/kapitalis.com\/tunisie\/wp-json\/wp\/v2\/users\/8"}],"replies":[{"embeddable":true,"href":"https:\/\/kapitalis.com\/tunisie\/wp-json\/wp\/v2\/comments?post=7176312"}],"version-history":[{"count":1,"href":"https:\/\/kapitalis.com\/tunisie\/wp-json\/wp\/v2\/posts\/7176312\/revisions"}],"predecessor-version":[{"id":7176387,"href":"https:\/\/kapitalis.com\/tunisie\/wp-json\/wp\/v2\/posts\/7176312\/revisions\/7176387"}],"wp:featuredmedia":[{"embeddable":true,"href":"https:\/\/kapitalis.com\/tunisie\/wp-json\/wp\/v2\/media\/7176361"}],"wp:attachment":[{"href":"https:\/\/kapitalis.com\/tunisie\/wp-json\/wp\/v2\/media?parent=7176312"}],"wp:term":[{"taxonomy":"category","embeddable":true,"href":"https:\/\/kapitalis.com\/tunisie\/wp-json\/wp\/v2\/categories?post=7176312"},{"taxonomy":"post_tag","embeddable":true,"href":"https:\/\/kapitalis.com\/tunisie\/wp-json\/wp\/v2\/tags?post=7176312"}],"curies":[{"name":"wp","href":"https:\/\/api.w.org\/{rel}","templated":true}]}}