{"id":7176914,"date":"2023-03-30T07:59:09","date_gmt":"2023-03-30T06:59:09","guid":{"rendered":"https:\/\/kapitalis.com\/tunisie\/?p=7176914"},"modified":"2023-03-30T07:59:11","modified_gmt":"2023-03-30T06:59:11","slug":"le-jean-tunisien-commence-a-percer-sur-le-marche-americain","status":"publish","type":"post","link":"https:\/\/kapitalis.com\/tunisie\/2023\/03\/30\/le-jean-tunisien-commence-a-percer-sur-le-marche-americain\/","title":{"rendered":"Le jean tunisien commence \u00e0 percer sur le march\u00e9 am\u00e9ricain"},"content":{"rendered":"\n<p><strong><em>La Tunisie a export\u00e9 60\u00a0000 pi\u00e8ces de jeans d\u2019une valeur de 1,3 million de dollars vers le march\u00e9 am\u00e9ricain au cours des deux premiers mois de 2023, soit une hausse de 35% en nombre et de 9% en valeur par rapport \u00e0 la m\u00eame p\u00e9riode en 2022, a indiqu\u00e9 le Centre technique du textile (Cettex).<\/em><\/strong><\/p>\n\n\n\n<!--more-->\n\n\n\n<p>Le prix moyen du pantalon en jeans tunisien a atteint 21,54$ au cours des deux premiers mois de 2023, contre 26,66$ \u00e0 la m\u00eame p\u00e9riode de 2021, en baisse de 19,23%, selon la lettre \u00e9conomique du Cettex + <em>\u00abLe jean tunisien reprend des couleurs sur le march\u00e9 am\u00e9ricain en 2022 et d\u00e9but 2023\u00bb<\/em>, publi\u00e9 lundi 27 mars 2023.<\/p>\n\n\n\n<p>Le march\u00e9 am\u00e9ricain du jean, qui compte 330 millions de consommateurs, est le deuxi\u00e8me march\u00e9 d\u2019importation de jeans au monde. Ses importations, au cours des deux premiers mois de 2023, ont atteint 27 millions de pi\u00e8ces.<\/p>\n\n\n\n<p>Malgr\u00e9 l\u2019absence d\u2019accord commercial avec les Etats-Unis, la Tunisie devance dans ce secteur les autres pays qui ont sign\u00e9 des accords de libre-\u00e9change avec ce pays, a indiqu\u00e9 le bulletin du Cettex.<\/p>\n\n\n\n<p>En effet, la Tunisie a export\u00e9, en 2022, 760&nbsp;000 pi\u00e8ces vers les USA, d\u2019une valeur de 17,48 millions de dollars, enregistrant une croissance notable de 107,8% en nombre et 87,2% en valeur, par rapport \u00e0 2021.<\/p>\n\n\n\n<p>Le prix moyen des pantalons jeans tunisiens a baiss\u00e9 de 9,8%, \u00e0 22,98$ en 2022, contre 25,5$ en 2021.<\/p>\n\n\n\n<h2 class=\"wp-block-heading\">Faire de la Tunisie un site leader du jean \u00e9cologique<\/h2>\n\n\n\n<p>Pour le Cettex, le march\u00e9 am\u00e9ricain du jean repr\u00e9sente une opportunit\u00e9 certaine pour le secteur textile-habillement tunisien, dont l\u2019acc\u00e8s est actuellement entrav\u00e9 par des droits de douane de 17%.<\/p>\n\n\n\n<p>En 2022, le Bangladesh, le Mexique, le Pakistan, le Vietnam, la Chine, l\u2019\u00c9gypte et le Cambodge repr\u00e9sentaient 82% du march\u00e9 am\u00e9ricain. Cependant, la Tunisie avait une part de march\u00e9 de 0,42% et le Maroc de 0,07%.<\/p>\n\n\n\n<p>Afin d\u2019acc\u00e9der \u00e0 ce march\u00e9 et d\u2019y \u00eatre bien positionn\u00e9, le Cettex a recommand\u00e9 de privil\u00e9gier la production de jeans \u00e0 haute valeur ajout\u00e9e et d\u2019inciter les entreprises de jeans \u00e0 fabriquer des produits \u00e9cologiques \u00e0 haute valeur ajout\u00e9e (z\u00e9ro consommation d\u2019eau et z\u00e9ro pollution).<\/p>\n\n\n\n<p>Le centre a \u00e9galement soulign\u00e9 la n\u00e9cessit\u00e9 d&rsquo;adopter une d\u00e9marche de communication et de promotion en partenariat avec les leaders mondiaux des technologies vertes afin de faire de la Tunisie un site reconnu et leader du jean \u00e9cologique \u00e0 l\u2019\u00e9chelle mondiale.<\/p>\n","protected":false},"excerpt":{"rendered":"<p>La Tunisie a export\u00e9 60 000 pi\u00e8ces de jeans d\u2019une valeur de 1,3 million de dollars vers le march\u00e9 am\u00e9ricain au cours des deux premiers mois de 2023. <\/p>\n","protected":false},"author":8,"featured_media":7177071,"comment_status":"open","ping_status":"open","sticky":false,"template":"","format":"standard","meta":{"footnotes":""},"categories":[995,2433],"tags":[6009,218,75918,107770,6291,5763,62643],"class_list":["post-7176914","post","type-post","status-publish","format-standard","has-post-thumbnail","hentry","category-economie","category-tunisie","tag-cettex","tag-commerce","tag-etats-unis-2","tag-jean-ecologique","tag-jeans","tag-textile-habillement","tag-tunisie"],"yoast_head":"<!-- This site is optimized with the Yoast SEO plugin v26.6 - https:\/\/yoast.com\/wordpress\/plugins\/seo\/ -->\n<title>Le jean tunisien commence \u00e0 percer sur le march\u00e9 am\u00e9ricain - Kapitalis<\/title>\n<meta name=\"robots\" content=\"index, follow, max-snippet:-1, max-image-preview:large, max-video-preview:-1\" \/>\n<link rel=\"canonical\" href=\"https:\/\/kapitalis.com\/tunisie\/2023\/03\/30\/le-jean-tunisien-commence-a-percer-sur-le-marche-americain\/\" \/>\n<meta property=\"og:locale\" content=\"fr_FR\" \/>\n<meta property=\"og:type\" content=\"article\" \/>\n<meta property=\"og:title\" content=\"Le jean tunisien commence \u00e0 percer sur le march\u00e9 am\u00e9ricain - Kapitalis\" \/>\n<meta property=\"og:description\" content=\"La Tunisie a export\u00e9 60 000 pi\u00e8ces de jeans d\u2019une valeur de 1,3 million de dollars vers le march\u00e9 am\u00e9ricain au cours des deux premiers mois de 2023.\" \/>\n<meta property=\"og:url\" content=\"https:\/\/kapitalis.com\/tunisie\/2023\/03\/30\/le-jean-tunisien-commence-a-percer-sur-le-marche-americain\/\" \/>\n<meta property=\"og:site_name\" content=\"Kapitalis\" \/>\n<meta property=\"article:publisher\" content=\"https:\/\/www.facebook.com\/KapitalisInfo\/\" \/>\n<meta property=\"article:published_time\" content=\"2023-03-30T06:59:09+00:00\" \/>\n<meta property=\"article:modified_time\" content=\"2023-03-30T06:59:11+00:00\" \/>\n<meta property=\"og:image\" content=\"https:\/\/kapitalis.com\/tunisie\/wp-content\/uploads\/2023\/03\/Cettex.jpg\" \/>\n\t<meta property=\"og:image:width\" content=\"1200\" \/>\n\t<meta property=\"og:image:height\" content=\"630\" \/>\n\t<meta property=\"og:image:type\" content=\"image\/jpeg\" \/>\n<meta name=\"author\" content=\"webmaster kapitalis\" \/>\n<meta name=\"twitter:card\" content=\"summary_large_image\" \/>\n<meta name=\"twitter:creator\" content=\"@KapitalisInfo\" \/>\n<meta name=\"twitter:site\" content=\"@KapitalisInfo\" \/>\n<meta name=\"twitter:label1\" content=\"\u00c9crit par\" \/>\n\t<meta name=\"twitter:data1\" content=\"webmaster kapitalis\" \/>\n\t<meta name=\"twitter:label2\" content=\"Dur\u00e9e de lecture estim\u00e9e\" \/>\n\t<meta name=\"twitter:data2\" content=\"3 minutes\" \/>\n<script type=\"application\/ld+json\" class=\"yoast-schema-graph\">{\"@context\":\"https:\/\/schema.org\",\"@graph\":[{\"@type\":\"Article\",\"@id\":\"https:\/\/kapitalis.com\/tunisie\/2023\/03\/30\/le-jean-tunisien-commence-a-percer-sur-le-marche-americain\/#article\",\"isPartOf\":{\"@id\":\"https:\/\/kapitalis.com\/tunisie\/2023\/03\/30\/le-jean-tunisien-commence-a-percer-sur-le-marche-americain\/\"},\"author\":{\"name\":\"webmaster kapitalis\",\"@id\":\"https:\/\/kapitalis.com\/tunisie\/#\/schema\/person\/d71f33a9ca44f7bad4698210b480c8e9\"},\"headline\":\"Le jean tunisien commence \u00e0 percer sur le march\u00e9 am\u00e9ricain\",\"datePublished\":\"2023-03-30T06:59:09+00:00\",\"dateModified\":\"2023-03-30T06:59:11+00:00\",\"mainEntityOfPage\":{\"@id\":\"https:\/\/kapitalis.com\/tunisie\/2023\/03\/30\/le-jean-tunisien-commence-a-percer-sur-le-marche-americain\/\"},\"wordCount\":402,\"commentCount\":1,\"publisher\":{\"@id\":\"https:\/\/kapitalis.com\/tunisie\/#organization\"},\"image\":{\"@id\":\"https:\/\/kapitalis.com\/tunisie\/2023\/03\/30\/le-jean-tunisien-commence-a-percer-sur-le-marche-americain\/#primaryimage\"},\"thumbnailUrl\":\"https:\/\/kapitalis.com\/tunisie\/wp-content\/uploads\/2023\/03\/Cettex.jpg\",\"keywords\":[\"Cettex\",\"commerce\",\"Etats-Unis\",\"jean \u00e9cologique\",\"jeans\",\"textile-habillement\",\"Tunisie\"],\"articleSection\":[\"ECONOMIE\",\"Tunisie\"],\"inLanguage\":\"fr-FR\",\"potentialAction\":[{\"@type\":\"CommentAction\",\"name\":\"Comment\",\"target\":[\"https:\/\/kapitalis.com\/tunisie\/2023\/03\/30\/le-jean-tunisien-commence-a-percer-sur-le-marche-americain\/#respond\"]}]},{\"@type\":\"WebPage\",\"@id\":\"https:\/\/kapitalis.com\/tunisie\/2023\/03\/30\/le-jean-tunisien-commence-a-percer-sur-le-marche-americain\/\",\"url\":\"https:\/\/kapitalis.com\/tunisie\/2023\/03\/30\/le-jean-tunisien-commence-a-percer-sur-le-marche-americain\/\",\"name\":\"Le jean tunisien commence \u00e0 percer sur le march\u00e9 am\u00e9ricain - Kapitalis\",\"isPartOf\":{\"@id\":\"https:\/\/kapitalis.com\/tunisie\/#website\"},\"primaryImageOfPage\":{\"@id\":\"https:\/\/kapitalis.com\/tunisie\/2023\/03\/30\/le-jean-tunisien-commence-a-percer-sur-le-marche-americain\/#primaryimage\"},\"image\":{\"@id\":\"https:\/\/kapitalis.com\/tunisie\/2023\/03\/30\/le-jean-tunisien-commence-a-percer-sur-le-marche-americain\/#primaryimage\"},\"thumbnailUrl\":\"https:\/\/kapitalis.com\/tunisie\/wp-content\/uploads\/2023\/03\/Cettex.jpg\",\"datePublished\":\"2023-03-30T06:59:09+00:00\",\"dateModified\":\"2023-03-30T06:59:11+00:00\",\"breadcrumb\":{\"@id\":\"https:\/\/kapitalis.com\/tunisie\/2023\/03\/30\/le-jean-tunisien-commence-a-percer-sur-le-marche-americain\/#breadcrumb\"},\"inLanguage\":\"fr-FR\",\"potentialAction\":[{\"@type\":\"ReadAction\",\"target\":[\"https:\/\/kapitalis.com\/tunisie\/2023\/03\/30\/le-jean-tunisien-commence-a-percer-sur-le-marche-americain\/\"]}]},{\"@type\":\"ImageObject\",\"inLanguage\":\"fr-FR\",\"@id\":\"https:\/\/kapitalis.com\/tunisie\/2023\/03\/30\/le-jean-tunisien-commence-a-percer-sur-le-marche-americain\/#primaryimage\",\"url\":\"https:\/\/kapitalis.com\/tunisie\/wp-content\/uploads\/2023\/03\/Cettex.jpg\",\"contentUrl\":\"https:\/\/kapitalis.com\/tunisie\/wp-content\/uploads\/2023\/03\/Cettex.jpg\",\"width\":1200,\"height\":630},{\"@type\":\"BreadcrumbList\",\"@id\":\"https:\/\/kapitalis.com\/tunisie\/2023\/03\/30\/le-jean-tunisien-commence-a-percer-sur-le-marche-americain\/#breadcrumb\",\"itemListElement\":[{\"@type\":\"ListItem\",\"position\":1,\"name\":\"Accueil\",\"item\":\"https:\/\/kapitalis.com\/tunisie\/\"},{\"@type\":\"ListItem\",\"position\":2,\"name\":\"Le jean tunisien commence \u00e0 percer sur le march\u00e9 am\u00e9ricain\"}]},{\"@type\":\"WebSite\",\"@id\":\"https:\/\/kapitalis.com\/tunisie\/#website\",\"url\":\"https:\/\/kapitalis.com\/tunisie\/\",\"name\":\"Kapitalis\",\"description\":\"L&#039;actualit\u00e9 en Tunisie et dans le monde\",\"publisher\":{\"@id\":\"https:\/\/kapitalis.com\/tunisie\/#organization\"},\"potentialAction\":[{\"@type\":\"SearchAction\",\"target\":{\"@type\":\"EntryPoint\",\"urlTemplate\":\"https:\/\/kapitalis.com\/tunisie\/?s={search_term_string}\"},\"query-input\":{\"@type\":\"PropertyValueSpecification\",\"valueRequired\":true,\"valueName\":\"search_term_string\"}}],\"inLanguage\":\"fr-FR\"},{\"@type\":\"Organization\",\"@id\":\"https:\/\/kapitalis.com\/tunisie\/#organization\",\"name\":\"Kapitalis\",\"url\":\"https:\/\/kapitalis.com\/tunisie\/\",\"logo\":{\"@type\":\"ImageObject\",\"inLanguage\":\"fr-FR\",\"@id\":\"https:\/\/kapitalis.com\/tunisie\/#\/schema\/logo\/image\/\",\"url\":\"https:\/\/kapitalis.com\/tunisie\/wp-content\/uploads\/2022\/05\/Kapitalis-big-size.png\",\"contentUrl\":\"https:\/\/kapitalis.com\/tunisie\/wp-content\/uploads\/2022\/05\/Kapitalis-big-size.png\",\"width\":5000,\"height\":1500,\"caption\":\"Kapitalis\"},\"image\":{\"@id\":\"https:\/\/kapitalis.com\/tunisie\/#\/schema\/logo\/image\/\"},\"sameAs\":[\"https:\/\/www.facebook.com\/KapitalisInfo\/\",\"https:\/\/x.com\/KapitalisInfo\",\"https:\/\/www.youtube.com\/channel\/UC-yDYrHyfFBWWZaOw3FPg9Q\"]},{\"@type\":\"Person\",\"@id\":\"https:\/\/kapitalis.com\/tunisie\/#\/schema\/person\/d71f33a9ca44f7bad4698210b480c8e9\",\"name\":\"webmaster kapitalis\",\"url\":\"https:\/\/kapitalis.com\/tunisie\/author\/webmaster-kapitalis\/\"}]}<\/script>\n<!-- \/ Yoast SEO plugin. -->","yoast_head_json":{"title":"Le jean tunisien commence \u00e0 percer sur le march\u00e9 am\u00e9ricain - Kapitalis","robots":{"index":"index","follow":"follow","max-snippet":"max-snippet:-1","max-image-preview":"max-image-preview:large","max-video-preview":"max-video-preview:-1"},"canonical":"https:\/\/kapitalis.com\/tunisie\/2023\/03\/30\/le-jean-tunisien-commence-a-percer-sur-le-marche-americain\/","og_locale":"fr_FR","og_type":"article","og_title":"Le jean tunisien commence \u00e0 percer sur le march\u00e9 am\u00e9ricain - Kapitalis","og_description":"La Tunisie a export\u00e9 60 000 pi\u00e8ces de jeans d\u2019une valeur de 1,3 million de dollars vers le march\u00e9 am\u00e9ricain au cours des deux premiers mois de 2023.","og_url":"https:\/\/kapitalis.com\/tunisie\/2023\/03\/30\/le-jean-tunisien-commence-a-percer-sur-le-marche-americain\/","og_site_name":"Kapitalis","article_publisher":"https:\/\/www.facebook.com\/KapitalisInfo\/","article_published_time":"2023-03-30T06:59:09+00:00","article_modified_time":"2023-03-30T06:59:11+00:00","og_image":[{"width":1200,"height":630,"url":"https:\/\/kapitalis.com\/tunisie\/wp-content\/uploads\/2023\/03\/Cettex.jpg","type":"image\/jpeg"}],"author":"webmaster kapitalis","twitter_card":"summary_large_image","twitter_creator":"@KapitalisInfo","twitter_site":"@KapitalisInfo","twitter_misc":{"\u00c9crit par":"webmaster kapitalis","Dur\u00e9e de lecture estim\u00e9e":"3 minutes"},"schema":{"@context":"https:\/\/schema.org","@graph":[{"@type":"Article","@id":"https:\/\/kapitalis.com\/tunisie\/2023\/03\/30\/le-jean-tunisien-commence-a-percer-sur-le-marche-americain\/#article","isPartOf":{"@id":"https:\/\/kapitalis.com\/tunisie\/2023\/03\/30\/le-jean-tunisien-commence-a-percer-sur-le-marche-americain\/"},"author":{"name":"webmaster kapitalis","@id":"https:\/\/kapitalis.com\/tunisie\/#\/schema\/person\/d71f33a9ca44f7bad4698210b480c8e9"},"headline":"Le jean tunisien commence \u00e0 percer sur le march\u00e9 am\u00e9ricain","datePublished":"2023-03-30T06:59:09+00:00","dateModified":"2023-03-30T06:59:11+00:00","mainEntityOfPage":{"@id":"https:\/\/kapitalis.com\/tunisie\/2023\/03\/30\/le-jean-tunisien-commence-a-percer-sur-le-marche-americain\/"},"wordCount":402,"commentCount":1,"publisher":{"@id":"https:\/\/kapitalis.com\/tunisie\/#organization"},"image":{"@id":"https:\/\/kapitalis.com\/tunisie\/2023\/03\/30\/le-jean-tunisien-commence-a-percer-sur-le-marche-americain\/#primaryimage"},"thumbnailUrl":"https:\/\/kapitalis.com\/tunisie\/wp-content\/uploads\/2023\/03\/Cettex.jpg","keywords":["Cettex","commerce","Etats-Unis","jean \u00e9cologique","jeans","textile-habillement","Tunisie"],"articleSection":["ECONOMIE","Tunisie"],"inLanguage":"fr-FR","potentialAction":[{"@type":"CommentAction","name":"Comment","target":["https:\/\/kapitalis.com\/tunisie\/2023\/03\/30\/le-jean-tunisien-commence-a-percer-sur-le-marche-americain\/#respond"]}]},{"@type":"WebPage","@id":"https:\/\/kapitalis.com\/tunisie\/2023\/03\/30\/le-jean-tunisien-commence-a-percer-sur-le-marche-americain\/","url":"https:\/\/kapitalis.com\/tunisie\/2023\/03\/30\/le-jean-tunisien-commence-a-percer-sur-le-marche-americain\/","name":"Le jean tunisien commence \u00e0 percer sur le march\u00e9 am\u00e9ricain - Kapitalis","isPartOf":{"@id":"https:\/\/kapitalis.com\/tunisie\/#website"},"primaryImageOfPage":{"@id":"https:\/\/kapitalis.com\/tunisie\/2023\/03\/30\/le-jean-tunisien-commence-a-percer-sur-le-marche-americain\/#primaryimage"},"image":{"@id":"https:\/\/kapitalis.com\/tunisie\/2023\/03\/30\/le-jean-tunisien-commence-a-percer-sur-le-marche-americain\/#primaryimage"},"thumbnailUrl":"https:\/\/kapitalis.com\/tunisie\/wp-content\/uploads\/2023\/03\/Cettex.jpg","datePublished":"2023-03-30T06:59:09+00:00","dateModified":"2023-03-30T06:59:11+00:00","breadcrumb":{"@id":"https:\/\/kapitalis.com\/tunisie\/2023\/03\/30\/le-jean-tunisien-commence-a-percer-sur-le-marche-americain\/#breadcrumb"},"inLanguage":"fr-FR","potentialAction":[{"@type":"ReadAction","target":["https:\/\/kapitalis.com\/tunisie\/2023\/03\/30\/le-jean-tunisien-commence-a-percer-sur-le-marche-americain\/"]}]},{"@type":"ImageObject","inLanguage":"fr-FR","@id":"https:\/\/kapitalis.com\/tunisie\/2023\/03\/30\/le-jean-tunisien-commence-a-percer-sur-le-marche-americain\/#primaryimage","url":"https:\/\/kapitalis.com\/tunisie\/wp-content\/uploads\/2023\/03\/Cettex.jpg","contentUrl":"https:\/\/kapitalis.com\/tunisie\/wp-content\/uploads\/2023\/03\/Cettex.jpg","width":1200,"height":630},{"@type":"BreadcrumbList","@id":"https:\/\/kapitalis.com\/tunisie\/2023\/03\/30\/le-jean-tunisien-commence-a-percer-sur-le-marche-americain\/#breadcrumb","itemListElement":[{"@type":"ListItem","position":1,"name":"Accueil","item":"https:\/\/kapitalis.com\/tunisie\/"},{"@type":"ListItem","position":2,"name":"Le jean tunisien commence \u00e0 percer sur le march\u00e9 am\u00e9ricain"}]},{"@type":"WebSite","@id":"https:\/\/kapitalis.com\/tunisie\/#website","url":"https:\/\/kapitalis.com\/tunisie\/","name":"Kapitalis","description":"L&#039;actualit\u00e9 en Tunisie et dans le monde","publisher":{"@id":"https:\/\/kapitalis.com\/tunisie\/#organization"},"potentialAction":[{"@type":"SearchAction","target":{"@type":"EntryPoint","urlTemplate":"https:\/\/kapitalis.com\/tunisie\/?s={search_term_string}"},"query-input":{"@type":"PropertyValueSpecification","valueRequired":true,"valueName":"search_term_string"}}],"inLanguage":"fr-FR"},{"@type":"Organization","@id":"https:\/\/kapitalis.com\/tunisie\/#organization","name":"Kapitalis","url":"https:\/\/kapitalis.com\/tunisie\/","logo":{"@type":"ImageObject","inLanguage":"fr-FR","@id":"https:\/\/kapitalis.com\/tunisie\/#\/schema\/logo\/image\/","url":"https:\/\/kapitalis.com\/tunisie\/wp-content\/uploads\/2022\/05\/Kapitalis-big-size.png","contentUrl":"https:\/\/kapitalis.com\/tunisie\/wp-content\/uploads\/2022\/05\/Kapitalis-big-size.png","width":5000,"height":1500,"caption":"Kapitalis"},"image":{"@id":"https:\/\/kapitalis.com\/tunisie\/#\/schema\/logo\/image\/"},"sameAs":["https:\/\/www.facebook.com\/KapitalisInfo\/","https:\/\/x.com\/KapitalisInfo","https:\/\/www.youtube.com\/channel\/UC-yDYrHyfFBWWZaOw3FPg9Q"]},{"@type":"Person","@id":"https:\/\/kapitalis.com\/tunisie\/#\/schema\/person\/d71f33a9ca44f7bad4698210b480c8e9","name":"webmaster kapitalis","url":"https:\/\/kapitalis.com\/tunisie\/author\/webmaster-kapitalis\/"}]}},"_links":{"self":[{"href":"https:\/\/kapitalis.com\/tunisie\/wp-json\/wp\/v2\/posts\/7176914","targetHints":{"allow":["GET"]}}],"collection":[{"href":"https:\/\/kapitalis.com\/tunisie\/wp-json\/wp\/v2\/posts"}],"about":[{"href":"https:\/\/kapitalis.com\/tunisie\/wp-json\/wp\/v2\/types\/post"}],"author":[{"embeddable":true,"href":"https:\/\/kapitalis.com\/tunisie\/wp-json\/wp\/v2\/users\/8"}],"replies":[{"embeddable":true,"href":"https:\/\/kapitalis.com\/tunisie\/wp-json\/wp\/v2\/comments?post=7176914"}],"version-history":[{"count":1,"href":"https:\/\/kapitalis.com\/tunisie\/wp-json\/wp\/v2\/posts\/7176914\/revisions"}],"predecessor-version":[{"id":7177085,"href":"https:\/\/kapitalis.com\/tunisie\/wp-json\/wp\/v2\/posts\/7176914\/revisions\/7177085"}],"wp:featuredmedia":[{"embeddable":true,"href":"https:\/\/kapitalis.com\/tunisie\/wp-json\/wp\/v2\/media\/7177071"}],"wp:attachment":[{"href":"https:\/\/kapitalis.com\/tunisie\/wp-json\/wp\/v2\/media?parent=7176914"}],"wp:term":[{"taxonomy":"category","embeddable":true,"href":"https:\/\/kapitalis.com\/tunisie\/wp-json\/wp\/v2\/categories?post=7176914"},{"taxonomy":"post_tag","embeddable":true,"href":"https:\/\/kapitalis.com\/tunisie\/wp-json\/wp\/v2\/tags?post=7176914"}],"curies":[{"name":"wp","href":"https:\/\/api.w.org\/{rel}","templated":true}]}}