{"id":7180931,"date":"2023-03-30T11:13:33","date_gmt":"2023-03-30T10:13:33","guid":{"rendered":"https:\/\/kapitalis.com\/tunisie\/?p=7180931"},"modified":"2023-03-30T11:13:34","modified_gmt":"2023-03-30T10:13:34","slug":"tunisie-lenergie-solaire-relance-une-ecole-en-difficulte-a-makthar","status":"publish","type":"post","link":"https:\/\/kapitalis.com\/tunisie\/2023\/03\/30\/tunisie-lenergie-solaire-relance-une-ecole-en-difficulte-a-makthar\/","title":{"rendered":"Tunisie : l&rsquo;\u00e9nergie solaire relance une \u00e9cole en difficult\u00e9 \u00e0 Makthar"},"content":{"rendered":"\n<p><strong><em>Une \u00e9cole \u00e0 \u00e9nergie solaire dans le nord-ouest de la Tunisie montre comment les \u00e9coles en retard du pays pourraient \u00eatre remises \u00e0 niveau \u2013 et les \u00e9nergies renouvelables boost\u00e9es.<\/em><\/strong><\/p>\n\n\n\n<p>Par <strong>Menna A. Farouk<\/strong> *<\/p>\n\n\n\n<!--more-->\n\n\n<div class=\"wp-block-image\">\n<figure class=\"alignleft size-full\"><img loading=\"lazy\" decoding=\"async\" width=\"200\" height=\"200\" src=\"https:\/\/kapitalis.com\/tunisie\/wp-content\/uploads\/2023\/02\/Menna-Farouk.jpg\" alt=\"\" class=\"wp-image-6522241\" srcset=\"https:\/\/kapitalis.com\/tunisie\/wp-content\/uploads\/2023\/02\/Menna-Farouk.jpg 200w, https:\/\/kapitalis.com\/tunisie\/wp-content\/uploads\/2023\/02\/Menna-Farouk-150x150.jpg 150w, https:\/\/kapitalis.com\/tunisie\/wp-content\/uploads\/2023\/02\/Menna-Farouk-120x120.jpg 120w\" sizes=\"auto, (max-width: 200px) 100vw, 200px\" \/><\/figure>\n<\/div>\n\n\n<p>Il y a dix ans, l\u2019internat de Makthar, dans le nord de la Tunisie, avait peu d\u2019eau potable ou de chauffage, une mauvaise alimentation et pas d\u2019\u00e9lectricit\u00e9 pour ses quelque 570 \u00e9l\u00e8ves.<\/p>\n\n\n\n<p>Mais maintenant, les chauffe-eau solaires assurent l\u2019eau chaude pour les douches et les panneaux solaires produisent suffisamment d\u2019\u00e9lectricit\u00e9 non seulement pour alimenter l\u2019\u00e9cole et trois autres \u00e0 proximit\u00e9, mais aussi pour alimenter le r\u00e9seau national, fournissant un petit revenu pour payer d\u2019autres frais scolaires.<\/p>\n\n\n\n<p>Lotfi Hamadi, un entrepreneur tunisien qui a aid\u00e9 \u00e0 financer les installations d\u2019\u00e9nergie renouvelable, esp\u00e8re qu\u2019elles pourront \u00eatre \u00e9tendues \u00e0 davantage d\u2019\u00e9coles, les rendant plus efficaces \u00e0 g\u00e9rer et plus propices \u00e0 l\u2019apprentissage \u2013 et freinant le taux d\u2019abandon scolaire pr\u00e9matur\u00e9 dans le pays.<\/p>\n\n\n\n<p><em>\u00abJ\u2019esp\u00e8re que l\u2019exp\u00e9rience r\u00e9ussie de cette \u00e9cole en tant qu\u2019entreprise sociale pourra aider \u00e0 \u00e9viter la d\u00e9t\u00e9rioration du secteur scolaire public \u00e0 travers la Tunisie\u00bb<\/em>, a d\u00e9clar\u00e9 l\u2019homme de 46 ans dans une interview \u00e0 la Fondation Thomson Reuters.<\/p>\n\n\n\n<p>Hamadi, le fondateur de Wallah We Can, une organisation \u00e0 but non lucratif, a grandi en France et a d\u00e9m\u00e9nag\u00e9 au Canada, mais est retourn\u00e9 en Tunisie apr\u00e8s que feu le pr\u00e9sident Zine El Abidine Ben Ali a \u00e9t\u00e9 renvers\u00e9 lors d\u2019une r\u00e9volution en 2011.<\/p>\n\n\n\n<h2 class=\"wp-block-heading\">R\u00e9duire les dettes de l\u2019\u00e9cole<\/h2>\n\n\n\n<p>Conscient des probl\u00e8mes de l\u2019\u00e9cole de Makthar \u2013 dans le gouvernorat de Siliana \u2013, Hamadi a commenc\u00e9 \u00e0 collecter des fonds aupr\u00e8s d\u2019entreprises donatrices pour aider \u00e0 att\u00e9nuer le genre de probl\u00e8mes qui ont conduit environ 526 000 \u00e9l\u00e8ves \u00e0 abandonner l\u2019\u00e9cole au cours des cinq derni\u00e8res ann\u00e9es, environ 22% de la population scolaire.<\/p>\n\n\n\n<p>Avec 100 000 dinars tunisiens (32 250 dollars), il a achet\u00e9 50 chauffe-eau solaires et des panneaux photovolta\u00efques capables de produire 45 000 kilowattheures (kWh) d\u2019\u00e9lectricit\u00e9, soit quatre fois plus que l\u2019\u00e9cole a besoin pour fonctionner.<\/p>\n\n\n\n<p>Alors qu\u2019une partie de l\u2019exc\u00e9dent est fournie gratuitement \u00e0 d\u2019autres \u00e9coles voisines, une petite partie est vendue au r\u00e9seau \u00e9lectrique national tunisien, g\u00e9n\u00e9rant environ 6 000 dinars (1 915 $) de revenus par an, qui ont \u00e9t\u00e9 utilis\u00e9s pour r\u00e9duire les dettes de l\u2019\u00e9cole et faire face \u00e0 d\u2019autres d\u00e9penses.<\/p>\n\n\n\n<figure class=\"wp-block-embed is-type-wp-embed is-provider-kapitalis wp-block-embed-kapitalis\"><div class=\"wp-block-embed__wrapper\">\n<blockquote class=\"wp-embedded-content\" data-secret=\"dqjYvZyVz9\"><a href=\"https:\/\/kapitalis.com\/tunisie\/2023\/03\/18\/les-pecheurs-tunisiens-luttent-alors-que-le-changement-climatique-erode-leurs-revenus\/\">Les p\u00eacheurs tunisiens luttent, alors que le changement climatique \u00e9rode leurs revenus<\/a><\/blockquote><iframe loading=\"lazy\" class=\"wp-embedded-content\" sandbox=\"allow-scripts\" security=\"restricted\" style=\"position: absolute; clip: rect(1px, 1px, 1px, 1px);\" title=\"\u00ab\u00a0Les p\u00eacheurs tunisiens luttent, alors que le changement climatique \u00e9rode leurs revenus\u00a0\u00bb &#8212; Kapitalis\" src=\"https:\/\/kapitalis.com\/tunisie\/2023\/03\/18\/les-pecheurs-tunisiens-luttent-alors-que-le-changement-climatique-erode-leurs-revenus\/embed\/#?secret=89Eqi3iPZp#?secret=dqjYvZyVz9\" data-secret=\"dqjYvZyVz9\" width=\"600\" height=\"338\" frameborder=\"0\" marginwidth=\"0\" marginheight=\"0\" scrolling=\"no\"><\/iframe>\n<\/div><\/figure>\n\n\n\n<p>Le projet s\u2019inscrit dans une volont\u00e9 du gouvernement tunisien d\u2019atteindre au moins 4 000 m\u00e9gawatts (MW) d\u2019\u00e9nergie renouvelable d&rsquo;ici 2030 \u2013 \u00e0 la fois solaire et \u00e9olienne \u2013 couvrant 35% de l\u2019\u00e9lectricit\u00e9 du pays, alors qu\u2019il cherche \u00e0 r\u00e9duire ses importations de gaz naturel.<\/p>\n\n\n\n<p>La Tunisie a investi ces derni\u00e8res ann\u00e9es des centaines de millions de dollars dans des projets d\u2019\u00e9nergies renouvelables allant des centrales solaires aux parcs \u00e9oliens, et ses responsables ont rencontr\u00e9 des institutions financi\u00e8res mondiales telles que la Banque mondiale et la Soci\u00e9t\u00e9 financi\u00e8re internationale pour pr\u00e9senter la strat\u00e9gie et les perspectives d\u2019investissement du pays.<\/p>\n\n\n\n<p>Cependant, les \u00e9nergies renouvelables repr\u00e9sentent actuellement 3% du mix \u00e9nerg\u00e9tique tunisien, selon le gouvernement, et certains analystes sont sceptiques quant \u00e0 la capacit\u00e9 du pays \u00e0 atteindre son objectif 2030 (qui est d\u2019atteindre le taux de 30%, Ndlr).<\/p>\n\n\n\n<p><em>\u00abLa bureaucratie, l\u2019instabilit\u00e9 politique et les remaniements minist\u00e9riels ont entrav\u00e9 les projets de la Tunisie de r\u00e9aliser des projets d\u2019\u00e9nergie renouvelable et d\u2019augmenter la production\u00bb<\/em>, a d\u00e9clar\u00e9 Abdessalem El Khazen, consultant en \u00e9nergie renouvelable bas\u00e9 \u00e0 Tunis.<\/p>\n\n\n\n<h2 class=\"wp-block-heading\">Pouss\u00e9e verte<\/h2>\n\n\n\n<p>Aujourd\u2019hui, les \u00e9l\u00e8ves de l\u2019\u00e9cole pr\u00e9paratoire de Makthar \u2013 qui est peinte en blanc, vert et rouge \u2013 \u00e9tudient dans des salles de classe chauff\u00e9es pendant les hivers rigoureux de la ville, avec des lumi\u00e8res disponibles pour leur permettre de travailler la nuit.<\/p>\n\n\n\n<p>Un tableau \u00e9lectronique dans la cour de l\u2019\u00e9cole indique la quantit\u00e9 d\u2019\u00e9nergie solaire utilis\u00e9e chaque jour, et le personnel de l\u2019\u00e9cole a \u00e9t\u00e9 form\u00e9 pour effectuer les r\u00e9parations et l\u2019entretien des syst\u00e8mes solaires.<\/p>\n\n\n\n<p>Chaima Rhouma, une ancienne \u00e9l\u00e8ve de l\u2019\u00e9cole qui est maintenant porte-parole de Wallah We Can, a d\u00e9clar\u00e9 que les \u00e9l\u00e8ves ont vu d\u2019\u00e9normes changements depuis l\u2019\u00e9poque o\u00f9 les salles de classe en hiver \u00e9taient extr\u00eamement.<\/p>\n\n\n\n<p><em>\u00abApr\u00e8s la mise en \u0153uvre du projet, nous sommes devenus capables de prendre des douches chaudes et d\u2019avoir des classes chauff\u00e9es\u00bb<\/em>, a-t-elle d\u00e9clar\u00e9.<\/p>\n\n\n\n<figure class=\"wp-block-embed is-type-wp-embed is-provider-kapitalis wp-block-embed-kapitalis\"><div class=\"wp-block-embed__wrapper\">\n<blockquote class=\"wp-embedded-content\" data-secret=\"UxfQOBRHrb\"><a href=\"https:\/\/kapitalis.com\/tunisie\/2023\/02\/16\/le-parlement-tunisien-domine-par-les-hommes-porte-un-coup-aux-acquis-des-femmes\/\">Le parlement tunisien, domin\u00e9 par les hommes, porte un coup aux acquis des femmes<\/a><\/blockquote><iframe loading=\"lazy\" class=\"wp-embedded-content\" sandbox=\"allow-scripts\" security=\"restricted\" style=\"position: absolute; clip: rect(1px, 1px, 1px, 1px);\" title=\"\u00ab\u00a0Le parlement tunisien, domin\u00e9 par les hommes, porte un coup aux acquis des femmes\u00a0\u00bb &#8212; Kapitalis\" src=\"https:\/\/kapitalis.com\/tunisie\/2023\/02\/16\/le-parlement-tunisien-domine-par-les-hommes-porte-un-coup-aux-acquis-des-femmes\/embed\/#?secret=Z18oQphPhp#?secret=UxfQOBRHrb\" data-secret=\"UxfQOBRHrb\" width=\"600\" height=\"338\" frameborder=\"0\" marginwidth=\"0\" marginheight=\"0\" scrolling=\"no\"><\/iframe>\n<\/div><\/figure>\n\n\n\n<p>Les \u00e9l\u00e8ves ne profitent pas seulement directement de l\u2019\u00e9nergie verte, ils l\u2019apprennent \u00e9galement lors d\u2019activit\u00e9s parascolaires telles que des cours de permaculture, selon l\u2019enseignante Donia Msihli.<\/p>\n\n\n\n<p><em>\u00abJe leur apprends comment les panneaux solaires peuvent \u00eatre utilis\u00e9s pour le chauffage et le carburant dans les fermes. On leur apprend \u00e9galement comment faire l\u2019entretien de ces syst\u00e8mes solaires\u00bb<\/em>, a-t-elle d\u00e9clar\u00e9. <em>\u00ab<\/em>(Cela) <em>serait utile pour les \u00e9tudiants dans tout futur emploi pertinent\u00bb<\/em>, a-t-elle ajout\u00e9<\/p>\n\n\n\n<p>L\u2019installation d\u2019\u00e9nergie propre n\u2019est qu\u2019une partie d\u2019une pouss\u00e9e verte plus large \u00e0 l\u2019\u00e9cole \u2013 y compris une ferme de 8 hectares (20 acres) qui fournit des l\u00e9gumes \u00e0 l\u2019\u00e9cole et des emplois \u00e0 une demi-douzaine de parents d\u2019\u00e9l\u00e8ves auparavant au ch\u00f4mage.<\/p>\n\n\n\n<p>Les produits exc\u00e9dentaires sont vendus au march\u00e9 de Tunis afin de r\u00e9colter des fonds suppl\u00e9mentaires pour l\u2019\u00e9cole.<\/p>\n\n\n\n<p><em>\u00abC\u2019est un projet salutaires pour nous et nos enfants\u00bb<\/em>, a d\u00e9clar\u00e9 Habiba Baradi, 41 ans, une m\u00e8re qui travaille \u00e0 la ferme et dont les deux enfants fr\u00e9quentent l\u2019internat.<\/p>\n\n\n\n<h2 class=\"wp-block-heading\">Des \u00e9coles sous pression<\/h2>\n\n\n\n<p>Les \u00e9coles publiques tunisiennes sont aujourd\u2019hui confront\u00e9es \u00e0 une s\u00e9rie de d\u00e9fis, notamment en raison du fait que l\u2019\u00e9conomie a <em>\u00abperdu une d\u00e9cennie de croissance\u00bb<\/em> depuis la r\u00e9volution de 2011 en raison d\u2019une r\u00e9glementation excessive, d\u2019un commerce r\u00e9duit et d\u2019un faible investissement, selon la Banque mondiale.<\/p>\n\n\n\n<p>En septembre, le minist\u00e8re de l\u2019\u00c9ducation a d\u00e9clar\u00e9 que 75% des \u00e9l\u00e8ves de 10 ans et 83% des \u00e9l\u00e8ves de 13 ans \u00e9taient<em> \u00absemi-analphab\u00e8tes\u00bb<\/em>.<\/p>\n\n\n\n<p>Hamadi, l\u2019entrepreneur, a d\u00e9clar\u00e9 qu\u2019avec la grande partie du budget du minist\u00e8re de l\u2019\u00c9ducation consacr\u00e9e aux salaires du personnel, peu de fonds sont disponibles pour moderniser les \u00e9coles.<\/p>\n\n\n\n<p>\u00c0 l\u2019\u00e9cole pr\u00e9paratoire de Makthar, les avantages d\u2019avoir un revenu suppl\u00e9mentaire pour aider \u00e0 payer les mises \u00e0 niveau sont \u00e9vidents.<\/p>\n\n\n\n<p>L\u2019ancienne \u00e9l\u00e8ve Amany Ben Ammar, 16 ans, dipl\u00f4m\u00e9e il y a deux ans, a d\u00e9clar\u00e9 que l\u2019\u00e9cole mixte offrait d\u00e9sormais une douzaine de clubs d\u00e9di\u00e9s \u00e0 des th\u00e8mes comme l\u2019entrepreneuriat, la robotique, la conception de sites web, le cin\u00e9ma et le football f\u00e9minin.&nbsp;<em>\u00abLe meilleur pour moi est le club d\u2019entrepreneuriat\u00bb<\/em>, a d\u00e9clar\u00e9 Ben Ammar, qui a lanc\u00e9 un site web visant \u00e0 promouvoir le tourisme \u00e0 Makthar, sa ville natale.<\/p>\n\n\n\n<p>Apr\u00e8s le Ramadan, en mars et avril, l\u2019organisation de Hamadi commencera \u00e0 travailler pour reproduire le projet Makthar dans trois autres \u00e9coles des provinces de Bizerte, Gab\u00e8s et Kairouan, a-t-il dit.<\/p>\n\n\n\n<p>L\u2019am\u00e9lioration des \u00e9coles est essentielle pour donner aux Tunisiens &#8211; fatigu\u00e9s apr\u00e8s des ann\u00e9es de difficult\u00e9s \u00e9conomiques et politiques \u2013 l\u2019espoir que la vie pourrait devenir meilleure, a-t-il ajout\u00e9.<\/p>\n\n\n\n<p><em>\u00abJe pense que c\u2019est faisable. Ces enfants de cette petite ville pauvre <\/em>(de Makthar) <em>peuvent recevoir une \u00e9ducation similaire \u00e0 celle dispens\u00e9e \u00e0 New York ou \u00e0 Paris\u00bb,<\/em> a-t-il d\u00e9clar\u00e9. <em>\u00abEt cette g\u00e9n\u00e9ration peut cr\u00e9er le changement que nous avons longtemps esp\u00e9r\u00e9.\u00bb<\/em><\/p>\n\n\n\n<p class=\"has-text-align-right\"><em>Traduit de l&rsquo;anglais. <\/em><\/p>\n\n\n\n<p><strong><em>Source<\/em><\/strong>\u00a0: <a href=\"https:\/\/bdnews24.com\/education\/8exmiv83ig\" target=\"_blank\" rel=\"noreferrer noopener\">\u00a0BDNews 24<\/a>. <\/p>\n","protected":false},"excerpt":{"rendered":"<p>Une \u00e9cole \u00e0 \u00e9nergie solaire \u00e0 Makthar, dans le nord-ouest de la Tunisie, montre comment les \u00e9coles en retard du pays pourraient \u00eatre remises \u00e0 niveau <\/p>\n","protected":false},"author":8,"featured_media":7181008,"comment_status":"open","ping_status":"open","sticky":false,"template":"","format":"standard","meta":{"footnotes":""},"categories":[992,998,2433],"tags":[4804,39900,2127,96516,9947,107776,62643,23134],"class_list":["post-7180931","post","type-post","status-publish","format-standard","has-post-thumbnail","hentry","category-a-la-une","category-societe","category-tunisie","tag-ecoles-publiques","tag-energie-renouvelable","tag-energie-solaire","tag-lotfi-hamadi","tag-makthar","tag-menna-a-farouk","tag-tunisie","tag-wallah-we-can"],"yoast_head":"<!-- This site is optimized with the Yoast SEO plugin v26.6 - https:\/\/yoast.com\/wordpress\/plugins\/seo\/ -->\n<title>Tunisie : l&#039;\u00e9nergie solaire relance une \u00e9cole en difficult\u00e9 \u00e0 Makthar - Kapitalis<\/title>\n<meta name=\"robots\" content=\"index, follow, max-snippet:-1, max-image-preview:large, max-video-preview:-1\" \/>\n<link rel=\"canonical\" href=\"https:\/\/kapitalis.com\/tunisie\/2023\/03\/30\/tunisie-lenergie-solaire-relance-une-ecole-en-difficulte-a-makthar\/\" \/>\n<meta property=\"og:locale\" content=\"fr_FR\" \/>\n<meta property=\"og:type\" content=\"article\" \/>\n<meta property=\"og:title\" content=\"Tunisie : l&#039;\u00e9nergie solaire relance une \u00e9cole en difficult\u00e9 \u00e0 Makthar - Kapitalis\" \/>\n<meta property=\"og:description\" content=\"Une \u00e9cole \u00e0 \u00e9nergie solaire \u00e0 Makthar, dans le nord-ouest de la Tunisie, montre comment les \u00e9coles en retard du pays pourraient \u00eatre remises \u00e0 niveau\" \/>\n<meta property=\"og:url\" content=\"https:\/\/kapitalis.com\/tunisie\/2023\/03\/30\/tunisie-lenergie-solaire-relance-une-ecole-en-difficulte-a-makthar\/\" \/>\n<meta property=\"og:site_name\" content=\"Kapitalis\" \/>\n<meta property=\"article:publisher\" content=\"https:\/\/www.facebook.com\/KapitalisInfo\/\" \/>\n<meta property=\"article:published_time\" content=\"2023-03-30T10:13:33+00:00\" \/>\n<meta property=\"article:modified_time\" content=\"2023-03-30T10:13:34+00:00\" \/>\n<meta property=\"og:image\" content=\"https:\/\/kapitalis.com\/tunisie\/wp-content\/uploads\/2023\/03\/Ecole-Makthar.jpg\" \/>\n\t<meta property=\"og:image:width\" content=\"1200\" \/>\n\t<meta property=\"og:image:height\" content=\"630\" \/>\n\t<meta property=\"og:image:type\" content=\"image\/jpeg\" \/>\n<meta name=\"author\" content=\"webmaster kapitalis\" \/>\n<meta name=\"twitter:card\" content=\"summary_large_image\" \/>\n<meta name=\"twitter:creator\" content=\"@KapitalisInfo\" \/>\n<meta name=\"twitter:site\" content=\"@KapitalisInfo\" \/>\n<meta name=\"twitter:label1\" content=\"\u00c9crit par\" \/>\n\t<meta name=\"twitter:data1\" content=\"webmaster kapitalis\" \/>\n\t<meta name=\"twitter:label2\" content=\"Dur\u00e9e de lecture estim\u00e9e\" \/>\n\t<meta name=\"twitter:data2\" content=\"7 minutes\" \/>\n<script type=\"application\/ld+json\" class=\"yoast-schema-graph\">{\"@context\":\"https:\/\/schema.org\",\"@graph\":[{\"@type\":\"Article\",\"@id\":\"https:\/\/kapitalis.com\/tunisie\/2023\/03\/30\/tunisie-lenergie-solaire-relance-une-ecole-en-difficulte-a-makthar\/#article\",\"isPartOf\":{\"@id\":\"https:\/\/kapitalis.com\/tunisie\/2023\/03\/30\/tunisie-lenergie-solaire-relance-une-ecole-en-difficulte-a-makthar\/\"},\"author\":{\"name\":\"webmaster kapitalis\",\"@id\":\"https:\/\/kapitalis.com\/tunisie\/#\/schema\/person\/d71f33a9ca44f7bad4698210b480c8e9\"},\"headline\":\"Tunisie : l&rsquo;\u00e9nergie solaire relance une \u00e9cole en difficult\u00e9 \u00e0 Makthar\",\"datePublished\":\"2023-03-30T10:13:33+00:00\",\"dateModified\":\"2023-03-30T10:13:34+00:00\",\"mainEntityOfPage\":{\"@id\":\"https:\/\/kapitalis.com\/tunisie\/2023\/03\/30\/tunisie-lenergie-solaire-relance-une-ecole-en-difficulte-a-makthar\/\"},\"wordCount\":1294,\"commentCount\":2,\"publisher\":{\"@id\":\"https:\/\/kapitalis.com\/tunisie\/#organization\"},\"image\":{\"@id\":\"https:\/\/kapitalis.com\/tunisie\/2023\/03\/30\/tunisie-lenergie-solaire-relance-une-ecole-en-difficulte-a-makthar\/#primaryimage\"},\"thumbnailUrl\":\"https:\/\/kapitalis.com\/tunisie\/wp-content\/uploads\/2023\/03\/Ecole-Makthar.jpg\",\"keywords\":[\"\u00e9coles publiques\",\"\u00e9nergie renouvelable\",\"\u00e9nergie solaire\",\"Lotfi Hamadi\",\"Makthar\",\"Menna A. Farouk\",\"Tunisie\",\"Wallah We Can\"],\"articleSection\":[\"A LA UNE\",\"SOCIETE\",\"Tunisie\"],\"inLanguage\":\"fr-FR\",\"potentialAction\":[{\"@type\":\"CommentAction\",\"name\":\"Comment\",\"target\":[\"https:\/\/kapitalis.com\/tunisie\/2023\/03\/30\/tunisie-lenergie-solaire-relance-une-ecole-en-difficulte-a-makthar\/#respond\"]}]},{\"@type\":\"WebPage\",\"@id\":\"https:\/\/kapitalis.com\/tunisie\/2023\/03\/30\/tunisie-lenergie-solaire-relance-une-ecole-en-difficulte-a-makthar\/\",\"url\":\"https:\/\/kapitalis.com\/tunisie\/2023\/03\/30\/tunisie-lenergie-solaire-relance-une-ecole-en-difficulte-a-makthar\/\",\"name\":\"Tunisie : l'\u00e9nergie solaire relance une \u00e9cole en difficult\u00e9 \u00e0 Makthar - Kapitalis\",\"isPartOf\":{\"@id\":\"https:\/\/kapitalis.com\/tunisie\/#website\"},\"primaryImageOfPage\":{\"@id\":\"https:\/\/kapitalis.com\/tunisie\/2023\/03\/30\/tunisie-lenergie-solaire-relance-une-ecole-en-difficulte-a-makthar\/#primaryimage\"},\"image\":{\"@id\":\"https:\/\/kapitalis.com\/tunisie\/2023\/03\/30\/tunisie-lenergie-solaire-relance-une-ecole-en-difficulte-a-makthar\/#primaryimage\"},\"thumbnailUrl\":\"https:\/\/kapitalis.com\/tunisie\/wp-content\/uploads\/2023\/03\/Ecole-Makthar.jpg\",\"datePublished\":\"2023-03-30T10:13:33+00:00\",\"dateModified\":\"2023-03-30T10:13:34+00:00\",\"breadcrumb\":{\"@id\":\"https:\/\/kapitalis.com\/tunisie\/2023\/03\/30\/tunisie-lenergie-solaire-relance-une-ecole-en-difficulte-a-makthar\/#breadcrumb\"},\"inLanguage\":\"fr-FR\",\"potentialAction\":[{\"@type\":\"ReadAction\",\"target\":[\"https:\/\/kapitalis.com\/tunisie\/2023\/03\/30\/tunisie-lenergie-solaire-relance-une-ecole-en-difficulte-a-makthar\/\"]}]},{\"@type\":\"ImageObject\",\"inLanguage\":\"fr-FR\",\"@id\":\"https:\/\/kapitalis.com\/tunisie\/2023\/03\/30\/tunisie-lenergie-solaire-relance-une-ecole-en-difficulte-a-makthar\/#primaryimage\",\"url\":\"https:\/\/kapitalis.com\/tunisie\/wp-content\/uploads\/2023\/03\/Ecole-Makthar.jpg\",\"contentUrl\":\"https:\/\/kapitalis.com\/tunisie\/wp-content\/uploads\/2023\/03\/Ecole-Makthar.jpg\",\"width\":1200,\"height\":630},{\"@type\":\"BreadcrumbList\",\"@id\":\"https:\/\/kapitalis.com\/tunisie\/2023\/03\/30\/tunisie-lenergie-solaire-relance-une-ecole-en-difficulte-a-makthar\/#breadcrumb\",\"itemListElement\":[{\"@type\":\"ListItem\",\"position\":1,\"name\":\"Accueil\",\"item\":\"https:\/\/kapitalis.com\/tunisie\/\"},{\"@type\":\"ListItem\",\"position\":2,\"name\":\"Tunisie : l&rsquo;\u00e9nergie solaire relance une \u00e9cole en difficult\u00e9 \u00e0 Makthar\"}]},{\"@type\":\"WebSite\",\"@id\":\"https:\/\/kapitalis.com\/tunisie\/#website\",\"url\":\"https:\/\/kapitalis.com\/tunisie\/\",\"name\":\"Kapitalis\",\"description\":\"L&#039;actualit\u00e9 en Tunisie et dans le monde\",\"publisher\":{\"@id\":\"https:\/\/kapitalis.com\/tunisie\/#organization\"},\"potentialAction\":[{\"@type\":\"SearchAction\",\"target\":{\"@type\":\"EntryPoint\",\"urlTemplate\":\"https:\/\/kapitalis.com\/tunisie\/?s={search_term_string}\"},\"query-input\":{\"@type\":\"PropertyValueSpecification\",\"valueRequired\":true,\"valueName\":\"search_term_string\"}}],\"inLanguage\":\"fr-FR\"},{\"@type\":\"Organization\",\"@id\":\"https:\/\/kapitalis.com\/tunisie\/#organization\",\"name\":\"Kapitalis\",\"url\":\"https:\/\/kapitalis.com\/tunisie\/\",\"logo\":{\"@type\":\"ImageObject\",\"inLanguage\":\"fr-FR\",\"@id\":\"https:\/\/kapitalis.com\/tunisie\/#\/schema\/logo\/image\/\",\"url\":\"https:\/\/kapitalis.com\/tunisie\/wp-content\/uploads\/2022\/05\/Kapitalis-big-size.png\",\"contentUrl\":\"https:\/\/kapitalis.com\/tunisie\/wp-content\/uploads\/2022\/05\/Kapitalis-big-size.png\",\"width\":5000,\"height\":1500,\"caption\":\"Kapitalis\"},\"image\":{\"@id\":\"https:\/\/kapitalis.com\/tunisie\/#\/schema\/logo\/image\/\"},\"sameAs\":[\"https:\/\/www.facebook.com\/KapitalisInfo\/\",\"https:\/\/x.com\/KapitalisInfo\",\"https:\/\/www.youtube.com\/channel\/UC-yDYrHyfFBWWZaOw3FPg9Q\"]},{\"@type\":\"Person\",\"@id\":\"https:\/\/kapitalis.com\/tunisie\/#\/schema\/person\/d71f33a9ca44f7bad4698210b480c8e9\",\"name\":\"webmaster kapitalis\",\"url\":\"https:\/\/kapitalis.com\/tunisie\/author\/webmaster-kapitalis\/\"}]}<\/script>\n<!-- \/ Yoast SEO plugin. -->","yoast_head_json":{"title":"Tunisie : l'\u00e9nergie solaire relance une \u00e9cole en difficult\u00e9 \u00e0 Makthar - Kapitalis","robots":{"index":"index","follow":"follow","max-snippet":"max-snippet:-1","max-image-preview":"max-image-preview:large","max-video-preview":"max-video-preview:-1"},"canonical":"https:\/\/kapitalis.com\/tunisie\/2023\/03\/30\/tunisie-lenergie-solaire-relance-une-ecole-en-difficulte-a-makthar\/","og_locale":"fr_FR","og_type":"article","og_title":"Tunisie : l'\u00e9nergie solaire relance une \u00e9cole en difficult\u00e9 \u00e0 Makthar - Kapitalis","og_description":"Une \u00e9cole \u00e0 \u00e9nergie solaire \u00e0 Makthar, dans le nord-ouest de la Tunisie, montre comment les \u00e9coles en retard du pays pourraient \u00eatre remises \u00e0 niveau","og_url":"https:\/\/kapitalis.com\/tunisie\/2023\/03\/30\/tunisie-lenergie-solaire-relance-une-ecole-en-difficulte-a-makthar\/","og_site_name":"Kapitalis","article_publisher":"https:\/\/www.facebook.com\/KapitalisInfo\/","article_published_time":"2023-03-30T10:13:33+00:00","article_modified_time":"2023-03-30T10:13:34+00:00","og_image":[{"width":1200,"height":630,"url":"https:\/\/kapitalis.com\/tunisie\/wp-content\/uploads\/2023\/03\/Ecole-Makthar.jpg","type":"image\/jpeg"}],"author":"webmaster kapitalis","twitter_card":"summary_large_image","twitter_creator":"@KapitalisInfo","twitter_site":"@KapitalisInfo","twitter_misc":{"\u00c9crit par":"webmaster kapitalis","Dur\u00e9e de lecture estim\u00e9e":"7 minutes"},"schema":{"@context":"https:\/\/schema.org","@graph":[{"@type":"Article","@id":"https:\/\/kapitalis.com\/tunisie\/2023\/03\/30\/tunisie-lenergie-solaire-relance-une-ecole-en-difficulte-a-makthar\/#article","isPartOf":{"@id":"https:\/\/kapitalis.com\/tunisie\/2023\/03\/30\/tunisie-lenergie-solaire-relance-une-ecole-en-difficulte-a-makthar\/"},"author":{"name":"webmaster kapitalis","@id":"https:\/\/kapitalis.com\/tunisie\/#\/schema\/person\/d71f33a9ca44f7bad4698210b480c8e9"},"headline":"Tunisie : l&rsquo;\u00e9nergie solaire relance une \u00e9cole en difficult\u00e9 \u00e0 Makthar","datePublished":"2023-03-30T10:13:33+00:00","dateModified":"2023-03-30T10:13:34+00:00","mainEntityOfPage":{"@id":"https:\/\/kapitalis.com\/tunisie\/2023\/03\/30\/tunisie-lenergie-solaire-relance-une-ecole-en-difficulte-a-makthar\/"},"wordCount":1294,"commentCount":2,"publisher":{"@id":"https:\/\/kapitalis.com\/tunisie\/#organization"},"image":{"@id":"https:\/\/kapitalis.com\/tunisie\/2023\/03\/30\/tunisie-lenergie-solaire-relance-une-ecole-en-difficulte-a-makthar\/#primaryimage"},"thumbnailUrl":"https:\/\/kapitalis.com\/tunisie\/wp-content\/uploads\/2023\/03\/Ecole-Makthar.jpg","keywords":["\u00e9coles publiques","\u00e9nergie renouvelable","\u00e9nergie solaire","Lotfi Hamadi","Makthar","Menna A. Farouk","Tunisie","Wallah We Can"],"articleSection":["A LA UNE","SOCIETE","Tunisie"],"inLanguage":"fr-FR","potentialAction":[{"@type":"CommentAction","name":"Comment","target":["https:\/\/kapitalis.com\/tunisie\/2023\/03\/30\/tunisie-lenergie-solaire-relance-une-ecole-en-difficulte-a-makthar\/#respond"]}]},{"@type":"WebPage","@id":"https:\/\/kapitalis.com\/tunisie\/2023\/03\/30\/tunisie-lenergie-solaire-relance-une-ecole-en-difficulte-a-makthar\/","url":"https:\/\/kapitalis.com\/tunisie\/2023\/03\/30\/tunisie-lenergie-solaire-relance-une-ecole-en-difficulte-a-makthar\/","name":"Tunisie : l'\u00e9nergie solaire relance une \u00e9cole en difficult\u00e9 \u00e0 Makthar - Kapitalis","isPartOf":{"@id":"https:\/\/kapitalis.com\/tunisie\/#website"},"primaryImageOfPage":{"@id":"https:\/\/kapitalis.com\/tunisie\/2023\/03\/30\/tunisie-lenergie-solaire-relance-une-ecole-en-difficulte-a-makthar\/#primaryimage"},"image":{"@id":"https:\/\/kapitalis.com\/tunisie\/2023\/03\/30\/tunisie-lenergie-solaire-relance-une-ecole-en-difficulte-a-makthar\/#primaryimage"},"thumbnailUrl":"https:\/\/kapitalis.com\/tunisie\/wp-content\/uploads\/2023\/03\/Ecole-Makthar.jpg","datePublished":"2023-03-30T10:13:33+00:00","dateModified":"2023-03-30T10:13:34+00:00","breadcrumb":{"@id":"https:\/\/kapitalis.com\/tunisie\/2023\/03\/30\/tunisie-lenergie-solaire-relance-une-ecole-en-difficulte-a-makthar\/#breadcrumb"},"inLanguage":"fr-FR","potentialAction":[{"@type":"ReadAction","target":["https:\/\/kapitalis.com\/tunisie\/2023\/03\/30\/tunisie-lenergie-solaire-relance-une-ecole-en-difficulte-a-makthar\/"]}]},{"@type":"ImageObject","inLanguage":"fr-FR","@id":"https:\/\/kapitalis.com\/tunisie\/2023\/03\/30\/tunisie-lenergie-solaire-relance-une-ecole-en-difficulte-a-makthar\/#primaryimage","url":"https:\/\/kapitalis.com\/tunisie\/wp-content\/uploads\/2023\/03\/Ecole-Makthar.jpg","contentUrl":"https:\/\/kapitalis.com\/tunisie\/wp-content\/uploads\/2023\/03\/Ecole-Makthar.jpg","width":1200,"height":630},{"@type":"BreadcrumbList","@id":"https:\/\/kapitalis.com\/tunisie\/2023\/03\/30\/tunisie-lenergie-solaire-relance-une-ecole-en-difficulte-a-makthar\/#breadcrumb","itemListElement":[{"@type":"ListItem","position":1,"name":"Accueil","item":"https:\/\/kapitalis.com\/tunisie\/"},{"@type":"ListItem","position":2,"name":"Tunisie : l&rsquo;\u00e9nergie solaire relance une \u00e9cole en difficult\u00e9 \u00e0 Makthar"}]},{"@type":"WebSite","@id":"https:\/\/kapitalis.com\/tunisie\/#website","url":"https:\/\/kapitalis.com\/tunisie\/","name":"Kapitalis","description":"L&#039;actualit\u00e9 en Tunisie et dans le monde","publisher":{"@id":"https:\/\/kapitalis.com\/tunisie\/#organization"},"potentialAction":[{"@type":"SearchAction","target":{"@type":"EntryPoint","urlTemplate":"https:\/\/kapitalis.com\/tunisie\/?s={search_term_string}"},"query-input":{"@type":"PropertyValueSpecification","valueRequired":true,"valueName":"search_term_string"}}],"inLanguage":"fr-FR"},{"@type":"Organization","@id":"https:\/\/kapitalis.com\/tunisie\/#organization","name":"Kapitalis","url":"https:\/\/kapitalis.com\/tunisie\/","logo":{"@type":"ImageObject","inLanguage":"fr-FR","@id":"https:\/\/kapitalis.com\/tunisie\/#\/schema\/logo\/image\/","url":"https:\/\/kapitalis.com\/tunisie\/wp-content\/uploads\/2022\/05\/Kapitalis-big-size.png","contentUrl":"https:\/\/kapitalis.com\/tunisie\/wp-content\/uploads\/2022\/05\/Kapitalis-big-size.png","width":5000,"height":1500,"caption":"Kapitalis"},"image":{"@id":"https:\/\/kapitalis.com\/tunisie\/#\/schema\/logo\/image\/"},"sameAs":["https:\/\/www.facebook.com\/KapitalisInfo\/","https:\/\/x.com\/KapitalisInfo","https:\/\/www.youtube.com\/channel\/UC-yDYrHyfFBWWZaOw3FPg9Q"]},{"@type":"Person","@id":"https:\/\/kapitalis.com\/tunisie\/#\/schema\/person\/d71f33a9ca44f7bad4698210b480c8e9","name":"webmaster kapitalis","url":"https:\/\/kapitalis.com\/tunisie\/author\/webmaster-kapitalis\/"}]}},"_links":{"self":[{"href":"https:\/\/kapitalis.com\/tunisie\/wp-json\/wp\/v2\/posts\/7180931","targetHints":{"allow":["GET"]}}],"collection":[{"href":"https:\/\/kapitalis.com\/tunisie\/wp-json\/wp\/v2\/posts"}],"about":[{"href":"https:\/\/kapitalis.com\/tunisie\/wp-json\/wp\/v2\/types\/post"}],"author":[{"embeddable":true,"href":"https:\/\/kapitalis.com\/tunisie\/wp-json\/wp\/v2\/users\/8"}],"replies":[{"embeddable":true,"href":"https:\/\/kapitalis.com\/tunisie\/wp-json\/wp\/v2\/comments?post=7180931"}],"version-history":[{"count":1,"href":"https:\/\/kapitalis.com\/tunisie\/wp-json\/wp\/v2\/posts\/7180931\/revisions"}],"predecessor-version":[{"id":7181050,"href":"https:\/\/kapitalis.com\/tunisie\/wp-json\/wp\/v2\/posts\/7180931\/revisions\/7181050"}],"wp:featuredmedia":[{"embeddable":true,"href":"https:\/\/kapitalis.com\/tunisie\/wp-json\/wp\/v2\/media\/7181008"}],"wp:attachment":[{"href":"https:\/\/kapitalis.com\/tunisie\/wp-json\/wp\/v2\/media?parent=7180931"}],"wp:term":[{"taxonomy":"category","embeddable":true,"href":"https:\/\/kapitalis.com\/tunisie\/wp-json\/wp\/v2\/categories?post=7180931"},{"taxonomy":"post_tag","embeddable":true,"href":"https:\/\/kapitalis.com\/tunisie\/wp-json\/wp\/v2\/tags?post=7180931"}],"curies":[{"name":"wp","href":"https:\/\/api.w.org\/{rel}","templated":true}]}}