{"id":71933,"date":"2016-11-12T08:40:40","date_gmt":"2016-11-12T07:40:40","guid":{"rendered":"http:\/\/kapitalis.com\/tunisie\/?p=71933"},"modified":"2016-11-12T08:40:40","modified_gmt":"2016-11-12T07:40:40","slug":"trophee-de-la-toque-dor-2016-deux-tunisiens-parmi-lelite-mondiale","status":"publish","type":"post","link":"https:\/\/kapitalis.com\/tunisie\/2016\/11\/12\/trophee-de-la-toque-dor-2016-deux-tunisiens-parmi-lelite-mondiale\/","title":{"rendered":"Troph\u00e9e de la Toque d\u2019or 2016 : Deux Tunisiens parmi l\u2019\u00e9lite mondiale"},"content":{"rendered":"<p><img loading=\"lazy\" decoding=\"async\" class=\"alignnone size-full wp-image-71934 aligncenter\" src=\"http:\/\/kapitalis.com\/tunisie\/wp-content\/uploads\/2016\/11\/Chefs-cuisiniers-et-patissiers.jpg\" alt=\"chefs-cuisiniers-et-patissiers\" width=\"626\" height=\"380\" \/><\/p>\n<p><em><strong>L\u2019\u00e9dition 2016 du Troph\u00e9e de Toque d\u2019or se d\u00e9roulera cette ann\u00e9e le mercredi 16 novembre 2016, au Lyc\u00e9e h\u00f4telier Fran\u00e7ois Rabelais \u00e0 Duny (Seine-Saint-Denis, Paris, France).<\/strong><\/em><\/p>\n<p><!--more--><\/p>\n<p>Suite \u00e0 une premi\u00e8re pr\u00e9s\u00e9lection, deux Tunisiens ont \u00e9t\u00e9 admis \u00e0 participer \u00e0 la finale de ce concours; \u00e0 savoir le chef Bilel Wechtati, du restaurant Le Baroque, dans la cat\u00e9gorie \u00ab<em>Professionnels de cuisine<\/em>\u00bb, avec mention sp\u00e9ciale du jury, et le chef Chiraz Triki El Ghoul, de \u00ab<em>Saveur Magenta<\/em>\u00bb, dans la cat\u00e9gorie \u00ab<em>Professionnels P\u00e2tisserie<\/em>\u00bb.<\/p>\n<p>A rappeler que, lors de l\u2019\u00e9dition pr\u00e9c\u00e9dente, le chef tunisien Ali Dey Dali avait remport\u00e9 le 1er prix \u00ab<em>Plat impos\u00e9<\/em>\u00bb de la Toque d\u2019or 2015!<\/p>\n<p>La Toque d\u2019or est un concours organis\u00e9 par l&rsquo;Acad\u00e9mie Nationale de Cuisine, plus grande association des chefs en France. Ce concours comporte un palmar\u00e8s g\u00e9n\u00e9ral et des prix sp\u00e9ciaux, par cat\u00e9gorie, lesquelles sont au nombre de trois.<\/p>\n<p><em><strong>Toque d\u2019or cuisine :<\/strong><\/em><\/p>\n<p>R\u00e9serv\u00e9 aux professionnels de cuisine de plus de 23 ans et justifiant de cinq ann\u00e9es minimum de pratique apr\u00e8s l\u2019apprentissage. Pour concourir, le candidat doit remplir le dossier d\u2019inscription et proposer une recette in\u00e9dite de cuisine, r\u00e9alis\u00e9e avec des produits d\u2019une province ou d\u2019une r\u00e9gion de son choix. La recette d\u00e9taill\u00e9e pr\u00e9sent\u00e9e \u00e0 l\u2019assiette ou en plat doit comporter une d\u00e9finition succincte du plat, le bon d\u2019\u00e9conomat et une photo en couleur du mets propos\u00e9. Le Troph\u00e9e Yves Page \u00ab<em>Prix de la cr\u00e9ativit\u00e9<\/em>\u00bb est d\u00e9cern\u00e9 pour un an au candidat class\u00e9 premier lors de la s\u00e9lection des recettes.<\/p>\n<p><em><strong>Toque d\u2019or p\u00e2tisserie :<\/strong><\/em><\/p>\n<p>R\u00e9serv\u00e9 aux professionnels de p\u00e2tisserie de plus de 23 ans et justifiant de cinq ann\u00e9es minimum de pratique apr\u00e8s l\u2019apprentissage. Pour concourir, le candidat doit remplir le dossier d\u2019inscription et proposer une recette in\u00e9dite de p\u00e2tisserie, r\u00e9alis\u00e9e avec des produits d\u2019une province ou d\u2019une r\u00e9gion de son choix. La recette d\u00e9taill\u00e9e, pr\u00e9sent\u00e9e \u00e0 l\u2019assiette ou en plat, doit comporter une d\u00e9finition succincte du dessert, le bon d\u2019\u00e9conomat et une photo en couleur du mets propos\u00e9. Le jury s\u00e9lectionne les recettes et seules celles ayant obtenu la mention \u00ab<em>Excellent<\/em>\u00bb participent \u00e0 la finale.<\/p>\n<p><em><strong>Prix avenir Raymond Vaudard :<\/strong><\/em><\/p>\n<p>R\u00e9serv\u00e9 aux \u00e9l\u00e8ves et apprentis en 2e ann\u00e9e de formation de CAP, BP, BAC PRO, BTN et BTS. Pour concourir, le candidat doit remplir le dossier d\u2019inscription et proposer une recette in\u00e9dite de cuisine, r\u00e9alis\u00e9e avec des produits d\u2019une province ou d\u2019une r\u00e9gion de son choix. La recette d\u00e9taill\u00e9e pr\u00e9sent\u00e9e \u00e0 l\u2019assiette ou en plat doit comporter une d\u00e9finition succincte du plat, le bon d\u2019\u00e9conomat et une photo en couleur du mets propos\u00e9, sans fiche technique de fabrication. Le jury s\u00e9lectionne les recettes et seules celles ayant obtenu la mention \u00ab<em>Excellent<\/em>\u00bb participent \u00e0 la finale qui se dispute en \u00e9quipe, un cuisinier et un serveur.<\/p>\n<p><em><strong>Source<\/strong><\/em> : communiqu\u00e9.<\/p>\n","protected":false},"excerpt":{"rendered":"<p>L\u2019\u00e9dition 2016 du Troph\u00e9e de Toque d\u2019or se d\u00e9roulera cette ann\u00e9e le mercredi 16 novembre 2016, au Lyc\u00e9e h\u00f4telier Fran\u00e7ois Rabelais \u00e0 Duny (Seine-Saint-Denis, Paris, France).<\/p>\n","protected":false},"author":8,"featured_media":71934,"comment_status":"open","ping_status":"open","sticky":false,"template":"","format":"standard","meta":{"footnotes":""},"categories":[993,2433],"tags":[395,1364],"class_list":["post-71933","post","type-post","status-publish","format-standard","has-post-thumbnail","hentry","category-conso","category-tunisie","tag-france","tag-paris"],"yoast_head":"<!-- This site is optimized with the Yoast SEO plugin v26.6 - https:\/\/yoast.com\/wordpress\/plugins\/seo\/ -->\n<title>Troph\u00e9e de la Toque d\u2019or 2016 : Deux Tunisiens parmi l\u2019\u00e9lite mondiale - Kapitalis<\/title>\n<meta name=\"robots\" content=\"index, follow, max-snippet:-1, max-image-preview:large, max-video-preview:-1\" \/>\n<link rel=\"canonical\" href=\"https:\/\/kapitalis.com\/tunisie\/2016\/11\/12\/trophee-de-la-toque-dor-2016-deux-tunisiens-parmi-lelite-mondiale\/\" \/>\n<meta property=\"og:locale\" content=\"fr_FR\" \/>\n<meta property=\"og:type\" content=\"article\" \/>\n<meta property=\"og:title\" content=\"Troph\u00e9e de la Toque d\u2019or 2016 : Deux Tunisiens parmi l\u2019\u00e9lite mondiale - Kapitalis\" \/>\n<meta property=\"og:description\" content=\"L\u2019\u00e9dition 2016 du Troph\u00e9e de Toque d\u2019or se d\u00e9roulera cette ann\u00e9e le mercredi 16 novembre 2016, au Lyc\u00e9e h\u00f4telier Fran\u00e7ois Rabelais \u00e0 Duny (Seine-Saint-Denis, Paris, France).\" \/>\n<meta property=\"og:url\" content=\"https:\/\/kapitalis.com\/tunisie\/2016\/11\/12\/trophee-de-la-toque-dor-2016-deux-tunisiens-parmi-lelite-mondiale\/\" \/>\n<meta property=\"og:site_name\" content=\"Kapitalis\" \/>\n<meta property=\"article:publisher\" content=\"https:\/\/www.facebook.com\/KapitalisInfo\/\" \/>\n<meta property=\"article:published_time\" content=\"2016-11-12T07:40:40+00:00\" \/>\n<meta property=\"og:image\" content=\"https:\/\/kapitalis.com\/tunisie\/wp-content\/uploads\/2022\/05\/kapitalis-logo-fb.png\" \/>\n\t<meta property=\"og:image:width\" content=\"1200\" \/>\n\t<meta property=\"og:image:height\" content=\"630\" \/>\n\t<meta property=\"og:image:type\" content=\"image\/png\" \/>\n<meta name=\"author\" content=\"webmaster kapitalis\" \/>\n<meta name=\"twitter:card\" content=\"summary_large_image\" \/>\n<meta name=\"twitter:creator\" content=\"@KapitalisInfo\" \/>\n<meta name=\"twitter:site\" content=\"@KapitalisInfo\" \/>\n<meta name=\"twitter:label1\" content=\"\u00c9crit par\" \/>\n\t<meta name=\"twitter:data1\" content=\"webmaster kapitalis\" \/>\n\t<meta name=\"twitter:label2\" content=\"Dur\u00e9e de lecture estim\u00e9e\" \/>\n\t<meta name=\"twitter:data2\" content=\"3 minutes\" \/>\n<script type=\"application\/ld+json\" class=\"yoast-schema-graph\">{\"@context\":\"https:\/\/schema.org\",\"@graph\":[{\"@type\":\"Article\",\"@id\":\"https:\/\/kapitalis.com\/tunisie\/2016\/11\/12\/trophee-de-la-toque-dor-2016-deux-tunisiens-parmi-lelite-mondiale\/#article\",\"isPartOf\":{\"@id\":\"https:\/\/kapitalis.com\/tunisie\/2016\/11\/12\/trophee-de-la-toque-dor-2016-deux-tunisiens-parmi-lelite-mondiale\/\"},\"author\":{\"name\":\"webmaster kapitalis\",\"@id\":\"https:\/\/kapitalis.com\/tunisie\/#\/schema\/person\/d71f33a9ca44f7bad4698210b480c8e9\"},\"headline\":\"Troph\u00e9e de la Toque d\u2019or 2016 : Deux Tunisiens parmi l\u2019\u00e9lite mondiale\",\"datePublished\":\"2016-11-12T07:40:40+00:00\",\"mainEntityOfPage\":{\"@id\":\"https:\/\/kapitalis.com\/tunisie\/2016\/11\/12\/trophee-de-la-toque-dor-2016-deux-tunisiens-parmi-lelite-mondiale\/\"},\"wordCount\":536,\"commentCount\":2,\"publisher\":{\"@id\":\"https:\/\/kapitalis.com\/tunisie\/#organization\"},\"image\":{\"@id\":\"https:\/\/kapitalis.com\/tunisie\/2016\/11\/12\/trophee-de-la-toque-dor-2016-deux-tunisiens-parmi-lelite-mondiale\/#primaryimage\"},\"thumbnailUrl\":\"\",\"keywords\":[\"France\",\"Paris\"],\"articleSection\":[\"CONSO\",\"Tunisie\"],\"inLanguage\":\"fr-FR\",\"potentialAction\":[{\"@type\":\"CommentAction\",\"name\":\"Comment\",\"target\":[\"https:\/\/kapitalis.com\/tunisie\/2016\/11\/12\/trophee-de-la-toque-dor-2016-deux-tunisiens-parmi-lelite-mondiale\/#respond\"]}]},{\"@type\":\"WebPage\",\"@id\":\"https:\/\/kapitalis.com\/tunisie\/2016\/11\/12\/trophee-de-la-toque-dor-2016-deux-tunisiens-parmi-lelite-mondiale\/\",\"url\":\"https:\/\/kapitalis.com\/tunisie\/2016\/11\/12\/trophee-de-la-toque-dor-2016-deux-tunisiens-parmi-lelite-mondiale\/\",\"name\":\"Troph\u00e9e de la Toque d\u2019or 2016 : Deux Tunisiens parmi l\u2019\u00e9lite mondiale - Kapitalis\",\"isPartOf\":{\"@id\":\"https:\/\/kapitalis.com\/tunisie\/#website\"},\"primaryImageOfPage\":{\"@id\":\"https:\/\/kapitalis.com\/tunisie\/2016\/11\/12\/trophee-de-la-toque-dor-2016-deux-tunisiens-parmi-lelite-mondiale\/#primaryimage\"},\"image\":{\"@id\":\"https:\/\/kapitalis.com\/tunisie\/2016\/11\/12\/trophee-de-la-toque-dor-2016-deux-tunisiens-parmi-lelite-mondiale\/#primaryimage\"},\"thumbnailUrl\":\"\",\"datePublished\":\"2016-11-12T07:40:40+00:00\",\"breadcrumb\":{\"@id\":\"https:\/\/kapitalis.com\/tunisie\/2016\/11\/12\/trophee-de-la-toque-dor-2016-deux-tunisiens-parmi-lelite-mondiale\/#breadcrumb\"},\"inLanguage\":\"fr-FR\",\"potentialAction\":[{\"@type\":\"ReadAction\",\"target\":[\"https:\/\/kapitalis.com\/tunisie\/2016\/11\/12\/trophee-de-la-toque-dor-2016-deux-tunisiens-parmi-lelite-mondiale\/\"]}]},{\"@type\":\"ImageObject\",\"inLanguage\":\"fr-FR\",\"@id\":\"https:\/\/kapitalis.com\/tunisie\/2016\/11\/12\/trophee-de-la-toque-dor-2016-deux-tunisiens-parmi-lelite-mondiale\/#primaryimage\",\"url\":\"\",\"contentUrl\":\"\"},{\"@type\":\"BreadcrumbList\",\"@id\":\"https:\/\/kapitalis.com\/tunisie\/2016\/11\/12\/trophee-de-la-toque-dor-2016-deux-tunisiens-parmi-lelite-mondiale\/#breadcrumb\",\"itemListElement\":[{\"@type\":\"ListItem\",\"position\":1,\"name\":\"Accueil\",\"item\":\"https:\/\/kapitalis.com\/tunisie\/\"},{\"@type\":\"ListItem\",\"position\":2,\"name\":\"Troph\u00e9e de la Toque d\u2019or 2016 : Deux Tunisiens parmi l\u2019\u00e9lite mondiale\"}]},{\"@type\":\"WebSite\",\"@id\":\"https:\/\/kapitalis.com\/tunisie\/#website\",\"url\":\"https:\/\/kapitalis.com\/tunisie\/\",\"name\":\"Kapitalis\",\"description\":\"L&#039;actualit\u00e9 en Tunisie et dans le monde\",\"publisher\":{\"@id\":\"https:\/\/kapitalis.com\/tunisie\/#organization\"},\"potentialAction\":[{\"@type\":\"SearchAction\",\"target\":{\"@type\":\"EntryPoint\",\"urlTemplate\":\"https:\/\/kapitalis.com\/tunisie\/?s={search_term_string}\"},\"query-input\":{\"@type\":\"PropertyValueSpecification\",\"valueRequired\":true,\"valueName\":\"search_term_string\"}}],\"inLanguage\":\"fr-FR\"},{\"@type\":\"Organization\",\"@id\":\"https:\/\/kapitalis.com\/tunisie\/#organization\",\"name\":\"Kapitalis\",\"url\":\"https:\/\/kapitalis.com\/tunisie\/\",\"logo\":{\"@type\":\"ImageObject\",\"inLanguage\":\"fr-FR\",\"@id\":\"https:\/\/kapitalis.com\/tunisie\/#\/schema\/logo\/image\/\",\"url\":\"https:\/\/kapitalis.com\/tunisie\/wp-content\/uploads\/2022\/05\/Kapitalis-big-size.png\",\"contentUrl\":\"https:\/\/kapitalis.com\/tunisie\/wp-content\/uploads\/2022\/05\/Kapitalis-big-size.png\",\"width\":5000,\"height\":1500,\"caption\":\"Kapitalis\"},\"image\":{\"@id\":\"https:\/\/kapitalis.com\/tunisie\/#\/schema\/logo\/image\/\"},\"sameAs\":[\"https:\/\/www.facebook.com\/KapitalisInfo\/\",\"https:\/\/x.com\/KapitalisInfo\",\"https:\/\/www.youtube.com\/channel\/UC-yDYrHyfFBWWZaOw3FPg9Q\"]},{\"@type\":\"Person\",\"@id\":\"https:\/\/kapitalis.com\/tunisie\/#\/schema\/person\/d71f33a9ca44f7bad4698210b480c8e9\",\"name\":\"webmaster kapitalis\",\"url\":\"https:\/\/kapitalis.com\/tunisie\/author\/webmaster-kapitalis\/\"}]}<\/script>\n<!-- \/ Yoast SEO plugin. -->","yoast_head_json":{"title":"Troph\u00e9e de la Toque d\u2019or 2016 : Deux Tunisiens parmi l\u2019\u00e9lite mondiale - Kapitalis","robots":{"index":"index","follow":"follow","max-snippet":"max-snippet:-1","max-image-preview":"max-image-preview:large","max-video-preview":"max-video-preview:-1"},"canonical":"https:\/\/kapitalis.com\/tunisie\/2016\/11\/12\/trophee-de-la-toque-dor-2016-deux-tunisiens-parmi-lelite-mondiale\/","og_locale":"fr_FR","og_type":"article","og_title":"Troph\u00e9e de la Toque d\u2019or 2016 : Deux Tunisiens parmi l\u2019\u00e9lite mondiale - Kapitalis","og_description":"L\u2019\u00e9dition 2016 du Troph\u00e9e de Toque d\u2019or se d\u00e9roulera cette ann\u00e9e le mercredi 16 novembre 2016, au Lyc\u00e9e h\u00f4telier Fran\u00e7ois Rabelais \u00e0 Duny (Seine-Saint-Denis, Paris, France).","og_url":"https:\/\/kapitalis.com\/tunisie\/2016\/11\/12\/trophee-de-la-toque-dor-2016-deux-tunisiens-parmi-lelite-mondiale\/","og_site_name":"Kapitalis","article_publisher":"https:\/\/www.facebook.com\/KapitalisInfo\/","article_published_time":"2016-11-12T07:40:40+00:00","og_image":[{"width":1200,"height":630,"url":"https:\/\/kapitalis.com\/tunisie\/wp-content\/uploads\/2022\/05\/kapitalis-logo-fb.png","type":"image\/png"}],"author":"webmaster kapitalis","twitter_card":"summary_large_image","twitter_creator":"@KapitalisInfo","twitter_site":"@KapitalisInfo","twitter_misc":{"\u00c9crit par":"webmaster kapitalis","Dur\u00e9e de lecture estim\u00e9e":"3 minutes"},"schema":{"@context":"https:\/\/schema.org","@graph":[{"@type":"Article","@id":"https:\/\/kapitalis.com\/tunisie\/2016\/11\/12\/trophee-de-la-toque-dor-2016-deux-tunisiens-parmi-lelite-mondiale\/#article","isPartOf":{"@id":"https:\/\/kapitalis.com\/tunisie\/2016\/11\/12\/trophee-de-la-toque-dor-2016-deux-tunisiens-parmi-lelite-mondiale\/"},"author":{"name":"webmaster kapitalis","@id":"https:\/\/kapitalis.com\/tunisie\/#\/schema\/person\/d71f33a9ca44f7bad4698210b480c8e9"},"headline":"Troph\u00e9e de la Toque d\u2019or 2016 : Deux Tunisiens parmi l\u2019\u00e9lite mondiale","datePublished":"2016-11-12T07:40:40+00:00","mainEntityOfPage":{"@id":"https:\/\/kapitalis.com\/tunisie\/2016\/11\/12\/trophee-de-la-toque-dor-2016-deux-tunisiens-parmi-lelite-mondiale\/"},"wordCount":536,"commentCount":2,"publisher":{"@id":"https:\/\/kapitalis.com\/tunisie\/#organization"},"image":{"@id":"https:\/\/kapitalis.com\/tunisie\/2016\/11\/12\/trophee-de-la-toque-dor-2016-deux-tunisiens-parmi-lelite-mondiale\/#primaryimage"},"thumbnailUrl":"","keywords":["France","Paris"],"articleSection":["CONSO","Tunisie"],"inLanguage":"fr-FR","potentialAction":[{"@type":"CommentAction","name":"Comment","target":["https:\/\/kapitalis.com\/tunisie\/2016\/11\/12\/trophee-de-la-toque-dor-2016-deux-tunisiens-parmi-lelite-mondiale\/#respond"]}]},{"@type":"WebPage","@id":"https:\/\/kapitalis.com\/tunisie\/2016\/11\/12\/trophee-de-la-toque-dor-2016-deux-tunisiens-parmi-lelite-mondiale\/","url":"https:\/\/kapitalis.com\/tunisie\/2016\/11\/12\/trophee-de-la-toque-dor-2016-deux-tunisiens-parmi-lelite-mondiale\/","name":"Troph\u00e9e de la Toque d\u2019or 2016 : Deux Tunisiens parmi l\u2019\u00e9lite mondiale - Kapitalis","isPartOf":{"@id":"https:\/\/kapitalis.com\/tunisie\/#website"},"primaryImageOfPage":{"@id":"https:\/\/kapitalis.com\/tunisie\/2016\/11\/12\/trophee-de-la-toque-dor-2016-deux-tunisiens-parmi-lelite-mondiale\/#primaryimage"},"image":{"@id":"https:\/\/kapitalis.com\/tunisie\/2016\/11\/12\/trophee-de-la-toque-dor-2016-deux-tunisiens-parmi-lelite-mondiale\/#primaryimage"},"thumbnailUrl":"","datePublished":"2016-11-12T07:40:40+00:00","breadcrumb":{"@id":"https:\/\/kapitalis.com\/tunisie\/2016\/11\/12\/trophee-de-la-toque-dor-2016-deux-tunisiens-parmi-lelite-mondiale\/#breadcrumb"},"inLanguage":"fr-FR","potentialAction":[{"@type":"ReadAction","target":["https:\/\/kapitalis.com\/tunisie\/2016\/11\/12\/trophee-de-la-toque-dor-2016-deux-tunisiens-parmi-lelite-mondiale\/"]}]},{"@type":"ImageObject","inLanguage":"fr-FR","@id":"https:\/\/kapitalis.com\/tunisie\/2016\/11\/12\/trophee-de-la-toque-dor-2016-deux-tunisiens-parmi-lelite-mondiale\/#primaryimage","url":"","contentUrl":""},{"@type":"BreadcrumbList","@id":"https:\/\/kapitalis.com\/tunisie\/2016\/11\/12\/trophee-de-la-toque-dor-2016-deux-tunisiens-parmi-lelite-mondiale\/#breadcrumb","itemListElement":[{"@type":"ListItem","position":1,"name":"Accueil","item":"https:\/\/kapitalis.com\/tunisie\/"},{"@type":"ListItem","position":2,"name":"Troph\u00e9e de la Toque d\u2019or 2016 : Deux Tunisiens parmi l\u2019\u00e9lite mondiale"}]},{"@type":"WebSite","@id":"https:\/\/kapitalis.com\/tunisie\/#website","url":"https:\/\/kapitalis.com\/tunisie\/","name":"Kapitalis","description":"L&#039;actualit\u00e9 en Tunisie et dans le monde","publisher":{"@id":"https:\/\/kapitalis.com\/tunisie\/#organization"},"potentialAction":[{"@type":"SearchAction","target":{"@type":"EntryPoint","urlTemplate":"https:\/\/kapitalis.com\/tunisie\/?s={search_term_string}"},"query-input":{"@type":"PropertyValueSpecification","valueRequired":true,"valueName":"search_term_string"}}],"inLanguage":"fr-FR"},{"@type":"Organization","@id":"https:\/\/kapitalis.com\/tunisie\/#organization","name":"Kapitalis","url":"https:\/\/kapitalis.com\/tunisie\/","logo":{"@type":"ImageObject","inLanguage":"fr-FR","@id":"https:\/\/kapitalis.com\/tunisie\/#\/schema\/logo\/image\/","url":"https:\/\/kapitalis.com\/tunisie\/wp-content\/uploads\/2022\/05\/Kapitalis-big-size.png","contentUrl":"https:\/\/kapitalis.com\/tunisie\/wp-content\/uploads\/2022\/05\/Kapitalis-big-size.png","width":5000,"height":1500,"caption":"Kapitalis"},"image":{"@id":"https:\/\/kapitalis.com\/tunisie\/#\/schema\/logo\/image\/"},"sameAs":["https:\/\/www.facebook.com\/KapitalisInfo\/","https:\/\/x.com\/KapitalisInfo","https:\/\/www.youtube.com\/channel\/UC-yDYrHyfFBWWZaOw3FPg9Q"]},{"@type":"Person","@id":"https:\/\/kapitalis.com\/tunisie\/#\/schema\/person\/d71f33a9ca44f7bad4698210b480c8e9","name":"webmaster kapitalis","url":"https:\/\/kapitalis.com\/tunisie\/author\/webmaster-kapitalis\/"}]}},"_links":{"self":[{"href":"https:\/\/kapitalis.com\/tunisie\/wp-json\/wp\/v2\/posts\/71933","targetHints":{"allow":["GET"]}}],"collection":[{"href":"https:\/\/kapitalis.com\/tunisie\/wp-json\/wp\/v2\/posts"}],"about":[{"href":"https:\/\/kapitalis.com\/tunisie\/wp-json\/wp\/v2\/types\/post"}],"author":[{"embeddable":true,"href":"https:\/\/kapitalis.com\/tunisie\/wp-json\/wp\/v2\/users\/8"}],"replies":[{"embeddable":true,"href":"https:\/\/kapitalis.com\/tunisie\/wp-json\/wp\/v2\/comments?post=71933"}],"version-history":[{"count":0,"href":"https:\/\/kapitalis.com\/tunisie\/wp-json\/wp\/v2\/posts\/71933\/revisions"}],"wp:featuredmedia":[{"embeddable":true,"href":"https:\/\/kapitalis.com\/tunisie\/wp-json\/wp\/v2\/media\/71934"}],"wp:attachment":[{"href":"https:\/\/kapitalis.com\/tunisie\/wp-json\/wp\/v2\/media?parent=71933"}],"wp:term":[{"taxonomy":"category","embeddable":true,"href":"https:\/\/kapitalis.com\/tunisie\/wp-json\/wp\/v2\/categories?post=71933"},{"taxonomy":"post_tag","embeddable":true,"href":"https:\/\/kapitalis.com\/tunisie\/wp-json\/wp\/v2\/tags?post=71933"}],"curies":[{"name":"wp","href":"https:\/\/api.w.org\/{rel}","templated":true}]}}