{"id":7204072,"date":"2023-03-31T12:09:43","date_gmt":"2023-03-31T11:09:43","guid":{"rendered":"https:\/\/kapitalis.com\/tunisie\/?p=7204072"},"modified":"2023-03-31T12:09:44","modified_gmt":"2023-03-31T11:09:44","slug":"tunisie-italie-reprise-des-flux-migratoires-sur-lampedusa-apres-4-jours-darret","status":"publish","type":"post","link":"https:\/\/kapitalis.com\/tunisie\/2023\/03\/31\/tunisie-italie-reprise-des-flux-migratoires-sur-lampedusa-apres-4-jours-darret\/","title":{"rendered":"Tunisie &#8211; Italie\u00a0: reprise des flux migratoires sur Lampedusa apr\u00e8s 4 jours d\u2019arr\u00eat"},"content":{"rendered":"\n<p><strong><em>Une quarantaine de migrants, originaires de Guin\u00e9e et de C\u00f4te d\u2019Ivoire, ont d\u00e9barqu\u00e9 dans la nuit du 30 au 31 mars 2023, apr\u00e8s avoir \u00e9t\u00e9 secourus au large de l\u2019\u00eele italienne de Lampedusa.<\/em><\/strong> <em>(Illustration : arriv\u00e9e de migrants \u00e0 Lampedusa, photo d&rsquo;archives).<\/em><\/p>\n\n\n\n<!--more-->\n\n\n\n<p>Le groupe, parti de Sfax en Tunisie, mercredi \u00e0 19 heures, comprenait \u00e9galement 16 femmes et 2 mineurs.<\/p>\n\n\n\n<p>C\u2019est le premier d\u00e9barquement apr\u00e8s 4 jours d\u2019arr\u00eat d\u00fb aux conditions m\u00e9t\u00e9orologiques et \u00e0 la mer agit\u00e9e dans le canal sicilien, a indiqu\u00e9 l\u2019agence <a href=\"https:\/\/www.ansa.it\/sito\/notizie\/cronaca\/2023\/03\/31\/primo-sbarco-di-migranti-a-lampedusa-dopo-quattro-giorni-di-stop_ade36e8d-4e83-44c9-856e-acce47ffb8bd.html\" target=\"_blank\" rel=\"noreferrer noopener\">Ansamed<\/a>, ajoutant que ces migrants ont \u00e9t\u00e9 emmen\u00e9s dans un centre abritant d\u00e9j\u00e0 421 personnes.<\/p>\n","protected":false},"excerpt":{"rendered":"<p>Une quarantaine de migrants, originaires de Guin\u00e9e et de C\u00f4te d\u2019Ivoire, ont d\u00e9barqu\u00e9 dans la nuit du 30 au 31 mars 2023, \u00e0 Lampedusa. <\/p>\n","protected":false},"author":8,"featured_media":7204138,"comment_status":"open","ping_status":"open","sticky":false,"template":"","format":"standard","meta":{"footnotes":""},"categories":[998,2433],"tags":[240,90974,12712,505,2842,823,62643],"class_list":["post-7204072","post","type-post","status-publish","format-standard","has-post-thumbnail","hentry","category-societe","category-tunisie","tag-cote-divoire","tag-flux-migratoires","tag-guinee","tag-italie","tag-lampedusa","tag-sfax","tag-tunisie"],"yoast_head":"<!-- This site is optimized with the Yoast SEO plugin v26.6 - https:\/\/yoast.com\/wordpress\/plugins\/seo\/ -->\n<title>Tunisie - Italie\u00a0: reprise des flux migratoires sur Lampedusa apr\u00e8s 4 jours d\u2019arr\u00eat - Kapitalis<\/title>\n<meta name=\"robots\" content=\"index, follow, max-snippet:-1, max-image-preview:large, max-video-preview:-1\" \/>\n<link rel=\"canonical\" href=\"https:\/\/kapitalis.com\/tunisie\/2023\/03\/31\/tunisie-italie-reprise-des-flux-migratoires-sur-lampedusa-apres-4-jours-darret\/\" \/>\n<meta property=\"og:locale\" content=\"fr_FR\" \/>\n<meta property=\"og:type\" content=\"article\" \/>\n<meta property=\"og:title\" content=\"Tunisie - Italie\u00a0: reprise des flux migratoires sur Lampedusa apr\u00e8s 4 jours d\u2019arr\u00eat - Kapitalis\" \/>\n<meta property=\"og:description\" content=\"Une quarantaine de migrants, originaires de Guin\u00e9e et de C\u00f4te d\u2019Ivoire, ont d\u00e9barqu\u00e9 dans la nuit du 30 au 31 mars 2023, \u00e0 Lampedusa.\" \/>\n<meta property=\"og:url\" content=\"https:\/\/kapitalis.com\/tunisie\/2023\/03\/31\/tunisie-italie-reprise-des-flux-migratoires-sur-lampedusa-apres-4-jours-darret\/\" \/>\n<meta property=\"og:site_name\" content=\"Kapitalis\" \/>\n<meta property=\"article:publisher\" content=\"https:\/\/www.facebook.com\/KapitalisInfo\/\" \/>\n<meta property=\"article:published_time\" content=\"2023-03-31T11:09:43+00:00\" \/>\n<meta property=\"article:modified_time\" content=\"2023-03-31T11:09:44+00:00\" \/>\n<meta property=\"og:image\" content=\"https:\/\/kapitalis.com\/tunisie\/wp-content\/uploads\/2023\/03\/Migrants-Lampedusa.jpg\" \/>\n\t<meta property=\"og:image:width\" content=\"1200\" \/>\n\t<meta property=\"og:image:height\" content=\"630\" \/>\n\t<meta property=\"og:image:type\" content=\"image\/jpeg\" \/>\n<meta name=\"author\" content=\"webmaster kapitalis\" \/>\n<meta name=\"twitter:card\" content=\"summary_large_image\" \/>\n<meta name=\"twitter:creator\" content=\"@KapitalisInfo\" \/>\n<meta name=\"twitter:site\" content=\"@KapitalisInfo\" \/>\n<meta name=\"twitter:label1\" content=\"\u00c9crit par\" \/>\n\t<meta name=\"twitter:data1\" content=\"webmaster kapitalis\" \/>\n\t<meta name=\"twitter:label2\" content=\"Dur\u00e9e de lecture estim\u00e9e\" \/>\n\t<meta name=\"twitter:data2\" content=\"1 minute\" \/>\n<script type=\"application\/ld+json\" class=\"yoast-schema-graph\">{\"@context\":\"https:\/\/schema.org\",\"@graph\":[{\"@type\":\"Article\",\"@id\":\"https:\/\/kapitalis.com\/tunisie\/2023\/03\/31\/tunisie-italie-reprise-des-flux-migratoires-sur-lampedusa-apres-4-jours-darret\/#article\",\"isPartOf\":{\"@id\":\"https:\/\/kapitalis.com\/tunisie\/2023\/03\/31\/tunisie-italie-reprise-des-flux-migratoires-sur-lampedusa-apres-4-jours-darret\/\"},\"author\":{\"name\":\"webmaster kapitalis\",\"@id\":\"https:\/\/kapitalis.com\/tunisie\/#\/schema\/person\/d71f33a9ca44f7bad4698210b480c8e9\"},\"headline\":\"Tunisie &#8211; Italie\u00a0: reprise des flux migratoires sur Lampedusa apr\u00e8s 4 jours d\u2019arr\u00eat\",\"datePublished\":\"2023-03-31T11:09:43+00:00\",\"dateModified\":\"2023-03-31T11:09:44+00:00\",\"mainEntityOfPage\":{\"@id\":\"https:\/\/kapitalis.com\/tunisie\/2023\/03\/31\/tunisie-italie-reprise-des-flux-migratoires-sur-lampedusa-apres-4-jours-darret\/\"},\"wordCount\":120,\"commentCount\":0,\"publisher\":{\"@id\":\"https:\/\/kapitalis.com\/tunisie\/#organization\"},\"image\":{\"@id\":\"https:\/\/kapitalis.com\/tunisie\/2023\/03\/31\/tunisie-italie-reprise-des-flux-migratoires-sur-lampedusa-apres-4-jours-darret\/#primaryimage\"},\"thumbnailUrl\":\"https:\/\/kapitalis.com\/tunisie\/wp-content\/uploads\/2023\/03\/Migrants-Lampedusa.jpg\",\"keywords\":[\"C\u00f4te d'Ivoire\",\"flux migratoires\",\"Guin\u00e9e\",\"Italie\",\"Lampedusa\",\"Sfax\",\"Tunisie\"],\"articleSection\":[\"SOCIETE\",\"Tunisie\"],\"inLanguage\":\"fr-FR\",\"potentialAction\":[{\"@type\":\"CommentAction\",\"name\":\"Comment\",\"target\":[\"https:\/\/kapitalis.com\/tunisie\/2023\/03\/31\/tunisie-italie-reprise-des-flux-migratoires-sur-lampedusa-apres-4-jours-darret\/#respond\"]}]},{\"@type\":\"WebPage\",\"@id\":\"https:\/\/kapitalis.com\/tunisie\/2023\/03\/31\/tunisie-italie-reprise-des-flux-migratoires-sur-lampedusa-apres-4-jours-darret\/\",\"url\":\"https:\/\/kapitalis.com\/tunisie\/2023\/03\/31\/tunisie-italie-reprise-des-flux-migratoires-sur-lampedusa-apres-4-jours-darret\/\",\"name\":\"Tunisie - Italie\u00a0: reprise des flux migratoires sur Lampedusa apr\u00e8s 4 jours d\u2019arr\u00eat - Kapitalis\",\"isPartOf\":{\"@id\":\"https:\/\/kapitalis.com\/tunisie\/#website\"},\"primaryImageOfPage\":{\"@id\":\"https:\/\/kapitalis.com\/tunisie\/2023\/03\/31\/tunisie-italie-reprise-des-flux-migratoires-sur-lampedusa-apres-4-jours-darret\/#primaryimage\"},\"image\":{\"@id\":\"https:\/\/kapitalis.com\/tunisie\/2023\/03\/31\/tunisie-italie-reprise-des-flux-migratoires-sur-lampedusa-apres-4-jours-darret\/#primaryimage\"},\"thumbnailUrl\":\"https:\/\/kapitalis.com\/tunisie\/wp-content\/uploads\/2023\/03\/Migrants-Lampedusa.jpg\",\"datePublished\":\"2023-03-31T11:09:43+00:00\",\"dateModified\":\"2023-03-31T11:09:44+00:00\",\"breadcrumb\":{\"@id\":\"https:\/\/kapitalis.com\/tunisie\/2023\/03\/31\/tunisie-italie-reprise-des-flux-migratoires-sur-lampedusa-apres-4-jours-darret\/#breadcrumb\"},\"inLanguage\":\"fr-FR\",\"potentialAction\":[{\"@type\":\"ReadAction\",\"target\":[\"https:\/\/kapitalis.com\/tunisie\/2023\/03\/31\/tunisie-italie-reprise-des-flux-migratoires-sur-lampedusa-apres-4-jours-darret\/\"]}]},{\"@type\":\"ImageObject\",\"inLanguage\":\"fr-FR\",\"@id\":\"https:\/\/kapitalis.com\/tunisie\/2023\/03\/31\/tunisie-italie-reprise-des-flux-migratoires-sur-lampedusa-apres-4-jours-darret\/#primaryimage\",\"url\":\"https:\/\/kapitalis.com\/tunisie\/wp-content\/uploads\/2023\/03\/Migrants-Lampedusa.jpg\",\"contentUrl\":\"https:\/\/kapitalis.com\/tunisie\/wp-content\/uploads\/2023\/03\/Migrants-Lampedusa.jpg\",\"width\":1200,\"height\":630},{\"@type\":\"BreadcrumbList\",\"@id\":\"https:\/\/kapitalis.com\/tunisie\/2023\/03\/31\/tunisie-italie-reprise-des-flux-migratoires-sur-lampedusa-apres-4-jours-darret\/#breadcrumb\",\"itemListElement\":[{\"@type\":\"ListItem\",\"position\":1,\"name\":\"Accueil\",\"item\":\"https:\/\/kapitalis.com\/tunisie\/\"},{\"@type\":\"ListItem\",\"position\":2,\"name\":\"Tunisie &#8211; Italie\u00a0: reprise des flux migratoires sur Lampedusa apr\u00e8s 4 jours d\u2019arr\u00eat\"}]},{\"@type\":\"WebSite\",\"@id\":\"https:\/\/kapitalis.com\/tunisie\/#website\",\"url\":\"https:\/\/kapitalis.com\/tunisie\/\",\"name\":\"Kapitalis\",\"description\":\"L&#039;actualit\u00e9 en Tunisie et dans le monde\",\"publisher\":{\"@id\":\"https:\/\/kapitalis.com\/tunisie\/#organization\"},\"potentialAction\":[{\"@type\":\"SearchAction\",\"target\":{\"@type\":\"EntryPoint\",\"urlTemplate\":\"https:\/\/kapitalis.com\/tunisie\/?s={search_term_string}\"},\"query-input\":{\"@type\":\"PropertyValueSpecification\",\"valueRequired\":true,\"valueName\":\"search_term_string\"}}],\"inLanguage\":\"fr-FR\"},{\"@type\":\"Organization\",\"@id\":\"https:\/\/kapitalis.com\/tunisie\/#organization\",\"name\":\"Kapitalis\",\"url\":\"https:\/\/kapitalis.com\/tunisie\/\",\"logo\":{\"@type\":\"ImageObject\",\"inLanguage\":\"fr-FR\",\"@id\":\"https:\/\/kapitalis.com\/tunisie\/#\/schema\/logo\/image\/\",\"url\":\"https:\/\/kapitalis.com\/tunisie\/wp-content\/uploads\/2022\/05\/Kapitalis-big-size.png\",\"contentUrl\":\"https:\/\/kapitalis.com\/tunisie\/wp-content\/uploads\/2022\/05\/Kapitalis-big-size.png\",\"width\":5000,\"height\":1500,\"caption\":\"Kapitalis\"},\"image\":{\"@id\":\"https:\/\/kapitalis.com\/tunisie\/#\/schema\/logo\/image\/\"},\"sameAs\":[\"https:\/\/www.facebook.com\/KapitalisInfo\/\",\"https:\/\/x.com\/KapitalisInfo\",\"https:\/\/www.youtube.com\/channel\/UC-yDYrHyfFBWWZaOw3FPg9Q\"]},{\"@type\":\"Person\",\"@id\":\"https:\/\/kapitalis.com\/tunisie\/#\/schema\/person\/d71f33a9ca44f7bad4698210b480c8e9\",\"name\":\"webmaster kapitalis\",\"url\":\"https:\/\/kapitalis.com\/tunisie\/author\/webmaster-kapitalis\/\"}]}<\/script>\n<!-- \/ Yoast SEO plugin. -->","yoast_head_json":{"title":"Tunisie - Italie\u00a0: reprise des flux migratoires sur Lampedusa apr\u00e8s 4 jours d\u2019arr\u00eat - Kapitalis","robots":{"index":"index","follow":"follow","max-snippet":"max-snippet:-1","max-image-preview":"max-image-preview:large","max-video-preview":"max-video-preview:-1"},"canonical":"https:\/\/kapitalis.com\/tunisie\/2023\/03\/31\/tunisie-italie-reprise-des-flux-migratoires-sur-lampedusa-apres-4-jours-darret\/","og_locale":"fr_FR","og_type":"article","og_title":"Tunisie - Italie\u00a0: reprise des flux migratoires sur Lampedusa apr\u00e8s 4 jours d\u2019arr\u00eat - Kapitalis","og_description":"Une quarantaine de migrants, originaires de Guin\u00e9e et de C\u00f4te d\u2019Ivoire, ont d\u00e9barqu\u00e9 dans la nuit du 30 au 31 mars 2023, \u00e0 Lampedusa.","og_url":"https:\/\/kapitalis.com\/tunisie\/2023\/03\/31\/tunisie-italie-reprise-des-flux-migratoires-sur-lampedusa-apres-4-jours-darret\/","og_site_name":"Kapitalis","article_publisher":"https:\/\/www.facebook.com\/KapitalisInfo\/","article_published_time":"2023-03-31T11:09:43+00:00","article_modified_time":"2023-03-31T11:09:44+00:00","og_image":[{"width":1200,"height":630,"url":"https:\/\/kapitalis.com\/tunisie\/wp-content\/uploads\/2023\/03\/Migrants-Lampedusa.jpg","type":"image\/jpeg"}],"author":"webmaster kapitalis","twitter_card":"summary_large_image","twitter_creator":"@KapitalisInfo","twitter_site":"@KapitalisInfo","twitter_misc":{"\u00c9crit par":"webmaster kapitalis","Dur\u00e9e de lecture estim\u00e9e":"1 minute"},"schema":{"@context":"https:\/\/schema.org","@graph":[{"@type":"Article","@id":"https:\/\/kapitalis.com\/tunisie\/2023\/03\/31\/tunisie-italie-reprise-des-flux-migratoires-sur-lampedusa-apres-4-jours-darret\/#article","isPartOf":{"@id":"https:\/\/kapitalis.com\/tunisie\/2023\/03\/31\/tunisie-italie-reprise-des-flux-migratoires-sur-lampedusa-apres-4-jours-darret\/"},"author":{"name":"webmaster kapitalis","@id":"https:\/\/kapitalis.com\/tunisie\/#\/schema\/person\/d71f33a9ca44f7bad4698210b480c8e9"},"headline":"Tunisie &#8211; Italie\u00a0: reprise des flux migratoires sur Lampedusa apr\u00e8s 4 jours d\u2019arr\u00eat","datePublished":"2023-03-31T11:09:43+00:00","dateModified":"2023-03-31T11:09:44+00:00","mainEntityOfPage":{"@id":"https:\/\/kapitalis.com\/tunisie\/2023\/03\/31\/tunisie-italie-reprise-des-flux-migratoires-sur-lampedusa-apres-4-jours-darret\/"},"wordCount":120,"commentCount":0,"publisher":{"@id":"https:\/\/kapitalis.com\/tunisie\/#organization"},"image":{"@id":"https:\/\/kapitalis.com\/tunisie\/2023\/03\/31\/tunisie-italie-reprise-des-flux-migratoires-sur-lampedusa-apres-4-jours-darret\/#primaryimage"},"thumbnailUrl":"https:\/\/kapitalis.com\/tunisie\/wp-content\/uploads\/2023\/03\/Migrants-Lampedusa.jpg","keywords":["C\u00f4te d'Ivoire","flux migratoires","Guin\u00e9e","Italie","Lampedusa","Sfax","Tunisie"],"articleSection":["SOCIETE","Tunisie"],"inLanguage":"fr-FR","potentialAction":[{"@type":"CommentAction","name":"Comment","target":["https:\/\/kapitalis.com\/tunisie\/2023\/03\/31\/tunisie-italie-reprise-des-flux-migratoires-sur-lampedusa-apres-4-jours-darret\/#respond"]}]},{"@type":"WebPage","@id":"https:\/\/kapitalis.com\/tunisie\/2023\/03\/31\/tunisie-italie-reprise-des-flux-migratoires-sur-lampedusa-apres-4-jours-darret\/","url":"https:\/\/kapitalis.com\/tunisie\/2023\/03\/31\/tunisie-italie-reprise-des-flux-migratoires-sur-lampedusa-apres-4-jours-darret\/","name":"Tunisie - Italie\u00a0: reprise des flux migratoires sur Lampedusa apr\u00e8s 4 jours d\u2019arr\u00eat - Kapitalis","isPartOf":{"@id":"https:\/\/kapitalis.com\/tunisie\/#website"},"primaryImageOfPage":{"@id":"https:\/\/kapitalis.com\/tunisie\/2023\/03\/31\/tunisie-italie-reprise-des-flux-migratoires-sur-lampedusa-apres-4-jours-darret\/#primaryimage"},"image":{"@id":"https:\/\/kapitalis.com\/tunisie\/2023\/03\/31\/tunisie-italie-reprise-des-flux-migratoires-sur-lampedusa-apres-4-jours-darret\/#primaryimage"},"thumbnailUrl":"https:\/\/kapitalis.com\/tunisie\/wp-content\/uploads\/2023\/03\/Migrants-Lampedusa.jpg","datePublished":"2023-03-31T11:09:43+00:00","dateModified":"2023-03-31T11:09:44+00:00","breadcrumb":{"@id":"https:\/\/kapitalis.com\/tunisie\/2023\/03\/31\/tunisie-italie-reprise-des-flux-migratoires-sur-lampedusa-apres-4-jours-darret\/#breadcrumb"},"inLanguage":"fr-FR","potentialAction":[{"@type":"ReadAction","target":["https:\/\/kapitalis.com\/tunisie\/2023\/03\/31\/tunisie-italie-reprise-des-flux-migratoires-sur-lampedusa-apres-4-jours-darret\/"]}]},{"@type":"ImageObject","inLanguage":"fr-FR","@id":"https:\/\/kapitalis.com\/tunisie\/2023\/03\/31\/tunisie-italie-reprise-des-flux-migratoires-sur-lampedusa-apres-4-jours-darret\/#primaryimage","url":"https:\/\/kapitalis.com\/tunisie\/wp-content\/uploads\/2023\/03\/Migrants-Lampedusa.jpg","contentUrl":"https:\/\/kapitalis.com\/tunisie\/wp-content\/uploads\/2023\/03\/Migrants-Lampedusa.jpg","width":1200,"height":630},{"@type":"BreadcrumbList","@id":"https:\/\/kapitalis.com\/tunisie\/2023\/03\/31\/tunisie-italie-reprise-des-flux-migratoires-sur-lampedusa-apres-4-jours-darret\/#breadcrumb","itemListElement":[{"@type":"ListItem","position":1,"name":"Accueil","item":"https:\/\/kapitalis.com\/tunisie\/"},{"@type":"ListItem","position":2,"name":"Tunisie &#8211; Italie\u00a0: reprise des flux migratoires sur Lampedusa apr\u00e8s 4 jours d\u2019arr\u00eat"}]},{"@type":"WebSite","@id":"https:\/\/kapitalis.com\/tunisie\/#website","url":"https:\/\/kapitalis.com\/tunisie\/","name":"Kapitalis","description":"L&#039;actualit\u00e9 en Tunisie et dans le monde","publisher":{"@id":"https:\/\/kapitalis.com\/tunisie\/#organization"},"potentialAction":[{"@type":"SearchAction","target":{"@type":"EntryPoint","urlTemplate":"https:\/\/kapitalis.com\/tunisie\/?s={search_term_string}"},"query-input":{"@type":"PropertyValueSpecification","valueRequired":true,"valueName":"search_term_string"}}],"inLanguage":"fr-FR"},{"@type":"Organization","@id":"https:\/\/kapitalis.com\/tunisie\/#organization","name":"Kapitalis","url":"https:\/\/kapitalis.com\/tunisie\/","logo":{"@type":"ImageObject","inLanguage":"fr-FR","@id":"https:\/\/kapitalis.com\/tunisie\/#\/schema\/logo\/image\/","url":"https:\/\/kapitalis.com\/tunisie\/wp-content\/uploads\/2022\/05\/Kapitalis-big-size.png","contentUrl":"https:\/\/kapitalis.com\/tunisie\/wp-content\/uploads\/2022\/05\/Kapitalis-big-size.png","width":5000,"height":1500,"caption":"Kapitalis"},"image":{"@id":"https:\/\/kapitalis.com\/tunisie\/#\/schema\/logo\/image\/"},"sameAs":["https:\/\/www.facebook.com\/KapitalisInfo\/","https:\/\/x.com\/KapitalisInfo","https:\/\/www.youtube.com\/channel\/UC-yDYrHyfFBWWZaOw3FPg9Q"]},{"@type":"Person","@id":"https:\/\/kapitalis.com\/tunisie\/#\/schema\/person\/d71f33a9ca44f7bad4698210b480c8e9","name":"webmaster kapitalis","url":"https:\/\/kapitalis.com\/tunisie\/author\/webmaster-kapitalis\/"}]}},"_links":{"self":[{"href":"https:\/\/kapitalis.com\/tunisie\/wp-json\/wp\/v2\/posts\/7204072","targetHints":{"allow":["GET"]}}],"collection":[{"href":"https:\/\/kapitalis.com\/tunisie\/wp-json\/wp\/v2\/posts"}],"about":[{"href":"https:\/\/kapitalis.com\/tunisie\/wp-json\/wp\/v2\/types\/post"}],"author":[{"embeddable":true,"href":"https:\/\/kapitalis.com\/tunisie\/wp-json\/wp\/v2\/users\/8"}],"replies":[{"embeddable":true,"href":"https:\/\/kapitalis.com\/tunisie\/wp-json\/wp\/v2\/comments?post=7204072"}],"version-history":[{"count":1,"href":"https:\/\/kapitalis.com\/tunisie\/wp-json\/wp\/v2\/posts\/7204072\/revisions"}],"predecessor-version":[{"id":7204150,"href":"https:\/\/kapitalis.com\/tunisie\/wp-json\/wp\/v2\/posts\/7204072\/revisions\/7204150"}],"wp:featuredmedia":[{"embeddable":true,"href":"https:\/\/kapitalis.com\/tunisie\/wp-json\/wp\/v2\/media\/7204138"}],"wp:attachment":[{"href":"https:\/\/kapitalis.com\/tunisie\/wp-json\/wp\/v2\/media?parent=7204072"}],"wp:term":[{"taxonomy":"category","embeddable":true,"href":"https:\/\/kapitalis.com\/tunisie\/wp-json\/wp\/v2\/categories?post=7204072"},{"taxonomy":"post_tag","embeddable":true,"href":"https:\/\/kapitalis.com\/tunisie\/wp-json\/wp\/v2\/tags?post=7204072"}],"curies":[{"name":"wp","href":"https:\/\/api.w.org\/{rel}","templated":true}]}}