{"id":72137,"date":"2016-11-14T20:03:36","date_gmt":"2016-11-14T19:03:36","guid":{"rendered":"http:\/\/kapitalis.com\/tunisie\/?p=72137"},"modified":"2016-11-14T20:03:36","modified_gmt":"2016-11-14T19:03:36","slug":"composants-automobiles-la-taa-annonce-la-couleur","status":"publish","type":"post","link":"https:\/\/kapitalis.com\/tunisie\/2016\/11\/14\/composants-automobiles-la-taa-annonce-la-couleur\/","title":{"rendered":"Composants automobiles : La TAA annonce la couleur"},"content":{"rendered":"<p><img loading=\"lazy\" decoding=\"async\" class=\"alignnone size-full wp-image-72138 aligncenter\" src=\"http:\/\/kapitalis.com\/tunisie\/wp-content\/uploads\/2016\/11\/TAA-Composants-automobiles.jpg\" alt=\"taa-composants-automobiles\" width=\"626\" height=\"380\" \/><\/p>\n<p><em><strong>Les dirigeants de la Tunisian Automotive Association (TAA) ont organis\u00e9, aujourd\u2019hui, une conf\u00e9rence de presse, pour annoncer le lancement de leur association.<\/strong><\/em><\/p>\n<p><!--more--><\/p>\n<p>La conf\u00e9rence, qui s\u2019est tenue \u00e0 l\u2019h\u00f4tel de Paris, aux Berges du Lac de Tunis, s\u2019est d\u00e9roul\u00e9e en pr\u00e9sence de Fadhel Abdelkefi, ministre du D\u00e9veloppement, de l\u2019Investissement et de la Coop\u00e9ration internationale, et Zied Ladhari, ministre de l\u2019Industrie et du Commerce.<\/p>\n<p>Se donnant pour mission d\u2019accompagner le d\u00e9veloppement du secteur de l\u2019industrie des composants automobiles en Tunisie, la TAA veut \u00eatre un acteur-cl\u00e9 et efficace capable de cr\u00e9er un environnement favorable au d\u00e9veloppement de cette industrie, et plus particuli\u00e8rement l\u2019encouragement \u00e0 l\u2019implantation de nouvelles entreprises du secteur dans notre pays.<\/p>\n<p style=\"text-align: center;\"><img loading=\"lazy\" decoding=\"async\" class=\"alignnone wp-image-72139\" src=\"http:\/\/kapitalis.com\/tunisie\/wp-content\/uploads\/2016\/11\/TAA-2.jpg\" alt=\"taa-2\" width=\"500\" height=\"334\" \/><\/p>\n<p>L\u2019association se propose aussi d\u2019organiser et de participer, par le biais de ses propres commissions, \u00e0 toutes les manifestations, en Tunisie ou \u00e0 l\u2019\u00e9tranger, consacr\u00e9es aux activit\u00e9s de l\u2019industrie des composants automobiles. Elle se propose aussi de d\u00e9fendre les int\u00e9r\u00eats des acteurs du secteur, qui sont aussi ses membres.<\/p>\n<p>La cr\u00e9ation de la TAA se justifie amplement quand on sait la place qu\u2019occupe la Tunisie dans le secteur des composants automobiles. La Tunisie est class\u00e9e parmi les premiers fournisseurs de l\u2019Union europ\u00e9enne (UE) en faisceaux et c\u00e2bles. D\u2019o\u00f9 la volont\u00e9 de maintenir cette notori\u00e9t\u00e9 tout en attirant davantage de soci\u00e9t\u00e9s du secteur et les constructeurs automobiles.<\/p>\n<p style=\"text-align: center;\"><img loading=\"lazy\" decoding=\"async\" class=\"alignnone wp-image-72140\" src=\"http:\/\/kapitalis.com\/tunisie\/wp-content\/uploads\/2016\/11\/TAA-3.jpg\" alt=\"taa-3\" width=\"500\" height=\"334\" \/><\/p>\n<p><em>\u00abPour nous, l\u2019essentiel c\u2019est de nous mobiliser pour capitaliser sur ce qui existe et d\u00e9velopper le secteur qui est strat\u00e9gique pour notre pays. Pour cela, nous avons besoin d\u2019interpeller tous les intervenants : l\u2019Etat, l\u2019administration (ports, douane, minist\u00e8res de la Coop\u00e9ration, de l\u2019Industrie, de l&rsquo;Int\u00e9rieur, des Transports et autres), les partenaires sociaux ainsi que les repr\u00e9sentations diplomatiques en Tunisie, les chambres de commerce mixtes et tous ceux qui peuvent apporter leur soutien aux investisseurs \u00e9trangers pour les s\u00e9curiser\u00bb<\/em>, a d\u00e9clar\u00e9 le pr\u00e9sident de la TAA, Nabhen Bouchaala.<\/p>\n<p>Cr\u00e9\u00e9e en f\u00e9vrier 2016, la TAA est une association \u00e0 but non lucratif qui se donne comme objectif de contribuer \u00e0 l\u2019\u00e9change, la collaboration et la synergie entre les diff\u00e9rentes entreprises du secteur de l\u2019industrie automobile en Tunisie, un secteur qui regroupe quelque 267 entreprises sp\u00e9cialis\u00e9es dans les composants (dont 180 totalement exportatrices) et qui emploie pr\u00e8s de 80.000 personnes.<\/p>\n<p style=\"text-align: center;\"><img loading=\"lazy\" decoding=\"async\" class=\"alignnone wp-image-72141\" src=\"http:\/\/kapitalis.com\/tunisie\/wp-content\/uploads\/2016\/11\/TAA-Zouari.jpg\" alt=\"taa-zouari\" width=\"500\" height=\"334\" \/><\/p>\n<p>Le bureau de la TAA est compos\u00e9 comme suit Nabhen Bouchaala, Caveo Automotive (pr\u00e9sident) ; Aouatef Elloumi Elghoul, Coficab (1\u00e8re vice-pr\u00e9sidente); Imed Charfeddine, Groupe PEC (2e vice-pr\u00e9sident); Wissem Badri, Kromberg &amp; Shubert (tr\u00e9sorier); Cofat, Draxlmaier, Marquardt, Leoni, Faurecia (membres fondateurs); Valeo, Visteon, TPS Groupe Plastivaloire, Siam, SEBN Sumitomo, Yazaki, Hutchinson, One Tech Group (membres), VDA, Anfia, Fipa (partenaires).<\/p>\n<p style=\"text-align: right;\"><strong>I. B. <\/strong>(avec communiqu\u00e9).<\/p>\n","protected":false},"excerpt":{"rendered":"<p>Les dirigeants de la Tunisian Automotive Association (TAA) ont organis\u00e9, aujourd\u2019hui, une conf\u00e9rence de presse, pour annoncer le lancement de leur association.<\/p>\n","protected":false},"author":8,"featured_media":72138,"comment_status":"open","ping_status":"open","sticky":false,"template":"","format":"standard","meta":{"footnotes":""},"categories":[995,2433],"tags":[220,15773,475,5180],"class_list":["post-72137","post","type-post","status-publish","format-standard","has-post-thumbnail","hentry","category-economie","category-tunisie","tag-composants-automobiles","tag-fadhel-abdelkefi","tag-industrie","tag-zied-ladhari"],"yoast_head":"<!-- This site is optimized with the Yoast SEO plugin v26.6 - https:\/\/yoast.com\/wordpress\/plugins\/seo\/ -->\n<title>Composants automobiles : La TAA annonce la couleur - Kapitalis<\/title>\n<meta name=\"robots\" content=\"index, follow, max-snippet:-1, max-image-preview:large, max-video-preview:-1\" \/>\n<link rel=\"canonical\" href=\"https:\/\/kapitalis.com\/tunisie\/2016\/11\/14\/composants-automobiles-la-taa-annonce-la-couleur\/\" \/>\n<meta property=\"og:locale\" content=\"fr_FR\" \/>\n<meta property=\"og:type\" content=\"article\" \/>\n<meta property=\"og:title\" content=\"Composants automobiles : La TAA annonce la couleur - Kapitalis\" \/>\n<meta property=\"og:description\" content=\"Les dirigeants de la Tunisian Automotive Association (TAA) ont organis\u00e9, aujourd\u2019hui, une conf\u00e9rence de presse, pour annoncer le lancement de leur association.\" \/>\n<meta property=\"og:url\" content=\"https:\/\/kapitalis.com\/tunisie\/2016\/11\/14\/composants-automobiles-la-taa-annonce-la-couleur\/\" \/>\n<meta property=\"og:site_name\" content=\"Kapitalis\" \/>\n<meta property=\"article:publisher\" content=\"https:\/\/www.facebook.com\/KapitalisInfo\/\" \/>\n<meta property=\"article:published_time\" content=\"2016-11-14T19:03:36+00:00\" \/>\n<meta property=\"og:image\" content=\"https:\/\/kapitalis.com\/tunisie\/wp-content\/uploads\/2022\/05\/kapitalis-logo-fb.png\" \/>\n\t<meta property=\"og:image:width\" content=\"1200\" \/>\n\t<meta property=\"og:image:height\" content=\"630\" \/>\n\t<meta property=\"og:image:type\" content=\"image\/png\" \/>\n<meta name=\"author\" content=\"webmaster kapitalis\" \/>\n<meta name=\"twitter:card\" content=\"summary_large_image\" \/>\n<meta name=\"twitter:creator\" content=\"@KapitalisInfo\" \/>\n<meta name=\"twitter:site\" content=\"@KapitalisInfo\" \/>\n<meta name=\"twitter:label1\" content=\"\u00c9crit par\" \/>\n\t<meta name=\"twitter:data1\" content=\"webmaster kapitalis\" \/>\n\t<meta name=\"twitter:label2\" content=\"Dur\u00e9e de lecture estim\u00e9e\" \/>\n\t<meta name=\"twitter:data2\" content=\"2 minutes\" \/>\n<script type=\"application\/ld+json\" class=\"yoast-schema-graph\">{\"@context\":\"https:\/\/schema.org\",\"@graph\":[{\"@type\":\"Article\",\"@id\":\"https:\/\/kapitalis.com\/tunisie\/2016\/11\/14\/composants-automobiles-la-taa-annonce-la-couleur\/#article\",\"isPartOf\":{\"@id\":\"https:\/\/kapitalis.com\/tunisie\/2016\/11\/14\/composants-automobiles-la-taa-annonce-la-couleur\/\"},\"author\":{\"name\":\"webmaster kapitalis\",\"@id\":\"https:\/\/kapitalis.com\/tunisie\/#\/schema\/person\/d71f33a9ca44f7bad4698210b480c8e9\"},\"headline\":\"Composants automobiles : La TAA annonce la couleur\",\"datePublished\":\"2016-11-14T19:03:36+00:00\",\"mainEntityOfPage\":{\"@id\":\"https:\/\/kapitalis.com\/tunisie\/2016\/11\/14\/composants-automobiles-la-taa-annonce-la-couleur\/\"},\"wordCount\":490,\"commentCount\":0,\"publisher\":{\"@id\":\"https:\/\/kapitalis.com\/tunisie\/#organization\"},\"image\":{\"@id\":\"https:\/\/kapitalis.com\/tunisie\/2016\/11\/14\/composants-automobiles-la-taa-annonce-la-couleur\/#primaryimage\"},\"thumbnailUrl\":\"\",\"keywords\":[\"composants automobiles\",\"Fadhel Abdelkefi\",\"industrie\",\"Zied Ladhari\"],\"articleSection\":[\"ECONOMIE\",\"Tunisie\"],\"inLanguage\":\"fr-FR\",\"potentialAction\":[{\"@type\":\"CommentAction\",\"name\":\"Comment\",\"target\":[\"https:\/\/kapitalis.com\/tunisie\/2016\/11\/14\/composants-automobiles-la-taa-annonce-la-couleur\/#respond\"]}]},{\"@type\":\"WebPage\",\"@id\":\"https:\/\/kapitalis.com\/tunisie\/2016\/11\/14\/composants-automobiles-la-taa-annonce-la-couleur\/\",\"url\":\"https:\/\/kapitalis.com\/tunisie\/2016\/11\/14\/composants-automobiles-la-taa-annonce-la-couleur\/\",\"name\":\"Composants automobiles : La TAA annonce la couleur - Kapitalis\",\"isPartOf\":{\"@id\":\"https:\/\/kapitalis.com\/tunisie\/#website\"},\"primaryImageOfPage\":{\"@id\":\"https:\/\/kapitalis.com\/tunisie\/2016\/11\/14\/composants-automobiles-la-taa-annonce-la-couleur\/#primaryimage\"},\"image\":{\"@id\":\"https:\/\/kapitalis.com\/tunisie\/2016\/11\/14\/composants-automobiles-la-taa-annonce-la-couleur\/#primaryimage\"},\"thumbnailUrl\":\"\",\"datePublished\":\"2016-11-14T19:03:36+00:00\",\"breadcrumb\":{\"@id\":\"https:\/\/kapitalis.com\/tunisie\/2016\/11\/14\/composants-automobiles-la-taa-annonce-la-couleur\/#breadcrumb\"},\"inLanguage\":\"fr-FR\",\"potentialAction\":[{\"@type\":\"ReadAction\",\"target\":[\"https:\/\/kapitalis.com\/tunisie\/2016\/11\/14\/composants-automobiles-la-taa-annonce-la-couleur\/\"]}]},{\"@type\":\"ImageObject\",\"inLanguage\":\"fr-FR\",\"@id\":\"https:\/\/kapitalis.com\/tunisie\/2016\/11\/14\/composants-automobiles-la-taa-annonce-la-couleur\/#primaryimage\",\"url\":\"\",\"contentUrl\":\"\"},{\"@type\":\"BreadcrumbList\",\"@id\":\"https:\/\/kapitalis.com\/tunisie\/2016\/11\/14\/composants-automobiles-la-taa-annonce-la-couleur\/#breadcrumb\",\"itemListElement\":[{\"@type\":\"ListItem\",\"position\":1,\"name\":\"Accueil\",\"item\":\"https:\/\/kapitalis.com\/tunisie\/\"},{\"@type\":\"ListItem\",\"position\":2,\"name\":\"Composants automobiles : La TAA annonce la couleur\"}]},{\"@type\":\"WebSite\",\"@id\":\"https:\/\/kapitalis.com\/tunisie\/#website\",\"url\":\"https:\/\/kapitalis.com\/tunisie\/\",\"name\":\"Kapitalis\",\"description\":\"L&#039;actualit\u00e9 en Tunisie et dans le monde\",\"publisher\":{\"@id\":\"https:\/\/kapitalis.com\/tunisie\/#organization\"},\"potentialAction\":[{\"@type\":\"SearchAction\",\"target\":{\"@type\":\"EntryPoint\",\"urlTemplate\":\"https:\/\/kapitalis.com\/tunisie\/?s={search_term_string}\"},\"query-input\":{\"@type\":\"PropertyValueSpecification\",\"valueRequired\":true,\"valueName\":\"search_term_string\"}}],\"inLanguage\":\"fr-FR\"},{\"@type\":\"Organization\",\"@id\":\"https:\/\/kapitalis.com\/tunisie\/#organization\",\"name\":\"Kapitalis\",\"url\":\"https:\/\/kapitalis.com\/tunisie\/\",\"logo\":{\"@type\":\"ImageObject\",\"inLanguage\":\"fr-FR\",\"@id\":\"https:\/\/kapitalis.com\/tunisie\/#\/schema\/logo\/image\/\",\"url\":\"https:\/\/kapitalis.com\/tunisie\/wp-content\/uploads\/2022\/05\/Kapitalis-big-size.png\",\"contentUrl\":\"https:\/\/kapitalis.com\/tunisie\/wp-content\/uploads\/2022\/05\/Kapitalis-big-size.png\",\"width\":5000,\"height\":1500,\"caption\":\"Kapitalis\"},\"image\":{\"@id\":\"https:\/\/kapitalis.com\/tunisie\/#\/schema\/logo\/image\/\"},\"sameAs\":[\"https:\/\/www.facebook.com\/KapitalisInfo\/\",\"https:\/\/x.com\/KapitalisInfo\",\"https:\/\/www.youtube.com\/channel\/UC-yDYrHyfFBWWZaOw3FPg9Q\"]},{\"@type\":\"Person\",\"@id\":\"https:\/\/kapitalis.com\/tunisie\/#\/schema\/person\/d71f33a9ca44f7bad4698210b480c8e9\",\"name\":\"webmaster kapitalis\",\"url\":\"https:\/\/kapitalis.com\/tunisie\/author\/webmaster-kapitalis\/\"}]}<\/script>\n<!-- \/ Yoast SEO plugin. -->","yoast_head_json":{"title":"Composants automobiles : La TAA annonce la couleur - Kapitalis","robots":{"index":"index","follow":"follow","max-snippet":"max-snippet:-1","max-image-preview":"max-image-preview:large","max-video-preview":"max-video-preview:-1"},"canonical":"https:\/\/kapitalis.com\/tunisie\/2016\/11\/14\/composants-automobiles-la-taa-annonce-la-couleur\/","og_locale":"fr_FR","og_type":"article","og_title":"Composants automobiles : La TAA annonce la couleur - Kapitalis","og_description":"Les dirigeants de la Tunisian Automotive Association (TAA) ont organis\u00e9, aujourd\u2019hui, une conf\u00e9rence de presse, pour annoncer le lancement de leur association.","og_url":"https:\/\/kapitalis.com\/tunisie\/2016\/11\/14\/composants-automobiles-la-taa-annonce-la-couleur\/","og_site_name":"Kapitalis","article_publisher":"https:\/\/www.facebook.com\/KapitalisInfo\/","article_published_time":"2016-11-14T19:03:36+00:00","og_image":[{"width":1200,"height":630,"url":"https:\/\/kapitalis.com\/tunisie\/wp-content\/uploads\/2022\/05\/kapitalis-logo-fb.png","type":"image\/png"}],"author":"webmaster kapitalis","twitter_card":"summary_large_image","twitter_creator":"@KapitalisInfo","twitter_site":"@KapitalisInfo","twitter_misc":{"\u00c9crit par":"webmaster kapitalis","Dur\u00e9e de lecture estim\u00e9e":"2 minutes"},"schema":{"@context":"https:\/\/schema.org","@graph":[{"@type":"Article","@id":"https:\/\/kapitalis.com\/tunisie\/2016\/11\/14\/composants-automobiles-la-taa-annonce-la-couleur\/#article","isPartOf":{"@id":"https:\/\/kapitalis.com\/tunisie\/2016\/11\/14\/composants-automobiles-la-taa-annonce-la-couleur\/"},"author":{"name":"webmaster kapitalis","@id":"https:\/\/kapitalis.com\/tunisie\/#\/schema\/person\/d71f33a9ca44f7bad4698210b480c8e9"},"headline":"Composants automobiles : La TAA annonce la couleur","datePublished":"2016-11-14T19:03:36+00:00","mainEntityOfPage":{"@id":"https:\/\/kapitalis.com\/tunisie\/2016\/11\/14\/composants-automobiles-la-taa-annonce-la-couleur\/"},"wordCount":490,"commentCount":0,"publisher":{"@id":"https:\/\/kapitalis.com\/tunisie\/#organization"},"image":{"@id":"https:\/\/kapitalis.com\/tunisie\/2016\/11\/14\/composants-automobiles-la-taa-annonce-la-couleur\/#primaryimage"},"thumbnailUrl":"","keywords":["composants automobiles","Fadhel Abdelkefi","industrie","Zied Ladhari"],"articleSection":["ECONOMIE","Tunisie"],"inLanguage":"fr-FR","potentialAction":[{"@type":"CommentAction","name":"Comment","target":["https:\/\/kapitalis.com\/tunisie\/2016\/11\/14\/composants-automobiles-la-taa-annonce-la-couleur\/#respond"]}]},{"@type":"WebPage","@id":"https:\/\/kapitalis.com\/tunisie\/2016\/11\/14\/composants-automobiles-la-taa-annonce-la-couleur\/","url":"https:\/\/kapitalis.com\/tunisie\/2016\/11\/14\/composants-automobiles-la-taa-annonce-la-couleur\/","name":"Composants automobiles : La TAA annonce la couleur - Kapitalis","isPartOf":{"@id":"https:\/\/kapitalis.com\/tunisie\/#website"},"primaryImageOfPage":{"@id":"https:\/\/kapitalis.com\/tunisie\/2016\/11\/14\/composants-automobiles-la-taa-annonce-la-couleur\/#primaryimage"},"image":{"@id":"https:\/\/kapitalis.com\/tunisie\/2016\/11\/14\/composants-automobiles-la-taa-annonce-la-couleur\/#primaryimage"},"thumbnailUrl":"","datePublished":"2016-11-14T19:03:36+00:00","breadcrumb":{"@id":"https:\/\/kapitalis.com\/tunisie\/2016\/11\/14\/composants-automobiles-la-taa-annonce-la-couleur\/#breadcrumb"},"inLanguage":"fr-FR","potentialAction":[{"@type":"ReadAction","target":["https:\/\/kapitalis.com\/tunisie\/2016\/11\/14\/composants-automobiles-la-taa-annonce-la-couleur\/"]}]},{"@type":"ImageObject","inLanguage":"fr-FR","@id":"https:\/\/kapitalis.com\/tunisie\/2016\/11\/14\/composants-automobiles-la-taa-annonce-la-couleur\/#primaryimage","url":"","contentUrl":""},{"@type":"BreadcrumbList","@id":"https:\/\/kapitalis.com\/tunisie\/2016\/11\/14\/composants-automobiles-la-taa-annonce-la-couleur\/#breadcrumb","itemListElement":[{"@type":"ListItem","position":1,"name":"Accueil","item":"https:\/\/kapitalis.com\/tunisie\/"},{"@type":"ListItem","position":2,"name":"Composants automobiles : La TAA annonce la couleur"}]},{"@type":"WebSite","@id":"https:\/\/kapitalis.com\/tunisie\/#website","url":"https:\/\/kapitalis.com\/tunisie\/","name":"Kapitalis","description":"L&#039;actualit\u00e9 en Tunisie et dans le monde","publisher":{"@id":"https:\/\/kapitalis.com\/tunisie\/#organization"},"potentialAction":[{"@type":"SearchAction","target":{"@type":"EntryPoint","urlTemplate":"https:\/\/kapitalis.com\/tunisie\/?s={search_term_string}"},"query-input":{"@type":"PropertyValueSpecification","valueRequired":true,"valueName":"search_term_string"}}],"inLanguage":"fr-FR"},{"@type":"Organization","@id":"https:\/\/kapitalis.com\/tunisie\/#organization","name":"Kapitalis","url":"https:\/\/kapitalis.com\/tunisie\/","logo":{"@type":"ImageObject","inLanguage":"fr-FR","@id":"https:\/\/kapitalis.com\/tunisie\/#\/schema\/logo\/image\/","url":"https:\/\/kapitalis.com\/tunisie\/wp-content\/uploads\/2022\/05\/Kapitalis-big-size.png","contentUrl":"https:\/\/kapitalis.com\/tunisie\/wp-content\/uploads\/2022\/05\/Kapitalis-big-size.png","width":5000,"height":1500,"caption":"Kapitalis"},"image":{"@id":"https:\/\/kapitalis.com\/tunisie\/#\/schema\/logo\/image\/"},"sameAs":["https:\/\/www.facebook.com\/KapitalisInfo\/","https:\/\/x.com\/KapitalisInfo","https:\/\/www.youtube.com\/channel\/UC-yDYrHyfFBWWZaOw3FPg9Q"]},{"@type":"Person","@id":"https:\/\/kapitalis.com\/tunisie\/#\/schema\/person\/d71f33a9ca44f7bad4698210b480c8e9","name":"webmaster kapitalis","url":"https:\/\/kapitalis.com\/tunisie\/author\/webmaster-kapitalis\/"}]}},"_links":{"self":[{"href":"https:\/\/kapitalis.com\/tunisie\/wp-json\/wp\/v2\/posts\/72137","targetHints":{"allow":["GET"]}}],"collection":[{"href":"https:\/\/kapitalis.com\/tunisie\/wp-json\/wp\/v2\/posts"}],"about":[{"href":"https:\/\/kapitalis.com\/tunisie\/wp-json\/wp\/v2\/types\/post"}],"author":[{"embeddable":true,"href":"https:\/\/kapitalis.com\/tunisie\/wp-json\/wp\/v2\/users\/8"}],"replies":[{"embeddable":true,"href":"https:\/\/kapitalis.com\/tunisie\/wp-json\/wp\/v2\/comments?post=72137"}],"version-history":[{"count":0,"href":"https:\/\/kapitalis.com\/tunisie\/wp-json\/wp\/v2\/posts\/72137\/revisions"}],"wp:featuredmedia":[{"embeddable":true,"href":"https:\/\/kapitalis.com\/tunisie\/wp-json\/wp\/v2\/media\/72138"}],"wp:attachment":[{"href":"https:\/\/kapitalis.com\/tunisie\/wp-json\/wp\/v2\/media?parent=72137"}],"wp:term":[{"taxonomy":"category","embeddable":true,"href":"https:\/\/kapitalis.com\/tunisie\/wp-json\/wp\/v2\/categories?post=72137"},{"taxonomy":"post_tag","embeddable":true,"href":"https:\/\/kapitalis.com\/tunisie\/wp-json\/wp\/v2\/tags?post=72137"}],"curies":[{"name":"wp","href":"https:\/\/api.w.org\/{rel}","templated":true}]}}