{"id":72144,"date":"2016-11-15T08:17:14","date_gmt":"2016-11-15T07:17:14","guid":{"rendered":"http:\/\/kapitalis.com\/tunisie\/?p=72144"},"modified":"2016-11-15T08:17:14","modified_gmt":"2016-11-15T07:17:14","slug":"un-quotidien-saoudien-se-rejouit-de-lechec-du-printemps-arabe","status":"publish","type":"post","link":"https:\/\/kapitalis.com\/tunisie\/2016\/11\/15\/un-quotidien-saoudien-se-rejouit-de-lechec-du-printemps-arabe\/","title":{"rendered":"Un quotidien saoudien se r\u00e9jouit de l\u2019\u00e9chec du Printemps arabe"},"content":{"rendered":"<p><img loading=\"lazy\" decoding=\"async\" class=\"alignnone size-full wp-image-72068 aligncenter\" src=\"http:\/\/kapitalis.com\/tunisie\/wp-content\/uploads\/2016\/11\/Printemps-arabe.jpg\" alt=\"printemps-arabe\" width=\"626\" height=\"380\" \/><\/p>\n<p><em><strong>Le quotidien anglophone saoudien \u2018\u2018Saudi Gazette\u2019\u2019 \u00e9prouve un plaisir que le Printemps arabe soit en situation d\u2019\u00e9chec et qu\u2019il ait \u00abperdu son romantisme.\u00bb<\/strong><\/em><\/p>\n<p>Par\u00a0<strong>Marwan Chahla<\/strong><\/p>\n<p><!--more--><\/p>\n<p>A la lecture des r\u00e9sultats d\u2019une \u00e9tude men\u00e9e par la Commission \u00e9conomique et sociale pour l\u2019Asie de l\u2019ouest (Escwa) sur les pertes enregistr\u00e9es par les pays du Printemps arabe, depuis 2011, la <em><a href=\"http:\/\/saudigazette.com.sa\/opinion\/editorial\/romanticism-lost\/\">\u2018\u2018Saudi Gazette\u2019&rsquo; (\u2018SG\u2019)<\/a><\/em> n\u2019a pas manqu\u00e9 cette occasion en or pour faire part de sa liesse, tout en\u00a0omettant, bien s\u00fbr, d\u2019\u00e9voquer le r\u00f4le destructeur jou\u00e9 par les monarchies du Golfe, et \u00e0 leur t\u00eate l\u2019Arabie saoudite, dans l\u2019\u00e9chec du Printemps arabe, en finan\u00e7ant les groupes salafistes jihadistes, qui s\u00e8ment aujourd\u2019hui la terreur dans la r\u00e9gion&#8230;<\/p>\n<p>D\u2019entr\u00e9e de jeu, le journal a du mal \u00e0 cacher sa joie: <em>\u00abSix ans apr\u00e8s, s\u2019il avait encore le moindre doute sur la fin d\u2019un certain romantisme associ\u00e9 \u00e0 ce que l\u2019on appelle le Printemps arabe, l\u2019Onu, avec son dernier rapport, vient de dissiper d\u00e9finitivement cette illusion. La vague des protestations arabes a co\u00fbt\u00e9 \u00e0 la r\u00e9gion 614 milliards de dollars, ce qui correspond \u00e0 une perte de 6% de croissance, depuis 2011.\u00bb<\/em><\/p>\n<p>La<em> \u2018\u2018SG\u2019\u2019<\/em> enfonce encore plus le clou: <em>\u00abLe Printemps arabe a \u00e9t\u00e9 un cauchemar des plus inattendus (\u2026) La plupart des pays du Printemps arabe ont connu le m\u00eame sc\u00e9nario: une r\u00e9volution port\u00e9e par l\u2019espoir d\u2019un avenir meilleur qui se transforme en bellig\u00e9rance, puis en lutte et se termine par la guerre. C\u2019est comme si le nouvel ordre r\u00e9gional devait mener in\u00e9luctablement \u00e0 l\u2019instabilit\u00e9 et au chaos. Toute la r\u00e9gion a \u00e9t\u00e9 plong\u00e9e dans la confusion.\u00bb<\/em><\/p>\n<p>La <em>\u2018\u2018Saudi Gazette\u2019\u2019<\/em> ne s\u2019embarrasse, non plus, de donner la le\u00e7on \u00e0 peuples arabes qui se sont essay\u00e9s \u00e0 la r\u00e9volution: elle leur rappelle que <em>\u00ables r\u00e9volutions ne suivent jamais une trajectoire lin\u00e9aire (\u2026) et cette r\u00e8gle s\u2019applique, parfaitement et en tous points, \u00e0 l\u2019exp\u00e9rience du Printemps arabe. A pr\u00e9sent, l\u2019on sait que les soul\u00e8vements arabes ont suscit\u00e9 autant d\u2019espoirs que d\u2019avenirs qui sont loin d\u2019\u00eatre prometteurs ou idylliques.\u00bb<\/em><\/p>\n<p>La gazette en rajoute une autre couche: <em>\u00abApr\u00e8s avoir remport\u00e9 la premi\u00e8re partie et r\u00e9alis\u00e9 leurs objectifs imm\u00e9diats, les r\u00e9volutions arabes se sont trouv\u00e9es en territoire inconnu et incertain. Leur projet consistait \u00e0 se d\u00e9barrasser de leurs gouvernements et \u00e0 leur substituer de meilleurs remplacements. Or, les protestataires ont vite fait de se rendre compte que s\u2019il \u00e9tait facile, en usant de la force, d\u2019atteindre leur premier but, pour la deuxi\u00e8me partie, il fallait recourir \u00e0 un principe diff\u00e9rent.\u00bb<\/em> (\u2026)<\/p>\n<p>\u00ab<em>Aujourd\u2019hui, le Printemps arabe a depuis longtemps rendu l\u2019\u00e2me, mais apr\u00e8s avoir co\u00fbt\u00e9 la vie \u00e0 des centaines de milliers de personnes et des centaines de milliards de dollars aux pays de la r\u00e9gion. Le r\u00e9sultat final est l\u00e0: une grande amertume et une violence g\u00e9n\u00e9ralis\u00e9e<\/em>\u00bb, conclut<em> \u2018\u2018Saudi Gazette\u2019\u2019.<\/em><\/p>\n<p>Le journal saoudien se garde cependant d&rsquo;envisager que l&rsquo;Arabie saoudite, o\u00f9 r\u00e8gne un r\u00e9gime moyen\u00e2geux, sera, n\u00e9cessairement, un jour ou l&rsquo;autre, et tr\u00e8s prochainement, balay\u00e9e, elle aussi, par\u00a0ce vent de libert\u00e9 que ses dirigeants ne pourront pas contenir ind\u00e9finiment \u00e0 coups de p\u00e9trodollars, d&rsquo;autant que ces p\u00e9trodollars se font de plus en plus rare.\u00a0<em>Wait and see&#8230;<\/em><\/p>\n<p><em><strong>Lire aussi:<\/strong><\/em><\/p>\n<p><a href=\"http:\/\/kapitalis.com\/tunisie\/2016\/11\/14\/manque-a-gagner-du-printemps-arabe-600-milliards-de-dollars\/\"><em>Le manque \u00e0 gagner du printemps arabe : 600 milliards de dollars<\/em><\/a><\/p>\n<p><a href=\"http:\/\/kapitalis.com\/tunisie\/2016\/11\/14\/la-perte-de-croissance-economique-de-la-tunisie-depuis-2011-evaluee-a-56\/\"><em>Tunisie: La perte de croissance \u00e9conomique de la Tunisie depuis 2011 \u00e9valu\u00e9e \u00e0 5,6%<\/em><\/a><\/p>\n","protected":false},"excerpt":{"rendered":"<p>Le quotidien anglophone saoudien \u2018\u2018Saudi Gazette\u2019\u2019 \u00e9prouve un plaisir que le Printemps arabe soit en situation d\u2019\u00e9chec et qu\u2019il ait \u00abperdu son romantisme.\u00bb Par\u00a0Marwan Chahla<\/p>\n","protected":false},"author":8,"featured_media":0,"comment_status":"open","ping_status":"open","sticky":false,"template":"","format":"standard","meta":{"footnotes":""},"categories":[992,996,2433],"tags":[2638,15060,1514,788],"class_list":["post-72144","post","type-post","status-publish","format-standard","hentry","category-a-la-une","category-media","category-tunisie","tag-arabie-saoudite","tag-monarchies-du-golfe","tag-printemps-arabe","tag-revolution"],"yoast_head":"<!-- This site is optimized with the Yoast SEO plugin v26.6 - https:\/\/yoast.com\/wordpress\/plugins\/seo\/ -->\n<title>Un quotidien saoudien se r\u00e9jouit de l\u2019\u00e9chec du Printemps arabe - Kapitalis<\/title>\n<meta name=\"robots\" content=\"index, follow, max-snippet:-1, max-image-preview:large, max-video-preview:-1\" \/>\n<link rel=\"canonical\" href=\"https:\/\/kapitalis.com\/tunisie\/2016\/11\/15\/un-quotidien-saoudien-se-rejouit-de-lechec-du-printemps-arabe\/\" \/>\n<meta property=\"og:locale\" content=\"fr_FR\" \/>\n<meta property=\"og:type\" content=\"article\" \/>\n<meta property=\"og:title\" content=\"Un quotidien saoudien se r\u00e9jouit de l\u2019\u00e9chec du Printemps arabe - Kapitalis\" \/>\n<meta property=\"og:description\" content=\"Le quotidien anglophone saoudien \u2018\u2018Saudi Gazette\u2019\u2019 \u00e9prouve un plaisir que le Printemps arabe soit en situation d\u2019\u00e9chec et qu\u2019il ait \u00abperdu son romantisme.\u00bb Par\u00a0Marwan Chahla\" \/>\n<meta property=\"og:url\" content=\"https:\/\/kapitalis.com\/tunisie\/2016\/11\/15\/un-quotidien-saoudien-se-rejouit-de-lechec-du-printemps-arabe\/\" \/>\n<meta property=\"og:site_name\" content=\"Kapitalis\" \/>\n<meta property=\"article:publisher\" content=\"https:\/\/www.facebook.com\/KapitalisInfo\/\" \/>\n<meta property=\"article:published_time\" content=\"2016-11-15T07:17:14+00:00\" \/>\n<meta property=\"og:image\" content=\"http:\/\/kapitalis.com\/tunisie\/wp-content\/uploads\/2016\/11\/Printemps-arabe.jpg\" \/>\n<meta name=\"author\" content=\"webmaster kapitalis\" \/>\n<meta name=\"twitter:card\" content=\"summary_large_image\" \/>\n<meta name=\"twitter:creator\" content=\"@KapitalisInfo\" \/>\n<meta name=\"twitter:site\" content=\"@KapitalisInfo\" \/>\n<meta name=\"twitter:label1\" content=\"\u00c9crit par\" \/>\n\t<meta name=\"twitter:data1\" content=\"webmaster kapitalis\" \/>\n\t<meta name=\"twitter:label2\" content=\"Dur\u00e9e de lecture estim\u00e9e\" \/>\n\t<meta name=\"twitter:data2\" content=\"3 minutes\" \/>\n<script type=\"application\/ld+json\" class=\"yoast-schema-graph\">{\"@context\":\"https:\/\/schema.org\",\"@graph\":[{\"@type\":\"Article\",\"@id\":\"https:\/\/kapitalis.com\/tunisie\/2016\/11\/15\/un-quotidien-saoudien-se-rejouit-de-lechec-du-printemps-arabe\/#article\",\"isPartOf\":{\"@id\":\"https:\/\/kapitalis.com\/tunisie\/2016\/11\/15\/un-quotidien-saoudien-se-rejouit-de-lechec-du-printemps-arabe\/\"},\"author\":{\"name\":\"webmaster kapitalis\",\"@id\":\"https:\/\/kapitalis.com\/tunisie\/#\/schema\/person\/d71f33a9ca44f7bad4698210b480c8e9\"},\"headline\":\"Un quotidien saoudien se r\u00e9jouit de l\u2019\u00e9chec du Printemps arabe\",\"datePublished\":\"2016-11-15T07:17:14+00:00\",\"mainEntityOfPage\":{\"@id\":\"https:\/\/kapitalis.com\/tunisie\/2016\/11\/15\/un-quotidien-saoudien-se-rejouit-de-lechec-du-printemps-arabe\/\"},\"wordCount\":621,\"commentCount\":5,\"publisher\":{\"@id\":\"https:\/\/kapitalis.com\/tunisie\/#organization\"},\"image\":{\"@id\":\"https:\/\/kapitalis.com\/tunisie\/2016\/11\/15\/un-quotidien-saoudien-se-rejouit-de-lechec-du-printemps-arabe\/#primaryimage\"},\"thumbnailUrl\":\"http:\/\/kapitalis.com\/tunisie\/wp-content\/uploads\/2016\/11\/Printemps-arabe.jpg\",\"keywords\":[\"Arabie saoudite\",\"monarchies du Golfe\",\"printemps arabe\",\"r\u00e9volution\"],\"articleSection\":[\"A LA UNE\",\"MEDIA\",\"Tunisie\"],\"inLanguage\":\"fr-FR\",\"potentialAction\":[{\"@type\":\"CommentAction\",\"name\":\"Comment\",\"target\":[\"https:\/\/kapitalis.com\/tunisie\/2016\/11\/15\/un-quotidien-saoudien-se-rejouit-de-lechec-du-printemps-arabe\/#respond\"]}]},{\"@type\":\"WebPage\",\"@id\":\"https:\/\/kapitalis.com\/tunisie\/2016\/11\/15\/un-quotidien-saoudien-se-rejouit-de-lechec-du-printemps-arabe\/\",\"url\":\"https:\/\/kapitalis.com\/tunisie\/2016\/11\/15\/un-quotidien-saoudien-se-rejouit-de-lechec-du-printemps-arabe\/\",\"name\":\"Un quotidien saoudien se r\u00e9jouit de l\u2019\u00e9chec du Printemps arabe - Kapitalis\",\"isPartOf\":{\"@id\":\"https:\/\/kapitalis.com\/tunisie\/#website\"},\"primaryImageOfPage\":{\"@id\":\"https:\/\/kapitalis.com\/tunisie\/2016\/11\/15\/un-quotidien-saoudien-se-rejouit-de-lechec-du-printemps-arabe\/#primaryimage\"},\"image\":{\"@id\":\"https:\/\/kapitalis.com\/tunisie\/2016\/11\/15\/un-quotidien-saoudien-se-rejouit-de-lechec-du-printemps-arabe\/#primaryimage\"},\"thumbnailUrl\":\"http:\/\/kapitalis.com\/tunisie\/wp-content\/uploads\/2016\/11\/Printemps-arabe.jpg\",\"datePublished\":\"2016-11-15T07:17:14+00:00\",\"breadcrumb\":{\"@id\":\"https:\/\/kapitalis.com\/tunisie\/2016\/11\/15\/un-quotidien-saoudien-se-rejouit-de-lechec-du-printemps-arabe\/#breadcrumb\"},\"inLanguage\":\"fr-FR\",\"potentialAction\":[{\"@type\":\"ReadAction\",\"target\":[\"https:\/\/kapitalis.com\/tunisie\/2016\/11\/15\/un-quotidien-saoudien-se-rejouit-de-lechec-du-printemps-arabe\/\"]}]},{\"@type\":\"ImageObject\",\"inLanguage\":\"fr-FR\",\"@id\":\"https:\/\/kapitalis.com\/tunisie\/2016\/11\/15\/un-quotidien-saoudien-se-rejouit-de-lechec-du-printemps-arabe\/#primaryimage\",\"url\":\"http:\/\/kapitalis.com\/tunisie\/wp-content\/uploads\/2016\/11\/Printemps-arabe.jpg\",\"contentUrl\":\"http:\/\/kapitalis.com\/tunisie\/wp-content\/uploads\/2016\/11\/Printemps-arabe.jpg\"},{\"@type\":\"BreadcrumbList\",\"@id\":\"https:\/\/kapitalis.com\/tunisie\/2016\/11\/15\/un-quotidien-saoudien-se-rejouit-de-lechec-du-printemps-arabe\/#breadcrumb\",\"itemListElement\":[{\"@type\":\"ListItem\",\"position\":1,\"name\":\"Accueil\",\"item\":\"https:\/\/kapitalis.com\/tunisie\/\"},{\"@type\":\"ListItem\",\"position\":2,\"name\":\"Un quotidien saoudien se r\u00e9jouit de l\u2019\u00e9chec du Printemps arabe\"}]},{\"@type\":\"WebSite\",\"@id\":\"https:\/\/kapitalis.com\/tunisie\/#website\",\"url\":\"https:\/\/kapitalis.com\/tunisie\/\",\"name\":\"Kapitalis\",\"description\":\"L&#039;actualit\u00e9 en Tunisie et dans le monde\",\"publisher\":{\"@id\":\"https:\/\/kapitalis.com\/tunisie\/#organization\"},\"potentialAction\":[{\"@type\":\"SearchAction\",\"target\":{\"@type\":\"EntryPoint\",\"urlTemplate\":\"https:\/\/kapitalis.com\/tunisie\/?s={search_term_string}\"},\"query-input\":{\"@type\":\"PropertyValueSpecification\",\"valueRequired\":true,\"valueName\":\"search_term_string\"}}],\"inLanguage\":\"fr-FR\"},{\"@type\":\"Organization\",\"@id\":\"https:\/\/kapitalis.com\/tunisie\/#organization\",\"name\":\"Kapitalis\",\"url\":\"https:\/\/kapitalis.com\/tunisie\/\",\"logo\":{\"@type\":\"ImageObject\",\"inLanguage\":\"fr-FR\",\"@id\":\"https:\/\/kapitalis.com\/tunisie\/#\/schema\/logo\/image\/\",\"url\":\"https:\/\/kapitalis.com\/tunisie\/wp-content\/uploads\/2022\/05\/Kapitalis-big-size.png\",\"contentUrl\":\"https:\/\/kapitalis.com\/tunisie\/wp-content\/uploads\/2022\/05\/Kapitalis-big-size.png\",\"width\":5000,\"height\":1500,\"caption\":\"Kapitalis\"},\"image\":{\"@id\":\"https:\/\/kapitalis.com\/tunisie\/#\/schema\/logo\/image\/\"},\"sameAs\":[\"https:\/\/www.facebook.com\/KapitalisInfo\/\",\"https:\/\/x.com\/KapitalisInfo\",\"https:\/\/www.youtube.com\/channel\/UC-yDYrHyfFBWWZaOw3FPg9Q\"]},{\"@type\":\"Person\",\"@id\":\"https:\/\/kapitalis.com\/tunisie\/#\/schema\/person\/d71f33a9ca44f7bad4698210b480c8e9\",\"name\":\"webmaster kapitalis\",\"url\":\"https:\/\/kapitalis.com\/tunisie\/author\/webmaster-kapitalis\/\"}]}<\/script>\n<!-- \/ Yoast SEO plugin. -->","yoast_head_json":{"title":"Un quotidien saoudien se r\u00e9jouit de l\u2019\u00e9chec du Printemps arabe - Kapitalis","robots":{"index":"index","follow":"follow","max-snippet":"max-snippet:-1","max-image-preview":"max-image-preview:large","max-video-preview":"max-video-preview:-1"},"canonical":"https:\/\/kapitalis.com\/tunisie\/2016\/11\/15\/un-quotidien-saoudien-se-rejouit-de-lechec-du-printemps-arabe\/","og_locale":"fr_FR","og_type":"article","og_title":"Un quotidien saoudien se r\u00e9jouit de l\u2019\u00e9chec du Printemps arabe - Kapitalis","og_description":"Le quotidien anglophone saoudien \u2018\u2018Saudi Gazette\u2019\u2019 \u00e9prouve un plaisir que le Printemps arabe soit en situation d\u2019\u00e9chec et qu\u2019il ait \u00abperdu son romantisme.\u00bb Par\u00a0Marwan Chahla","og_url":"https:\/\/kapitalis.com\/tunisie\/2016\/11\/15\/un-quotidien-saoudien-se-rejouit-de-lechec-du-printemps-arabe\/","og_site_name":"Kapitalis","article_publisher":"https:\/\/www.facebook.com\/KapitalisInfo\/","article_published_time":"2016-11-15T07:17:14+00:00","og_image":[{"url":"http:\/\/kapitalis.com\/tunisie\/wp-content\/uploads\/2016\/11\/Printemps-arabe.jpg","type":"","width":"","height":""}],"author":"webmaster kapitalis","twitter_card":"summary_large_image","twitter_creator":"@KapitalisInfo","twitter_site":"@KapitalisInfo","twitter_misc":{"\u00c9crit par":"webmaster kapitalis","Dur\u00e9e de lecture estim\u00e9e":"3 minutes"},"schema":{"@context":"https:\/\/schema.org","@graph":[{"@type":"Article","@id":"https:\/\/kapitalis.com\/tunisie\/2016\/11\/15\/un-quotidien-saoudien-se-rejouit-de-lechec-du-printemps-arabe\/#article","isPartOf":{"@id":"https:\/\/kapitalis.com\/tunisie\/2016\/11\/15\/un-quotidien-saoudien-se-rejouit-de-lechec-du-printemps-arabe\/"},"author":{"name":"webmaster kapitalis","@id":"https:\/\/kapitalis.com\/tunisie\/#\/schema\/person\/d71f33a9ca44f7bad4698210b480c8e9"},"headline":"Un quotidien saoudien se r\u00e9jouit de l\u2019\u00e9chec du Printemps arabe","datePublished":"2016-11-15T07:17:14+00:00","mainEntityOfPage":{"@id":"https:\/\/kapitalis.com\/tunisie\/2016\/11\/15\/un-quotidien-saoudien-se-rejouit-de-lechec-du-printemps-arabe\/"},"wordCount":621,"commentCount":5,"publisher":{"@id":"https:\/\/kapitalis.com\/tunisie\/#organization"},"image":{"@id":"https:\/\/kapitalis.com\/tunisie\/2016\/11\/15\/un-quotidien-saoudien-se-rejouit-de-lechec-du-printemps-arabe\/#primaryimage"},"thumbnailUrl":"http:\/\/kapitalis.com\/tunisie\/wp-content\/uploads\/2016\/11\/Printemps-arabe.jpg","keywords":["Arabie saoudite","monarchies du Golfe","printemps arabe","r\u00e9volution"],"articleSection":["A LA UNE","MEDIA","Tunisie"],"inLanguage":"fr-FR","potentialAction":[{"@type":"CommentAction","name":"Comment","target":["https:\/\/kapitalis.com\/tunisie\/2016\/11\/15\/un-quotidien-saoudien-se-rejouit-de-lechec-du-printemps-arabe\/#respond"]}]},{"@type":"WebPage","@id":"https:\/\/kapitalis.com\/tunisie\/2016\/11\/15\/un-quotidien-saoudien-se-rejouit-de-lechec-du-printemps-arabe\/","url":"https:\/\/kapitalis.com\/tunisie\/2016\/11\/15\/un-quotidien-saoudien-se-rejouit-de-lechec-du-printemps-arabe\/","name":"Un quotidien saoudien se r\u00e9jouit de l\u2019\u00e9chec du Printemps arabe - Kapitalis","isPartOf":{"@id":"https:\/\/kapitalis.com\/tunisie\/#website"},"primaryImageOfPage":{"@id":"https:\/\/kapitalis.com\/tunisie\/2016\/11\/15\/un-quotidien-saoudien-se-rejouit-de-lechec-du-printemps-arabe\/#primaryimage"},"image":{"@id":"https:\/\/kapitalis.com\/tunisie\/2016\/11\/15\/un-quotidien-saoudien-se-rejouit-de-lechec-du-printemps-arabe\/#primaryimage"},"thumbnailUrl":"http:\/\/kapitalis.com\/tunisie\/wp-content\/uploads\/2016\/11\/Printemps-arabe.jpg","datePublished":"2016-11-15T07:17:14+00:00","breadcrumb":{"@id":"https:\/\/kapitalis.com\/tunisie\/2016\/11\/15\/un-quotidien-saoudien-se-rejouit-de-lechec-du-printemps-arabe\/#breadcrumb"},"inLanguage":"fr-FR","potentialAction":[{"@type":"ReadAction","target":["https:\/\/kapitalis.com\/tunisie\/2016\/11\/15\/un-quotidien-saoudien-se-rejouit-de-lechec-du-printemps-arabe\/"]}]},{"@type":"ImageObject","inLanguage":"fr-FR","@id":"https:\/\/kapitalis.com\/tunisie\/2016\/11\/15\/un-quotidien-saoudien-se-rejouit-de-lechec-du-printemps-arabe\/#primaryimage","url":"http:\/\/kapitalis.com\/tunisie\/wp-content\/uploads\/2016\/11\/Printemps-arabe.jpg","contentUrl":"http:\/\/kapitalis.com\/tunisie\/wp-content\/uploads\/2016\/11\/Printemps-arabe.jpg"},{"@type":"BreadcrumbList","@id":"https:\/\/kapitalis.com\/tunisie\/2016\/11\/15\/un-quotidien-saoudien-se-rejouit-de-lechec-du-printemps-arabe\/#breadcrumb","itemListElement":[{"@type":"ListItem","position":1,"name":"Accueil","item":"https:\/\/kapitalis.com\/tunisie\/"},{"@type":"ListItem","position":2,"name":"Un quotidien saoudien se r\u00e9jouit de l\u2019\u00e9chec du Printemps arabe"}]},{"@type":"WebSite","@id":"https:\/\/kapitalis.com\/tunisie\/#website","url":"https:\/\/kapitalis.com\/tunisie\/","name":"Kapitalis","description":"L&#039;actualit\u00e9 en Tunisie et dans le monde","publisher":{"@id":"https:\/\/kapitalis.com\/tunisie\/#organization"},"potentialAction":[{"@type":"SearchAction","target":{"@type":"EntryPoint","urlTemplate":"https:\/\/kapitalis.com\/tunisie\/?s={search_term_string}"},"query-input":{"@type":"PropertyValueSpecification","valueRequired":true,"valueName":"search_term_string"}}],"inLanguage":"fr-FR"},{"@type":"Organization","@id":"https:\/\/kapitalis.com\/tunisie\/#organization","name":"Kapitalis","url":"https:\/\/kapitalis.com\/tunisie\/","logo":{"@type":"ImageObject","inLanguage":"fr-FR","@id":"https:\/\/kapitalis.com\/tunisie\/#\/schema\/logo\/image\/","url":"https:\/\/kapitalis.com\/tunisie\/wp-content\/uploads\/2022\/05\/Kapitalis-big-size.png","contentUrl":"https:\/\/kapitalis.com\/tunisie\/wp-content\/uploads\/2022\/05\/Kapitalis-big-size.png","width":5000,"height":1500,"caption":"Kapitalis"},"image":{"@id":"https:\/\/kapitalis.com\/tunisie\/#\/schema\/logo\/image\/"},"sameAs":["https:\/\/www.facebook.com\/KapitalisInfo\/","https:\/\/x.com\/KapitalisInfo","https:\/\/www.youtube.com\/channel\/UC-yDYrHyfFBWWZaOw3FPg9Q"]},{"@type":"Person","@id":"https:\/\/kapitalis.com\/tunisie\/#\/schema\/person\/d71f33a9ca44f7bad4698210b480c8e9","name":"webmaster kapitalis","url":"https:\/\/kapitalis.com\/tunisie\/author\/webmaster-kapitalis\/"}]}},"_links":{"self":[{"href":"https:\/\/kapitalis.com\/tunisie\/wp-json\/wp\/v2\/posts\/72144","targetHints":{"allow":["GET"]}}],"collection":[{"href":"https:\/\/kapitalis.com\/tunisie\/wp-json\/wp\/v2\/posts"}],"about":[{"href":"https:\/\/kapitalis.com\/tunisie\/wp-json\/wp\/v2\/types\/post"}],"author":[{"embeddable":true,"href":"https:\/\/kapitalis.com\/tunisie\/wp-json\/wp\/v2\/users\/8"}],"replies":[{"embeddable":true,"href":"https:\/\/kapitalis.com\/tunisie\/wp-json\/wp\/v2\/comments?post=72144"}],"version-history":[{"count":0,"href":"https:\/\/kapitalis.com\/tunisie\/wp-json\/wp\/v2\/posts\/72144\/revisions"}],"wp:attachment":[{"href":"https:\/\/kapitalis.com\/tunisie\/wp-json\/wp\/v2\/media?parent=72144"}],"wp:term":[{"taxonomy":"category","embeddable":true,"href":"https:\/\/kapitalis.com\/tunisie\/wp-json\/wp\/v2\/categories?post=72144"},{"taxonomy":"post_tag","embeddable":true,"href":"https:\/\/kapitalis.com\/tunisie\/wp-json\/wp\/v2\/tags?post=72144"}],"curies":[{"name":"wp","href":"https:\/\/api.w.org\/{rel}","templated":true}]}}