{"id":72207,"date":"2016-11-15T13:26:02","date_gmt":"2016-11-15T12:26:02","guid":{"rendered":"http:\/\/kapitalis.com\/tunisie\/?p=72207"},"modified":"2016-11-17T17:29:54","modified_gmt":"2016-11-17T16:29:54","slug":"qui-a-tue-lotfi-nagdh","status":"publish","type":"post","link":"https:\/\/kapitalis.com\/tunisie\/2016\/11\/15\/qui-a-tue-lotfi-nagdh\/","title":{"rendered":"Qui a tu\u00e9 Lotfi Nagdh ?"},"content":{"rendered":"<p><img loading=\"lazy\" decoding=\"async\" class=\"alignnone size-full wp-image-72208 aligncenter\" src=\"http:\/\/kapitalis.com\/tunisie\/wp-content\/uploads\/2016\/11\/Troika-Milices.jpg\" alt=\"troika-milices\" width=\"626\" height=\"380\" \/><\/p>\n<p style=\"text-align: center;\"><em>Les LPR: Une milice violente au service d&rsquo;un pouvoir.\u00a0<\/em><\/p>\n<p><em><strong>L\u2019acquittement des meurtriers pr\u00e9sum\u00e9s de Nagdh vient nous rappeler les circonstances qui ont rendu possible, en 2012 et 2013, une s\u00e9rie de crimes d\u2019Etat.<\/strong><\/em><\/p>\n<p>Par <strong>Salah El-Gharbi<\/strong><\/p>\n<p><!--more--><\/p>\n<p>Au-del\u00e0 des attendus du jugement acquittant les pr\u00e9sum\u00e9s coupables du meurtre de l\u2019ex- repr\u00e9sentant de Nidaa Tounes \u00e0 Tataouine, la question persiste et persistera aussi longtemps que les auteurs du crime resteront impunis : qui a tu\u00e9 Lotfi Nagdh?<\/p>\n<div class=\"embed\">\n<div class=\"video\">\n<iframe loading=\"lazy\" frameborder=\"0\" width=\"560\" height=\"315\" src=\"\/\/www.dailymotion.com\/embed\/video\/x52f4ag\" allowfullscreen><\/iframe><br \/><a href=\"http:\/\/www.dailymotion.com\/video\/x52f4ag_video-qui-demontre-l-assassinat-de-lotfi-nagdh_news\" target=\"_blank\">Vid&eacute;o qui d&eacute;montre l&#039;assassinat de Lotfi Nagdh<\/a> <i>par <a href=\"http:\/\/www.dailymotion.com\/editeur-kapitalis\" target=\"_blank\">editeur-kapitalis<\/a><\/i>\n<\/div>\n<\/div>\n<p>&nbsp;<br \/>\n<strong>Des barbouzes au service d\u2019Ennahdha et du CpR<\/strong><\/p>\n<p>La proclamation, hier soir, du verdict du tribunal de 1\u00e8re instance de Sousse vient de nous ramener \u00e0 la triste r\u00e9alit\u00e9, celle de l\u2019\u00e9poque o\u00f9 le pouvoir \u00ab<em>anarcho-islamiste<\/em>\u00bb s\u00e9vissait dans le pays, o\u00f9 les barbouzes des soi-disant <em>\u00abd\u00e9fenseurs de la r\u00e9volution\u00bb<\/em> terrorisaient les femmes et les hommes qui n\u2019adh\u00e8rent pas \u00e0 leurs \u00ab<em>id\u00e9es<\/em>\u00bb, o\u00f9 des types surexcit\u00e9s, t\u00e9l\u00e9guid\u00e9s par le parti islamiste Ennahdha, au pouvoir, et son alli\u00e9 du moment, le Congr\u00e8s pour la r\u00e9publique (CpR), ex\u00e9cutent, l\u00e2chement et en pleine rue, un homme dont le seul crime \u00e9tait de ne pas s\u2019\u00eatre laiss\u00e9 poss\u00e9der par leur folie meurtri\u00e8re.<\/p>\n<p>Aussi grand fut le chagrin de beaucoup de Tunisiens, afflig\u00e9s par ce qu\u2019ils ressentent comme injustice, il n\u2019est pas permis que la raison soit sacrifi\u00e9e sur l\u2019autel de la d\u00e9magogie.<\/p>\n<p>Certes, il est normal que les politiques sautent sur l\u2019occasion et cherchent \u00e0 r\u00e9cup\u00e9rer cet \u00e9v\u00e9nement tragique, soit en se mettant du c\u00f4t\u00e9 de la victime, soit de celui des coupables pr\u00e9sum\u00e9s. Accuser la justice de partialit\u00e9 et l\u2019ex\u00e9cutif d\u2019irresponsabilit\u00e9, voire m\u00eame de complicit\u00e9, serait faire le jeu des meurtriers et celui de leurs commanditaires. Il serait absurde, quand on est en d\u00e9mocrate, de reprocher \u00e0 l\u2019ex\u00e9cutif de ne pas s\u2019immiscer dans une affaire qui rel\u00e8ve de la justice.<\/p>\n<p><strong>Une enqu\u00eate mal conduite, orient\u00e9e et b\u00e2cl\u00e9e<\/strong><\/p>\n<p>Dans l\u2019affaire du meurtre de Nagdh, la vraie responsabilit\u00e9, il faut l\u2019attribuer \u00e0 l\u2019enqu\u00eate qui a pris 4 longues ann\u00e9es et a \u00e9t\u00e9 mal conduite. En effet, orient\u00e9 et b\u00e2cl\u00e9, le travail des enqu\u00eateurs, dont le z\u00e8le pour les autorit\u00e9s de l\u2019\u00e9poque, n\u2019\u00e9tait un secret pour personne et n\u2019\u00e9tait pas \u00e0 m\u00eame de faciliter le travail du juge. On se rappelle encore des d\u00e9clarations contradictoires et parfois m\u00eame grotesques, comme celle du ministre de l\u2019Int\u00e9rieur de l\u2019\u00e9poque, l\u2019islamiste Ali Larayedh, affirmant que Nagdh est d\u00e9c\u00e9d\u00e9 suite \u00e0 une crise cardiaque (sic !). A l\u2019\u00e9vidence, ce serait la l\u00e2chet\u00e9 de certains intervenants sur ce dossier qui aurait tu\u00e9 une seconde fois un homme et endeuill\u00e9 une famille.<\/p>\n<p>Quoi qu\u2019on fasse, ce meurtre, s\u2019il restait impuni, serait, comme l\u2019assassinat de Chokri Belaid et celui de Mohamed Brahmi, perp\u00e9tr\u00e9s, quelques mois plus tard, par la m\u00eame mouvance islamiste aujourd\u2019hui encore au pouvoir, un point noir dans cette p\u00e9riode de transition d\u00e9mocratique qui n\u2019honore ni Ennahdha, ni les excit\u00e9s du parti de l\u2019ancien <em>\u00abpr\u00e9sident\u00bb<\/em> Moncef Marzouki.<\/p>\n<p>Le meurtre de Nagdh est m\u00eame, par certains aspects, plus atroce, puisque l\u2019homme a \u00e9t\u00e9 ex\u00e9cut\u00e9 \u00e0 quelques m\u00e8tres des agents de l\u2019ordre qui assistaient, ce jour-l\u00e0, au d\u00e9roulement des \u00e9v\u00e9nements, sans broncher. Ils \u00e9taient alors au service de leurs ma\u00eetres\u2026 islamistes.<\/p>\n","protected":false},"excerpt":{"rendered":"<p>Les LPR: Une milice violente au service d&rsquo;un pouvoir.\u00a0 L\u2019acquittement des meurtriers pr\u00e9sum\u00e9s de Nagdh vient nous rappeler les circonstances qui ont rendu possible, en 2012 et 2013, une s\u00e9rie de crimes d\u2019Etat. Par Salah El-Gharbi<\/p>\n","protected":false},"author":8,"featured_media":72208,"comment_status":"open","ping_status":"open","sticky":false,"template":"","format":"standard","meta":{"footnotes":""},"categories":[992,997,2433],"tags":[1583,204,4830,1842,3198,625,634,1126],"class_list":["post-72207","post","type-post","status-publish","format-standard","has-post-thumbnail","hentry","category-a-la-une","category-politique","category-tunisie","tag-ali-larayedh","tag-chokri-belaid","tag-congres-pour-la-republique","tag-cpr","tag-lotfi-nagdh","tag-mohamed-brahmi","tag-moncef-marzouki","tag-tataouine"],"yoast_head":"<!-- This site is optimized with the Yoast SEO plugin v26.6 - https:\/\/yoast.com\/wordpress\/plugins\/seo\/ -->\n<title>Qui a tu\u00e9 Lotfi Nagdh ? - Kapitalis<\/title>\n<meta name=\"robots\" content=\"index, follow, max-snippet:-1, max-image-preview:large, max-video-preview:-1\" \/>\n<link rel=\"canonical\" href=\"https:\/\/kapitalis.com\/tunisie\/2016\/11\/15\/qui-a-tue-lotfi-nagdh\/\" \/>\n<meta property=\"og:locale\" content=\"fr_FR\" \/>\n<meta property=\"og:type\" content=\"article\" \/>\n<meta property=\"og:title\" content=\"Qui a tu\u00e9 Lotfi Nagdh ? - Kapitalis\" \/>\n<meta property=\"og:description\" content=\"Les LPR: Une milice violente au service d&rsquo;un pouvoir.\u00a0 L\u2019acquittement des meurtriers pr\u00e9sum\u00e9s de Nagdh vient nous rappeler les circonstances qui ont rendu possible, en 2012 et 2013, une s\u00e9rie de crimes d\u2019Etat. Par Salah El-Gharbi\" \/>\n<meta property=\"og:url\" content=\"https:\/\/kapitalis.com\/tunisie\/2016\/11\/15\/qui-a-tue-lotfi-nagdh\/\" \/>\n<meta property=\"og:site_name\" content=\"Kapitalis\" \/>\n<meta property=\"article:publisher\" content=\"https:\/\/www.facebook.com\/KapitalisInfo\/\" \/>\n<meta property=\"article:published_time\" content=\"2016-11-15T12:26:02+00:00\" \/>\n<meta property=\"article:modified_time\" content=\"2016-11-17T16:29:54+00:00\" \/>\n<meta property=\"og:image\" content=\"https:\/\/kapitalis.com\/tunisie\/wp-content\/uploads\/2022\/05\/kapitalis-logo-fb.png\" \/>\n\t<meta property=\"og:image:width\" content=\"1200\" \/>\n\t<meta property=\"og:image:height\" content=\"630\" \/>\n\t<meta property=\"og:image:type\" content=\"image\/png\" \/>\n<meta name=\"author\" content=\"webmaster kapitalis\" \/>\n<meta name=\"twitter:card\" content=\"summary_large_image\" \/>\n<meta name=\"twitter:creator\" content=\"@KapitalisInfo\" \/>\n<meta name=\"twitter:site\" content=\"@KapitalisInfo\" \/>\n<meta name=\"twitter:label1\" content=\"\u00c9crit par\" \/>\n\t<meta name=\"twitter:data1\" content=\"webmaster kapitalis\" \/>\n\t<meta name=\"twitter:label2\" content=\"Dur\u00e9e de lecture estim\u00e9e\" \/>\n\t<meta name=\"twitter:data2\" content=\"3 minutes\" \/>\n<script type=\"application\/ld+json\" class=\"yoast-schema-graph\">{\"@context\":\"https:\/\/schema.org\",\"@graph\":[{\"@type\":\"Article\",\"@id\":\"https:\/\/kapitalis.com\/tunisie\/2016\/11\/15\/qui-a-tue-lotfi-nagdh\/#article\",\"isPartOf\":{\"@id\":\"https:\/\/kapitalis.com\/tunisie\/2016\/11\/15\/qui-a-tue-lotfi-nagdh\/\"},\"author\":{\"name\":\"webmaster kapitalis\",\"@id\":\"https:\/\/kapitalis.com\/tunisie\/#\/schema\/person\/d71f33a9ca44f7bad4698210b480c8e9\"},\"headline\":\"Qui a tu\u00e9 Lotfi Nagdh ?\",\"datePublished\":\"2016-11-15T12:26:02+00:00\",\"dateModified\":\"2016-11-17T16:29:54+00:00\",\"mainEntityOfPage\":{\"@id\":\"https:\/\/kapitalis.com\/tunisie\/2016\/11\/15\/qui-a-tue-lotfi-nagdh\/\"},\"wordCount\":617,\"commentCount\":11,\"publisher\":{\"@id\":\"https:\/\/kapitalis.com\/tunisie\/#organization\"},\"image\":{\"@id\":\"https:\/\/kapitalis.com\/tunisie\/2016\/11\/15\/qui-a-tue-lotfi-nagdh\/#primaryimage\"},\"thumbnailUrl\":\"\",\"keywords\":[\"Ali Larayedh\",\"Chokri Belaid\",\"Congr\u00e8s pour la r\u00e9publique\",\"CpR\",\"Lotfi Nagdh\",\"Mohamed Brahmi\",\"Moncef Marzouki\",\"Tataouine\"],\"articleSection\":[\"A LA UNE\",\"POLITIQUE\",\"Tunisie\"],\"inLanguage\":\"fr-FR\",\"potentialAction\":[{\"@type\":\"CommentAction\",\"name\":\"Comment\",\"target\":[\"https:\/\/kapitalis.com\/tunisie\/2016\/11\/15\/qui-a-tue-lotfi-nagdh\/#respond\"]}]},{\"@type\":\"WebPage\",\"@id\":\"https:\/\/kapitalis.com\/tunisie\/2016\/11\/15\/qui-a-tue-lotfi-nagdh\/\",\"url\":\"https:\/\/kapitalis.com\/tunisie\/2016\/11\/15\/qui-a-tue-lotfi-nagdh\/\",\"name\":\"Qui a tu\u00e9 Lotfi Nagdh ? - Kapitalis\",\"isPartOf\":{\"@id\":\"https:\/\/kapitalis.com\/tunisie\/#website\"},\"primaryImageOfPage\":{\"@id\":\"https:\/\/kapitalis.com\/tunisie\/2016\/11\/15\/qui-a-tue-lotfi-nagdh\/#primaryimage\"},\"image\":{\"@id\":\"https:\/\/kapitalis.com\/tunisie\/2016\/11\/15\/qui-a-tue-lotfi-nagdh\/#primaryimage\"},\"thumbnailUrl\":\"\",\"datePublished\":\"2016-11-15T12:26:02+00:00\",\"dateModified\":\"2016-11-17T16:29:54+00:00\",\"breadcrumb\":{\"@id\":\"https:\/\/kapitalis.com\/tunisie\/2016\/11\/15\/qui-a-tue-lotfi-nagdh\/#breadcrumb\"},\"inLanguage\":\"fr-FR\",\"potentialAction\":[{\"@type\":\"ReadAction\",\"target\":[\"https:\/\/kapitalis.com\/tunisie\/2016\/11\/15\/qui-a-tue-lotfi-nagdh\/\"]}]},{\"@type\":\"ImageObject\",\"inLanguage\":\"fr-FR\",\"@id\":\"https:\/\/kapitalis.com\/tunisie\/2016\/11\/15\/qui-a-tue-lotfi-nagdh\/#primaryimage\",\"url\":\"\",\"contentUrl\":\"\"},{\"@type\":\"BreadcrumbList\",\"@id\":\"https:\/\/kapitalis.com\/tunisie\/2016\/11\/15\/qui-a-tue-lotfi-nagdh\/#breadcrumb\",\"itemListElement\":[{\"@type\":\"ListItem\",\"position\":1,\"name\":\"Accueil\",\"item\":\"https:\/\/kapitalis.com\/tunisie\/\"},{\"@type\":\"ListItem\",\"position\":2,\"name\":\"Qui a tu\u00e9 Lotfi Nagdh ?\"}]},{\"@type\":\"WebSite\",\"@id\":\"https:\/\/kapitalis.com\/tunisie\/#website\",\"url\":\"https:\/\/kapitalis.com\/tunisie\/\",\"name\":\"Kapitalis\",\"description\":\"L&#039;actualit\u00e9 en Tunisie et dans le monde\",\"publisher\":{\"@id\":\"https:\/\/kapitalis.com\/tunisie\/#organization\"},\"potentialAction\":[{\"@type\":\"SearchAction\",\"target\":{\"@type\":\"EntryPoint\",\"urlTemplate\":\"https:\/\/kapitalis.com\/tunisie\/?s={search_term_string}\"},\"query-input\":{\"@type\":\"PropertyValueSpecification\",\"valueRequired\":true,\"valueName\":\"search_term_string\"}}],\"inLanguage\":\"fr-FR\"},{\"@type\":\"Organization\",\"@id\":\"https:\/\/kapitalis.com\/tunisie\/#organization\",\"name\":\"Kapitalis\",\"url\":\"https:\/\/kapitalis.com\/tunisie\/\",\"logo\":{\"@type\":\"ImageObject\",\"inLanguage\":\"fr-FR\",\"@id\":\"https:\/\/kapitalis.com\/tunisie\/#\/schema\/logo\/image\/\",\"url\":\"https:\/\/kapitalis.com\/tunisie\/wp-content\/uploads\/2022\/05\/Kapitalis-big-size.png\",\"contentUrl\":\"https:\/\/kapitalis.com\/tunisie\/wp-content\/uploads\/2022\/05\/Kapitalis-big-size.png\",\"width\":5000,\"height\":1500,\"caption\":\"Kapitalis\"},\"image\":{\"@id\":\"https:\/\/kapitalis.com\/tunisie\/#\/schema\/logo\/image\/\"},\"sameAs\":[\"https:\/\/www.facebook.com\/KapitalisInfo\/\",\"https:\/\/x.com\/KapitalisInfo\",\"https:\/\/www.youtube.com\/channel\/UC-yDYrHyfFBWWZaOw3FPg9Q\"]},{\"@type\":\"Person\",\"@id\":\"https:\/\/kapitalis.com\/tunisie\/#\/schema\/person\/d71f33a9ca44f7bad4698210b480c8e9\",\"name\":\"webmaster kapitalis\",\"url\":\"https:\/\/kapitalis.com\/tunisie\/author\/webmaster-kapitalis\/\"}]}<\/script>\n<!-- \/ Yoast SEO plugin. -->","yoast_head_json":{"title":"Qui a tu\u00e9 Lotfi Nagdh ? - Kapitalis","robots":{"index":"index","follow":"follow","max-snippet":"max-snippet:-1","max-image-preview":"max-image-preview:large","max-video-preview":"max-video-preview:-1"},"canonical":"https:\/\/kapitalis.com\/tunisie\/2016\/11\/15\/qui-a-tue-lotfi-nagdh\/","og_locale":"fr_FR","og_type":"article","og_title":"Qui a tu\u00e9 Lotfi Nagdh ? - Kapitalis","og_description":"Les LPR: Une milice violente au service d&rsquo;un pouvoir.\u00a0 L\u2019acquittement des meurtriers pr\u00e9sum\u00e9s de Nagdh vient nous rappeler les circonstances qui ont rendu possible, en 2012 et 2013, une s\u00e9rie de crimes d\u2019Etat. Par Salah El-Gharbi","og_url":"https:\/\/kapitalis.com\/tunisie\/2016\/11\/15\/qui-a-tue-lotfi-nagdh\/","og_site_name":"Kapitalis","article_publisher":"https:\/\/www.facebook.com\/KapitalisInfo\/","article_published_time":"2016-11-15T12:26:02+00:00","article_modified_time":"2016-11-17T16:29:54+00:00","og_image":[{"width":1200,"height":630,"url":"https:\/\/kapitalis.com\/tunisie\/wp-content\/uploads\/2022\/05\/kapitalis-logo-fb.png","type":"image\/png"}],"author":"webmaster kapitalis","twitter_card":"summary_large_image","twitter_creator":"@KapitalisInfo","twitter_site":"@KapitalisInfo","twitter_misc":{"\u00c9crit par":"webmaster kapitalis","Dur\u00e9e de lecture estim\u00e9e":"3 minutes"},"schema":{"@context":"https:\/\/schema.org","@graph":[{"@type":"Article","@id":"https:\/\/kapitalis.com\/tunisie\/2016\/11\/15\/qui-a-tue-lotfi-nagdh\/#article","isPartOf":{"@id":"https:\/\/kapitalis.com\/tunisie\/2016\/11\/15\/qui-a-tue-lotfi-nagdh\/"},"author":{"name":"webmaster kapitalis","@id":"https:\/\/kapitalis.com\/tunisie\/#\/schema\/person\/d71f33a9ca44f7bad4698210b480c8e9"},"headline":"Qui a tu\u00e9 Lotfi Nagdh ?","datePublished":"2016-11-15T12:26:02+00:00","dateModified":"2016-11-17T16:29:54+00:00","mainEntityOfPage":{"@id":"https:\/\/kapitalis.com\/tunisie\/2016\/11\/15\/qui-a-tue-lotfi-nagdh\/"},"wordCount":617,"commentCount":11,"publisher":{"@id":"https:\/\/kapitalis.com\/tunisie\/#organization"},"image":{"@id":"https:\/\/kapitalis.com\/tunisie\/2016\/11\/15\/qui-a-tue-lotfi-nagdh\/#primaryimage"},"thumbnailUrl":"","keywords":["Ali Larayedh","Chokri Belaid","Congr\u00e8s pour la r\u00e9publique","CpR","Lotfi Nagdh","Mohamed Brahmi","Moncef Marzouki","Tataouine"],"articleSection":["A LA UNE","POLITIQUE","Tunisie"],"inLanguage":"fr-FR","potentialAction":[{"@type":"CommentAction","name":"Comment","target":["https:\/\/kapitalis.com\/tunisie\/2016\/11\/15\/qui-a-tue-lotfi-nagdh\/#respond"]}]},{"@type":"WebPage","@id":"https:\/\/kapitalis.com\/tunisie\/2016\/11\/15\/qui-a-tue-lotfi-nagdh\/","url":"https:\/\/kapitalis.com\/tunisie\/2016\/11\/15\/qui-a-tue-lotfi-nagdh\/","name":"Qui a tu\u00e9 Lotfi Nagdh ? - Kapitalis","isPartOf":{"@id":"https:\/\/kapitalis.com\/tunisie\/#website"},"primaryImageOfPage":{"@id":"https:\/\/kapitalis.com\/tunisie\/2016\/11\/15\/qui-a-tue-lotfi-nagdh\/#primaryimage"},"image":{"@id":"https:\/\/kapitalis.com\/tunisie\/2016\/11\/15\/qui-a-tue-lotfi-nagdh\/#primaryimage"},"thumbnailUrl":"","datePublished":"2016-11-15T12:26:02+00:00","dateModified":"2016-11-17T16:29:54+00:00","breadcrumb":{"@id":"https:\/\/kapitalis.com\/tunisie\/2016\/11\/15\/qui-a-tue-lotfi-nagdh\/#breadcrumb"},"inLanguage":"fr-FR","potentialAction":[{"@type":"ReadAction","target":["https:\/\/kapitalis.com\/tunisie\/2016\/11\/15\/qui-a-tue-lotfi-nagdh\/"]}]},{"@type":"ImageObject","inLanguage":"fr-FR","@id":"https:\/\/kapitalis.com\/tunisie\/2016\/11\/15\/qui-a-tue-lotfi-nagdh\/#primaryimage","url":"","contentUrl":""},{"@type":"BreadcrumbList","@id":"https:\/\/kapitalis.com\/tunisie\/2016\/11\/15\/qui-a-tue-lotfi-nagdh\/#breadcrumb","itemListElement":[{"@type":"ListItem","position":1,"name":"Accueil","item":"https:\/\/kapitalis.com\/tunisie\/"},{"@type":"ListItem","position":2,"name":"Qui a tu\u00e9 Lotfi Nagdh ?"}]},{"@type":"WebSite","@id":"https:\/\/kapitalis.com\/tunisie\/#website","url":"https:\/\/kapitalis.com\/tunisie\/","name":"Kapitalis","description":"L&#039;actualit\u00e9 en Tunisie et dans le monde","publisher":{"@id":"https:\/\/kapitalis.com\/tunisie\/#organization"},"potentialAction":[{"@type":"SearchAction","target":{"@type":"EntryPoint","urlTemplate":"https:\/\/kapitalis.com\/tunisie\/?s={search_term_string}"},"query-input":{"@type":"PropertyValueSpecification","valueRequired":true,"valueName":"search_term_string"}}],"inLanguage":"fr-FR"},{"@type":"Organization","@id":"https:\/\/kapitalis.com\/tunisie\/#organization","name":"Kapitalis","url":"https:\/\/kapitalis.com\/tunisie\/","logo":{"@type":"ImageObject","inLanguage":"fr-FR","@id":"https:\/\/kapitalis.com\/tunisie\/#\/schema\/logo\/image\/","url":"https:\/\/kapitalis.com\/tunisie\/wp-content\/uploads\/2022\/05\/Kapitalis-big-size.png","contentUrl":"https:\/\/kapitalis.com\/tunisie\/wp-content\/uploads\/2022\/05\/Kapitalis-big-size.png","width":5000,"height":1500,"caption":"Kapitalis"},"image":{"@id":"https:\/\/kapitalis.com\/tunisie\/#\/schema\/logo\/image\/"},"sameAs":["https:\/\/www.facebook.com\/KapitalisInfo\/","https:\/\/x.com\/KapitalisInfo","https:\/\/www.youtube.com\/channel\/UC-yDYrHyfFBWWZaOw3FPg9Q"]},{"@type":"Person","@id":"https:\/\/kapitalis.com\/tunisie\/#\/schema\/person\/d71f33a9ca44f7bad4698210b480c8e9","name":"webmaster kapitalis","url":"https:\/\/kapitalis.com\/tunisie\/author\/webmaster-kapitalis\/"}]}},"_links":{"self":[{"href":"https:\/\/kapitalis.com\/tunisie\/wp-json\/wp\/v2\/posts\/72207","targetHints":{"allow":["GET"]}}],"collection":[{"href":"https:\/\/kapitalis.com\/tunisie\/wp-json\/wp\/v2\/posts"}],"about":[{"href":"https:\/\/kapitalis.com\/tunisie\/wp-json\/wp\/v2\/types\/post"}],"author":[{"embeddable":true,"href":"https:\/\/kapitalis.com\/tunisie\/wp-json\/wp\/v2\/users\/8"}],"replies":[{"embeddable":true,"href":"https:\/\/kapitalis.com\/tunisie\/wp-json\/wp\/v2\/comments?post=72207"}],"version-history":[{"count":0,"href":"https:\/\/kapitalis.com\/tunisie\/wp-json\/wp\/v2\/posts\/72207\/revisions"}],"wp:featuredmedia":[{"embeddable":true,"href":"https:\/\/kapitalis.com\/tunisie\/wp-json\/wp\/v2\/media\/72208"}],"wp:attachment":[{"href":"https:\/\/kapitalis.com\/tunisie\/wp-json\/wp\/v2\/media?parent=72207"}],"wp:term":[{"taxonomy":"category","embeddable":true,"href":"https:\/\/kapitalis.com\/tunisie\/wp-json\/wp\/v2\/categories?post=72207"},{"taxonomy":"post_tag","embeddable":true,"href":"https:\/\/kapitalis.com\/tunisie\/wp-json\/wp\/v2\/tags?post=72207"}],"curies":[{"name":"wp","href":"https:\/\/api.w.org\/{rel}","templated":true}]}}