{"id":7224088,"date":"2023-04-01T21:59:36","date_gmt":"2023-04-01T20:59:36","guid":{"rendered":"https:\/\/kapitalis.com\/tunisie\/?p=7224088"},"modified":"2023-04-01T22:12:05","modified_gmt":"2023-04-01T21:12:05","slug":"ouverture-dune-enquete-sur-le-deces-dun-jeune-apres-une-course-poursuite-avec-la-police-a-mahdia","status":"publish","type":"post","link":"https:\/\/kapitalis.com\/tunisie\/2023\/04\/01\/ouverture-dune-enquete-sur-le-deces-dun-jeune-apres-une-course-poursuite-avec-la-police-a-mahdia\/","title":{"rendered":"Ouverture d&rsquo;une enqu\u00eate sur le d\u00e9c\u00e8s d&rsquo;un jeune apr\u00e8s une course-poursuite avec la police \u00e0 Mahdia"},"content":{"rendered":"\n<p><em><strong>Le parquet a ordonn\u00e9, ce samedi 1er avril 2023, l&rsquo;ouverture d&rsquo;une enqu\u00eate suite au d\u00e9c\u00e8s, hier soir, d&rsquo;un jeune de 27 ans apr\u00e8s une course-poursuite avec la police \u00e0 Mahdia.<\/strong><\/em><\/p>\n\n\n\n<!--more-->\n\n\n\n<p>Intercept\u00e9 par les agents, le jeune avait pris la fuite et son v\u00e9hicule s&rsquo;est renvers\u00e9 \u00e0 Za\u00efrat-Chorban, causant son d\u00e9c\u00e8s sur le coup alors que son accompagnateur a \u00e9t\u00e9 gri\u00e8vement bless\u00e9 et transport\u00e9 \u00e0 l&rsquo;h\u00f4pital.<\/p>\n\n\n\n<p>Une enqu\u00eate a \u00e9t\u00e9 ouverte sur ordre du parquet afin de d\u00e9terminer les responsabilit\u00e9 et les circonstances exactes de cet accident mortel.<\/p>\n\n\n\n<p class=\"has-text-align-right\"><strong>Y. N.<\/strong><\/p>\n","protected":false},"excerpt":{"rendered":"<p>Ouverture d&rsquo;une enqu\u00eate sur le d\u00e9c\u00e8s d&rsquo;un jeune apr\u00e8s une course-poursuite avec la police \u00e0 Mahdia<\/p>\n","protected":false},"author":6,"featured_media":7224139,"comment_status":"open","ping_status":"open","sticky":false,"template":"","format":"standard","meta":{"footnotes":""},"categories":[998,2433],"tags":[23,107814,107815,64263,565,64624,62643],"class_list":["post-7224088","post","type-post","status-publish","format-standard","has-post-thumbnail","hentry","category-societe","category-tunisie","tag-accident","tag-chorban","tag-course-poursuite-2","tag-deces","tag-mahdia","tag-police","tag-tunisie"],"yoast_head":"<!-- This site is optimized with the Yoast SEO plugin v26.6 - https:\/\/yoast.com\/wordpress\/plugins\/seo\/ -->\n<title>Ouverture d&#039;une enqu\u00eate sur le d\u00e9c\u00e8s d&#039;un jeune apr\u00e8s une course-poursuite avec la police \u00e0 Mahdia - Kapitalis<\/title>\n<meta name=\"description\" content=\"Le parquet a ordonn\u00e9, ce samedi 1er avril 2023, l&#039;ouverture d&#039;une enqu\u00eate suite au d\u00e9c\u00e8s, hier soir, d&#039;un jeune de 27 ans apr\u00e8s une course-poursuite avec la police \u00e0 Mahdia.\" \/>\n<meta name=\"robots\" content=\"index, follow, max-snippet:-1, max-image-preview:large, max-video-preview:-1\" \/>\n<link rel=\"canonical\" href=\"https:\/\/kapitalis.com\/tunisie\/2023\/04\/01\/ouverture-dune-enquete-sur-le-deces-dun-jeune-apres-une-course-poursuite-avec-la-police-a-mahdia\/\" \/>\n<meta property=\"og:locale\" content=\"fr_FR\" \/>\n<meta property=\"og:type\" content=\"article\" \/>\n<meta property=\"og:title\" content=\"Ouverture d&#039;une enqu\u00eate sur le d\u00e9c\u00e8s d&#039;un jeune apr\u00e8s une course-poursuite avec la police \u00e0 Mahdia - Kapitalis\" \/>\n<meta property=\"og:description\" content=\"Le parquet a ordonn\u00e9, ce samedi 1er avril 2023, l&#039;ouverture d&#039;une enqu\u00eate suite au d\u00e9c\u00e8s, hier soir, d&#039;un jeune de 27 ans apr\u00e8s une course-poursuite avec la police \u00e0 Mahdia.\" \/>\n<meta property=\"og:url\" content=\"https:\/\/kapitalis.com\/tunisie\/2023\/04\/01\/ouverture-dune-enquete-sur-le-deces-dun-jeune-apres-une-course-poursuite-avec-la-police-a-mahdia\/\" \/>\n<meta property=\"og:site_name\" content=\"Kapitalis\" \/>\n<meta property=\"article:publisher\" content=\"https:\/\/www.facebook.com\/KapitalisInfo\/\" \/>\n<meta property=\"article:published_time\" content=\"2023-04-01T20:59:36+00:00\" \/>\n<meta property=\"article:modified_time\" content=\"2023-04-01T21:12:05+00:00\" \/>\n<meta property=\"og:image\" content=\"https:\/\/kapitalis.com\/tunisie\/wp-content\/uploads\/2023\/04\/Deces-course-poursuite-police.jpg\" \/>\n\t<meta property=\"og:image:width\" content=\"1200\" \/>\n\t<meta property=\"og:image:height\" content=\"630\" \/>\n\t<meta property=\"og:image:type\" content=\"image\/jpeg\" \/>\n<meta name=\"author\" content=\"Yusra NY\" \/>\n<meta name=\"twitter:card\" content=\"summary_large_image\" \/>\n<meta name=\"twitter:creator\" content=\"@KapitalisInfo\" \/>\n<meta name=\"twitter:site\" content=\"@KapitalisInfo\" \/>\n<meta name=\"twitter:label1\" content=\"\u00c9crit par\" \/>\n\t<meta name=\"twitter:data1\" content=\"Yusra NY\" \/>\n\t<meta name=\"twitter:label2\" content=\"Dur\u00e9e de lecture estim\u00e9e\" \/>\n\t<meta name=\"twitter:data2\" content=\"1 minute\" \/>\n<script type=\"application\/ld+json\" class=\"yoast-schema-graph\">{\"@context\":\"https:\/\/schema.org\",\"@graph\":[{\"@type\":\"Article\",\"@id\":\"https:\/\/kapitalis.com\/tunisie\/2023\/04\/01\/ouverture-dune-enquete-sur-le-deces-dun-jeune-apres-une-course-poursuite-avec-la-police-a-mahdia\/#article\",\"isPartOf\":{\"@id\":\"https:\/\/kapitalis.com\/tunisie\/2023\/04\/01\/ouverture-dune-enquete-sur-le-deces-dun-jeune-apres-une-course-poursuite-avec-la-police-a-mahdia\/\"},\"author\":{\"name\":\"Yusra NY\",\"@id\":\"https:\/\/kapitalis.com\/tunisie\/#\/schema\/person\/74bbde0154d49d790a92aaeac5bc01d5\"},\"headline\":\"Ouverture d&rsquo;une enqu\u00eate sur le d\u00e9c\u00e8s d&rsquo;un jeune apr\u00e8s une course-poursuite avec la police \u00e0 Mahdia\",\"datePublished\":\"2023-04-01T20:59:36+00:00\",\"dateModified\":\"2023-04-01T21:12:05+00:00\",\"mainEntityOfPage\":{\"@id\":\"https:\/\/kapitalis.com\/tunisie\/2023\/04\/01\/ouverture-dune-enquete-sur-le-deces-dun-jeune-apres-une-course-poursuite-avec-la-police-a-mahdia\/\"},\"wordCount\":115,\"commentCount\":0,\"publisher\":{\"@id\":\"https:\/\/kapitalis.com\/tunisie\/#organization\"},\"image\":{\"@id\":\"https:\/\/kapitalis.com\/tunisie\/2023\/04\/01\/ouverture-dune-enquete-sur-le-deces-dun-jeune-apres-une-course-poursuite-avec-la-police-a-mahdia\/#primaryimage\"},\"thumbnailUrl\":\"https:\/\/kapitalis.com\/tunisie\/wp-content\/uploads\/2023\/04\/Deces-course-poursuite-police.jpg\",\"keywords\":[\"accident\",\"Chorban\",\"course poursuite\",\"d\u00e9c\u00e8s\",\"Mahdia\",\"police\",\"Tunisie\"],\"articleSection\":[\"SOCIETE\",\"Tunisie\"],\"inLanguage\":\"fr-FR\",\"potentialAction\":[{\"@type\":\"CommentAction\",\"name\":\"Comment\",\"target\":[\"https:\/\/kapitalis.com\/tunisie\/2023\/04\/01\/ouverture-dune-enquete-sur-le-deces-dun-jeune-apres-une-course-poursuite-avec-la-police-a-mahdia\/#respond\"]}]},{\"@type\":\"WebPage\",\"@id\":\"https:\/\/kapitalis.com\/tunisie\/2023\/04\/01\/ouverture-dune-enquete-sur-le-deces-dun-jeune-apres-une-course-poursuite-avec-la-police-a-mahdia\/\",\"url\":\"https:\/\/kapitalis.com\/tunisie\/2023\/04\/01\/ouverture-dune-enquete-sur-le-deces-dun-jeune-apres-une-course-poursuite-avec-la-police-a-mahdia\/\",\"name\":\"Ouverture d'une enqu\u00eate sur le d\u00e9c\u00e8s d'un jeune apr\u00e8s une course-poursuite avec la police \u00e0 Mahdia - Kapitalis\",\"isPartOf\":{\"@id\":\"https:\/\/kapitalis.com\/tunisie\/#website\"},\"primaryImageOfPage\":{\"@id\":\"https:\/\/kapitalis.com\/tunisie\/2023\/04\/01\/ouverture-dune-enquete-sur-le-deces-dun-jeune-apres-une-course-poursuite-avec-la-police-a-mahdia\/#primaryimage\"},\"image\":{\"@id\":\"https:\/\/kapitalis.com\/tunisie\/2023\/04\/01\/ouverture-dune-enquete-sur-le-deces-dun-jeune-apres-une-course-poursuite-avec-la-police-a-mahdia\/#primaryimage\"},\"thumbnailUrl\":\"https:\/\/kapitalis.com\/tunisie\/wp-content\/uploads\/2023\/04\/Deces-course-poursuite-police.jpg\",\"datePublished\":\"2023-04-01T20:59:36+00:00\",\"dateModified\":\"2023-04-01T21:12:05+00:00\",\"description\":\"Le parquet a ordonn\u00e9, ce samedi 1er avril 2023, l'ouverture d'une enqu\u00eate suite au d\u00e9c\u00e8s, hier soir, d'un jeune de 27 ans apr\u00e8s une course-poursuite avec la police \u00e0 Mahdia.\",\"breadcrumb\":{\"@id\":\"https:\/\/kapitalis.com\/tunisie\/2023\/04\/01\/ouverture-dune-enquete-sur-le-deces-dun-jeune-apres-une-course-poursuite-avec-la-police-a-mahdia\/#breadcrumb\"},\"inLanguage\":\"fr-FR\",\"potentialAction\":[{\"@type\":\"ReadAction\",\"target\":[\"https:\/\/kapitalis.com\/tunisie\/2023\/04\/01\/ouverture-dune-enquete-sur-le-deces-dun-jeune-apres-une-course-poursuite-avec-la-police-a-mahdia\/\"]}]},{\"@type\":\"ImageObject\",\"inLanguage\":\"fr-FR\",\"@id\":\"https:\/\/kapitalis.com\/tunisie\/2023\/04\/01\/ouverture-dune-enquete-sur-le-deces-dun-jeune-apres-une-course-poursuite-avec-la-police-a-mahdia\/#primaryimage\",\"url\":\"https:\/\/kapitalis.com\/tunisie\/wp-content\/uploads\/2023\/04\/Deces-course-poursuite-police.jpg\",\"contentUrl\":\"https:\/\/kapitalis.com\/tunisie\/wp-content\/uploads\/2023\/04\/Deces-course-poursuite-police.jpg\",\"width\":1200,\"height\":630},{\"@type\":\"BreadcrumbList\",\"@id\":\"https:\/\/kapitalis.com\/tunisie\/2023\/04\/01\/ouverture-dune-enquete-sur-le-deces-dun-jeune-apres-une-course-poursuite-avec-la-police-a-mahdia\/#breadcrumb\",\"itemListElement\":[{\"@type\":\"ListItem\",\"position\":1,\"name\":\"Accueil\",\"item\":\"https:\/\/kapitalis.com\/tunisie\/\"},{\"@type\":\"ListItem\",\"position\":2,\"name\":\"Ouverture d&rsquo;une enqu\u00eate sur le d\u00e9c\u00e8s d&rsquo;un jeune apr\u00e8s une course-poursuite avec la police \u00e0 Mahdia\"}]},{\"@type\":\"WebSite\",\"@id\":\"https:\/\/kapitalis.com\/tunisie\/#website\",\"url\":\"https:\/\/kapitalis.com\/tunisie\/\",\"name\":\"Kapitalis\",\"description\":\"L&#039;actualit\u00e9 en Tunisie et dans le monde\",\"publisher\":{\"@id\":\"https:\/\/kapitalis.com\/tunisie\/#organization\"},\"potentialAction\":[{\"@type\":\"SearchAction\",\"target\":{\"@type\":\"EntryPoint\",\"urlTemplate\":\"https:\/\/kapitalis.com\/tunisie\/?s={search_term_string}\"},\"query-input\":{\"@type\":\"PropertyValueSpecification\",\"valueRequired\":true,\"valueName\":\"search_term_string\"}}],\"inLanguage\":\"fr-FR\"},{\"@type\":\"Organization\",\"@id\":\"https:\/\/kapitalis.com\/tunisie\/#organization\",\"name\":\"Kapitalis\",\"url\":\"https:\/\/kapitalis.com\/tunisie\/\",\"logo\":{\"@type\":\"ImageObject\",\"inLanguage\":\"fr-FR\",\"@id\":\"https:\/\/kapitalis.com\/tunisie\/#\/schema\/logo\/image\/\",\"url\":\"https:\/\/kapitalis.com\/tunisie\/wp-content\/uploads\/2022\/05\/Kapitalis-big-size.png\",\"contentUrl\":\"https:\/\/kapitalis.com\/tunisie\/wp-content\/uploads\/2022\/05\/Kapitalis-big-size.png\",\"width\":5000,\"height\":1500,\"caption\":\"Kapitalis\"},\"image\":{\"@id\":\"https:\/\/kapitalis.com\/tunisie\/#\/schema\/logo\/image\/\"},\"sameAs\":[\"https:\/\/www.facebook.com\/KapitalisInfo\/\",\"https:\/\/x.com\/KapitalisInfo\",\"https:\/\/www.youtube.com\/channel\/UC-yDYrHyfFBWWZaOw3FPg9Q\"]},{\"@type\":\"Person\",\"@id\":\"https:\/\/kapitalis.com\/tunisie\/#\/schema\/person\/74bbde0154d49d790a92aaeac5bc01d5\",\"name\":\"Yusra NY\",\"url\":\"https:\/\/kapitalis.com\/tunisie\/author\/yuza_adam\/\"}]}<\/script>\n<!-- \/ Yoast SEO plugin. -->","yoast_head_json":{"title":"Ouverture d'une enqu\u00eate sur le d\u00e9c\u00e8s d'un jeune apr\u00e8s une course-poursuite avec la police \u00e0 Mahdia - Kapitalis","description":"Le parquet a ordonn\u00e9, ce samedi 1er avril 2023, l'ouverture d'une enqu\u00eate suite au d\u00e9c\u00e8s, hier soir, d'un jeune de 27 ans apr\u00e8s une course-poursuite avec la police \u00e0 Mahdia.","robots":{"index":"index","follow":"follow","max-snippet":"max-snippet:-1","max-image-preview":"max-image-preview:large","max-video-preview":"max-video-preview:-1"},"canonical":"https:\/\/kapitalis.com\/tunisie\/2023\/04\/01\/ouverture-dune-enquete-sur-le-deces-dun-jeune-apres-une-course-poursuite-avec-la-police-a-mahdia\/","og_locale":"fr_FR","og_type":"article","og_title":"Ouverture d'une enqu\u00eate sur le d\u00e9c\u00e8s d'un jeune apr\u00e8s une course-poursuite avec la police \u00e0 Mahdia - Kapitalis","og_description":"Le parquet a ordonn\u00e9, ce samedi 1er avril 2023, l'ouverture d'une enqu\u00eate suite au d\u00e9c\u00e8s, hier soir, d'un jeune de 27 ans apr\u00e8s une course-poursuite avec la police \u00e0 Mahdia.","og_url":"https:\/\/kapitalis.com\/tunisie\/2023\/04\/01\/ouverture-dune-enquete-sur-le-deces-dun-jeune-apres-une-course-poursuite-avec-la-police-a-mahdia\/","og_site_name":"Kapitalis","article_publisher":"https:\/\/www.facebook.com\/KapitalisInfo\/","article_published_time":"2023-04-01T20:59:36+00:00","article_modified_time":"2023-04-01T21:12:05+00:00","og_image":[{"width":1200,"height":630,"url":"https:\/\/kapitalis.com\/tunisie\/wp-content\/uploads\/2023\/04\/Deces-course-poursuite-police.jpg","type":"image\/jpeg"}],"author":"Yusra NY","twitter_card":"summary_large_image","twitter_creator":"@KapitalisInfo","twitter_site":"@KapitalisInfo","twitter_misc":{"\u00c9crit par":"Yusra NY","Dur\u00e9e de lecture estim\u00e9e":"1 minute"},"schema":{"@context":"https:\/\/schema.org","@graph":[{"@type":"Article","@id":"https:\/\/kapitalis.com\/tunisie\/2023\/04\/01\/ouverture-dune-enquete-sur-le-deces-dun-jeune-apres-une-course-poursuite-avec-la-police-a-mahdia\/#article","isPartOf":{"@id":"https:\/\/kapitalis.com\/tunisie\/2023\/04\/01\/ouverture-dune-enquete-sur-le-deces-dun-jeune-apres-une-course-poursuite-avec-la-police-a-mahdia\/"},"author":{"name":"Yusra NY","@id":"https:\/\/kapitalis.com\/tunisie\/#\/schema\/person\/74bbde0154d49d790a92aaeac5bc01d5"},"headline":"Ouverture d&rsquo;une enqu\u00eate sur le d\u00e9c\u00e8s d&rsquo;un jeune apr\u00e8s une course-poursuite avec la police \u00e0 Mahdia","datePublished":"2023-04-01T20:59:36+00:00","dateModified":"2023-04-01T21:12:05+00:00","mainEntityOfPage":{"@id":"https:\/\/kapitalis.com\/tunisie\/2023\/04\/01\/ouverture-dune-enquete-sur-le-deces-dun-jeune-apres-une-course-poursuite-avec-la-police-a-mahdia\/"},"wordCount":115,"commentCount":0,"publisher":{"@id":"https:\/\/kapitalis.com\/tunisie\/#organization"},"image":{"@id":"https:\/\/kapitalis.com\/tunisie\/2023\/04\/01\/ouverture-dune-enquete-sur-le-deces-dun-jeune-apres-une-course-poursuite-avec-la-police-a-mahdia\/#primaryimage"},"thumbnailUrl":"https:\/\/kapitalis.com\/tunisie\/wp-content\/uploads\/2023\/04\/Deces-course-poursuite-police.jpg","keywords":["accident","Chorban","course poursuite","d\u00e9c\u00e8s","Mahdia","police","Tunisie"],"articleSection":["SOCIETE","Tunisie"],"inLanguage":"fr-FR","potentialAction":[{"@type":"CommentAction","name":"Comment","target":["https:\/\/kapitalis.com\/tunisie\/2023\/04\/01\/ouverture-dune-enquete-sur-le-deces-dun-jeune-apres-une-course-poursuite-avec-la-police-a-mahdia\/#respond"]}]},{"@type":"WebPage","@id":"https:\/\/kapitalis.com\/tunisie\/2023\/04\/01\/ouverture-dune-enquete-sur-le-deces-dun-jeune-apres-une-course-poursuite-avec-la-police-a-mahdia\/","url":"https:\/\/kapitalis.com\/tunisie\/2023\/04\/01\/ouverture-dune-enquete-sur-le-deces-dun-jeune-apres-une-course-poursuite-avec-la-police-a-mahdia\/","name":"Ouverture d'une enqu\u00eate sur le d\u00e9c\u00e8s d'un jeune apr\u00e8s une course-poursuite avec la police \u00e0 Mahdia - Kapitalis","isPartOf":{"@id":"https:\/\/kapitalis.com\/tunisie\/#website"},"primaryImageOfPage":{"@id":"https:\/\/kapitalis.com\/tunisie\/2023\/04\/01\/ouverture-dune-enquete-sur-le-deces-dun-jeune-apres-une-course-poursuite-avec-la-police-a-mahdia\/#primaryimage"},"image":{"@id":"https:\/\/kapitalis.com\/tunisie\/2023\/04\/01\/ouverture-dune-enquete-sur-le-deces-dun-jeune-apres-une-course-poursuite-avec-la-police-a-mahdia\/#primaryimage"},"thumbnailUrl":"https:\/\/kapitalis.com\/tunisie\/wp-content\/uploads\/2023\/04\/Deces-course-poursuite-police.jpg","datePublished":"2023-04-01T20:59:36+00:00","dateModified":"2023-04-01T21:12:05+00:00","description":"Le parquet a ordonn\u00e9, ce samedi 1er avril 2023, l'ouverture d'une enqu\u00eate suite au d\u00e9c\u00e8s, hier soir, d'un jeune de 27 ans apr\u00e8s une course-poursuite avec la police \u00e0 Mahdia.","breadcrumb":{"@id":"https:\/\/kapitalis.com\/tunisie\/2023\/04\/01\/ouverture-dune-enquete-sur-le-deces-dun-jeune-apres-une-course-poursuite-avec-la-police-a-mahdia\/#breadcrumb"},"inLanguage":"fr-FR","potentialAction":[{"@type":"ReadAction","target":["https:\/\/kapitalis.com\/tunisie\/2023\/04\/01\/ouverture-dune-enquete-sur-le-deces-dun-jeune-apres-une-course-poursuite-avec-la-police-a-mahdia\/"]}]},{"@type":"ImageObject","inLanguage":"fr-FR","@id":"https:\/\/kapitalis.com\/tunisie\/2023\/04\/01\/ouverture-dune-enquete-sur-le-deces-dun-jeune-apres-une-course-poursuite-avec-la-police-a-mahdia\/#primaryimage","url":"https:\/\/kapitalis.com\/tunisie\/wp-content\/uploads\/2023\/04\/Deces-course-poursuite-police.jpg","contentUrl":"https:\/\/kapitalis.com\/tunisie\/wp-content\/uploads\/2023\/04\/Deces-course-poursuite-police.jpg","width":1200,"height":630},{"@type":"BreadcrumbList","@id":"https:\/\/kapitalis.com\/tunisie\/2023\/04\/01\/ouverture-dune-enquete-sur-le-deces-dun-jeune-apres-une-course-poursuite-avec-la-police-a-mahdia\/#breadcrumb","itemListElement":[{"@type":"ListItem","position":1,"name":"Accueil","item":"https:\/\/kapitalis.com\/tunisie\/"},{"@type":"ListItem","position":2,"name":"Ouverture d&rsquo;une enqu\u00eate sur le d\u00e9c\u00e8s d&rsquo;un jeune apr\u00e8s une course-poursuite avec la police \u00e0 Mahdia"}]},{"@type":"WebSite","@id":"https:\/\/kapitalis.com\/tunisie\/#website","url":"https:\/\/kapitalis.com\/tunisie\/","name":"Kapitalis","description":"L&#039;actualit\u00e9 en Tunisie et dans le monde","publisher":{"@id":"https:\/\/kapitalis.com\/tunisie\/#organization"},"potentialAction":[{"@type":"SearchAction","target":{"@type":"EntryPoint","urlTemplate":"https:\/\/kapitalis.com\/tunisie\/?s={search_term_string}"},"query-input":{"@type":"PropertyValueSpecification","valueRequired":true,"valueName":"search_term_string"}}],"inLanguage":"fr-FR"},{"@type":"Organization","@id":"https:\/\/kapitalis.com\/tunisie\/#organization","name":"Kapitalis","url":"https:\/\/kapitalis.com\/tunisie\/","logo":{"@type":"ImageObject","inLanguage":"fr-FR","@id":"https:\/\/kapitalis.com\/tunisie\/#\/schema\/logo\/image\/","url":"https:\/\/kapitalis.com\/tunisie\/wp-content\/uploads\/2022\/05\/Kapitalis-big-size.png","contentUrl":"https:\/\/kapitalis.com\/tunisie\/wp-content\/uploads\/2022\/05\/Kapitalis-big-size.png","width":5000,"height":1500,"caption":"Kapitalis"},"image":{"@id":"https:\/\/kapitalis.com\/tunisie\/#\/schema\/logo\/image\/"},"sameAs":["https:\/\/www.facebook.com\/KapitalisInfo\/","https:\/\/x.com\/KapitalisInfo","https:\/\/www.youtube.com\/channel\/UC-yDYrHyfFBWWZaOw3FPg9Q"]},{"@type":"Person","@id":"https:\/\/kapitalis.com\/tunisie\/#\/schema\/person\/74bbde0154d49d790a92aaeac5bc01d5","name":"Yusra NY","url":"https:\/\/kapitalis.com\/tunisie\/author\/yuza_adam\/"}]}},"_links":{"self":[{"href":"https:\/\/kapitalis.com\/tunisie\/wp-json\/wp\/v2\/posts\/7224088","targetHints":{"allow":["GET"]}}],"collection":[{"href":"https:\/\/kapitalis.com\/tunisie\/wp-json\/wp\/v2\/posts"}],"about":[{"href":"https:\/\/kapitalis.com\/tunisie\/wp-json\/wp\/v2\/types\/post"}],"author":[{"embeddable":true,"href":"https:\/\/kapitalis.com\/tunisie\/wp-json\/wp\/v2\/users\/6"}],"replies":[{"embeddable":true,"href":"https:\/\/kapitalis.com\/tunisie\/wp-json\/wp\/v2\/comments?post=7224088"}],"version-history":[{"count":2,"href":"https:\/\/kapitalis.com\/tunisie\/wp-json\/wp\/v2\/posts\/7224088\/revisions"}],"predecessor-version":[{"id":7224166,"href":"https:\/\/kapitalis.com\/tunisie\/wp-json\/wp\/v2\/posts\/7224088\/revisions\/7224166"}],"wp:featuredmedia":[{"embeddable":true,"href":"https:\/\/kapitalis.com\/tunisie\/wp-json\/wp\/v2\/media\/7224139"}],"wp:attachment":[{"href":"https:\/\/kapitalis.com\/tunisie\/wp-json\/wp\/v2\/media?parent=7224088"}],"wp:term":[{"taxonomy":"category","embeddable":true,"href":"https:\/\/kapitalis.com\/tunisie\/wp-json\/wp\/v2\/categories?post=7224088"},{"taxonomy":"post_tag","embeddable":true,"href":"https:\/\/kapitalis.com\/tunisie\/wp-json\/wp\/v2\/tags?post=7224088"}],"curies":[{"name":"wp","href":"https:\/\/api.w.org\/{rel}","templated":true}]}}