{"id":7233,"date":"2015-07-16T08:58:47","date_gmt":"2015-07-16T07:58:47","guid":{"rendered":"http:\/\/kapitalis.com\/tunisie\/?p=7233"},"modified":"2015-07-16T08:58:47","modified_gmt":"2015-07-16T07:58:47","slug":"tunis-un-petard-seme-la-panique-au-palmarium","status":"publish","type":"post","link":"https:\/\/kapitalis.com\/tunisie\/2015\/07\/16\/tunis-un-petard-seme-la-panique-au-palmarium\/","title":{"rendered":"Tunis : Un p\u00e9tard s\u00e8me la panique au Palmarium"},"content":{"rendered":"<p><img loading=\"lazy\" decoding=\"async\" class=\"aligncenter size-full wp-image-7234\" src=\"http:\/\/kapitalis.com\/tunisie\/wp-content\/uploads\/2015\/07\/Police-au-centre-ville-de-Tunis.jpg\" alt=\"Police-au-centre-ville-de-Tunis\" width=\"626\" height=\"380\" \/><\/p>\n<p><em><strong>Une panique s\u2019est empar\u00e9e de la galerie Palmarium, au centre-ville de Tunis, hier peu avant minuit, apr\u00e8s qu\u2019un plaisantin eut fait exploser un p\u00e9tard.<\/strong><\/em><\/p>\n<p><!--more--><\/p>\n<p>Selon le minist\u00e8re de l\u2019Int\u00e9rieur, 14 bless\u00e9s ont \u00e9t\u00e9 transf\u00e9r\u00e9s aux h\u00f4pitaux de Charles-Nicolle, Rabta et Ben Arous, des\u00a0 vitres bris\u00e9es, des magasins pill\u00e9s\u2026 et le plaisantin arr\u00eat\u00e9.<\/p>\n<p>Les milliers de citoyens, qui \u00e9taient dans la galerie ou dans le centre-ville, en train de faire leurs courses, de prendre un caf\u00e9 ou de se promener, ont \u00e9t\u00e9 pris par la panique, assimilant la d\u00e9tonation \u00e0 un acte terroriste.<\/p>\n<p>Les rues et ruelles adjacentes \u00e0 la galerie Palmarium, qui se trouve \u00e0 quelques m\u00e8tres du si\u00e8ge du minist\u00e8re de l\u2019Int\u00e9rieur, ont \u00e9t\u00e9 rapidement encercl\u00e9es par les policiers et au bout d\u2019un quart d\u2019heure, tout a \u00e9t\u00e9 maitris\u00e9 et le calme est revenu.<\/p>\n<p>Le ministre de l\u2019Int\u00e9rieur Najem Gharsalli a \u00e9t\u00e9 rapidement sur les lieux. L\u2019ont rejoint aussit\u00f4t Zakaria Hamad, ministre de l\u2019Industrie, de l\u2019Energie et des Mines, Kamel Jendoubi, ministre charg\u00e9 des Relations entre les institutions constitutionnelles et la soci\u00e9t\u00e9 civile, et Rafik Chelli, secr\u00e9taire d&rsquo;Etat aupr\u00e8s du ministre de l&rsquo;Int\u00e9rieur charg\u00e9 de la S\u00e9curit\u00e9.<\/p>\n<p style=\"text-align: right;\"><strong>Z. A.<\/strong><\/p>\n","protected":false},"excerpt":{"rendered":"<p>Une panique s\u2019est empar\u00e9e de la galerie Palmarium, au centre-ville de Tunis, hier peu avant minuit, apr\u00e8s qu\u2019un plaisantin eut fait exploser un p\u00e9tard.<\/p>\n","protected":false},"author":5,"featured_media":7234,"comment_status":"open","ping_status":"open","sticky":false,"template":"","format":"standard","meta":{"footnotes":""},"categories":[998,2433],"tags":[151,1416,1882,3397],"class_list":["post-7233","post","type-post","status-publish","format-standard","has-post-thumbnail","hentry","category-societe","category-tunisie","tag-blesses","tag-centre-commercial","tag-hopitaux","tag-palmarium"],"yoast_head":"<!-- This site is optimized with the Yoast SEO plugin v26.6 - https:\/\/yoast.com\/wordpress\/plugins\/seo\/ -->\n<title>Tunis : Un p\u00e9tard s\u00e8me la panique au Palmarium - Kapitalis<\/title>\n<meta name=\"robots\" content=\"index, follow, max-snippet:-1, max-image-preview:large, max-video-preview:-1\" \/>\n<link rel=\"canonical\" href=\"https:\/\/kapitalis.com\/tunisie\/2015\/07\/16\/tunis-un-petard-seme-la-panique-au-palmarium\/\" \/>\n<meta property=\"og:locale\" content=\"fr_FR\" \/>\n<meta property=\"og:type\" content=\"article\" \/>\n<meta property=\"og:title\" content=\"Tunis : Un p\u00e9tard s\u00e8me la panique au Palmarium - Kapitalis\" \/>\n<meta property=\"og:description\" content=\"Une panique s\u2019est empar\u00e9e de la galerie Palmarium, au centre-ville de Tunis, hier peu avant minuit, apr\u00e8s qu\u2019un plaisantin eut fait exploser un p\u00e9tard.\" \/>\n<meta property=\"og:url\" content=\"https:\/\/kapitalis.com\/tunisie\/2015\/07\/16\/tunis-un-petard-seme-la-panique-au-palmarium\/\" \/>\n<meta property=\"og:site_name\" content=\"Kapitalis\" \/>\n<meta property=\"article:publisher\" content=\"https:\/\/www.facebook.com\/KapitalisInfo\/\" \/>\n<meta property=\"article:published_time\" content=\"2015-07-16T07:58:47+00:00\" \/>\n<meta property=\"og:image\" content=\"https:\/\/kapitalis.com\/tunisie\/wp-content\/uploads\/2022\/05\/kapitalis-logo-fb.png\" \/>\n\t<meta property=\"og:image:width\" content=\"1200\" \/>\n\t<meta property=\"og:image:height\" content=\"630\" \/>\n\t<meta property=\"og:image:type\" content=\"image\/png\" \/>\n<meta name=\"author\" content=\"Ridha Elkefi\" \/>\n<meta name=\"twitter:card\" content=\"summary_large_image\" \/>\n<meta name=\"twitter:creator\" content=\"@KapitalisInfo\" \/>\n<meta name=\"twitter:site\" content=\"@KapitalisInfo\" \/>\n<meta name=\"twitter:label1\" content=\"\u00c9crit par\" \/>\n\t<meta name=\"twitter:data1\" content=\"Ridha Elkefi\" \/>\n\t<meta name=\"twitter:label2\" content=\"Dur\u00e9e de lecture estim\u00e9e\" \/>\n\t<meta name=\"twitter:data2\" content=\"1 minute\" \/>\n<script type=\"application\/ld+json\" class=\"yoast-schema-graph\">{\"@context\":\"https:\/\/schema.org\",\"@graph\":[{\"@type\":\"Article\",\"@id\":\"https:\/\/kapitalis.com\/tunisie\/2015\/07\/16\/tunis-un-petard-seme-la-panique-au-palmarium\/#article\",\"isPartOf\":{\"@id\":\"https:\/\/kapitalis.com\/tunisie\/2015\/07\/16\/tunis-un-petard-seme-la-panique-au-palmarium\/\"},\"author\":{\"name\":\"Ridha Elkefi\",\"@id\":\"https:\/\/kapitalis.com\/tunisie\/#\/schema\/person\/16627fc9b2fc0116230e88af071eebab\"},\"headline\":\"Tunis : Un p\u00e9tard s\u00e8me la panique au Palmarium\",\"datePublished\":\"2015-07-16T07:58:47+00:00\",\"mainEntityOfPage\":{\"@id\":\"https:\/\/kapitalis.com\/tunisie\/2015\/07\/16\/tunis-un-petard-seme-la-panique-au-palmarium\/\"},\"wordCount\":231,\"commentCount\":0,\"publisher\":{\"@id\":\"https:\/\/kapitalis.com\/tunisie\/#organization\"},\"image\":{\"@id\":\"https:\/\/kapitalis.com\/tunisie\/2015\/07\/16\/tunis-un-petard-seme-la-panique-au-palmarium\/#primaryimage\"},\"thumbnailUrl\":\"\",\"keywords\":[\"bless\u00e9s\",\"centre commercial\",\"h\u00f4pitaux\",\"Palmarium\"],\"articleSection\":[\"SOCIETE\",\"Tunisie\"],\"inLanguage\":\"fr-FR\",\"potentialAction\":[{\"@type\":\"CommentAction\",\"name\":\"Comment\",\"target\":[\"https:\/\/kapitalis.com\/tunisie\/2015\/07\/16\/tunis-un-petard-seme-la-panique-au-palmarium\/#respond\"]}]},{\"@type\":\"WebPage\",\"@id\":\"https:\/\/kapitalis.com\/tunisie\/2015\/07\/16\/tunis-un-petard-seme-la-panique-au-palmarium\/\",\"url\":\"https:\/\/kapitalis.com\/tunisie\/2015\/07\/16\/tunis-un-petard-seme-la-panique-au-palmarium\/\",\"name\":\"Tunis : Un p\u00e9tard s\u00e8me la panique au Palmarium - Kapitalis\",\"isPartOf\":{\"@id\":\"https:\/\/kapitalis.com\/tunisie\/#website\"},\"primaryImageOfPage\":{\"@id\":\"https:\/\/kapitalis.com\/tunisie\/2015\/07\/16\/tunis-un-petard-seme-la-panique-au-palmarium\/#primaryimage\"},\"image\":{\"@id\":\"https:\/\/kapitalis.com\/tunisie\/2015\/07\/16\/tunis-un-petard-seme-la-panique-au-palmarium\/#primaryimage\"},\"thumbnailUrl\":\"\",\"datePublished\":\"2015-07-16T07:58:47+00:00\",\"breadcrumb\":{\"@id\":\"https:\/\/kapitalis.com\/tunisie\/2015\/07\/16\/tunis-un-petard-seme-la-panique-au-palmarium\/#breadcrumb\"},\"inLanguage\":\"fr-FR\",\"potentialAction\":[{\"@type\":\"ReadAction\",\"target\":[\"https:\/\/kapitalis.com\/tunisie\/2015\/07\/16\/tunis-un-petard-seme-la-panique-au-palmarium\/\"]}]},{\"@type\":\"ImageObject\",\"inLanguage\":\"fr-FR\",\"@id\":\"https:\/\/kapitalis.com\/tunisie\/2015\/07\/16\/tunis-un-petard-seme-la-panique-au-palmarium\/#primaryimage\",\"url\":\"\",\"contentUrl\":\"\"},{\"@type\":\"BreadcrumbList\",\"@id\":\"https:\/\/kapitalis.com\/tunisie\/2015\/07\/16\/tunis-un-petard-seme-la-panique-au-palmarium\/#breadcrumb\",\"itemListElement\":[{\"@type\":\"ListItem\",\"position\":1,\"name\":\"Accueil\",\"item\":\"https:\/\/kapitalis.com\/tunisie\/\"},{\"@type\":\"ListItem\",\"position\":2,\"name\":\"Tunis : Un p\u00e9tard s\u00e8me la panique au Palmarium\"}]},{\"@type\":\"WebSite\",\"@id\":\"https:\/\/kapitalis.com\/tunisie\/#website\",\"url\":\"https:\/\/kapitalis.com\/tunisie\/\",\"name\":\"Kapitalis\",\"description\":\"L&#039;actualit\u00e9 en Tunisie et dans le monde\",\"publisher\":{\"@id\":\"https:\/\/kapitalis.com\/tunisie\/#organization\"},\"potentialAction\":[{\"@type\":\"SearchAction\",\"target\":{\"@type\":\"EntryPoint\",\"urlTemplate\":\"https:\/\/kapitalis.com\/tunisie\/?s={search_term_string}\"},\"query-input\":{\"@type\":\"PropertyValueSpecification\",\"valueRequired\":true,\"valueName\":\"search_term_string\"}}],\"inLanguage\":\"fr-FR\"},{\"@type\":\"Organization\",\"@id\":\"https:\/\/kapitalis.com\/tunisie\/#organization\",\"name\":\"Kapitalis\",\"url\":\"https:\/\/kapitalis.com\/tunisie\/\",\"logo\":{\"@type\":\"ImageObject\",\"inLanguage\":\"fr-FR\",\"@id\":\"https:\/\/kapitalis.com\/tunisie\/#\/schema\/logo\/image\/\",\"url\":\"https:\/\/kapitalis.com\/tunisie\/wp-content\/uploads\/2022\/05\/Kapitalis-big-size.png\",\"contentUrl\":\"https:\/\/kapitalis.com\/tunisie\/wp-content\/uploads\/2022\/05\/Kapitalis-big-size.png\",\"width\":5000,\"height\":1500,\"caption\":\"Kapitalis\"},\"image\":{\"@id\":\"https:\/\/kapitalis.com\/tunisie\/#\/schema\/logo\/image\/\"},\"sameAs\":[\"https:\/\/www.facebook.com\/KapitalisInfo\/\",\"https:\/\/x.com\/KapitalisInfo\",\"https:\/\/www.youtube.com\/channel\/UC-yDYrHyfFBWWZaOw3FPg9Q\"]},{\"@type\":\"Person\",\"@id\":\"https:\/\/kapitalis.com\/tunisie\/#\/schema\/person\/16627fc9b2fc0116230e88af071eebab\",\"name\":\"Ridha Elkefi\",\"url\":\"https:\/\/kapitalis.com\/tunisie\/author\/ridha-kefi\/\"}]}<\/script>\n<!-- \/ Yoast SEO plugin. -->","yoast_head_json":{"title":"Tunis : Un p\u00e9tard s\u00e8me la panique au Palmarium - Kapitalis","robots":{"index":"index","follow":"follow","max-snippet":"max-snippet:-1","max-image-preview":"max-image-preview:large","max-video-preview":"max-video-preview:-1"},"canonical":"https:\/\/kapitalis.com\/tunisie\/2015\/07\/16\/tunis-un-petard-seme-la-panique-au-palmarium\/","og_locale":"fr_FR","og_type":"article","og_title":"Tunis : Un p\u00e9tard s\u00e8me la panique au Palmarium - Kapitalis","og_description":"Une panique s\u2019est empar\u00e9e de la galerie Palmarium, au centre-ville de Tunis, hier peu avant minuit, apr\u00e8s qu\u2019un plaisantin eut fait exploser un p\u00e9tard.","og_url":"https:\/\/kapitalis.com\/tunisie\/2015\/07\/16\/tunis-un-petard-seme-la-panique-au-palmarium\/","og_site_name":"Kapitalis","article_publisher":"https:\/\/www.facebook.com\/KapitalisInfo\/","article_published_time":"2015-07-16T07:58:47+00:00","og_image":[{"width":1200,"height":630,"url":"https:\/\/kapitalis.com\/tunisie\/wp-content\/uploads\/2022\/05\/kapitalis-logo-fb.png","type":"image\/png"}],"author":"Ridha Elkefi","twitter_card":"summary_large_image","twitter_creator":"@KapitalisInfo","twitter_site":"@KapitalisInfo","twitter_misc":{"\u00c9crit par":"Ridha Elkefi","Dur\u00e9e de lecture estim\u00e9e":"1 minute"},"schema":{"@context":"https:\/\/schema.org","@graph":[{"@type":"Article","@id":"https:\/\/kapitalis.com\/tunisie\/2015\/07\/16\/tunis-un-petard-seme-la-panique-au-palmarium\/#article","isPartOf":{"@id":"https:\/\/kapitalis.com\/tunisie\/2015\/07\/16\/tunis-un-petard-seme-la-panique-au-palmarium\/"},"author":{"name":"Ridha Elkefi","@id":"https:\/\/kapitalis.com\/tunisie\/#\/schema\/person\/16627fc9b2fc0116230e88af071eebab"},"headline":"Tunis : Un p\u00e9tard s\u00e8me la panique au Palmarium","datePublished":"2015-07-16T07:58:47+00:00","mainEntityOfPage":{"@id":"https:\/\/kapitalis.com\/tunisie\/2015\/07\/16\/tunis-un-petard-seme-la-panique-au-palmarium\/"},"wordCount":231,"commentCount":0,"publisher":{"@id":"https:\/\/kapitalis.com\/tunisie\/#organization"},"image":{"@id":"https:\/\/kapitalis.com\/tunisie\/2015\/07\/16\/tunis-un-petard-seme-la-panique-au-palmarium\/#primaryimage"},"thumbnailUrl":"","keywords":["bless\u00e9s","centre commercial","h\u00f4pitaux","Palmarium"],"articleSection":["SOCIETE","Tunisie"],"inLanguage":"fr-FR","potentialAction":[{"@type":"CommentAction","name":"Comment","target":["https:\/\/kapitalis.com\/tunisie\/2015\/07\/16\/tunis-un-petard-seme-la-panique-au-palmarium\/#respond"]}]},{"@type":"WebPage","@id":"https:\/\/kapitalis.com\/tunisie\/2015\/07\/16\/tunis-un-petard-seme-la-panique-au-palmarium\/","url":"https:\/\/kapitalis.com\/tunisie\/2015\/07\/16\/tunis-un-petard-seme-la-panique-au-palmarium\/","name":"Tunis : Un p\u00e9tard s\u00e8me la panique au Palmarium - Kapitalis","isPartOf":{"@id":"https:\/\/kapitalis.com\/tunisie\/#website"},"primaryImageOfPage":{"@id":"https:\/\/kapitalis.com\/tunisie\/2015\/07\/16\/tunis-un-petard-seme-la-panique-au-palmarium\/#primaryimage"},"image":{"@id":"https:\/\/kapitalis.com\/tunisie\/2015\/07\/16\/tunis-un-petard-seme-la-panique-au-palmarium\/#primaryimage"},"thumbnailUrl":"","datePublished":"2015-07-16T07:58:47+00:00","breadcrumb":{"@id":"https:\/\/kapitalis.com\/tunisie\/2015\/07\/16\/tunis-un-petard-seme-la-panique-au-palmarium\/#breadcrumb"},"inLanguage":"fr-FR","potentialAction":[{"@type":"ReadAction","target":["https:\/\/kapitalis.com\/tunisie\/2015\/07\/16\/tunis-un-petard-seme-la-panique-au-palmarium\/"]}]},{"@type":"ImageObject","inLanguage":"fr-FR","@id":"https:\/\/kapitalis.com\/tunisie\/2015\/07\/16\/tunis-un-petard-seme-la-panique-au-palmarium\/#primaryimage","url":"","contentUrl":""},{"@type":"BreadcrumbList","@id":"https:\/\/kapitalis.com\/tunisie\/2015\/07\/16\/tunis-un-petard-seme-la-panique-au-palmarium\/#breadcrumb","itemListElement":[{"@type":"ListItem","position":1,"name":"Accueil","item":"https:\/\/kapitalis.com\/tunisie\/"},{"@type":"ListItem","position":2,"name":"Tunis : Un p\u00e9tard s\u00e8me la panique au Palmarium"}]},{"@type":"WebSite","@id":"https:\/\/kapitalis.com\/tunisie\/#website","url":"https:\/\/kapitalis.com\/tunisie\/","name":"Kapitalis","description":"L&#039;actualit\u00e9 en Tunisie et dans le monde","publisher":{"@id":"https:\/\/kapitalis.com\/tunisie\/#organization"},"potentialAction":[{"@type":"SearchAction","target":{"@type":"EntryPoint","urlTemplate":"https:\/\/kapitalis.com\/tunisie\/?s={search_term_string}"},"query-input":{"@type":"PropertyValueSpecification","valueRequired":true,"valueName":"search_term_string"}}],"inLanguage":"fr-FR"},{"@type":"Organization","@id":"https:\/\/kapitalis.com\/tunisie\/#organization","name":"Kapitalis","url":"https:\/\/kapitalis.com\/tunisie\/","logo":{"@type":"ImageObject","inLanguage":"fr-FR","@id":"https:\/\/kapitalis.com\/tunisie\/#\/schema\/logo\/image\/","url":"https:\/\/kapitalis.com\/tunisie\/wp-content\/uploads\/2022\/05\/Kapitalis-big-size.png","contentUrl":"https:\/\/kapitalis.com\/tunisie\/wp-content\/uploads\/2022\/05\/Kapitalis-big-size.png","width":5000,"height":1500,"caption":"Kapitalis"},"image":{"@id":"https:\/\/kapitalis.com\/tunisie\/#\/schema\/logo\/image\/"},"sameAs":["https:\/\/www.facebook.com\/KapitalisInfo\/","https:\/\/x.com\/KapitalisInfo","https:\/\/www.youtube.com\/channel\/UC-yDYrHyfFBWWZaOw3FPg9Q"]},{"@type":"Person","@id":"https:\/\/kapitalis.com\/tunisie\/#\/schema\/person\/16627fc9b2fc0116230e88af071eebab","name":"Ridha Elkefi","url":"https:\/\/kapitalis.com\/tunisie\/author\/ridha-kefi\/"}]}},"_links":{"self":[{"href":"https:\/\/kapitalis.com\/tunisie\/wp-json\/wp\/v2\/posts\/7233","targetHints":{"allow":["GET"]}}],"collection":[{"href":"https:\/\/kapitalis.com\/tunisie\/wp-json\/wp\/v2\/posts"}],"about":[{"href":"https:\/\/kapitalis.com\/tunisie\/wp-json\/wp\/v2\/types\/post"}],"author":[{"embeddable":true,"href":"https:\/\/kapitalis.com\/tunisie\/wp-json\/wp\/v2\/users\/5"}],"replies":[{"embeddable":true,"href":"https:\/\/kapitalis.com\/tunisie\/wp-json\/wp\/v2\/comments?post=7233"}],"version-history":[{"count":0,"href":"https:\/\/kapitalis.com\/tunisie\/wp-json\/wp\/v2\/posts\/7233\/revisions"}],"wp:featuredmedia":[{"embeddable":true,"href":"https:\/\/kapitalis.com\/tunisie\/wp-json\/wp\/v2\/media\/7234"}],"wp:attachment":[{"href":"https:\/\/kapitalis.com\/tunisie\/wp-json\/wp\/v2\/media?parent=7233"}],"wp:term":[{"taxonomy":"category","embeddable":true,"href":"https:\/\/kapitalis.com\/tunisie\/wp-json\/wp\/v2\/categories?post=7233"},{"taxonomy":"post_tag","embeddable":true,"href":"https:\/\/kapitalis.com\/tunisie\/wp-json\/wp\/v2\/tags?post=7233"}],"curies":[{"name":"wp","href":"https:\/\/api.w.org\/{rel}","templated":true}]}}