{"id":7249554,"date":"2023-04-03T09:13:31","date_gmt":"2023-04-03T08:13:31","guid":{"rendered":"https:\/\/kapitalis.com\/tunisie\/?p=7249554"},"modified":"2023-04-03T13:11:50","modified_gmt":"2023-04-03T12:11:50","slug":"portrait-mezri-haddad-un-cassandre-tunisien","status":"publish","type":"post","link":"https:\/\/kapitalis.com\/tunisie\/2023\/04\/03\/portrait-mezri-haddad-un-cassandre-tunisien\/","title":{"rendered":"Portrait\u00a0: Mezri Haddad, un Cassandre tunisien\u00a0!"},"content":{"rendered":"\n<p><strong><em>\u00abPenseur global, Mezri haddad a vraiment des choses importantes \u00e0 nous dire, qui justifient qu\u2019on le lise et qu\u2019on discute ses id\u00e9es\u00bb, \u00e9crit l\u2019ancien ministre fran\u00e7ais des Affaires \u00e9trang\u00e8res Hubert V\u00e9drine dans la pr\u00e9face du dernier essai politique du tr\u00e8s controvers\u00e9 philosophe et analyste politique tunisien.<\/em><\/strong><\/p>\n\n\n\n<p>Par <strong>Imed Bahri &nbsp;<\/strong><\/p>\n\n\n\n<!--more-->\n\n\n\n<p>On ne pr\u00e9sente plus Mezri Haddad. Ancien journaliste, ancien chercheur au CNRS, ancien assistant de philosophie du droit \u00e0 Assas, ancien ambassadeur \u00e0 l\u2019Unesco, docteur en philosophie politique de la Sorbonne, ma\u00eetre de conf\u00e9rences en th\u00e9ologie catholique, auteur de plusieurs essais politiques\u2026<\/p>\n\n\n\n<p>Mezri Haddad est un intellectuel atypique \u00e0 tout point de vue. Politiquement incorrect, nationaliste sans complexe, bourguibiste jusqu\u2019\u00e0 la moelle, profond\u00e9ment musulman et radicalement anti-islamiste, id\u00e9ologiquement inclassable&nbsp;: comme il l\u2019a dit lui-m\u00eame, <em>\u00abje ne suis ni de gauche ni de droite, je suis de Tunisie\u00bb<\/em>, ses \u00e9crits d\u00e9rangent, irritent mais ne laissent jamais indiff\u00e9rents, aussi bien ses amis que ses adversaires.<\/p>\n\n\n\n<h2 class=\"wp-block-heading\">Des id\u00e9es peu consensuelles<\/h2>\n\n\n\n<p>Qu\u2019on l\u2019approuve ou d\u00e9sapprouve, on ne peut pas, objectivement parlant, lui d\u00e9nier des qualit\u00e9s rares de nos jours&nbsp;: sa parfaite ma\u00eetrise de la langue de Voltaire, sa double culture arabe et fran\u00e7aise et, surtout, son courage politique, qui peut l\u2019amener \u00e0 prendre des positions et \u00e0 exprimer des id\u00e9es peu consensuelles sinon \u00e0 contre-courant.<\/p>\n\n\n\n<p>Longtemps oppos\u00e9 \u00e0 l\u2019ancien r\u00e9gime, il a fait un virage \u00e0 180 degr\u00e9s et a surpris beaucoup d\u2019observateurs en se rapprochant de l\u2019ancien pr\u00e9sident de la r\u00e9publique Zine El-Abidine Ben Ali, qui l\u2019a m\u00eame re\u00e7u au Palais de Carthage et l\u2019a nomm\u00e9 ambassadeur \u00e0 l\u2019Unesco, poste o\u00f9 il n\u2019a pas fait long fait et qu\u2019il a d\u00fb quitter au lendemain de la <em>\u00abr\u00e9volution\u00bb<\/em> de 2011. Cet \u00e9v\u00e9nement, qui lui a valu une longue travers\u00e9e du d\u00e9sert, il l\u2019a toujours assimil\u00e9 \u00e0 un complot ourdi par des puissances occidentales pour imposer l\u2019islam politique dans la r\u00e9gion.<\/p>\n\n\n\n<p>Certains ont reproch\u00e9 \u00e0 Mezri Haddad d\u2019avoir pris la d\u00e9fense de Ben Ali durant les derni\u00e8res ann\u00e9es de son r\u00e8gne, au moment o\u00f9 l\u2019image de l\u2019ancien ra\u00efs dans l\u2019opinion internationale \u00e9tait celle d\u2019un autocrate corrompu et born\u00e9. Mais il n\u2019a jamais reni\u00e9 une telle position, du reste difficile \u00e0 justifier, en affirmant avoir tent\u00e9, en tant qu\u2019intellectuel organique, de changer le r\u00e9gime de l\u2019int\u00e9rieur. A l\u2019appui de cette th\u00e8se, il rappelle que, dans son premier livre, <em>Carthage ne sera pas d\u00e9truite<\/em>, publi\u00e9 en 2002, et dans un chapitre intitul\u00e9<em> \u00abDroit d\u2019inventaire\u00bb<\/em>, il avait mis le doigt sur les principaux maux de l\u2019ancien r\u00e9gime, dont le rem\u00e8de aurait pu lui \u00e9viter de subir le retour du b\u00e2ton islamiste\u00a0: un enseignement en d\u00e9clin, une libert\u00e9 de presse \u00e9touff\u00e9e, une justice non-autonome, une corruption end\u00e9mique.<\/p>\n\n\n\n<p> Ainsi, et tout en \u00e9tant \u00e0 l\u2019\u00e9poque un fervent d\u00e9fenseur du r\u00e9gime de Ben Ali, ce qu\u2019il faisait avec d\u00e9termination et conviction, il estime avoir toujours \u00e9t\u00e9 un redoutable opposant et un exil\u00e9 politique, qui a su garder, y compris dans ce livre que beaucoup continuent de lui reprocher, son ind\u00e9pendance d\u2019esprit. Il aime d\u2019ailleurs rappeler qu\u2019il n\u2019a jamais adh\u00e9r\u00e9 au RCD, ancien parti au pouvoir, qu\u2019il abhorrait, comme il a toujours critiqu\u00e9 ce qui lui semblait \u00e0 juste titre critiquable (non-respect des droits de l\u2019homme, atteinte \u00e0 la libert\u00e9 d\u2019expression\u2026) et lou\u00e9 ce qui \u00e9tait selon lui louable (performance \u00e9conomique, s\u00e9curit\u00e9, souverainisme).<\/p>\n\n\n\n<h2 class=\"wp-block-heading\">A contre-sens de l\u2019histoire<\/h2>\n\n\n\n<p>Mais c\u2019est dans son livre <em>La Face cach\u00e9e de la r\u00e9volution tunisienne<\/em> (2001) qu\u2019il s\u2019est montr\u00e9 r\u00e9ellement visionnaire. A contre-sens de l\u2019histoire, seul contre tous, \u00e0 l\u2019oppos\u00e9 de tout le monde, que ce soit en Tunisie, ou en Occident, ou dans le monde arabe, il a os\u00e9 \u00e9crire, avant les premi\u00e8res \u00e9lections d\u00e9mocratiques tunisiennes, que le <em>\u00abprintemps arabe tournerait \u00e0 l\u2019hiver islamiste\u00bb<\/em>, que dans l\u2019histoire, toutes les r\u00e9volutions, des plus flamboyantes \u2013 1789 en France, 1917 en Russie \u2013 aux plus r\u00e9centes \u2013 les r\u00e9volutions color\u00e9es ou la r\u00e9volution du jasmin \u2013 ont toujours \u00e9t\u00e9 suivies de r\u00e9gressions sociales, voire de basculement dans la tyrannie. Il alertait que ce qui se passait alors (2011) dans le monde arabe n\u2019est qu\u2019un <em>\u00abSykes-Picot 2\u00bb<\/em> et que notre pays n\u2019\u00e9tait que <em>\u00abla m\u00e8che de la poudri\u00e8re\u00bb<\/em>&nbsp;! Quoi qu\u2019on puisse penser de lui, de ses positions politiques, de son parcours sinueux et complexe d\u2019opposant au r\u00e9gime \u00e0 alli\u00e9 de Ben Ali, il faut reconna\u00eetre que l\u2019Histoire lui a souvent donn\u00e9 raison. Mais comme lui aurait dit plus tard un ancien ministre de Jacques Chirac, en politique, il ne faut jamais avoir raison tr\u00e8s t\u00f4t et surtout pas tout seul&nbsp;!<\/p>\n\n\n\n<figure class=\"wp-block-embed is-type-wp-embed is-provider-kapitalis wp-block-embed-kapitalis\"><div class=\"wp-block-embed__wrapper\">\n<blockquote class=\"wp-embedded-content\" data-secret=\"Ta0lWRQ1Ib\"><a href=\"https:\/\/kapitalis.com\/tunisie\/2021\/08\/06\/tunisie-pourquoi-la-constitution-de-ben-achour-feldman-doit-elle-etre-abrogee\/\">Tunisie : Pourquoi la Constitution de Ben Achour\/Feldman doit-elle \u00eatre abrog\u00e9e ?<\/a><\/blockquote><iframe loading=\"lazy\" class=\"wp-embedded-content\" sandbox=\"allow-scripts\" security=\"restricted\" style=\"position: absolute; clip: rect(1px, 1px, 1px, 1px);\" title=\"\u00ab\u00a0Tunisie : Pourquoi la Constitution de Ben Achour\/Feldman doit-elle \u00eatre abrog\u00e9e ?\u00a0\u00bb &#8212; Kapitalis\" src=\"https:\/\/kapitalis.com\/tunisie\/2021\/08\/06\/tunisie-pourquoi-la-constitution-de-ben-achour-feldman-doit-elle-etre-abrogee\/embed\/#?secret=0KmZCfXSzl#?secret=Ta0lWRQ1Ib\" data-secret=\"Ta0lWRQ1Ib\" width=\"600\" height=\"338\" frameborder=\"0\" marginwidth=\"0\" marginheight=\"0\" scrolling=\"no\"><\/iframe>\n<\/div><\/figure>\n\n\n\n<p>Mais toute sa vie, Mezri Haddad s\u2019est toujours d\u00e9fendu d\u2019\u00eatre un homme politique. Il se d\u00e9finit comme philosophe et penseur politique. Ce qui l\u2019int\u00e9resse et le passionne, c\u2019est plus <em>\u00able\u00bb<\/em> Politique que la politique, c\u2019est-\u00e0-dire la r\u00e9flexion plut\u00f4t que l\u2019action. C\u2019est sans doute l\u00e0 le grand malentendu entre Mezri Haddad et beaucoup de ses compatriotes, du moins dans les mois qui ont suivis la chute de l\u2019ancien r\u00e9gime.<\/p>\n\n\n\n<p>Dans les moments d\u2019incandescence r\u00e9volutionnaire, il est rare que les philosophes \u00e0 contre-courant soient entendus par leurs compatriotes, particuli\u00e8rement lorsqu\u2019ils sont annonciateurs et porteurs de mauvaises nouvelles.<\/p>\n\n\n\n<p>Tel Cassandre dans la mythologie grecque qui pr\u00e9disait l&rsquo;avenir en donnant une issue d\u00e9favorable aux \u00e9v\u00e9nements, la voix de Mezri Haddad \u00e9tait inaudible pour les milliers de Tunisiens qui aspiraient \u00e0 la d\u00e9mocratie. Et lorsqu\u2019ils ont finalement compris son message, son pessimisme et ses craintes, c\u2019\u00e9tait d\u00e9j\u00e0 trop tard&nbsp;: le pire est arriv\u00e9 et pour le philosophe, le pire, c\u2019est l\u2019islamisme au pouvoir.<\/p>\n\n\n\n<p>A l\u2019islam politique, il a pr\u00e9cis\u00e9ment consacr\u00e9 son livre, <em>Mon combat contre l\u2019islamisme et ses idiots utiles<\/em> (2021), un recueil de l\u2019ensemble de ses tribunes publi\u00e9es dans la presse \u00e9crite fran\u00e7aise entre 1990 et 2021. Ce livre de t\u00e9moignage et de r\u00e9flexion sera bient\u00f4t r\u00e9\u00e9dit\u00e9 en Tunisie, en fran\u00e7ais et en arabe, chez AC Editions.<\/p>\n\n\n\n<h2 class=\"wp-block-heading\">Une nouvelle \u00e8re multipolaire<\/h2>\n\n\n\n<p>Ce m\u00eame \u00e9diteur tunisien vient de diffuser la r\u00e9\u00e9dition du dernier essai de Mezri Haddad, <em><a href=\"https:\/\/kapitalis.com\/tunisie\/2023\/03\/31\/mezri-haddad-publie-un-essai-sur-les-enjeux-de-la-crise-ukrainienne\/\" target=\"_blank\" rel=\"noreferrer noopener\">Du choc de civilisation \u00e0 la guerre de substitution<\/a><\/em>, paru en France il y a six mois et dans lequel l\u2019auteur analyse ce qu\u2019il appelle <em>\u00abla guerre russo-am\u00e9ricaine par Ukrainiens et Europ\u00e9ens interpos\u00e9s\u00bb<\/em>. Tout en condamnant par principe et eu \u00e9gard au droit international l\u2019attaque contre l\u2019Ukraine, il n\u2019h\u00e9site pas \u00e0 d\u00e9voiler la responsabilit\u00e9 et m\u00eame la <em>\u00abculpabilit\u00e9\u00bb<\/em> de Zelensky, en d\u00e9non\u00e7ant le r\u00f4le <em>\u00abcynique et machiav\u00e9lique\u00bb<\/em> des Etats-Unis dans cette affaire, qui ne se limite pas selon lui \u00e0 un banal conflit territorial mais constitue un tournant majeur dans les relations internationales et plus exactement dans la recomposition g\u00e9opolitique mondiale. <em>\u00abNous ne sommes pas au d\u00e9but d\u2019une nouvelle \u00e8re multipolaire, nous y sommes d\u00e9j\u00e0\u00bb<\/em>, \u00e9crit-il. Pour lui, deux blocs g\u00e9opolitiques se constituent, <em>\u00abd\u2019une part la Russie, la Chine et le Sud global (Inde, Br\u00e9sil\u2026, Afrique et monde arabe), et d\u2019autre par l\u2019Occident sous la houlette des Etats-Unis\u00bb<\/em>.<\/p>\n\n\n\n<p>Un passage dans ce livre m\u00e9rite qu\u2019on le cite int\u00e9gralement, car il d\u00e9note une fois de plus l\u2019esprit visionnaire de l\u2019auteur, ou pour certains, son c\u00f4t\u00e9 Cassandre. Dans la page 222, il \u00e9crit que <em>\u00able trio Chine, Russie et Iran est d\u00e9j\u00e0 constitu\u00e9\u00bb<\/em> et que cet ensemble <em>\u00absera d\u2019autant plus imposant si dans l\u2019avenir la R\u00e9publique islamique d\u2019Iran et l\u2019Arabie Saoudite parvenaient \u00e0 transcender leurs egos et mettaient fin \u00e0 leur antagonisme absurde (chiisme-sunnisme)\u00bb<\/em>, si cela se produisait, <em>\u00abc\u2019est toute la r\u00e9gion et la moiti\u00e9 du monde qui en sera b\u00e9n\u00e9fiquement impact\u00e9e. L\u2019arc chiite et l\u2019Arc sunnite sont des cat\u00e9gories, voire des all\u00e9gories artificielles, des inventions des strat\u00e8ges am\u00e9ricains pour fracturer le monde musulman et maintenir leur domination. Un seul Arc a de l\u2019avenir et pourrait r\u00e9ellement peser g\u00e9opolitiquement&nbsp;: l\u2019Arc musulman\u2026\u00bb<\/em>.<\/p>\n\n\n\n<p>Mezri Haddad a tenu ces propos il y a plus de six mois. Et voil\u00e0 qu\u2019\u00e0 la surprise g\u00e9n\u00e9rale, on apprend il y a deux semaines que l\u2019Iran et l\u2019Arabie Saoudite ont enterr\u00e9 la hache de guerre sous les auspices de la Chine&nbsp;!<\/p>\n\n\n\n<p>Fondateur du Centre international de g\u00e9opolitique et de prospective analytique (CIGPA), Haddad ma\u00eetrise a posteriori l\u2019art ou la science prospective. C\u2019est peut-\u00eatre la raison pour laquelle un poids lourd de la diplomatie et de la g\u00e9opolitique en France, l\u2019ancien ministre Hubert V\u00e9drine, qui a pr\u00e9fac\u00e9 le livre en question a \u00e9crit&nbsp;: <em>\u00abPenseur global, Mezri haddad a vraiment des choses importantes \u00e0 nous dire, qui justifient qu\u2019on le lise et qu\u2019on discute ses id\u00e9es\u2026Son courage est \u00e0 saluer et il est \u00e0 souhaiter que cette voix soit entendu\u00bb. <\/em>&nbsp;<\/p>\n\n\n\n<p>Mezri Haddad sera pr\u00e9sent \u00e0 la librairie Al Kitab de Mutuelleville pour un d\u00e9bat et une s\u00e9ance de d\u00e9dicace de son dernier essai p\u00f4litique, le vendredi 7 avril 2023, \u00e0 partir de 21h00.<\/p>\n","protected":false},"excerpt":{"rendered":"<p>La voix de Mezri Haddad \u00e9tait inaudible pour les milliers de Tunisiens qui aspiraient \u00e0 la d\u00e9mocratie. aujourd&rsquo;hui, son pessimisme est confort\u00e9 par l&rsquo;\u00e9volution du pays.  <\/p>\n","protected":false},"author":8,"featured_media":7200126,"comment_status":"open","ping_status":"open","sticky":false,"template":"","format":"standard","meta":{"footnotes":""},"categories":[992,997,2433],"tags":[75918,107788,12351,4100,796,62643,6842,7334],"class_list":["post-7249554","post","type-post","status-publish","format-standard","has-post-thumbnail","hentry","category-a-la-une","category-politique","category-tunisie","tag-etats-unis-2","tag-hubert-vedrine","tag-islam-politique","tag-mezri-haddad","tag-russie","tag-tunisie","tag-ukraine","tag-zine-el-abidine-ben-ali"],"yoast_head":"<!-- This site is optimized with the Yoast SEO plugin v26.6 - https:\/\/yoast.com\/wordpress\/plugins\/seo\/ -->\n<title>Portrait\u00a0: Mezri Haddad, un Cassandre tunisien\u00a0! - Kapitalis<\/title>\n<meta name=\"robots\" content=\"index, follow, max-snippet:-1, max-image-preview:large, max-video-preview:-1\" \/>\n<link rel=\"canonical\" href=\"https:\/\/kapitalis.com\/tunisie\/2023\/04\/03\/portrait-mezri-haddad-un-cassandre-tunisien\/\" \/>\n<meta property=\"og:locale\" content=\"fr_FR\" \/>\n<meta property=\"og:type\" content=\"article\" \/>\n<meta property=\"og:title\" content=\"Portrait\u00a0: Mezri Haddad, un Cassandre tunisien\u00a0! - Kapitalis\" \/>\n<meta property=\"og:description\" content=\"La voix de Mezri Haddad \u00e9tait inaudible pour les milliers de Tunisiens qui aspiraient \u00e0 la d\u00e9mocratie. aujourd&#039;hui, son pessimisme est confort\u00e9 par l&#039;\u00e9volution du pays.\" \/>\n<meta property=\"og:url\" content=\"https:\/\/kapitalis.com\/tunisie\/2023\/04\/03\/portrait-mezri-haddad-un-cassandre-tunisien\/\" \/>\n<meta property=\"og:site_name\" content=\"Kapitalis\" \/>\n<meta property=\"article:publisher\" content=\"https:\/\/www.facebook.com\/KapitalisInfo\/\" \/>\n<meta property=\"article:published_time\" content=\"2023-04-03T08:13:31+00:00\" \/>\n<meta property=\"article:modified_time\" content=\"2023-04-03T12:11:50+00:00\" \/>\n<meta property=\"og:image\" content=\"https:\/\/kapitalis.com\/tunisie\/wp-content\/uploads\/2023\/03\/Mezri-Haddad.jpg\" \/>\n\t<meta property=\"og:image:width\" content=\"1200\" \/>\n\t<meta property=\"og:image:height\" content=\"630\" \/>\n\t<meta property=\"og:image:type\" content=\"image\/jpeg\" \/>\n<meta name=\"author\" content=\"webmaster kapitalis\" \/>\n<meta name=\"twitter:card\" content=\"summary_large_image\" \/>\n<meta name=\"twitter:creator\" content=\"@KapitalisInfo\" \/>\n<meta name=\"twitter:site\" content=\"@KapitalisInfo\" \/>\n<meta name=\"twitter:label1\" content=\"\u00c9crit par\" \/>\n\t<meta name=\"twitter:data1\" content=\"webmaster kapitalis\" \/>\n\t<meta name=\"twitter:label2\" content=\"Dur\u00e9e de lecture estim\u00e9e\" \/>\n\t<meta name=\"twitter:data2\" content=\"8 minutes\" \/>\n<script type=\"application\/ld+json\" class=\"yoast-schema-graph\">{\"@context\":\"https:\/\/schema.org\",\"@graph\":[{\"@type\":\"Article\",\"@id\":\"https:\/\/kapitalis.com\/tunisie\/2023\/04\/03\/portrait-mezri-haddad-un-cassandre-tunisien\/#article\",\"isPartOf\":{\"@id\":\"https:\/\/kapitalis.com\/tunisie\/2023\/04\/03\/portrait-mezri-haddad-un-cassandre-tunisien\/\"},\"author\":{\"name\":\"webmaster kapitalis\",\"@id\":\"https:\/\/kapitalis.com\/tunisie\/#\/schema\/person\/d71f33a9ca44f7bad4698210b480c8e9\"},\"headline\":\"Portrait\u00a0: Mezri Haddad, un Cassandre tunisien\u00a0!\",\"datePublished\":\"2023-04-03T08:13:31+00:00\",\"dateModified\":\"2023-04-03T12:11:50+00:00\",\"mainEntityOfPage\":{\"@id\":\"https:\/\/kapitalis.com\/tunisie\/2023\/04\/03\/portrait-mezri-haddad-un-cassandre-tunisien\/\"},\"wordCount\":1624,\"commentCount\":7,\"publisher\":{\"@id\":\"https:\/\/kapitalis.com\/tunisie\/#organization\"},\"image\":{\"@id\":\"https:\/\/kapitalis.com\/tunisie\/2023\/04\/03\/portrait-mezri-haddad-un-cassandre-tunisien\/#primaryimage\"},\"thumbnailUrl\":\"https:\/\/kapitalis.com\/tunisie\/wp-content\/uploads\/2023\/03\/Mezri-Haddad.jpg\",\"keywords\":[\"Etats-Unis\",\"Hubert V\u00e9drine\",\"islam politique\",\"Mezri Haddad\",\"Russie\",\"Tunisie\",\"Ukraine\",\"Zine El Abidine Ben Ali\"],\"articleSection\":[\"A LA UNE\",\"POLITIQUE\",\"Tunisie\"],\"inLanguage\":\"fr-FR\",\"potentialAction\":[{\"@type\":\"CommentAction\",\"name\":\"Comment\",\"target\":[\"https:\/\/kapitalis.com\/tunisie\/2023\/04\/03\/portrait-mezri-haddad-un-cassandre-tunisien\/#respond\"]}]},{\"@type\":\"WebPage\",\"@id\":\"https:\/\/kapitalis.com\/tunisie\/2023\/04\/03\/portrait-mezri-haddad-un-cassandre-tunisien\/\",\"url\":\"https:\/\/kapitalis.com\/tunisie\/2023\/04\/03\/portrait-mezri-haddad-un-cassandre-tunisien\/\",\"name\":\"Portrait\u00a0: Mezri Haddad, un Cassandre tunisien\u00a0! - Kapitalis\",\"isPartOf\":{\"@id\":\"https:\/\/kapitalis.com\/tunisie\/#website\"},\"primaryImageOfPage\":{\"@id\":\"https:\/\/kapitalis.com\/tunisie\/2023\/04\/03\/portrait-mezri-haddad-un-cassandre-tunisien\/#primaryimage\"},\"image\":{\"@id\":\"https:\/\/kapitalis.com\/tunisie\/2023\/04\/03\/portrait-mezri-haddad-un-cassandre-tunisien\/#primaryimage\"},\"thumbnailUrl\":\"https:\/\/kapitalis.com\/tunisie\/wp-content\/uploads\/2023\/03\/Mezri-Haddad.jpg\",\"datePublished\":\"2023-04-03T08:13:31+00:00\",\"dateModified\":\"2023-04-03T12:11:50+00:00\",\"breadcrumb\":{\"@id\":\"https:\/\/kapitalis.com\/tunisie\/2023\/04\/03\/portrait-mezri-haddad-un-cassandre-tunisien\/#breadcrumb\"},\"inLanguage\":\"fr-FR\",\"potentialAction\":[{\"@type\":\"ReadAction\",\"target\":[\"https:\/\/kapitalis.com\/tunisie\/2023\/04\/03\/portrait-mezri-haddad-un-cassandre-tunisien\/\"]}]},{\"@type\":\"ImageObject\",\"inLanguage\":\"fr-FR\",\"@id\":\"https:\/\/kapitalis.com\/tunisie\/2023\/04\/03\/portrait-mezri-haddad-un-cassandre-tunisien\/#primaryimage\",\"url\":\"https:\/\/kapitalis.com\/tunisie\/wp-content\/uploads\/2023\/03\/Mezri-Haddad.jpg\",\"contentUrl\":\"https:\/\/kapitalis.com\/tunisie\/wp-content\/uploads\/2023\/03\/Mezri-Haddad.jpg\",\"width\":1200,\"height\":630},{\"@type\":\"BreadcrumbList\",\"@id\":\"https:\/\/kapitalis.com\/tunisie\/2023\/04\/03\/portrait-mezri-haddad-un-cassandre-tunisien\/#breadcrumb\",\"itemListElement\":[{\"@type\":\"ListItem\",\"position\":1,\"name\":\"Accueil\",\"item\":\"https:\/\/kapitalis.com\/tunisie\/\"},{\"@type\":\"ListItem\",\"position\":2,\"name\":\"Portrait\u00a0: Mezri Haddad, un Cassandre tunisien\u00a0!\"}]},{\"@type\":\"WebSite\",\"@id\":\"https:\/\/kapitalis.com\/tunisie\/#website\",\"url\":\"https:\/\/kapitalis.com\/tunisie\/\",\"name\":\"Kapitalis\",\"description\":\"L&#039;actualit\u00e9 en Tunisie et dans le monde\",\"publisher\":{\"@id\":\"https:\/\/kapitalis.com\/tunisie\/#organization\"},\"potentialAction\":[{\"@type\":\"SearchAction\",\"target\":{\"@type\":\"EntryPoint\",\"urlTemplate\":\"https:\/\/kapitalis.com\/tunisie\/?s={search_term_string}\"},\"query-input\":{\"@type\":\"PropertyValueSpecification\",\"valueRequired\":true,\"valueName\":\"search_term_string\"}}],\"inLanguage\":\"fr-FR\"},{\"@type\":\"Organization\",\"@id\":\"https:\/\/kapitalis.com\/tunisie\/#organization\",\"name\":\"Kapitalis\",\"url\":\"https:\/\/kapitalis.com\/tunisie\/\",\"logo\":{\"@type\":\"ImageObject\",\"inLanguage\":\"fr-FR\",\"@id\":\"https:\/\/kapitalis.com\/tunisie\/#\/schema\/logo\/image\/\",\"url\":\"https:\/\/kapitalis.com\/tunisie\/wp-content\/uploads\/2022\/05\/Kapitalis-big-size.png\",\"contentUrl\":\"https:\/\/kapitalis.com\/tunisie\/wp-content\/uploads\/2022\/05\/Kapitalis-big-size.png\",\"width\":5000,\"height\":1500,\"caption\":\"Kapitalis\"},\"image\":{\"@id\":\"https:\/\/kapitalis.com\/tunisie\/#\/schema\/logo\/image\/\"},\"sameAs\":[\"https:\/\/www.facebook.com\/KapitalisInfo\/\",\"https:\/\/x.com\/KapitalisInfo\",\"https:\/\/www.youtube.com\/channel\/UC-yDYrHyfFBWWZaOw3FPg9Q\"]},{\"@type\":\"Person\",\"@id\":\"https:\/\/kapitalis.com\/tunisie\/#\/schema\/person\/d71f33a9ca44f7bad4698210b480c8e9\",\"name\":\"webmaster kapitalis\",\"url\":\"https:\/\/kapitalis.com\/tunisie\/author\/webmaster-kapitalis\/\"}]}<\/script>\n<!-- \/ Yoast SEO plugin. -->","yoast_head_json":{"title":"Portrait\u00a0: Mezri Haddad, un Cassandre tunisien\u00a0! - Kapitalis","robots":{"index":"index","follow":"follow","max-snippet":"max-snippet:-1","max-image-preview":"max-image-preview:large","max-video-preview":"max-video-preview:-1"},"canonical":"https:\/\/kapitalis.com\/tunisie\/2023\/04\/03\/portrait-mezri-haddad-un-cassandre-tunisien\/","og_locale":"fr_FR","og_type":"article","og_title":"Portrait\u00a0: Mezri Haddad, un Cassandre tunisien\u00a0! - Kapitalis","og_description":"La voix de Mezri Haddad \u00e9tait inaudible pour les milliers de Tunisiens qui aspiraient \u00e0 la d\u00e9mocratie. aujourd'hui, son pessimisme est confort\u00e9 par l'\u00e9volution du pays.","og_url":"https:\/\/kapitalis.com\/tunisie\/2023\/04\/03\/portrait-mezri-haddad-un-cassandre-tunisien\/","og_site_name":"Kapitalis","article_publisher":"https:\/\/www.facebook.com\/KapitalisInfo\/","article_published_time":"2023-04-03T08:13:31+00:00","article_modified_time":"2023-04-03T12:11:50+00:00","og_image":[{"width":1200,"height":630,"url":"https:\/\/kapitalis.com\/tunisie\/wp-content\/uploads\/2023\/03\/Mezri-Haddad.jpg","type":"image\/jpeg"}],"author":"webmaster kapitalis","twitter_card":"summary_large_image","twitter_creator":"@KapitalisInfo","twitter_site":"@KapitalisInfo","twitter_misc":{"\u00c9crit par":"webmaster kapitalis","Dur\u00e9e de lecture estim\u00e9e":"8 minutes"},"schema":{"@context":"https:\/\/schema.org","@graph":[{"@type":"Article","@id":"https:\/\/kapitalis.com\/tunisie\/2023\/04\/03\/portrait-mezri-haddad-un-cassandre-tunisien\/#article","isPartOf":{"@id":"https:\/\/kapitalis.com\/tunisie\/2023\/04\/03\/portrait-mezri-haddad-un-cassandre-tunisien\/"},"author":{"name":"webmaster kapitalis","@id":"https:\/\/kapitalis.com\/tunisie\/#\/schema\/person\/d71f33a9ca44f7bad4698210b480c8e9"},"headline":"Portrait\u00a0: Mezri Haddad, un Cassandre tunisien\u00a0!","datePublished":"2023-04-03T08:13:31+00:00","dateModified":"2023-04-03T12:11:50+00:00","mainEntityOfPage":{"@id":"https:\/\/kapitalis.com\/tunisie\/2023\/04\/03\/portrait-mezri-haddad-un-cassandre-tunisien\/"},"wordCount":1624,"commentCount":7,"publisher":{"@id":"https:\/\/kapitalis.com\/tunisie\/#organization"},"image":{"@id":"https:\/\/kapitalis.com\/tunisie\/2023\/04\/03\/portrait-mezri-haddad-un-cassandre-tunisien\/#primaryimage"},"thumbnailUrl":"https:\/\/kapitalis.com\/tunisie\/wp-content\/uploads\/2023\/03\/Mezri-Haddad.jpg","keywords":["Etats-Unis","Hubert V\u00e9drine","islam politique","Mezri Haddad","Russie","Tunisie","Ukraine","Zine El Abidine Ben Ali"],"articleSection":["A LA UNE","POLITIQUE","Tunisie"],"inLanguage":"fr-FR","potentialAction":[{"@type":"CommentAction","name":"Comment","target":["https:\/\/kapitalis.com\/tunisie\/2023\/04\/03\/portrait-mezri-haddad-un-cassandre-tunisien\/#respond"]}]},{"@type":"WebPage","@id":"https:\/\/kapitalis.com\/tunisie\/2023\/04\/03\/portrait-mezri-haddad-un-cassandre-tunisien\/","url":"https:\/\/kapitalis.com\/tunisie\/2023\/04\/03\/portrait-mezri-haddad-un-cassandre-tunisien\/","name":"Portrait\u00a0: Mezri Haddad, un Cassandre tunisien\u00a0! - Kapitalis","isPartOf":{"@id":"https:\/\/kapitalis.com\/tunisie\/#website"},"primaryImageOfPage":{"@id":"https:\/\/kapitalis.com\/tunisie\/2023\/04\/03\/portrait-mezri-haddad-un-cassandre-tunisien\/#primaryimage"},"image":{"@id":"https:\/\/kapitalis.com\/tunisie\/2023\/04\/03\/portrait-mezri-haddad-un-cassandre-tunisien\/#primaryimage"},"thumbnailUrl":"https:\/\/kapitalis.com\/tunisie\/wp-content\/uploads\/2023\/03\/Mezri-Haddad.jpg","datePublished":"2023-04-03T08:13:31+00:00","dateModified":"2023-04-03T12:11:50+00:00","breadcrumb":{"@id":"https:\/\/kapitalis.com\/tunisie\/2023\/04\/03\/portrait-mezri-haddad-un-cassandre-tunisien\/#breadcrumb"},"inLanguage":"fr-FR","potentialAction":[{"@type":"ReadAction","target":["https:\/\/kapitalis.com\/tunisie\/2023\/04\/03\/portrait-mezri-haddad-un-cassandre-tunisien\/"]}]},{"@type":"ImageObject","inLanguage":"fr-FR","@id":"https:\/\/kapitalis.com\/tunisie\/2023\/04\/03\/portrait-mezri-haddad-un-cassandre-tunisien\/#primaryimage","url":"https:\/\/kapitalis.com\/tunisie\/wp-content\/uploads\/2023\/03\/Mezri-Haddad.jpg","contentUrl":"https:\/\/kapitalis.com\/tunisie\/wp-content\/uploads\/2023\/03\/Mezri-Haddad.jpg","width":1200,"height":630},{"@type":"BreadcrumbList","@id":"https:\/\/kapitalis.com\/tunisie\/2023\/04\/03\/portrait-mezri-haddad-un-cassandre-tunisien\/#breadcrumb","itemListElement":[{"@type":"ListItem","position":1,"name":"Accueil","item":"https:\/\/kapitalis.com\/tunisie\/"},{"@type":"ListItem","position":2,"name":"Portrait\u00a0: Mezri Haddad, un Cassandre tunisien\u00a0!"}]},{"@type":"WebSite","@id":"https:\/\/kapitalis.com\/tunisie\/#website","url":"https:\/\/kapitalis.com\/tunisie\/","name":"Kapitalis","description":"L&#039;actualit\u00e9 en Tunisie et dans le monde","publisher":{"@id":"https:\/\/kapitalis.com\/tunisie\/#organization"},"potentialAction":[{"@type":"SearchAction","target":{"@type":"EntryPoint","urlTemplate":"https:\/\/kapitalis.com\/tunisie\/?s={search_term_string}"},"query-input":{"@type":"PropertyValueSpecification","valueRequired":true,"valueName":"search_term_string"}}],"inLanguage":"fr-FR"},{"@type":"Organization","@id":"https:\/\/kapitalis.com\/tunisie\/#organization","name":"Kapitalis","url":"https:\/\/kapitalis.com\/tunisie\/","logo":{"@type":"ImageObject","inLanguage":"fr-FR","@id":"https:\/\/kapitalis.com\/tunisie\/#\/schema\/logo\/image\/","url":"https:\/\/kapitalis.com\/tunisie\/wp-content\/uploads\/2022\/05\/Kapitalis-big-size.png","contentUrl":"https:\/\/kapitalis.com\/tunisie\/wp-content\/uploads\/2022\/05\/Kapitalis-big-size.png","width":5000,"height":1500,"caption":"Kapitalis"},"image":{"@id":"https:\/\/kapitalis.com\/tunisie\/#\/schema\/logo\/image\/"},"sameAs":["https:\/\/www.facebook.com\/KapitalisInfo\/","https:\/\/x.com\/KapitalisInfo","https:\/\/www.youtube.com\/channel\/UC-yDYrHyfFBWWZaOw3FPg9Q"]},{"@type":"Person","@id":"https:\/\/kapitalis.com\/tunisie\/#\/schema\/person\/d71f33a9ca44f7bad4698210b480c8e9","name":"webmaster kapitalis","url":"https:\/\/kapitalis.com\/tunisie\/author\/webmaster-kapitalis\/"}]}},"_links":{"self":[{"href":"https:\/\/kapitalis.com\/tunisie\/wp-json\/wp\/v2\/posts\/7249554","targetHints":{"allow":["GET"]}}],"collection":[{"href":"https:\/\/kapitalis.com\/tunisie\/wp-json\/wp\/v2\/posts"}],"about":[{"href":"https:\/\/kapitalis.com\/tunisie\/wp-json\/wp\/v2\/types\/post"}],"author":[{"embeddable":true,"href":"https:\/\/kapitalis.com\/tunisie\/wp-json\/wp\/v2\/users\/8"}],"replies":[{"embeddable":true,"href":"https:\/\/kapitalis.com\/tunisie\/wp-json\/wp\/v2\/comments?post=7249554"}],"version-history":[{"count":2,"href":"https:\/\/kapitalis.com\/tunisie\/wp-json\/wp\/v2\/posts\/7249554\/revisions"}],"predecessor-version":[{"id":7253699,"href":"https:\/\/kapitalis.com\/tunisie\/wp-json\/wp\/v2\/posts\/7249554\/revisions\/7253699"}],"wp:featuredmedia":[{"embeddable":true,"href":"https:\/\/kapitalis.com\/tunisie\/wp-json\/wp\/v2\/media\/7200126"}],"wp:attachment":[{"href":"https:\/\/kapitalis.com\/tunisie\/wp-json\/wp\/v2\/media?parent=7249554"}],"wp:term":[{"taxonomy":"category","embeddable":true,"href":"https:\/\/kapitalis.com\/tunisie\/wp-json\/wp\/v2\/categories?post=7249554"},{"taxonomy":"post_tag","embeddable":true,"href":"https:\/\/kapitalis.com\/tunisie\/wp-json\/wp\/v2\/tags?post=7249554"}],"curies":[{"name":"wp","href":"https:\/\/api.w.org\/{rel}","templated":true}]}}