{"id":7257086,"date":"2023-04-03T18:35:43","date_gmt":"2023-04-03T17:35:43","guid":{"rendered":"https:\/\/kapitalis.com\/tunisie\/?p=7257086"},"modified":"2023-04-03T19:08:52","modified_gmt":"2023-04-03T18:08:52","slug":"tunisie-saied-recoit-bouden-a-carthage-et-met-fin-aux-rumeurs-le-concernant","status":"publish","type":"post","link":"https:\/\/kapitalis.com\/tunisie\/2023\/04\/03\/tunisie-saied-recoit-bouden-a-carthage-et-met-fin-aux-rumeurs-le-concernant\/","title":{"rendered":"Tunisie : Sa\u00efed re\u00e7oit Bouden \u00e0 Carthage et met fin aux rumeurs le concernant"},"content":{"rendered":"\n<p><em><strong>Le pr\u00e9sident de la R\u00e9publique Ka\u00efs Sa\u00efed a re\u00e7u, ce lundi 3 avril 2023, la cheffe du gouvernement Najla Bouden \u00e0 Carthage, mettant ainsi fin aux rumeurs relatives \u00e0 son \u00e9tat de sant\u00e9 suite \u00e0 son absence depuis quelques jours, certaines ayant m\u00eame \u00e9t\u00e9 jusqu&rsquo;\u00e0 parler de vacance du pouvoir\u2026<\/strong><\/em><\/p>\n\n\n\n<!--more-->\n\n\n\n<p>Lors de sa rencontre avec la cheffe du gouvernement, le pr\u00e9sident de la r\u00e9publique qui semble sortir d&rsquo;un petit rhume a affirm\u00e9 que la coordination entre les diff\u00e9rents appareils de l\u2019\u00c9tat s&rsquo;est poursuivie et que plusieurs appels t\u00e9l\u00e9phoniques ont pr\u00e9c\u00e9d\u00e9 cette rencontre avec Najla Bouden.<\/p>\n\n\n\n<p>La pr\u00e9sidence n&rsquo;avait publi\u00e9 aucune activit\u00e9 du pr\u00e9sident depuis la veille du mois de Ramadan, ce qui a laiss\u00e9 place \u00e0 plusieurs rumeurs, en l&rsquo;absence d&rsquo;un communiqu\u00e9 des autorit\u00e9s : <em>\u00abOn parle d\u00e9j\u00e0 de vacance, ils ont pr\u00e9sent\u00e9 leur diagnostic et ont parl\u00e9 d&rsquo;examens, d&rsquo;analyses et de chiffres dont moi m\u00eame je n&rsquo;ai aucune id\u00e9e.. leur seul but c&rsquo;est la vacance du pouvoir\u2026 Ils ont m\u00eame \u00e9t\u00e9 jusqu&rsquo;\u00e0 \u00e9voquer un certificat de d\u00e9c\u00e8s\u2026 A part le m\u00e9pris, on ne peut donner autre r\u00e9ponse\u2026<\/em>\u00bb a notamment lanc\u00e9 Ka\u00efs Sa\u00efed.<\/p>\n\n\n\n<p class=\"has-text-align-right\"><strong>Y. N.<\/strong><\/p>\n","protected":false},"excerpt":{"rendered":"<p>Tunisie : Sa\u00efed re\u00e7oit Bouden \u00e0 Carthage et met fin aux rumeurs le concernant<\/p>\n","protected":false},"author":6,"featured_media":7257094,"comment_status":"open","ping_status":"open","sticky":false,"template":"","format":"standard","meta":{"footnotes":""},"categories":[997,2433],"tags":[93733,3569,87935,62643],"class_list":["post-7257086","post","type-post","status-publish","format-standard","has-post-thumbnail","hentry","category-politique","category-tunisie","tag-bouden","tag-presidence-de-la-republique","tag-saied-2","tag-tunisie"],"yoast_head":"<!-- This site is optimized with the Yoast SEO plugin v26.6 - https:\/\/yoast.com\/wordpress\/plugins\/seo\/ -->\n<title>Tunisie : Sa\u00efed re\u00e7oit Bouden \u00e0 Carthage et met fin aux rumeurs le concernant - Kapitalis<\/title>\n<meta name=\"description\" content=\"Le pr\u00e9sident de la R\u00e9publique Ka\u00efs Sa\u00efed a re\u00e7u, ce lundi 3 avril 2023, la cheffe du gouvernement Najla Bouden \u00e0 Carthage, mettant ainsi fin aux rumeurs relatives \u00e0 son \u00e9tat de sant\u00e9 suite \u00e0 son absence depuis quelques jours, certaines ayant m\u00eame \u00e9t\u00e9 jusqu&#039;\u00e0 parler de vacance du pouvoir\u2026\" \/>\n<meta name=\"robots\" content=\"index, follow, max-snippet:-1, max-image-preview:large, max-video-preview:-1\" \/>\n<link rel=\"canonical\" href=\"https:\/\/kapitalis.com\/tunisie\/2023\/04\/03\/tunisie-saied-recoit-bouden-a-carthage-et-met-fin-aux-rumeurs-le-concernant\/\" \/>\n<meta property=\"og:locale\" content=\"fr_FR\" \/>\n<meta property=\"og:type\" content=\"article\" \/>\n<meta property=\"og:title\" content=\"Tunisie : Sa\u00efed re\u00e7oit Bouden \u00e0 Carthage et met fin aux rumeurs le concernant - Kapitalis\" \/>\n<meta property=\"og:description\" content=\"Le pr\u00e9sident de la R\u00e9publique Ka\u00efs Sa\u00efed a re\u00e7u, ce lundi 3 avril 2023, la cheffe du gouvernement Najla Bouden \u00e0 Carthage, mettant ainsi fin aux rumeurs relatives \u00e0 son \u00e9tat de sant\u00e9 suite \u00e0 son absence depuis quelques jours, certaines ayant m\u00eame \u00e9t\u00e9 jusqu&#039;\u00e0 parler de vacance du pouvoir\u2026\" \/>\n<meta property=\"og:url\" content=\"https:\/\/kapitalis.com\/tunisie\/2023\/04\/03\/tunisie-saied-recoit-bouden-a-carthage-et-met-fin-aux-rumeurs-le-concernant\/\" \/>\n<meta property=\"og:site_name\" content=\"Kapitalis\" \/>\n<meta property=\"article:publisher\" content=\"https:\/\/www.facebook.com\/KapitalisInfo\/\" \/>\n<meta property=\"article:published_time\" content=\"2023-04-03T17:35:43+00:00\" \/>\n<meta property=\"article:modified_time\" content=\"2023-04-03T18:08:52+00:00\" \/>\n<meta property=\"og:image\" content=\"https:\/\/kapitalis.com\/tunisie\/wp-content\/uploads\/2023\/04\/saied-Bouden.jpg\" \/>\n\t<meta property=\"og:image:width\" content=\"1200\" \/>\n\t<meta property=\"og:image:height\" content=\"630\" \/>\n\t<meta property=\"og:image:type\" content=\"image\/jpeg\" \/>\n<meta name=\"author\" content=\"Yusra NY\" \/>\n<meta name=\"twitter:card\" content=\"summary_large_image\" \/>\n<meta name=\"twitter:creator\" content=\"@KapitalisInfo\" \/>\n<meta name=\"twitter:site\" content=\"@KapitalisInfo\" \/>\n<meta name=\"twitter:label1\" content=\"\u00c9crit par\" \/>\n\t<meta name=\"twitter:data1\" content=\"Yusra NY\" \/>\n\t<meta name=\"twitter:label2\" content=\"Dur\u00e9e de lecture estim\u00e9e\" \/>\n\t<meta name=\"twitter:data2\" content=\"1 minute\" \/>\n<script type=\"application\/ld+json\" class=\"yoast-schema-graph\">{\"@context\":\"https:\/\/schema.org\",\"@graph\":[{\"@type\":\"Article\",\"@id\":\"https:\/\/kapitalis.com\/tunisie\/2023\/04\/03\/tunisie-saied-recoit-bouden-a-carthage-et-met-fin-aux-rumeurs-le-concernant\/#article\",\"isPartOf\":{\"@id\":\"https:\/\/kapitalis.com\/tunisie\/2023\/04\/03\/tunisie-saied-recoit-bouden-a-carthage-et-met-fin-aux-rumeurs-le-concernant\/\"},\"author\":{\"name\":\"Yusra NY\",\"@id\":\"https:\/\/kapitalis.com\/tunisie\/#\/schema\/person\/74bbde0154d49d790a92aaeac5bc01d5\"},\"headline\":\"Tunisie : Sa\u00efed re\u00e7oit Bouden \u00e0 Carthage et met fin aux rumeurs le concernant\",\"datePublished\":\"2023-04-03T17:35:43+00:00\",\"dateModified\":\"2023-04-03T18:08:52+00:00\",\"mainEntityOfPage\":{\"@id\":\"https:\/\/kapitalis.com\/tunisie\/2023\/04\/03\/tunisie-saied-recoit-bouden-a-carthage-et-met-fin-aux-rumeurs-le-concernant\/\"},\"wordCount\":220,\"commentCount\":1,\"publisher\":{\"@id\":\"https:\/\/kapitalis.com\/tunisie\/#organization\"},\"image\":{\"@id\":\"https:\/\/kapitalis.com\/tunisie\/2023\/04\/03\/tunisie-saied-recoit-bouden-a-carthage-et-met-fin-aux-rumeurs-le-concernant\/#primaryimage\"},\"thumbnailUrl\":\"https:\/\/kapitalis.com\/tunisie\/wp-content\/uploads\/2023\/04\/saied-Bouden.jpg\",\"keywords\":[\"Bouden\",\"pr\u00e9sidence de la r\u00e9publique\",\"Sa\u00efed\",\"Tunisie\"],\"articleSection\":[\"POLITIQUE\",\"Tunisie\"],\"inLanguage\":\"fr-FR\",\"potentialAction\":[{\"@type\":\"CommentAction\",\"name\":\"Comment\",\"target\":[\"https:\/\/kapitalis.com\/tunisie\/2023\/04\/03\/tunisie-saied-recoit-bouden-a-carthage-et-met-fin-aux-rumeurs-le-concernant\/#respond\"]}]},{\"@type\":\"WebPage\",\"@id\":\"https:\/\/kapitalis.com\/tunisie\/2023\/04\/03\/tunisie-saied-recoit-bouden-a-carthage-et-met-fin-aux-rumeurs-le-concernant\/\",\"url\":\"https:\/\/kapitalis.com\/tunisie\/2023\/04\/03\/tunisie-saied-recoit-bouden-a-carthage-et-met-fin-aux-rumeurs-le-concernant\/\",\"name\":\"Tunisie : Sa\u00efed re\u00e7oit Bouden \u00e0 Carthage et met fin aux rumeurs le concernant - Kapitalis\",\"isPartOf\":{\"@id\":\"https:\/\/kapitalis.com\/tunisie\/#website\"},\"primaryImageOfPage\":{\"@id\":\"https:\/\/kapitalis.com\/tunisie\/2023\/04\/03\/tunisie-saied-recoit-bouden-a-carthage-et-met-fin-aux-rumeurs-le-concernant\/#primaryimage\"},\"image\":{\"@id\":\"https:\/\/kapitalis.com\/tunisie\/2023\/04\/03\/tunisie-saied-recoit-bouden-a-carthage-et-met-fin-aux-rumeurs-le-concernant\/#primaryimage\"},\"thumbnailUrl\":\"https:\/\/kapitalis.com\/tunisie\/wp-content\/uploads\/2023\/04\/saied-Bouden.jpg\",\"datePublished\":\"2023-04-03T17:35:43+00:00\",\"dateModified\":\"2023-04-03T18:08:52+00:00\",\"description\":\"Le pr\u00e9sident de la R\u00e9publique Ka\u00efs Sa\u00efed a re\u00e7u, ce lundi 3 avril 2023, la cheffe du gouvernement Najla Bouden \u00e0 Carthage, mettant ainsi fin aux rumeurs relatives \u00e0 son \u00e9tat de sant\u00e9 suite \u00e0 son absence depuis quelques jours, certaines ayant m\u00eame \u00e9t\u00e9 jusqu'\u00e0 parler de vacance du pouvoir\u2026\",\"breadcrumb\":{\"@id\":\"https:\/\/kapitalis.com\/tunisie\/2023\/04\/03\/tunisie-saied-recoit-bouden-a-carthage-et-met-fin-aux-rumeurs-le-concernant\/#breadcrumb\"},\"inLanguage\":\"fr-FR\",\"potentialAction\":[{\"@type\":\"ReadAction\",\"target\":[\"https:\/\/kapitalis.com\/tunisie\/2023\/04\/03\/tunisie-saied-recoit-bouden-a-carthage-et-met-fin-aux-rumeurs-le-concernant\/\"]}]},{\"@type\":\"ImageObject\",\"inLanguage\":\"fr-FR\",\"@id\":\"https:\/\/kapitalis.com\/tunisie\/2023\/04\/03\/tunisie-saied-recoit-bouden-a-carthage-et-met-fin-aux-rumeurs-le-concernant\/#primaryimage\",\"url\":\"https:\/\/kapitalis.com\/tunisie\/wp-content\/uploads\/2023\/04\/saied-Bouden.jpg\",\"contentUrl\":\"https:\/\/kapitalis.com\/tunisie\/wp-content\/uploads\/2023\/04\/saied-Bouden.jpg\",\"width\":1200,\"height\":630},{\"@type\":\"BreadcrumbList\",\"@id\":\"https:\/\/kapitalis.com\/tunisie\/2023\/04\/03\/tunisie-saied-recoit-bouden-a-carthage-et-met-fin-aux-rumeurs-le-concernant\/#breadcrumb\",\"itemListElement\":[{\"@type\":\"ListItem\",\"position\":1,\"name\":\"Accueil\",\"item\":\"https:\/\/kapitalis.com\/tunisie\/\"},{\"@type\":\"ListItem\",\"position\":2,\"name\":\"Tunisie : Sa\u00efed re\u00e7oit Bouden \u00e0 Carthage et met fin aux rumeurs le concernant\"}]},{\"@type\":\"WebSite\",\"@id\":\"https:\/\/kapitalis.com\/tunisie\/#website\",\"url\":\"https:\/\/kapitalis.com\/tunisie\/\",\"name\":\"Kapitalis\",\"description\":\"L&#039;actualit\u00e9 en Tunisie et dans le monde\",\"publisher\":{\"@id\":\"https:\/\/kapitalis.com\/tunisie\/#organization\"},\"potentialAction\":[{\"@type\":\"SearchAction\",\"target\":{\"@type\":\"EntryPoint\",\"urlTemplate\":\"https:\/\/kapitalis.com\/tunisie\/?s={search_term_string}\"},\"query-input\":{\"@type\":\"PropertyValueSpecification\",\"valueRequired\":true,\"valueName\":\"search_term_string\"}}],\"inLanguage\":\"fr-FR\"},{\"@type\":\"Organization\",\"@id\":\"https:\/\/kapitalis.com\/tunisie\/#organization\",\"name\":\"Kapitalis\",\"url\":\"https:\/\/kapitalis.com\/tunisie\/\",\"logo\":{\"@type\":\"ImageObject\",\"inLanguage\":\"fr-FR\",\"@id\":\"https:\/\/kapitalis.com\/tunisie\/#\/schema\/logo\/image\/\",\"url\":\"https:\/\/kapitalis.com\/tunisie\/wp-content\/uploads\/2022\/05\/Kapitalis-big-size.png\",\"contentUrl\":\"https:\/\/kapitalis.com\/tunisie\/wp-content\/uploads\/2022\/05\/Kapitalis-big-size.png\",\"width\":5000,\"height\":1500,\"caption\":\"Kapitalis\"},\"image\":{\"@id\":\"https:\/\/kapitalis.com\/tunisie\/#\/schema\/logo\/image\/\"},\"sameAs\":[\"https:\/\/www.facebook.com\/KapitalisInfo\/\",\"https:\/\/x.com\/KapitalisInfo\",\"https:\/\/www.youtube.com\/channel\/UC-yDYrHyfFBWWZaOw3FPg9Q\"]},{\"@type\":\"Person\",\"@id\":\"https:\/\/kapitalis.com\/tunisie\/#\/schema\/person\/74bbde0154d49d790a92aaeac5bc01d5\",\"name\":\"Yusra NY\",\"url\":\"https:\/\/kapitalis.com\/tunisie\/author\/yuza_adam\/\"}]}<\/script>\n<!-- \/ Yoast SEO plugin. -->","yoast_head_json":{"title":"Tunisie : Sa\u00efed re\u00e7oit Bouden \u00e0 Carthage et met fin aux rumeurs le concernant - Kapitalis","description":"Le pr\u00e9sident de la R\u00e9publique Ka\u00efs Sa\u00efed a re\u00e7u, ce lundi 3 avril 2023, la cheffe du gouvernement Najla Bouden \u00e0 Carthage, mettant ainsi fin aux rumeurs relatives \u00e0 son \u00e9tat de sant\u00e9 suite \u00e0 son absence depuis quelques jours, certaines ayant m\u00eame \u00e9t\u00e9 jusqu'\u00e0 parler de vacance du pouvoir\u2026","robots":{"index":"index","follow":"follow","max-snippet":"max-snippet:-1","max-image-preview":"max-image-preview:large","max-video-preview":"max-video-preview:-1"},"canonical":"https:\/\/kapitalis.com\/tunisie\/2023\/04\/03\/tunisie-saied-recoit-bouden-a-carthage-et-met-fin-aux-rumeurs-le-concernant\/","og_locale":"fr_FR","og_type":"article","og_title":"Tunisie : Sa\u00efed re\u00e7oit Bouden \u00e0 Carthage et met fin aux rumeurs le concernant - Kapitalis","og_description":"Le pr\u00e9sident de la R\u00e9publique Ka\u00efs Sa\u00efed a re\u00e7u, ce lundi 3 avril 2023, la cheffe du gouvernement Najla Bouden \u00e0 Carthage, mettant ainsi fin aux rumeurs relatives \u00e0 son \u00e9tat de sant\u00e9 suite \u00e0 son absence depuis quelques jours, certaines ayant m\u00eame \u00e9t\u00e9 jusqu'\u00e0 parler de vacance du pouvoir\u2026","og_url":"https:\/\/kapitalis.com\/tunisie\/2023\/04\/03\/tunisie-saied-recoit-bouden-a-carthage-et-met-fin-aux-rumeurs-le-concernant\/","og_site_name":"Kapitalis","article_publisher":"https:\/\/www.facebook.com\/KapitalisInfo\/","article_published_time":"2023-04-03T17:35:43+00:00","article_modified_time":"2023-04-03T18:08:52+00:00","og_image":[{"width":1200,"height":630,"url":"https:\/\/kapitalis.com\/tunisie\/wp-content\/uploads\/2023\/04\/saied-Bouden.jpg","type":"image\/jpeg"}],"author":"Yusra NY","twitter_card":"summary_large_image","twitter_creator":"@KapitalisInfo","twitter_site":"@KapitalisInfo","twitter_misc":{"\u00c9crit par":"Yusra NY","Dur\u00e9e de lecture estim\u00e9e":"1 minute"},"schema":{"@context":"https:\/\/schema.org","@graph":[{"@type":"Article","@id":"https:\/\/kapitalis.com\/tunisie\/2023\/04\/03\/tunisie-saied-recoit-bouden-a-carthage-et-met-fin-aux-rumeurs-le-concernant\/#article","isPartOf":{"@id":"https:\/\/kapitalis.com\/tunisie\/2023\/04\/03\/tunisie-saied-recoit-bouden-a-carthage-et-met-fin-aux-rumeurs-le-concernant\/"},"author":{"name":"Yusra NY","@id":"https:\/\/kapitalis.com\/tunisie\/#\/schema\/person\/74bbde0154d49d790a92aaeac5bc01d5"},"headline":"Tunisie : Sa\u00efed re\u00e7oit Bouden \u00e0 Carthage et met fin aux rumeurs le concernant","datePublished":"2023-04-03T17:35:43+00:00","dateModified":"2023-04-03T18:08:52+00:00","mainEntityOfPage":{"@id":"https:\/\/kapitalis.com\/tunisie\/2023\/04\/03\/tunisie-saied-recoit-bouden-a-carthage-et-met-fin-aux-rumeurs-le-concernant\/"},"wordCount":220,"commentCount":1,"publisher":{"@id":"https:\/\/kapitalis.com\/tunisie\/#organization"},"image":{"@id":"https:\/\/kapitalis.com\/tunisie\/2023\/04\/03\/tunisie-saied-recoit-bouden-a-carthage-et-met-fin-aux-rumeurs-le-concernant\/#primaryimage"},"thumbnailUrl":"https:\/\/kapitalis.com\/tunisie\/wp-content\/uploads\/2023\/04\/saied-Bouden.jpg","keywords":["Bouden","pr\u00e9sidence de la r\u00e9publique","Sa\u00efed","Tunisie"],"articleSection":["POLITIQUE","Tunisie"],"inLanguage":"fr-FR","potentialAction":[{"@type":"CommentAction","name":"Comment","target":["https:\/\/kapitalis.com\/tunisie\/2023\/04\/03\/tunisie-saied-recoit-bouden-a-carthage-et-met-fin-aux-rumeurs-le-concernant\/#respond"]}]},{"@type":"WebPage","@id":"https:\/\/kapitalis.com\/tunisie\/2023\/04\/03\/tunisie-saied-recoit-bouden-a-carthage-et-met-fin-aux-rumeurs-le-concernant\/","url":"https:\/\/kapitalis.com\/tunisie\/2023\/04\/03\/tunisie-saied-recoit-bouden-a-carthage-et-met-fin-aux-rumeurs-le-concernant\/","name":"Tunisie : Sa\u00efed re\u00e7oit Bouden \u00e0 Carthage et met fin aux rumeurs le concernant - Kapitalis","isPartOf":{"@id":"https:\/\/kapitalis.com\/tunisie\/#website"},"primaryImageOfPage":{"@id":"https:\/\/kapitalis.com\/tunisie\/2023\/04\/03\/tunisie-saied-recoit-bouden-a-carthage-et-met-fin-aux-rumeurs-le-concernant\/#primaryimage"},"image":{"@id":"https:\/\/kapitalis.com\/tunisie\/2023\/04\/03\/tunisie-saied-recoit-bouden-a-carthage-et-met-fin-aux-rumeurs-le-concernant\/#primaryimage"},"thumbnailUrl":"https:\/\/kapitalis.com\/tunisie\/wp-content\/uploads\/2023\/04\/saied-Bouden.jpg","datePublished":"2023-04-03T17:35:43+00:00","dateModified":"2023-04-03T18:08:52+00:00","description":"Le pr\u00e9sident de la R\u00e9publique Ka\u00efs Sa\u00efed a re\u00e7u, ce lundi 3 avril 2023, la cheffe du gouvernement Najla Bouden \u00e0 Carthage, mettant ainsi fin aux rumeurs relatives \u00e0 son \u00e9tat de sant\u00e9 suite \u00e0 son absence depuis quelques jours, certaines ayant m\u00eame \u00e9t\u00e9 jusqu'\u00e0 parler de vacance du pouvoir\u2026","breadcrumb":{"@id":"https:\/\/kapitalis.com\/tunisie\/2023\/04\/03\/tunisie-saied-recoit-bouden-a-carthage-et-met-fin-aux-rumeurs-le-concernant\/#breadcrumb"},"inLanguage":"fr-FR","potentialAction":[{"@type":"ReadAction","target":["https:\/\/kapitalis.com\/tunisie\/2023\/04\/03\/tunisie-saied-recoit-bouden-a-carthage-et-met-fin-aux-rumeurs-le-concernant\/"]}]},{"@type":"ImageObject","inLanguage":"fr-FR","@id":"https:\/\/kapitalis.com\/tunisie\/2023\/04\/03\/tunisie-saied-recoit-bouden-a-carthage-et-met-fin-aux-rumeurs-le-concernant\/#primaryimage","url":"https:\/\/kapitalis.com\/tunisie\/wp-content\/uploads\/2023\/04\/saied-Bouden.jpg","contentUrl":"https:\/\/kapitalis.com\/tunisie\/wp-content\/uploads\/2023\/04\/saied-Bouden.jpg","width":1200,"height":630},{"@type":"BreadcrumbList","@id":"https:\/\/kapitalis.com\/tunisie\/2023\/04\/03\/tunisie-saied-recoit-bouden-a-carthage-et-met-fin-aux-rumeurs-le-concernant\/#breadcrumb","itemListElement":[{"@type":"ListItem","position":1,"name":"Accueil","item":"https:\/\/kapitalis.com\/tunisie\/"},{"@type":"ListItem","position":2,"name":"Tunisie : Sa\u00efed re\u00e7oit Bouden \u00e0 Carthage et met fin aux rumeurs le concernant"}]},{"@type":"WebSite","@id":"https:\/\/kapitalis.com\/tunisie\/#website","url":"https:\/\/kapitalis.com\/tunisie\/","name":"Kapitalis","description":"L&#039;actualit\u00e9 en Tunisie et dans le monde","publisher":{"@id":"https:\/\/kapitalis.com\/tunisie\/#organization"},"potentialAction":[{"@type":"SearchAction","target":{"@type":"EntryPoint","urlTemplate":"https:\/\/kapitalis.com\/tunisie\/?s={search_term_string}"},"query-input":{"@type":"PropertyValueSpecification","valueRequired":true,"valueName":"search_term_string"}}],"inLanguage":"fr-FR"},{"@type":"Organization","@id":"https:\/\/kapitalis.com\/tunisie\/#organization","name":"Kapitalis","url":"https:\/\/kapitalis.com\/tunisie\/","logo":{"@type":"ImageObject","inLanguage":"fr-FR","@id":"https:\/\/kapitalis.com\/tunisie\/#\/schema\/logo\/image\/","url":"https:\/\/kapitalis.com\/tunisie\/wp-content\/uploads\/2022\/05\/Kapitalis-big-size.png","contentUrl":"https:\/\/kapitalis.com\/tunisie\/wp-content\/uploads\/2022\/05\/Kapitalis-big-size.png","width":5000,"height":1500,"caption":"Kapitalis"},"image":{"@id":"https:\/\/kapitalis.com\/tunisie\/#\/schema\/logo\/image\/"},"sameAs":["https:\/\/www.facebook.com\/KapitalisInfo\/","https:\/\/x.com\/KapitalisInfo","https:\/\/www.youtube.com\/channel\/UC-yDYrHyfFBWWZaOw3FPg9Q"]},{"@type":"Person","@id":"https:\/\/kapitalis.com\/tunisie\/#\/schema\/person\/74bbde0154d49d790a92aaeac5bc01d5","name":"Yusra NY","url":"https:\/\/kapitalis.com\/tunisie\/author\/yuza_adam\/"}]}},"_links":{"self":[{"href":"https:\/\/kapitalis.com\/tunisie\/wp-json\/wp\/v2\/posts\/7257086","targetHints":{"allow":["GET"]}}],"collection":[{"href":"https:\/\/kapitalis.com\/tunisie\/wp-json\/wp\/v2\/posts"}],"about":[{"href":"https:\/\/kapitalis.com\/tunisie\/wp-json\/wp\/v2\/types\/post"}],"author":[{"embeddable":true,"href":"https:\/\/kapitalis.com\/tunisie\/wp-json\/wp\/v2\/users\/6"}],"replies":[{"embeddable":true,"href":"https:\/\/kapitalis.com\/tunisie\/wp-json\/wp\/v2\/comments?post=7257086"}],"version-history":[{"count":2,"href":"https:\/\/kapitalis.com\/tunisie\/wp-json\/wp\/v2\/posts\/7257086\/revisions"}],"predecessor-version":[{"id":7257146,"href":"https:\/\/kapitalis.com\/tunisie\/wp-json\/wp\/v2\/posts\/7257086\/revisions\/7257146"}],"wp:featuredmedia":[{"embeddable":true,"href":"https:\/\/kapitalis.com\/tunisie\/wp-json\/wp\/v2\/media\/7257094"}],"wp:attachment":[{"href":"https:\/\/kapitalis.com\/tunisie\/wp-json\/wp\/v2\/media?parent=7257086"}],"wp:term":[{"taxonomy":"category","embeddable":true,"href":"https:\/\/kapitalis.com\/tunisie\/wp-json\/wp\/v2\/categories?post=7257086"},{"taxonomy":"post_tag","embeddable":true,"href":"https:\/\/kapitalis.com\/tunisie\/wp-json\/wp\/v2\/tags?post=7257086"}],"curies":[{"name":"wp","href":"https:\/\/api.w.org\/{rel}","templated":true}]}}