{"id":7257884,"date":"2023-04-03T19:51:40","date_gmt":"2023-04-03T18:51:40","guid":{"rendered":"https:\/\/kapitalis.com\/tunisie\/?p=7257884"},"modified":"2023-04-03T20:05:33","modified_gmt":"2023-04-03T19:05:33","slug":"tunisie-le-projet-du-reglement-interieur-remis-au-president-de-lassemblee","status":"publish","type":"post","link":"https:\/\/kapitalis.com\/tunisie\/2023\/04\/03\/tunisie-le-projet-du-reglement-interieur-remis-au-president-de-lassemblee\/","title":{"rendered":"Tunisie : Le projet du r\u00e8glement int\u00e9rieur remis au pr\u00e9sident de l&rsquo;Assembl\u00e9e"},"content":{"rendered":"\n<p><em><strong>Le pr\u00e9sident de l&rsquo;Assembl\u00e9e des repr\u00e9sentants du peuple (ARP) Brahim Bouderbala, a re\u00e7u ce lundi 3 avril 2023, la version finale du projet du r\u00e8glement int\u00e9rieur du parlement.<\/strong><\/em><\/p>\n\n\n\n<!--more-->\n\n\n\n<p>C&rsquo;est ce qu&rsquo;indique l&rsquo;ARP, dans un communiqu\u00e9, en pr\u00e9cisant que Brahim Bouderbala a affirm\u00e9 que le projet de r\u00e8glement int\u00e9rieur du Parlement sera examin\u00e9 en pl\u00e9ni\u00e8re, \u00e0 partir du mardi 13 avril courant.<\/p>\n\n\n\n<p>Les d\u00e9put\u00e9s recevront une copie de ce projet pour pouvoir soumettre, dans un d\u00e9lai de trois jours, les propositions d\u2019amendement, ajoute la m\u00eame source, en indiquant que les membres de la Commission du r\u00e8glement int\u00e9rieur de l\u2019ARP ont soulign\u00e9 que les efforts des d\u00e9put\u00e9s ont abouti \u00e0 l\u2019\u00e9laboration d\u2019un texte faisant l\u2019objet d\u2019un consensus r\u00e9gissant l&rsquo;action du Parlement, conform\u00e9ment aux dispositions de la Constitution.<\/p>\n\n\n\n<p class=\"has-text-align-right\"><strong>Y. N.<\/strong><\/p>\n","protected":false},"excerpt":{"rendered":"<p>Tunisie : Le projet du r\u00e8glement int\u00e9rieur remis au pr\u00e9sident de l&rsquo;Assembl\u00e9e<\/p>\n","protected":false},"author":6,"featured_media":7257952,"comment_status":"open","ping_status":"open","sticky":false,"template":"","format":"standard","meta":{"footnotes":""},"categories":[997,2433],"tags":[84,93,96581,5848,11001,62643],"class_list":["post-7257884","post","type-post","status-publish","format-standard","has-post-thumbnail","hentry","category-politique","category-tunisie","tag-arp","tag-assemblee","tag-bouderbala","tag-parlement","tag-reglement-interieur","tag-tunisie"],"yoast_head":"<!-- This site is optimized with the Yoast SEO plugin v26.6 - https:\/\/yoast.com\/wordpress\/plugins\/seo\/ -->\n<title>Tunisie : Le projet du r\u00e8glement int\u00e9rieur remis au pr\u00e9sident de l&#039;Assembl\u00e9e - Kapitalis<\/title>\n<meta name=\"description\" content=\"Le pr\u00e9sident de l&#039;Assembl\u00e9e des repr\u00e9sentants du peuple (ARP) Brahim Bouderbala, a re\u00e7u ce lundi 3 avril 2023, la version finale du projet du r\u00e8glement int\u00e9rieur du parlement.\" \/>\n<meta name=\"robots\" content=\"index, follow, max-snippet:-1, max-image-preview:large, max-video-preview:-1\" \/>\n<link rel=\"canonical\" href=\"https:\/\/kapitalis.com\/tunisie\/2023\/04\/03\/tunisie-le-projet-du-reglement-interieur-remis-au-president-de-lassemblee\/\" \/>\n<meta property=\"og:locale\" content=\"fr_FR\" \/>\n<meta property=\"og:type\" content=\"article\" \/>\n<meta property=\"og:title\" content=\"Tunisie : Le projet du r\u00e8glement int\u00e9rieur remis au pr\u00e9sident de l&#039;Assembl\u00e9e - Kapitalis\" \/>\n<meta property=\"og:description\" content=\"Le pr\u00e9sident de l&#039;Assembl\u00e9e des repr\u00e9sentants du peuple (ARP) Brahim Bouderbala, a re\u00e7u ce lundi 3 avril 2023, la version finale du projet du r\u00e8glement int\u00e9rieur du parlement.\" \/>\n<meta property=\"og:url\" content=\"https:\/\/kapitalis.com\/tunisie\/2023\/04\/03\/tunisie-le-projet-du-reglement-interieur-remis-au-president-de-lassemblee\/\" \/>\n<meta property=\"og:site_name\" content=\"Kapitalis\" \/>\n<meta property=\"article:publisher\" content=\"https:\/\/www.facebook.com\/KapitalisInfo\/\" \/>\n<meta property=\"article:published_time\" content=\"2023-04-03T18:51:40+00:00\" \/>\n<meta property=\"article:modified_time\" content=\"2023-04-03T19:05:33+00:00\" \/>\n<meta property=\"og:image\" content=\"https:\/\/kapitalis.com\/tunisie\/wp-content\/uploads\/2023\/04\/ARP-reglement-interieur-r.jpg\" \/>\n\t<meta property=\"og:image:width\" content=\"1200\" \/>\n\t<meta property=\"og:image:height\" content=\"630\" \/>\n\t<meta property=\"og:image:type\" content=\"image\/jpeg\" \/>\n<meta name=\"author\" content=\"Yusra NY\" \/>\n<meta name=\"twitter:card\" content=\"summary_large_image\" \/>\n<meta name=\"twitter:creator\" content=\"@KapitalisInfo\" \/>\n<meta name=\"twitter:site\" content=\"@KapitalisInfo\" \/>\n<meta name=\"twitter:label1\" content=\"\u00c9crit par\" \/>\n\t<meta name=\"twitter:data1\" content=\"Yusra NY\" \/>\n\t<meta name=\"twitter:label2\" content=\"Dur\u00e9e de lecture estim\u00e9e\" \/>\n\t<meta name=\"twitter:data2\" content=\"1 minute\" \/>\n<script type=\"application\/ld+json\" class=\"yoast-schema-graph\">{\"@context\":\"https:\/\/schema.org\",\"@graph\":[{\"@type\":\"Article\",\"@id\":\"https:\/\/kapitalis.com\/tunisie\/2023\/04\/03\/tunisie-le-projet-du-reglement-interieur-remis-au-president-de-lassemblee\/#article\",\"isPartOf\":{\"@id\":\"https:\/\/kapitalis.com\/tunisie\/2023\/04\/03\/tunisie-le-projet-du-reglement-interieur-remis-au-president-de-lassemblee\/\"},\"author\":{\"name\":\"Yusra NY\",\"@id\":\"https:\/\/kapitalis.com\/tunisie\/#\/schema\/person\/74bbde0154d49d790a92aaeac5bc01d5\"},\"headline\":\"Tunisie : Le projet du r\u00e8glement int\u00e9rieur remis au pr\u00e9sident de l&rsquo;Assembl\u00e9e\",\"datePublished\":\"2023-04-03T18:51:40+00:00\",\"dateModified\":\"2023-04-03T19:05:33+00:00\",\"mainEntityOfPage\":{\"@id\":\"https:\/\/kapitalis.com\/tunisie\/2023\/04\/03\/tunisie-le-projet-du-reglement-interieur-remis-au-president-de-lassemblee\/\"},\"wordCount\":164,\"commentCount\":1,\"publisher\":{\"@id\":\"https:\/\/kapitalis.com\/tunisie\/#organization\"},\"image\":{\"@id\":\"https:\/\/kapitalis.com\/tunisie\/2023\/04\/03\/tunisie-le-projet-du-reglement-interieur-remis-au-president-de-lassemblee\/#primaryimage\"},\"thumbnailUrl\":\"https:\/\/kapitalis.com\/tunisie\/wp-content\/uploads\/2023\/04\/ARP-reglement-interieur-r.jpg\",\"keywords\":[\"ARP\",\"Assembl\u00e9e\",\"Bouderbala\",\"parlement\",\"r\u00e8glement int\u00e9rieur\",\"Tunisie\"],\"articleSection\":[\"POLITIQUE\",\"Tunisie\"],\"inLanguage\":\"fr-FR\",\"potentialAction\":[{\"@type\":\"CommentAction\",\"name\":\"Comment\",\"target\":[\"https:\/\/kapitalis.com\/tunisie\/2023\/04\/03\/tunisie-le-projet-du-reglement-interieur-remis-au-president-de-lassemblee\/#respond\"]}]},{\"@type\":\"WebPage\",\"@id\":\"https:\/\/kapitalis.com\/tunisie\/2023\/04\/03\/tunisie-le-projet-du-reglement-interieur-remis-au-president-de-lassemblee\/\",\"url\":\"https:\/\/kapitalis.com\/tunisie\/2023\/04\/03\/tunisie-le-projet-du-reglement-interieur-remis-au-president-de-lassemblee\/\",\"name\":\"Tunisie : Le projet du r\u00e8glement int\u00e9rieur remis au pr\u00e9sident de l'Assembl\u00e9e - Kapitalis\",\"isPartOf\":{\"@id\":\"https:\/\/kapitalis.com\/tunisie\/#website\"},\"primaryImageOfPage\":{\"@id\":\"https:\/\/kapitalis.com\/tunisie\/2023\/04\/03\/tunisie-le-projet-du-reglement-interieur-remis-au-president-de-lassemblee\/#primaryimage\"},\"image\":{\"@id\":\"https:\/\/kapitalis.com\/tunisie\/2023\/04\/03\/tunisie-le-projet-du-reglement-interieur-remis-au-president-de-lassemblee\/#primaryimage\"},\"thumbnailUrl\":\"https:\/\/kapitalis.com\/tunisie\/wp-content\/uploads\/2023\/04\/ARP-reglement-interieur-r.jpg\",\"datePublished\":\"2023-04-03T18:51:40+00:00\",\"dateModified\":\"2023-04-03T19:05:33+00:00\",\"description\":\"Le pr\u00e9sident de l'Assembl\u00e9e des repr\u00e9sentants du peuple (ARP) Brahim Bouderbala, a re\u00e7u ce lundi 3 avril 2023, la version finale du projet du r\u00e8glement int\u00e9rieur du parlement.\",\"breadcrumb\":{\"@id\":\"https:\/\/kapitalis.com\/tunisie\/2023\/04\/03\/tunisie-le-projet-du-reglement-interieur-remis-au-president-de-lassemblee\/#breadcrumb\"},\"inLanguage\":\"fr-FR\",\"potentialAction\":[{\"@type\":\"ReadAction\",\"target\":[\"https:\/\/kapitalis.com\/tunisie\/2023\/04\/03\/tunisie-le-projet-du-reglement-interieur-remis-au-president-de-lassemblee\/\"]}]},{\"@type\":\"ImageObject\",\"inLanguage\":\"fr-FR\",\"@id\":\"https:\/\/kapitalis.com\/tunisie\/2023\/04\/03\/tunisie-le-projet-du-reglement-interieur-remis-au-president-de-lassemblee\/#primaryimage\",\"url\":\"https:\/\/kapitalis.com\/tunisie\/wp-content\/uploads\/2023\/04\/ARP-reglement-interieur-r.jpg\",\"contentUrl\":\"https:\/\/kapitalis.com\/tunisie\/wp-content\/uploads\/2023\/04\/ARP-reglement-interieur-r.jpg\",\"width\":1200,\"height\":630},{\"@type\":\"BreadcrumbList\",\"@id\":\"https:\/\/kapitalis.com\/tunisie\/2023\/04\/03\/tunisie-le-projet-du-reglement-interieur-remis-au-president-de-lassemblee\/#breadcrumb\",\"itemListElement\":[{\"@type\":\"ListItem\",\"position\":1,\"name\":\"Accueil\",\"item\":\"https:\/\/kapitalis.com\/tunisie\/\"},{\"@type\":\"ListItem\",\"position\":2,\"name\":\"Tunisie : Le projet du r\u00e8glement int\u00e9rieur remis au pr\u00e9sident de l&rsquo;Assembl\u00e9e\"}]},{\"@type\":\"WebSite\",\"@id\":\"https:\/\/kapitalis.com\/tunisie\/#website\",\"url\":\"https:\/\/kapitalis.com\/tunisie\/\",\"name\":\"Kapitalis\",\"description\":\"L&#039;actualit\u00e9 en Tunisie et dans le monde\",\"publisher\":{\"@id\":\"https:\/\/kapitalis.com\/tunisie\/#organization\"},\"potentialAction\":[{\"@type\":\"SearchAction\",\"target\":{\"@type\":\"EntryPoint\",\"urlTemplate\":\"https:\/\/kapitalis.com\/tunisie\/?s={search_term_string}\"},\"query-input\":{\"@type\":\"PropertyValueSpecification\",\"valueRequired\":true,\"valueName\":\"search_term_string\"}}],\"inLanguage\":\"fr-FR\"},{\"@type\":\"Organization\",\"@id\":\"https:\/\/kapitalis.com\/tunisie\/#organization\",\"name\":\"Kapitalis\",\"url\":\"https:\/\/kapitalis.com\/tunisie\/\",\"logo\":{\"@type\":\"ImageObject\",\"inLanguage\":\"fr-FR\",\"@id\":\"https:\/\/kapitalis.com\/tunisie\/#\/schema\/logo\/image\/\",\"url\":\"https:\/\/kapitalis.com\/tunisie\/wp-content\/uploads\/2022\/05\/Kapitalis-big-size.png\",\"contentUrl\":\"https:\/\/kapitalis.com\/tunisie\/wp-content\/uploads\/2022\/05\/Kapitalis-big-size.png\",\"width\":5000,\"height\":1500,\"caption\":\"Kapitalis\"},\"image\":{\"@id\":\"https:\/\/kapitalis.com\/tunisie\/#\/schema\/logo\/image\/\"},\"sameAs\":[\"https:\/\/www.facebook.com\/KapitalisInfo\/\",\"https:\/\/x.com\/KapitalisInfo\",\"https:\/\/www.youtube.com\/channel\/UC-yDYrHyfFBWWZaOw3FPg9Q\"]},{\"@type\":\"Person\",\"@id\":\"https:\/\/kapitalis.com\/tunisie\/#\/schema\/person\/74bbde0154d49d790a92aaeac5bc01d5\",\"name\":\"Yusra NY\",\"url\":\"https:\/\/kapitalis.com\/tunisie\/author\/yuza_adam\/\"}]}<\/script>\n<!-- \/ Yoast SEO plugin. -->","yoast_head_json":{"title":"Tunisie : Le projet du r\u00e8glement int\u00e9rieur remis au pr\u00e9sident de l'Assembl\u00e9e - Kapitalis","description":"Le pr\u00e9sident de l'Assembl\u00e9e des repr\u00e9sentants du peuple (ARP) Brahim Bouderbala, a re\u00e7u ce lundi 3 avril 2023, la version finale du projet du r\u00e8glement int\u00e9rieur du parlement.","robots":{"index":"index","follow":"follow","max-snippet":"max-snippet:-1","max-image-preview":"max-image-preview:large","max-video-preview":"max-video-preview:-1"},"canonical":"https:\/\/kapitalis.com\/tunisie\/2023\/04\/03\/tunisie-le-projet-du-reglement-interieur-remis-au-president-de-lassemblee\/","og_locale":"fr_FR","og_type":"article","og_title":"Tunisie : Le projet du r\u00e8glement int\u00e9rieur remis au pr\u00e9sident de l'Assembl\u00e9e - Kapitalis","og_description":"Le pr\u00e9sident de l'Assembl\u00e9e des repr\u00e9sentants du peuple (ARP) Brahim Bouderbala, a re\u00e7u ce lundi 3 avril 2023, la version finale du projet du r\u00e8glement int\u00e9rieur du parlement.","og_url":"https:\/\/kapitalis.com\/tunisie\/2023\/04\/03\/tunisie-le-projet-du-reglement-interieur-remis-au-president-de-lassemblee\/","og_site_name":"Kapitalis","article_publisher":"https:\/\/www.facebook.com\/KapitalisInfo\/","article_published_time":"2023-04-03T18:51:40+00:00","article_modified_time":"2023-04-03T19:05:33+00:00","og_image":[{"width":1200,"height":630,"url":"https:\/\/kapitalis.com\/tunisie\/wp-content\/uploads\/2023\/04\/ARP-reglement-interieur-r.jpg","type":"image\/jpeg"}],"author":"Yusra NY","twitter_card":"summary_large_image","twitter_creator":"@KapitalisInfo","twitter_site":"@KapitalisInfo","twitter_misc":{"\u00c9crit par":"Yusra NY","Dur\u00e9e de lecture estim\u00e9e":"1 minute"},"schema":{"@context":"https:\/\/schema.org","@graph":[{"@type":"Article","@id":"https:\/\/kapitalis.com\/tunisie\/2023\/04\/03\/tunisie-le-projet-du-reglement-interieur-remis-au-president-de-lassemblee\/#article","isPartOf":{"@id":"https:\/\/kapitalis.com\/tunisie\/2023\/04\/03\/tunisie-le-projet-du-reglement-interieur-remis-au-president-de-lassemblee\/"},"author":{"name":"Yusra NY","@id":"https:\/\/kapitalis.com\/tunisie\/#\/schema\/person\/74bbde0154d49d790a92aaeac5bc01d5"},"headline":"Tunisie : Le projet du r\u00e8glement int\u00e9rieur remis au pr\u00e9sident de l&rsquo;Assembl\u00e9e","datePublished":"2023-04-03T18:51:40+00:00","dateModified":"2023-04-03T19:05:33+00:00","mainEntityOfPage":{"@id":"https:\/\/kapitalis.com\/tunisie\/2023\/04\/03\/tunisie-le-projet-du-reglement-interieur-remis-au-president-de-lassemblee\/"},"wordCount":164,"commentCount":1,"publisher":{"@id":"https:\/\/kapitalis.com\/tunisie\/#organization"},"image":{"@id":"https:\/\/kapitalis.com\/tunisie\/2023\/04\/03\/tunisie-le-projet-du-reglement-interieur-remis-au-president-de-lassemblee\/#primaryimage"},"thumbnailUrl":"https:\/\/kapitalis.com\/tunisie\/wp-content\/uploads\/2023\/04\/ARP-reglement-interieur-r.jpg","keywords":["ARP","Assembl\u00e9e","Bouderbala","parlement","r\u00e8glement int\u00e9rieur","Tunisie"],"articleSection":["POLITIQUE","Tunisie"],"inLanguage":"fr-FR","potentialAction":[{"@type":"CommentAction","name":"Comment","target":["https:\/\/kapitalis.com\/tunisie\/2023\/04\/03\/tunisie-le-projet-du-reglement-interieur-remis-au-president-de-lassemblee\/#respond"]}]},{"@type":"WebPage","@id":"https:\/\/kapitalis.com\/tunisie\/2023\/04\/03\/tunisie-le-projet-du-reglement-interieur-remis-au-president-de-lassemblee\/","url":"https:\/\/kapitalis.com\/tunisie\/2023\/04\/03\/tunisie-le-projet-du-reglement-interieur-remis-au-president-de-lassemblee\/","name":"Tunisie : Le projet du r\u00e8glement int\u00e9rieur remis au pr\u00e9sident de l'Assembl\u00e9e - Kapitalis","isPartOf":{"@id":"https:\/\/kapitalis.com\/tunisie\/#website"},"primaryImageOfPage":{"@id":"https:\/\/kapitalis.com\/tunisie\/2023\/04\/03\/tunisie-le-projet-du-reglement-interieur-remis-au-president-de-lassemblee\/#primaryimage"},"image":{"@id":"https:\/\/kapitalis.com\/tunisie\/2023\/04\/03\/tunisie-le-projet-du-reglement-interieur-remis-au-president-de-lassemblee\/#primaryimage"},"thumbnailUrl":"https:\/\/kapitalis.com\/tunisie\/wp-content\/uploads\/2023\/04\/ARP-reglement-interieur-r.jpg","datePublished":"2023-04-03T18:51:40+00:00","dateModified":"2023-04-03T19:05:33+00:00","description":"Le pr\u00e9sident de l'Assembl\u00e9e des repr\u00e9sentants du peuple (ARP) Brahim Bouderbala, a re\u00e7u ce lundi 3 avril 2023, la version finale du projet du r\u00e8glement int\u00e9rieur du parlement.","breadcrumb":{"@id":"https:\/\/kapitalis.com\/tunisie\/2023\/04\/03\/tunisie-le-projet-du-reglement-interieur-remis-au-president-de-lassemblee\/#breadcrumb"},"inLanguage":"fr-FR","potentialAction":[{"@type":"ReadAction","target":["https:\/\/kapitalis.com\/tunisie\/2023\/04\/03\/tunisie-le-projet-du-reglement-interieur-remis-au-president-de-lassemblee\/"]}]},{"@type":"ImageObject","inLanguage":"fr-FR","@id":"https:\/\/kapitalis.com\/tunisie\/2023\/04\/03\/tunisie-le-projet-du-reglement-interieur-remis-au-president-de-lassemblee\/#primaryimage","url":"https:\/\/kapitalis.com\/tunisie\/wp-content\/uploads\/2023\/04\/ARP-reglement-interieur-r.jpg","contentUrl":"https:\/\/kapitalis.com\/tunisie\/wp-content\/uploads\/2023\/04\/ARP-reglement-interieur-r.jpg","width":1200,"height":630},{"@type":"BreadcrumbList","@id":"https:\/\/kapitalis.com\/tunisie\/2023\/04\/03\/tunisie-le-projet-du-reglement-interieur-remis-au-president-de-lassemblee\/#breadcrumb","itemListElement":[{"@type":"ListItem","position":1,"name":"Accueil","item":"https:\/\/kapitalis.com\/tunisie\/"},{"@type":"ListItem","position":2,"name":"Tunisie : Le projet du r\u00e8glement int\u00e9rieur remis au pr\u00e9sident de l&rsquo;Assembl\u00e9e"}]},{"@type":"WebSite","@id":"https:\/\/kapitalis.com\/tunisie\/#website","url":"https:\/\/kapitalis.com\/tunisie\/","name":"Kapitalis","description":"L&#039;actualit\u00e9 en Tunisie et dans le monde","publisher":{"@id":"https:\/\/kapitalis.com\/tunisie\/#organization"},"potentialAction":[{"@type":"SearchAction","target":{"@type":"EntryPoint","urlTemplate":"https:\/\/kapitalis.com\/tunisie\/?s={search_term_string}"},"query-input":{"@type":"PropertyValueSpecification","valueRequired":true,"valueName":"search_term_string"}}],"inLanguage":"fr-FR"},{"@type":"Organization","@id":"https:\/\/kapitalis.com\/tunisie\/#organization","name":"Kapitalis","url":"https:\/\/kapitalis.com\/tunisie\/","logo":{"@type":"ImageObject","inLanguage":"fr-FR","@id":"https:\/\/kapitalis.com\/tunisie\/#\/schema\/logo\/image\/","url":"https:\/\/kapitalis.com\/tunisie\/wp-content\/uploads\/2022\/05\/Kapitalis-big-size.png","contentUrl":"https:\/\/kapitalis.com\/tunisie\/wp-content\/uploads\/2022\/05\/Kapitalis-big-size.png","width":5000,"height":1500,"caption":"Kapitalis"},"image":{"@id":"https:\/\/kapitalis.com\/tunisie\/#\/schema\/logo\/image\/"},"sameAs":["https:\/\/www.facebook.com\/KapitalisInfo\/","https:\/\/x.com\/KapitalisInfo","https:\/\/www.youtube.com\/channel\/UC-yDYrHyfFBWWZaOw3FPg9Q"]},{"@type":"Person","@id":"https:\/\/kapitalis.com\/tunisie\/#\/schema\/person\/74bbde0154d49d790a92aaeac5bc01d5","name":"Yusra NY","url":"https:\/\/kapitalis.com\/tunisie\/author\/yuza_adam\/"}]}},"_links":{"self":[{"href":"https:\/\/kapitalis.com\/tunisie\/wp-json\/wp\/v2\/posts\/7257884","targetHints":{"allow":["GET"]}}],"collection":[{"href":"https:\/\/kapitalis.com\/tunisie\/wp-json\/wp\/v2\/posts"}],"about":[{"href":"https:\/\/kapitalis.com\/tunisie\/wp-json\/wp\/v2\/types\/post"}],"author":[{"embeddable":true,"href":"https:\/\/kapitalis.com\/tunisie\/wp-json\/wp\/v2\/users\/6"}],"replies":[{"embeddable":true,"href":"https:\/\/kapitalis.com\/tunisie\/wp-json\/wp\/v2\/comments?post=7257884"}],"version-history":[{"count":3,"href":"https:\/\/kapitalis.com\/tunisie\/wp-json\/wp\/v2\/posts\/7257884\/revisions"}],"predecessor-version":[{"id":7258314,"href":"https:\/\/kapitalis.com\/tunisie\/wp-json\/wp\/v2\/posts\/7257884\/revisions\/7258314"}],"wp:featuredmedia":[{"embeddable":true,"href":"https:\/\/kapitalis.com\/tunisie\/wp-json\/wp\/v2\/media\/7257952"}],"wp:attachment":[{"href":"https:\/\/kapitalis.com\/tunisie\/wp-json\/wp\/v2\/media?parent=7257884"}],"wp:term":[{"taxonomy":"category","embeddable":true,"href":"https:\/\/kapitalis.com\/tunisie\/wp-json\/wp\/v2\/categories?post=7257884"},{"taxonomy":"post_tag","embeddable":true,"href":"https:\/\/kapitalis.com\/tunisie\/wp-json\/wp\/v2\/tags?post=7257884"}],"curies":[{"name":"wp","href":"https:\/\/api.w.org\/{rel}","templated":true}]}}