{"id":72607,"date":"2016-11-18T18:41:40","date_gmt":"2016-11-18T17:41:40","guid":{"rendered":"http:\/\/kapitalis.com\/tunisie\/?p=72607"},"modified":"2016-11-18T18:41:40","modified_gmt":"2016-11-18T17:41:40","slug":"polemique-autour-des-jcc-la-culture-face-a-la-mainmise-de-letat","status":"publish","type":"post","link":"https:\/\/kapitalis.com\/tunisie\/2016\/11\/18\/polemique-autour-des-jcc-la-culture-face-a-la-mainmise-de-letat\/","title":{"rendered":"Pol\u00e9mique autour des JCC : La culture face \u00e0 la mainmise de l\u2019Etat"},"content":{"rendered":"<p><img loading=\"lazy\" decoding=\"async\" class=\"alignnone size-full wp-image-72608 aligncenter\" src=\"http:\/\/kapitalis.com\/tunisie\/wp-content\/uploads\/2016\/11\/Ibrahim-Letaief-et-Mohamed-Zinelabidine.jpg\" alt=\"ibrahim-letaief-et-mohamed-zinelabidine\" width=\"626\" height=\"380\" \/><\/p>\n<p style=\"text-align: center;\"><em>Ibrahim Letaief et Mohamed Zinelabidine: au-del\u00e0 du clash, un probl\u00e8me de fond.<\/em><\/p>\n<p><em><strong>La pol\u00e9mique suscit\u00e9e par le limogeage du directeur des JCC 2016 remet sur la table le d\u00e9bat sur le r\u00f4le de l\u2019administration dans l\u2019organisation des manifestations culturelles.<\/strong><\/em><\/p>\n<p>Par <strong>Salah El-Gharbi<\/strong><\/p>\n<p><!--more--><\/p>\n<p>Une semaine apr\u00e8s la cl\u00f4ture des Journ\u00e9es cin\u00e9matographiques de Carthage (JCC 2016), la pol\u00e9mique \u00e0 propos de l\u2019organisation de cette manifestation dont on vient de f\u00eater le cinquantenaire n\u2019a cess\u00e9 d\u2019enfler pour s\u2019achever, provisoirement, par l\u2019\u00e9viction du directeur de sa derni\u00e8re \u00e9dition, le cin\u00e9aste Ibrahim Letaief, m\u00eame si ce dernier cherche \u00e0 persuader qui veut l\u2019entendre que sa d\u00e9mission aurait, en fait, pr\u00e9c\u00e9d\u00e9 cette \u00e9viction, et ce, avant m\u00eame qu\u2019il ait pr\u00e9sent\u00e9 les rapports moral et financier, cens\u00e9 achever sa mission.<\/p>\n<p>D\u2019ailleurs, cette d\u00e9cision du ministre des Affaires culturelles, Mohamed Zinelabidine, \u00e9tait attendue, compte tenu des d\u00e9clarations du directeur de la manifestation, samedi, sur les ondes de Mosa\u00efque FM, fustigeant l\u2019attitude du ministre \u00e0 son \u00e9gard en des termes peu respectueux.<\/p>\n<p><strong>Sortir des sentiers battus<\/strong><\/p>\n<p>Avec l\u2019ouverture, cette semaine, des Journ\u00e9es th\u00e9\u00e2trales de Carthage (JTC2016), cet \u00e9pisode malheureux voire m\u00eame path\u00e9tique n\u2019est pas de bon augure puisqu\u2019il en dit long sur l\u2019incapacit\u00e9 de l\u2019administration \u00e0 sortir des sentiers battus et \u00e0 tirer les le\u00e7ons des pr\u00e9c\u00e9dentes \u00e9ditions, en ce qui concerne, notamment, la gestion de ces manifestations internationales, qui requi\u00e8rent des moyens financiers, humains et logistiques assez importants et, surtout, des modes d\u2019organisation et des m\u00e9thodes de gestion flexibles et efficients inconnus de l\u2019administration publique.<\/p>\n<p>H\u00e9ritiers d\u2019une conception interventionniste \u00e9triqu\u00e9e, les responsables politiques et les hauts cadres de l\u2019administration publique se montrent souvent tatillons et susceptibles, cherchant plus \u00e0 se servir de l\u2019action culturelle pour redorer leur blason qu\u2019\u00e0 la servir r\u00e9ellement. D\u2019o\u00f9 le hiatus, l\u2019\u00e9cart voire le malentendu qui ont toujours s\u00e9par\u00e9 les acteurs culturels, qui ont la l\u00e9gitimit\u00e9 du savoir-faire, des responsables de la culture, qui, eux, se pr\u00e9valent de la l\u00e9gitimit\u00e9 des moyens, notamment logistiques et financiers.<\/p>\n<p>Pour cette ann\u00e9e, paradoxalement, la trop frileuse administration a pr\u00e9f\u00e9r\u00e9 nommer \u00e0 la t\u00eate des JCC un cin\u00e9aste connu pour son ind\u00e9pendance d\u2019esprit, esp\u00e9rant s\u2019\u00e9pargner ainsi les m\u00e9fiances et faire taire les critiques du milieu artistique et m\u00e9diatique. Mal lui a pris, puisqu\u2019elle s\u2019est retrouv\u00e9e la cible de tirs crois\u00e9s venant de toutes parts et \u00e9manant, surtout, de la personne m\u00eame \u00e0 qui elle avait confi\u00e9 l\u2019organisation de la manifestation.<\/p>\n<p><strong>Les contrecoups des bavures et des \u00e9checs<\/strong><\/p>\n<p>En refusant de c\u00e9der les rennes de la responsabilit\u00e9 des plus importantes manifestations culturelles organis\u00e9es dans le pays \u00e0 des organismes ind\u00e9pendants et comp\u00e9tents, de pr\u00e9f\u00e9rence priv\u00e9s, et en s\u2019obstinant \u00e0 vouloir les encadrer, de pr\u00e8s et de bout en bout, le minist\u00e8re des Affaires culturelles finit toujours par subir les contrecoups et les \u00e9claboussures des bavures et des \u00e9checs.<\/p>\n<p>La place d\u2019un cin\u00e9aste est, g\u00e9n\u00e9ralement, derri\u00e8re la cam\u00e9ra. Il peut \u00eatre utile dans l\u2019organisation gr\u00e2ce \u00e0 sa connaissance de son secteur, ses relations au sein de la profession et son riche carnet d\u2019adresses. Mais cela n\u2019en fait pas forc\u00e9ment un bon directeur de festival. Il faut donc accepter qu\u2019il t\u00e2tonne ou qu\u2019il commette des bourdes et que, pour les justifier, il se d\u00e9fausse sur les autres, notamment ses employeurs.<\/p>\n<p>Les artistes qui, par d\u00e9finition, ont un ego surdimensionn\u00e9, sont g\u00e9n\u00e9ralement aussi difficiles \u00e0 g\u00e9rer. Et, surtout, de mauvais gestionnaires. Par cons\u00e9quent, d\u00e9signer un artiste \u00e0 la t\u00eate d\u2019une manifestation internationale aussi importante que les JCC ne pouvait en garantir le succ\u00e8s. Le minist\u00e8re des Affaires culturelles en a d\u2019ailleurs souvent eu la preuve \u00e0 ses d\u00e9pens.<\/p>\n<p>Contrairement \u00e0 ce qu\u2019on est tent\u00e9 de penser, ce d\u00e9partement n\u2019est pas le plus facile \u00e0 g\u00e9rer. Pour le diriger, ni les qualifications acad\u00e9miques ni les dons artistiques ne suffisent. Sans une vision, un projet culturel cr\u00e9dible, port\u00e9 par une aura et un leadership personnels, il est difficile d\u2019y laisser son empreinte. Durant les cinq derni\u00e8res ann\u00e9es, plusieurs ministres se sont succ\u00e9d\u00e9 \u00e0 la t\u00eate de ce minist\u00e8re sans y laisser des traces ind\u00e9l\u00e9biles ni fait preuve d\u2019une r\u00e9elle volont\u00e9 de changement. Ils se sont tous content\u00e9s de le g\u00e9rer \u00e0 la petite semaine, marchant sur des \u0153ufs et essayant de faire le moins de vagues possible.<\/p>\n<p><strong>Revoir le r\u00f4le du minist\u00e8re des Affaires culturelles<\/strong><\/p>\n<p>Il est temps que ce d\u00e9partement, m\u00eame avec son petit budget, sorte des sentiers battus, s\u2019adapte \u00e0 l\u2019\u00e9volution rapide du monde, cesse de croire qu\u2019il peut faire la pluie et le beau temps dans un secteur qui appartient, plut\u00f4t, aux cr\u00e9ateurs et aux artistes. Il n\u2019appartient pas au minist\u00e8re d\u2019organiser des manifestations culturelles et d\u2019en d\u00e9signer les directeurs et les comit\u00e9s d\u2019organisation&#8230; Son r\u00f4le devrait se limiter \u00e0 parrainer les initiatives, \u00e0 les encourager et \u00e0 les accompagner.<\/p>\n<p>L\u2019Etat-omniscient et omnipotent n\u2019existe plus, c\u2019est une vue de l\u2019esprit. Une nouvelle \u00e8re s\u2019ouvre o\u00f9 le r\u00f4le d\u2019un minist\u00e8re des Affaires culturelles \u2013 si tant est qu\u2019il est indispensable, ce que beaucoup contestent \u2013 consiste seulement \u00e0 aider les porteurs de projets culturels \u00e0 d\u00e9passer les obstacles et \u00e0 mettre en route leurs projets en les entourant de toutes les conditions du succ\u00e8s. Vouloir dominer les cr\u00e9ateurs et les artistes et les r\u00e9duire au statut d\u2019assist\u00e9s, inf\u00e9od\u00e9s et dociles, participe d\u2019une approche d\u00e9pass\u00e9e et, surtout, improductive et qui n\u2019a jamais aid\u00e9 \u00e0 impulser la cr\u00e9ativit\u00e9 et \u00e0 doper l\u2019imagination.<\/p>\n","protected":false},"excerpt":{"rendered":"<p>Ibrahim Letaief et Mohamed Zinelabidine: au-del\u00e0 du clash, un probl\u00e8me de fond. La pol\u00e9mique suscit\u00e9e par le limogeage du directeur des JCC 2016 remet sur la table le d\u00e9bat sur le r\u00f4le de l\u2019administration dans l\u2019organisation des manifestations culturelles. Par Salah El-Gharbi<\/p>\n","protected":false},"author":8,"featured_media":72608,"comment_status":"open","ping_status":"open","sticky":false,"template":"","format":"standard","meta":{"footnotes":""},"categories":[992,994,2433],"tags":[14832,510,9145,22337,14831],"class_list":["post-72607","post","type-post","status-publish","format-standard","has-post-thumbnail","hentry","category-a-la-une","category-culture","category-tunisie","tag-ibrahim-letaief","tag-jcc","tag-journees-cinematographiques-de-carthage","tag-ministere-des-affaires-culturelles","tag-mohamed-zinelabidine"],"yoast_head":"<!-- This site is optimized with the Yoast SEO plugin v26.6 - https:\/\/yoast.com\/wordpress\/plugins\/seo\/ -->\n<title>Pol\u00e9mique autour des JCC : La culture face \u00e0 la mainmise de l\u2019Etat - Kapitalis<\/title>\n<meta name=\"robots\" content=\"index, follow, max-snippet:-1, max-image-preview:large, max-video-preview:-1\" \/>\n<link rel=\"canonical\" href=\"https:\/\/kapitalis.com\/tunisie\/2016\/11\/18\/polemique-autour-des-jcc-la-culture-face-a-la-mainmise-de-letat\/\" \/>\n<meta property=\"og:locale\" content=\"fr_FR\" \/>\n<meta property=\"og:type\" content=\"article\" \/>\n<meta property=\"og:title\" content=\"Pol\u00e9mique autour des JCC : La culture face \u00e0 la mainmise de l\u2019Etat - Kapitalis\" \/>\n<meta property=\"og:description\" content=\"Ibrahim Letaief et Mohamed Zinelabidine: au-del\u00e0 du clash, un probl\u00e8me de fond. La pol\u00e9mique suscit\u00e9e par le limogeage du directeur des JCC 2016 remet sur la table le d\u00e9bat sur le r\u00f4le de l\u2019administration dans l\u2019organisation des manifestations culturelles. Par Salah El-Gharbi\" \/>\n<meta property=\"og:url\" content=\"https:\/\/kapitalis.com\/tunisie\/2016\/11\/18\/polemique-autour-des-jcc-la-culture-face-a-la-mainmise-de-letat\/\" \/>\n<meta property=\"og:site_name\" content=\"Kapitalis\" \/>\n<meta property=\"article:publisher\" content=\"https:\/\/www.facebook.com\/KapitalisInfo\/\" \/>\n<meta property=\"article:published_time\" content=\"2016-11-18T17:41:40+00:00\" \/>\n<meta property=\"og:image\" content=\"https:\/\/kapitalis.com\/tunisie\/wp-content\/uploads\/2022\/05\/kapitalis-logo-fb.png\" \/>\n\t<meta property=\"og:image:width\" content=\"1200\" \/>\n\t<meta property=\"og:image:height\" content=\"630\" \/>\n\t<meta property=\"og:image:type\" content=\"image\/png\" \/>\n<meta name=\"author\" content=\"webmaster kapitalis\" \/>\n<meta name=\"twitter:card\" content=\"summary_large_image\" \/>\n<meta name=\"twitter:creator\" content=\"@KapitalisInfo\" \/>\n<meta name=\"twitter:site\" content=\"@KapitalisInfo\" \/>\n<meta name=\"twitter:label1\" content=\"\u00c9crit par\" \/>\n\t<meta name=\"twitter:data1\" content=\"webmaster kapitalis\" \/>\n\t<meta name=\"twitter:label2\" content=\"Dur\u00e9e de lecture estim\u00e9e\" \/>\n\t<meta name=\"twitter:data2\" content=\"5 minutes\" \/>\n<script type=\"application\/ld+json\" class=\"yoast-schema-graph\">{\"@context\":\"https:\/\/schema.org\",\"@graph\":[{\"@type\":\"Article\",\"@id\":\"https:\/\/kapitalis.com\/tunisie\/2016\/11\/18\/polemique-autour-des-jcc-la-culture-face-a-la-mainmise-de-letat\/#article\",\"isPartOf\":{\"@id\":\"https:\/\/kapitalis.com\/tunisie\/2016\/11\/18\/polemique-autour-des-jcc-la-culture-face-a-la-mainmise-de-letat\/\"},\"author\":{\"name\":\"webmaster kapitalis\",\"@id\":\"https:\/\/kapitalis.com\/tunisie\/#\/schema\/person\/d71f33a9ca44f7bad4698210b480c8e9\"},\"headline\":\"Pol\u00e9mique autour des JCC : La culture face \u00e0 la mainmise de l\u2019Etat\",\"datePublished\":\"2016-11-18T17:41:40+00:00\",\"mainEntityOfPage\":{\"@id\":\"https:\/\/kapitalis.com\/tunisie\/2016\/11\/18\/polemique-autour-des-jcc-la-culture-face-a-la-mainmise-de-letat\/\"},\"wordCount\":1033,\"commentCount\":0,\"publisher\":{\"@id\":\"https:\/\/kapitalis.com\/tunisie\/#organization\"},\"image\":{\"@id\":\"https:\/\/kapitalis.com\/tunisie\/2016\/11\/18\/polemique-autour-des-jcc-la-culture-face-a-la-mainmise-de-letat\/#primaryimage\"},\"thumbnailUrl\":\"\",\"keywords\":[\"Ibrahim Leta\u00efef\",\"JCC\",\"Journ\u00e9es cin\u00e9matographiques de Carthage\",\"minist\u00e8re des Affaires culturelles\",\"Mohamed Zinelabidine\"],\"articleSection\":[\"A LA UNE\",\"CULTURE\",\"Tunisie\"],\"inLanguage\":\"fr-FR\",\"potentialAction\":[{\"@type\":\"CommentAction\",\"name\":\"Comment\",\"target\":[\"https:\/\/kapitalis.com\/tunisie\/2016\/11\/18\/polemique-autour-des-jcc-la-culture-face-a-la-mainmise-de-letat\/#respond\"]}]},{\"@type\":\"WebPage\",\"@id\":\"https:\/\/kapitalis.com\/tunisie\/2016\/11\/18\/polemique-autour-des-jcc-la-culture-face-a-la-mainmise-de-letat\/\",\"url\":\"https:\/\/kapitalis.com\/tunisie\/2016\/11\/18\/polemique-autour-des-jcc-la-culture-face-a-la-mainmise-de-letat\/\",\"name\":\"Pol\u00e9mique autour des JCC : La culture face \u00e0 la mainmise de l\u2019Etat - Kapitalis\",\"isPartOf\":{\"@id\":\"https:\/\/kapitalis.com\/tunisie\/#website\"},\"primaryImageOfPage\":{\"@id\":\"https:\/\/kapitalis.com\/tunisie\/2016\/11\/18\/polemique-autour-des-jcc-la-culture-face-a-la-mainmise-de-letat\/#primaryimage\"},\"image\":{\"@id\":\"https:\/\/kapitalis.com\/tunisie\/2016\/11\/18\/polemique-autour-des-jcc-la-culture-face-a-la-mainmise-de-letat\/#primaryimage\"},\"thumbnailUrl\":\"\",\"datePublished\":\"2016-11-18T17:41:40+00:00\",\"breadcrumb\":{\"@id\":\"https:\/\/kapitalis.com\/tunisie\/2016\/11\/18\/polemique-autour-des-jcc-la-culture-face-a-la-mainmise-de-letat\/#breadcrumb\"},\"inLanguage\":\"fr-FR\",\"potentialAction\":[{\"@type\":\"ReadAction\",\"target\":[\"https:\/\/kapitalis.com\/tunisie\/2016\/11\/18\/polemique-autour-des-jcc-la-culture-face-a-la-mainmise-de-letat\/\"]}]},{\"@type\":\"ImageObject\",\"inLanguage\":\"fr-FR\",\"@id\":\"https:\/\/kapitalis.com\/tunisie\/2016\/11\/18\/polemique-autour-des-jcc-la-culture-face-a-la-mainmise-de-letat\/#primaryimage\",\"url\":\"\",\"contentUrl\":\"\"},{\"@type\":\"BreadcrumbList\",\"@id\":\"https:\/\/kapitalis.com\/tunisie\/2016\/11\/18\/polemique-autour-des-jcc-la-culture-face-a-la-mainmise-de-letat\/#breadcrumb\",\"itemListElement\":[{\"@type\":\"ListItem\",\"position\":1,\"name\":\"Accueil\",\"item\":\"https:\/\/kapitalis.com\/tunisie\/\"},{\"@type\":\"ListItem\",\"position\":2,\"name\":\"Pol\u00e9mique autour des JCC : La culture face \u00e0 la mainmise de l\u2019Etat\"}]},{\"@type\":\"WebSite\",\"@id\":\"https:\/\/kapitalis.com\/tunisie\/#website\",\"url\":\"https:\/\/kapitalis.com\/tunisie\/\",\"name\":\"Kapitalis\",\"description\":\"L&#039;actualit\u00e9 en Tunisie et dans le monde\",\"publisher\":{\"@id\":\"https:\/\/kapitalis.com\/tunisie\/#organization\"},\"potentialAction\":[{\"@type\":\"SearchAction\",\"target\":{\"@type\":\"EntryPoint\",\"urlTemplate\":\"https:\/\/kapitalis.com\/tunisie\/?s={search_term_string}\"},\"query-input\":{\"@type\":\"PropertyValueSpecification\",\"valueRequired\":true,\"valueName\":\"search_term_string\"}}],\"inLanguage\":\"fr-FR\"},{\"@type\":\"Organization\",\"@id\":\"https:\/\/kapitalis.com\/tunisie\/#organization\",\"name\":\"Kapitalis\",\"url\":\"https:\/\/kapitalis.com\/tunisie\/\",\"logo\":{\"@type\":\"ImageObject\",\"inLanguage\":\"fr-FR\",\"@id\":\"https:\/\/kapitalis.com\/tunisie\/#\/schema\/logo\/image\/\",\"url\":\"https:\/\/kapitalis.com\/tunisie\/wp-content\/uploads\/2022\/05\/Kapitalis-big-size.png\",\"contentUrl\":\"https:\/\/kapitalis.com\/tunisie\/wp-content\/uploads\/2022\/05\/Kapitalis-big-size.png\",\"width\":5000,\"height\":1500,\"caption\":\"Kapitalis\"},\"image\":{\"@id\":\"https:\/\/kapitalis.com\/tunisie\/#\/schema\/logo\/image\/\"},\"sameAs\":[\"https:\/\/www.facebook.com\/KapitalisInfo\/\",\"https:\/\/x.com\/KapitalisInfo\",\"https:\/\/www.youtube.com\/channel\/UC-yDYrHyfFBWWZaOw3FPg9Q\"]},{\"@type\":\"Person\",\"@id\":\"https:\/\/kapitalis.com\/tunisie\/#\/schema\/person\/d71f33a9ca44f7bad4698210b480c8e9\",\"name\":\"webmaster kapitalis\",\"url\":\"https:\/\/kapitalis.com\/tunisie\/author\/webmaster-kapitalis\/\"}]}<\/script>\n<!-- \/ Yoast SEO plugin. -->","yoast_head_json":{"title":"Pol\u00e9mique autour des JCC : La culture face \u00e0 la mainmise de l\u2019Etat - Kapitalis","robots":{"index":"index","follow":"follow","max-snippet":"max-snippet:-1","max-image-preview":"max-image-preview:large","max-video-preview":"max-video-preview:-1"},"canonical":"https:\/\/kapitalis.com\/tunisie\/2016\/11\/18\/polemique-autour-des-jcc-la-culture-face-a-la-mainmise-de-letat\/","og_locale":"fr_FR","og_type":"article","og_title":"Pol\u00e9mique autour des JCC : La culture face \u00e0 la mainmise de l\u2019Etat - Kapitalis","og_description":"Ibrahim Letaief et Mohamed Zinelabidine: au-del\u00e0 du clash, un probl\u00e8me de fond. La pol\u00e9mique suscit\u00e9e par le limogeage du directeur des JCC 2016 remet sur la table le d\u00e9bat sur le r\u00f4le de l\u2019administration dans l\u2019organisation des manifestations culturelles. Par Salah El-Gharbi","og_url":"https:\/\/kapitalis.com\/tunisie\/2016\/11\/18\/polemique-autour-des-jcc-la-culture-face-a-la-mainmise-de-letat\/","og_site_name":"Kapitalis","article_publisher":"https:\/\/www.facebook.com\/KapitalisInfo\/","article_published_time":"2016-11-18T17:41:40+00:00","og_image":[{"width":1200,"height":630,"url":"https:\/\/kapitalis.com\/tunisie\/wp-content\/uploads\/2022\/05\/kapitalis-logo-fb.png","type":"image\/png"}],"author":"webmaster kapitalis","twitter_card":"summary_large_image","twitter_creator":"@KapitalisInfo","twitter_site":"@KapitalisInfo","twitter_misc":{"\u00c9crit par":"webmaster kapitalis","Dur\u00e9e de lecture estim\u00e9e":"5 minutes"},"schema":{"@context":"https:\/\/schema.org","@graph":[{"@type":"Article","@id":"https:\/\/kapitalis.com\/tunisie\/2016\/11\/18\/polemique-autour-des-jcc-la-culture-face-a-la-mainmise-de-letat\/#article","isPartOf":{"@id":"https:\/\/kapitalis.com\/tunisie\/2016\/11\/18\/polemique-autour-des-jcc-la-culture-face-a-la-mainmise-de-letat\/"},"author":{"name":"webmaster kapitalis","@id":"https:\/\/kapitalis.com\/tunisie\/#\/schema\/person\/d71f33a9ca44f7bad4698210b480c8e9"},"headline":"Pol\u00e9mique autour des JCC : La culture face \u00e0 la mainmise de l\u2019Etat","datePublished":"2016-11-18T17:41:40+00:00","mainEntityOfPage":{"@id":"https:\/\/kapitalis.com\/tunisie\/2016\/11\/18\/polemique-autour-des-jcc-la-culture-face-a-la-mainmise-de-letat\/"},"wordCount":1033,"commentCount":0,"publisher":{"@id":"https:\/\/kapitalis.com\/tunisie\/#organization"},"image":{"@id":"https:\/\/kapitalis.com\/tunisie\/2016\/11\/18\/polemique-autour-des-jcc-la-culture-face-a-la-mainmise-de-letat\/#primaryimage"},"thumbnailUrl":"","keywords":["Ibrahim Leta\u00efef","JCC","Journ\u00e9es cin\u00e9matographiques de Carthage","minist\u00e8re des Affaires culturelles","Mohamed Zinelabidine"],"articleSection":["A LA UNE","CULTURE","Tunisie"],"inLanguage":"fr-FR","potentialAction":[{"@type":"CommentAction","name":"Comment","target":["https:\/\/kapitalis.com\/tunisie\/2016\/11\/18\/polemique-autour-des-jcc-la-culture-face-a-la-mainmise-de-letat\/#respond"]}]},{"@type":"WebPage","@id":"https:\/\/kapitalis.com\/tunisie\/2016\/11\/18\/polemique-autour-des-jcc-la-culture-face-a-la-mainmise-de-letat\/","url":"https:\/\/kapitalis.com\/tunisie\/2016\/11\/18\/polemique-autour-des-jcc-la-culture-face-a-la-mainmise-de-letat\/","name":"Pol\u00e9mique autour des JCC : La culture face \u00e0 la mainmise de l\u2019Etat - Kapitalis","isPartOf":{"@id":"https:\/\/kapitalis.com\/tunisie\/#website"},"primaryImageOfPage":{"@id":"https:\/\/kapitalis.com\/tunisie\/2016\/11\/18\/polemique-autour-des-jcc-la-culture-face-a-la-mainmise-de-letat\/#primaryimage"},"image":{"@id":"https:\/\/kapitalis.com\/tunisie\/2016\/11\/18\/polemique-autour-des-jcc-la-culture-face-a-la-mainmise-de-letat\/#primaryimage"},"thumbnailUrl":"","datePublished":"2016-11-18T17:41:40+00:00","breadcrumb":{"@id":"https:\/\/kapitalis.com\/tunisie\/2016\/11\/18\/polemique-autour-des-jcc-la-culture-face-a-la-mainmise-de-letat\/#breadcrumb"},"inLanguage":"fr-FR","potentialAction":[{"@type":"ReadAction","target":["https:\/\/kapitalis.com\/tunisie\/2016\/11\/18\/polemique-autour-des-jcc-la-culture-face-a-la-mainmise-de-letat\/"]}]},{"@type":"ImageObject","inLanguage":"fr-FR","@id":"https:\/\/kapitalis.com\/tunisie\/2016\/11\/18\/polemique-autour-des-jcc-la-culture-face-a-la-mainmise-de-letat\/#primaryimage","url":"","contentUrl":""},{"@type":"BreadcrumbList","@id":"https:\/\/kapitalis.com\/tunisie\/2016\/11\/18\/polemique-autour-des-jcc-la-culture-face-a-la-mainmise-de-letat\/#breadcrumb","itemListElement":[{"@type":"ListItem","position":1,"name":"Accueil","item":"https:\/\/kapitalis.com\/tunisie\/"},{"@type":"ListItem","position":2,"name":"Pol\u00e9mique autour des JCC : La culture face \u00e0 la mainmise de l\u2019Etat"}]},{"@type":"WebSite","@id":"https:\/\/kapitalis.com\/tunisie\/#website","url":"https:\/\/kapitalis.com\/tunisie\/","name":"Kapitalis","description":"L&#039;actualit\u00e9 en Tunisie et dans le monde","publisher":{"@id":"https:\/\/kapitalis.com\/tunisie\/#organization"},"potentialAction":[{"@type":"SearchAction","target":{"@type":"EntryPoint","urlTemplate":"https:\/\/kapitalis.com\/tunisie\/?s={search_term_string}"},"query-input":{"@type":"PropertyValueSpecification","valueRequired":true,"valueName":"search_term_string"}}],"inLanguage":"fr-FR"},{"@type":"Organization","@id":"https:\/\/kapitalis.com\/tunisie\/#organization","name":"Kapitalis","url":"https:\/\/kapitalis.com\/tunisie\/","logo":{"@type":"ImageObject","inLanguage":"fr-FR","@id":"https:\/\/kapitalis.com\/tunisie\/#\/schema\/logo\/image\/","url":"https:\/\/kapitalis.com\/tunisie\/wp-content\/uploads\/2022\/05\/Kapitalis-big-size.png","contentUrl":"https:\/\/kapitalis.com\/tunisie\/wp-content\/uploads\/2022\/05\/Kapitalis-big-size.png","width":5000,"height":1500,"caption":"Kapitalis"},"image":{"@id":"https:\/\/kapitalis.com\/tunisie\/#\/schema\/logo\/image\/"},"sameAs":["https:\/\/www.facebook.com\/KapitalisInfo\/","https:\/\/x.com\/KapitalisInfo","https:\/\/www.youtube.com\/channel\/UC-yDYrHyfFBWWZaOw3FPg9Q"]},{"@type":"Person","@id":"https:\/\/kapitalis.com\/tunisie\/#\/schema\/person\/d71f33a9ca44f7bad4698210b480c8e9","name":"webmaster kapitalis","url":"https:\/\/kapitalis.com\/tunisie\/author\/webmaster-kapitalis\/"}]}},"_links":{"self":[{"href":"https:\/\/kapitalis.com\/tunisie\/wp-json\/wp\/v2\/posts\/72607","targetHints":{"allow":["GET"]}}],"collection":[{"href":"https:\/\/kapitalis.com\/tunisie\/wp-json\/wp\/v2\/posts"}],"about":[{"href":"https:\/\/kapitalis.com\/tunisie\/wp-json\/wp\/v2\/types\/post"}],"author":[{"embeddable":true,"href":"https:\/\/kapitalis.com\/tunisie\/wp-json\/wp\/v2\/users\/8"}],"replies":[{"embeddable":true,"href":"https:\/\/kapitalis.com\/tunisie\/wp-json\/wp\/v2\/comments?post=72607"}],"version-history":[{"count":0,"href":"https:\/\/kapitalis.com\/tunisie\/wp-json\/wp\/v2\/posts\/72607\/revisions"}],"wp:featuredmedia":[{"embeddable":true,"href":"https:\/\/kapitalis.com\/tunisie\/wp-json\/wp\/v2\/media\/72608"}],"wp:attachment":[{"href":"https:\/\/kapitalis.com\/tunisie\/wp-json\/wp\/v2\/media?parent=72607"}],"wp:term":[{"taxonomy":"category","embeddable":true,"href":"https:\/\/kapitalis.com\/tunisie\/wp-json\/wp\/v2\/categories?post=72607"},{"taxonomy":"post_tag","embeddable":true,"href":"https:\/\/kapitalis.com\/tunisie\/wp-json\/wp\/v2\/tags?post=72607"}],"curies":[{"name":"wp","href":"https:\/\/api.w.org\/{rel}","templated":true}]}}