{"id":72613,"date":"2016-11-18T22:00:19","date_gmt":"2016-11-18T21:00:19","guid":{"rendered":"http:\/\/kapitalis.com\/tunisie\/?p=72613"},"modified":"2016-11-18T19:18:53","modified_gmt":"2016-11-18T18:18:53","slug":"bizerte-lescalade-du-djebel-nadhour","status":"publish","type":"post","link":"https:\/\/kapitalis.com\/tunisie\/2016\/11\/18\/bizerte-lescalade-du-djebel-nadhour\/","title":{"rendered":"Bizerte : L\u2019escalade du Djebel Nadhour"},"content":{"rendered":"<p><img loading=\"lazy\" decoding=\"async\" class=\"alignnone size-full wp-image-72614 aligncenter\" src=\"http:\/\/kapitalis.com\/tunisie\/wp-content\/uploads\/2016\/11\/Nadhour-Rafraf.jpg\" alt=\"nadhour-rafraf\" width=\"626\" height=\"380\" \/><\/p>\n<p><em><strong>Au sommet de la cr\u00eate du Djebel Nadhour, on admire la for\u00eat et la plage de Raf Raf, la plage de Sidi Ali El-Mekki et m\u00eame, par temps clair, les \u00eeles de Zembra et Zembretta.<\/strong><\/em><\/p>\n<p>Par <strong>Raja Skandrani<\/strong> *<\/p>\n<p><!--more--><\/p>\n<p><em><strong><img loading=\"lazy\" decoding=\"async\" class=\"alignleft wp-image-72623\" src=\"http:\/\/kapitalis.com\/tunisie\/wp-content\/uploads\/2016\/11\/Raja-Skandrani.jpg\" alt=\"raja-skandrani\" width=\"200\" height=\"231\" \/><\/strong><\/em><\/p>\n<p>&nbsp;<\/p>\n<p><em><strong>Comment s\u2019y rendre<\/strong><\/em><\/p>\n<p>Quitter Tunis par la sortie Nord en direction de Bizerte. Emprunter au choix, soit la nationale soit l\u2019autoroute jusqu\u2019\u00e0 Raf Raf. Une fois en ville, prendre \u00e0 l\u2019indication \u00e0 droite, en direction de la plage et \u00e0 la bifurcation suivante serrer \u00e0 droite en suivant la route qui m\u00e8ne in\u00e9vitablement \u00e0 la for\u00eat de Raf Raf. C\u2019est \u00e0 partir de l\u2019entr\u00e9e de la for\u00eat que commence la randonn\u00e9e.<\/p>\n<p>&nbsp;<\/p>\n<p><em><strong>Itin\u00e9raire p\u00e9destre<\/strong><\/em><\/p>\n<p>Suivre la piste principale que s\u2019enfonce dans la for\u00eat. Large et sablonneuse en d\u00e9but de parcours, la piste se r\u00e9tr\u00e9cit au fur et \u00e0 mesure que progresse l\u2019escalade du Djebel Nadhour. Continuer jusqu&rsquo;au sommet de la cr\u00eate.<\/p>\n<p style=\"text-align: center;\"><img loading=\"lazy\" decoding=\"async\" class=\"alignnone size-full wp-image-72625\" src=\"http:\/\/kapitalis.com\/tunisie\/wp-content\/uploads\/2016\/11\/Nadhour-Rafraf-2.jpg\" alt=\"nadhour-rafraf-2\" width=\"500\" height=\"300\" \/><\/p>\n<p>Pour ceux qui en veulent plus, il est possible, une fois sur la cr\u00eate de se diriger vers la pointe du cap et descendre jusqu\u2019\u00e0 la plage de Sidi Ali El-Mekki.<\/p>\n<p style=\"text-align: center;\"><img loading=\"lazy\" decoding=\"async\" class=\"alignnone size-full wp-image-72624\" src=\"http:\/\/kapitalis.com\/tunisie\/wp-content\/uploads\/2016\/11\/Nadhour-Raf-Raf-3.jpg\" alt=\"nadhour-raf-raf-3\" width=\"500\" height=\"300\" \/><\/p>\n<p><em><strong>Descriptif des lieux<\/strong><\/em><\/p>\n<p>La for\u00eat de Raf Raf qui s\u2019\u00e9tend de la mer jusqu\u2019\u00e0 la cr\u00eate de la montagne couvre une superficie de 1 295,25 hectares principalement bois\u00e9s de pins. Tout en escaladant la montagne, on peut admirer le rocher de Pilau qui dresse ses falaises verticales en face de la ville, l&rsquo;h\u00e9micycle de sable de la plage de Raf Raf et d\u00e9couvrir toute la c\u00f4te jusqu\u2019\u00e0 la pointe du Cap Zebib.<\/p>\n<p style=\"text-align: center;\"><img loading=\"lazy\" decoding=\"async\" class=\"alignnone size-full wp-image-72621\" src=\"http:\/\/kapitalis.com\/tunisie\/wp-content\/uploads\/2016\/11\/Nadhour-4.jpg\" alt=\"nadhour-4\" width=\"500\" height=\"300\" \/><\/p>\n<p>Mais c\u2019est au sommet et \u00e0 la pointe du Rass Sidi Ali El-Mekki que la vue est imprenable. Par temps clair, on peut admirer du haut des 325 m\u00e8tres, l\u2019\u00eele plane qui abrite un phare et un peu plus loin les \u00eeles de Zembra et Zembretta. \u00c0 droite, s\u2019\u00e9tend tout le Golfe de Tunis et la c\u00f4te Nord de la p\u00e9ninsule du Cap Bon. On distinguera, tour \u00e0 tour, Korbous, la plaine de Soliman, la colline de Sidi Bou Said et la Marsa avec en arri\u00e8re plan les montagnes du Boukornine et du Ressass.<\/p>\n<p style=\"text-align: center;\"><img loading=\"lazy\" decoding=\"async\" class=\"alignnone size-full wp-image-72622\" src=\"http:\/\/kapitalis.com\/tunisie\/wp-content\/uploads\/2016\/11\/Nadhour-Heliantheme-blanc.jpg\" alt=\"nadhour-heliantheme-blanc\" width=\"500\" height=\"300\" \/><\/p>\n<p><em><strong>H\u00e9lianth\u00e8me blanc<\/strong><\/em><br \/>\nCette plante m\u00e9diterran\u00e9enne originaire d\u2019Afrique du Nord et qu\u2019on peut rencontrer m\u00eame en montagne, est un arbrisseau mesurant une cinquantaine de centim\u00e8tres et poss\u00e8de un port tr\u00e8s \u00e9tal\u00e9. Son feuillage est vert et poilu. Elle pousse tr\u00e8s bien en rocaille ou en bordure de chemin. Ses fleurs de 30 mm de diam\u00e8tre poss\u00e8dent 5 p\u00e9tales blancs avec un onglet jaune. Les s\u00e9pales sont couverts de tr\u00e8s petits poils \u00e9toil\u00e9s et ont un aspect chiffonn\u00e9. C\u2019est une plante qui qui supporte tr\u00e8s bien la s\u00e9cheresse.<\/p>\n<p><em>* Editeur de \u00ab\u00a0Saisons Tunisiennes\u00a0\u00bb.<\/em><\/p>\n","protected":false},"excerpt":{"rendered":"<p>Au sommet de la cr\u00eate du Djebel Nadhour, on admire la for\u00eat et la plage de Raf Raf, la plage de Sidi Ali El-Mekki et m\u00eame, par temps clair, les \u00eeles de Zembra et Zembretta. Par Raja Skandrani *<\/p>\n","protected":false},"author":8,"featured_media":72614,"comment_status":"open","ping_status":"open","sticky":false,"template":"","format":"standard","meta":{"footnotes":""},"categories":[992,24928,2433],"tags":[23416],"class_list":["post-72613","post","type-post","status-publish","format-standard","has-post-thumbnail","hentry","category-a-la-une","category-randonnee","category-tunisie","tag-sidi-ali-el-mekki"],"yoast_head":"<!-- This site is optimized with the Yoast SEO plugin v26.6 - https:\/\/yoast.com\/wordpress\/plugins\/seo\/ -->\n<title>Bizerte : L\u2019escalade du Djebel Nadhour - Kapitalis<\/title>\n<meta name=\"robots\" content=\"index, follow, max-snippet:-1, max-image-preview:large, max-video-preview:-1\" \/>\n<link rel=\"canonical\" href=\"https:\/\/kapitalis.com\/tunisie\/2016\/11\/18\/bizerte-lescalade-du-djebel-nadhour\/\" \/>\n<meta property=\"og:locale\" content=\"fr_FR\" \/>\n<meta property=\"og:type\" content=\"article\" \/>\n<meta property=\"og:title\" content=\"Bizerte : L\u2019escalade du Djebel Nadhour - Kapitalis\" \/>\n<meta property=\"og:description\" content=\"Au sommet de la cr\u00eate du Djebel Nadhour, on admire la for\u00eat et la plage de Raf Raf, la plage de Sidi Ali El-Mekki et m\u00eame, par temps clair, les \u00eeles de Zembra et Zembretta. Par Raja Skandrani *\" \/>\n<meta property=\"og:url\" content=\"https:\/\/kapitalis.com\/tunisie\/2016\/11\/18\/bizerte-lescalade-du-djebel-nadhour\/\" \/>\n<meta property=\"og:site_name\" content=\"Kapitalis\" \/>\n<meta property=\"article:publisher\" content=\"https:\/\/www.facebook.com\/KapitalisInfo\/\" \/>\n<meta property=\"article:published_time\" content=\"2016-11-18T21:00:19+00:00\" \/>\n<meta property=\"og:image\" content=\"https:\/\/kapitalis.com\/tunisie\/wp-content\/uploads\/2022\/05\/kapitalis-logo-fb.png\" \/>\n\t<meta property=\"og:image:width\" content=\"1200\" \/>\n\t<meta property=\"og:image:height\" content=\"630\" \/>\n\t<meta property=\"og:image:type\" content=\"image\/png\" \/>\n<meta name=\"author\" content=\"webmaster kapitalis\" \/>\n<meta name=\"twitter:card\" content=\"summary_large_image\" \/>\n<meta name=\"twitter:creator\" content=\"@KapitalisInfo\" \/>\n<meta name=\"twitter:site\" content=\"@KapitalisInfo\" \/>\n<meta name=\"twitter:label1\" content=\"\u00c9crit par\" \/>\n\t<meta name=\"twitter:data1\" content=\"webmaster kapitalis\" \/>\n\t<meta name=\"twitter:label2\" content=\"Dur\u00e9e de lecture estim\u00e9e\" \/>\n\t<meta name=\"twitter:data2\" content=\"2 minutes\" \/>\n<script type=\"application\/ld+json\" class=\"yoast-schema-graph\">{\"@context\":\"https:\/\/schema.org\",\"@graph\":[{\"@type\":\"Article\",\"@id\":\"https:\/\/kapitalis.com\/tunisie\/2016\/11\/18\/bizerte-lescalade-du-djebel-nadhour\/#article\",\"isPartOf\":{\"@id\":\"https:\/\/kapitalis.com\/tunisie\/2016\/11\/18\/bizerte-lescalade-du-djebel-nadhour\/\"},\"author\":{\"name\":\"webmaster kapitalis\",\"@id\":\"https:\/\/kapitalis.com\/tunisie\/#\/schema\/person\/d71f33a9ca44f7bad4698210b480c8e9\"},\"headline\":\"Bizerte : L\u2019escalade du Djebel Nadhour\",\"datePublished\":\"2016-11-18T21:00:19+00:00\",\"mainEntityOfPage\":{\"@id\":\"https:\/\/kapitalis.com\/tunisie\/2016\/11\/18\/bizerte-lescalade-du-djebel-nadhour\/\"},\"wordCount\":486,\"commentCount\":1,\"publisher\":{\"@id\":\"https:\/\/kapitalis.com\/tunisie\/#organization\"},\"image\":{\"@id\":\"https:\/\/kapitalis.com\/tunisie\/2016\/11\/18\/bizerte-lescalade-du-djebel-nadhour\/#primaryimage\"},\"thumbnailUrl\":\"\",\"keywords\":[\"Sidi Ali El-Mekki\"],\"articleSection\":[\"A LA UNE\",\"Randonn\u00e9e\",\"Tunisie\"],\"inLanguage\":\"fr-FR\",\"potentialAction\":[{\"@type\":\"CommentAction\",\"name\":\"Comment\",\"target\":[\"https:\/\/kapitalis.com\/tunisie\/2016\/11\/18\/bizerte-lescalade-du-djebel-nadhour\/#respond\"]}]},{\"@type\":\"WebPage\",\"@id\":\"https:\/\/kapitalis.com\/tunisie\/2016\/11\/18\/bizerte-lescalade-du-djebel-nadhour\/\",\"url\":\"https:\/\/kapitalis.com\/tunisie\/2016\/11\/18\/bizerte-lescalade-du-djebel-nadhour\/\",\"name\":\"Bizerte : L\u2019escalade du Djebel Nadhour - Kapitalis\",\"isPartOf\":{\"@id\":\"https:\/\/kapitalis.com\/tunisie\/#website\"},\"primaryImageOfPage\":{\"@id\":\"https:\/\/kapitalis.com\/tunisie\/2016\/11\/18\/bizerte-lescalade-du-djebel-nadhour\/#primaryimage\"},\"image\":{\"@id\":\"https:\/\/kapitalis.com\/tunisie\/2016\/11\/18\/bizerte-lescalade-du-djebel-nadhour\/#primaryimage\"},\"thumbnailUrl\":\"\",\"datePublished\":\"2016-11-18T21:00:19+00:00\",\"breadcrumb\":{\"@id\":\"https:\/\/kapitalis.com\/tunisie\/2016\/11\/18\/bizerte-lescalade-du-djebel-nadhour\/#breadcrumb\"},\"inLanguage\":\"fr-FR\",\"potentialAction\":[{\"@type\":\"ReadAction\",\"target\":[\"https:\/\/kapitalis.com\/tunisie\/2016\/11\/18\/bizerte-lescalade-du-djebel-nadhour\/\"]}]},{\"@type\":\"ImageObject\",\"inLanguage\":\"fr-FR\",\"@id\":\"https:\/\/kapitalis.com\/tunisie\/2016\/11\/18\/bizerte-lescalade-du-djebel-nadhour\/#primaryimage\",\"url\":\"\",\"contentUrl\":\"\"},{\"@type\":\"BreadcrumbList\",\"@id\":\"https:\/\/kapitalis.com\/tunisie\/2016\/11\/18\/bizerte-lescalade-du-djebel-nadhour\/#breadcrumb\",\"itemListElement\":[{\"@type\":\"ListItem\",\"position\":1,\"name\":\"Accueil\",\"item\":\"https:\/\/kapitalis.com\/tunisie\/\"},{\"@type\":\"ListItem\",\"position\":2,\"name\":\"Bizerte : L\u2019escalade du Djebel Nadhour\"}]},{\"@type\":\"WebSite\",\"@id\":\"https:\/\/kapitalis.com\/tunisie\/#website\",\"url\":\"https:\/\/kapitalis.com\/tunisie\/\",\"name\":\"Kapitalis\",\"description\":\"L&#039;actualit\u00e9 en Tunisie et dans le monde\",\"publisher\":{\"@id\":\"https:\/\/kapitalis.com\/tunisie\/#organization\"},\"potentialAction\":[{\"@type\":\"SearchAction\",\"target\":{\"@type\":\"EntryPoint\",\"urlTemplate\":\"https:\/\/kapitalis.com\/tunisie\/?s={search_term_string}\"},\"query-input\":{\"@type\":\"PropertyValueSpecification\",\"valueRequired\":true,\"valueName\":\"search_term_string\"}}],\"inLanguage\":\"fr-FR\"},{\"@type\":\"Organization\",\"@id\":\"https:\/\/kapitalis.com\/tunisie\/#organization\",\"name\":\"Kapitalis\",\"url\":\"https:\/\/kapitalis.com\/tunisie\/\",\"logo\":{\"@type\":\"ImageObject\",\"inLanguage\":\"fr-FR\",\"@id\":\"https:\/\/kapitalis.com\/tunisie\/#\/schema\/logo\/image\/\",\"url\":\"https:\/\/kapitalis.com\/tunisie\/wp-content\/uploads\/2022\/05\/Kapitalis-big-size.png\",\"contentUrl\":\"https:\/\/kapitalis.com\/tunisie\/wp-content\/uploads\/2022\/05\/Kapitalis-big-size.png\",\"width\":5000,\"height\":1500,\"caption\":\"Kapitalis\"},\"image\":{\"@id\":\"https:\/\/kapitalis.com\/tunisie\/#\/schema\/logo\/image\/\"},\"sameAs\":[\"https:\/\/www.facebook.com\/KapitalisInfo\/\",\"https:\/\/x.com\/KapitalisInfo\",\"https:\/\/www.youtube.com\/channel\/UC-yDYrHyfFBWWZaOw3FPg9Q\"]},{\"@type\":\"Person\",\"@id\":\"https:\/\/kapitalis.com\/tunisie\/#\/schema\/person\/d71f33a9ca44f7bad4698210b480c8e9\",\"name\":\"webmaster kapitalis\",\"url\":\"https:\/\/kapitalis.com\/tunisie\/author\/webmaster-kapitalis\/\"}]}<\/script>\n<!-- \/ Yoast SEO plugin. -->","yoast_head_json":{"title":"Bizerte : L\u2019escalade du Djebel Nadhour - Kapitalis","robots":{"index":"index","follow":"follow","max-snippet":"max-snippet:-1","max-image-preview":"max-image-preview:large","max-video-preview":"max-video-preview:-1"},"canonical":"https:\/\/kapitalis.com\/tunisie\/2016\/11\/18\/bizerte-lescalade-du-djebel-nadhour\/","og_locale":"fr_FR","og_type":"article","og_title":"Bizerte : L\u2019escalade du Djebel Nadhour - Kapitalis","og_description":"Au sommet de la cr\u00eate du Djebel Nadhour, on admire la for\u00eat et la plage de Raf Raf, la plage de Sidi Ali El-Mekki et m\u00eame, par temps clair, les \u00eeles de Zembra et Zembretta. Par Raja Skandrani *","og_url":"https:\/\/kapitalis.com\/tunisie\/2016\/11\/18\/bizerte-lescalade-du-djebel-nadhour\/","og_site_name":"Kapitalis","article_publisher":"https:\/\/www.facebook.com\/KapitalisInfo\/","article_published_time":"2016-11-18T21:00:19+00:00","og_image":[{"width":1200,"height":630,"url":"https:\/\/kapitalis.com\/tunisie\/wp-content\/uploads\/2022\/05\/kapitalis-logo-fb.png","type":"image\/png"}],"author":"webmaster kapitalis","twitter_card":"summary_large_image","twitter_creator":"@KapitalisInfo","twitter_site":"@KapitalisInfo","twitter_misc":{"\u00c9crit par":"webmaster kapitalis","Dur\u00e9e de lecture estim\u00e9e":"2 minutes"},"schema":{"@context":"https:\/\/schema.org","@graph":[{"@type":"Article","@id":"https:\/\/kapitalis.com\/tunisie\/2016\/11\/18\/bizerte-lescalade-du-djebel-nadhour\/#article","isPartOf":{"@id":"https:\/\/kapitalis.com\/tunisie\/2016\/11\/18\/bizerte-lescalade-du-djebel-nadhour\/"},"author":{"name":"webmaster kapitalis","@id":"https:\/\/kapitalis.com\/tunisie\/#\/schema\/person\/d71f33a9ca44f7bad4698210b480c8e9"},"headline":"Bizerte : L\u2019escalade du Djebel Nadhour","datePublished":"2016-11-18T21:00:19+00:00","mainEntityOfPage":{"@id":"https:\/\/kapitalis.com\/tunisie\/2016\/11\/18\/bizerte-lescalade-du-djebel-nadhour\/"},"wordCount":486,"commentCount":1,"publisher":{"@id":"https:\/\/kapitalis.com\/tunisie\/#organization"},"image":{"@id":"https:\/\/kapitalis.com\/tunisie\/2016\/11\/18\/bizerte-lescalade-du-djebel-nadhour\/#primaryimage"},"thumbnailUrl":"","keywords":["Sidi Ali El-Mekki"],"articleSection":["A LA UNE","Randonn\u00e9e","Tunisie"],"inLanguage":"fr-FR","potentialAction":[{"@type":"CommentAction","name":"Comment","target":["https:\/\/kapitalis.com\/tunisie\/2016\/11\/18\/bizerte-lescalade-du-djebel-nadhour\/#respond"]}]},{"@type":"WebPage","@id":"https:\/\/kapitalis.com\/tunisie\/2016\/11\/18\/bizerte-lescalade-du-djebel-nadhour\/","url":"https:\/\/kapitalis.com\/tunisie\/2016\/11\/18\/bizerte-lescalade-du-djebel-nadhour\/","name":"Bizerte : L\u2019escalade du Djebel Nadhour - Kapitalis","isPartOf":{"@id":"https:\/\/kapitalis.com\/tunisie\/#website"},"primaryImageOfPage":{"@id":"https:\/\/kapitalis.com\/tunisie\/2016\/11\/18\/bizerte-lescalade-du-djebel-nadhour\/#primaryimage"},"image":{"@id":"https:\/\/kapitalis.com\/tunisie\/2016\/11\/18\/bizerte-lescalade-du-djebel-nadhour\/#primaryimage"},"thumbnailUrl":"","datePublished":"2016-11-18T21:00:19+00:00","breadcrumb":{"@id":"https:\/\/kapitalis.com\/tunisie\/2016\/11\/18\/bizerte-lescalade-du-djebel-nadhour\/#breadcrumb"},"inLanguage":"fr-FR","potentialAction":[{"@type":"ReadAction","target":["https:\/\/kapitalis.com\/tunisie\/2016\/11\/18\/bizerte-lescalade-du-djebel-nadhour\/"]}]},{"@type":"ImageObject","inLanguage":"fr-FR","@id":"https:\/\/kapitalis.com\/tunisie\/2016\/11\/18\/bizerte-lescalade-du-djebel-nadhour\/#primaryimage","url":"","contentUrl":""},{"@type":"BreadcrumbList","@id":"https:\/\/kapitalis.com\/tunisie\/2016\/11\/18\/bizerte-lescalade-du-djebel-nadhour\/#breadcrumb","itemListElement":[{"@type":"ListItem","position":1,"name":"Accueil","item":"https:\/\/kapitalis.com\/tunisie\/"},{"@type":"ListItem","position":2,"name":"Bizerte : L\u2019escalade du Djebel Nadhour"}]},{"@type":"WebSite","@id":"https:\/\/kapitalis.com\/tunisie\/#website","url":"https:\/\/kapitalis.com\/tunisie\/","name":"Kapitalis","description":"L&#039;actualit\u00e9 en Tunisie et dans le monde","publisher":{"@id":"https:\/\/kapitalis.com\/tunisie\/#organization"},"potentialAction":[{"@type":"SearchAction","target":{"@type":"EntryPoint","urlTemplate":"https:\/\/kapitalis.com\/tunisie\/?s={search_term_string}"},"query-input":{"@type":"PropertyValueSpecification","valueRequired":true,"valueName":"search_term_string"}}],"inLanguage":"fr-FR"},{"@type":"Organization","@id":"https:\/\/kapitalis.com\/tunisie\/#organization","name":"Kapitalis","url":"https:\/\/kapitalis.com\/tunisie\/","logo":{"@type":"ImageObject","inLanguage":"fr-FR","@id":"https:\/\/kapitalis.com\/tunisie\/#\/schema\/logo\/image\/","url":"https:\/\/kapitalis.com\/tunisie\/wp-content\/uploads\/2022\/05\/Kapitalis-big-size.png","contentUrl":"https:\/\/kapitalis.com\/tunisie\/wp-content\/uploads\/2022\/05\/Kapitalis-big-size.png","width":5000,"height":1500,"caption":"Kapitalis"},"image":{"@id":"https:\/\/kapitalis.com\/tunisie\/#\/schema\/logo\/image\/"},"sameAs":["https:\/\/www.facebook.com\/KapitalisInfo\/","https:\/\/x.com\/KapitalisInfo","https:\/\/www.youtube.com\/channel\/UC-yDYrHyfFBWWZaOw3FPg9Q"]},{"@type":"Person","@id":"https:\/\/kapitalis.com\/tunisie\/#\/schema\/person\/d71f33a9ca44f7bad4698210b480c8e9","name":"webmaster kapitalis","url":"https:\/\/kapitalis.com\/tunisie\/author\/webmaster-kapitalis\/"}]}},"_links":{"self":[{"href":"https:\/\/kapitalis.com\/tunisie\/wp-json\/wp\/v2\/posts\/72613","targetHints":{"allow":["GET"]}}],"collection":[{"href":"https:\/\/kapitalis.com\/tunisie\/wp-json\/wp\/v2\/posts"}],"about":[{"href":"https:\/\/kapitalis.com\/tunisie\/wp-json\/wp\/v2\/types\/post"}],"author":[{"embeddable":true,"href":"https:\/\/kapitalis.com\/tunisie\/wp-json\/wp\/v2\/users\/8"}],"replies":[{"embeddable":true,"href":"https:\/\/kapitalis.com\/tunisie\/wp-json\/wp\/v2\/comments?post=72613"}],"version-history":[{"count":0,"href":"https:\/\/kapitalis.com\/tunisie\/wp-json\/wp\/v2\/posts\/72613\/revisions"}],"wp:featuredmedia":[{"embeddable":true,"href":"https:\/\/kapitalis.com\/tunisie\/wp-json\/wp\/v2\/media\/72614"}],"wp:attachment":[{"href":"https:\/\/kapitalis.com\/tunisie\/wp-json\/wp\/v2\/media?parent=72613"}],"wp:term":[{"taxonomy":"category","embeddable":true,"href":"https:\/\/kapitalis.com\/tunisie\/wp-json\/wp\/v2\/categories?post=72613"},{"taxonomy":"post_tag","embeddable":true,"href":"https:\/\/kapitalis.com\/tunisie\/wp-json\/wp\/v2\/tags?post=72613"}],"curies":[{"name":"wp","href":"https:\/\/api.w.org\/{rel}","templated":true}]}}